{"id":230286,"date":"2023-07-05T12:50:44","date_gmt":"2023-07-05T15:50:44","guid":{"rendered":"https:\/\/diariotextual.com\/inicio\/?p=230286"},"modified":"2023-07-05T17:58:42","modified_gmt":"2023-07-05T20:58:42","slug":"manejaba-alcoholizado-volco-murio-su-amigo-y-ahora-fue-condenado","status":"publish","type":"post","link":"https:\/\/diariotextual.com\/inicio\/index.php\/2023\/07\/05\/manejaba-alcoholizado-volco-murio-su-amigo-y-ahora-fue-condenado\/","title":{"rendered":"Manejaba alcoholizado, volc\u00f3, muri\u00f3 su amigo y ahora fue condenado"},"content":{"rendered":"\n<p>En el marco de un acuerdo de juicio abreviado, el juez de control de General Pico, Alejandro Gilardenghi, conden\u00f3 a un joven de 18 a\u00f1os como autor material y penalmente responsable del delito de homicidio culposo ocasionado por la conducci\u00f3n imprudente y antirreglamentaria de un veh\u00edculo con motor, a las penas de dos a\u00f1os de prisi\u00f3n de ejecuci\u00f3n condicional e inhabilitaci\u00f3n especial para conducir veh\u00edculos con motor por el t\u00e9rmino de seis a\u00f1os.<\/p>\n\n\n\n<p>Tambi\u00e9n le impuso las siguientes reglas de conducta por el t\u00e9rmino de dos a\u00f1os: fijar domicilio o residencia, abstenerse de abusar del consumo de bebidas alcoh\u00f3licas, someterse a la observancia de las reglas de conducta por el juez de ejecuci\u00f3n penal y al cuidado y contralor del Ente de Pol\u00edticas Socializadoras y Unidad de Abordaje.<\/p>\n\n\n\n<p>El acuerdo fue presentado por el fiscal Juna Ignacio Pellegrino, el defensor oficial H\u00e9ctor Freigedo y el imputado.\u00a0El hecho ocurri\u00f3 el 7 de octubre de 2022, a las 2.30 horas aproximadamente, cuando Franco M. conduc\u00eda alcoholizado (con 0,71 g\/L) un autom\u00f3vil &#8211; acompa\u00f1ado de una persona en el asiento trasero\u00a0y otra persona en el asiento del acompa\u00f1ante del conductor-,por ruta provincial N\u00ba 9. <\/p>\n\n\n\n<p>Entre los kil\u00f3metros 34 y 35, perdi\u00f3 el control de dicho veh\u00edculo, lo que produjo su vuelco, y qued\u00f3 en posici\u00f3n final con sus cuatro ruedas hacia arriba.<\/p>\n\n\n\n<p>Como consecuencia del hecho, se produjo el deceso de la persona que se trasladaba en el asiento del acompa\u00f1ante. En tanto, quien se trasladaba en el asiento trasero sufri\u00f3 escoriaci\u00f3n en dorso superior derecho y en zona lumbar izquierda, de acuerdo a lo informado por certificado m\u00e9dico.<\/p>\n","protected":false},"excerpt":{"rendered":"<p>En el marco de un acuerdo de juicio abreviado, el juez de control de General Pico, Alejandro Gilardenghi, conden\u00f3 a un joven de 18 a\u00f1os como autor material y penalmente&hellip;<\/p>\n","protected":false},"author":3,"featured_media":230290,"comment_status":"closed","ping_status":"open","sticky":false,"template":"","format":"standard","meta":{"_acf_changed":false,"footnotes":""},"categories":[1,12],"tags":[],"class_list":["post-230286","post","type-post","status-publish","format-standard","has-post-thumbnail","hentry","category-es-noticia","category-sociedad"],"acf":[],"yoast_head":"<!-- This site is optimized with the Yoast SEO plugin v27.5 - https:\/\/yoast.com\/product\/yoast-seo-wordpress\/ -->\n<title>Manejaba alcoholizado, volc\u00f3, muri\u00f3 su amigo y ahora fue condenado - Diario Textual<\/title>\n<meta name=\"robots\" content=\"index, follow, max-snippet:-1, max-image-preview:large, max-video-preview:-1\" \/>\n<link rel=\"canonical\" href=\"https:\/\/diariotextual.com\/inicio\/index.php\/2023\/07\/05\/manejaba-alcoholizado-volco-murio-su-amigo-y-ahora-fue-condenado\/\" \/>\n<meta property=\"og:locale\" content=\"es_ES\" \/>\n<meta property=\"og:type\" content=\"article\" \/>\n<meta property=\"og:title\" content=\"Manejaba alcoholizado, volc\u00f3, muri\u00f3 su amigo y ahora fue condenado - Diario Textual\" \/>\n<meta property=\"og:description\" content=\"En el marco de un acuerdo de juicio abreviado, el juez de control de General Pico, Alejandro Gilardenghi, conden\u00f3 a un joven de 18 a\u00f1os como autor material y penalmente&hellip;\" \/>\n<meta property=\"og:url\" content=\"https:\/\/diariotextual.com\/inicio\/index.php\/2023\/07\/05\/manejaba-alcoholizado-volco-murio-su-amigo-y-ahora-fue-condenado\/\" \/>\n<meta property=\"og:site_name\" content=\"Diario Textual\" \/>\n<meta property=\"article:publisher\" content=\"https:\/\/www.facebook.com\/eltextual\" \/>\n<meta property=\"article:published_time\" content=\"2023-07-05T15:50:44+00:00\" \/>\n<meta property=\"article:modified_time\" content=\"2023-07-05T20:58:42+00:00\" \/>\n<meta property=\"og:image\" content=\"https:\/\/diariotextual.com\/inicio\/wp-content\/uploads\/2023\/07\/vuelcoruta9fatal2022-12.jpg\" \/>\n\t<meta property=\"og:image:width\" content=\"544\" \/>\n\t<meta property=\"og:image:height\" content=\"341\" \/>\n\t<meta property=\"og:image:type\" content=\"image\/jpeg\" \/>\n<meta name=\"author\" content=\"Diario1 Diario1\" \/>\n<meta name=\"twitter:card\" content=\"summary_large_image\" \/>\n<meta name=\"twitter:creator\" content=\"@eltextual\" \/>\n<meta name=\"twitter:site\" content=\"@eltextual\" \/>\n<meta name=\"twitter:label1\" content=\"Escrito por\" \/>\n\t<meta name=\"twitter:data1\" content=\"Diario1 Diario1\" \/>\n\t<meta name=\"twitter:label2\" content=\"Tiempo de lectura\" \/>\n\t<meta name=\"twitter:data2\" content=\"2 minutos\" \/>\n<script type=\"application\/ld+json\" class=\"yoast-schema-graph\">{\"@context\":\"https:\\\/\\\/schema.org\",\"@graph\":[{\"@type\":\"Article\",\"@id\":\"https:\\\/\\\/diariotextual.com\\\/inicio\\\/index.php\\\/2023\\\/07\\\/05\\\/manejaba-alcoholizado-volco-murio-su-amigo-y-ahora-fue-condenado\\\/#article\",\"isPartOf\":{\"@id\":\"https:\\\/\\\/diariotextual.com\\\/inicio\\\/index.php\\\/2023\\\/07\\\/05\\\/manejaba-alcoholizado-volco-murio-su-amigo-y-ahora-fue-condenado\\\/\"},\"author\":{\"name\":\"Diario1 Diario1\",\"@id\":\"https:\\\/\\\/diariotextual.com\\\/inicio\\\/#\\\/schema\\\/person\\\/418fc4093c33e86ed41562db3508f958\"},\"headline\":\"Manejaba alcoholizado, volc\u00f3, muri\u00f3 su amigo y ahora fue condenado\",\"datePublished\":\"2023-07-05T15:50:44+00:00\",\"dateModified\":\"2023-07-05T20:58:42+00:00\",\"mainEntityOfPage\":{\"@id\":\"https:\\\/\\\/diariotextual.com\\\/inicio\\\/index.php\\\/2023\\\/07\\\/05\\\/manejaba-alcoholizado-volco-murio-su-amigo-y-ahora-fue-condenado\\\/\"},\"wordCount\":299,\"publisher\":{\"@id\":\"https:\\\/\\\/diariotextual.com\\\/inicio\\\/#organization\"},\"image\":{\"@id\":\"https:\\\/\\\/diariotextual.com\\\/inicio\\\/index.php\\\/2023\\\/07\\\/05\\\/manejaba-alcoholizado-volco-murio-su-amigo-y-ahora-fue-condenado\\\/#primaryimage\"},\"thumbnailUrl\":\"https:\\\/\\\/diariotextual.com\\\/inicio\\\/wp-content\\\/uploads\\\/2023\\\/07\\\/vuelcoruta9fatal2022-12.jpg\",\"articleSection\":[\"A - ES NOTICIA (van abajo)\",\"SOCIEDAD\"],\"inLanguage\":\"es\"},{\"@type\":\"WebPage\",\"@id\":\"https:\\\/\\\/diariotextual.com\\\/inicio\\\/index.php\\\/2023\\\/07\\\/05\\\/manejaba-alcoholizado-volco-murio-su-amigo-y-ahora-fue-condenado\\\/\",\"url\":\"https:\\\/\\\/diariotextual.com\\\/inicio\\\/index.php\\\/2023\\\/07\\\/05\\\/manejaba-alcoholizado-volco-murio-su-amigo-y-ahora-fue-condenado\\\/\",\"name\":\"Manejaba alcoholizado, volc\u00f3, muri\u00f3 su amigo y ahora fue condenado - Diario Textual\",\"isPartOf\":{\"@id\":\"https:\\\/\\\/diariotextual.com\\\/inicio\\\/#website\"},\"primaryImageOfPage\":{\"@id\":\"https:\\\/\\\/diariotextual.com\\\/inicio\\\/index.php\\\/2023\\\/07\\\/05\\\/manejaba-alcoholizado-volco-murio-su-amigo-y-ahora-fue-condenado\\\/#primaryimage\"},\"image\":{\"@id\":\"https:\\\/\\\/diariotextual.com\\\/inicio\\\/index.php\\\/2023\\\/07\\\/05\\\/manejaba-alcoholizado-volco-murio-su-amigo-y-ahora-fue-condenado\\\/#primaryimage\"},\"thumbnailUrl\":\"https:\\\/\\\/diariotextual.com\\\/inicio\\\/wp-content\\\/uploads\\\/2023\\\/07\\\/vuelcoruta9fatal2022-12.jpg\",\"datePublished\":\"2023-07-05T15:50:44+00:00\",\"dateModified\":\"2023-07-05T20:58:42+00:00\",\"breadcrumb\":{\"@id\":\"https:\\\/\\\/diariotextual.com\\\/inicio\\\/index.php\\\/2023\\\/07\\\/05\\\/manejaba-alcoholizado-volco-murio-su-amigo-y-ahora-fue-condenado\\\/#breadcrumb\"},\"inLanguage\":\"es\",\"potentialAction\":[{\"@type\":\"ReadAction\",\"target\":[\"https:\\\/\\\/diariotextual.com\\\/inicio\\\/index.php\\\/2023\\\/07\\\/05\\\/manejaba-alcoholizado-volco-murio-su-amigo-y-ahora-fue-condenado\\\/\"]}]},{\"@type\":\"ImageObject\",\"inLanguage\":\"es\",\"@id\":\"https:\\\/\\\/diariotextual.com\\\/inicio\\\/index.php\\\/2023\\\/07\\\/05\\\/manejaba-alcoholizado-volco-murio-su-amigo-y-ahora-fue-condenado\\\/#primaryimage\",\"url\":\"https:\\\/\\\/diariotextual.com\\\/inicio\\\/wp-content\\\/uploads\\\/2023\\\/07\\\/vuelcoruta9fatal2022-12.jpg\",\"contentUrl\":\"https:\\\/\\\/diariotextual.com\\\/inicio\\\/wp-content\\\/uploads\\\/2023\\\/07\\\/vuelcoruta9fatal2022-12.jpg\",\"width\":544,\"height\":341},{\"@type\":\"BreadcrumbList\",\"@id\":\"https:\\\/\\\/diariotextual.com\\\/inicio\\\/index.php\\\/2023\\\/07\\\/05\\\/manejaba-alcoholizado-volco-murio-su-amigo-y-ahora-fue-condenado\\\/#breadcrumb\",\"itemListElement\":[{\"@type\":\"ListItem\",\"position\":1,\"name\":\"Portada\",\"item\":\"https:\\\/\\\/diariotextual.com\\\/inicio\\\/\"},{\"@type\":\"ListItem\",\"position\":2,\"name\":\"Manejaba alcoholizado, volc\u00f3, muri\u00f3 su amigo y ahora fue condenado\"}]},{\"@type\":\"WebSite\",\"@id\":\"https:\\\/\\\/diariotextual.com\\\/inicio\\\/#website\",\"url\":\"https:\\\/\\\/diariotextual.com\\\/inicio\\\/\",\"name\":\"Diario Textual\",\"description\":\"\",\"publisher\":{\"@id\":\"https:\\\/\\\/diariotextual.com\\\/inicio\\\/#organization\"},\"potentialAction\":[{\"@type\":\"SearchAction\",\"target\":{\"@type\":\"EntryPoint\",\"urlTemplate\":\"https:\\\/\\\/diariotextual.com\\\/inicio\\\/?s={search_term_string}\"},\"query-input\":{\"@type\":\"PropertyValueSpecification\",\"valueRequired\":true,\"valueName\":\"search_term_string\"}}],\"inLanguage\":\"es\"},{\"@type\":\"Organization\",\"@id\":\"https:\\\/\\\/diariotextual.com\\\/inicio\\\/#organization\",\"name\":\"Diario Textual\",\"url\":\"https:\\\/\\\/diariotextual.com\\\/inicio\\\/\",\"logo\":{\"@type\":\"ImageObject\",\"inLanguage\":\"es\",\"@id\":\"https:\\\/\\\/diariotextual.com\\\/inicio\\\/#\\\/schema\\\/logo\\\/image\\\/\",\"url\":\"https:\\\/\\\/diariotextual.com\\\/inicio\\\/wp-content\\\/uploads\\\/2023\\\/05\\\/logotextual1.jpg\",\"contentUrl\":\"https:\\\/\\\/diariotextual.com\\\/inicio\\\/wp-content\\\/uploads\\\/2023\\\/05\\\/logotextual1.jpg\",\"width\":516,\"height\":76,\"caption\":\"Diario Textual\"},\"image\":{\"@id\":\"https:\\\/\\\/diariotextual.com\\\/inicio\\\/#\\\/schema\\\/logo\\\/image\\\/\"},\"sameAs\":[\"https:\\\/\\\/www.facebook.com\\\/eltextual\",\"https:\\\/\\\/x.com\\\/eltextual\",\"http:\\\/\\\/www.instagram.com\\\/eltextual\"]},{\"@type\":\"Person\",\"@id\":\"https:\\\/\\\/diariotextual.com\\\/inicio\\\/#\\\/schema\\\/person\\\/418fc4093c33e86ed41562db3508f958\",\"name\":\"Diario1 Diario1\",\"image\":{\"@type\":\"ImageObject\",\"inLanguage\":\"es\",\"@id\":\"https:\\\/\\\/secure.gravatar.com\\\/avatar\\\/9167d280179c85bc18be67aa7eda765854300033af4896dd779b608640f2ef7a?s=96&d=mm&r=g\",\"url\":\"https:\\\/\\\/secure.gravatar.com\\\/avatar\\\/9167d280179c85bc18be67aa7eda765854300033af4896dd779b608640f2ef7a?s=96&d=mm&r=g\",\"contentUrl\":\"https:\\\/\\\/secure.gravatar.com\\\/avatar\\\/9167d280179c85bc18be67aa7eda765854300033af4896dd779b608640f2ef7a?s=96&d=mm&r=g\",\"caption\":\"Diario1 Diario1\"},\"url\":\"https:\\\/\\\/diariotextual.com\\\/inicio\\\/index.php\\\/author\\\/diario1\\\/\"}]}<\/script>\n<!-- \/ Yoast SEO plugin. -->","yoast_head_json":{"title":"Manejaba alcoholizado, volc\u00f3, muri\u00f3 su amigo y ahora fue condenado - Diario Textual","robots":{"index":"index","follow":"follow","max-snippet":"max-snippet:-1","max-image-preview":"max-image-preview:large","max-video-preview":"max-video-preview:-1"},"canonical":"https:\/\/diariotextual.com\/inicio\/index.php\/2023\/07\/05\/manejaba-alcoholizado-volco-murio-su-amigo-y-ahora-fue-condenado\/","og_locale":"es_ES","og_type":"article","og_title":"Manejaba alcoholizado, volc\u00f3, muri\u00f3 su amigo y ahora fue condenado - Diario Textual","og_description":"En el marco de un acuerdo de juicio abreviado, el juez de control de General Pico, Alejandro Gilardenghi, conden\u00f3 a un joven de 18 a\u00f1os como autor material y penalmente&hellip;","og_url":"https:\/\/diariotextual.com\/inicio\/index.php\/2023\/07\/05\/manejaba-alcoholizado-volco-murio-su-amigo-y-ahora-fue-condenado\/","og_site_name":"Diario Textual","article_publisher":"https:\/\/www.facebook.com\/eltextual","article_published_time":"2023-07-05T15:50:44+00:00","article_modified_time":"2023-07-05T20:58:42+00:00","og_image":[{"width":544,"height":341,"url":"https:\/\/diariotextual.com\/inicio\/wp-content\/uploads\/2023\/07\/vuelcoruta9fatal2022-12.jpg","type":"image\/jpeg"}],"author":"Diario1 Diario1","twitter_card":"summary_large_image","twitter_creator":"@eltextual","twitter_site":"@eltextual","twitter_misc":{"Escrito por":"Diario1 Diario1","Tiempo de lectura":"2 minutos"},"schema":{"@context":"https:\/\/schema.org","@graph":[{"@type":"Article","@id":"https:\/\/diariotextual.com\/inicio\/index.php\/2023\/07\/05\/manejaba-alcoholizado-volco-murio-su-amigo-y-ahora-fue-condenado\/#article","isPartOf":{"@id":"https:\/\/diariotextual.com\/inicio\/index.php\/2023\/07\/05\/manejaba-alcoholizado-volco-murio-su-amigo-y-ahora-fue-condenado\/"},"author":{"name":"Diario1 Diario1","@id":"https:\/\/diariotextual.com\/inicio\/#\/schema\/person\/418fc4093c33e86ed41562db3508f958"},"headline":"Manejaba alcoholizado, volc\u00f3, muri\u00f3 su amigo y ahora fue condenado","datePublished":"2023-07-05T15:50:44+00:00","dateModified":"2023-07-05T20:58:42+00:00","mainEntityOfPage":{"@id":"https:\/\/diariotextual.com\/inicio\/index.php\/2023\/07\/05\/manejaba-alcoholizado-volco-murio-su-amigo-y-ahora-fue-condenado\/"},"wordCount":299,"publisher":{"@id":"https:\/\/diariotextual.com\/inicio\/#organization"},"image":{"@id":"https:\/\/diariotextual.com\/inicio\/index.php\/2023\/07\/05\/manejaba-alcoholizado-volco-murio-su-amigo-y-ahora-fue-condenado\/#primaryimage"},"thumbnailUrl":"https:\/\/diariotextual.com\/inicio\/wp-content\/uploads\/2023\/07\/vuelcoruta9fatal2022-12.jpg","articleSection":["A - ES NOTICIA (van abajo)","SOCIEDAD"],"inLanguage":"es"},{"@type":"WebPage","@id":"https:\/\/diariotextual.com\/inicio\/index.php\/2023\/07\/05\/manejaba-alcoholizado-volco-murio-su-amigo-y-ahora-fue-condenado\/","url":"https:\/\/diariotextual.com\/inicio\/index.php\/2023\/07\/05\/manejaba-alcoholizado-volco-murio-su-amigo-y-ahora-fue-condenado\/","name":"Manejaba alcoholizado, volc\u00f3, muri\u00f3 su amigo y ahora fue condenado - Diario Textual","isPartOf":{"@id":"https:\/\/diariotextual.com\/inicio\/#website"},"primaryImageOfPage":{"@id":"https:\/\/diariotextual.com\/inicio\/index.php\/2023\/07\/05\/manejaba-alcoholizado-volco-murio-su-amigo-y-ahora-fue-condenado\/#primaryimage"},"image":{"@id":"https:\/\/diariotextual.com\/inicio\/index.php\/2023\/07\/05\/manejaba-alcoholizado-volco-murio-su-amigo-y-ahora-fue-condenado\/#primaryimage"},"thumbnailUrl":"https:\/\/diariotextual.com\/inicio\/wp-content\/uploads\/2023\/07\/vuelcoruta9fatal2022-12.jpg","datePublished":"2023-07-05T15:50:44+00:00","dateModified":"2023-07-05T20:58:42+00:00","breadcrumb":{"@id":"https:\/\/diariotextual.com\/inicio\/index.php\/2023\/07\/05\/manejaba-alcoholizado-volco-murio-su-amigo-y-ahora-fue-condenado\/#breadcrumb"},"inLanguage":"es","potentialAction":[{"@type":"ReadAction","target":["https:\/\/diariotextual.com\/inicio\/index.php\/2023\/07\/05\/manejaba-alcoholizado-volco-murio-su-amigo-y-ahora-fue-condenado\/"]}]},{"@type":"ImageObject","inLanguage":"es","@id":"https:\/\/diariotextual.com\/inicio\/index.php\/2023\/07\/05\/manejaba-alcoholizado-volco-murio-su-amigo-y-ahora-fue-condenado\/#primaryimage","url":"https:\/\/diariotextual.com\/inicio\/wp-content\/uploads\/2023\/07\/vuelcoruta9fatal2022-12.jpg","contentUrl":"https:\/\/diariotextual.com\/inicio\/wp-content\/uploads\/2023\/07\/vuelcoruta9fatal2022-12.jpg","width":544,"height":341},{"@type":"BreadcrumbList","@id":"https:\/\/diariotextual.com\/inicio\/index.php\/2023\/07\/05\/manejaba-alcoholizado-volco-murio-su-amigo-y-ahora-fue-condenado\/#breadcrumb","itemListElement":[{"@type":"ListItem","position":1,"name":"Portada","item":"https:\/\/diariotextual.com\/inicio\/"},{"@type":"ListItem","position":2,"name":"Manejaba alcoholizado, volc\u00f3, muri\u00f3 su amigo y ahora fue condenado"}]},{"@type":"WebSite","@id":"https:\/\/diariotextual.com\/inicio\/#website","url":"https:\/\/diariotextual.com\/inicio\/","name":"Diario Textual","description":"","publisher":{"@id":"https:\/\/diariotextual.com\/inicio\/#organization"},"potentialAction":[{"@type":"SearchAction","target":{"@type":"EntryPoint","urlTemplate":"https:\/\/diariotextual.com\/inicio\/?s={search_term_string}"},"query-input":{"@type":"PropertyValueSpecification","valueRequired":true,"valueName":"search_term_string"}}],"inLanguage":"es"},{"@type":"Organization","@id":"https:\/\/diariotextual.com\/inicio\/#organization","name":"Diario Textual","url":"https:\/\/diariotextual.com\/inicio\/","logo":{"@type":"ImageObject","inLanguage":"es","@id":"https:\/\/diariotextual.com\/inicio\/#\/schema\/logo\/image\/","url":"https:\/\/diariotextual.com\/inicio\/wp-content\/uploads\/2023\/05\/logotextual1.jpg","contentUrl":"https:\/\/diariotextual.com\/inicio\/wp-content\/uploads\/2023\/05\/logotextual1.jpg","width":516,"height":76,"caption":"Diario Textual"},"image":{"@id":"https:\/\/diariotextual.com\/inicio\/#\/schema\/logo\/image\/"},"sameAs":["https:\/\/www.facebook.com\/eltextual","https:\/\/x.com\/eltextual","http:\/\/www.instagram.com\/eltextual"]},{"@type":"Person","@id":"https:\/\/diariotextual.com\/inicio\/#\/schema\/person\/418fc4093c33e86ed41562db3508f958","name":"Diario1 Diario1","image":{"@type":"ImageObject","inLanguage":"es","@id":"https:\/\/secure.gravatar.com\/avatar\/9167d280179c85bc18be67aa7eda765854300033af4896dd779b608640f2ef7a?s=96&d=mm&r=g","url":"https:\/\/secure.gravatar.com\/avatar\/9167d280179c85bc18be67aa7eda765854300033af4896dd779b608640f2ef7a?s=96&d=mm&r=g","contentUrl":"https:\/\/secure.gravatar.com\/avatar\/9167d280179c85bc18be67aa7eda765854300033af4896dd779b608640f2ef7a?s=96&d=mm&r=g","caption":"Diario1 Diario1"},"url":"https:\/\/diariotextual.com\/inicio\/index.php\/author\/diario1\/"}]}},"_links":{"self":[{"href":"https:\/\/diariotextual.com\/inicio\/index.php\/wp-json\/wp\/v2\/posts\/230286","targetHints":{"allow":["GET"]}}],"collection":[{"href":"https:\/\/diariotextual.com\/inicio\/index.php\/wp-json\/wp\/v2\/posts"}],"about":[{"href":"https:\/\/diariotextual.com\/inicio\/index.php\/wp-json\/wp\/v2\/types\/post"}],"author":[{"embeddable":true,"href":"https:\/\/diariotextual.com\/inicio\/index.php\/wp-json\/wp\/v2\/users\/3"}],"replies":[{"embeddable":true,"href":"https:\/\/diariotextual.com\/inicio\/index.php\/wp-json\/wp\/v2\/comments?post=230286"}],"version-history":[{"count":4,"href":"https:\/\/diariotextual.com\/inicio\/index.php\/wp-json\/wp\/v2\/posts\/230286\/revisions"}],"predecessor-version":[{"id":230299,"href":"https:\/\/diariotextual.com\/inicio\/index.php\/wp-json\/wp\/v2\/posts\/230286\/revisions\/230299"}],"wp:featuredmedia":[{"embeddable":true,"href":"https:\/\/diariotextual.com\/inicio\/index.php\/wp-json\/wp\/v2\/media\/230290"}],"wp:attachment":[{"href":"https:\/\/diariotextual.com\/inicio\/index.php\/wp-json\/wp\/v2\/media?parent=230286"}],"wp:term":[{"taxonomy":"category","embeddable":true,"href":"https:\/\/diariotextual.com\/inicio\/index.php\/wp-json\/wp\/v2\/categories?post=230286"},{"taxonomy":"post_tag","embeddable":true,"href":"https:\/\/diariotextual.com\/inicio\/index.php\/wp-json\/wp\/v2\/tags?post=230286"}],"curies":[{"name":"wp","href":"https:\/\/api.w.org\/{rel}","templated":true}]}}