{"id":230295,"date":"2023-07-05T13:02:13","date_gmt":"2023-07-05T16:02:13","guid":{"rendered":"https:\/\/diariotextual.com\/inicio\/?p=230295"},"modified":"2023-07-05T19:52:16","modified_gmt":"2023-07-05T22:52:16","slug":"turismo-la-pampa-y-ohra-pampa-impulsan-la-ruta-de-la-carne-pampeana","status":"publish","type":"post","link":"https:\/\/diariotextual.com\/inicio\/index.php\/2023\/07\/05\/turismo-la-pampa-y-ohra-pampa-impulsan-la-ruta-de-la-carne-pampeana\/","title":{"rendered":"Turismo La Pampa y Ohra Pampa impulsan la Ruta de la Carne Pampeana"},"content":{"rendered":"\n<p class=\"wp-block-paragraph\">La Secretar\u00eda de Turismo y el Frigor\u00edfico Pico vienen impulsando un programa de la Ruta de la Carne Pampeana y por tal motivo, establecimientos y prestadores de servicios tur\u00edsticos participaron en General Pico de una degustaci\u00f3n a cargo de Ohra Pampa, la exclusiva marca de carne seleccionada de Frigor\u00edfico Pico, y sus cocineros embajadores, Ricardo y Claudio Belfiore, donde los participantes realizaron una cata a ciegas de distintos cortes de la marca.<\/p>\n\n\n\n<p class=\"wp-block-paragraph\">Esta iniciativa invita a los turistas a degustar la mejor carne del pa\u00eds, maridada por los bellos paisajes de las extensas llanuras pampeanas y el encanto de las m\u00e1s ricas tradiciones gauchas.&nbsp;<\/p>\n\n\n\n<p class=\"wp-block-paragraph\">Como parte del programa de integraci\u00f3n de la Ruta, este lunes 3 de julio, la titular de la cartera tur\u00edstica provincial, Adriana Romero junto a prestadores de servicios tur\u00edsticos de la provincia particip\u00f3 de la degustaci\u00f3n donde se brind\u00f3 previamente una charla informativa para dar a conocer la alimentaci\u00f3n de los animales a campo abierto sobre pasturas naturales y pasturas de gram\u00edneas y leguminosas, la selecci\u00f3n de los proveedores, la performance de los cortes y la exclusiva segmentaci\u00f3n de los cortes de la marca Ohra Pampa.<\/p>\n\n\n\n<p class=\"wp-block-paragraph\">La iniciativa tiene como objetivo difundir los valores productivos asociados a la calidad de la carne pampeana, mediante una ruta tur\u00edstica, cultural, social, educativa y recreativa, practicada de manera sostenible a partir de experiencias participativas de sus principales actores, que, adem\u00e1s, potenciar\u00e1 la econom\u00eda local.<\/p>\n\n\n\n<p class=\"wp-block-paragraph\">Formaron parte de la experiencia, Hugo Fern\u00e1ndez Zamponi de Estancia Villaverde y presidente de la C\u00e1mara de Turismo de La Pampa (Catulpa), Jorge Ortiz Echague de la Estancia La Holanda, Hern\u00e1n Awruch del Hotel Mercure y Jesica Pundang y Marcelo Altube, del Hostal Naic\u00f3.<\/p>\n\n\n\n<p class=\"wp-block-paragraph\">\u201cEl posicionamiento del destino y la marca tur\u00edstica que nos proporciona la carne como producto t\u00edpicamente pampeano, se ve fortalecido con la cooperaci\u00f3n p\u00fablico- privada en una propuesta dif\u00edcil de imitar. Invitamos a todos los establecimientos que quieran ser parte a sumarse al programa\u201d, dijo la secretaria de Turismo de La Pampa, Adriana Romero.<\/p>\n\n\n\n<p class=\"wp-block-paragraph\">En el mismo sentido se pronunci\u00f3 Gast\u00f3n Pellegrino, director de Frigor\u00edfico Pico, fuente de trabajo de m\u00e1s de 800 colaboradores. \u201cEs un honor como compa\u00f1\u00eda local acompa\u00f1ar al Gobierno de La Pampa a promover la producci\u00f3n pampeana de calidad. Desde nuestra parte, nos enorgullece seguir impulsando a La Pampa como la provincia de la Carne Argentina y a La Ruta de la Carne en conjunto con la Secretar\u00eda de Turismo y el apoyo del Gobierno Provincial\u201d, dijo.<\/p>\n","protected":false},"excerpt":{"rendered":"<p>La Secretar\u00eda de Turismo y el Frigor\u00edfico Pico vienen impulsando un programa de la Ruta de la Carne Pampeana y por tal motivo, establecimientos y prestadores de servicios tur\u00edsticos participaron&hellip;<\/p>\n","protected":false},"author":3,"featured_media":230298,"comment_status":"closed","ping_status":"open","sticky":false,"template":"","format":"standard","meta":{"_acf_changed":false,"footnotes":""},"categories":[1,20],"tags":[],"class_list":["post-230295","post","type-post","status-publish","format-standard","has-post-thumbnail","hentry","category-es-noticia","category-campo"],"acf":[],"yoast_head":"<!-- This site is optimized with the Yoast SEO plugin v28.4 - https:\/\/yoast.com\/product\/yoast-seo-wordpress\/ -->\n<title>Turismo La Pampa y Ohra Pampa impulsan la Ruta de la Carne Pampeana - Diario Textual<\/title>\n<meta name=\"robots\" content=\"index, follow, max-snippet:-1, max-image-preview:large, max-video-preview:-1\" \/>\n<link rel=\"canonical\" href=\"https:\/\/diariotextual.com\/inicio\/index.php\/2023\/07\/05\/turismo-la-pampa-y-ohra-pampa-impulsan-la-ruta-de-la-carne-pampeana\/\" \/>\n<meta property=\"og:locale\" content=\"es_ES\" \/>\n<meta property=\"og:type\" content=\"article\" \/>\n<meta property=\"og:title\" content=\"Turismo La Pampa y Ohra Pampa impulsan la Ruta de la Carne Pampeana - Diario Textual\" \/>\n<meta property=\"og:description\" content=\"La Secretar\u00eda de Turismo y el Frigor\u00edfico Pico vienen impulsando un programa de la Ruta de la Carne Pampeana y por tal motivo, establecimientos y prestadores de servicios tur\u00edsticos participaron&hellip;\" \/>\n<meta property=\"og:url\" content=\"https:\/\/diariotextual.com\/inicio\/index.php\/2023\/07\/05\/turismo-la-pampa-y-ohra-pampa-impulsan-la-ruta-de-la-carne-pampeana\/\" \/>\n<meta property=\"og:site_name\" content=\"Diario Textual\" \/>\n<meta property=\"article:publisher\" content=\"https:\/\/www.facebook.com\/eltextual\" \/>\n<meta property=\"article:published_time\" content=\"2023-07-05T16:02:13+00:00\" \/>\n<meta property=\"article:modified_time\" content=\"2023-07-05T22:52:16+00:00\" \/>\n<meta property=\"og:image\" content=\"https:\/\/diariotextual.com\/inicio\/wp-content\/uploads\/2023\/07\/rutadelacarne2023-1.jpg\" \/>\n\t<meta property=\"og:image:width\" content=\"1600\" \/>\n\t<meta property=\"og:image:height\" content=\"680\" \/>\n\t<meta property=\"og:image:type\" content=\"image\/jpeg\" \/>\n<meta name=\"author\" content=\"Diario1 Diario1\" \/>\n<meta name=\"twitter:card\" content=\"summary_large_image\" \/>\n<meta name=\"twitter:creator\" content=\"@eltextual\" \/>\n<meta name=\"twitter:site\" content=\"@eltextual\" \/>\n<meta name=\"twitter:label1\" content=\"Escrito por\" \/>\n\t<meta name=\"twitter:data1\" content=\"Diario1 Diario1\" \/>\n\t<meta name=\"twitter:label2\" content=\"Tiempo de lectura\" \/>\n\t<meta name=\"twitter:data2\" content=\"2 minutos\" \/>\n<script type=\"application\/ld+json\" class=\"yoast-schema-graph\">{\"@context\":\"https:\\\/\\\/schema.org\",\"@graph\":[{\"@type\":\"Article\",\"@id\":\"https:\\\/\\\/diariotextual.com\\\/inicio\\\/index.php\\\/2023\\\/07\\\/05\\\/turismo-la-pampa-y-ohra-pampa-impulsan-la-ruta-de-la-carne-pampeana\\\/#article\",\"isPartOf\":{\"@id\":\"https:\\\/\\\/diariotextual.com\\\/inicio\\\/index.php\\\/2023\\\/07\\\/05\\\/turismo-la-pampa-y-ohra-pampa-impulsan-la-ruta-de-la-carne-pampeana\\\/\"},\"author\":{\"name\":\"Diario1 Diario1\",\"@id\":\"https:\\\/\\\/diariotextual.com\\\/inicio\\\/#\\\/schema\\\/person\\\/418fc4093c33e86ed41562db3508f958\"},\"headline\":\"Turismo La Pampa y Ohra Pampa impulsan la Ruta de la Carne Pampeana\",\"datePublished\":\"2023-07-05T16:02:13+00:00\",\"dateModified\":\"2023-07-05T22:52:16+00:00\",\"mainEntityOfPage\":{\"@id\":\"https:\\\/\\\/diariotextual.com\\\/inicio\\\/index.php\\\/2023\\\/07\\\/05\\\/turismo-la-pampa-y-ohra-pampa-impulsan-la-ruta-de-la-carne-pampeana\\\/\"},\"wordCount\":455,\"publisher\":{\"@id\":\"https:\\\/\\\/diariotextual.com\\\/inicio\\\/#organization\"},\"image\":{\"@id\":\"https:\\\/\\\/diariotextual.com\\\/inicio\\\/index.php\\\/2023\\\/07\\\/05\\\/turismo-la-pampa-y-ohra-pampa-impulsan-la-ruta-de-la-carne-pampeana\\\/#primaryimage\"},\"thumbnailUrl\":\"https:\\\/\\\/diariotextual.com\\\/inicio\\\/wp-content\\\/uploads\\\/2023\\\/07\\\/rutadelacarne2023-1.jpg\",\"articleSection\":[\"A - ES NOTICIA (van abajo)\",\"CAMPO\"],\"inLanguage\":\"es\"},{\"@type\":\"WebPage\",\"@id\":\"https:\\\/\\\/diariotextual.com\\\/inicio\\\/index.php\\\/2023\\\/07\\\/05\\\/turismo-la-pampa-y-ohra-pampa-impulsan-la-ruta-de-la-carne-pampeana\\\/\",\"url\":\"https:\\\/\\\/diariotextual.com\\\/inicio\\\/index.php\\\/2023\\\/07\\\/05\\\/turismo-la-pampa-y-ohra-pampa-impulsan-la-ruta-de-la-carne-pampeana\\\/\",\"name\":\"Turismo La Pampa y Ohra Pampa impulsan la Ruta de la Carne Pampeana - Diario Textual\",\"isPartOf\":{\"@id\":\"https:\\\/\\\/diariotextual.com\\\/inicio\\\/#website\"},\"primaryImageOfPage\":{\"@id\":\"https:\\\/\\\/diariotextual.com\\\/inicio\\\/index.php\\\/2023\\\/07\\\/05\\\/turismo-la-pampa-y-ohra-pampa-impulsan-la-ruta-de-la-carne-pampeana\\\/#primaryimage\"},\"image\":{\"@id\":\"https:\\\/\\\/diariotextual.com\\\/inicio\\\/index.php\\\/2023\\\/07\\\/05\\\/turismo-la-pampa-y-ohra-pampa-impulsan-la-ruta-de-la-carne-pampeana\\\/#primaryimage\"},\"thumbnailUrl\":\"https:\\\/\\\/diariotextual.com\\\/inicio\\\/wp-content\\\/uploads\\\/2023\\\/07\\\/rutadelacarne2023-1.jpg\",\"datePublished\":\"2023-07-05T16:02:13+00:00\",\"dateModified\":\"2023-07-05T22:52:16+00:00\",\"breadcrumb\":{\"@id\":\"https:\\\/\\\/diariotextual.com\\\/inicio\\\/index.php\\\/2023\\\/07\\\/05\\\/turismo-la-pampa-y-ohra-pampa-impulsan-la-ruta-de-la-carne-pampeana\\\/#breadcrumb\"},\"inLanguage\":\"es\",\"potentialAction\":[{\"@type\":\"ReadAction\",\"target\":[\"https:\\\/\\\/diariotextual.com\\\/inicio\\\/index.php\\\/2023\\\/07\\\/05\\\/turismo-la-pampa-y-ohra-pampa-impulsan-la-ruta-de-la-carne-pampeana\\\/\"]}]},{\"@type\":\"ImageObject\",\"inLanguage\":\"es\",\"@id\":\"https:\\\/\\\/diariotextual.com\\\/inicio\\\/index.php\\\/2023\\\/07\\\/05\\\/turismo-la-pampa-y-ohra-pampa-impulsan-la-ruta-de-la-carne-pampeana\\\/#primaryimage\",\"url\":\"https:\\\/\\\/diariotextual.com\\\/inicio\\\/wp-content\\\/uploads\\\/2023\\\/07\\\/rutadelacarne2023-1.jpg\",\"contentUrl\":\"https:\\\/\\\/diariotextual.com\\\/inicio\\\/wp-content\\\/uploads\\\/2023\\\/07\\\/rutadelacarne2023-1.jpg\",\"width\":1600,\"height\":680},{\"@type\":\"BreadcrumbList\",\"@id\":\"https:\\\/\\\/diariotextual.com\\\/inicio\\\/index.php\\\/2023\\\/07\\\/05\\\/turismo-la-pampa-y-ohra-pampa-impulsan-la-ruta-de-la-carne-pampeana\\\/#breadcrumb\",\"itemListElement\":[{\"@type\":\"ListItem\",\"position\":1,\"name\":\"Portada\",\"item\":\"https:\\\/\\\/diariotextual.com\\\/inicio\\\/\"},{\"@type\":\"ListItem\",\"position\":2,\"name\":\"Turismo La Pampa y Ohra Pampa impulsan la Ruta de la Carne Pampeana\"}]},{\"@type\":\"WebSite\",\"@id\":\"https:\\\/\\\/diariotextual.com\\\/inicio\\\/#website\",\"url\":\"https:\\\/\\\/diariotextual.com\\\/inicio\\\/\",\"name\":\"Diario Textual\",\"description\":\"\",\"publisher\":{\"@id\":\"https:\\\/\\\/diariotextual.com\\\/inicio\\\/#organization\"},\"potentialAction\":[{\"@type\":\"SearchAction\",\"target\":{\"@type\":\"EntryPoint\",\"urlTemplate\":\"https:\\\/\\\/diariotextual.com\\\/inicio\\\/?s={search_term_string}\"},\"query-input\":{\"@type\":\"PropertyValueSpecification\",\"valueRequired\":true,\"valueName\":\"search_term_string\"}}],\"inLanguage\":\"es\"},{\"@type\":\"Organization\",\"@id\":\"https:\\\/\\\/diariotextual.com\\\/inicio\\\/#organization\",\"name\":\"Diario Textual\",\"url\":\"https:\\\/\\\/diariotextual.com\\\/inicio\\\/\",\"logo\":{\"@type\":\"ImageObject\",\"inLanguage\":\"es\",\"@id\":\"https:\\\/\\\/diariotextual.com\\\/inicio\\\/#\\\/schema\\\/logo\\\/image\\\/\",\"url\":\"https:\\\/\\\/diariotextual.com\\\/inicio\\\/wp-content\\\/uploads\\\/2023\\\/05\\\/logotextual1.jpg\",\"contentUrl\":\"https:\\\/\\\/diariotextual.com\\\/inicio\\\/wp-content\\\/uploads\\\/2023\\\/05\\\/logotextual1.jpg\",\"width\":516,\"height\":76,\"caption\":\"Diario Textual\"},\"image\":{\"@id\":\"https:\\\/\\\/diariotextual.com\\\/inicio\\\/#\\\/schema\\\/logo\\\/image\\\/\"},\"sameAs\":[\"https:\\\/\\\/www.facebook.com\\\/eltextual\",\"https:\\\/\\\/x.com\\\/eltextual\",\"http:\\\/\\\/www.instagram.com\\\/eltextual\"]},{\"@type\":\"Person\",\"@id\":\"https:\\\/\\\/diariotextual.com\\\/inicio\\\/#\\\/schema\\\/person\\\/418fc4093c33e86ed41562db3508f958\",\"name\":\"Diario1 Diario1\",\"image\":{\"@type\":\"ImageObject\",\"inLanguage\":\"es\",\"@id\":\"https:\\\/\\\/secure.gravatar.com\\\/avatar\\\/9167d280179c85bc18be67aa7eda765854300033af4896dd779b608640f2ef7a?s=96&d=mm&r=g\",\"url\":\"https:\\\/\\\/secure.gravatar.com\\\/avatar\\\/9167d280179c85bc18be67aa7eda765854300033af4896dd779b608640f2ef7a?s=96&d=mm&r=g\",\"contentUrl\":\"https:\\\/\\\/secure.gravatar.com\\\/avatar\\\/9167d280179c85bc18be67aa7eda765854300033af4896dd779b608640f2ef7a?s=96&d=mm&r=g\",\"caption\":\"Diario1 Diario1\"},\"url\":\"https:\\\/\\\/diariotextual.com\\\/inicio\\\/index.php\\\/author\\\/diario1\\\/\"}]}<\/script>\n<!-- \/ Yoast SEO plugin. -->","yoast_head_json":{"title":"Turismo La Pampa y Ohra Pampa impulsan la Ruta de la Carne Pampeana - Diario Textual","robots":{"index":"index","follow":"follow","max-snippet":"max-snippet:-1","max-image-preview":"max-image-preview:large","max-video-preview":"max-video-preview:-1"},"canonical":"https:\/\/diariotextual.com\/inicio\/index.php\/2023\/07\/05\/turismo-la-pampa-y-ohra-pampa-impulsan-la-ruta-de-la-carne-pampeana\/","og_locale":"es_ES","og_type":"article","og_title":"Turismo La Pampa y Ohra Pampa impulsan la Ruta de la Carne Pampeana - Diario Textual","og_description":"La Secretar\u00eda de Turismo y el Frigor\u00edfico Pico vienen impulsando un programa de la Ruta de la Carne Pampeana y por tal motivo, establecimientos y prestadores de servicios tur\u00edsticos participaron&hellip;","og_url":"https:\/\/diariotextual.com\/inicio\/index.php\/2023\/07\/05\/turismo-la-pampa-y-ohra-pampa-impulsan-la-ruta-de-la-carne-pampeana\/","og_site_name":"Diario Textual","article_publisher":"https:\/\/www.facebook.com\/eltextual","article_published_time":"2023-07-05T16:02:13+00:00","article_modified_time":"2023-07-05T22:52:16+00:00","og_image":[{"width":1600,"height":680,"url":"https:\/\/diariotextual.com\/inicio\/wp-content\/uploads\/2023\/07\/rutadelacarne2023-1.jpg","type":"image\/jpeg"}],"author":"Diario1 Diario1","twitter_card":"summary_large_image","twitter_creator":"@eltextual","twitter_site":"@eltextual","twitter_misc":{"Escrito por":"Diario1 Diario1","Tiempo de lectura":"2 minutos"},"schema":{"@context":"https:\/\/schema.org","@graph":[{"@type":"Article","@id":"https:\/\/diariotextual.com\/inicio\/index.php\/2023\/07\/05\/turismo-la-pampa-y-ohra-pampa-impulsan-la-ruta-de-la-carne-pampeana\/#article","isPartOf":{"@id":"https:\/\/diariotextual.com\/inicio\/index.php\/2023\/07\/05\/turismo-la-pampa-y-ohra-pampa-impulsan-la-ruta-de-la-carne-pampeana\/"},"author":{"name":"Diario1 Diario1","@id":"https:\/\/diariotextual.com\/inicio\/#\/schema\/person\/418fc4093c33e86ed41562db3508f958"},"headline":"Turismo La Pampa y Ohra Pampa impulsan la Ruta de la Carne Pampeana","datePublished":"2023-07-05T16:02:13+00:00","dateModified":"2023-07-05T22:52:16+00:00","mainEntityOfPage":{"@id":"https:\/\/diariotextual.com\/inicio\/index.php\/2023\/07\/05\/turismo-la-pampa-y-ohra-pampa-impulsan-la-ruta-de-la-carne-pampeana\/"},"wordCount":455,"publisher":{"@id":"https:\/\/diariotextual.com\/inicio\/#organization"},"image":{"@id":"https:\/\/diariotextual.com\/inicio\/index.php\/2023\/07\/05\/turismo-la-pampa-y-ohra-pampa-impulsan-la-ruta-de-la-carne-pampeana\/#primaryimage"},"thumbnailUrl":"https:\/\/diariotextual.com\/inicio\/wp-content\/uploads\/2023\/07\/rutadelacarne2023-1.jpg","articleSection":["A - ES NOTICIA (van abajo)","CAMPO"],"inLanguage":"es"},{"@type":"WebPage","@id":"https:\/\/diariotextual.com\/inicio\/index.php\/2023\/07\/05\/turismo-la-pampa-y-ohra-pampa-impulsan-la-ruta-de-la-carne-pampeana\/","url":"https:\/\/diariotextual.com\/inicio\/index.php\/2023\/07\/05\/turismo-la-pampa-y-ohra-pampa-impulsan-la-ruta-de-la-carne-pampeana\/","name":"Turismo La Pampa y Ohra Pampa impulsan la Ruta de la Carne Pampeana - Diario Textual","isPartOf":{"@id":"https:\/\/diariotextual.com\/inicio\/#website"},"primaryImageOfPage":{"@id":"https:\/\/diariotextual.com\/inicio\/index.php\/2023\/07\/05\/turismo-la-pampa-y-ohra-pampa-impulsan-la-ruta-de-la-carne-pampeana\/#primaryimage"},"image":{"@id":"https:\/\/diariotextual.com\/inicio\/index.php\/2023\/07\/05\/turismo-la-pampa-y-ohra-pampa-impulsan-la-ruta-de-la-carne-pampeana\/#primaryimage"},"thumbnailUrl":"https:\/\/diariotextual.com\/inicio\/wp-content\/uploads\/2023\/07\/rutadelacarne2023-1.jpg","datePublished":"2023-07-05T16:02:13+00:00","dateModified":"2023-07-05T22:52:16+00:00","breadcrumb":{"@id":"https:\/\/diariotextual.com\/inicio\/index.php\/2023\/07\/05\/turismo-la-pampa-y-ohra-pampa-impulsan-la-ruta-de-la-carne-pampeana\/#breadcrumb"},"inLanguage":"es","potentialAction":[{"@type":"ReadAction","target":["https:\/\/diariotextual.com\/inicio\/index.php\/2023\/07\/05\/turismo-la-pampa-y-ohra-pampa-impulsan-la-ruta-de-la-carne-pampeana\/"]}]},{"@type":"ImageObject","inLanguage":"es","@id":"https:\/\/diariotextual.com\/inicio\/index.php\/2023\/07\/05\/turismo-la-pampa-y-ohra-pampa-impulsan-la-ruta-de-la-carne-pampeana\/#primaryimage","url":"https:\/\/diariotextual.com\/inicio\/wp-content\/uploads\/2023\/07\/rutadelacarne2023-1.jpg","contentUrl":"https:\/\/diariotextual.com\/inicio\/wp-content\/uploads\/2023\/07\/rutadelacarne2023-1.jpg","width":1600,"height":680},{"@type":"BreadcrumbList","@id":"https:\/\/diariotextual.com\/inicio\/index.php\/2023\/07\/05\/turismo-la-pampa-y-ohra-pampa-impulsan-la-ruta-de-la-carne-pampeana\/#breadcrumb","itemListElement":[{"@type":"ListItem","position":1,"name":"Portada","item":"https:\/\/diariotextual.com\/inicio\/"},{"@type":"ListItem","position":2,"name":"Turismo La Pampa y Ohra Pampa impulsan la Ruta de la Carne Pampeana"}]},{"@type":"WebSite","@id":"https:\/\/diariotextual.com\/inicio\/#website","url":"https:\/\/diariotextual.com\/inicio\/","name":"Diario Textual","description":"","publisher":{"@id":"https:\/\/diariotextual.com\/inicio\/#organization"},"potentialAction":[{"@type":"SearchAction","target":{"@type":"EntryPoint","urlTemplate":"https:\/\/diariotextual.com\/inicio\/?s={search_term_string}"},"query-input":{"@type":"PropertyValueSpecification","valueRequired":true,"valueName":"search_term_string"}}],"inLanguage":"es"},{"@type":"Organization","@id":"https:\/\/diariotextual.com\/inicio\/#organization","name":"Diario Textual","url":"https:\/\/diariotextual.com\/inicio\/","logo":{"@type":"ImageObject","inLanguage":"es","@id":"https:\/\/diariotextual.com\/inicio\/#\/schema\/logo\/image\/","url":"https:\/\/diariotextual.com\/inicio\/wp-content\/uploads\/2023\/05\/logotextual1.jpg","contentUrl":"https:\/\/diariotextual.com\/inicio\/wp-content\/uploads\/2023\/05\/logotextual1.jpg","width":516,"height":76,"caption":"Diario Textual"},"image":{"@id":"https:\/\/diariotextual.com\/inicio\/#\/schema\/logo\/image\/"},"sameAs":["https:\/\/www.facebook.com\/eltextual","https:\/\/x.com\/eltextual","http:\/\/www.instagram.com\/eltextual"]},{"@type":"Person","@id":"https:\/\/diariotextual.com\/inicio\/#\/schema\/person\/418fc4093c33e86ed41562db3508f958","name":"Diario1 Diario1","image":{"@type":"ImageObject","inLanguage":"es","@id":"https:\/\/secure.gravatar.com\/avatar\/9167d280179c85bc18be67aa7eda765854300033af4896dd779b608640f2ef7a?s=96&d=mm&r=g","url":"https:\/\/secure.gravatar.com\/avatar\/9167d280179c85bc18be67aa7eda765854300033af4896dd779b608640f2ef7a?s=96&d=mm&r=g","contentUrl":"https:\/\/secure.gravatar.com\/avatar\/9167d280179c85bc18be67aa7eda765854300033af4896dd779b608640f2ef7a?s=96&d=mm&r=g","caption":"Diario1 Diario1"},"url":"https:\/\/diariotextual.com\/inicio\/index.php\/author\/diario1\/"}]}},"_links":{"self":[{"href":"https:\/\/diariotextual.com\/inicio\/index.php\/wp-json\/wp\/v2\/posts\/230295","targetHints":{"allow":["GET"]}}],"collection":[{"href":"https:\/\/diariotextual.com\/inicio\/index.php\/wp-json\/wp\/v2\/posts"}],"about":[{"href":"https:\/\/diariotextual.com\/inicio\/index.php\/wp-json\/wp\/v2\/types\/post"}],"author":[{"embeddable":true,"href":"https:\/\/diariotextual.com\/inicio\/index.php\/wp-json\/wp\/v2\/users\/3"}],"replies":[{"embeddable":true,"href":"https:\/\/diariotextual.com\/inicio\/index.php\/wp-json\/wp\/v2\/comments?post=230295"}],"version-history":[{"count":2,"href":"https:\/\/diariotextual.com\/inicio\/index.php\/wp-json\/wp\/v2\/posts\/230295\/revisions"}],"predecessor-version":[{"id":230297,"href":"https:\/\/diariotextual.com\/inicio\/index.php\/wp-json\/wp\/v2\/posts\/230295\/revisions\/230297"}],"wp:featuredmedia":[{"embeddable":true,"href":"https:\/\/diariotextual.com\/inicio\/index.php\/wp-json\/wp\/v2\/media\/230298"}],"wp:attachment":[{"href":"https:\/\/diariotextual.com\/inicio\/index.php\/wp-json\/wp\/v2\/media?parent=230295"}],"wp:term":[{"taxonomy":"category","embeddable":true,"href":"https:\/\/diariotextual.com\/inicio\/index.php\/wp-json\/wp\/v2\/categories?post=230295"},{"taxonomy":"post_tag","embeddable":true,"href":"https:\/\/diariotextual.com\/inicio\/index.php\/wp-json\/wp\/v2\/tags?post=230295"}],"curies":[{"name":"wp","href":"https:\/\/api.w.org\/{rel}","templated":true}]}}