{"id":230316,"date":"2023-07-05T17:32:28","date_gmt":"2023-07-05T20:32:28","guid":{"rendered":"https:\/\/diariotextual.com\/inicio\/?p=230316"},"modified":"2023-07-06T07:10:54","modified_gmt":"2023-07-06T10:10:54","slug":"piden-regimen-especial-de-cursado-para-estudiantes-de-la-unlpam-que-trabajan","status":"publish","type":"post","link":"https:\/\/diariotextual.com\/inicio\/index.php\/2023\/07\/05\/piden-regimen-especial-de-cursado-para-estudiantes-de-la-unlpam-que-trabajan\/","title":{"rendered":"Piden r\u00e9gimen especial de cursado para estudiantes de la UNLPam que trabajan"},"content":{"rendered":"\n<p>Los consejeros superiores <strong>Luj\u00e1n Junquera <\/strong>y <strong>Tadeo Prieto <\/strong>(de Juntos Podemos + Unidad Estudiantil) presentaron en la <strong>Universidad Nacional de La Pampa (UNLPam) <\/strong>un proyecto que busca la creaci\u00f3n de un<strong> R\u00e9gimen Especial de Cursado <\/strong>para aquellos\/a<strong>s estudiantes que trabajan y\/o tienen familiares a cargo.&nbsp;<\/strong><\/p>\n\n\n\n<p>Actualmente en la UNLPam no existe ninguna normativa que contemple a este grupo de estudiantes. La creaci\u00f3n de este r\u00e9gimen implica dar una respuesta concreta a una problem\u00e1tica que existe y afecta la trayectoria universitaria.<\/p>\n\n\n\n<p><strong>El r\u00e9gimen de basa en una serie de flexibilizaciones al momento de cursar como prioridad para elegir comisiones, justificaci\u00f3n de inasistencias, reprogramaci\u00f3n de instancias evaluatorias y posibilidad de realizar trabajos grupales individuales, entre las m\u00e1s importantes.<\/strong><\/p>\n\n\n\n<p>Seg\u00fan el Anuario 2021 de la UNLPam, en promedio el 35,6% de estudiantes trabaja, conformado el 71,70% por mujeres y el 28,30% por hombres. Y a partir del Informe \u201cIngresantes a\u00f1o 2022 del Departamento de Estad\u00edstica \u2013 UNLPam\u201d, se conoci\u00f3 que el 34 % de las y los ingresantes declar\u00f3 que est\u00e1 trabajando y el 27% que no trabaja, pero que lo busca. Datos que demuestran la importancia de generar pol\u00edticas de inclusi\u00f3n que atiendan a las realidades de las y los estudiantes.<\/p>\n\n\n\n<p>La universidad est\u00e1 trabajando el tema de la permanencia y egreso de sus estudiantes impulsando carreras cortas como tecnicaturas con r\u00e1pida inserci\u00f3n laboral, pero no queremos que sea la \u00fanica opci\u00f3n. Queremos que cualquier persona que desee realizar una carrera de grado pueda hacerlo y que trabajar o tener familia no sea un impedimento. El esp\u00edritu del proyecto es generar una pol\u00edtica de inclusi\u00f3n social para poder garantizar el derecho a la educaci\u00f3n para todas y todos.<\/p>\n\n\n\n<p>El proyecto ingres\u00f3 el d\u00eda 5 de julio a la novena Sesi\u00f3n Ordinaria del Consejo Superior. Fue girado para tratarse en las comisiones de Ense\u00f1anza e Investigaci\u00f3n y Legislaci\u00f3n y Reglamentos..<\/p>\n\n\n\n<p><\/p>\n","protected":false},"excerpt":{"rendered":"<p>Los consejeros superiores Luj\u00e1n Junquera y Tadeo Prieto (de Juntos Podemos + Unidad Estudiantil) presentaron en la Universidad Nacional de La Pampa (UNLPam) un proyecto que busca la creaci\u00f3n de&hellip;<\/p>\n","protected":false},"author":3,"featured_media":150752,"comment_status":"closed","ping_status":"open","sticky":false,"template":"","format":"standard","meta":{"_acf_changed":false,"footnotes":""},"categories":[1,11,12],"tags":[],"class_list":["post-230316","post","type-post","status-publish","format-standard","has-post-thumbnail","hentry","category-es-noticia","category-que-pasa","category-sociedad"],"acf":[],"yoast_head":"<!-- This site is optimized with the Yoast SEO plugin v27.5 - https:\/\/yoast.com\/product\/yoast-seo-wordpress\/ -->\n<title>Piden r\u00e9gimen especial de cursado para estudiantes de la UNLPam que trabajan - Diario Textual<\/title>\n<meta name=\"robots\" content=\"index, follow, max-snippet:-1, max-image-preview:large, max-video-preview:-1\" \/>\n<link rel=\"canonical\" href=\"https:\/\/diariotextual.com\/inicio\/index.php\/2023\/07\/05\/piden-regimen-especial-de-cursado-para-estudiantes-de-la-unlpam-que-trabajan\/\" \/>\n<meta property=\"og:locale\" content=\"es_ES\" \/>\n<meta property=\"og:type\" content=\"article\" \/>\n<meta property=\"og:title\" content=\"Piden r\u00e9gimen especial de cursado para estudiantes de la UNLPam que trabajan - Diario Textual\" \/>\n<meta property=\"og:description\" content=\"Los consejeros superiores Luj\u00e1n Junquera y Tadeo Prieto (de Juntos Podemos + Unidad Estudiantil) presentaron en la Universidad Nacional de La Pampa (UNLPam) un proyecto que busca la creaci\u00f3n de&hellip;\" \/>\n<meta property=\"og:url\" content=\"https:\/\/diariotextual.com\/inicio\/index.php\/2023\/07\/05\/piden-regimen-especial-de-cursado-para-estudiantes-de-la-unlpam-que-trabajan\/\" \/>\n<meta property=\"og:site_name\" content=\"Diario Textual\" \/>\n<meta property=\"article:publisher\" content=\"https:\/\/www.facebook.com\/eltextual\" \/>\n<meta property=\"article:published_time\" content=\"2023-07-05T20:32:28+00:00\" \/>\n<meta property=\"article:modified_time\" content=\"2023-07-06T10:10:54+00:00\" \/>\n<meta property=\"og:image\" content=\"https:\/\/diariotextual.com\/inicio\/wp-content\/uploads\/2021\/06\/unlpamfrente2021-2.jpg\" \/>\n\t<meta property=\"og:image:width\" content=\"1048\" \/>\n\t<meta property=\"og:image:height\" content=\"603\" \/>\n\t<meta property=\"og:image:type\" content=\"image\/jpeg\" \/>\n<meta name=\"author\" content=\"Diario1 Diario1\" \/>\n<meta name=\"twitter:card\" content=\"summary_large_image\" \/>\n<meta name=\"twitter:creator\" content=\"@eltextual\" \/>\n<meta name=\"twitter:site\" content=\"@eltextual\" \/>\n<meta name=\"twitter:label1\" content=\"Escrito por\" \/>\n\t<meta name=\"twitter:data1\" content=\"Diario1 Diario1\" \/>\n\t<meta name=\"twitter:label2\" content=\"Tiempo de lectura\" \/>\n\t<meta name=\"twitter:data2\" content=\"2 minutos\" \/>\n<script type=\"application\/ld+json\" class=\"yoast-schema-graph\">{\"@context\":\"https:\\\/\\\/schema.org\",\"@graph\":[{\"@type\":\"Article\",\"@id\":\"https:\\\/\\\/diariotextual.com\\\/inicio\\\/index.php\\\/2023\\\/07\\\/05\\\/piden-regimen-especial-de-cursado-para-estudiantes-de-la-unlpam-que-trabajan\\\/#article\",\"isPartOf\":{\"@id\":\"https:\\\/\\\/diariotextual.com\\\/inicio\\\/index.php\\\/2023\\\/07\\\/05\\\/piden-regimen-especial-de-cursado-para-estudiantes-de-la-unlpam-que-trabajan\\\/\"},\"author\":{\"name\":\"Diario1 Diario1\",\"@id\":\"https:\\\/\\\/diariotextual.com\\\/inicio\\\/#\\\/schema\\\/person\\\/418fc4093c33e86ed41562db3508f958\"},\"headline\":\"Piden r\u00e9gimen especial de cursado para estudiantes de la UNLPam que trabajan\",\"datePublished\":\"2023-07-05T20:32:28+00:00\",\"dateModified\":\"2023-07-06T10:10:54+00:00\",\"mainEntityOfPage\":{\"@id\":\"https:\\\/\\\/diariotextual.com\\\/inicio\\\/index.php\\\/2023\\\/07\\\/05\\\/piden-regimen-especial-de-cursado-para-estudiantes-de-la-unlpam-que-trabajan\\\/\"},\"wordCount\":339,\"publisher\":{\"@id\":\"https:\\\/\\\/diariotextual.com\\\/inicio\\\/#organization\"},\"image\":{\"@id\":\"https:\\\/\\\/diariotextual.com\\\/inicio\\\/index.php\\\/2023\\\/07\\\/05\\\/piden-regimen-especial-de-cursado-para-estudiantes-de-la-unlpam-que-trabajan\\\/#primaryimage\"},\"thumbnailUrl\":\"https:\\\/\\\/diariotextual.com\\\/inicio\\\/wp-content\\\/uploads\\\/2021\\\/06\\\/unlpamfrente2021-2.jpg\",\"articleSection\":[\"A - ES NOTICIA (van abajo)\",\"A - QUE PASA (al costado)\",\"SOCIEDAD\"],\"inLanguage\":\"es\"},{\"@type\":\"WebPage\",\"@id\":\"https:\\\/\\\/diariotextual.com\\\/inicio\\\/index.php\\\/2023\\\/07\\\/05\\\/piden-regimen-especial-de-cursado-para-estudiantes-de-la-unlpam-que-trabajan\\\/\",\"url\":\"https:\\\/\\\/diariotextual.com\\\/inicio\\\/index.php\\\/2023\\\/07\\\/05\\\/piden-regimen-especial-de-cursado-para-estudiantes-de-la-unlpam-que-trabajan\\\/\",\"name\":\"Piden r\u00e9gimen especial de cursado para estudiantes de la UNLPam que trabajan - Diario Textual\",\"isPartOf\":{\"@id\":\"https:\\\/\\\/diariotextual.com\\\/inicio\\\/#website\"},\"primaryImageOfPage\":{\"@id\":\"https:\\\/\\\/diariotextual.com\\\/inicio\\\/index.php\\\/2023\\\/07\\\/05\\\/piden-regimen-especial-de-cursado-para-estudiantes-de-la-unlpam-que-trabajan\\\/#primaryimage\"},\"image\":{\"@id\":\"https:\\\/\\\/diariotextual.com\\\/inicio\\\/index.php\\\/2023\\\/07\\\/05\\\/piden-regimen-especial-de-cursado-para-estudiantes-de-la-unlpam-que-trabajan\\\/#primaryimage\"},\"thumbnailUrl\":\"https:\\\/\\\/diariotextual.com\\\/inicio\\\/wp-content\\\/uploads\\\/2021\\\/06\\\/unlpamfrente2021-2.jpg\",\"datePublished\":\"2023-07-05T20:32:28+00:00\",\"dateModified\":\"2023-07-06T10:10:54+00:00\",\"breadcrumb\":{\"@id\":\"https:\\\/\\\/diariotextual.com\\\/inicio\\\/index.php\\\/2023\\\/07\\\/05\\\/piden-regimen-especial-de-cursado-para-estudiantes-de-la-unlpam-que-trabajan\\\/#breadcrumb\"},\"inLanguage\":\"es\",\"potentialAction\":[{\"@type\":\"ReadAction\",\"target\":[\"https:\\\/\\\/diariotextual.com\\\/inicio\\\/index.php\\\/2023\\\/07\\\/05\\\/piden-regimen-especial-de-cursado-para-estudiantes-de-la-unlpam-que-trabajan\\\/\"]}]},{\"@type\":\"ImageObject\",\"inLanguage\":\"es\",\"@id\":\"https:\\\/\\\/diariotextual.com\\\/inicio\\\/index.php\\\/2023\\\/07\\\/05\\\/piden-regimen-especial-de-cursado-para-estudiantes-de-la-unlpam-que-trabajan\\\/#primaryimage\",\"url\":\"https:\\\/\\\/diariotextual.com\\\/inicio\\\/wp-content\\\/uploads\\\/2021\\\/06\\\/unlpamfrente2021-2.jpg\",\"contentUrl\":\"https:\\\/\\\/diariotextual.com\\\/inicio\\\/wp-content\\\/uploads\\\/2021\\\/06\\\/unlpamfrente2021-2.jpg\",\"width\":1048,\"height\":603},{\"@type\":\"BreadcrumbList\",\"@id\":\"https:\\\/\\\/diariotextual.com\\\/inicio\\\/index.php\\\/2023\\\/07\\\/05\\\/piden-regimen-especial-de-cursado-para-estudiantes-de-la-unlpam-que-trabajan\\\/#breadcrumb\",\"itemListElement\":[{\"@type\":\"ListItem\",\"position\":1,\"name\":\"Portada\",\"item\":\"https:\\\/\\\/diariotextual.com\\\/inicio\\\/\"},{\"@type\":\"ListItem\",\"position\":2,\"name\":\"Piden r\u00e9gimen especial de cursado para estudiantes de la UNLPam que trabajan\"}]},{\"@type\":\"WebSite\",\"@id\":\"https:\\\/\\\/diariotextual.com\\\/inicio\\\/#website\",\"url\":\"https:\\\/\\\/diariotextual.com\\\/inicio\\\/\",\"name\":\"Diario Textual\",\"description\":\"\",\"publisher\":{\"@id\":\"https:\\\/\\\/diariotextual.com\\\/inicio\\\/#organization\"},\"potentialAction\":[{\"@type\":\"SearchAction\",\"target\":{\"@type\":\"EntryPoint\",\"urlTemplate\":\"https:\\\/\\\/diariotextual.com\\\/inicio\\\/?s={search_term_string}\"},\"query-input\":{\"@type\":\"PropertyValueSpecification\",\"valueRequired\":true,\"valueName\":\"search_term_string\"}}],\"inLanguage\":\"es\"},{\"@type\":\"Organization\",\"@id\":\"https:\\\/\\\/diariotextual.com\\\/inicio\\\/#organization\",\"name\":\"Diario Textual\",\"url\":\"https:\\\/\\\/diariotextual.com\\\/inicio\\\/\",\"logo\":{\"@type\":\"ImageObject\",\"inLanguage\":\"es\",\"@id\":\"https:\\\/\\\/diariotextual.com\\\/inicio\\\/#\\\/schema\\\/logo\\\/image\\\/\",\"url\":\"https:\\\/\\\/diariotextual.com\\\/inicio\\\/wp-content\\\/uploads\\\/2023\\\/05\\\/logotextual1.jpg\",\"contentUrl\":\"https:\\\/\\\/diariotextual.com\\\/inicio\\\/wp-content\\\/uploads\\\/2023\\\/05\\\/logotextual1.jpg\",\"width\":516,\"height\":76,\"caption\":\"Diario Textual\"},\"image\":{\"@id\":\"https:\\\/\\\/diariotextual.com\\\/inicio\\\/#\\\/schema\\\/logo\\\/image\\\/\"},\"sameAs\":[\"https:\\\/\\\/www.facebook.com\\\/eltextual\",\"https:\\\/\\\/x.com\\\/eltextual\",\"http:\\\/\\\/www.instagram.com\\\/eltextual\"]},{\"@type\":\"Person\",\"@id\":\"https:\\\/\\\/diariotextual.com\\\/inicio\\\/#\\\/schema\\\/person\\\/418fc4093c33e86ed41562db3508f958\",\"name\":\"Diario1 Diario1\",\"image\":{\"@type\":\"ImageObject\",\"inLanguage\":\"es\",\"@id\":\"https:\\\/\\\/secure.gravatar.com\\\/avatar\\\/9167d280179c85bc18be67aa7eda765854300033af4896dd779b608640f2ef7a?s=96&d=mm&r=g\",\"url\":\"https:\\\/\\\/secure.gravatar.com\\\/avatar\\\/9167d280179c85bc18be67aa7eda765854300033af4896dd779b608640f2ef7a?s=96&d=mm&r=g\",\"contentUrl\":\"https:\\\/\\\/secure.gravatar.com\\\/avatar\\\/9167d280179c85bc18be67aa7eda765854300033af4896dd779b608640f2ef7a?s=96&d=mm&r=g\",\"caption\":\"Diario1 Diario1\"},\"url\":\"https:\\\/\\\/diariotextual.com\\\/inicio\\\/index.php\\\/author\\\/diario1\\\/\"}]}<\/script>\n<!-- \/ Yoast SEO plugin. -->","yoast_head_json":{"title":"Piden r\u00e9gimen especial de cursado para estudiantes de la UNLPam que trabajan - Diario Textual","robots":{"index":"index","follow":"follow","max-snippet":"max-snippet:-1","max-image-preview":"max-image-preview:large","max-video-preview":"max-video-preview:-1"},"canonical":"https:\/\/diariotextual.com\/inicio\/index.php\/2023\/07\/05\/piden-regimen-especial-de-cursado-para-estudiantes-de-la-unlpam-que-trabajan\/","og_locale":"es_ES","og_type":"article","og_title":"Piden r\u00e9gimen especial de cursado para estudiantes de la UNLPam que trabajan - Diario Textual","og_description":"Los consejeros superiores Luj\u00e1n Junquera y Tadeo Prieto (de Juntos Podemos + Unidad Estudiantil) presentaron en la Universidad Nacional de La Pampa (UNLPam) un proyecto que busca la creaci\u00f3n de&hellip;","og_url":"https:\/\/diariotextual.com\/inicio\/index.php\/2023\/07\/05\/piden-regimen-especial-de-cursado-para-estudiantes-de-la-unlpam-que-trabajan\/","og_site_name":"Diario Textual","article_publisher":"https:\/\/www.facebook.com\/eltextual","article_published_time":"2023-07-05T20:32:28+00:00","article_modified_time":"2023-07-06T10:10:54+00:00","og_image":[{"width":1048,"height":603,"url":"https:\/\/diariotextual.com\/inicio\/wp-content\/uploads\/2021\/06\/unlpamfrente2021-2.jpg","type":"image\/jpeg"}],"author":"Diario1 Diario1","twitter_card":"summary_large_image","twitter_creator":"@eltextual","twitter_site":"@eltextual","twitter_misc":{"Escrito por":"Diario1 Diario1","Tiempo de lectura":"2 minutos"},"schema":{"@context":"https:\/\/schema.org","@graph":[{"@type":"Article","@id":"https:\/\/diariotextual.com\/inicio\/index.php\/2023\/07\/05\/piden-regimen-especial-de-cursado-para-estudiantes-de-la-unlpam-que-trabajan\/#article","isPartOf":{"@id":"https:\/\/diariotextual.com\/inicio\/index.php\/2023\/07\/05\/piden-regimen-especial-de-cursado-para-estudiantes-de-la-unlpam-que-trabajan\/"},"author":{"name":"Diario1 Diario1","@id":"https:\/\/diariotextual.com\/inicio\/#\/schema\/person\/418fc4093c33e86ed41562db3508f958"},"headline":"Piden r\u00e9gimen especial de cursado para estudiantes de la UNLPam que trabajan","datePublished":"2023-07-05T20:32:28+00:00","dateModified":"2023-07-06T10:10:54+00:00","mainEntityOfPage":{"@id":"https:\/\/diariotextual.com\/inicio\/index.php\/2023\/07\/05\/piden-regimen-especial-de-cursado-para-estudiantes-de-la-unlpam-que-trabajan\/"},"wordCount":339,"publisher":{"@id":"https:\/\/diariotextual.com\/inicio\/#organization"},"image":{"@id":"https:\/\/diariotextual.com\/inicio\/index.php\/2023\/07\/05\/piden-regimen-especial-de-cursado-para-estudiantes-de-la-unlpam-que-trabajan\/#primaryimage"},"thumbnailUrl":"https:\/\/diariotextual.com\/inicio\/wp-content\/uploads\/2021\/06\/unlpamfrente2021-2.jpg","articleSection":["A - ES NOTICIA (van abajo)","A - QUE PASA (al costado)","SOCIEDAD"],"inLanguage":"es"},{"@type":"WebPage","@id":"https:\/\/diariotextual.com\/inicio\/index.php\/2023\/07\/05\/piden-regimen-especial-de-cursado-para-estudiantes-de-la-unlpam-que-trabajan\/","url":"https:\/\/diariotextual.com\/inicio\/index.php\/2023\/07\/05\/piden-regimen-especial-de-cursado-para-estudiantes-de-la-unlpam-que-trabajan\/","name":"Piden r\u00e9gimen especial de cursado para estudiantes de la UNLPam que trabajan - Diario Textual","isPartOf":{"@id":"https:\/\/diariotextual.com\/inicio\/#website"},"primaryImageOfPage":{"@id":"https:\/\/diariotextual.com\/inicio\/index.php\/2023\/07\/05\/piden-regimen-especial-de-cursado-para-estudiantes-de-la-unlpam-que-trabajan\/#primaryimage"},"image":{"@id":"https:\/\/diariotextual.com\/inicio\/index.php\/2023\/07\/05\/piden-regimen-especial-de-cursado-para-estudiantes-de-la-unlpam-que-trabajan\/#primaryimage"},"thumbnailUrl":"https:\/\/diariotextual.com\/inicio\/wp-content\/uploads\/2021\/06\/unlpamfrente2021-2.jpg","datePublished":"2023-07-05T20:32:28+00:00","dateModified":"2023-07-06T10:10:54+00:00","breadcrumb":{"@id":"https:\/\/diariotextual.com\/inicio\/index.php\/2023\/07\/05\/piden-regimen-especial-de-cursado-para-estudiantes-de-la-unlpam-que-trabajan\/#breadcrumb"},"inLanguage":"es","potentialAction":[{"@type":"ReadAction","target":["https:\/\/diariotextual.com\/inicio\/index.php\/2023\/07\/05\/piden-regimen-especial-de-cursado-para-estudiantes-de-la-unlpam-que-trabajan\/"]}]},{"@type":"ImageObject","inLanguage":"es","@id":"https:\/\/diariotextual.com\/inicio\/index.php\/2023\/07\/05\/piden-regimen-especial-de-cursado-para-estudiantes-de-la-unlpam-que-trabajan\/#primaryimage","url":"https:\/\/diariotextual.com\/inicio\/wp-content\/uploads\/2021\/06\/unlpamfrente2021-2.jpg","contentUrl":"https:\/\/diariotextual.com\/inicio\/wp-content\/uploads\/2021\/06\/unlpamfrente2021-2.jpg","width":1048,"height":603},{"@type":"BreadcrumbList","@id":"https:\/\/diariotextual.com\/inicio\/index.php\/2023\/07\/05\/piden-regimen-especial-de-cursado-para-estudiantes-de-la-unlpam-que-trabajan\/#breadcrumb","itemListElement":[{"@type":"ListItem","position":1,"name":"Portada","item":"https:\/\/diariotextual.com\/inicio\/"},{"@type":"ListItem","position":2,"name":"Piden r\u00e9gimen especial de cursado para estudiantes de la UNLPam que trabajan"}]},{"@type":"WebSite","@id":"https:\/\/diariotextual.com\/inicio\/#website","url":"https:\/\/diariotextual.com\/inicio\/","name":"Diario Textual","description":"","publisher":{"@id":"https:\/\/diariotextual.com\/inicio\/#organization"},"potentialAction":[{"@type":"SearchAction","target":{"@type":"EntryPoint","urlTemplate":"https:\/\/diariotextual.com\/inicio\/?s={search_term_string}"},"query-input":{"@type":"PropertyValueSpecification","valueRequired":true,"valueName":"search_term_string"}}],"inLanguage":"es"},{"@type":"Organization","@id":"https:\/\/diariotextual.com\/inicio\/#organization","name":"Diario Textual","url":"https:\/\/diariotextual.com\/inicio\/","logo":{"@type":"ImageObject","inLanguage":"es","@id":"https:\/\/diariotextual.com\/inicio\/#\/schema\/logo\/image\/","url":"https:\/\/diariotextual.com\/inicio\/wp-content\/uploads\/2023\/05\/logotextual1.jpg","contentUrl":"https:\/\/diariotextual.com\/inicio\/wp-content\/uploads\/2023\/05\/logotextual1.jpg","width":516,"height":76,"caption":"Diario Textual"},"image":{"@id":"https:\/\/diariotextual.com\/inicio\/#\/schema\/logo\/image\/"},"sameAs":["https:\/\/www.facebook.com\/eltextual","https:\/\/x.com\/eltextual","http:\/\/www.instagram.com\/eltextual"]},{"@type":"Person","@id":"https:\/\/diariotextual.com\/inicio\/#\/schema\/person\/418fc4093c33e86ed41562db3508f958","name":"Diario1 Diario1","image":{"@type":"ImageObject","inLanguage":"es","@id":"https:\/\/secure.gravatar.com\/avatar\/9167d280179c85bc18be67aa7eda765854300033af4896dd779b608640f2ef7a?s=96&d=mm&r=g","url":"https:\/\/secure.gravatar.com\/avatar\/9167d280179c85bc18be67aa7eda765854300033af4896dd779b608640f2ef7a?s=96&d=mm&r=g","contentUrl":"https:\/\/secure.gravatar.com\/avatar\/9167d280179c85bc18be67aa7eda765854300033af4896dd779b608640f2ef7a?s=96&d=mm&r=g","caption":"Diario1 Diario1"},"url":"https:\/\/diariotextual.com\/inicio\/index.php\/author\/diario1\/"}]}},"_links":{"self":[{"href":"https:\/\/diariotextual.com\/inicio\/index.php\/wp-json\/wp\/v2\/posts\/230316","targetHints":{"allow":["GET"]}}],"collection":[{"href":"https:\/\/diariotextual.com\/inicio\/index.php\/wp-json\/wp\/v2\/posts"}],"about":[{"href":"https:\/\/diariotextual.com\/inicio\/index.php\/wp-json\/wp\/v2\/types\/post"}],"author":[{"embeddable":true,"href":"https:\/\/diariotextual.com\/inicio\/index.php\/wp-json\/wp\/v2\/users\/3"}],"replies":[{"embeddable":true,"href":"https:\/\/diariotextual.com\/inicio\/index.php\/wp-json\/wp\/v2\/comments?post=230316"}],"version-history":[{"count":2,"href":"https:\/\/diariotextual.com\/inicio\/index.php\/wp-json\/wp\/v2\/posts\/230316\/revisions"}],"predecessor-version":[{"id":230318,"href":"https:\/\/diariotextual.com\/inicio\/index.php\/wp-json\/wp\/v2\/posts\/230316\/revisions\/230318"}],"wp:featuredmedia":[{"embeddable":true,"href":"https:\/\/diariotextual.com\/inicio\/index.php\/wp-json\/wp\/v2\/media\/150752"}],"wp:attachment":[{"href":"https:\/\/diariotextual.com\/inicio\/index.php\/wp-json\/wp\/v2\/media?parent=230316"}],"wp:term":[{"taxonomy":"category","embeddable":true,"href":"https:\/\/diariotextual.com\/inicio\/index.php\/wp-json\/wp\/v2\/categories?post=230316"},{"taxonomy":"post_tag","embeddable":true,"href":"https:\/\/diariotextual.com\/inicio\/index.php\/wp-json\/wp\/v2\/tags?post=230316"}],"curies":[{"name":"wp","href":"https:\/\/api.w.org\/{rel}","templated":true}]}}