{"id":230326,"date":"2023-07-05T17:53:15","date_gmt":"2023-07-05T20:53:15","guid":{"rendered":"https:\/\/diariotextual.com\/inicio\/?p=230326"},"modified":"2023-07-05T17:53:52","modified_gmt":"2023-07-05T20:53:52","slug":"autoria-y-responsabilidad-penal-a-un-tio-por-abusos-ultrajantes","status":"publish","type":"post","link":"https:\/\/diariotextual.com\/inicio\/index.php\/2023\/07\/05\/autoria-y-responsabilidad-penal-a-un-tio-por-abusos-ultrajantes\/","title":{"rendered":"Autor\u00eda y responsabilidad penal a un t\u00edo por abusos ultrajantes"},"content":{"rendered":"\n<p>A trav\u00e9s del procedimiento de juicio abreviado, la jueza de control santarrose\u00f1a Mar\u00eda Paola Frigerio declar\u00f3 la autor\u00eda y responsabilidad de un joven \u201317 a\u00f1os al momento de los hechos\u2013 por abuso sexual gravemente ultrajante por las circunstancias de su realizaci\u00f3n como delito continuado. Las agresiones fueron encuadras en la ley 26061 de Protecci\u00f3n integral de los derechos de las ni\u00f1as, ni\u00f1os y adolescentes. La v\u00edctima fue un sobrino del imputado.<\/p>\n\n\n\n<p>El acuerdo fue presentado, en forma conjunta, por la fiscala Mar\u00eda Micaela Succurro, el defensor oficial Juan Jos\u00e9 Herm\u00faa y el propio acusado (hoy de 26 a\u00f1os), quien admiti\u00f3 su responsabilidad. Una copia del fallo fue remitida al Juzgado de la Familia, Ni\u00f1as, Ni\u00f1os y Adolescentes de la Primera Circunscripci\u00f3n Judicial.<\/p>\n\n\n\n<p>Con las pruebas reunidas durante la investigaci\u00f3n fiscal preparatoria se acredit\u00f3 que el imputado agredi\u00f3 sexualmente a su sobrino \u2013en su documento de identidad figura con nombre de mujer pero se autopercibe del g\u00e9nero masculino\u2013 en m\u00faltiples oportunidades cuando ten\u00eda entre 9 y 11 a\u00f1os. El \u00faltimo episodio ocurri\u00f3 antes que naciera la hija del victimario.<\/p>\n\n\n\n<p>Los ataques ocurrieron en el domicilio de la madre del acusado, generalmente cuando compart\u00edan cenas familiares, y en una ocasi\u00f3n en la casa de la v\u00edctima.<\/p>\n\n\n\n<p>\u201cTeniendo en consideraci\u00f3n las particulares circunstancias en las que se llevan a cabo este tipo de delitos, en los cuales en la mayor\u00eda de los casos ocurren en la intimidad y sin testigos directos, la declaraci\u00f3n brindada por la v\u00edctima se vuelve una prueba fundamental a los fines de acreditar los hechos\u201d, sostuvo Frigerio.<\/p>\n\n\n\n<p>Ella, adem\u00e1s, valor\u00f3 la denuncia realizada por la propia v\u00edctima (hoy de 18 a\u00f1os), el testimonio de su madre y hermana del agresor, e informes de profesionales que intervinieron en la causa.<\/p>\n\n\n\n<p>Por otra parte, la magistrada dispuso \u2013como medida de protecci\u00f3n y por un a\u00f1o\u2013 la prohibici\u00f3n de acercamiento del t\u00edo a menos de 200 metros del lugar de residencia de su sobrino y cualquier tipo de contacto.\u200b<\/p>\n","protected":false},"excerpt":{"rendered":"<p>A trav\u00e9s del procedimiento de juicio abreviado, la jueza de control santarrose\u00f1a Mar\u00eda Paola Frigerio declar\u00f3 la autor\u00eda y responsabilidad de un joven \u201317 a\u00f1os al momento de los hechos\u2013&hellip;<\/p>\n","protected":false},"author":3,"featured_media":1608,"comment_status":"closed","ping_status":"open","sticky":false,"template":"","format":"standard","meta":{"_acf_changed":false,"footnotes":""},"categories":[1,12],"tags":[],"class_list":["post-230326","post","type-post","status-publish","format-standard","has-post-thumbnail","hentry","category-es-noticia","category-sociedad"],"acf":[],"yoast_head":"<!-- This site is optimized with the Yoast SEO plugin v27.5 - https:\/\/yoast.com\/product\/yoast-seo-wordpress\/ -->\n<title>Autor\u00eda y responsabilidad penal a un t\u00edo por abusos ultrajantes - Diario Textual<\/title>\n<meta name=\"robots\" content=\"index, follow, max-snippet:-1, max-image-preview:large, max-video-preview:-1\" \/>\n<link rel=\"canonical\" href=\"https:\/\/diariotextual.com\/inicio\/index.php\/2023\/07\/05\/autoria-y-responsabilidad-penal-a-un-tio-por-abusos-ultrajantes\/\" \/>\n<meta property=\"og:locale\" content=\"es_ES\" \/>\n<meta property=\"og:type\" content=\"article\" \/>\n<meta property=\"og:title\" content=\"Autor\u00eda y responsabilidad penal a un t\u00edo por abusos ultrajantes - Diario Textual\" \/>\n<meta property=\"og:description\" content=\"A trav\u00e9s del procedimiento de juicio abreviado, la jueza de control santarrose\u00f1a Mar\u00eda Paola Frigerio declar\u00f3 la autor\u00eda y responsabilidad de un joven \u201317 a\u00f1os al momento de los hechos\u2013&hellip;\" \/>\n<meta property=\"og:url\" content=\"https:\/\/diariotextual.com\/inicio\/index.php\/2023\/07\/05\/autoria-y-responsabilidad-penal-a-un-tio-por-abusos-ultrajantes\/\" \/>\n<meta property=\"og:site_name\" content=\"Diario Textual\" \/>\n<meta property=\"article:publisher\" content=\"https:\/\/www.facebook.com\/eltextual\" \/>\n<meta property=\"article:published_time\" content=\"2023-07-05T20:53:15+00:00\" \/>\n<meta property=\"article:modified_time\" content=\"2023-07-05T20:53:52+00:00\" \/>\n<meta property=\"og:image\" content=\"https:\/\/diariotextual.com\/inicio\/wp-content\/uploads\/2018\/03\/centrojudicial2016-1222.jpg\" \/>\n\t<meta property=\"og:image:width\" content=\"600\" \/>\n\t<meta property=\"og:image:height\" content=\"400\" \/>\n\t<meta property=\"og:image:type\" content=\"image\/jpeg\" \/>\n<meta name=\"author\" content=\"Diario1 Diario1\" \/>\n<meta name=\"twitter:card\" content=\"summary_large_image\" \/>\n<meta name=\"twitter:creator\" content=\"@eltextual\" \/>\n<meta name=\"twitter:site\" content=\"@eltextual\" \/>\n<meta name=\"twitter:label1\" content=\"Escrito por\" \/>\n\t<meta name=\"twitter:data1\" content=\"Diario1 Diario1\" \/>\n\t<meta name=\"twitter:label2\" content=\"Tiempo de lectura\" \/>\n\t<meta name=\"twitter:data2\" content=\"2 minutos\" \/>\n<script type=\"application\/ld+json\" class=\"yoast-schema-graph\">{\"@context\":\"https:\\\/\\\/schema.org\",\"@graph\":[{\"@type\":\"Article\",\"@id\":\"https:\\\/\\\/diariotextual.com\\\/inicio\\\/index.php\\\/2023\\\/07\\\/05\\\/autoria-y-responsabilidad-penal-a-un-tio-por-abusos-ultrajantes\\\/#article\",\"isPartOf\":{\"@id\":\"https:\\\/\\\/diariotextual.com\\\/inicio\\\/index.php\\\/2023\\\/07\\\/05\\\/autoria-y-responsabilidad-penal-a-un-tio-por-abusos-ultrajantes\\\/\"},\"author\":{\"name\":\"Diario1 Diario1\",\"@id\":\"https:\\\/\\\/diariotextual.com\\\/inicio\\\/#\\\/schema\\\/person\\\/418fc4093c33e86ed41562db3508f958\"},\"headline\":\"Autor\u00eda y responsabilidad penal a un t\u00edo por abusos ultrajantes\",\"datePublished\":\"2023-07-05T20:53:15+00:00\",\"dateModified\":\"2023-07-05T20:53:52+00:00\",\"mainEntityOfPage\":{\"@id\":\"https:\\\/\\\/diariotextual.com\\\/inicio\\\/index.php\\\/2023\\\/07\\\/05\\\/autoria-y-responsabilidad-penal-a-un-tio-por-abusos-ultrajantes\\\/\"},\"wordCount\":367,\"publisher\":{\"@id\":\"https:\\\/\\\/diariotextual.com\\\/inicio\\\/#organization\"},\"image\":{\"@id\":\"https:\\\/\\\/diariotextual.com\\\/inicio\\\/index.php\\\/2023\\\/07\\\/05\\\/autoria-y-responsabilidad-penal-a-un-tio-por-abusos-ultrajantes\\\/#primaryimage\"},\"thumbnailUrl\":\"https:\\\/\\\/diariotextual.com\\\/inicio\\\/wp-content\\\/uploads\\\/2018\\\/03\\\/centrojudicial2016-1222.jpg\",\"articleSection\":[\"A - ES NOTICIA (van abajo)\",\"SOCIEDAD\"],\"inLanguage\":\"es\"},{\"@type\":\"WebPage\",\"@id\":\"https:\\\/\\\/diariotextual.com\\\/inicio\\\/index.php\\\/2023\\\/07\\\/05\\\/autoria-y-responsabilidad-penal-a-un-tio-por-abusos-ultrajantes\\\/\",\"url\":\"https:\\\/\\\/diariotextual.com\\\/inicio\\\/index.php\\\/2023\\\/07\\\/05\\\/autoria-y-responsabilidad-penal-a-un-tio-por-abusos-ultrajantes\\\/\",\"name\":\"Autor\u00eda y responsabilidad penal a un t\u00edo por abusos ultrajantes - Diario Textual\",\"isPartOf\":{\"@id\":\"https:\\\/\\\/diariotextual.com\\\/inicio\\\/#website\"},\"primaryImageOfPage\":{\"@id\":\"https:\\\/\\\/diariotextual.com\\\/inicio\\\/index.php\\\/2023\\\/07\\\/05\\\/autoria-y-responsabilidad-penal-a-un-tio-por-abusos-ultrajantes\\\/#primaryimage\"},\"image\":{\"@id\":\"https:\\\/\\\/diariotextual.com\\\/inicio\\\/index.php\\\/2023\\\/07\\\/05\\\/autoria-y-responsabilidad-penal-a-un-tio-por-abusos-ultrajantes\\\/#primaryimage\"},\"thumbnailUrl\":\"https:\\\/\\\/diariotextual.com\\\/inicio\\\/wp-content\\\/uploads\\\/2018\\\/03\\\/centrojudicial2016-1222.jpg\",\"datePublished\":\"2023-07-05T20:53:15+00:00\",\"dateModified\":\"2023-07-05T20:53:52+00:00\",\"breadcrumb\":{\"@id\":\"https:\\\/\\\/diariotextual.com\\\/inicio\\\/index.php\\\/2023\\\/07\\\/05\\\/autoria-y-responsabilidad-penal-a-un-tio-por-abusos-ultrajantes\\\/#breadcrumb\"},\"inLanguage\":\"es\",\"potentialAction\":[{\"@type\":\"ReadAction\",\"target\":[\"https:\\\/\\\/diariotextual.com\\\/inicio\\\/index.php\\\/2023\\\/07\\\/05\\\/autoria-y-responsabilidad-penal-a-un-tio-por-abusos-ultrajantes\\\/\"]}]},{\"@type\":\"ImageObject\",\"inLanguage\":\"es\",\"@id\":\"https:\\\/\\\/diariotextual.com\\\/inicio\\\/index.php\\\/2023\\\/07\\\/05\\\/autoria-y-responsabilidad-penal-a-un-tio-por-abusos-ultrajantes\\\/#primaryimage\",\"url\":\"https:\\\/\\\/diariotextual.com\\\/inicio\\\/wp-content\\\/uploads\\\/2018\\\/03\\\/centrojudicial2016-1222.jpg\",\"contentUrl\":\"https:\\\/\\\/diariotextual.com\\\/inicio\\\/wp-content\\\/uploads\\\/2018\\\/03\\\/centrojudicial2016-1222.jpg\",\"width\":600,\"height\":400},{\"@type\":\"BreadcrumbList\",\"@id\":\"https:\\\/\\\/diariotextual.com\\\/inicio\\\/index.php\\\/2023\\\/07\\\/05\\\/autoria-y-responsabilidad-penal-a-un-tio-por-abusos-ultrajantes\\\/#breadcrumb\",\"itemListElement\":[{\"@type\":\"ListItem\",\"position\":1,\"name\":\"Portada\",\"item\":\"https:\\\/\\\/diariotextual.com\\\/inicio\\\/\"},{\"@type\":\"ListItem\",\"position\":2,\"name\":\"Autor\u00eda y responsabilidad penal a un t\u00edo por abusos ultrajantes\"}]},{\"@type\":\"WebSite\",\"@id\":\"https:\\\/\\\/diariotextual.com\\\/inicio\\\/#website\",\"url\":\"https:\\\/\\\/diariotextual.com\\\/inicio\\\/\",\"name\":\"Diario Textual\",\"description\":\"\",\"publisher\":{\"@id\":\"https:\\\/\\\/diariotextual.com\\\/inicio\\\/#organization\"},\"potentialAction\":[{\"@type\":\"SearchAction\",\"target\":{\"@type\":\"EntryPoint\",\"urlTemplate\":\"https:\\\/\\\/diariotextual.com\\\/inicio\\\/?s={search_term_string}\"},\"query-input\":{\"@type\":\"PropertyValueSpecification\",\"valueRequired\":true,\"valueName\":\"search_term_string\"}}],\"inLanguage\":\"es\"},{\"@type\":\"Organization\",\"@id\":\"https:\\\/\\\/diariotextual.com\\\/inicio\\\/#organization\",\"name\":\"Diario Textual\",\"url\":\"https:\\\/\\\/diariotextual.com\\\/inicio\\\/\",\"logo\":{\"@type\":\"ImageObject\",\"inLanguage\":\"es\",\"@id\":\"https:\\\/\\\/diariotextual.com\\\/inicio\\\/#\\\/schema\\\/logo\\\/image\\\/\",\"url\":\"https:\\\/\\\/diariotextual.com\\\/inicio\\\/wp-content\\\/uploads\\\/2023\\\/05\\\/logotextual1.jpg\",\"contentUrl\":\"https:\\\/\\\/diariotextual.com\\\/inicio\\\/wp-content\\\/uploads\\\/2023\\\/05\\\/logotextual1.jpg\",\"width\":516,\"height\":76,\"caption\":\"Diario Textual\"},\"image\":{\"@id\":\"https:\\\/\\\/diariotextual.com\\\/inicio\\\/#\\\/schema\\\/logo\\\/image\\\/\"},\"sameAs\":[\"https:\\\/\\\/www.facebook.com\\\/eltextual\",\"https:\\\/\\\/x.com\\\/eltextual\",\"http:\\\/\\\/www.instagram.com\\\/eltextual\"]},{\"@type\":\"Person\",\"@id\":\"https:\\\/\\\/diariotextual.com\\\/inicio\\\/#\\\/schema\\\/person\\\/418fc4093c33e86ed41562db3508f958\",\"name\":\"Diario1 Diario1\",\"image\":{\"@type\":\"ImageObject\",\"inLanguage\":\"es\",\"@id\":\"https:\\\/\\\/secure.gravatar.com\\\/avatar\\\/9167d280179c85bc18be67aa7eda765854300033af4896dd779b608640f2ef7a?s=96&d=mm&r=g\",\"url\":\"https:\\\/\\\/secure.gravatar.com\\\/avatar\\\/9167d280179c85bc18be67aa7eda765854300033af4896dd779b608640f2ef7a?s=96&d=mm&r=g\",\"contentUrl\":\"https:\\\/\\\/secure.gravatar.com\\\/avatar\\\/9167d280179c85bc18be67aa7eda765854300033af4896dd779b608640f2ef7a?s=96&d=mm&r=g\",\"caption\":\"Diario1 Diario1\"},\"url\":\"https:\\\/\\\/diariotextual.com\\\/inicio\\\/index.php\\\/author\\\/diario1\\\/\"}]}<\/script>\n<!-- \/ Yoast SEO plugin. -->","yoast_head_json":{"title":"Autor\u00eda y responsabilidad penal a un t\u00edo por abusos ultrajantes - Diario Textual","robots":{"index":"index","follow":"follow","max-snippet":"max-snippet:-1","max-image-preview":"max-image-preview:large","max-video-preview":"max-video-preview:-1"},"canonical":"https:\/\/diariotextual.com\/inicio\/index.php\/2023\/07\/05\/autoria-y-responsabilidad-penal-a-un-tio-por-abusos-ultrajantes\/","og_locale":"es_ES","og_type":"article","og_title":"Autor\u00eda y responsabilidad penal a un t\u00edo por abusos ultrajantes - Diario Textual","og_description":"A trav\u00e9s del procedimiento de juicio abreviado, la jueza de control santarrose\u00f1a Mar\u00eda Paola Frigerio declar\u00f3 la autor\u00eda y responsabilidad de un joven \u201317 a\u00f1os al momento de los hechos\u2013&hellip;","og_url":"https:\/\/diariotextual.com\/inicio\/index.php\/2023\/07\/05\/autoria-y-responsabilidad-penal-a-un-tio-por-abusos-ultrajantes\/","og_site_name":"Diario Textual","article_publisher":"https:\/\/www.facebook.com\/eltextual","article_published_time":"2023-07-05T20:53:15+00:00","article_modified_time":"2023-07-05T20:53:52+00:00","og_image":[{"width":600,"height":400,"url":"https:\/\/diariotextual.com\/inicio\/wp-content\/uploads\/2018\/03\/centrojudicial2016-1222.jpg","type":"image\/jpeg"}],"author":"Diario1 Diario1","twitter_card":"summary_large_image","twitter_creator":"@eltextual","twitter_site":"@eltextual","twitter_misc":{"Escrito por":"Diario1 Diario1","Tiempo de lectura":"2 minutos"},"schema":{"@context":"https:\/\/schema.org","@graph":[{"@type":"Article","@id":"https:\/\/diariotextual.com\/inicio\/index.php\/2023\/07\/05\/autoria-y-responsabilidad-penal-a-un-tio-por-abusos-ultrajantes\/#article","isPartOf":{"@id":"https:\/\/diariotextual.com\/inicio\/index.php\/2023\/07\/05\/autoria-y-responsabilidad-penal-a-un-tio-por-abusos-ultrajantes\/"},"author":{"name":"Diario1 Diario1","@id":"https:\/\/diariotextual.com\/inicio\/#\/schema\/person\/418fc4093c33e86ed41562db3508f958"},"headline":"Autor\u00eda y responsabilidad penal a un t\u00edo por abusos ultrajantes","datePublished":"2023-07-05T20:53:15+00:00","dateModified":"2023-07-05T20:53:52+00:00","mainEntityOfPage":{"@id":"https:\/\/diariotextual.com\/inicio\/index.php\/2023\/07\/05\/autoria-y-responsabilidad-penal-a-un-tio-por-abusos-ultrajantes\/"},"wordCount":367,"publisher":{"@id":"https:\/\/diariotextual.com\/inicio\/#organization"},"image":{"@id":"https:\/\/diariotextual.com\/inicio\/index.php\/2023\/07\/05\/autoria-y-responsabilidad-penal-a-un-tio-por-abusos-ultrajantes\/#primaryimage"},"thumbnailUrl":"https:\/\/diariotextual.com\/inicio\/wp-content\/uploads\/2018\/03\/centrojudicial2016-1222.jpg","articleSection":["A - ES NOTICIA (van abajo)","SOCIEDAD"],"inLanguage":"es"},{"@type":"WebPage","@id":"https:\/\/diariotextual.com\/inicio\/index.php\/2023\/07\/05\/autoria-y-responsabilidad-penal-a-un-tio-por-abusos-ultrajantes\/","url":"https:\/\/diariotextual.com\/inicio\/index.php\/2023\/07\/05\/autoria-y-responsabilidad-penal-a-un-tio-por-abusos-ultrajantes\/","name":"Autor\u00eda y responsabilidad penal a un t\u00edo por abusos ultrajantes - Diario Textual","isPartOf":{"@id":"https:\/\/diariotextual.com\/inicio\/#website"},"primaryImageOfPage":{"@id":"https:\/\/diariotextual.com\/inicio\/index.php\/2023\/07\/05\/autoria-y-responsabilidad-penal-a-un-tio-por-abusos-ultrajantes\/#primaryimage"},"image":{"@id":"https:\/\/diariotextual.com\/inicio\/index.php\/2023\/07\/05\/autoria-y-responsabilidad-penal-a-un-tio-por-abusos-ultrajantes\/#primaryimage"},"thumbnailUrl":"https:\/\/diariotextual.com\/inicio\/wp-content\/uploads\/2018\/03\/centrojudicial2016-1222.jpg","datePublished":"2023-07-05T20:53:15+00:00","dateModified":"2023-07-05T20:53:52+00:00","breadcrumb":{"@id":"https:\/\/diariotextual.com\/inicio\/index.php\/2023\/07\/05\/autoria-y-responsabilidad-penal-a-un-tio-por-abusos-ultrajantes\/#breadcrumb"},"inLanguage":"es","potentialAction":[{"@type":"ReadAction","target":["https:\/\/diariotextual.com\/inicio\/index.php\/2023\/07\/05\/autoria-y-responsabilidad-penal-a-un-tio-por-abusos-ultrajantes\/"]}]},{"@type":"ImageObject","inLanguage":"es","@id":"https:\/\/diariotextual.com\/inicio\/index.php\/2023\/07\/05\/autoria-y-responsabilidad-penal-a-un-tio-por-abusos-ultrajantes\/#primaryimage","url":"https:\/\/diariotextual.com\/inicio\/wp-content\/uploads\/2018\/03\/centrojudicial2016-1222.jpg","contentUrl":"https:\/\/diariotextual.com\/inicio\/wp-content\/uploads\/2018\/03\/centrojudicial2016-1222.jpg","width":600,"height":400},{"@type":"BreadcrumbList","@id":"https:\/\/diariotextual.com\/inicio\/index.php\/2023\/07\/05\/autoria-y-responsabilidad-penal-a-un-tio-por-abusos-ultrajantes\/#breadcrumb","itemListElement":[{"@type":"ListItem","position":1,"name":"Portada","item":"https:\/\/diariotextual.com\/inicio\/"},{"@type":"ListItem","position":2,"name":"Autor\u00eda y responsabilidad penal a un t\u00edo por abusos ultrajantes"}]},{"@type":"WebSite","@id":"https:\/\/diariotextual.com\/inicio\/#website","url":"https:\/\/diariotextual.com\/inicio\/","name":"Diario Textual","description":"","publisher":{"@id":"https:\/\/diariotextual.com\/inicio\/#organization"},"potentialAction":[{"@type":"SearchAction","target":{"@type":"EntryPoint","urlTemplate":"https:\/\/diariotextual.com\/inicio\/?s={search_term_string}"},"query-input":{"@type":"PropertyValueSpecification","valueRequired":true,"valueName":"search_term_string"}}],"inLanguage":"es"},{"@type":"Organization","@id":"https:\/\/diariotextual.com\/inicio\/#organization","name":"Diario Textual","url":"https:\/\/diariotextual.com\/inicio\/","logo":{"@type":"ImageObject","inLanguage":"es","@id":"https:\/\/diariotextual.com\/inicio\/#\/schema\/logo\/image\/","url":"https:\/\/diariotextual.com\/inicio\/wp-content\/uploads\/2023\/05\/logotextual1.jpg","contentUrl":"https:\/\/diariotextual.com\/inicio\/wp-content\/uploads\/2023\/05\/logotextual1.jpg","width":516,"height":76,"caption":"Diario Textual"},"image":{"@id":"https:\/\/diariotextual.com\/inicio\/#\/schema\/logo\/image\/"},"sameAs":["https:\/\/www.facebook.com\/eltextual","https:\/\/x.com\/eltextual","http:\/\/www.instagram.com\/eltextual"]},{"@type":"Person","@id":"https:\/\/diariotextual.com\/inicio\/#\/schema\/person\/418fc4093c33e86ed41562db3508f958","name":"Diario1 Diario1","image":{"@type":"ImageObject","inLanguage":"es","@id":"https:\/\/secure.gravatar.com\/avatar\/9167d280179c85bc18be67aa7eda765854300033af4896dd779b608640f2ef7a?s=96&d=mm&r=g","url":"https:\/\/secure.gravatar.com\/avatar\/9167d280179c85bc18be67aa7eda765854300033af4896dd779b608640f2ef7a?s=96&d=mm&r=g","contentUrl":"https:\/\/secure.gravatar.com\/avatar\/9167d280179c85bc18be67aa7eda765854300033af4896dd779b608640f2ef7a?s=96&d=mm&r=g","caption":"Diario1 Diario1"},"url":"https:\/\/diariotextual.com\/inicio\/index.php\/author\/diario1\/"}]}},"_links":{"self":[{"href":"https:\/\/diariotextual.com\/inicio\/index.php\/wp-json\/wp\/v2\/posts\/230326","targetHints":{"allow":["GET"]}}],"collection":[{"href":"https:\/\/diariotextual.com\/inicio\/index.php\/wp-json\/wp\/v2\/posts"}],"about":[{"href":"https:\/\/diariotextual.com\/inicio\/index.php\/wp-json\/wp\/v2\/types\/post"}],"author":[{"embeddable":true,"href":"https:\/\/diariotextual.com\/inicio\/index.php\/wp-json\/wp\/v2\/users\/3"}],"replies":[{"embeddable":true,"href":"https:\/\/diariotextual.com\/inicio\/index.php\/wp-json\/wp\/v2\/comments?post=230326"}],"version-history":[{"count":2,"href":"https:\/\/diariotextual.com\/inicio\/index.php\/wp-json\/wp\/v2\/posts\/230326\/revisions"}],"predecessor-version":[{"id":230328,"href":"https:\/\/diariotextual.com\/inicio\/index.php\/wp-json\/wp\/v2\/posts\/230326\/revisions\/230328"}],"wp:featuredmedia":[{"embeddable":true,"href":"https:\/\/diariotextual.com\/inicio\/index.php\/wp-json\/wp\/v2\/media\/1608"}],"wp:attachment":[{"href":"https:\/\/diariotextual.com\/inicio\/index.php\/wp-json\/wp\/v2\/media?parent=230326"}],"wp:term":[{"taxonomy":"category","embeddable":true,"href":"https:\/\/diariotextual.com\/inicio\/index.php\/wp-json\/wp\/v2\/categories?post=230326"},{"taxonomy":"post_tag","embeddable":true,"href":"https:\/\/diariotextual.com\/inicio\/index.php\/wp-json\/wp\/v2\/tags?post=230326"}],"curies":[{"name":"wp","href":"https:\/\/api.w.org\/{rel}","templated":true}]}}