{"id":230342,"date":"2023-07-05T20:07:23","date_gmt":"2023-07-05T23:07:23","guid":{"rendered":"https:\/\/diariotextual.com\/inicio\/?p=230342"},"modified":"2023-07-06T19:04:52","modified_gmt":"2023-07-06T22:04:52","slug":"santa-rosa-y-toay-hallan-nueva-especie-de-arana-venenosa","status":"publish","type":"post","link":"https:\/\/diariotextual.com\/inicio\/index.php\/2023\/07\/05\/santa-rosa-y-toay-hallan-nueva-especie-de-arana-venenosa\/","title":{"rendered":"Santa Rosa y Toay: hallan nueva especie de ara\u00f1a venenosa"},"content":{"rendered":"\n<p class=\"wp-block-paragraph\">Dos investigadores de la Facultad de Ciencias Exactas y Naturales de la UNLPam informaron de la presencia de <strong>dos especies de ara\u00f1as altamente venenosas en nuestra provincia, ambas del g\u00e9nero \u2018Loxosceles\u2019,<\/strong> una de ellas reportada <strong>por primera vez para esta regi\u00f3n del pa\u00eds, y otra cuya presencia ya se conoc\u00eda.<\/strong><\/p>\n\n\n\n<p class=\"wp-block-paragraph\">En una publicaci\u00f3n realizada en la <strong>Revista de la Sociedad Entomol\u00f3gica Argentina, Nicol\u00e1s Peralta Seen y Fernando Diez comunicaron el primer registro para La Pampa de \u2018Loxoxceles hirsuta\u2019 y confirmaron la presencia de \u2018Loxosceleslaeta\u2019, la peligrosa \u201cara\u00f1a violinista\u201d <\/strong>o ara\u00f1a de los rincones. La distancia geogr\u00e1fica y el lapso temporal entre los hallazgos -unos tres a\u00f1os- revelan que la especie ya est\u00e1 instalada en La Pampa.<\/p>\n\n\n\n<p class=\"wp-block-paragraph\"><strong>\u2018Loxosceles\u2019 es un g\u00e9nero de ara\u00f1as de amplia distribuci\u00f3n mundial, que incluye 143 especies, cinco de ellas con presencia en Argentina<\/strong>. \u2018Loxosceleslaeta\u2019, la ara\u00f1a violinista, es la que posee mayor distribuci\u00f3n en Sudam\u00e9rica, y tambi\u00e9n la m\u00e1s t\u00f3xica y peligrosa. Su existencia en La Pampa era conocida a\u00fan cuando no hab\u00eda, hasta ahora, reportes formales.<\/p>\n\n\n\n<p class=\"wp-block-paragraph\">En el caso de <strong>\u2018Loxosceles hirsuta\u2019, descripta por primera vez para La Pampa, este registro es el m\u00e1s austral para la especie<\/strong>, dato que sugiere un desplazamiento en sentido norte-sur.<\/p>\n\n\n\n<p class=\"wp-block-paragraph\">Seg\u00fan la \u2018Nota Cient\u00edfica\u2019 publicada el 30 de junio en el volumen 82(2) de la Revista de la SEA: \u201cLos espec\u00edmenes de \u2018L. hirsuta\u2019 de este trabajo fueron encontrados habitando estructuras humanas y recolectados en diferentes localidades, entrelargos per\u00edodos de tiempo, lo que sugiere que \u2018L. hirsuta\u2019, al igual que \u2018L. laeta\u2019, es altamente sinantr\u00f3pica y est\u00e1 establecida en La Pampa\u201d.<\/p>\n\n\n\n<p class=\"wp-block-paragraph\">Los espec\u00edmenes colectados, 18 entre las dos especies, fueron recogidos en Santa Rosa y Toay entre 2019 y 2022.<\/p>\n\n\n\n<p class=\"wp-block-paragraph\"><\/p>\n\n\n\n<p class=\"wp-block-paragraph\"><strong>Nueva especie<\/strong><\/p>\n\n\n\n<p class=\"wp-block-paragraph\">Como en otros integrantes del g\u00e9nero Loxosceles, \u2018L. hirsuta\u2019 presenta patas largas y finas con quel\u00edceros fusionados en las bases, y exhibe un notorio surco longitudinal sobre un algo deprimido cefalot\u00f3rax. Cuenta con 6 brillantes ojos, los que forman una disposici\u00f3n en tri\u00e1ngulo con el v\u00e9rtice apuntando hacia el frente, al poseer un par anterior y un par a cada lado.<\/p>\n\n\n\n<p class=\"wp-block-paragraph\">\u2018L. hirsuta\u2019 se muestra m\u00e1s activa durante la estaci\u00f3n c\u00e1lida. Es nocturna y sedentaria, tejiendo una irregular tela blanca bajo rocas, entre troncos o escombros, bajo la corteza de los \u00e1rboles o en menor medida en forma sinantr\u00f3pica, en gallineros, galpones, garajes, etc.<\/p>\n\n\n\n<p class=\"wp-block-paragraph\">Se oculta f\u00e1cilmente detr\u00e1s de cuadros o muebles, en hendiduras de paredes, etc.<\/p>\n\n\n\n<figure class=\"wp-block-image size-full\"><img fetchpriority=\"high\" decoding=\"async\" width=\"900\" height=\"555\" src=\"https:\/\/diariotextual.com\/inicio\/wp-content\/uploads\/2023\/07\/hirsutanueva2023-1.jpg\" alt=\"\" class=\"wp-image-230346\" srcset=\"https:\/\/diariotextual.com\/inicio\/wp-content\/uploads\/2023\/07\/hirsutanueva2023-1.jpg 900w, https:\/\/diariotextual.com\/inicio\/wp-content\/uploads\/2023\/07\/hirsutanueva2023-1-300x185.jpg 300w, https:\/\/diariotextual.com\/inicio\/wp-content\/uploads\/2023\/07\/hirsutanueva2023-1-768x474.jpg 768w, https:\/\/diariotextual.com\/inicio\/wp-content\/uploads\/2023\/07\/hirsutanueva2023-1-585x361.jpg 585w\" sizes=\"(max-width: 900px) 100vw, 900px\" \/><\/figure>\n\n\n\n<p class=\"wp-block-paragraph\">No es una ara\u00f1a agresiva y solo puede morder si se la intenta capturar o accidentalmente se la comprime sobre la piel al introducirse entre la ropa, toallas, s\u00e1banas, zapatos, etc.<\/p>\n\n\n\n\n\n<p class=\"wp-block-paragraph\">Sin embargo, es peligrosa para los seres humanos ya que cuenta con gl\u00e1ndulas venenosas que producen varias toxinas, las que al ser inoculadas por una mordedura, producen una enfermedad denominada \u201cloxoscelismo\u201d.<\/p>\n\n\n\n<p class=\"wp-block-paragraph\">Esta enfermedad genera una escara necr\u00f3tica ulcerosa alrededor de la mordedura, sobre una superficie que puede llegar a los 20 cm de di\u00e1metro. El tratamiento m\u00e1s efectivo es la aplicaci\u00f3n de suero anti-Loxosceles dentro de las 4 horas de producida la mordedura, para as\u00ed evitar las secuelas de las lesiones iniciales.<\/p>\n\n\n\n<p class=\"wp-block-paragraph\">Este primer registro de \u2018L. hirsuta\u2019 en La Pampa comprende 10 ejemplares machos y 3 hembras recolectados en Santa Rosa y Toay entre 2019 y 2022.<\/p>\n\n\n\n<p class=\"wp-block-paragraph\">Los espec\u00edmenes de \u2018L. hirsuta\u2019 mencionados en su trabajo, advirtieron Peralta Seen y Diez, \u201cfueron hallados habitando en infraestructuras humanas, lo que indica su car\u00e1cter de especies de importancia m\u00e9dica por ser altamente sinantr\u00f3pica\u201d, es decir, presentan una alta capacidad para vivir en \u00e1mbitos creados o modificados por la actividad humana.<\/p>\n\n\n\n<p class=\"wp-block-paragraph\">La distribuci\u00f3n en el tiempo y en el espacio de los ejemplares colectados, revela que la especie ya est\u00e1 establecida en La Pampa. M\u00e1s a\u00fan, su expansi\u00f3n norte-sur sugiere que la especie podr\u00eda presentar comportamientos de especie invasora, tal como se ha demostrado para \u2018Loxosceleslaeta\u2019 en Chile.<\/p>\n\n\n\n<p class=\"wp-block-paragraph\">Los autores se\u00f1alaron que aun cuando no se han reportado picaduras de L. hirsuta, nuevos estudios permitir\u00e1n mejorar el conocimiento de su distribuci\u00f3n, lo que ayudar\u00e1 a reconocer, describir y prevenir el envenenamiento que esta especie puede producir.<\/p>\n\n\n\n<p class=\"wp-block-paragraph\"><\/p>\n\n\n\n<p class=\"wp-block-paragraph\"><strong>Ara\u00f1a rinconera<\/strong><\/p>\n\n\n\n<p class=\"wp-block-paragraph\">En el caso de \u2018Loxosceleslaeta\u2019, se recogieron 2 machos y 3 hembras en Santa Rosa en el mes de septiembre de 2022. Si bien se conoc\u00eda la presencia de la \u201cara\u00f1a de los rincones\u201d en territorio pampeano, a\u00fan no se hab\u00eda reportado ning\u00fan caso con la formalidad que exige el conocimiento cient\u00edfico. La nota cient\u00edfica de los investigadores pampeanos viene a cumplir con ese requisito.<\/p>\n\n\n\n<figure class=\"wp-block-image size-full\"><img decoding=\"async\" width=\"530\" height=\"425\" src=\"https:\/\/diariotextual.com\/inicio\/wp-content\/uploads\/2023\/07\/loxesceles.png\" alt=\"\" class=\"wp-image-230344\" srcset=\"https:\/\/diariotextual.com\/inicio\/wp-content\/uploads\/2023\/07\/loxesceles.png 530w, https:\/\/diariotextual.com\/inicio\/wp-content\/uploads\/2023\/07\/loxesceles-300x241.png 300w\" sizes=\"(max-width: 530px) 100vw, 530px\" \/><\/figure>\n\n\n\n<p class=\"wp-block-paragraph\">Nicol\u00e1s Peralta Seen es estudiante avanzado de la Licenciatura en Ciencias Biol\u00f3gicas y su campo de estudio se ha inclinado hacia los ar\u00e1cnidos, en particular aquellas especies presentes en nuestra provincia.<\/p>\n\n\n\n<p class=\"wp-block-paragraph\">El licenciado Fernando Diez se desempe\u00f1a con Jefe de Trabajos Pr\u00e1cticos en Biodiversidad y como auxiliar docente en Biolog\u00eda de Invertebrados 1 y 2, c\u00e1tedras de la Licenciatura en Biolog\u00eda.<\/p>\n\n\n\n<p class=\"wp-block-paragraph\">La investigaci\u00f3n fue financiada con aportes de la Facultad de Ciencias Exactas y Naturales.<\/p>\n","protected":false},"excerpt":{"rendered":"<p>Dos investigadores de la Facultad de Ciencias Exactas y Naturales de la UNLPam informaron de la presencia de dos especies de ara\u00f1as altamente venenosas en nuestra provincia, ambas del g\u00e9nero&hellip;<\/p>\n","protected":false},"author":5,"featured_media":230343,"comment_status":"closed","ping_status":"open","sticky":false,"template":"","format":"standard","meta":{"_acf_changed":false,"footnotes":""},"categories":[1,11,12],"tags":[7593,23,7594],"class_list":["post-230342","post","type-post","status-publish","format-standard","has-post-thumbnail","hentry","category-es-noticia","category-que-pasa","category-sociedad","tag-aranas","tag-unlpam","tag-venenosas"],"acf":[],"yoast_head":"<!-- This site is optimized with the Yoast SEO plugin v28.4 - https:\/\/yoast.com\/product\/yoast-seo-wordpress\/ -->\n<title>Santa Rosa y Toay: hallan nueva especie de ara\u00f1a venenosa - Diario Textual<\/title>\n<meta name=\"robots\" content=\"index, follow, max-snippet:-1, max-image-preview:large, max-video-preview:-1\" \/>\n<link rel=\"canonical\" href=\"https:\/\/diariotextual.com\/inicio\/index.php\/2023\/07\/05\/santa-rosa-y-toay-hallan-nueva-especie-de-arana-venenosa\/\" \/>\n<meta property=\"og:locale\" content=\"es_ES\" \/>\n<meta property=\"og:type\" content=\"article\" \/>\n<meta property=\"og:title\" content=\"Santa Rosa y Toay: hallan nueva especie de ara\u00f1a venenosa - Diario Textual\" \/>\n<meta property=\"og:description\" content=\"Dos investigadores de la Facultad de Ciencias Exactas y Naturales de la UNLPam informaron de la presencia de dos especies de ara\u00f1as altamente venenosas en nuestra provincia, ambas del g\u00e9nero&hellip;\" \/>\n<meta property=\"og:url\" content=\"https:\/\/diariotextual.com\/inicio\/index.php\/2023\/07\/05\/santa-rosa-y-toay-hallan-nueva-especie-de-arana-venenosa\/\" \/>\n<meta property=\"og:site_name\" content=\"Diario Textual\" \/>\n<meta property=\"article:publisher\" content=\"https:\/\/www.facebook.com\/eltextual\" \/>\n<meta property=\"article:published_time\" content=\"2023-07-05T23:07:23+00:00\" \/>\n<meta property=\"article:modified_time\" content=\"2023-07-06T22:04:52+00:00\" \/>\n<meta property=\"og:image\" content=\"https:\/\/diariotextual.com\/inicio\/wp-content\/uploads\/2023\/07\/hirsutanueva2023.jpg\" \/>\n\t<meta property=\"og:image:width\" content=\"900\" \/>\n\t<meta property=\"og:image:height\" content=\"555\" \/>\n\t<meta property=\"og:image:type\" content=\"image\/jpeg\" \/>\n<meta name=\"author\" content=\"diario3\" \/>\n<meta name=\"twitter:card\" content=\"summary_large_image\" \/>\n<meta name=\"twitter:creator\" content=\"@eltextual\" \/>\n<meta name=\"twitter:site\" content=\"@eltextual\" \/>\n<meta name=\"twitter:label1\" content=\"Escrito por\" \/>\n\t<meta name=\"twitter:data1\" content=\"diario3\" \/>\n\t<meta name=\"twitter:label2\" content=\"Tiempo de lectura\" \/>\n\t<meta name=\"twitter:data2\" content=\"5 minutos\" \/>\n<script type=\"application\/ld+json\" class=\"yoast-schema-graph\">{\"@context\":\"https:\\\/\\\/schema.org\",\"@graph\":[{\"@type\":\"Article\",\"@id\":\"https:\\\/\\\/diariotextual.com\\\/inicio\\\/index.php\\\/2023\\\/07\\\/05\\\/santa-rosa-y-toay-hallan-nueva-especie-de-arana-venenosa\\\/#article\",\"isPartOf\":{\"@id\":\"https:\\\/\\\/diariotextual.com\\\/inicio\\\/index.php\\\/2023\\\/07\\\/05\\\/santa-rosa-y-toay-hallan-nueva-especie-de-arana-venenosa\\\/\"},\"author\":{\"name\":\"diario3\",\"@id\":\"https:\\\/\\\/diariotextual.com\\\/inicio\\\/#\\\/schema\\\/person\\\/a1b6f563e0ee944c60f98119389a4d9f\"},\"headline\":\"Santa Rosa y Toay: hallan nueva especie de ara\u00f1a venenosa\",\"datePublished\":\"2023-07-05T23:07:23+00:00\",\"dateModified\":\"2023-07-06T22:04:52+00:00\",\"mainEntityOfPage\":{\"@id\":\"https:\\\/\\\/diariotextual.com\\\/inicio\\\/index.php\\\/2023\\\/07\\\/05\\\/santa-rosa-y-toay-hallan-nueva-especie-de-arana-venenosa\\\/\"},\"wordCount\":888,\"publisher\":{\"@id\":\"https:\\\/\\\/diariotextual.com\\\/inicio\\\/#organization\"},\"image\":{\"@id\":\"https:\\\/\\\/diariotextual.com\\\/inicio\\\/index.php\\\/2023\\\/07\\\/05\\\/santa-rosa-y-toay-hallan-nueva-especie-de-arana-venenosa\\\/#primaryimage\"},\"thumbnailUrl\":\"https:\\\/\\\/diariotextual.com\\\/inicio\\\/wp-content\\\/uploads\\\/2023\\\/07\\\/hirsutanueva2023.jpg\",\"keywords\":[\"ara\u00f1as\",\"unlpam\",\"venenosas\"],\"articleSection\":[\"A - ES NOTICIA (van abajo)\",\"A - QUE PASA (al costado)\",\"SOCIEDAD\"],\"inLanguage\":\"es\"},{\"@type\":\"WebPage\",\"@id\":\"https:\\\/\\\/diariotextual.com\\\/inicio\\\/index.php\\\/2023\\\/07\\\/05\\\/santa-rosa-y-toay-hallan-nueva-especie-de-arana-venenosa\\\/\",\"url\":\"https:\\\/\\\/diariotextual.com\\\/inicio\\\/index.php\\\/2023\\\/07\\\/05\\\/santa-rosa-y-toay-hallan-nueva-especie-de-arana-venenosa\\\/\",\"name\":\"Santa Rosa y Toay: hallan nueva especie de ara\u00f1a venenosa - Diario Textual\",\"isPartOf\":{\"@id\":\"https:\\\/\\\/diariotextual.com\\\/inicio\\\/#website\"},\"primaryImageOfPage\":{\"@id\":\"https:\\\/\\\/diariotextual.com\\\/inicio\\\/index.php\\\/2023\\\/07\\\/05\\\/santa-rosa-y-toay-hallan-nueva-especie-de-arana-venenosa\\\/#primaryimage\"},\"image\":{\"@id\":\"https:\\\/\\\/diariotextual.com\\\/inicio\\\/index.php\\\/2023\\\/07\\\/05\\\/santa-rosa-y-toay-hallan-nueva-especie-de-arana-venenosa\\\/#primaryimage\"},\"thumbnailUrl\":\"https:\\\/\\\/diariotextual.com\\\/inicio\\\/wp-content\\\/uploads\\\/2023\\\/07\\\/hirsutanueva2023.jpg\",\"datePublished\":\"2023-07-05T23:07:23+00:00\",\"dateModified\":\"2023-07-06T22:04:52+00:00\",\"breadcrumb\":{\"@id\":\"https:\\\/\\\/diariotextual.com\\\/inicio\\\/index.php\\\/2023\\\/07\\\/05\\\/santa-rosa-y-toay-hallan-nueva-especie-de-arana-venenosa\\\/#breadcrumb\"},\"inLanguage\":\"es\",\"potentialAction\":[{\"@type\":\"ReadAction\",\"target\":[\"https:\\\/\\\/diariotextual.com\\\/inicio\\\/index.php\\\/2023\\\/07\\\/05\\\/santa-rosa-y-toay-hallan-nueva-especie-de-arana-venenosa\\\/\"]}]},{\"@type\":\"ImageObject\",\"inLanguage\":\"es\",\"@id\":\"https:\\\/\\\/diariotextual.com\\\/inicio\\\/index.php\\\/2023\\\/07\\\/05\\\/santa-rosa-y-toay-hallan-nueva-especie-de-arana-venenosa\\\/#primaryimage\",\"url\":\"https:\\\/\\\/diariotextual.com\\\/inicio\\\/wp-content\\\/uploads\\\/2023\\\/07\\\/hirsutanueva2023.jpg\",\"contentUrl\":\"https:\\\/\\\/diariotextual.com\\\/inicio\\\/wp-content\\\/uploads\\\/2023\\\/07\\\/hirsutanueva2023.jpg\",\"width\":900,\"height\":555},{\"@type\":\"BreadcrumbList\",\"@id\":\"https:\\\/\\\/diariotextual.com\\\/inicio\\\/index.php\\\/2023\\\/07\\\/05\\\/santa-rosa-y-toay-hallan-nueva-especie-de-arana-venenosa\\\/#breadcrumb\",\"itemListElement\":[{\"@type\":\"ListItem\",\"position\":1,\"name\":\"Portada\",\"item\":\"https:\\\/\\\/diariotextual.com\\\/inicio\\\/\"},{\"@type\":\"ListItem\",\"position\":2,\"name\":\"Santa Rosa y Toay: hallan nueva especie de ara\u00f1a venenosa\"}]},{\"@type\":\"WebSite\",\"@id\":\"https:\\\/\\\/diariotextual.com\\\/inicio\\\/#website\",\"url\":\"https:\\\/\\\/diariotextual.com\\\/inicio\\\/\",\"name\":\"Diario Textual\",\"description\":\"\",\"publisher\":{\"@id\":\"https:\\\/\\\/diariotextual.com\\\/inicio\\\/#organization\"},\"potentialAction\":[{\"@type\":\"SearchAction\",\"target\":{\"@type\":\"EntryPoint\",\"urlTemplate\":\"https:\\\/\\\/diariotextual.com\\\/inicio\\\/?s={search_term_string}\"},\"query-input\":{\"@type\":\"PropertyValueSpecification\",\"valueRequired\":true,\"valueName\":\"search_term_string\"}}],\"inLanguage\":\"es\"},{\"@type\":\"Organization\",\"@id\":\"https:\\\/\\\/diariotextual.com\\\/inicio\\\/#organization\",\"name\":\"Diario Textual\",\"url\":\"https:\\\/\\\/diariotextual.com\\\/inicio\\\/\",\"logo\":{\"@type\":\"ImageObject\",\"inLanguage\":\"es\",\"@id\":\"https:\\\/\\\/diariotextual.com\\\/inicio\\\/#\\\/schema\\\/logo\\\/image\\\/\",\"url\":\"https:\\\/\\\/diariotextual.com\\\/inicio\\\/wp-content\\\/uploads\\\/2023\\\/05\\\/logotextual1.jpg\",\"contentUrl\":\"https:\\\/\\\/diariotextual.com\\\/inicio\\\/wp-content\\\/uploads\\\/2023\\\/05\\\/logotextual1.jpg\",\"width\":516,\"height\":76,\"caption\":\"Diario Textual\"},\"image\":{\"@id\":\"https:\\\/\\\/diariotextual.com\\\/inicio\\\/#\\\/schema\\\/logo\\\/image\\\/\"},\"sameAs\":[\"https:\\\/\\\/www.facebook.com\\\/eltextual\",\"https:\\\/\\\/x.com\\\/eltextual\",\"http:\\\/\\\/www.instagram.com\\\/eltextual\"]},{\"@type\":\"Person\",\"@id\":\"https:\\\/\\\/diariotextual.com\\\/inicio\\\/#\\\/schema\\\/person\\\/a1b6f563e0ee944c60f98119389a4d9f\",\"name\":\"diario3\",\"image\":{\"@type\":\"ImageObject\",\"inLanguage\":\"es\",\"@id\":\"https:\\\/\\\/secure.gravatar.com\\\/avatar\\\/5e7ee62c82fc04d9dd79d746a390d93c69c43223e5faeeb3ea9461ef752bfc5d?s=96&d=mm&r=g\",\"url\":\"https:\\\/\\\/secure.gravatar.com\\\/avatar\\\/5e7ee62c82fc04d9dd79d746a390d93c69c43223e5faeeb3ea9461ef752bfc5d?s=96&d=mm&r=g\",\"contentUrl\":\"https:\\\/\\\/secure.gravatar.com\\\/avatar\\\/5e7ee62c82fc04d9dd79d746a390d93c69c43223e5faeeb3ea9461ef752bfc5d?s=96&d=mm&r=g\",\"caption\":\"diario3\"},\"url\":\"https:\\\/\\\/diariotextual.com\\\/inicio\\\/index.php\\\/author\\\/diario3\\\/\"}]}<\/script>\n<!-- \/ Yoast SEO plugin. -->","yoast_head_json":{"title":"Santa Rosa y Toay: hallan nueva especie de ara\u00f1a venenosa - Diario Textual","robots":{"index":"index","follow":"follow","max-snippet":"max-snippet:-1","max-image-preview":"max-image-preview:large","max-video-preview":"max-video-preview:-1"},"canonical":"https:\/\/diariotextual.com\/inicio\/index.php\/2023\/07\/05\/santa-rosa-y-toay-hallan-nueva-especie-de-arana-venenosa\/","og_locale":"es_ES","og_type":"article","og_title":"Santa Rosa y Toay: hallan nueva especie de ara\u00f1a venenosa - Diario Textual","og_description":"Dos investigadores de la Facultad de Ciencias Exactas y Naturales de la UNLPam informaron de la presencia de dos especies de ara\u00f1as altamente venenosas en nuestra provincia, ambas del g\u00e9nero&hellip;","og_url":"https:\/\/diariotextual.com\/inicio\/index.php\/2023\/07\/05\/santa-rosa-y-toay-hallan-nueva-especie-de-arana-venenosa\/","og_site_name":"Diario Textual","article_publisher":"https:\/\/www.facebook.com\/eltextual","article_published_time":"2023-07-05T23:07:23+00:00","article_modified_time":"2023-07-06T22:04:52+00:00","og_image":[{"width":900,"height":555,"url":"https:\/\/diariotextual.com\/inicio\/wp-content\/uploads\/2023\/07\/hirsutanueva2023.jpg","type":"image\/jpeg"}],"author":"diario3","twitter_card":"summary_large_image","twitter_creator":"@eltextual","twitter_site":"@eltextual","twitter_misc":{"Escrito por":"diario3","Tiempo de lectura":"5 minutos"},"schema":{"@context":"https:\/\/schema.org","@graph":[{"@type":"Article","@id":"https:\/\/diariotextual.com\/inicio\/index.php\/2023\/07\/05\/santa-rosa-y-toay-hallan-nueva-especie-de-arana-venenosa\/#article","isPartOf":{"@id":"https:\/\/diariotextual.com\/inicio\/index.php\/2023\/07\/05\/santa-rosa-y-toay-hallan-nueva-especie-de-arana-venenosa\/"},"author":{"name":"diario3","@id":"https:\/\/diariotextual.com\/inicio\/#\/schema\/person\/a1b6f563e0ee944c60f98119389a4d9f"},"headline":"Santa Rosa y Toay: hallan nueva especie de ara\u00f1a venenosa","datePublished":"2023-07-05T23:07:23+00:00","dateModified":"2023-07-06T22:04:52+00:00","mainEntityOfPage":{"@id":"https:\/\/diariotextual.com\/inicio\/index.php\/2023\/07\/05\/santa-rosa-y-toay-hallan-nueva-especie-de-arana-venenosa\/"},"wordCount":888,"publisher":{"@id":"https:\/\/diariotextual.com\/inicio\/#organization"},"image":{"@id":"https:\/\/diariotextual.com\/inicio\/index.php\/2023\/07\/05\/santa-rosa-y-toay-hallan-nueva-especie-de-arana-venenosa\/#primaryimage"},"thumbnailUrl":"https:\/\/diariotextual.com\/inicio\/wp-content\/uploads\/2023\/07\/hirsutanueva2023.jpg","keywords":["ara\u00f1as","unlpam","venenosas"],"articleSection":["A - ES NOTICIA (van abajo)","A - QUE PASA (al costado)","SOCIEDAD"],"inLanguage":"es"},{"@type":"WebPage","@id":"https:\/\/diariotextual.com\/inicio\/index.php\/2023\/07\/05\/santa-rosa-y-toay-hallan-nueva-especie-de-arana-venenosa\/","url":"https:\/\/diariotextual.com\/inicio\/index.php\/2023\/07\/05\/santa-rosa-y-toay-hallan-nueva-especie-de-arana-venenosa\/","name":"Santa Rosa y Toay: hallan nueva especie de ara\u00f1a venenosa - Diario Textual","isPartOf":{"@id":"https:\/\/diariotextual.com\/inicio\/#website"},"primaryImageOfPage":{"@id":"https:\/\/diariotextual.com\/inicio\/index.php\/2023\/07\/05\/santa-rosa-y-toay-hallan-nueva-especie-de-arana-venenosa\/#primaryimage"},"image":{"@id":"https:\/\/diariotextual.com\/inicio\/index.php\/2023\/07\/05\/santa-rosa-y-toay-hallan-nueva-especie-de-arana-venenosa\/#primaryimage"},"thumbnailUrl":"https:\/\/diariotextual.com\/inicio\/wp-content\/uploads\/2023\/07\/hirsutanueva2023.jpg","datePublished":"2023-07-05T23:07:23+00:00","dateModified":"2023-07-06T22:04:52+00:00","breadcrumb":{"@id":"https:\/\/diariotextual.com\/inicio\/index.php\/2023\/07\/05\/santa-rosa-y-toay-hallan-nueva-especie-de-arana-venenosa\/#breadcrumb"},"inLanguage":"es","potentialAction":[{"@type":"ReadAction","target":["https:\/\/diariotextual.com\/inicio\/index.php\/2023\/07\/05\/santa-rosa-y-toay-hallan-nueva-especie-de-arana-venenosa\/"]}]},{"@type":"ImageObject","inLanguage":"es","@id":"https:\/\/diariotextual.com\/inicio\/index.php\/2023\/07\/05\/santa-rosa-y-toay-hallan-nueva-especie-de-arana-venenosa\/#primaryimage","url":"https:\/\/diariotextual.com\/inicio\/wp-content\/uploads\/2023\/07\/hirsutanueva2023.jpg","contentUrl":"https:\/\/diariotextual.com\/inicio\/wp-content\/uploads\/2023\/07\/hirsutanueva2023.jpg","width":900,"height":555},{"@type":"BreadcrumbList","@id":"https:\/\/diariotextual.com\/inicio\/index.php\/2023\/07\/05\/santa-rosa-y-toay-hallan-nueva-especie-de-arana-venenosa\/#breadcrumb","itemListElement":[{"@type":"ListItem","position":1,"name":"Portada","item":"https:\/\/diariotextual.com\/inicio\/"},{"@type":"ListItem","position":2,"name":"Santa Rosa y Toay: hallan nueva especie de ara\u00f1a venenosa"}]},{"@type":"WebSite","@id":"https:\/\/diariotextual.com\/inicio\/#website","url":"https:\/\/diariotextual.com\/inicio\/","name":"Diario Textual","description":"","publisher":{"@id":"https:\/\/diariotextual.com\/inicio\/#organization"},"potentialAction":[{"@type":"SearchAction","target":{"@type":"EntryPoint","urlTemplate":"https:\/\/diariotextual.com\/inicio\/?s={search_term_string}"},"query-input":{"@type":"PropertyValueSpecification","valueRequired":true,"valueName":"search_term_string"}}],"inLanguage":"es"},{"@type":"Organization","@id":"https:\/\/diariotextual.com\/inicio\/#organization","name":"Diario Textual","url":"https:\/\/diariotextual.com\/inicio\/","logo":{"@type":"ImageObject","inLanguage":"es","@id":"https:\/\/diariotextual.com\/inicio\/#\/schema\/logo\/image\/","url":"https:\/\/diariotextual.com\/inicio\/wp-content\/uploads\/2023\/05\/logotextual1.jpg","contentUrl":"https:\/\/diariotextual.com\/inicio\/wp-content\/uploads\/2023\/05\/logotextual1.jpg","width":516,"height":76,"caption":"Diario Textual"},"image":{"@id":"https:\/\/diariotextual.com\/inicio\/#\/schema\/logo\/image\/"},"sameAs":["https:\/\/www.facebook.com\/eltextual","https:\/\/x.com\/eltextual","http:\/\/www.instagram.com\/eltextual"]},{"@type":"Person","@id":"https:\/\/diariotextual.com\/inicio\/#\/schema\/person\/a1b6f563e0ee944c60f98119389a4d9f","name":"diario3","image":{"@type":"ImageObject","inLanguage":"es","@id":"https:\/\/secure.gravatar.com\/avatar\/5e7ee62c82fc04d9dd79d746a390d93c69c43223e5faeeb3ea9461ef752bfc5d?s=96&d=mm&r=g","url":"https:\/\/secure.gravatar.com\/avatar\/5e7ee62c82fc04d9dd79d746a390d93c69c43223e5faeeb3ea9461ef752bfc5d?s=96&d=mm&r=g","contentUrl":"https:\/\/secure.gravatar.com\/avatar\/5e7ee62c82fc04d9dd79d746a390d93c69c43223e5faeeb3ea9461ef752bfc5d?s=96&d=mm&r=g","caption":"diario3"},"url":"https:\/\/diariotextual.com\/inicio\/index.php\/author\/diario3\/"}]}},"_links":{"self":[{"href":"https:\/\/diariotextual.com\/inicio\/index.php\/wp-json\/wp\/v2\/posts\/230342","targetHints":{"allow":["GET"]}}],"collection":[{"href":"https:\/\/diariotextual.com\/inicio\/index.php\/wp-json\/wp\/v2\/posts"}],"about":[{"href":"https:\/\/diariotextual.com\/inicio\/index.php\/wp-json\/wp\/v2\/types\/post"}],"author":[{"embeddable":true,"href":"https:\/\/diariotextual.com\/inicio\/index.php\/wp-json\/wp\/v2\/users\/5"}],"replies":[{"embeddable":true,"href":"https:\/\/diariotextual.com\/inicio\/index.php\/wp-json\/wp\/v2\/comments?post=230342"}],"version-history":[{"count":2,"href":"https:\/\/diariotextual.com\/inicio\/index.php\/wp-json\/wp\/v2\/posts\/230342\/revisions"}],"predecessor-version":[{"id":230347,"href":"https:\/\/diariotextual.com\/inicio\/index.php\/wp-json\/wp\/v2\/posts\/230342\/revisions\/230347"}],"wp:featuredmedia":[{"embeddable":true,"href":"https:\/\/diariotextual.com\/inicio\/index.php\/wp-json\/wp\/v2\/media\/230343"}],"wp:attachment":[{"href":"https:\/\/diariotextual.com\/inicio\/index.php\/wp-json\/wp\/v2\/media?parent=230342"}],"wp:term":[{"taxonomy":"category","embeddable":true,"href":"https:\/\/diariotextual.com\/inicio\/index.php\/wp-json\/wp\/v2\/categories?post=230342"},{"taxonomy":"post_tag","embeddable":true,"href":"https:\/\/diariotextual.com\/inicio\/index.php\/wp-json\/wp\/v2\/tags?post=230342"}],"curies":[{"name":"wp","href":"https:\/\/api.w.org\/{rel}","templated":true}]}}