{"id":230348,"date":"2023-07-05T20:43:35","date_gmt":"2023-07-05T23:43:35","guid":{"rendered":"https:\/\/diariotextual.com\/inicio\/?p=230348"},"modified":"2023-07-06T07:10:30","modified_gmt":"2023-07-06T10:10:30","slug":"trabajadores-de-salud-reclaman-sumas-retroactivas-por-adicionales","status":"publish","type":"post","link":"https:\/\/diariotextual.com\/inicio\/index.php\/2023\/07\/05\/trabajadores-de-salud-reclaman-sumas-retroactivas-por-adicionales\/","title":{"rendered":"Trabajadores de Salud reclaman sumas retroactivas por adicionales"},"content":{"rendered":"\n<p>La Asociaci\u00f3n Trabajadores del Estado (ATE), seccional General Acha, denunci\u00f3 p\u00fablicamente que los <strong>agentes de Salud encuadrados en la ley 2871 contin\u00faan sin percibir los adicionales retroactivos.<\/strong><\/p>\n\n\n\n<p>Son <strong>unos cincuenta asalariados de diferentes centros sanitarios provinciales<\/strong>, entre ellos once se desempe\u00f1an en el hospital <strong>Padre Buodo de General Acha. Otros, en tanto, revisten en Chacharramendi, Puelches, Cuchillo Co y Quehu\u00e9.<\/strong><\/p>\n\n\n\n<p>Se trata de una lucha y un reclamo que lleva unos nueve meses, dado que se inici\u00f3 en octubre de 2022. Desde entonces, el grupo de empleados viene cumpliendo ocho horas diarias laborales, algo que los iguala con todos los beneficios que gozan sus compa\u00f1eros del \u00e1rea. <strong>\u201cLes adeudan adicional por riesgo hospitalario, adicional sanitario y el c\u00f3digo 037.<\/strong> Es decir, todos los adicionales que se abonan en Salud, adem\u00e1s del retroactivo que no quieren afrontar\u201d, dijo Norma Ojeda, delegada de ATE en General Acha.<\/p>\n\n\n\n<p>\u201c<strong>Desde octubre deber\u00edan estar percibiendo estos adicionales que reci\u00e9n cobrar\u00e1n a fin de mes<\/strong>\u201d, dijo y a\u00f1adi\u00f3: \u201cAl d\u00eda de hoy s\u00f3lo se obtuvo que en junio los agentes tengan categor\u00edas en sus recibos de haberes, un punto que estaba dentro el acuerdo firmado dejando sin efecto lo que hoy reclamamos: los adicionales de la ley 1279 \u201c.<\/p>\n\n\n\n<p>Ojeda acus\u00f3 al secretario de Trabajo, Marcelo Pedheonta\u00e1, y al ministro de Hacienda, Guido Bisterfeld, de \u201cmeterle la mano en el bolsillo a los trabajadores\u201d al negarles desde octubre el \u201cderecho\u201d al cobro de los adicionales. La dirigente estim\u00f3 que las sumas retroactivas rondan los 400 mil pesos por cada empleado en cuesti\u00f3n.<\/p>\n","protected":false},"excerpt":{"rendered":"<p>La Asociaci\u00f3n Trabajadores del Estado (ATE), seccional General Acha, denunci\u00f3 p\u00fablicamente que los agentes de Salud encuadrados en la ley 2871 contin\u00faan sin percibir los adicionales retroactivos. Son unos cincuenta&hellip;<\/p>\n","protected":false},"author":5,"featured_media":188347,"comment_status":"closed","ping_status":"open","sticky":false,"template":"","format":"standard","meta":{"_acf_changed":false,"footnotes":""},"categories":[1,11,12],"tags":[201,882,883],"class_list":["post-230348","post","type-post","status-publish","format-standard","has-post-thumbnail","hentry","category-es-noticia","category-que-pasa","category-sociedad","tag-ate","tag-general-acha","tag-salud"],"acf":[],"yoast_head":"<!-- This site is optimized with the Yoast SEO plugin v27.5 - https:\/\/yoast.com\/product\/yoast-seo-wordpress\/ -->\n<title>Trabajadores de Salud reclaman sumas retroactivas por adicionales - Diario Textual<\/title>\n<meta name=\"robots\" content=\"index, follow, max-snippet:-1, max-image-preview:large, max-video-preview:-1\" \/>\n<link rel=\"canonical\" href=\"https:\/\/diariotextual.com\/inicio\/index.php\/2023\/07\/05\/trabajadores-de-salud-reclaman-sumas-retroactivas-por-adicionales\/\" \/>\n<meta property=\"og:locale\" content=\"es_ES\" \/>\n<meta property=\"og:type\" content=\"article\" \/>\n<meta property=\"og:title\" content=\"Trabajadores de Salud reclaman sumas retroactivas por adicionales - Diario Textual\" \/>\n<meta property=\"og:description\" content=\"La Asociaci\u00f3n Trabajadores del Estado (ATE), seccional General Acha, denunci\u00f3 p\u00fablicamente que los agentes de Salud encuadrados en la ley 2871 contin\u00faan sin percibir los adicionales retroactivos. Son unos cincuenta&hellip;\" \/>\n<meta property=\"og:url\" content=\"https:\/\/diariotextual.com\/inicio\/index.php\/2023\/07\/05\/trabajadores-de-salud-reclaman-sumas-retroactivas-por-adicionales\/\" \/>\n<meta property=\"og:site_name\" content=\"Diario Textual\" \/>\n<meta property=\"article:publisher\" content=\"https:\/\/www.facebook.com\/eltextual\" \/>\n<meta property=\"article:published_time\" content=\"2023-07-05T23:43:35+00:00\" \/>\n<meta property=\"article:modified_time\" content=\"2023-07-06T10:10:30+00:00\" \/>\n<meta property=\"og:image\" content=\"https:\/\/diariotextual.com\/inicio\/wp-content\/uploads\/2022\/05\/hospitalacha.jpg\" \/>\n\t<meta property=\"og:image:width\" content=\"1280\" \/>\n\t<meta property=\"og:image:height\" content=\"720\" \/>\n\t<meta property=\"og:image:type\" content=\"image\/jpeg\" \/>\n<meta name=\"author\" content=\"diario3\" \/>\n<meta name=\"twitter:card\" content=\"summary_large_image\" \/>\n<meta name=\"twitter:creator\" content=\"@eltextual\" \/>\n<meta name=\"twitter:site\" content=\"@eltextual\" \/>\n<meta name=\"twitter:label1\" content=\"Escrito por\" \/>\n\t<meta name=\"twitter:data1\" content=\"diario3\" \/>\n\t<meta name=\"twitter:label2\" content=\"Tiempo de lectura\" \/>\n\t<meta name=\"twitter:data2\" content=\"2 minutos\" \/>\n<script type=\"application\/ld+json\" class=\"yoast-schema-graph\">{\"@context\":\"https:\\\/\\\/schema.org\",\"@graph\":[{\"@type\":\"Article\",\"@id\":\"https:\\\/\\\/diariotextual.com\\\/inicio\\\/index.php\\\/2023\\\/07\\\/05\\\/trabajadores-de-salud-reclaman-sumas-retroactivas-por-adicionales\\\/#article\",\"isPartOf\":{\"@id\":\"https:\\\/\\\/diariotextual.com\\\/inicio\\\/index.php\\\/2023\\\/07\\\/05\\\/trabajadores-de-salud-reclaman-sumas-retroactivas-por-adicionales\\\/\"},\"author\":{\"name\":\"diario3\",\"@id\":\"https:\\\/\\\/diariotextual.com\\\/inicio\\\/#\\\/schema\\\/person\\\/a1b6f563e0ee944c60f98119389a4d9f\"},\"headline\":\"Trabajadores de Salud reclaman sumas retroactivas por adicionales\",\"datePublished\":\"2023-07-05T23:43:35+00:00\",\"dateModified\":\"2023-07-06T10:10:30+00:00\",\"mainEntityOfPage\":{\"@id\":\"https:\\\/\\\/diariotextual.com\\\/inicio\\\/index.php\\\/2023\\\/07\\\/05\\\/trabajadores-de-salud-reclaman-sumas-retroactivas-por-adicionales\\\/\"},\"wordCount\":273,\"publisher\":{\"@id\":\"https:\\\/\\\/diariotextual.com\\\/inicio\\\/#organization\"},\"image\":{\"@id\":\"https:\\\/\\\/diariotextual.com\\\/inicio\\\/index.php\\\/2023\\\/07\\\/05\\\/trabajadores-de-salud-reclaman-sumas-retroactivas-por-adicionales\\\/#primaryimage\"},\"thumbnailUrl\":\"https:\\\/\\\/diariotextual.com\\\/inicio\\\/wp-content\\\/uploads\\\/2022\\\/05\\\/hospitalacha.jpg\",\"keywords\":[\"ate\",\"General Acha\",\"Salud\"],\"articleSection\":[\"A - ES NOTICIA (van abajo)\",\"A - QUE PASA (al costado)\",\"SOCIEDAD\"],\"inLanguage\":\"es\"},{\"@type\":\"WebPage\",\"@id\":\"https:\\\/\\\/diariotextual.com\\\/inicio\\\/index.php\\\/2023\\\/07\\\/05\\\/trabajadores-de-salud-reclaman-sumas-retroactivas-por-adicionales\\\/\",\"url\":\"https:\\\/\\\/diariotextual.com\\\/inicio\\\/index.php\\\/2023\\\/07\\\/05\\\/trabajadores-de-salud-reclaman-sumas-retroactivas-por-adicionales\\\/\",\"name\":\"Trabajadores de Salud reclaman sumas retroactivas por adicionales - Diario Textual\",\"isPartOf\":{\"@id\":\"https:\\\/\\\/diariotextual.com\\\/inicio\\\/#website\"},\"primaryImageOfPage\":{\"@id\":\"https:\\\/\\\/diariotextual.com\\\/inicio\\\/index.php\\\/2023\\\/07\\\/05\\\/trabajadores-de-salud-reclaman-sumas-retroactivas-por-adicionales\\\/#primaryimage\"},\"image\":{\"@id\":\"https:\\\/\\\/diariotextual.com\\\/inicio\\\/index.php\\\/2023\\\/07\\\/05\\\/trabajadores-de-salud-reclaman-sumas-retroactivas-por-adicionales\\\/#primaryimage\"},\"thumbnailUrl\":\"https:\\\/\\\/diariotextual.com\\\/inicio\\\/wp-content\\\/uploads\\\/2022\\\/05\\\/hospitalacha.jpg\",\"datePublished\":\"2023-07-05T23:43:35+00:00\",\"dateModified\":\"2023-07-06T10:10:30+00:00\",\"breadcrumb\":{\"@id\":\"https:\\\/\\\/diariotextual.com\\\/inicio\\\/index.php\\\/2023\\\/07\\\/05\\\/trabajadores-de-salud-reclaman-sumas-retroactivas-por-adicionales\\\/#breadcrumb\"},\"inLanguage\":\"es\",\"potentialAction\":[{\"@type\":\"ReadAction\",\"target\":[\"https:\\\/\\\/diariotextual.com\\\/inicio\\\/index.php\\\/2023\\\/07\\\/05\\\/trabajadores-de-salud-reclaman-sumas-retroactivas-por-adicionales\\\/\"]}]},{\"@type\":\"ImageObject\",\"inLanguage\":\"es\",\"@id\":\"https:\\\/\\\/diariotextual.com\\\/inicio\\\/index.php\\\/2023\\\/07\\\/05\\\/trabajadores-de-salud-reclaman-sumas-retroactivas-por-adicionales\\\/#primaryimage\",\"url\":\"https:\\\/\\\/diariotextual.com\\\/inicio\\\/wp-content\\\/uploads\\\/2022\\\/05\\\/hospitalacha.jpg\",\"contentUrl\":\"https:\\\/\\\/diariotextual.com\\\/inicio\\\/wp-content\\\/uploads\\\/2022\\\/05\\\/hospitalacha.jpg\",\"width\":1280,\"height\":720},{\"@type\":\"BreadcrumbList\",\"@id\":\"https:\\\/\\\/diariotextual.com\\\/inicio\\\/index.php\\\/2023\\\/07\\\/05\\\/trabajadores-de-salud-reclaman-sumas-retroactivas-por-adicionales\\\/#breadcrumb\",\"itemListElement\":[{\"@type\":\"ListItem\",\"position\":1,\"name\":\"Portada\",\"item\":\"https:\\\/\\\/diariotextual.com\\\/inicio\\\/\"},{\"@type\":\"ListItem\",\"position\":2,\"name\":\"Trabajadores de Salud reclaman sumas retroactivas por adicionales\"}]},{\"@type\":\"WebSite\",\"@id\":\"https:\\\/\\\/diariotextual.com\\\/inicio\\\/#website\",\"url\":\"https:\\\/\\\/diariotextual.com\\\/inicio\\\/\",\"name\":\"Diario Textual\",\"description\":\"\",\"publisher\":{\"@id\":\"https:\\\/\\\/diariotextual.com\\\/inicio\\\/#organization\"},\"potentialAction\":[{\"@type\":\"SearchAction\",\"target\":{\"@type\":\"EntryPoint\",\"urlTemplate\":\"https:\\\/\\\/diariotextual.com\\\/inicio\\\/?s={search_term_string}\"},\"query-input\":{\"@type\":\"PropertyValueSpecification\",\"valueRequired\":true,\"valueName\":\"search_term_string\"}}],\"inLanguage\":\"es\"},{\"@type\":\"Organization\",\"@id\":\"https:\\\/\\\/diariotextual.com\\\/inicio\\\/#organization\",\"name\":\"Diario Textual\",\"url\":\"https:\\\/\\\/diariotextual.com\\\/inicio\\\/\",\"logo\":{\"@type\":\"ImageObject\",\"inLanguage\":\"es\",\"@id\":\"https:\\\/\\\/diariotextual.com\\\/inicio\\\/#\\\/schema\\\/logo\\\/image\\\/\",\"url\":\"https:\\\/\\\/diariotextual.com\\\/inicio\\\/wp-content\\\/uploads\\\/2023\\\/05\\\/logotextual1.jpg\",\"contentUrl\":\"https:\\\/\\\/diariotextual.com\\\/inicio\\\/wp-content\\\/uploads\\\/2023\\\/05\\\/logotextual1.jpg\",\"width\":516,\"height\":76,\"caption\":\"Diario Textual\"},\"image\":{\"@id\":\"https:\\\/\\\/diariotextual.com\\\/inicio\\\/#\\\/schema\\\/logo\\\/image\\\/\"},\"sameAs\":[\"https:\\\/\\\/www.facebook.com\\\/eltextual\",\"https:\\\/\\\/x.com\\\/eltextual\",\"http:\\\/\\\/www.instagram.com\\\/eltextual\"]},{\"@type\":\"Person\",\"@id\":\"https:\\\/\\\/diariotextual.com\\\/inicio\\\/#\\\/schema\\\/person\\\/a1b6f563e0ee944c60f98119389a4d9f\",\"name\":\"diario3\",\"image\":{\"@type\":\"ImageObject\",\"inLanguage\":\"es\",\"@id\":\"https:\\\/\\\/secure.gravatar.com\\\/avatar\\\/5e7ee62c82fc04d9dd79d746a390d93c69c43223e5faeeb3ea9461ef752bfc5d?s=96&d=mm&r=g\",\"url\":\"https:\\\/\\\/secure.gravatar.com\\\/avatar\\\/5e7ee62c82fc04d9dd79d746a390d93c69c43223e5faeeb3ea9461ef752bfc5d?s=96&d=mm&r=g\",\"contentUrl\":\"https:\\\/\\\/secure.gravatar.com\\\/avatar\\\/5e7ee62c82fc04d9dd79d746a390d93c69c43223e5faeeb3ea9461ef752bfc5d?s=96&d=mm&r=g\",\"caption\":\"diario3\"},\"url\":\"https:\\\/\\\/diariotextual.com\\\/inicio\\\/index.php\\\/author\\\/diario3\\\/\"}]}<\/script>\n<!-- \/ Yoast SEO plugin. -->","yoast_head_json":{"title":"Trabajadores de Salud reclaman sumas retroactivas por adicionales - Diario Textual","robots":{"index":"index","follow":"follow","max-snippet":"max-snippet:-1","max-image-preview":"max-image-preview:large","max-video-preview":"max-video-preview:-1"},"canonical":"https:\/\/diariotextual.com\/inicio\/index.php\/2023\/07\/05\/trabajadores-de-salud-reclaman-sumas-retroactivas-por-adicionales\/","og_locale":"es_ES","og_type":"article","og_title":"Trabajadores de Salud reclaman sumas retroactivas por adicionales - Diario Textual","og_description":"La Asociaci\u00f3n Trabajadores del Estado (ATE), seccional General Acha, denunci\u00f3 p\u00fablicamente que los agentes de Salud encuadrados en la ley 2871 contin\u00faan sin percibir los adicionales retroactivos. Son unos cincuenta&hellip;","og_url":"https:\/\/diariotextual.com\/inicio\/index.php\/2023\/07\/05\/trabajadores-de-salud-reclaman-sumas-retroactivas-por-adicionales\/","og_site_name":"Diario Textual","article_publisher":"https:\/\/www.facebook.com\/eltextual","article_published_time":"2023-07-05T23:43:35+00:00","article_modified_time":"2023-07-06T10:10:30+00:00","og_image":[{"width":1280,"height":720,"url":"https:\/\/diariotextual.com\/inicio\/wp-content\/uploads\/2022\/05\/hospitalacha.jpg","type":"image\/jpeg"}],"author":"diario3","twitter_card":"summary_large_image","twitter_creator":"@eltextual","twitter_site":"@eltextual","twitter_misc":{"Escrito por":"diario3","Tiempo de lectura":"2 minutos"},"schema":{"@context":"https:\/\/schema.org","@graph":[{"@type":"Article","@id":"https:\/\/diariotextual.com\/inicio\/index.php\/2023\/07\/05\/trabajadores-de-salud-reclaman-sumas-retroactivas-por-adicionales\/#article","isPartOf":{"@id":"https:\/\/diariotextual.com\/inicio\/index.php\/2023\/07\/05\/trabajadores-de-salud-reclaman-sumas-retroactivas-por-adicionales\/"},"author":{"name":"diario3","@id":"https:\/\/diariotextual.com\/inicio\/#\/schema\/person\/a1b6f563e0ee944c60f98119389a4d9f"},"headline":"Trabajadores de Salud reclaman sumas retroactivas por adicionales","datePublished":"2023-07-05T23:43:35+00:00","dateModified":"2023-07-06T10:10:30+00:00","mainEntityOfPage":{"@id":"https:\/\/diariotextual.com\/inicio\/index.php\/2023\/07\/05\/trabajadores-de-salud-reclaman-sumas-retroactivas-por-adicionales\/"},"wordCount":273,"publisher":{"@id":"https:\/\/diariotextual.com\/inicio\/#organization"},"image":{"@id":"https:\/\/diariotextual.com\/inicio\/index.php\/2023\/07\/05\/trabajadores-de-salud-reclaman-sumas-retroactivas-por-adicionales\/#primaryimage"},"thumbnailUrl":"https:\/\/diariotextual.com\/inicio\/wp-content\/uploads\/2022\/05\/hospitalacha.jpg","keywords":["ate","General Acha","Salud"],"articleSection":["A - ES NOTICIA (van abajo)","A - QUE PASA (al costado)","SOCIEDAD"],"inLanguage":"es"},{"@type":"WebPage","@id":"https:\/\/diariotextual.com\/inicio\/index.php\/2023\/07\/05\/trabajadores-de-salud-reclaman-sumas-retroactivas-por-adicionales\/","url":"https:\/\/diariotextual.com\/inicio\/index.php\/2023\/07\/05\/trabajadores-de-salud-reclaman-sumas-retroactivas-por-adicionales\/","name":"Trabajadores de Salud reclaman sumas retroactivas por adicionales - Diario Textual","isPartOf":{"@id":"https:\/\/diariotextual.com\/inicio\/#website"},"primaryImageOfPage":{"@id":"https:\/\/diariotextual.com\/inicio\/index.php\/2023\/07\/05\/trabajadores-de-salud-reclaman-sumas-retroactivas-por-adicionales\/#primaryimage"},"image":{"@id":"https:\/\/diariotextual.com\/inicio\/index.php\/2023\/07\/05\/trabajadores-de-salud-reclaman-sumas-retroactivas-por-adicionales\/#primaryimage"},"thumbnailUrl":"https:\/\/diariotextual.com\/inicio\/wp-content\/uploads\/2022\/05\/hospitalacha.jpg","datePublished":"2023-07-05T23:43:35+00:00","dateModified":"2023-07-06T10:10:30+00:00","breadcrumb":{"@id":"https:\/\/diariotextual.com\/inicio\/index.php\/2023\/07\/05\/trabajadores-de-salud-reclaman-sumas-retroactivas-por-adicionales\/#breadcrumb"},"inLanguage":"es","potentialAction":[{"@type":"ReadAction","target":["https:\/\/diariotextual.com\/inicio\/index.php\/2023\/07\/05\/trabajadores-de-salud-reclaman-sumas-retroactivas-por-adicionales\/"]}]},{"@type":"ImageObject","inLanguage":"es","@id":"https:\/\/diariotextual.com\/inicio\/index.php\/2023\/07\/05\/trabajadores-de-salud-reclaman-sumas-retroactivas-por-adicionales\/#primaryimage","url":"https:\/\/diariotextual.com\/inicio\/wp-content\/uploads\/2022\/05\/hospitalacha.jpg","contentUrl":"https:\/\/diariotextual.com\/inicio\/wp-content\/uploads\/2022\/05\/hospitalacha.jpg","width":1280,"height":720},{"@type":"BreadcrumbList","@id":"https:\/\/diariotextual.com\/inicio\/index.php\/2023\/07\/05\/trabajadores-de-salud-reclaman-sumas-retroactivas-por-adicionales\/#breadcrumb","itemListElement":[{"@type":"ListItem","position":1,"name":"Portada","item":"https:\/\/diariotextual.com\/inicio\/"},{"@type":"ListItem","position":2,"name":"Trabajadores de Salud reclaman sumas retroactivas por adicionales"}]},{"@type":"WebSite","@id":"https:\/\/diariotextual.com\/inicio\/#website","url":"https:\/\/diariotextual.com\/inicio\/","name":"Diario Textual","description":"","publisher":{"@id":"https:\/\/diariotextual.com\/inicio\/#organization"},"potentialAction":[{"@type":"SearchAction","target":{"@type":"EntryPoint","urlTemplate":"https:\/\/diariotextual.com\/inicio\/?s={search_term_string}"},"query-input":{"@type":"PropertyValueSpecification","valueRequired":true,"valueName":"search_term_string"}}],"inLanguage":"es"},{"@type":"Organization","@id":"https:\/\/diariotextual.com\/inicio\/#organization","name":"Diario Textual","url":"https:\/\/diariotextual.com\/inicio\/","logo":{"@type":"ImageObject","inLanguage":"es","@id":"https:\/\/diariotextual.com\/inicio\/#\/schema\/logo\/image\/","url":"https:\/\/diariotextual.com\/inicio\/wp-content\/uploads\/2023\/05\/logotextual1.jpg","contentUrl":"https:\/\/diariotextual.com\/inicio\/wp-content\/uploads\/2023\/05\/logotextual1.jpg","width":516,"height":76,"caption":"Diario Textual"},"image":{"@id":"https:\/\/diariotextual.com\/inicio\/#\/schema\/logo\/image\/"},"sameAs":["https:\/\/www.facebook.com\/eltextual","https:\/\/x.com\/eltextual","http:\/\/www.instagram.com\/eltextual"]},{"@type":"Person","@id":"https:\/\/diariotextual.com\/inicio\/#\/schema\/person\/a1b6f563e0ee944c60f98119389a4d9f","name":"diario3","image":{"@type":"ImageObject","inLanguage":"es","@id":"https:\/\/secure.gravatar.com\/avatar\/5e7ee62c82fc04d9dd79d746a390d93c69c43223e5faeeb3ea9461ef752bfc5d?s=96&d=mm&r=g","url":"https:\/\/secure.gravatar.com\/avatar\/5e7ee62c82fc04d9dd79d746a390d93c69c43223e5faeeb3ea9461ef752bfc5d?s=96&d=mm&r=g","contentUrl":"https:\/\/secure.gravatar.com\/avatar\/5e7ee62c82fc04d9dd79d746a390d93c69c43223e5faeeb3ea9461ef752bfc5d?s=96&d=mm&r=g","caption":"diario3"},"url":"https:\/\/diariotextual.com\/inicio\/index.php\/author\/diario3\/"}]}},"_links":{"self":[{"href":"https:\/\/diariotextual.com\/inicio\/index.php\/wp-json\/wp\/v2\/posts\/230348","targetHints":{"allow":["GET"]}}],"collection":[{"href":"https:\/\/diariotextual.com\/inicio\/index.php\/wp-json\/wp\/v2\/posts"}],"about":[{"href":"https:\/\/diariotextual.com\/inicio\/index.php\/wp-json\/wp\/v2\/types\/post"}],"author":[{"embeddable":true,"href":"https:\/\/diariotextual.com\/inicio\/index.php\/wp-json\/wp\/v2\/users\/5"}],"replies":[{"embeddable":true,"href":"https:\/\/diariotextual.com\/inicio\/index.php\/wp-json\/wp\/v2\/comments?post=230348"}],"version-history":[{"count":1,"href":"https:\/\/diariotextual.com\/inicio\/index.php\/wp-json\/wp\/v2\/posts\/230348\/revisions"}],"predecessor-version":[{"id":230349,"href":"https:\/\/diariotextual.com\/inicio\/index.php\/wp-json\/wp\/v2\/posts\/230348\/revisions\/230349"}],"wp:featuredmedia":[{"embeddable":true,"href":"https:\/\/diariotextual.com\/inicio\/index.php\/wp-json\/wp\/v2\/media\/188347"}],"wp:attachment":[{"href":"https:\/\/diariotextual.com\/inicio\/index.php\/wp-json\/wp\/v2\/media?parent=230348"}],"wp:term":[{"taxonomy":"category","embeddable":true,"href":"https:\/\/diariotextual.com\/inicio\/index.php\/wp-json\/wp\/v2\/categories?post=230348"},{"taxonomy":"post_tag","embeddable":true,"href":"https:\/\/diariotextual.com\/inicio\/index.php\/wp-json\/wp\/v2\/tags?post=230348"}],"curies":[{"name":"wp","href":"https:\/\/api.w.org\/{rel}","templated":true}]}}