{"id":230362,"date":"2023-07-06T07:07:56","date_gmt":"2023-07-06T10:07:56","guid":{"rendered":"https:\/\/diariotextual.com\/inicio\/?p=230362"},"modified":"2023-07-06T14:43:15","modified_gmt":"2023-07-06T17:43:15","slug":"pidio-la-libertad-la-mujer-que-intento-degollar-a-su-bebe-en-santa-rosa-porque-el-diablo-se-lo-pidio","status":"publish","type":"post","link":"https:\/\/diariotextual.com\/inicio\/index.php\/2023\/07\/06\/pidio-la-libertad-la-mujer-que-intento-degollar-a-su-bebe-en-santa-rosa-porque-el-diablo-se-lo-pidio\/","title":{"rendered":"Pidi\u00f3 la libertad la mujer que intent\u00f3 degollar a su beb\u00e9 en Santa Rosa porque \u201cel Diablo\u201d se lo pidi\u00f3"},"content":{"rendered":"\n<p>Una mujer de Santa Rosa que en 2016 intent\u00f3 degollar a su beb\u00e9 de seis meses porque \u201cel Diablo\u201d se lo hab\u00eda \u201cordenado\u201d ahora pidi\u00f3 la libertad condicional porque ya cumpli\u00f3 los dos tercios de la pena de 12 a\u00f1os de c\u00e1rcel.<\/p>\n\n\n\n<p>Se espera que antes del mediod\u00eda se desarrolle una audiencia en el Centro Judicial de Santa Rosa, donde su defensa fundamente el pedido. Posteriormente se espera la definici\u00f3n del juez Mart\u00edn Saravia.<\/p>\n\n\n\n<p>La libertad condicional puede ser concedida con las 2\/3 partes de cumplida la condena. Pero debe cumplir determinadas reglas de conductas.<\/p>\n\n\n\n<p>El intento de asesinato ocurri\u00f3 el 10 de abril de 2016, en horas del mediod\u00eda, en la vivienda familiar del barrio Los Hornos.<\/p>\n\n\n\n<p>En esa oportunidad, la mujer le hizo un corte al beb\u00e9 en la garganta de ocho cent\u00edmetros de longitud y lo apu\u00f1al\u00f3 tres veces en el t\u00f3rax.<\/p>\n\n\n\n<p>La mujer -Claudia Vanesa B., que sufr\u00eda de ataques psic\u00f3ticos- intent\u00f3 matar al ni\u00f1o delante de sus otros dos hijos. Uno de los nenes, de 10 a\u00f1os, logr\u00f3 sacarle el beb\u00e9 de los brazos y corri\u00f3 a la vereda. En ese momento, lleg\u00f3 el padre, que hab\u00eda salido a hacer las compras. Cuando ingres\u00f3 a la casa, la mujer se hab\u00eda intentado suicidar. Se hab\u00eda cortado con el mismo cuchillo que hab\u00eda atacado al beb\u00e9.<\/p>\n\n\n\n<p>Durante el juicio, en 2017, los jueces del Tribunal de Audiencia dieron por acreditado que Ben\u00edtez \u201cintent\u00f3 quitar la vida de su hijo de seis meses de vida con un elemento punzocortante, provoc\u00e1ndole heridas en el cuello y en el t\u00f3rax, que generaron un cuadro hipovol\u00e9mico que puso en peligro la vida de la v\u00edctima\u201d.<\/p>\n\n\n\n<p>\u201cNo logr\u00f3 su cometido por causas ajenas a su voluntad, ello es la intervenci\u00f3n inmediata y oportuna de sus familiares, especialmente de sus otros dos hijos menores de seis y diez a\u00f1os; como as\u00ed de los profesionales de la salud que asistieron al menor, con la eficiencia y efectividad necesaria que evit\u00f3 el originario resultado da\u00f1oso que pretend\u00eda la encartada\u201d, asegur\u00f3 el Tribunal en el fallo.<\/p>\n\n\n\n<p>En su declaraci\u00f3n ante los jueces, Ben\u00edtez dijo que no quiso matar, ni lastimar a su hijo y argument\u00f3 que \u201cel Diablo\u201d le habl\u00f3 y le dijo que \u201cmatara\u201d a su hijo. \u201cNo quise lastimarlo\u201d, dijo. \u201cEl Diablo me habl\u00f3 y me dijo que matara a mi hijo y luego me matara yo. Lo veo y lo escucho. No era yo, estaba pose\u00edda por \u00e9l\u201d, sostuvo.<\/p>\n","protected":false},"excerpt":{"rendered":"<p>Una mujer de Santa Rosa que en 2016 intent\u00f3 degollar a su beb\u00e9 de seis meses porque \u201cel Diablo\u201d se lo hab\u00eda \u201cordenado\u201d ahora pidi\u00f3 la libertad condicional porque ya&hellip;<\/p>\n","protected":false},"author":3,"featured_media":138045,"comment_status":"closed","ping_status":"open","sticky":false,"template":"","format":"standard","meta":{"_acf_changed":false,"footnotes":""},"categories":[1,11,12],"tags":[],"class_list":["post-230362","post","type-post","status-publish","format-standard","has-post-thumbnail","hentry","category-es-noticia","category-que-pasa","category-sociedad"],"acf":[],"yoast_head":"<!-- This site is optimized with the Yoast SEO plugin v27.5 - https:\/\/yoast.com\/product\/yoast-seo-wordpress\/ -->\n<title>Pidi\u00f3 la libertad la mujer que intent\u00f3 degollar a su beb\u00e9 en Santa Rosa porque \u201cel Diablo\u201d se lo pidi\u00f3 - Diario Textual<\/title>\n<meta name=\"robots\" content=\"index, follow, max-snippet:-1, max-image-preview:large, max-video-preview:-1\" \/>\n<link rel=\"canonical\" href=\"https:\/\/diariotextual.com\/inicio\/index.php\/2023\/07\/06\/pidio-la-libertad-la-mujer-que-intento-degollar-a-su-bebe-en-santa-rosa-porque-el-diablo-se-lo-pidio\/\" \/>\n<meta property=\"og:locale\" content=\"es_ES\" \/>\n<meta property=\"og:type\" content=\"article\" \/>\n<meta property=\"og:title\" content=\"Pidi\u00f3 la libertad la mujer que intent\u00f3 degollar a su beb\u00e9 en Santa Rosa porque \u201cel Diablo\u201d se lo pidi\u00f3 - Diario Textual\" \/>\n<meta property=\"og:description\" content=\"Una mujer de Santa Rosa que en 2016 intent\u00f3 degollar a su beb\u00e9 de seis meses porque \u201cel Diablo\u201d se lo hab\u00eda \u201cordenado\u201d ahora pidi\u00f3 la libertad condicional porque ya&hellip;\" \/>\n<meta property=\"og:url\" content=\"https:\/\/diariotextual.com\/inicio\/index.php\/2023\/07\/06\/pidio-la-libertad-la-mujer-que-intento-degollar-a-su-bebe-en-santa-rosa-porque-el-diablo-se-lo-pidio\/\" \/>\n<meta property=\"og:site_name\" content=\"Diario Textual\" \/>\n<meta property=\"article:publisher\" content=\"https:\/\/www.facebook.com\/eltextual\" \/>\n<meta property=\"article:published_time\" content=\"2023-07-06T10:07:56+00:00\" \/>\n<meta property=\"article:modified_time\" content=\"2023-07-06T17:43:15+00:00\" \/>\n<meta property=\"og:image\" content=\"https:\/\/diariotextual.com\/inicio\/wp-content\/uploads\/2021\/03\/centrojudicialsr.jpg\" \/>\n\t<meta property=\"og:image:width\" content=\"700\" \/>\n\t<meta property=\"og:image:height\" content=\"417\" \/>\n\t<meta property=\"og:image:type\" content=\"image\/jpeg\" \/>\n<meta name=\"author\" content=\"Diario1 Diario1\" \/>\n<meta name=\"twitter:card\" content=\"summary_large_image\" \/>\n<meta name=\"twitter:creator\" content=\"@eltextual\" \/>\n<meta name=\"twitter:site\" content=\"@eltextual\" \/>\n<meta name=\"twitter:label1\" content=\"Escrito por\" \/>\n\t<meta name=\"twitter:data1\" content=\"Diario1 Diario1\" \/>\n\t<meta name=\"twitter:label2\" content=\"Tiempo de lectura\" \/>\n\t<meta name=\"twitter:data2\" content=\"2 minutos\" \/>\n<script type=\"application\/ld+json\" class=\"yoast-schema-graph\">{\"@context\":\"https:\\\/\\\/schema.org\",\"@graph\":[{\"@type\":\"Article\",\"@id\":\"https:\\\/\\\/diariotextual.com\\\/inicio\\\/index.php\\\/2023\\\/07\\\/06\\\/pidio-la-libertad-la-mujer-que-intento-degollar-a-su-bebe-en-santa-rosa-porque-el-diablo-se-lo-pidio\\\/#article\",\"isPartOf\":{\"@id\":\"https:\\\/\\\/diariotextual.com\\\/inicio\\\/index.php\\\/2023\\\/07\\\/06\\\/pidio-la-libertad-la-mujer-que-intento-degollar-a-su-bebe-en-santa-rosa-porque-el-diablo-se-lo-pidio\\\/\"},\"author\":{\"name\":\"Diario1 Diario1\",\"@id\":\"https:\\\/\\\/diariotextual.com\\\/inicio\\\/#\\\/schema\\\/person\\\/418fc4093c33e86ed41562db3508f958\"},\"headline\":\"Pidi\u00f3 la libertad la mujer que intent\u00f3 degollar a su beb\u00e9 en Santa Rosa porque \u201cel Diablo\u201d se lo pidi\u00f3\",\"datePublished\":\"2023-07-06T10:07:56+00:00\",\"dateModified\":\"2023-07-06T17:43:15+00:00\",\"mainEntityOfPage\":{\"@id\":\"https:\\\/\\\/diariotextual.com\\\/inicio\\\/index.php\\\/2023\\\/07\\\/06\\\/pidio-la-libertad-la-mujer-que-intento-degollar-a-su-bebe-en-santa-rosa-porque-el-diablo-se-lo-pidio\\\/\"},\"wordCount\":450,\"publisher\":{\"@id\":\"https:\\\/\\\/diariotextual.com\\\/inicio\\\/#organization\"},\"image\":{\"@id\":\"https:\\\/\\\/diariotextual.com\\\/inicio\\\/index.php\\\/2023\\\/07\\\/06\\\/pidio-la-libertad-la-mujer-que-intento-degollar-a-su-bebe-en-santa-rosa-porque-el-diablo-se-lo-pidio\\\/#primaryimage\"},\"thumbnailUrl\":\"https:\\\/\\\/diariotextual.com\\\/inicio\\\/wp-content\\\/uploads\\\/2021\\\/03\\\/centrojudicialsr.jpg\",\"articleSection\":[\"A - ES NOTICIA (van abajo)\",\"A - QUE PASA (al costado)\",\"SOCIEDAD\"],\"inLanguage\":\"es\"},{\"@type\":\"WebPage\",\"@id\":\"https:\\\/\\\/diariotextual.com\\\/inicio\\\/index.php\\\/2023\\\/07\\\/06\\\/pidio-la-libertad-la-mujer-que-intento-degollar-a-su-bebe-en-santa-rosa-porque-el-diablo-se-lo-pidio\\\/\",\"url\":\"https:\\\/\\\/diariotextual.com\\\/inicio\\\/index.php\\\/2023\\\/07\\\/06\\\/pidio-la-libertad-la-mujer-que-intento-degollar-a-su-bebe-en-santa-rosa-porque-el-diablo-se-lo-pidio\\\/\",\"name\":\"Pidi\u00f3 la libertad la mujer que intent\u00f3 degollar a su beb\u00e9 en Santa Rosa porque \u201cel Diablo\u201d se lo pidi\u00f3 - Diario Textual\",\"isPartOf\":{\"@id\":\"https:\\\/\\\/diariotextual.com\\\/inicio\\\/#website\"},\"primaryImageOfPage\":{\"@id\":\"https:\\\/\\\/diariotextual.com\\\/inicio\\\/index.php\\\/2023\\\/07\\\/06\\\/pidio-la-libertad-la-mujer-que-intento-degollar-a-su-bebe-en-santa-rosa-porque-el-diablo-se-lo-pidio\\\/#primaryimage\"},\"image\":{\"@id\":\"https:\\\/\\\/diariotextual.com\\\/inicio\\\/index.php\\\/2023\\\/07\\\/06\\\/pidio-la-libertad-la-mujer-que-intento-degollar-a-su-bebe-en-santa-rosa-porque-el-diablo-se-lo-pidio\\\/#primaryimage\"},\"thumbnailUrl\":\"https:\\\/\\\/diariotextual.com\\\/inicio\\\/wp-content\\\/uploads\\\/2021\\\/03\\\/centrojudicialsr.jpg\",\"datePublished\":\"2023-07-06T10:07:56+00:00\",\"dateModified\":\"2023-07-06T17:43:15+00:00\",\"breadcrumb\":{\"@id\":\"https:\\\/\\\/diariotextual.com\\\/inicio\\\/index.php\\\/2023\\\/07\\\/06\\\/pidio-la-libertad-la-mujer-que-intento-degollar-a-su-bebe-en-santa-rosa-porque-el-diablo-se-lo-pidio\\\/#breadcrumb\"},\"inLanguage\":\"es\",\"potentialAction\":[{\"@type\":\"ReadAction\",\"target\":[\"https:\\\/\\\/diariotextual.com\\\/inicio\\\/index.php\\\/2023\\\/07\\\/06\\\/pidio-la-libertad-la-mujer-que-intento-degollar-a-su-bebe-en-santa-rosa-porque-el-diablo-se-lo-pidio\\\/\"]}]},{\"@type\":\"ImageObject\",\"inLanguage\":\"es\",\"@id\":\"https:\\\/\\\/diariotextual.com\\\/inicio\\\/index.php\\\/2023\\\/07\\\/06\\\/pidio-la-libertad-la-mujer-que-intento-degollar-a-su-bebe-en-santa-rosa-porque-el-diablo-se-lo-pidio\\\/#primaryimage\",\"url\":\"https:\\\/\\\/diariotextual.com\\\/inicio\\\/wp-content\\\/uploads\\\/2021\\\/03\\\/centrojudicialsr.jpg\",\"contentUrl\":\"https:\\\/\\\/diariotextual.com\\\/inicio\\\/wp-content\\\/uploads\\\/2021\\\/03\\\/centrojudicialsr.jpg\",\"width\":700,\"height\":417},{\"@type\":\"BreadcrumbList\",\"@id\":\"https:\\\/\\\/diariotextual.com\\\/inicio\\\/index.php\\\/2023\\\/07\\\/06\\\/pidio-la-libertad-la-mujer-que-intento-degollar-a-su-bebe-en-santa-rosa-porque-el-diablo-se-lo-pidio\\\/#breadcrumb\",\"itemListElement\":[{\"@type\":\"ListItem\",\"position\":1,\"name\":\"Portada\",\"item\":\"https:\\\/\\\/diariotextual.com\\\/inicio\\\/\"},{\"@type\":\"ListItem\",\"position\":2,\"name\":\"Pidi\u00f3 la libertad la mujer que intent\u00f3 degollar a su beb\u00e9 en Santa Rosa porque \u201cel Diablo\u201d se lo pidi\u00f3\"}]},{\"@type\":\"WebSite\",\"@id\":\"https:\\\/\\\/diariotextual.com\\\/inicio\\\/#website\",\"url\":\"https:\\\/\\\/diariotextual.com\\\/inicio\\\/\",\"name\":\"Diario Textual\",\"description\":\"\",\"publisher\":{\"@id\":\"https:\\\/\\\/diariotextual.com\\\/inicio\\\/#organization\"},\"potentialAction\":[{\"@type\":\"SearchAction\",\"target\":{\"@type\":\"EntryPoint\",\"urlTemplate\":\"https:\\\/\\\/diariotextual.com\\\/inicio\\\/?s={search_term_string}\"},\"query-input\":{\"@type\":\"PropertyValueSpecification\",\"valueRequired\":true,\"valueName\":\"search_term_string\"}}],\"inLanguage\":\"es\"},{\"@type\":\"Organization\",\"@id\":\"https:\\\/\\\/diariotextual.com\\\/inicio\\\/#organization\",\"name\":\"Diario Textual\",\"url\":\"https:\\\/\\\/diariotextual.com\\\/inicio\\\/\",\"logo\":{\"@type\":\"ImageObject\",\"inLanguage\":\"es\",\"@id\":\"https:\\\/\\\/diariotextual.com\\\/inicio\\\/#\\\/schema\\\/logo\\\/image\\\/\",\"url\":\"https:\\\/\\\/diariotextual.com\\\/inicio\\\/wp-content\\\/uploads\\\/2023\\\/05\\\/logotextual1.jpg\",\"contentUrl\":\"https:\\\/\\\/diariotextual.com\\\/inicio\\\/wp-content\\\/uploads\\\/2023\\\/05\\\/logotextual1.jpg\",\"width\":516,\"height\":76,\"caption\":\"Diario Textual\"},\"image\":{\"@id\":\"https:\\\/\\\/diariotextual.com\\\/inicio\\\/#\\\/schema\\\/logo\\\/image\\\/\"},\"sameAs\":[\"https:\\\/\\\/www.facebook.com\\\/eltextual\",\"https:\\\/\\\/x.com\\\/eltextual\",\"http:\\\/\\\/www.instagram.com\\\/eltextual\"]},{\"@type\":\"Person\",\"@id\":\"https:\\\/\\\/diariotextual.com\\\/inicio\\\/#\\\/schema\\\/person\\\/418fc4093c33e86ed41562db3508f958\",\"name\":\"Diario1 Diario1\",\"image\":{\"@type\":\"ImageObject\",\"inLanguage\":\"es\",\"@id\":\"https:\\\/\\\/secure.gravatar.com\\\/avatar\\\/9167d280179c85bc18be67aa7eda765854300033af4896dd779b608640f2ef7a?s=96&d=mm&r=g\",\"url\":\"https:\\\/\\\/secure.gravatar.com\\\/avatar\\\/9167d280179c85bc18be67aa7eda765854300033af4896dd779b608640f2ef7a?s=96&d=mm&r=g\",\"contentUrl\":\"https:\\\/\\\/secure.gravatar.com\\\/avatar\\\/9167d280179c85bc18be67aa7eda765854300033af4896dd779b608640f2ef7a?s=96&d=mm&r=g\",\"caption\":\"Diario1 Diario1\"},\"url\":\"https:\\\/\\\/diariotextual.com\\\/inicio\\\/index.php\\\/author\\\/diario1\\\/\"}]}<\/script>\n<!-- \/ Yoast SEO plugin. -->","yoast_head_json":{"title":"Pidi\u00f3 la libertad la mujer que intent\u00f3 degollar a su beb\u00e9 en Santa Rosa porque \u201cel Diablo\u201d se lo pidi\u00f3 - Diario Textual","robots":{"index":"index","follow":"follow","max-snippet":"max-snippet:-1","max-image-preview":"max-image-preview:large","max-video-preview":"max-video-preview:-1"},"canonical":"https:\/\/diariotextual.com\/inicio\/index.php\/2023\/07\/06\/pidio-la-libertad-la-mujer-que-intento-degollar-a-su-bebe-en-santa-rosa-porque-el-diablo-se-lo-pidio\/","og_locale":"es_ES","og_type":"article","og_title":"Pidi\u00f3 la libertad la mujer que intent\u00f3 degollar a su beb\u00e9 en Santa Rosa porque \u201cel Diablo\u201d se lo pidi\u00f3 - Diario Textual","og_description":"Una mujer de Santa Rosa que en 2016 intent\u00f3 degollar a su beb\u00e9 de seis meses porque \u201cel Diablo\u201d se lo hab\u00eda \u201cordenado\u201d ahora pidi\u00f3 la libertad condicional porque ya&hellip;","og_url":"https:\/\/diariotextual.com\/inicio\/index.php\/2023\/07\/06\/pidio-la-libertad-la-mujer-que-intento-degollar-a-su-bebe-en-santa-rosa-porque-el-diablo-se-lo-pidio\/","og_site_name":"Diario Textual","article_publisher":"https:\/\/www.facebook.com\/eltextual","article_published_time":"2023-07-06T10:07:56+00:00","article_modified_time":"2023-07-06T17:43:15+00:00","og_image":[{"width":700,"height":417,"url":"https:\/\/diariotextual.com\/inicio\/wp-content\/uploads\/2021\/03\/centrojudicialsr.jpg","type":"image\/jpeg"}],"author":"Diario1 Diario1","twitter_card":"summary_large_image","twitter_creator":"@eltextual","twitter_site":"@eltextual","twitter_misc":{"Escrito por":"Diario1 Diario1","Tiempo de lectura":"2 minutos"},"schema":{"@context":"https:\/\/schema.org","@graph":[{"@type":"Article","@id":"https:\/\/diariotextual.com\/inicio\/index.php\/2023\/07\/06\/pidio-la-libertad-la-mujer-que-intento-degollar-a-su-bebe-en-santa-rosa-porque-el-diablo-se-lo-pidio\/#article","isPartOf":{"@id":"https:\/\/diariotextual.com\/inicio\/index.php\/2023\/07\/06\/pidio-la-libertad-la-mujer-que-intento-degollar-a-su-bebe-en-santa-rosa-porque-el-diablo-se-lo-pidio\/"},"author":{"name":"Diario1 Diario1","@id":"https:\/\/diariotextual.com\/inicio\/#\/schema\/person\/418fc4093c33e86ed41562db3508f958"},"headline":"Pidi\u00f3 la libertad la mujer que intent\u00f3 degollar a su beb\u00e9 en Santa Rosa porque \u201cel Diablo\u201d se lo pidi\u00f3","datePublished":"2023-07-06T10:07:56+00:00","dateModified":"2023-07-06T17:43:15+00:00","mainEntityOfPage":{"@id":"https:\/\/diariotextual.com\/inicio\/index.php\/2023\/07\/06\/pidio-la-libertad-la-mujer-que-intento-degollar-a-su-bebe-en-santa-rosa-porque-el-diablo-se-lo-pidio\/"},"wordCount":450,"publisher":{"@id":"https:\/\/diariotextual.com\/inicio\/#organization"},"image":{"@id":"https:\/\/diariotextual.com\/inicio\/index.php\/2023\/07\/06\/pidio-la-libertad-la-mujer-que-intento-degollar-a-su-bebe-en-santa-rosa-porque-el-diablo-se-lo-pidio\/#primaryimage"},"thumbnailUrl":"https:\/\/diariotextual.com\/inicio\/wp-content\/uploads\/2021\/03\/centrojudicialsr.jpg","articleSection":["A - ES NOTICIA (van abajo)","A - QUE PASA (al costado)","SOCIEDAD"],"inLanguage":"es"},{"@type":"WebPage","@id":"https:\/\/diariotextual.com\/inicio\/index.php\/2023\/07\/06\/pidio-la-libertad-la-mujer-que-intento-degollar-a-su-bebe-en-santa-rosa-porque-el-diablo-se-lo-pidio\/","url":"https:\/\/diariotextual.com\/inicio\/index.php\/2023\/07\/06\/pidio-la-libertad-la-mujer-que-intento-degollar-a-su-bebe-en-santa-rosa-porque-el-diablo-se-lo-pidio\/","name":"Pidi\u00f3 la libertad la mujer que intent\u00f3 degollar a su beb\u00e9 en Santa Rosa porque \u201cel Diablo\u201d se lo pidi\u00f3 - Diario Textual","isPartOf":{"@id":"https:\/\/diariotextual.com\/inicio\/#website"},"primaryImageOfPage":{"@id":"https:\/\/diariotextual.com\/inicio\/index.php\/2023\/07\/06\/pidio-la-libertad-la-mujer-que-intento-degollar-a-su-bebe-en-santa-rosa-porque-el-diablo-se-lo-pidio\/#primaryimage"},"image":{"@id":"https:\/\/diariotextual.com\/inicio\/index.php\/2023\/07\/06\/pidio-la-libertad-la-mujer-que-intento-degollar-a-su-bebe-en-santa-rosa-porque-el-diablo-se-lo-pidio\/#primaryimage"},"thumbnailUrl":"https:\/\/diariotextual.com\/inicio\/wp-content\/uploads\/2021\/03\/centrojudicialsr.jpg","datePublished":"2023-07-06T10:07:56+00:00","dateModified":"2023-07-06T17:43:15+00:00","breadcrumb":{"@id":"https:\/\/diariotextual.com\/inicio\/index.php\/2023\/07\/06\/pidio-la-libertad-la-mujer-que-intento-degollar-a-su-bebe-en-santa-rosa-porque-el-diablo-se-lo-pidio\/#breadcrumb"},"inLanguage":"es","potentialAction":[{"@type":"ReadAction","target":["https:\/\/diariotextual.com\/inicio\/index.php\/2023\/07\/06\/pidio-la-libertad-la-mujer-que-intento-degollar-a-su-bebe-en-santa-rosa-porque-el-diablo-se-lo-pidio\/"]}]},{"@type":"ImageObject","inLanguage":"es","@id":"https:\/\/diariotextual.com\/inicio\/index.php\/2023\/07\/06\/pidio-la-libertad-la-mujer-que-intento-degollar-a-su-bebe-en-santa-rosa-porque-el-diablo-se-lo-pidio\/#primaryimage","url":"https:\/\/diariotextual.com\/inicio\/wp-content\/uploads\/2021\/03\/centrojudicialsr.jpg","contentUrl":"https:\/\/diariotextual.com\/inicio\/wp-content\/uploads\/2021\/03\/centrojudicialsr.jpg","width":700,"height":417},{"@type":"BreadcrumbList","@id":"https:\/\/diariotextual.com\/inicio\/index.php\/2023\/07\/06\/pidio-la-libertad-la-mujer-que-intento-degollar-a-su-bebe-en-santa-rosa-porque-el-diablo-se-lo-pidio\/#breadcrumb","itemListElement":[{"@type":"ListItem","position":1,"name":"Portada","item":"https:\/\/diariotextual.com\/inicio\/"},{"@type":"ListItem","position":2,"name":"Pidi\u00f3 la libertad la mujer que intent\u00f3 degollar a su beb\u00e9 en Santa Rosa porque \u201cel Diablo\u201d se lo pidi\u00f3"}]},{"@type":"WebSite","@id":"https:\/\/diariotextual.com\/inicio\/#website","url":"https:\/\/diariotextual.com\/inicio\/","name":"Diario Textual","description":"","publisher":{"@id":"https:\/\/diariotextual.com\/inicio\/#organization"},"potentialAction":[{"@type":"SearchAction","target":{"@type":"EntryPoint","urlTemplate":"https:\/\/diariotextual.com\/inicio\/?s={search_term_string}"},"query-input":{"@type":"PropertyValueSpecification","valueRequired":true,"valueName":"search_term_string"}}],"inLanguage":"es"},{"@type":"Organization","@id":"https:\/\/diariotextual.com\/inicio\/#organization","name":"Diario Textual","url":"https:\/\/diariotextual.com\/inicio\/","logo":{"@type":"ImageObject","inLanguage":"es","@id":"https:\/\/diariotextual.com\/inicio\/#\/schema\/logo\/image\/","url":"https:\/\/diariotextual.com\/inicio\/wp-content\/uploads\/2023\/05\/logotextual1.jpg","contentUrl":"https:\/\/diariotextual.com\/inicio\/wp-content\/uploads\/2023\/05\/logotextual1.jpg","width":516,"height":76,"caption":"Diario Textual"},"image":{"@id":"https:\/\/diariotextual.com\/inicio\/#\/schema\/logo\/image\/"},"sameAs":["https:\/\/www.facebook.com\/eltextual","https:\/\/x.com\/eltextual","http:\/\/www.instagram.com\/eltextual"]},{"@type":"Person","@id":"https:\/\/diariotextual.com\/inicio\/#\/schema\/person\/418fc4093c33e86ed41562db3508f958","name":"Diario1 Diario1","image":{"@type":"ImageObject","inLanguage":"es","@id":"https:\/\/secure.gravatar.com\/avatar\/9167d280179c85bc18be67aa7eda765854300033af4896dd779b608640f2ef7a?s=96&d=mm&r=g","url":"https:\/\/secure.gravatar.com\/avatar\/9167d280179c85bc18be67aa7eda765854300033af4896dd779b608640f2ef7a?s=96&d=mm&r=g","contentUrl":"https:\/\/secure.gravatar.com\/avatar\/9167d280179c85bc18be67aa7eda765854300033af4896dd779b608640f2ef7a?s=96&d=mm&r=g","caption":"Diario1 Diario1"},"url":"https:\/\/diariotextual.com\/inicio\/index.php\/author\/diario1\/"}]}},"_links":{"self":[{"href":"https:\/\/diariotextual.com\/inicio\/index.php\/wp-json\/wp\/v2\/posts\/230362","targetHints":{"allow":["GET"]}}],"collection":[{"href":"https:\/\/diariotextual.com\/inicio\/index.php\/wp-json\/wp\/v2\/posts"}],"about":[{"href":"https:\/\/diariotextual.com\/inicio\/index.php\/wp-json\/wp\/v2\/types\/post"}],"author":[{"embeddable":true,"href":"https:\/\/diariotextual.com\/inicio\/index.php\/wp-json\/wp\/v2\/users\/3"}],"replies":[{"embeddable":true,"href":"https:\/\/diariotextual.com\/inicio\/index.php\/wp-json\/wp\/v2\/comments?post=230362"}],"version-history":[{"count":4,"href":"https:\/\/diariotextual.com\/inicio\/index.php\/wp-json\/wp\/v2\/posts\/230362\/revisions"}],"predecessor-version":[{"id":230374,"href":"https:\/\/diariotextual.com\/inicio\/index.php\/wp-json\/wp\/v2\/posts\/230362\/revisions\/230374"}],"wp:featuredmedia":[{"embeddable":true,"href":"https:\/\/diariotextual.com\/inicio\/index.php\/wp-json\/wp\/v2\/media\/138045"}],"wp:attachment":[{"href":"https:\/\/diariotextual.com\/inicio\/index.php\/wp-json\/wp\/v2\/media?parent=230362"}],"wp:term":[{"taxonomy":"category","embeddable":true,"href":"https:\/\/diariotextual.com\/inicio\/index.php\/wp-json\/wp\/v2\/categories?post=230362"},{"taxonomy":"post_tag","embeddable":true,"href":"https:\/\/diariotextual.com\/inicio\/index.php\/wp-json\/wp\/v2\/tags?post=230362"}],"curies":[{"name":"wp","href":"https:\/\/api.w.org\/{rel}","templated":true}]}}