{"id":230366,"date":"2023-07-06T07:07:15","date_gmt":"2023-07-06T10:07:15","guid":{"rendered":"https:\/\/diariotextual.com\/inicio\/?p=230366"},"modified":"2023-07-06T11:10:31","modified_gmt":"2023-07-06T14:10:31","slug":"la-uta-anuncio-un-paro-de-colectivos-de-corta-y-media-distancia-para-este-viernes","status":"publish","type":"post","link":"https:\/\/diariotextual.com\/inicio\/index.php\/2023\/07\/06\/la-uta-anuncio-un-paro-de-colectivos-de-corta-y-media-distancia-para-este-viernes\/","title":{"rendered":"UTA anunci\u00f3 paro de corta y media distancia para este viernes: en La Pampa no hay adhesi\u00f3n porque las empresas pagaron"},"content":{"rendered":"\n<p>La <strong>Uni\u00f3n Tranviarios Automotor (UTA)<\/strong> convoc\u00f3 a un nuevo <strong>paro en las l\u00edneas de corta y media distancia<\/strong> para este viernes en reclamo de que las empresas cumplan con el pago del <strong>aumento salarial <\/strong>acordado en paritarias. En La Pampa no habr\u00e1 medida de fuerza porque las firmas pagaron como se acord\u00f3.<\/p>\n\n\n\n<p><strong>\u201cEsto es para las empresas que no pagaron con la escala salarial nueva que se acord\u00f3 con Fatap. En La Pampa la mayor\u00eda pag\u00f3 bien, solo faltan un par, pero no habr\u00e1 paro\u201d<\/strong>, dijo a Diario Textual el titular de UTA La Pampa, Jos\u00e9 Alvarez.<\/p>\n\n\n\n<p>El sindicato a nivel nacional advirti\u00f3 que la medida de fuerza se cumplir\u00e1 mientras las empresas no acaten la resoluci\u00f3n conjunta de los ministerios de Trabajo y Transporte que dispuso la mejora salarial para los choferes del interior y para el \u00e1rea metropolitana.<\/p>\n\n\n\n<p>El gremio exigi\u00f3 en un comunicado&nbsp;\u201cla vigencia y exigibilidad de la resoluci\u00f3n conjunta, que determin\u00f3 las escalas salariales para los trabajadores del \u00c1rea Metropolitana Buenos Aires (AMBA) y del interior tras el acuerdo con la Federaci\u00f3n Argentina de&nbsp;Transportadores por Automotor de Pasajeros\u201d.<\/p>\n\n\n\n<p>LA UTA, que es liderada por Roberto Fern\u00e1ndez, sostuvo que \u201clas diferencias existentes entre el sector empresario y la autoridad de aplicaci\u00f3n son completamente ajenas e independientes de los salarios de los trabajadores\u201d.<\/p>\n\n\n\n<p>Agreg\u00f3 que los choferes&nbsp;\u201cno pueden, ni deben, esperar disposiciones reglamentarias, convenios o rendiciones para percibir sus haberes y no pueden ser rehenes de la problem\u00e1tica del servicio\u201d.<\/p>\n\n\n\n<p>Las c\u00e1maras empresarias y el gremio hab\u00edan acordado que los choferes de colectivos que prestan servicios en el \u00c1rea Metropolitana de Buenos Aires (AMBA) y en el interior del pa\u00eds&nbsp;acceder\u00edan en julio a un nuevo b\u00e1sico salarial de 348.800 pesos.<\/p>\n\n\n\n<p>El acuerdo salarial que es subsidiado con fondos de los ministerios de Transporte y Trabajo, Empleo y Seguridad Social estableci\u00f3 elevar el salario b\u00e1sico retroactivo a abril a 262.000 pesos y una suma fija no remunerativa y por \u00fanica vez de 32.000 pesos.<\/p>\n\n\n\n<p>En mayo el b\u00e1sico se estableci\u00f3 en 284.000 pesos, en junio en 320.000 pesos y en julio prev\u00e9 un piso de 348.800 pesos,&nbsp;mientras que en agosto ser\u00e1 de 380.192 pesos y en septiembre, de 414.409 pesos.<\/p>\n","protected":false},"excerpt":{"rendered":"<p>La Uni\u00f3n Tranviarios Automotor (UTA) convoc\u00f3 a un nuevo paro en las l\u00edneas de corta y media distancia para este viernes en reclamo de que las empresas cumplan con el&hellip;<\/p>\n","protected":false},"author":7,"featured_media":36109,"comment_status":"closed","ping_status":"open","sticky":false,"template":"","format":"standard","meta":{"_acf_changed":false,"footnotes":""},"categories":[1,12],"tags":[],"class_list":["post-230366","post","type-post","status-publish","format-standard","has-post-thumbnail","hentry","category-es-noticia","category-sociedad"],"acf":[],"yoast_head":"<!-- This site is optimized with the Yoast SEO plugin v27.5 - https:\/\/yoast.com\/product\/yoast-seo-wordpress\/ -->\n<title>UTA anunci\u00f3 paro de corta y media distancia para este viernes: en La Pampa no hay adhesi\u00f3n porque las empresas pagaron - Diario Textual<\/title>\n<meta name=\"robots\" content=\"index, follow, max-snippet:-1, max-image-preview:large, max-video-preview:-1\" \/>\n<link rel=\"canonical\" href=\"https:\/\/diariotextual.com\/inicio\/index.php\/2023\/07\/06\/la-uta-anuncio-un-paro-de-colectivos-de-corta-y-media-distancia-para-este-viernes\/\" \/>\n<meta property=\"og:locale\" content=\"es_ES\" \/>\n<meta property=\"og:type\" content=\"article\" \/>\n<meta property=\"og:title\" content=\"UTA anunci\u00f3 paro de corta y media distancia para este viernes: en La Pampa no hay adhesi\u00f3n porque las empresas pagaron - Diario Textual\" \/>\n<meta property=\"og:description\" content=\"La Uni\u00f3n Tranviarios Automotor (UTA) convoc\u00f3 a un nuevo paro en las l\u00edneas de corta y media distancia para este viernes en reclamo de que las empresas cumplan con el&hellip;\" \/>\n<meta property=\"og:url\" content=\"https:\/\/diariotextual.com\/inicio\/index.php\/2023\/07\/06\/la-uta-anuncio-un-paro-de-colectivos-de-corta-y-media-distancia-para-este-viernes\/\" \/>\n<meta property=\"og:site_name\" content=\"Diario Textual\" \/>\n<meta property=\"article:publisher\" content=\"https:\/\/www.facebook.com\/eltextual\" \/>\n<meta property=\"article:published_time\" content=\"2023-07-06T10:07:15+00:00\" \/>\n<meta property=\"article:modified_time\" content=\"2023-07-06T14:10:31+00:00\" \/>\n<meta property=\"og:image\" content=\"https:\/\/diariotextual.com\/inicio\/wp-content\/uploads\/2019\/01\/microsutaasamblea2019-4.jpg\" \/>\n\t<meta property=\"og:image:width\" content=\"977\" \/>\n\t<meta property=\"og:image:height\" content=\"652\" \/>\n\t<meta property=\"og:image:type\" content=\"image\/jpeg\" \/>\n<meta name=\"author\" content=\"diario5\" \/>\n<meta name=\"twitter:card\" content=\"summary_large_image\" \/>\n<meta name=\"twitter:creator\" content=\"@eltextual\" \/>\n<meta name=\"twitter:site\" content=\"@eltextual\" \/>\n<meta name=\"twitter:label1\" content=\"Escrito por\" \/>\n\t<meta name=\"twitter:data1\" content=\"diario5\" \/>\n\t<meta name=\"twitter:label2\" content=\"Tiempo de lectura\" \/>\n\t<meta name=\"twitter:data2\" content=\"2 minutos\" \/>\n<script type=\"application\/ld+json\" class=\"yoast-schema-graph\">{\"@context\":\"https:\\\/\\\/schema.org\",\"@graph\":[{\"@type\":\"Article\",\"@id\":\"https:\\\/\\\/diariotextual.com\\\/inicio\\\/index.php\\\/2023\\\/07\\\/06\\\/la-uta-anuncio-un-paro-de-colectivos-de-corta-y-media-distancia-para-este-viernes\\\/#article\",\"isPartOf\":{\"@id\":\"https:\\\/\\\/diariotextual.com\\\/inicio\\\/index.php\\\/2023\\\/07\\\/06\\\/la-uta-anuncio-un-paro-de-colectivos-de-corta-y-media-distancia-para-este-viernes\\\/\"},\"author\":{\"name\":\"diario5\",\"@id\":\"https:\\\/\\\/diariotextual.com\\\/inicio\\\/#\\\/schema\\\/person\\\/c7834961ad8b29b1d9cdbf4571299067\"},\"headline\":\"UTA anunci\u00f3 paro de corta y media distancia para este viernes: en La Pampa no hay adhesi\u00f3n porque las empresas pagaron\",\"datePublished\":\"2023-07-06T10:07:15+00:00\",\"dateModified\":\"2023-07-06T14:10:31+00:00\",\"mainEntityOfPage\":{\"@id\":\"https:\\\/\\\/diariotextual.com\\\/inicio\\\/index.php\\\/2023\\\/07\\\/06\\\/la-uta-anuncio-un-paro-de-colectivos-de-corta-y-media-distancia-para-este-viernes\\\/\"},\"wordCount\":401,\"publisher\":{\"@id\":\"https:\\\/\\\/diariotextual.com\\\/inicio\\\/#organization\"},\"image\":{\"@id\":\"https:\\\/\\\/diariotextual.com\\\/inicio\\\/index.php\\\/2023\\\/07\\\/06\\\/la-uta-anuncio-un-paro-de-colectivos-de-corta-y-media-distancia-para-este-viernes\\\/#primaryimage\"},\"thumbnailUrl\":\"https:\\\/\\\/diariotextual.com\\\/inicio\\\/wp-content\\\/uploads\\\/2019\\\/01\\\/microsutaasamblea2019-4.jpg\",\"articleSection\":[\"A - ES NOTICIA (van abajo)\",\"SOCIEDAD\"],\"inLanguage\":\"es\"},{\"@type\":\"WebPage\",\"@id\":\"https:\\\/\\\/diariotextual.com\\\/inicio\\\/index.php\\\/2023\\\/07\\\/06\\\/la-uta-anuncio-un-paro-de-colectivos-de-corta-y-media-distancia-para-este-viernes\\\/\",\"url\":\"https:\\\/\\\/diariotextual.com\\\/inicio\\\/index.php\\\/2023\\\/07\\\/06\\\/la-uta-anuncio-un-paro-de-colectivos-de-corta-y-media-distancia-para-este-viernes\\\/\",\"name\":\"UTA anunci\u00f3 paro de corta y media distancia para este viernes: en La Pampa no hay adhesi\u00f3n porque las empresas pagaron - Diario Textual\",\"isPartOf\":{\"@id\":\"https:\\\/\\\/diariotextual.com\\\/inicio\\\/#website\"},\"primaryImageOfPage\":{\"@id\":\"https:\\\/\\\/diariotextual.com\\\/inicio\\\/index.php\\\/2023\\\/07\\\/06\\\/la-uta-anuncio-un-paro-de-colectivos-de-corta-y-media-distancia-para-este-viernes\\\/#primaryimage\"},\"image\":{\"@id\":\"https:\\\/\\\/diariotextual.com\\\/inicio\\\/index.php\\\/2023\\\/07\\\/06\\\/la-uta-anuncio-un-paro-de-colectivos-de-corta-y-media-distancia-para-este-viernes\\\/#primaryimage\"},\"thumbnailUrl\":\"https:\\\/\\\/diariotextual.com\\\/inicio\\\/wp-content\\\/uploads\\\/2019\\\/01\\\/microsutaasamblea2019-4.jpg\",\"datePublished\":\"2023-07-06T10:07:15+00:00\",\"dateModified\":\"2023-07-06T14:10:31+00:00\",\"breadcrumb\":{\"@id\":\"https:\\\/\\\/diariotextual.com\\\/inicio\\\/index.php\\\/2023\\\/07\\\/06\\\/la-uta-anuncio-un-paro-de-colectivos-de-corta-y-media-distancia-para-este-viernes\\\/#breadcrumb\"},\"inLanguage\":\"es\",\"potentialAction\":[{\"@type\":\"ReadAction\",\"target\":[\"https:\\\/\\\/diariotextual.com\\\/inicio\\\/index.php\\\/2023\\\/07\\\/06\\\/la-uta-anuncio-un-paro-de-colectivos-de-corta-y-media-distancia-para-este-viernes\\\/\"]}]},{\"@type\":\"ImageObject\",\"inLanguage\":\"es\",\"@id\":\"https:\\\/\\\/diariotextual.com\\\/inicio\\\/index.php\\\/2023\\\/07\\\/06\\\/la-uta-anuncio-un-paro-de-colectivos-de-corta-y-media-distancia-para-este-viernes\\\/#primaryimage\",\"url\":\"https:\\\/\\\/diariotextual.com\\\/inicio\\\/wp-content\\\/uploads\\\/2019\\\/01\\\/microsutaasamblea2019-4.jpg\",\"contentUrl\":\"https:\\\/\\\/diariotextual.com\\\/inicio\\\/wp-content\\\/uploads\\\/2019\\\/01\\\/microsutaasamblea2019-4.jpg\",\"width\":977,\"height\":652},{\"@type\":\"BreadcrumbList\",\"@id\":\"https:\\\/\\\/diariotextual.com\\\/inicio\\\/index.php\\\/2023\\\/07\\\/06\\\/la-uta-anuncio-un-paro-de-colectivos-de-corta-y-media-distancia-para-este-viernes\\\/#breadcrumb\",\"itemListElement\":[{\"@type\":\"ListItem\",\"position\":1,\"name\":\"Portada\",\"item\":\"https:\\\/\\\/diariotextual.com\\\/inicio\\\/\"},{\"@type\":\"ListItem\",\"position\":2,\"name\":\"UTA anunci\u00f3 paro de corta y media distancia para este viernes: en La Pampa no hay adhesi\u00f3n porque las empresas pagaron\"}]},{\"@type\":\"WebSite\",\"@id\":\"https:\\\/\\\/diariotextual.com\\\/inicio\\\/#website\",\"url\":\"https:\\\/\\\/diariotextual.com\\\/inicio\\\/\",\"name\":\"Diario Textual\",\"description\":\"\",\"publisher\":{\"@id\":\"https:\\\/\\\/diariotextual.com\\\/inicio\\\/#organization\"},\"potentialAction\":[{\"@type\":\"SearchAction\",\"target\":{\"@type\":\"EntryPoint\",\"urlTemplate\":\"https:\\\/\\\/diariotextual.com\\\/inicio\\\/?s={search_term_string}\"},\"query-input\":{\"@type\":\"PropertyValueSpecification\",\"valueRequired\":true,\"valueName\":\"search_term_string\"}}],\"inLanguage\":\"es\"},{\"@type\":\"Organization\",\"@id\":\"https:\\\/\\\/diariotextual.com\\\/inicio\\\/#organization\",\"name\":\"Diario Textual\",\"url\":\"https:\\\/\\\/diariotextual.com\\\/inicio\\\/\",\"logo\":{\"@type\":\"ImageObject\",\"inLanguage\":\"es\",\"@id\":\"https:\\\/\\\/diariotextual.com\\\/inicio\\\/#\\\/schema\\\/logo\\\/image\\\/\",\"url\":\"https:\\\/\\\/diariotextual.com\\\/inicio\\\/wp-content\\\/uploads\\\/2023\\\/05\\\/logotextual1.jpg\",\"contentUrl\":\"https:\\\/\\\/diariotextual.com\\\/inicio\\\/wp-content\\\/uploads\\\/2023\\\/05\\\/logotextual1.jpg\",\"width\":516,\"height\":76,\"caption\":\"Diario Textual\"},\"image\":{\"@id\":\"https:\\\/\\\/diariotextual.com\\\/inicio\\\/#\\\/schema\\\/logo\\\/image\\\/\"},\"sameAs\":[\"https:\\\/\\\/www.facebook.com\\\/eltextual\",\"https:\\\/\\\/x.com\\\/eltextual\",\"http:\\\/\\\/www.instagram.com\\\/eltextual\"]},{\"@type\":\"Person\",\"@id\":\"https:\\\/\\\/diariotextual.com\\\/inicio\\\/#\\\/schema\\\/person\\\/c7834961ad8b29b1d9cdbf4571299067\",\"name\":\"diario5\",\"image\":{\"@type\":\"ImageObject\",\"inLanguage\":\"es\",\"@id\":\"https:\\\/\\\/secure.gravatar.com\\\/avatar\\\/948c893b847ca6df68216ead81b63f363408ec9b0f600fefc0641ce78613b111?s=96&d=mm&r=g\",\"url\":\"https:\\\/\\\/secure.gravatar.com\\\/avatar\\\/948c893b847ca6df68216ead81b63f363408ec9b0f600fefc0641ce78613b111?s=96&d=mm&r=g\",\"contentUrl\":\"https:\\\/\\\/secure.gravatar.com\\\/avatar\\\/948c893b847ca6df68216ead81b63f363408ec9b0f600fefc0641ce78613b111?s=96&d=mm&r=g\",\"caption\":\"diario5\"},\"url\":\"https:\\\/\\\/diariotextual.com\\\/inicio\\\/index.php\\\/author\\\/diario5\\\/\"}]}<\/script>\n<!-- \/ Yoast SEO plugin. -->","yoast_head_json":{"title":"UTA anunci\u00f3 paro de corta y media distancia para este viernes: en La Pampa no hay adhesi\u00f3n porque las empresas pagaron - Diario Textual","robots":{"index":"index","follow":"follow","max-snippet":"max-snippet:-1","max-image-preview":"max-image-preview:large","max-video-preview":"max-video-preview:-1"},"canonical":"https:\/\/diariotextual.com\/inicio\/index.php\/2023\/07\/06\/la-uta-anuncio-un-paro-de-colectivos-de-corta-y-media-distancia-para-este-viernes\/","og_locale":"es_ES","og_type":"article","og_title":"UTA anunci\u00f3 paro de corta y media distancia para este viernes: en La Pampa no hay adhesi\u00f3n porque las empresas pagaron - Diario Textual","og_description":"La Uni\u00f3n Tranviarios Automotor (UTA) convoc\u00f3 a un nuevo paro en las l\u00edneas de corta y media distancia para este viernes en reclamo de que las empresas cumplan con el&hellip;","og_url":"https:\/\/diariotextual.com\/inicio\/index.php\/2023\/07\/06\/la-uta-anuncio-un-paro-de-colectivos-de-corta-y-media-distancia-para-este-viernes\/","og_site_name":"Diario Textual","article_publisher":"https:\/\/www.facebook.com\/eltextual","article_published_time":"2023-07-06T10:07:15+00:00","article_modified_time":"2023-07-06T14:10:31+00:00","og_image":[{"width":977,"height":652,"url":"https:\/\/diariotextual.com\/inicio\/wp-content\/uploads\/2019\/01\/microsutaasamblea2019-4.jpg","type":"image\/jpeg"}],"author":"diario5","twitter_card":"summary_large_image","twitter_creator":"@eltextual","twitter_site":"@eltextual","twitter_misc":{"Escrito por":"diario5","Tiempo de lectura":"2 minutos"},"schema":{"@context":"https:\/\/schema.org","@graph":[{"@type":"Article","@id":"https:\/\/diariotextual.com\/inicio\/index.php\/2023\/07\/06\/la-uta-anuncio-un-paro-de-colectivos-de-corta-y-media-distancia-para-este-viernes\/#article","isPartOf":{"@id":"https:\/\/diariotextual.com\/inicio\/index.php\/2023\/07\/06\/la-uta-anuncio-un-paro-de-colectivos-de-corta-y-media-distancia-para-este-viernes\/"},"author":{"name":"diario5","@id":"https:\/\/diariotextual.com\/inicio\/#\/schema\/person\/c7834961ad8b29b1d9cdbf4571299067"},"headline":"UTA anunci\u00f3 paro de corta y media distancia para este viernes: en La Pampa no hay adhesi\u00f3n porque las empresas pagaron","datePublished":"2023-07-06T10:07:15+00:00","dateModified":"2023-07-06T14:10:31+00:00","mainEntityOfPage":{"@id":"https:\/\/diariotextual.com\/inicio\/index.php\/2023\/07\/06\/la-uta-anuncio-un-paro-de-colectivos-de-corta-y-media-distancia-para-este-viernes\/"},"wordCount":401,"publisher":{"@id":"https:\/\/diariotextual.com\/inicio\/#organization"},"image":{"@id":"https:\/\/diariotextual.com\/inicio\/index.php\/2023\/07\/06\/la-uta-anuncio-un-paro-de-colectivos-de-corta-y-media-distancia-para-este-viernes\/#primaryimage"},"thumbnailUrl":"https:\/\/diariotextual.com\/inicio\/wp-content\/uploads\/2019\/01\/microsutaasamblea2019-4.jpg","articleSection":["A - ES NOTICIA (van abajo)","SOCIEDAD"],"inLanguage":"es"},{"@type":"WebPage","@id":"https:\/\/diariotextual.com\/inicio\/index.php\/2023\/07\/06\/la-uta-anuncio-un-paro-de-colectivos-de-corta-y-media-distancia-para-este-viernes\/","url":"https:\/\/diariotextual.com\/inicio\/index.php\/2023\/07\/06\/la-uta-anuncio-un-paro-de-colectivos-de-corta-y-media-distancia-para-este-viernes\/","name":"UTA anunci\u00f3 paro de corta y media distancia para este viernes: en La Pampa no hay adhesi\u00f3n porque las empresas pagaron - Diario Textual","isPartOf":{"@id":"https:\/\/diariotextual.com\/inicio\/#website"},"primaryImageOfPage":{"@id":"https:\/\/diariotextual.com\/inicio\/index.php\/2023\/07\/06\/la-uta-anuncio-un-paro-de-colectivos-de-corta-y-media-distancia-para-este-viernes\/#primaryimage"},"image":{"@id":"https:\/\/diariotextual.com\/inicio\/index.php\/2023\/07\/06\/la-uta-anuncio-un-paro-de-colectivos-de-corta-y-media-distancia-para-este-viernes\/#primaryimage"},"thumbnailUrl":"https:\/\/diariotextual.com\/inicio\/wp-content\/uploads\/2019\/01\/microsutaasamblea2019-4.jpg","datePublished":"2023-07-06T10:07:15+00:00","dateModified":"2023-07-06T14:10:31+00:00","breadcrumb":{"@id":"https:\/\/diariotextual.com\/inicio\/index.php\/2023\/07\/06\/la-uta-anuncio-un-paro-de-colectivos-de-corta-y-media-distancia-para-este-viernes\/#breadcrumb"},"inLanguage":"es","potentialAction":[{"@type":"ReadAction","target":["https:\/\/diariotextual.com\/inicio\/index.php\/2023\/07\/06\/la-uta-anuncio-un-paro-de-colectivos-de-corta-y-media-distancia-para-este-viernes\/"]}]},{"@type":"ImageObject","inLanguage":"es","@id":"https:\/\/diariotextual.com\/inicio\/index.php\/2023\/07\/06\/la-uta-anuncio-un-paro-de-colectivos-de-corta-y-media-distancia-para-este-viernes\/#primaryimage","url":"https:\/\/diariotextual.com\/inicio\/wp-content\/uploads\/2019\/01\/microsutaasamblea2019-4.jpg","contentUrl":"https:\/\/diariotextual.com\/inicio\/wp-content\/uploads\/2019\/01\/microsutaasamblea2019-4.jpg","width":977,"height":652},{"@type":"BreadcrumbList","@id":"https:\/\/diariotextual.com\/inicio\/index.php\/2023\/07\/06\/la-uta-anuncio-un-paro-de-colectivos-de-corta-y-media-distancia-para-este-viernes\/#breadcrumb","itemListElement":[{"@type":"ListItem","position":1,"name":"Portada","item":"https:\/\/diariotextual.com\/inicio\/"},{"@type":"ListItem","position":2,"name":"UTA anunci\u00f3 paro de corta y media distancia para este viernes: en La Pampa no hay adhesi\u00f3n porque las empresas pagaron"}]},{"@type":"WebSite","@id":"https:\/\/diariotextual.com\/inicio\/#website","url":"https:\/\/diariotextual.com\/inicio\/","name":"Diario Textual","description":"","publisher":{"@id":"https:\/\/diariotextual.com\/inicio\/#organization"},"potentialAction":[{"@type":"SearchAction","target":{"@type":"EntryPoint","urlTemplate":"https:\/\/diariotextual.com\/inicio\/?s={search_term_string}"},"query-input":{"@type":"PropertyValueSpecification","valueRequired":true,"valueName":"search_term_string"}}],"inLanguage":"es"},{"@type":"Organization","@id":"https:\/\/diariotextual.com\/inicio\/#organization","name":"Diario Textual","url":"https:\/\/diariotextual.com\/inicio\/","logo":{"@type":"ImageObject","inLanguage":"es","@id":"https:\/\/diariotextual.com\/inicio\/#\/schema\/logo\/image\/","url":"https:\/\/diariotextual.com\/inicio\/wp-content\/uploads\/2023\/05\/logotextual1.jpg","contentUrl":"https:\/\/diariotextual.com\/inicio\/wp-content\/uploads\/2023\/05\/logotextual1.jpg","width":516,"height":76,"caption":"Diario Textual"},"image":{"@id":"https:\/\/diariotextual.com\/inicio\/#\/schema\/logo\/image\/"},"sameAs":["https:\/\/www.facebook.com\/eltextual","https:\/\/x.com\/eltextual","http:\/\/www.instagram.com\/eltextual"]},{"@type":"Person","@id":"https:\/\/diariotextual.com\/inicio\/#\/schema\/person\/c7834961ad8b29b1d9cdbf4571299067","name":"diario5","image":{"@type":"ImageObject","inLanguage":"es","@id":"https:\/\/secure.gravatar.com\/avatar\/948c893b847ca6df68216ead81b63f363408ec9b0f600fefc0641ce78613b111?s=96&d=mm&r=g","url":"https:\/\/secure.gravatar.com\/avatar\/948c893b847ca6df68216ead81b63f363408ec9b0f600fefc0641ce78613b111?s=96&d=mm&r=g","contentUrl":"https:\/\/secure.gravatar.com\/avatar\/948c893b847ca6df68216ead81b63f363408ec9b0f600fefc0641ce78613b111?s=96&d=mm&r=g","caption":"diario5"},"url":"https:\/\/diariotextual.com\/inicio\/index.php\/author\/diario5\/"}]}},"_links":{"self":[{"href":"https:\/\/diariotextual.com\/inicio\/index.php\/wp-json\/wp\/v2\/posts\/230366","targetHints":{"allow":["GET"]}}],"collection":[{"href":"https:\/\/diariotextual.com\/inicio\/index.php\/wp-json\/wp\/v2\/posts"}],"about":[{"href":"https:\/\/diariotextual.com\/inicio\/index.php\/wp-json\/wp\/v2\/types\/post"}],"author":[{"embeddable":true,"href":"https:\/\/diariotextual.com\/inicio\/index.php\/wp-json\/wp\/v2\/users\/7"}],"replies":[{"embeddable":true,"href":"https:\/\/diariotextual.com\/inicio\/index.php\/wp-json\/wp\/v2\/comments?post=230366"}],"version-history":[{"count":5,"href":"https:\/\/diariotextual.com\/inicio\/index.php\/wp-json\/wp\/v2\/posts\/230366\/revisions"}],"predecessor-version":[{"id":230390,"href":"https:\/\/diariotextual.com\/inicio\/index.php\/wp-json\/wp\/v2\/posts\/230366\/revisions\/230390"}],"wp:featuredmedia":[{"embeddable":true,"href":"https:\/\/diariotextual.com\/inicio\/index.php\/wp-json\/wp\/v2\/media\/36109"}],"wp:attachment":[{"href":"https:\/\/diariotextual.com\/inicio\/index.php\/wp-json\/wp\/v2\/media?parent=230366"}],"wp:term":[{"taxonomy":"category","embeddable":true,"href":"https:\/\/diariotextual.com\/inicio\/index.php\/wp-json\/wp\/v2\/categories?post=230366"},{"taxonomy":"post_tag","embeddable":true,"href":"https:\/\/diariotextual.com\/inicio\/index.php\/wp-json\/wp\/v2\/tags?post=230366"}],"curies":[{"name":"wp","href":"https:\/\/api.w.org\/{rel}","templated":true}]}}