{"id":230367,"date":"2023-07-06T07:07:41","date_gmt":"2023-07-06T10:07:41","guid":{"rendered":"https:\/\/diariotextual.com\/inicio\/?p=230367"},"modified":"2023-07-06T07:07:47","modified_gmt":"2023-07-06T10:07:47","slug":"diputados-elimino-la-fe-de-vida-que-debian-presentar-jubilados-y-jubiladas","status":"publish","type":"post","link":"https:\/\/diariotextual.com\/inicio\/index.php\/2023\/07\/06\/diputados-elimino-la-fe-de-vida-que-debian-presentar-jubilados-y-jubiladas\/","title":{"rendered":"Diputados elimin\u00f3 la fe de vida que deb\u00edan presentar jubilados y jubiladas"},"content":{"rendered":"\n<p>La C\u00e1mara de Diputados convirti\u00f3 en ley un proyecto que <strong>elimina el tr\u00e1mite de actualizaci\u00f3n de \u201cFe de Vida\u201d que deben presentar jubilados y pensionados <\/strong>que integran el Sistema Integrado Previsional Argentino y de Pensiones No Contributivas para el cobro de sus haberes mensuales.<br><br>La iniciativa fue aprobada por 170 a 3 votos en una votaci\u00f3n a libro cerrado donde se sancionaron otros proyectos referidos a acuerdos internacionales, entre otros dict\u00e1menes, en el \u00faltimo tramo de una sesi\u00f3n que se extendi\u00f3 por m\u00e1s de trece horas.<br><br>De los aproximadamente 7,3 millones de pasivos del sistema previsional, m\u00e1s de 3,2 millones no deben presentar su fe de vida a partir de acuerdos entre el Estado y algunas entidades bancarias, en su mayor\u00eda, del sector p\u00fablico.<br><br>El art\u00edculo establece que \u201cen ning\u00fan caso podr\u00e1n requerirse tr\u00e1mites adicionales a cargo del beneficiario y\/o apoderado de la prestaci\u00f3n\u201d jubilatoria \u201cm\u00e1s all\u00e1 de las verificaciones realizadas al momento del cobro presencial que eventualmente se realice\u201d.<br><br>La fe de vida era un tr\u00e1mite que los jubilados deb\u00edan realizar peri\u00f3dicamente para que Anses certifique la supervivencia del jubilado o pensionado.<br><br>Uno de los despachos aprobados es el Acuerdo para la Eliminaci\u00f3n del Cobro de Cargos de Roaming Internacional a los Usuarios Finales del Mercosur, celebrado el 17 de julio de 2019 en la ciudad capital de la provincia de Santa Fe.<br><br>Tambi\u00e9n se vot\u00f3 declarar D\u00eda Nacional de la Comunidad Empresarial al d\u00eda 27 de agosto de cada a\u00f1o.<br><br>Adem\u00e1s se aprob\u00f3 la creaci\u00f3n de la Red Federal de Bibliotecas Parlamentarias de la Rep\u00fablica Argentina, con sede en el \u00e1rea parlamentaria de la Biblioteca del Congreso de la Naci\u00f3n.<br><br>El plenario legislativo sancion\u00f3 tambi\u00e9n un proyecto para modificar la ley de tr\u00e1nsito sobre los requisitos que deben cumplir los conductores.<br><br>El paquete aprobado sin debate incluy\u00f3 un dictamen para declarar el 19 de Agosto el D\u00eda de las Luchas de las Personas en Situaci\u00f3n de Calle y el 22 de Noviembre el D\u00eda Nacional del Kimchi en la Argentina.<br><br>Otra iniciativa aprobar fue declarar el 18 de Julio de cada a\u00f1o como D\u00eda de Duelo Nacional en homenaje a las v\u00edctimas del atentado terrorista perpetrado contra la sede de la Amia.<br><br>Y se aprob\u00f3 declarar de inter\u00e9s de la c\u00e1mara el proyecto \u201cAlta en el Cielo\u201d del artista Abel Pintos junto a la Orquesta Acad\u00e9mica del Teatro Col\u00f3n.<br><br>Posteriormente se aprobaron los dict\u00e1menes de cargos de c\u00f3nsules y vicec\u00f3nsules honorarios a ciudadanos\/as argentinos\/as propuestos por gobiernos extranjeros; y la ratificaci\u00f3n de acuerdo sobre Transporte A\u00e9reo entre la Rep\u00fablica Argentina y la Rep\u00fablica Portuguesa, suscripto en la ciudad de Lisboa el 25 de junio de 2007.<\/p>\n","protected":false},"excerpt":{"rendered":"<p>La C\u00e1mara de Diputados convirti\u00f3 en ley un proyecto que elimina el tr\u00e1mite de actualizaci\u00f3n de \u201cFe de Vida\u201d que deben presentar jubilados y pensionados que integran el Sistema Integrado&hellip;<\/p>\n","protected":false},"author":4,"featured_media":79909,"comment_status":"closed","ping_status":"open","sticky":false,"template":"","format":"standard","meta":{"_acf_changed":false,"footnotes":""},"categories":[1,12],"tags":[],"class_list":["post-230367","post","type-post","status-publish","format-standard","has-post-thumbnail","hentry","category-es-noticia","category-sociedad"],"acf":[],"yoast_head":"<!-- This site is optimized with the Yoast SEO plugin v27.5 - https:\/\/yoast.com\/product\/yoast-seo-wordpress\/ -->\n<title>Diputados elimin\u00f3 la fe de vida que deb\u00edan presentar jubilados y jubiladas - Diario Textual<\/title>\n<meta name=\"robots\" content=\"index, follow, max-snippet:-1, max-image-preview:large, max-video-preview:-1\" \/>\n<link rel=\"canonical\" href=\"https:\/\/diariotextual.com\/inicio\/index.php\/2023\/07\/06\/diputados-elimino-la-fe-de-vida-que-debian-presentar-jubilados-y-jubiladas\/\" \/>\n<meta property=\"og:locale\" content=\"es_ES\" \/>\n<meta property=\"og:type\" content=\"article\" \/>\n<meta property=\"og:title\" content=\"Diputados elimin\u00f3 la fe de vida que deb\u00edan presentar jubilados y jubiladas - Diario Textual\" \/>\n<meta property=\"og:description\" content=\"La C\u00e1mara de Diputados convirti\u00f3 en ley un proyecto que elimina el tr\u00e1mite de actualizaci\u00f3n de \u201cFe de Vida\u201d que deben presentar jubilados y pensionados que integran el Sistema Integrado&hellip;\" \/>\n<meta property=\"og:url\" content=\"https:\/\/diariotextual.com\/inicio\/index.php\/2023\/07\/06\/diputados-elimino-la-fe-de-vida-que-debian-presentar-jubilados-y-jubiladas\/\" \/>\n<meta property=\"og:site_name\" content=\"Diario Textual\" \/>\n<meta property=\"article:publisher\" content=\"https:\/\/www.facebook.com\/eltextual\" \/>\n<meta property=\"article:published_time\" content=\"2023-07-06T10:07:41+00:00\" \/>\n<meta property=\"article:modified_time\" content=\"2023-07-06T10:07:47+00:00\" \/>\n<meta property=\"og:image\" content=\"https:\/\/diariotextual.com\/inicio\/wp-content\/uploads\/2020\/02\/jubiladostelam77.jpg\" \/>\n\t<meta property=\"og:image:width\" content=\"1072\" \/>\n\t<meta property=\"og:image:height\" content=\"589\" \/>\n\t<meta property=\"og:image:type\" content=\"image\/jpeg\" \/>\n<meta name=\"author\" content=\"diario2\" \/>\n<meta name=\"twitter:card\" content=\"summary_large_image\" \/>\n<meta name=\"twitter:creator\" content=\"@eltextual\" \/>\n<meta name=\"twitter:site\" content=\"@eltextual\" \/>\n<meta name=\"twitter:label1\" content=\"Escrito por\" \/>\n\t<meta name=\"twitter:data1\" content=\"diario2\" \/>\n\t<meta name=\"twitter:label2\" content=\"Tiempo de lectura\" \/>\n\t<meta name=\"twitter:data2\" content=\"3 minutos\" \/>\n<script type=\"application\/ld+json\" class=\"yoast-schema-graph\">{\"@context\":\"https:\\\/\\\/schema.org\",\"@graph\":[{\"@type\":\"Article\",\"@id\":\"https:\\\/\\\/diariotextual.com\\\/inicio\\\/index.php\\\/2023\\\/07\\\/06\\\/diputados-elimino-la-fe-de-vida-que-debian-presentar-jubilados-y-jubiladas\\\/#article\",\"isPartOf\":{\"@id\":\"https:\\\/\\\/diariotextual.com\\\/inicio\\\/index.php\\\/2023\\\/07\\\/06\\\/diputados-elimino-la-fe-de-vida-que-debian-presentar-jubilados-y-jubiladas\\\/\"},\"author\":{\"name\":\"diario2\",\"@id\":\"https:\\\/\\\/diariotextual.com\\\/inicio\\\/#\\\/schema\\\/person\\\/694f60677f23c4a530867a98f22b3768\"},\"headline\":\"Diputados elimin\u00f3 la fe de vida que deb\u00edan presentar jubilados y jubiladas\",\"datePublished\":\"2023-07-06T10:07:41+00:00\",\"dateModified\":\"2023-07-06T10:07:47+00:00\",\"mainEntityOfPage\":{\"@id\":\"https:\\\/\\\/diariotextual.com\\\/inicio\\\/index.php\\\/2023\\\/07\\\/06\\\/diputados-elimino-la-fe-de-vida-que-debian-presentar-jubilados-y-jubiladas\\\/\"},\"wordCount\":489,\"publisher\":{\"@id\":\"https:\\\/\\\/diariotextual.com\\\/inicio\\\/#organization\"},\"image\":{\"@id\":\"https:\\\/\\\/diariotextual.com\\\/inicio\\\/index.php\\\/2023\\\/07\\\/06\\\/diputados-elimino-la-fe-de-vida-que-debian-presentar-jubilados-y-jubiladas\\\/#primaryimage\"},\"thumbnailUrl\":\"https:\\\/\\\/diariotextual.com\\\/inicio\\\/wp-content\\\/uploads\\\/2020\\\/02\\\/jubiladostelam77.jpg\",\"articleSection\":[\"A - ES NOTICIA (van abajo)\",\"SOCIEDAD\"],\"inLanguage\":\"es\"},{\"@type\":\"WebPage\",\"@id\":\"https:\\\/\\\/diariotextual.com\\\/inicio\\\/index.php\\\/2023\\\/07\\\/06\\\/diputados-elimino-la-fe-de-vida-que-debian-presentar-jubilados-y-jubiladas\\\/\",\"url\":\"https:\\\/\\\/diariotextual.com\\\/inicio\\\/index.php\\\/2023\\\/07\\\/06\\\/diputados-elimino-la-fe-de-vida-que-debian-presentar-jubilados-y-jubiladas\\\/\",\"name\":\"Diputados elimin\u00f3 la fe de vida que deb\u00edan presentar jubilados y jubiladas - Diario Textual\",\"isPartOf\":{\"@id\":\"https:\\\/\\\/diariotextual.com\\\/inicio\\\/#website\"},\"primaryImageOfPage\":{\"@id\":\"https:\\\/\\\/diariotextual.com\\\/inicio\\\/index.php\\\/2023\\\/07\\\/06\\\/diputados-elimino-la-fe-de-vida-que-debian-presentar-jubilados-y-jubiladas\\\/#primaryimage\"},\"image\":{\"@id\":\"https:\\\/\\\/diariotextual.com\\\/inicio\\\/index.php\\\/2023\\\/07\\\/06\\\/diputados-elimino-la-fe-de-vida-que-debian-presentar-jubilados-y-jubiladas\\\/#primaryimage\"},\"thumbnailUrl\":\"https:\\\/\\\/diariotextual.com\\\/inicio\\\/wp-content\\\/uploads\\\/2020\\\/02\\\/jubiladostelam77.jpg\",\"datePublished\":\"2023-07-06T10:07:41+00:00\",\"dateModified\":\"2023-07-06T10:07:47+00:00\",\"breadcrumb\":{\"@id\":\"https:\\\/\\\/diariotextual.com\\\/inicio\\\/index.php\\\/2023\\\/07\\\/06\\\/diputados-elimino-la-fe-de-vida-que-debian-presentar-jubilados-y-jubiladas\\\/#breadcrumb\"},\"inLanguage\":\"es\",\"potentialAction\":[{\"@type\":\"ReadAction\",\"target\":[\"https:\\\/\\\/diariotextual.com\\\/inicio\\\/index.php\\\/2023\\\/07\\\/06\\\/diputados-elimino-la-fe-de-vida-que-debian-presentar-jubilados-y-jubiladas\\\/\"]}]},{\"@type\":\"ImageObject\",\"inLanguage\":\"es\",\"@id\":\"https:\\\/\\\/diariotextual.com\\\/inicio\\\/index.php\\\/2023\\\/07\\\/06\\\/diputados-elimino-la-fe-de-vida-que-debian-presentar-jubilados-y-jubiladas\\\/#primaryimage\",\"url\":\"https:\\\/\\\/diariotextual.com\\\/inicio\\\/wp-content\\\/uploads\\\/2020\\\/02\\\/jubiladostelam77.jpg\",\"contentUrl\":\"https:\\\/\\\/diariotextual.com\\\/inicio\\\/wp-content\\\/uploads\\\/2020\\\/02\\\/jubiladostelam77.jpg\",\"width\":1072,\"height\":589},{\"@type\":\"BreadcrumbList\",\"@id\":\"https:\\\/\\\/diariotextual.com\\\/inicio\\\/index.php\\\/2023\\\/07\\\/06\\\/diputados-elimino-la-fe-de-vida-que-debian-presentar-jubilados-y-jubiladas\\\/#breadcrumb\",\"itemListElement\":[{\"@type\":\"ListItem\",\"position\":1,\"name\":\"Portada\",\"item\":\"https:\\\/\\\/diariotextual.com\\\/inicio\\\/\"},{\"@type\":\"ListItem\",\"position\":2,\"name\":\"Diputados elimin\u00f3 la fe de vida que deb\u00edan presentar jubilados y jubiladas\"}]},{\"@type\":\"WebSite\",\"@id\":\"https:\\\/\\\/diariotextual.com\\\/inicio\\\/#website\",\"url\":\"https:\\\/\\\/diariotextual.com\\\/inicio\\\/\",\"name\":\"Diario Textual\",\"description\":\"\",\"publisher\":{\"@id\":\"https:\\\/\\\/diariotextual.com\\\/inicio\\\/#organization\"},\"potentialAction\":[{\"@type\":\"SearchAction\",\"target\":{\"@type\":\"EntryPoint\",\"urlTemplate\":\"https:\\\/\\\/diariotextual.com\\\/inicio\\\/?s={search_term_string}\"},\"query-input\":{\"@type\":\"PropertyValueSpecification\",\"valueRequired\":true,\"valueName\":\"search_term_string\"}}],\"inLanguage\":\"es\"},{\"@type\":\"Organization\",\"@id\":\"https:\\\/\\\/diariotextual.com\\\/inicio\\\/#organization\",\"name\":\"Diario Textual\",\"url\":\"https:\\\/\\\/diariotextual.com\\\/inicio\\\/\",\"logo\":{\"@type\":\"ImageObject\",\"inLanguage\":\"es\",\"@id\":\"https:\\\/\\\/diariotextual.com\\\/inicio\\\/#\\\/schema\\\/logo\\\/image\\\/\",\"url\":\"https:\\\/\\\/diariotextual.com\\\/inicio\\\/wp-content\\\/uploads\\\/2023\\\/05\\\/logotextual1.jpg\",\"contentUrl\":\"https:\\\/\\\/diariotextual.com\\\/inicio\\\/wp-content\\\/uploads\\\/2023\\\/05\\\/logotextual1.jpg\",\"width\":516,\"height\":76,\"caption\":\"Diario Textual\"},\"image\":{\"@id\":\"https:\\\/\\\/diariotextual.com\\\/inicio\\\/#\\\/schema\\\/logo\\\/image\\\/\"},\"sameAs\":[\"https:\\\/\\\/www.facebook.com\\\/eltextual\",\"https:\\\/\\\/x.com\\\/eltextual\",\"http:\\\/\\\/www.instagram.com\\\/eltextual\"]},{\"@type\":\"Person\",\"@id\":\"https:\\\/\\\/diariotextual.com\\\/inicio\\\/#\\\/schema\\\/person\\\/694f60677f23c4a530867a98f22b3768\",\"name\":\"diario2\",\"image\":{\"@type\":\"ImageObject\",\"inLanguage\":\"es\",\"@id\":\"https:\\\/\\\/secure.gravatar.com\\\/avatar\\\/5a2567495ba16b852fcd8f1ed006a2e24fcace936018ed8237e95f488ad6e0a7?s=96&d=mm&r=g\",\"url\":\"https:\\\/\\\/secure.gravatar.com\\\/avatar\\\/5a2567495ba16b852fcd8f1ed006a2e24fcace936018ed8237e95f488ad6e0a7?s=96&d=mm&r=g\",\"contentUrl\":\"https:\\\/\\\/secure.gravatar.com\\\/avatar\\\/5a2567495ba16b852fcd8f1ed006a2e24fcace936018ed8237e95f488ad6e0a7?s=96&d=mm&r=g\",\"caption\":\"diario2\"},\"url\":\"https:\\\/\\\/diariotextual.com\\\/inicio\\\/index.php\\\/author\\\/diario2\\\/\"}]}<\/script>\n<!-- \/ Yoast SEO plugin. -->","yoast_head_json":{"title":"Diputados elimin\u00f3 la fe de vida que deb\u00edan presentar jubilados y jubiladas - Diario Textual","robots":{"index":"index","follow":"follow","max-snippet":"max-snippet:-1","max-image-preview":"max-image-preview:large","max-video-preview":"max-video-preview:-1"},"canonical":"https:\/\/diariotextual.com\/inicio\/index.php\/2023\/07\/06\/diputados-elimino-la-fe-de-vida-que-debian-presentar-jubilados-y-jubiladas\/","og_locale":"es_ES","og_type":"article","og_title":"Diputados elimin\u00f3 la fe de vida que deb\u00edan presentar jubilados y jubiladas - Diario Textual","og_description":"La C\u00e1mara de Diputados convirti\u00f3 en ley un proyecto que elimina el tr\u00e1mite de actualizaci\u00f3n de \u201cFe de Vida\u201d que deben presentar jubilados y pensionados que integran el Sistema Integrado&hellip;","og_url":"https:\/\/diariotextual.com\/inicio\/index.php\/2023\/07\/06\/diputados-elimino-la-fe-de-vida-que-debian-presentar-jubilados-y-jubiladas\/","og_site_name":"Diario Textual","article_publisher":"https:\/\/www.facebook.com\/eltextual","article_published_time":"2023-07-06T10:07:41+00:00","article_modified_time":"2023-07-06T10:07:47+00:00","og_image":[{"width":1072,"height":589,"url":"https:\/\/diariotextual.com\/inicio\/wp-content\/uploads\/2020\/02\/jubiladostelam77.jpg","type":"image\/jpeg"}],"author":"diario2","twitter_card":"summary_large_image","twitter_creator":"@eltextual","twitter_site":"@eltextual","twitter_misc":{"Escrito por":"diario2","Tiempo de lectura":"3 minutos"},"schema":{"@context":"https:\/\/schema.org","@graph":[{"@type":"Article","@id":"https:\/\/diariotextual.com\/inicio\/index.php\/2023\/07\/06\/diputados-elimino-la-fe-de-vida-que-debian-presentar-jubilados-y-jubiladas\/#article","isPartOf":{"@id":"https:\/\/diariotextual.com\/inicio\/index.php\/2023\/07\/06\/diputados-elimino-la-fe-de-vida-que-debian-presentar-jubilados-y-jubiladas\/"},"author":{"name":"diario2","@id":"https:\/\/diariotextual.com\/inicio\/#\/schema\/person\/694f60677f23c4a530867a98f22b3768"},"headline":"Diputados elimin\u00f3 la fe de vida que deb\u00edan presentar jubilados y jubiladas","datePublished":"2023-07-06T10:07:41+00:00","dateModified":"2023-07-06T10:07:47+00:00","mainEntityOfPage":{"@id":"https:\/\/diariotextual.com\/inicio\/index.php\/2023\/07\/06\/diputados-elimino-la-fe-de-vida-que-debian-presentar-jubilados-y-jubiladas\/"},"wordCount":489,"publisher":{"@id":"https:\/\/diariotextual.com\/inicio\/#organization"},"image":{"@id":"https:\/\/diariotextual.com\/inicio\/index.php\/2023\/07\/06\/diputados-elimino-la-fe-de-vida-que-debian-presentar-jubilados-y-jubiladas\/#primaryimage"},"thumbnailUrl":"https:\/\/diariotextual.com\/inicio\/wp-content\/uploads\/2020\/02\/jubiladostelam77.jpg","articleSection":["A - ES NOTICIA (van abajo)","SOCIEDAD"],"inLanguage":"es"},{"@type":"WebPage","@id":"https:\/\/diariotextual.com\/inicio\/index.php\/2023\/07\/06\/diputados-elimino-la-fe-de-vida-que-debian-presentar-jubilados-y-jubiladas\/","url":"https:\/\/diariotextual.com\/inicio\/index.php\/2023\/07\/06\/diputados-elimino-la-fe-de-vida-que-debian-presentar-jubilados-y-jubiladas\/","name":"Diputados elimin\u00f3 la fe de vida que deb\u00edan presentar jubilados y jubiladas - Diario Textual","isPartOf":{"@id":"https:\/\/diariotextual.com\/inicio\/#website"},"primaryImageOfPage":{"@id":"https:\/\/diariotextual.com\/inicio\/index.php\/2023\/07\/06\/diputados-elimino-la-fe-de-vida-que-debian-presentar-jubilados-y-jubiladas\/#primaryimage"},"image":{"@id":"https:\/\/diariotextual.com\/inicio\/index.php\/2023\/07\/06\/diputados-elimino-la-fe-de-vida-que-debian-presentar-jubilados-y-jubiladas\/#primaryimage"},"thumbnailUrl":"https:\/\/diariotextual.com\/inicio\/wp-content\/uploads\/2020\/02\/jubiladostelam77.jpg","datePublished":"2023-07-06T10:07:41+00:00","dateModified":"2023-07-06T10:07:47+00:00","breadcrumb":{"@id":"https:\/\/diariotextual.com\/inicio\/index.php\/2023\/07\/06\/diputados-elimino-la-fe-de-vida-que-debian-presentar-jubilados-y-jubiladas\/#breadcrumb"},"inLanguage":"es","potentialAction":[{"@type":"ReadAction","target":["https:\/\/diariotextual.com\/inicio\/index.php\/2023\/07\/06\/diputados-elimino-la-fe-de-vida-que-debian-presentar-jubilados-y-jubiladas\/"]}]},{"@type":"ImageObject","inLanguage":"es","@id":"https:\/\/diariotextual.com\/inicio\/index.php\/2023\/07\/06\/diputados-elimino-la-fe-de-vida-que-debian-presentar-jubilados-y-jubiladas\/#primaryimage","url":"https:\/\/diariotextual.com\/inicio\/wp-content\/uploads\/2020\/02\/jubiladostelam77.jpg","contentUrl":"https:\/\/diariotextual.com\/inicio\/wp-content\/uploads\/2020\/02\/jubiladostelam77.jpg","width":1072,"height":589},{"@type":"BreadcrumbList","@id":"https:\/\/diariotextual.com\/inicio\/index.php\/2023\/07\/06\/diputados-elimino-la-fe-de-vida-que-debian-presentar-jubilados-y-jubiladas\/#breadcrumb","itemListElement":[{"@type":"ListItem","position":1,"name":"Portada","item":"https:\/\/diariotextual.com\/inicio\/"},{"@type":"ListItem","position":2,"name":"Diputados elimin\u00f3 la fe de vida que deb\u00edan presentar jubilados y jubiladas"}]},{"@type":"WebSite","@id":"https:\/\/diariotextual.com\/inicio\/#website","url":"https:\/\/diariotextual.com\/inicio\/","name":"Diario Textual","description":"","publisher":{"@id":"https:\/\/diariotextual.com\/inicio\/#organization"},"potentialAction":[{"@type":"SearchAction","target":{"@type":"EntryPoint","urlTemplate":"https:\/\/diariotextual.com\/inicio\/?s={search_term_string}"},"query-input":{"@type":"PropertyValueSpecification","valueRequired":true,"valueName":"search_term_string"}}],"inLanguage":"es"},{"@type":"Organization","@id":"https:\/\/diariotextual.com\/inicio\/#organization","name":"Diario Textual","url":"https:\/\/diariotextual.com\/inicio\/","logo":{"@type":"ImageObject","inLanguage":"es","@id":"https:\/\/diariotextual.com\/inicio\/#\/schema\/logo\/image\/","url":"https:\/\/diariotextual.com\/inicio\/wp-content\/uploads\/2023\/05\/logotextual1.jpg","contentUrl":"https:\/\/diariotextual.com\/inicio\/wp-content\/uploads\/2023\/05\/logotextual1.jpg","width":516,"height":76,"caption":"Diario Textual"},"image":{"@id":"https:\/\/diariotextual.com\/inicio\/#\/schema\/logo\/image\/"},"sameAs":["https:\/\/www.facebook.com\/eltextual","https:\/\/x.com\/eltextual","http:\/\/www.instagram.com\/eltextual"]},{"@type":"Person","@id":"https:\/\/diariotextual.com\/inicio\/#\/schema\/person\/694f60677f23c4a530867a98f22b3768","name":"diario2","image":{"@type":"ImageObject","inLanguage":"es","@id":"https:\/\/secure.gravatar.com\/avatar\/5a2567495ba16b852fcd8f1ed006a2e24fcace936018ed8237e95f488ad6e0a7?s=96&d=mm&r=g","url":"https:\/\/secure.gravatar.com\/avatar\/5a2567495ba16b852fcd8f1ed006a2e24fcace936018ed8237e95f488ad6e0a7?s=96&d=mm&r=g","contentUrl":"https:\/\/secure.gravatar.com\/avatar\/5a2567495ba16b852fcd8f1ed006a2e24fcace936018ed8237e95f488ad6e0a7?s=96&d=mm&r=g","caption":"diario2"},"url":"https:\/\/diariotextual.com\/inicio\/index.php\/author\/diario2\/"}]}},"_links":{"self":[{"href":"https:\/\/diariotextual.com\/inicio\/index.php\/wp-json\/wp\/v2\/posts\/230367","targetHints":{"allow":["GET"]}}],"collection":[{"href":"https:\/\/diariotextual.com\/inicio\/index.php\/wp-json\/wp\/v2\/posts"}],"about":[{"href":"https:\/\/diariotextual.com\/inicio\/index.php\/wp-json\/wp\/v2\/types\/post"}],"author":[{"embeddable":true,"href":"https:\/\/diariotextual.com\/inicio\/index.php\/wp-json\/wp\/v2\/users\/4"}],"replies":[{"embeddable":true,"href":"https:\/\/diariotextual.com\/inicio\/index.php\/wp-json\/wp\/v2\/comments?post=230367"}],"version-history":[{"count":1,"href":"https:\/\/diariotextual.com\/inicio\/index.php\/wp-json\/wp\/v2\/posts\/230367\/revisions"}],"predecessor-version":[{"id":230370,"href":"https:\/\/diariotextual.com\/inicio\/index.php\/wp-json\/wp\/v2\/posts\/230367\/revisions\/230370"}],"wp:featuredmedia":[{"embeddable":true,"href":"https:\/\/diariotextual.com\/inicio\/index.php\/wp-json\/wp\/v2\/media\/79909"}],"wp:attachment":[{"href":"https:\/\/diariotextual.com\/inicio\/index.php\/wp-json\/wp\/v2\/media?parent=230367"}],"wp:term":[{"taxonomy":"category","embeddable":true,"href":"https:\/\/diariotextual.com\/inicio\/index.php\/wp-json\/wp\/v2\/categories?post=230367"},{"taxonomy":"post_tag","embeddable":true,"href":"https:\/\/diariotextual.com\/inicio\/index.php\/wp-json\/wp\/v2\/tags?post=230367"}],"curies":[{"name":"wp","href":"https:\/\/api.w.org\/{rel}","templated":true}]}}