{"id":230393,"date":"2023-07-06T11:39:27","date_gmt":"2023-07-06T14:39:27","guid":{"rendered":"https:\/\/diariotextual.com\/inicio\/?p=230393"},"modified":"2023-07-07T12:25:10","modified_gmt":"2023-07-07T15:25:10","slug":"el-hachero-de-la-pampa-que-aprendio-a-leer-y-a-escribir-a-los-62-anos-y-gano-un-concurso-de-cuento","status":"publish","type":"post","link":"https:\/\/diariotextual.com\/inicio\/index.php\/2023\/07\/06\/el-hachero-de-la-pampa-que-aprendio-a-leer-y-a-escribir-a-los-62-anos-y-gano-un-concurso-de-cuento\/","title":{"rendered":"El hachero de La Pampa que aprendi\u00f3 a leer y a escribir a los 62 a\u00f1os y gan\u00f3 un concurso de cuento"},"content":{"rendered":"\n<p><strong>Ra\u00fal Hilario Rosales es alumno de la Escuela de Adultos de Victorica. Cuando ten\u00eda edad para hacer la primaria, estaba en los toldos de hacheros, en la zona de Rancul, de donde es oriundo<\/strong>.<\/p>\n\n\n\n<p>Hace siete a\u00f1os, el destino lo cruz\u00f3 en una marcha de docentes en la plaza de Victorica, con la profesora <strong>Emilce Cecilia \u00c1lvarez,<\/strong> que lo invitar\u00eda a inscribirse en la Escuela de Adultos N\u00b0 7 de aquella localidad, para hacer su educaci\u00f3n primaria. Ra\u00fal aprendi\u00f3 a leer y escribir a los sesenta y dos a\u00f1os de edad. Fue su primera maestra Mar\u00eda del Carmen Garc\u00eda Pacheco. Luego vendr\u00eda la educaci\u00f3n secundaria, formaci\u00f3n que culminar\u00e1 este a\u00f1o, con fiesta de egresados incluida.<\/p>\n\n\n\n<p>En ese trayecto, el responsable pedag\u00f3gico de la instituci\u00f3n educativa, el docente Pablo Antonio Gualpa -percibiendo el talento literario de \u00e9ste alumno-, animar\u00eda a Ra\u00fal a participar de los Juegos Culturales Evita, siendo la escritura su canal de inspiraci\u00f3n. Su primera producci\u00f3n ser\u00eda una poes\u00eda titulada <strong>\u201cNunca es tarde para aprender\u201d<\/strong>, todo un mensaje esperanzador, fruto de su propia experiencia personal.<\/p>\n\n\n\n<p>\u00a0Este a\u00f1o, en los mismos juegos desarrollados en la capital pampeana, Ra\u00fal present\u00f3 el cuento titulado<strong> \u201cEl r\u00edo Atuel tambi\u00e9n es pampeano\u201d<\/strong>, qued\u00e1ndose con el segundo puesto del certamen, convirti\u00e9ndose en todo un orgullo para sus compa\u00f1eros y docentes.<\/p>\n\n\n\n<p><strong>\u201cTuve una infancia triste\u2026\u201d,<\/strong> cont\u00f3 al periodista Cristian Acu\u00f1a, del portal <strong><a href=\"https:\/\/infohuella.com.ar\/contenido\/17809\/como-un-cuento-aprendio-a-leer-y-a-escribir-a-los-62-anos-y-gano-un-premio-en-lo\" target=\"_blank\" rel=\"noreferrer noopener\">Infohuella<\/a><\/strong>. \u201cMe cri\u00e9 sufriendo y luchando, hab\u00eda que vivir el d\u00eda a d\u00eda, no hab\u00eda posibilidades de ir a la escuela, hab\u00eda que salir a trabajar. Llev\u00e9 m\u00e1s de cincuenta a\u00f1os como hachero\u2026 de grande entend\u00ed lo que era la escuela\u2026 la adversidad te ense\u00f1a a tener sentimientos\u2026<strong> valor\u00e1s cuando has sufrido y no quer\u00e9s ver a otros sufrir, porque vos ya lo pasaste.<\/strong> Estoy feliz por lograr todo esto para la escuela, para mis compa\u00f1eros, profesores, por la vida\u2026 por lo que la vida me da hoy\u2026 por lo que no pude ser antes. Nunca baj\u00e9 los brazos, siempre quise aprender. <strong>Voy a seguir apoyando esto\u2026 as\u00ed como aprend\u00ed yo, tiene que aprender otro, hay que colaborar, as\u00ed como la escuela te da, vos tambi\u00e9n ten\u00e9s que dar\u201d<\/strong>.<\/p>\n\n\n\n<p>Ahora la diputada provincial y vicepresidenta primera de la legislatura pampeana,<strong> Alicia Mayoral,<\/strong> ingres\u00f3 un proyecto de resoluci\u00f3n para declarar de<strong> Inter\u00e9s Legislativo <\/strong>la participaci\u00f3n de Rosales en los Juegos Culturales Evita.<\/p>\n\n\n\n<p><strong>\u201cEl presente reconocimiento legislativo, adem\u00e1s de resaltar la condici\u00f3n humana de una persona en particular, se hace extensible a tantas y tantos otros adultos mayores, que luego de una vida de trabajos y sacrificios, encuentran un espacio de tiempo y lugar para superarse a s\u00ed mismos, para adquirir conocimientos y expandir su valoraci\u00f3n moral y espiritual. A todos ellos y ellas, nuestra m\u00e1s sincera felicitaci\u00f3n y est\u00edmulo de continuidad\u201d<\/strong>, dijo Mayoral.<\/p>\n\n\n\n<p>Rosales naci\u00f3 el 30 de octubre de 1959 en Rancul. Hijo de Ramona Garay y de Rolando Rosales, provenientes de Arizona (San Luis), ambos trabajadores rurales, hacheros en el monte.<\/p>\n\n\n\n<p>\u201cEl trabajo de las y los hacheros, siempre fue y es una tarea sacrificada y escasamente remunerada, especialmente en \u00e9ste caso para una familia constituida por once hijos, entre ellos Ra\u00fal. La situaci\u00f3n se agravar\u00eda, tras la separaci\u00f3n del matrimonio, teniendo los hijos que salir a trabajar inmediatamente para ayudar a esa madre sola a sustentar el hogar familiar\u201d, expres\u00f3 Mayoral. \u201cDe muy peque\u00f1o, Ra\u00fal se intern\u00f3 en el monte junto a otros hacheros mayores, para desempe\u00f1arse en esa dura tarea, sin poder iniciar su formaci\u00f3n educativa b\u00e1sica. Sin embargo, esa compleja circunstancia de su vida, jam\u00e1s lo desalentar\u00eda en la idea de alg\u00fan d\u00eda poder concretar su educaci\u00f3n primaria, e incluso secundaria\u201d, agreg\u00f3. &nbsp;\u201cRa\u00fal Hilario Rosales, con su ejemplo de vida y superaci\u00f3n personal, merece la presente distinci\u00f3n legislativa, al devolvernos a todos nuestra esperanza en la noble condici\u00f3n humana que nos identifica. Don Ra\u00fal supo transformar las adversidades que le present\u00f3 una vida dif\u00edcil, en el motor que impuls\u00f3 su propio cambio hacia esa otra vida mejor y posible. Fue y es alumno y maestro al mismo tiempo, su constancia y humildad lo definen y enriquecen, convirti\u00e9ndose en un testimonio sano y necesario para otras y otros que buscan superarse en base al esfuerzo y la lucha personal\u201d, finaliz\u00f3.<\/p>\n","protected":false},"excerpt":{"rendered":"<p>Ra\u00fal Hilario Rosales es alumno de la Escuela de Adultos de Victorica. Cuando ten\u00eda edad para hacer la primaria, estaba en los toldos de hacheros, en la zona de Rancul,&hellip;<\/p>\n","protected":false},"author":3,"featured_media":230395,"comment_status":"closed","ping_status":"open","sticky":false,"template":"","format":"standard","meta":{"_acf_changed":false,"footnotes":""},"categories":[11,12],"tags":[],"class_list":["post-230393","post","type-post","status-publish","format-standard","has-post-thumbnail","hentry","category-que-pasa","category-sociedad"],"acf":[],"yoast_head":"<!-- This site is optimized with the Yoast SEO plugin v27.5 - https:\/\/yoast.com\/product\/yoast-seo-wordpress\/ -->\n<title>El hachero de La Pampa que aprendi\u00f3 a leer y a escribir a los 62 a\u00f1os y gan\u00f3 un concurso de cuento - Diario Textual<\/title>\n<meta name=\"robots\" content=\"index, follow, max-snippet:-1, max-image-preview:large, max-video-preview:-1\" \/>\n<link rel=\"canonical\" href=\"https:\/\/diariotextual.com\/inicio\/index.php\/2023\/07\/06\/el-hachero-de-la-pampa-que-aprendio-a-leer-y-a-escribir-a-los-62-anos-y-gano-un-concurso-de-cuento\/\" \/>\n<meta property=\"og:locale\" content=\"es_ES\" \/>\n<meta property=\"og:type\" content=\"article\" \/>\n<meta property=\"og:title\" content=\"El hachero de La Pampa que aprendi\u00f3 a leer y a escribir a los 62 a\u00f1os y gan\u00f3 un concurso de cuento - Diario Textual\" \/>\n<meta property=\"og:description\" content=\"Ra\u00fal Hilario Rosales es alumno de la Escuela de Adultos de Victorica. Cuando ten\u00eda edad para hacer la primaria, estaba en los toldos de hacheros, en la zona de Rancul,&hellip;\" \/>\n<meta property=\"og:url\" content=\"https:\/\/diariotextual.com\/inicio\/index.php\/2023\/07\/06\/el-hachero-de-la-pampa-que-aprendio-a-leer-y-a-escribir-a-los-62-anos-y-gano-un-concurso-de-cuento\/\" \/>\n<meta property=\"og:site_name\" content=\"Diario Textual\" \/>\n<meta property=\"article:publisher\" content=\"https:\/\/www.facebook.com\/eltextual\" \/>\n<meta property=\"article:published_time\" content=\"2023-07-06T14:39:27+00:00\" \/>\n<meta property=\"article:modified_time\" content=\"2023-07-07T15:25:10+00:00\" \/>\n<meta property=\"og:image\" content=\"https:\/\/diariotextual.com\/inicio\/wp-content\/uploads\/2023\/07\/rosaleshilarioinfohuella2023-1.png\" \/>\n\t<meta property=\"og:image:width\" content=\"693\" \/>\n\t<meta property=\"og:image:height\" content=\"503\" \/>\n\t<meta property=\"og:image:type\" content=\"image\/png\" \/>\n<meta name=\"author\" content=\"Diario1 Diario1\" \/>\n<meta name=\"twitter:card\" content=\"summary_large_image\" \/>\n<meta name=\"twitter:creator\" content=\"@eltextual\" \/>\n<meta name=\"twitter:site\" content=\"@eltextual\" \/>\n<meta name=\"twitter:label1\" content=\"Escrito por\" \/>\n\t<meta name=\"twitter:data1\" content=\"Diario1 Diario1\" \/>\n\t<meta name=\"twitter:label2\" content=\"Tiempo de lectura\" \/>\n\t<meta name=\"twitter:data2\" content=\"4 minutos\" \/>\n<script type=\"application\/ld+json\" class=\"yoast-schema-graph\">{\"@context\":\"https:\\\/\\\/schema.org\",\"@graph\":[{\"@type\":\"Article\",\"@id\":\"https:\\\/\\\/diariotextual.com\\\/inicio\\\/index.php\\\/2023\\\/07\\\/06\\\/el-hachero-de-la-pampa-que-aprendio-a-leer-y-a-escribir-a-los-62-anos-y-gano-un-concurso-de-cuento\\\/#article\",\"isPartOf\":{\"@id\":\"https:\\\/\\\/diariotextual.com\\\/inicio\\\/index.php\\\/2023\\\/07\\\/06\\\/el-hachero-de-la-pampa-que-aprendio-a-leer-y-a-escribir-a-los-62-anos-y-gano-un-concurso-de-cuento\\\/\"},\"author\":{\"name\":\"Diario1 Diario1\",\"@id\":\"https:\\\/\\\/diariotextual.com\\\/inicio\\\/#\\\/schema\\\/person\\\/418fc4093c33e86ed41562db3508f958\"},\"headline\":\"El hachero de La Pampa que aprendi\u00f3 a leer y a escribir a los 62 a\u00f1os y gan\u00f3 un concurso de cuento\",\"datePublished\":\"2023-07-06T14:39:27+00:00\",\"dateModified\":\"2023-07-07T15:25:10+00:00\",\"mainEntityOfPage\":{\"@id\":\"https:\\\/\\\/diariotextual.com\\\/inicio\\\/index.php\\\/2023\\\/07\\\/06\\\/el-hachero-de-la-pampa-que-aprendio-a-leer-y-a-escribir-a-los-62-anos-y-gano-un-concurso-de-cuento\\\/\"},\"wordCount\":791,\"publisher\":{\"@id\":\"https:\\\/\\\/diariotextual.com\\\/inicio\\\/#organization\"},\"image\":{\"@id\":\"https:\\\/\\\/diariotextual.com\\\/inicio\\\/index.php\\\/2023\\\/07\\\/06\\\/el-hachero-de-la-pampa-que-aprendio-a-leer-y-a-escribir-a-los-62-anos-y-gano-un-concurso-de-cuento\\\/#primaryimage\"},\"thumbnailUrl\":\"https:\\\/\\\/diariotextual.com\\\/inicio\\\/wp-content\\\/uploads\\\/2023\\\/07\\\/rosaleshilarioinfohuella2023-1.png\",\"articleSection\":[\"A - QUE PASA (al costado)\",\"SOCIEDAD\"],\"inLanguage\":\"es\"},{\"@type\":\"WebPage\",\"@id\":\"https:\\\/\\\/diariotextual.com\\\/inicio\\\/index.php\\\/2023\\\/07\\\/06\\\/el-hachero-de-la-pampa-que-aprendio-a-leer-y-a-escribir-a-los-62-anos-y-gano-un-concurso-de-cuento\\\/\",\"url\":\"https:\\\/\\\/diariotextual.com\\\/inicio\\\/index.php\\\/2023\\\/07\\\/06\\\/el-hachero-de-la-pampa-que-aprendio-a-leer-y-a-escribir-a-los-62-anos-y-gano-un-concurso-de-cuento\\\/\",\"name\":\"El hachero de La Pampa que aprendi\u00f3 a leer y a escribir a los 62 a\u00f1os y gan\u00f3 un concurso de cuento - Diario Textual\",\"isPartOf\":{\"@id\":\"https:\\\/\\\/diariotextual.com\\\/inicio\\\/#website\"},\"primaryImageOfPage\":{\"@id\":\"https:\\\/\\\/diariotextual.com\\\/inicio\\\/index.php\\\/2023\\\/07\\\/06\\\/el-hachero-de-la-pampa-que-aprendio-a-leer-y-a-escribir-a-los-62-anos-y-gano-un-concurso-de-cuento\\\/#primaryimage\"},\"image\":{\"@id\":\"https:\\\/\\\/diariotextual.com\\\/inicio\\\/index.php\\\/2023\\\/07\\\/06\\\/el-hachero-de-la-pampa-que-aprendio-a-leer-y-a-escribir-a-los-62-anos-y-gano-un-concurso-de-cuento\\\/#primaryimage\"},\"thumbnailUrl\":\"https:\\\/\\\/diariotextual.com\\\/inicio\\\/wp-content\\\/uploads\\\/2023\\\/07\\\/rosaleshilarioinfohuella2023-1.png\",\"datePublished\":\"2023-07-06T14:39:27+00:00\",\"dateModified\":\"2023-07-07T15:25:10+00:00\",\"breadcrumb\":{\"@id\":\"https:\\\/\\\/diariotextual.com\\\/inicio\\\/index.php\\\/2023\\\/07\\\/06\\\/el-hachero-de-la-pampa-que-aprendio-a-leer-y-a-escribir-a-los-62-anos-y-gano-un-concurso-de-cuento\\\/#breadcrumb\"},\"inLanguage\":\"es\",\"potentialAction\":[{\"@type\":\"ReadAction\",\"target\":[\"https:\\\/\\\/diariotextual.com\\\/inicio\\\/index.php\\\/2023\\\/07\\\/06\\\/el-hachero-de-la-pampa-que-aprendio-a-leer-y-a-escribir-a-los-62-anos-y-gano-un-concurso-de-cuento\\\/\"]}]},{\"@type\":\"ImageObject\",\"inLanguage\":\"es\",\"@id\":\"https:\\\/\\\/diariotextual.com\\\/inicio\\\/index.php\\\/2023\\\/07\\\/06\\\/el-hachero-de-la-pampa-que-aprendio-a-leer-y-a-escribir-a-los-62-anos-y-gano-un-concurso-de-cuento\\\/#primaryimage\",\"url\":\"https:\\\/\\\/diariotextual.com\\\/inicio\\\/wp-content\\\/uploads\\\/2023\\\/07\\\/rosaleshilarioinfohuella2023-1.png\",\"contentUrl\":\"https:\\\/\\\/diariotextual.com\\\/inicio\\\/wp-content\\\/uploads\\\/2023\\\/07\\\/rosaleshilarioinfohuella2023-1.png\",\"width\":693,\"height\":503},{\"@type\":\"BreadcrumbList\",\"@id\":\"https:\\\/\\\/diariotextual.com\\\/inicio\\\/index.php\\\/2023\\\/07\\\/06\\\/el-hachero-de-la-pampa-que-aprendio-a-leer-y-a-escribir-a-los-62-anos-y-gano-un-concurso-de-cuento\\\/#breadcrumb\",\"itemListElement\":[{\"@type\":\"ListItem\",\"position\":1,\"name\":\"Portada\",\"item\":\"https:\\\/\\\/diariotextual.com\\\/inicio\\\/\"},{\"@type\":\"ListItem\",\"position\":2,\"name\":\"El hachero de La Pampa que aprendi\u00f3 a leer y a escribir a los 62 a\u00f1os y gan\u00f3 un concurso de cuento\"}]},{\"@type\":\"WebSite\",\"@id\":\"https:\\\/\\\/diariotextual.com\\\/inicio\\\/#website\",\"url\":\"https:\\\/\\\/diariotextual.com\\\/inicio\\\/\",\"name\":\"Diario Textual\",\"description\":\"\",\"publisher\":{\"@id\":\"https:\\\/\\\/diariotextual.com\\\/inicio\\\/#organization\"},\"potentialAction\":[{\"@type\":\"SearchAction\",\"target\":{\"@type\":\"EntryPoint\",\"urlTemplate\":\"https:\\\/\\\/diariotextual.com\\\/inicio\\\/?s={search_term_string}\"},\"query-input\":{\"@type\":\"PropertyValueSpecification\",\"valueRequired\":true,\"valueName\":\"search_term_string\"}}],\"inLanguage\":\"es\"},{\"@type\":\"Organization\",\"@id\":\"https:\\\/\\\/diariotextual.com\\\/inicio\\\/#organization\",\"name\":\"Diario Textual\",\"url\":\"https:\\\/\\\/diariotextual.com\\\/inicio\\\/\",\"logo\":{\"@type\":\"ImageObject\",\"inLanguage\":\"es\",\"@id\":\"https:\\\/\\\/diariotextual.com\\\/inicio\\\/#\\\/schema\\\/logo\\\/image\\\/\",\"url\":\"https:\\\/\\\/diariotextual.com\\\/inicio\\\/wp-content\\\/uploads\\\/2023\\\/05\\\/logotextual1.jpg\",\"contentUrl\":\"https:\\\/\\\/diariotextual.com\\\/inicio\\\/wp-content\\\/uploads\\\/2023\\\/05\\\/logotextual1.jpg\",\"width\":516,\"height\":76,\"caption\":\"Diario Textual\"},\"image\":{\"@id\":\"https:\\\/\\\/diariotextual.com\\\/inicio\\\/#\\\/schema\\\/logo\\\/image\\\/\"},\"sameAs\":[\"https:\\\/\\\/www.facebook.com\\\/eltextual\",\"https:\\\/\\\/x.com\\\/eltextual\",\"http:\\\/\\\/www.instagram.com\\\/eltextual\"]},{\"@type\":\"Person\",\"@id\":\"https:\\\/\\\/diariotextual.com\\\/inicio\\\/#\\\/schema\\\/person\\\/418fc4093c33e86ed41562db3508f958\",\"name\":\"Diario1 Diario1\",\"image\":{\"@type\":\"ImageObject\",\"inLanguage\":\"es\",\"@id\":\"https:\\\/\\\/secure.gravatar.com\\\/avatar\\\/9167d280179c85bc18be67aa7eda765854300033af4896dd779b608640f2ef7a?s=96&d=mm&r=g\",\"url\":\"https:\\\/\\\/secure.gravatar.com\\\/avatar\\\/9167d280179c85bc18be67aa7eda765854300033af4896dd779b608640f2ef7a?s=96&d=mm&r=g\",\"contentUrl\":\"https:\\\/\\\/secure.gravatar.com\\\/avatar\\\/9167d280179c85bc18be67aa7eda765854300033af4896dd779b608640f2ef7a?s=96&d=mm&r=g\",\"caption\":\"Diario1 Diario1\"},\"url\":\"https:\\\/\\\/diariotextual.com\\\/inicio\\\/index.php\\\/author\\\/diario1\\\/\"}]}<\/script>\n<!-- \/ Yoast SEO plugin. -->","yoast_head_json":{"title":"El hachero de La Pampa que aprendi\u00f3 a leer y a escribir a los 62 a\u00f1os y gan\u00f3 un concurso de cuento - Diario Textual","robots":{"index":"index","follow":"follow","max-snippet":"max-snippet:-1","max-image-preview":"max-image-preview:large","max-video-preview":"max-video-preview:-1"},"canonical":"https:\/\/diariotextual.com\/inicio\/index.php\/2023\/07\/06\/el-hachero-de-la-pampa-que-aprendio-a-leer-y-a-escribir-a-los-62-anos-y-gano-un-concurso-de-cuento\/","og_locale":"es_ES","og_type":"article","og_title":"El hachero de La Pampa que aprendi\u00f3 a leer y a escribir a los 62 a\u00f1os y gan\u00f3 un concurso de cuento - Diario Textual","og_description":"Ra\u00fal Hilario Rosales es alumno de la Escuela de Adultos de Victorica. Cuando ten\u00eda edad para hacer la primaria, estaba en los toldos de hacheros, en la zona de Rancul,&hellip;","og_url":"https:\/\/diariotextual.com\/inicio\/index.php\/2023\/07\/06\/el-hachero-de-la-pampa-que-aprendio-a-leer-y-a-escribir-a-los-62-anos-y-gano-un-concurso-de-cuento\/","og_site_name":"Diario Textual","article_publisher":"https:\/\/www.facebook.com\/eltextual","article_published_time":"2023-07-06T14:39:27+00:00","article_modified_time":"2023-07-07T15:25:10+00:00","og_image":[{"width":693,"height":503,"url":"https:\/\/diariotextual.com\/inicio\/wp-content\/uploads\/2023\/07\/rosaleshilarioinfohuella2023-1.png","type":"image\/png"}],"author":"Diario1 Diario1","twitter_card":"summary_large_image","twitter_creator":"@eltextual","twitter_site":"@eltextual","twitter_misc":{"Escrito por":"Diario1 Diario1","Tiempo de lectura":"4 minutos"},"schema":{"@context":"https:\/\/schema.org","@graph":[{"@type":"Article","@id":"https:\/\/diariotextual.com\/inicio\/index.php\/2023\/07\/06\/el-hachero-de-la-pampa-que-aprendio-a-leer-y-a-escribir-a-los-62-anos-y-gano-un-concurso-de-cuento\/#article","isPartOf":{"@id":"https:\/\/diariotextual.com\/inicio\/index.php\/2023\/07\/06\/el-hachero-de-la-pampa-que-aprendio-a-leer-y-a-escribir-a-los-62-anos-y-gano-un-concurso-de-cuento\/"},"author":{"name":"Diario1 Diario1","@id":"https:\/\/diariotextual.com\/inicio\/#\/schema\/person\/418fc4093c33e86ed41562db3508f958"},"headline":"El hachero de La Pampa que aprendi\u00f3 a leer y a escribir a los 62 a\u00f1os y gan\u00f3 un concurso de cuento","datePublished":"2023-07-06T14:39:27+00:00","dateModified":"2023-07-07T15:25:10+00:00","mainEntityOfPage":{"@id":"https:\/\/diariotextual.com\/inicio\/index.php\/2023\/07\/06\/el-hachero-de-la-pampa-que-aprendio-a-leer-y-a-escribir-a-los-62-anos-y-gano-un-concurso-de-cuento\/"},"wordCount":791,"publisher":{"@id":"https:\/\/diariotextual.com\/inicio\/#organization"},"image":{"@id":"https:\/\/diariotextual.com\/inicio\/index.php\/2023\/07\/06\/el-hachero-de-la-pampa-que-aprendio-a-leer-y-a-escribir-a-los-62-anos-y-gano-un-concurso-de-cuento\/#primaryimage"},"thumbnailUrl":"https:\/\/diariotextual.com\/inicio\/wp-content\/uploads\/2023\/07\/rosaleshilarioinfohuella2023-1.png","articleSection":["A - QUE PASA (al costado)","SOCIEDAD"],"inLanguage":"es"},{"@type":"WebPage","@id":"https:\/\/diariotextual.com\/inicio\/index.php\/2023\/07\/06\/el-hachero-de-la-pampa-que-aprendio-a-leer-y-a-escribir-a-los-62-anos-y-gano-un-concurso-de-cuento\/","url":"https:\/\/diariotextual.com\/inicio\/index.php\/2023\/07\/06\/el-hachero-de-la-pampa-que-aprendio-a-leer-y-a-escribir-a-los-62-anos-y-gano-un-concurso-de-cuento\/","name":"El hachero de La Pampa que aprendi\u00f3 a leer y a escribir a los 62 a\u00f1os y gan\u00f3 un concurso de cuento - Diario Textual","isPartOf":{"@id":"https:\/\/diariotextual.com\/inicio\/#website"},"primaryImageOfPage":{"@id":"https:\/\/diariotextual.com\/inicio\/index.php\/2023\/07\/06\/el-hachero-de-la-pampa-que-aprendio-a-leer-y-a-escribir-a-los-62-anos-y-gano-un-concurso-de-cuento\/#primaryimage"},"image":{"@id":"https:\/\/diariotextual.com\/inicio\/index.php\/2023\/07\/06\/el-hachero-de-la-pampa-que-aprendio-a-leer-y-a-escribir-a-los-62-anos-y-gano-un-concurso-de-cuento\/#primaryimage"},"thumbnailUrl":"https:\/\/diariotextual.com\/inicio\/wp-content\/uploads\/2023\/07\/rosaleshilarioinfohuella2023-1.png","datePublished":"2023-07-06T14:39:27+00:00","dateModified":"2023-07-07T15:25:10+00:00","breadcrumb":{"@id":"https:\/\/diariotextual.com\/inicio\/index.php\/2023\/07\/06\/el-hachero-de-la-pampa-que-aprendio-a-leer-y-a-escribir-a-los-62-anos-y-gano-un-concurso-de-cuento\/#breadcrumb"},"inLanguage":"es","potentialAction":[{"@type":"ReadAction","target":["https:\/\/diariotextual.com\/inicio\/index.php\/2023\/07\/06\/el-hachero-de-la-pampa-que-aprendio-a-leer-y-a-escribir-a-los-62-anos-y-gano-un-concurso-de-cuento\/"]}]},{"@type":"ImageObject","inLanguage":"es","@id":"https:\/\/diariotextual.com\/inicio\/index.php\/2023\/07\/06\/el-hachero-de-la-pampa-que-aprendio-a-leer-y-a-escribir-a-los-62-anos-y-gano-un-concurso-de-cuento\/#primaryimage","url":"https:\/\/diariotextual.com\/inicio\/wp-content\/uploads\/2023\/07\/rosaleshilarioinfohuella2023-1.png","contentUrl":"https:\/\/diariotextual.com\/inicio\/wp-content\/uploads\/2023\/07\/rosaleshilarioinfohuella2023-1.png","width":693,"height":503},{"@type":"BreadcrumbList","@id":"https:\/\/diariotextual.com\/inicio\/index.php\/2023\/07\/06\/el-hachero-de-la-pampa-que-aprendio-a-leer-y-a-escribir-a-los-62-anos-y-gano-un-concurso-de-cuento\/#breadcrumb","itemListElement":[{"@type":"ListItem","position":1,"name":"Portada","item":"https:\/\/diariotextual.com\/inicio\/"},{"@type":"ListItem","position":2,"name":"El hachero de La Pampa que aprendi\u00f3 a leer y a escribir a los 62 a\u00f1os y gan\u00f3 un concurso de cuento"}]},{"@type":"WebSite","@id":"https:\/\/diariotextual.com\/inicio\/#website","url":"https:\/\/diariotextual.com\/inicio\/","name":"Diario Textual","description":"","publisher":{"@id":"https:\/\/diariotextual.com\/inicio\/#organization"},"potentialAction":[{"@type":"SearchAction","target":{"@type":"EntryPoint","urlTemplate":"https:\/\/diariotextual.com\/inicio\/?s={search_term_string}"},"query-input":{"@type":"PropertyValueSpecification","valueRequired":true,"valueName":"search_term_string"}}],"inLanguage":"es"},{"@type":"Organization","@id":"https:\/\/diariotextual.com\/inicio\/#organization","name":"Diario Textual","url":"https:\/\/diariotextual.com\/inicio\/","logo":{"@type":"ImageObject","inLanguage":"es","@id":"https:\/\/diariotextual.com\/inicio\/#\/schema\/logo\/image\/","url":"https:\/\/diariotextual.com\/inicio\/wp-content\/uploads\/2023\/05\/logotextual1.jpg","contentUrl":"https:\/\/diariotextual.com\/inicio\/wp-content\/uploads\/2023\/05\/logotextual1.jpg","width":516,"height":76,"caption":"Diario Textual"},"image":{"@id":"https:\/\/diariotextual.com\/inicio\/#\/schema\/logo\/image\/"},"sameAs":["https:\/\/www.facebook.com\/eltextual","https:\/\/x.com\/eltextual","http:\/\/www.instagram.com\/eltextual"]},{"@type":"Person","@id":"https:\/\/diariotextual.com\/inicio\/#\/schema\/person\/418fc4093c33e86ed41562db3508f958","name":"Diario1 Diario1","image":{"@type":"ImageObject","inLanguage":"es","@id":"https:\/\/secure.gravatar.com\/avatar\/9167d280179c85bc18be67aa7eda765854300033af4896dd779b608640f2ef7a?s=96&d=mm&r=g","url":"https:\/\/secure.gravatar.com\/avatar\/9167d280179c85bc18be67aa7eda765854300033af4896dd779b608640f2ef7a?s=96&d=mm&r=g","contentUrl":"https:\/\/secure.gravatar.com\/avatar\/9167d280179c85bc18be67aa7eda765854300033af4896dd779b608640f2ef7a?s=96&d=mm&r=g","caption":"Diario1 Diario1"},"url":"https:\/\/diariotextual.com\/inicio\/index.php\/author\/diario1\/"}]}},"_links":{"self":[{"href":"https:\/\/diariotextual.com\/inicio\/index.php\/wp-json\/wp\/v2\/posts\/230393","targetHints":{"allow":["GET"]}}],"collection":[{"href":"https:\/\/diariotextual.com\/inicio\/index.php\/wp-json\/wp\/v2\/posts"}],"about":[{"href":"https:\/\/diariotextual.com\/inicio\/index.php\/wp-json\/wp\/v2\/types\/post"}],"author":[{"embeddable":true,"href":"https:\/\/diariotextual.com\/inicio\/index.php\/wp-json\/wp\/v2\/users\/3"}],"replies":[{"embeddable":true,"href":"https:\/\/diariotextual.com\/inicio\/index.php\/wp-json\/wp\/v2\/comments?post=230393"}],"version-history":[{"count":4,"href":"https:\/\/diariotextual.com\/inicio\/index.php\/wp-json\/wp\/v2\/posts\/230393\/revisions"}],"predecessor-version":[{"id":230399,"href":"https:\/\/diariotextual.com\/inicio\/index.php\/wp-json\/wp\/v2\/posts\/230393\/revisions\/230399"}],"wp:featuredmedia":[{"embeddable":true,"href":"https:\/\/diariotextual.com\/inicio\/index.php\/wp-json\/wp\/v2\/media\/230395"}],"wp:attachment":[{"href":"https:\/\/diariotextual.com\/inicio\/index.php\/wp-json\/wp\/v2\/media?parent=230393"}],"wp:term":[{"taxonomy":"category","embeddable":true,"href":"https:\/\/diariotextual.com\/inicio\/index.php\/wp-json\/wp\/v2\/categories?post=230393"},{"taxonomy":"post_tag","embeddable":true,"href":"https:\/\/diariotextual.com\/inicio\/index.php\/wp-json\/wp\/v2\/tags?post=230393"}],"curies":[{"name":"wp","href":"https:\/\/api.w.org\/{rel}","templated":true}]}}