{"id":230403,"date":"2023-07-06T14:39:19","date_gmt":"2023-07-06T17:39:19","guid":{"rendered":"https:\/\/diariotextual.com\/inicio\/?p=230403"},"modified":"2023-07-07T12:25:17","modified_gmt":"2023-07-07T15:25:17","slug":"catrilo-quisieron-cobrar-una-deuda-robaron-bicicletas-y-los-detuvieron-en-pico","status":"publish","type":"post","link":"https:\/\/diariotextual.com\/inicio\/index.php\/2023\/07\/06\/catrilo-quisieron-cobrar-una-deuda-robaron-bicicletas-y-los-detuvieron-en-pico\/","title":{"rendered":"Catril\u00f3: quisieron cobrar una deuda, robaron bicicletas y los detuvieron en Pico"},"content":{"rendered":"\n<p>Dos hombres fueron <strong>detenidos<\/strong>, acusados de a<strong>saltar un comercio de Catril\u00f3<\/strong> y llevarse <strong>cuatro bicicletas.<\/strong><\/p>\n\n\n\n<p>Los implicados fueron detenidos en el mediod\u00eda de este jueves por personal policial en su intento de ingreso a General Pico. Fueron aprehendidos en la ruta provincial 1, a escasos metros de uno de los accesos a la ciudad.<\/p>\n\n\n\n<p>Los sospechosos circulaban en una camioneta S10 blanca, con cuatro bicicletas en la caja, cuando fueron divisados por la polic\u00eda piquense. El asalto se hab\u00eda producido a las 11.25 horas en un local de Catril\u00f3.<\/p>\n\n\n\n<p>El comisario<strong> Samuel Z\u00fa\u00f1iga<\/strong>, jefe de la departamental de Catril\u00f3, dio detalles del caso. <strong>\u201cUn m\u00f3vil nuestro encontr\u00f3 a un pintor que estaba trabajando en un comercio que est\u00e1 por abrir junto a otros dos pintores. El responsable dijo que hab\u00edan aparecido dos hombres, j\u00f3venes, y que quer\u00edan ver al due\u00f1o del local\u201d<\/strong>, dijo.<\/p>\n\n\n\n<p>El negocio todav\u00eda no est\u00e1 habilitado y queda en la esquina de Espa\u00f1a y Del Carril. \u201cLos hombres dec\u00edan que quer\u00edan cobrar una deuda, pero el encargado de los pintores les dijo que estaba en Pico. As\u00ed que con amenazas los subieron en la camioneta y lo llevaron hasta el domicilio del due\u00f1o. Despu\u00e9s regresaron y los amenazaron a los tres para que entraran. Uno de ellos exhibi\u00f3 parcialmente un arma de fuego. Despu\u00e9s subieron las bicicletas a la camioneta y se fugaron a toda velocidad\u201d, relat\u00f3 Z\u00fa\u00f1iga a <strong>Diario Textual.<\/strong><\/p>\n\n\n\n<p>Poco despu\u00e9s, sobre la ruta 1, polic\u00edas de Pico lograron divisar a una camioneta, que detuvieron.<\/p>\n\n\n\n<p>El r\u00e1pido accionar de la Polic\u00eda fue crucial para poner fin al trayecto de los presuntos delincuentes, quienes, tras ser aprehendidos, ahora deber\u00e1n enfrentarse a la Justicia. Las investigaciones en torno al violento hecho acontecido en Catril\u00f3 contin\u00faan, en busca de esclarecer los detalles y confirmar la implicaci\u00f3n de los sospechosos.<\/p>\n\n\n\n<div style=\"height:100px\" aria-hidden=\"true\" class=\"wp-block-spacer\"><\/div>\n\n\n\n<p><em>(Foto gentileza Pampa Diario)<\/em><\/p>\n","protected":false},"excerpt":{"rendered":"<p>Dos hombres fueron detenidos, acusados de asaltar un comercio de Catril\u00f3 y llevarse cuatro bicicletas. Los implicados fueron detenidos en el mediod\u00eda de este jueves por personal policial en su&hellip;<\/p>\n","protected":false},"author":3,"featured_media":230405,"comment_status":"closed","ping_status":"open","sticky":false,"template":"","format":"standard","meta":{"_acf_changed":false,"footnotes":""},"categories":[11,12],"tags":[],"class_list":["post-230403","post","type-post","status-publish","format-standard","has-post-thumbnail","hentry","category-que-pasa","category-sociedad"],"acf":[],"yoast_head":"<!-- This site is optimized with the Yoast SEO plugin v27.5 - https:\/\/yoast.com\/product\/yoast-seo-wordpress\/ -->\n<title>Catril\u00f3: quisieron cobrar una deuda, robaron bicicletas y los detuvieron en Pico - Diario Textual<\/title>\n<meta name=\"robots\" content=\"index, follow, max-snippet:-1, max-image-preview:large, max-video-preview:-1\" \/>\n<link rel=\"canonical\" href=\"https:\/\/diariotextual.com\/inicio\/index.php\/2023\/07\/06\/catrilo-quisieron-cobrar-una-deuda-robaron-bicicletas-y-los-detuvieron-en-pico\/\" \/>\n<meta property=\"og:locale\" content=\"es_ES\" \/>\n<meta property=\"og:type\" content=\"article\" \/>\n<meta property=\"og:title\" content=\"Catril\u00f3: quisieron cobrar una deuda, robaron bicicletas y los detuvieron en Pico - Diario Textual\" \/>\n<meta property=\"og:description\" content=\"Dos hombres fueron detenidos, acusados de asaltar un comercio de Catril\u00f3 y llevarse cuatro bicicletas. Los implicados fueron detenidos en el mediod\u00eda de este jueves por personal policial en su&hellip;\" \/>\n<meta property=\"og:url\" content=\"https:\/\/diariotextual.com\/inicio\/index.php\/2023\/07\/06\/catrilo-quisieron-cobrar-una-deuda-robaron-bicicletas-y-los-detuvieron-en-pico\/\" \/>\n<meta property=\"og:site_name\" content=\"Diario Textual\" \/>\n<meta property=\"article:publisher\" content=\"https:\/\/www.facebook.com\/eltextual\" \/>\n<meta property=\"article:published_time\" content=\"2023-07-06T17:39:19+00:00\" \/>\n<meta property=\"article:modified_time\" content=\"2023-07-07T15:25:17+00:00\" \/>\n<meta property=\"og:image\" content=\"https:\/\/diariotextual.com\/inicio\/wp-content\/uploads\/2023\/07\/asaltocatriloasaltantespampadiario2023-1.jpeg\" \/>\n\t<meta property=\"og:image:width\" content=\"932\" \/>\n\t<meta property=\"og:image:height\" content=\"600\" \/>\n\t<meta property=\"og:image:type\" content=\"image\/jpeg\" \/>\n<meta name=\"author\" content=\"Diario1 Diario1\" \/>\n<meta name=\"twitter:card\" content=\"summary_large_image\" \/>\n<meta name=\"twitter:creator\" content=\"@eltextual\" \/>\n<meta name=\"twitter:site\" content=\"@eltextual\" \/>\n<meta name=\"twitter:label1\" content=\"Escrito por\" \/>\n\t<meta name=\"twitter:data1\" content=\"Diario1 Diario1\" \/>\n\t<meta name=\"twitter:label2\" content=\"Tiempo de lectura\" \/>\n\t<meta name=\"twitter:data2\" content=\"2 minutos\" \/>\n<script type=\"application\/ld+json\" class=\"yoast-schema-graph\">{\"@context\":\"https:\\\/\\\/schema.org\",\"@graph\":[{\"@type\":\"Article\",\"@id\":\"https:\\\/\\\/diariotextual.com\\\/inicio\\\/index.php\\\/2023\\\/07\\\/06\\\/catrilo-quisieron-cobrar-una-deuda-robaron-bicicletas-y-los-detuvieron-en-pico\\\/#article\",\"isPartOf\":{\"@id\":\"https:\\\/\\\/diariotextual.com\\\/inicio\\\/index.php\\\/2023\\\/07\\\/06\\\/catrilo-quisieron-cobrar-una-deuda-robaron-bicicletas-y-los-detuvieron-en-pico\\\/\"},\"author\":{\"name\":\"Diario1 Diario1\",\"@id\":\"https:\\\/\\\/diariotextual.com\\\/inicio\\\/#\\\/schema\\\/person\\\/418fc4093c33e86ed41562db3508f958\"},\"headline\":\"Catril\u00f3: quisieron cobrar una deuda, robaron bicicletas y los detuvieron en Pico\",\"datePublished\":\"2023-07-06T17:39:19+00:00\",\"dateModified\":\"2023-07-07T15:25:17+00:00\",\"mainEntityOfPage\":{\"@id\":\"https:\\\/\\\/diariotextual.com\\\/inicio\\\/index.php\\\/2023\\\/07\\\/06\\\/catrilo-quisieron-cobrar-una-deuda-robaron-bicicletas-y-los-detuvieron-en-pico\\\/\"},\"wordCount\":338,\"publisher\":{\"@id\":\"https:\\\/\\\/diariotextual.com\\\/inicio\\\/#organization\"},\"image\":{\"@id\":\"https:\\\/\\\/diariotextual.com\\\/inicio\\\/index.php\\\/2023\\\/07\\\/06\\\/catrilo-quisieron-cobrar-una-deuda-robaron-bicicletas-y-los-detuvieron-en-pico\\\/#primaryimage\"},\"thumbnailUrl\":\"https:\\\/\\\/diariotextual.com\\\/inicio\\\/wp-content\\\/uploads\\\/2023\\\/07\\\/asaltocatriloasaltantespampadiario2023-1.jpeg\",\"articleSection\":[\"A - QUE PASA (al costado)\",\"SOCIEDAD\"],\"inLanguage\":\"es\"},{\"@type\":\"WebPage\",\"@id\":\"https:\\\/\\\/diariotextual.com\\\/inicio\\\/index.php\\\/2023\\\/07\\\/06\\\/catrilo-quisieron-cobrar-una-deuda-robaron-bicicletas-y-los-detuvieron-en-pico\\\/\",\"url\":\"https:\\\/\\\/diariotextual.com\\\/inicio\\\/index.php\\\/2023\\\/07\\\/06\\\/catrilo-quisieron-cobrar-una-deuda-robaron-bicicletas-y-los-detuvieron-en-pico\\\/\",\"name\":\"Catril\u00f3: quisieron cobrar una deuda, robaron bicicletas y los detuvieron en Pico - Diario Textual\",\"isPartOf\":{\"@id\":\"https:\\\/\\\/diariotextual.com\\\/inicio\\\/#website\"},\"primaryImageOfPage\":{\"@id\":\"https:\\\/\\\/diariotextual.com\\\/inicio\\\/index.php\\\/2023\\\/07\\\/06\\\/catrilo-quisieron-cobrar-una-deuda-robaron-bicicletas-y-los-detuvieron-en-pico\\\/#primaryimage\"},\"image\":{\"@id\":\"https:\\\/\\\/diariotextual.com\\\/inicio\\\/index.php\\\/2023\\\/07\\\/06\\\/catrilo-quisieron-cobrar-una-deuda-robaron-bicicletas-y-los-detuvieron-en-pico\\\/#primaryimage\"},\"thumbnailUrl\":\"https:\\\/\\\/diariotextual.com\\\/inicio\\\/wp-content\\\/uploads\\\/2023\\\/07\\\/asaltocatriloasaltantespampadiario2023-1.jpeg\",\"datePublished\":\"2023-07-06T17:39:19+00:00\",\"dateModified\":\"2023-07-07T15:25:17+00:00\",\"breadcrumb\":{\"@id\":\"https:\\\/\\\/diariotextual.com\\\/inicio\\\/index.php\\\/2023\\\/07\\\/06\\\/catrilo-quisieron-cobrar-una-deuda-robaron-bicicletas-y-los-detuvieron-en-pico\\\/#breadcrumb\"},\"inLanguage\":\"es\",\"potentialAction\":[{\"@type\":\"ReadAction\",\"target\":[\"https:\\\/\\\/diariotextual.com\\\/inicio\\\/index.php\\\/2023\\\/07\\\/06\\\/catrilo-quisieron-cobrar-una-deuda-robaron-bicicletas-y-los-detuvieron-en-pico\\\/\"]}]},{\"@type\":\"ImageObject\",\"inLanguage\":\"es\",\"@id\":\"https:\\\/\\\/diariotextual.com\\\/inicio\\\/index.php\\\/2023\\\/07\\\/06\\\/catrilo-quisieron-cobrar-una-deuda-robaron-bicicletas-y-los-detuvieron-en-pico\\\/#primaryimage\",\"url\":\"https:\\\/\\\/diariotextual.com\\\/inicio\\\/wp-content\\\/uploads\\\/2023\\\/07\\\/asaltocatriloasaltantespampadiario2023-1.jpeg\",\"contentUrl\":\"https:\\\/\\\/diariotextual.com\\\/inicio\\\/wp-content\\\/uploads\\\/2023\\\/07\\\/asaltocatriloasaltantespampadiario2023-1.jpeg\",\"width\":932,\"height\":600},{\"@type\":\"BreadcrumbList\",\"@id\":\"https:\\\/\\\/diariotextual.com\\\/inicio\\\/index.php\\\/2023\\\/07\\\/06\\\/catrilo-quisieron-cobrar-una-deuda-robaron-bicicletas-y-los-detuvieron-en-pico\\\/#breadcrumb\",\"itemListElement\":[{\"@type\":\"ListItem\",\"position\":1,\"name\":\"Portada\",\"item\":\"https:\\\/\\\/diariotextual.com\\\/inicio\\\/\"},{\"@type\":\"ListItem\",\"position\":2,\"name\":\"Catril\u00f3: quisieron cobrar una deuda, robaron bicicletas y los detuvieron en Pico\"}]},{\"@type\":\"WebSite\",\"@id\":\"https:\\\/\\\/diariotextual.com\\\/inicio\\\/#website\",\"url\":\"https:\\\/\\\/diariotextual.com\\\/inicio\\\/\",\"name\":\"Diario Textual\",\"description\":\"\",\"publisher\":{\"@id\":\"https:\\\/\\\/diariotextual.com\\\/inicio\\\/#organization\"},\"potentialAction\":[{\"@type\":\"SearchAction\",\"target\":{\"@type\":\"EntryPoint\",\"urlTemplate\":\"https:\\\/\\\/diariotextual.com\\\/inicio\\\/?s={search_term_string}\"},\"query-input\":{\"@type\":\"PropertyValueSpecification\",\"valueRequired\":true,\"valueName\":\"search_term_string\"}}],\"inLanguage\":\"es\"},{\"@type\":\"Organization\",\"@id\":\"https:\\\/\\\/diariotextual.com\\\/inicio\\\/#organization\",\"name\":\"Diario Textual\",\"url\":\"https:\\\/\\\/diariotextual.com\\\/inicio\\\/\",\"logo\":{\"@type\":\"ImageObject\",\"inLanguage\":\"es\",\"@id\":\"https:\\\/\\\/diariotextual.com\\\/inicio\\\/#\\\/schema\\\/logo\\\/image\\\/\",\"url\":\"https:\\\/\\\/diariotextual.com\\\/inicio\\\/wp-content\\\/uploads\\\/2023\\\/05\\\/logotextual1.jpg\",\"contentUrl\":\"https:\\\/\\\/diariotextual.com\\\/inicio\\\/wp-content\\\/uploads\\\/2023\\\/05\\\/logotextual1.jpg\",\"width\":516,\"height\":76,\"caption\":\"Diario Textual\"},\"image\":{\"@id\":\"https:\\\/\\\/diariotextual.com\\\/inicio\\\/#\\\/schema\\\/logo\\\/image\\\/\"},\"sameAs\":[\"https:\\\/\\\/www.facebook.com\\\/eltextual\",\"https:\\\/\\\/x.com\\\/eltextual\",\"http:\\\/\\\/www.instagram.com\\\/eltextual\"]},{\"@type\":\"Person\",\"@id\":\"https:\\\/\\\/diariotextual.com\\\/inicio\\\/#\\\/schema\\\/person\\\/418fc4093c33e86ed41562db3508f958\",\"name\":\"Diario1 Diario1\",\"image\":{\"@type\":\"ImageObject\",\"inLanguage\":\"es\",\"@id\":\"https:\\\/\\\/secure.gravatar.com\\\/avatar\\\/9167d280179c85bc18be67aa7eda765854300033af4896dd779b608640f2ef7a?s=96&d=mm&r=g\",\"url\":\"https:\\\/\\\/secure.gravatar.com\\\/avatar\\\/9167d280179c85bc18be67aa7eda765854300033af4896dd779b608640f2ef7a?s=96&d=mm&r=g\",\"contentUrl\":\"https:\\\/\\\/secure.gravatar.com\\\/avatar\\\/9167d280179c85bc18be67aa7eda765854300033af4896dd779b608640f2ef7a?s=96&d=mm&r=g\",\"caption\":\"Diario1 Diario1\"},\"url\":\"https:\\\/\\\/diariotextual.com\\\/inicio\\\/index.php\\\/author\\\/diario1\\\/\"}]}<\/script>\n<!-- \/ Yoast SEO plugin. -->","yoast_head_json":{"title":"Catril\u00f3: quisieron cobrar una deuda, robaron bicicletas y los detuvieron en Pico - Diario Textual","robots":{"index":"index","follow":"follow","max-snippet":"max-snippet:-1","max-image-preview":"max-image-preview:large","max-video-preview":"max-video-preview:-1"},"canonical":"https:\/\/diariotextual.com\/inicio\/index.php\/2023\/07\/06\/catrilo-quisieron-cobrar-una-deuda-robaron-bicicletas-y-los-detuvieron-en-pico\/","og_locale":"es_ES","og_type":"article","og_title":"Catril\u00f3: quisieron cobrar una deuda, robaron bicicletas y los detuvieron en Pico - Diario Textual","og_description":"Dos hombres fueron detenidos, acusados de asaltar un comercio de Catril\u00f3 y llevarse cuatro bicicletas. Los implicados fueron detenidos en el mediod\u00eda de este jueves por personal policial en su&hellip;","og_url":"https:\/\/diariotextual.com\/inicio\/index.php\/2023\/07\/06\/catrilo-quisieron-cobrar-una-deuda-robaron-bicicletas-y-los-detuvieron-en-pico\/","og_site_name":"Diario Textual","article_publisher":"https:\/\/www.facebook.com\/eltextual","article_published_time":"2023-07-06T17:39:19+00:00","article_modified_time":"2023-07-07T15:25:17+00:00","og_image":[{"width":932,"height":600,"url":"https:\/\/diariotextual.com\/inicio\/wp-content\/uploads\/2023\/07\/asaltocatriloasaltantespampadiario2023-1.jpeg","type":"image\/jpeg"}],"author":"Diario1 Diario1","twitter_card":"summary_large_image","twitter_creator":"@eltextual","twitter_site":"@eltextual","twitter_misc":{"Escrito por":"Diario1 Diario1","Tiempo de lectura":"2 minutos"},"schema":{"@context":"https:\/\/schema.org","@graph":[{"@type":"Article","@id":"https:\/\/diariotextual.com\/inicio\/index.php\/2023\/07\/06\/catrilo-quisieron-cobrar-una-deuda-robaron-bicicletas-y-los-detuvieron-en-pico\/#article","isPartOf":{"@id":"https:\/\/diariotextual.com\/inicio\/index.php\/2023\/07\/06\/catrilo-quisieron-cobrar-una-deuda-robaron-bicicletas-y-los-detuvieron-en-pico\/"},"author":{"name":"Diario1 Diario1","@id":"https:\/\/diariotextual.com\/inicio\/#\/schema\/person\/418fc4093c33e86ed41562db3508f958"},"headline":"Catril\u00f3: quisieron cobrar una deuda, robaron bicicletas y los detuvieron en Pico","datePublished":"2023-07-06T17:39:19+00:00","dateModified":"2023-07-07T15:25:17+00:00","mainEntityOfPage":{"@id":"https:\/\/diariotextual.com\/inicio\/index.php\/2023\/07\/06\/catrilo-quisieron-cobrar-una-deuda-robaron-bicicletas-y-los-detuvieron-en-pico\/"},"wordCount":338,"publisher":{"@id":"https:\/\/diariotextual.com\/inicio\/#organization"},"image":{"@id":"https:\/\/diariotextual.com\/inicio\/index.php\/2023\/07\/06\/catrilo-quisieron-cobrar-una-deuda-robaron-bicicletas-y-los-detuvieron-en-pico\/#primaryimage"},"thumbnailUrl":"https:\/\/diariotextual.com\/inicio\/wp-content\/uploads\/2023\/07\/asaltocatriloasaltantespampadiario2023-1.jpeg","articleSection":["A - QUE PASA (al costado)","SOCIEDAD"],"inLanguage":"es"},{"@type":"WebPage","@id":"https:\/\/diariotextual.com\/inicio\/index.php\/2023\/07\/06\/catrilo-quisieron-cobrar-una-deuda-robaron-bicicletas-y-los-detuvieron-en-pico\/","url":"https:\/\/diariotextual.com\/inicio\/index.php\/2023\/07\/06\/catrilo-quisieron-cobrar-una-deuda-robaron-bicicletas-y-los-detuvieron-en-pico\/","name":"Catril\u00f3: quisieron cobrar una deuda, robaron bicicletas y los detuvieron en Pico - Diario Textual","isPartOf":{"@id":"https:\/\/diariotextual.com\/inicio\/#website"},"primaryImageOfPage":{"@id":"https:\/\/diariotextual.com\/inicio\/index.php\/2023\/07\/06\/catrilo-quisieron-cobrar-una-deuda-robaron-bicicletas-y-los-detuvieron-en-pico\/#primaryimage"},"image":{"@id":"https:\/\/diariotextual.com\/inicio\/index.php\/2023\/07\/06\/catrilo-quisieron-cobrar-una-deuda-robaron-bicicletas-y-los-detuvieron-en-pico\/#primaryimage"},"thumbnailUrl":"https:\/\/diariotextual.com\/inicio\/wp-content\/uploads\/2023\/07\/asaltocatriloasaltantespampadiario2023-1.jpeg","datePublished":"2023-07-06T17:39:19+00:00","dateModified":"2023-07-07T15:25:17+00:00","breadcrumb":{"@id":"https:\/\/diariotextual.com\/inicio\/index.php\/2023\/07\/06\/catrilo-quisieron-cobrar-una-deuda-robaron-bicicletas-y-los-detuvieron-en-pico\/#breadcrumb"},"inLanguage":"es","potentialAction":[{"@type":"ReadAction","target":["https:\/\/diariotextual.com\/inicio\/index.php\/2023\/07\/06\/catrilo-quisieron-cobrar-una-deuda-robaron-bicicletas-y-los-detuvieron-en-pico\/"]}]},{"@type":"ImageObject","inLanguage":"es","@id":"https:\/\/diariotextual.com\/inicio\/index.php\/2023\/07\/06\/catrilo-quisieron-cobrar-una-deuda-robaron-bicicletas-y-los-detuvieron-en-pico\/#primaryimage","url":"https:\/\/diariotextual.com\/inicio\/wp-content\/uploads\/2023\/07\/asaltocatriloasaltantespampadiario2023-1.jpeg","contentUrl":"https:\/\/diariotextual.com\/inicio\/wp-content\/uploads\/2023\/07\/asaltocatriloasaltantespampadiario2023-1.jpeg","width":932,"height":600},{"@type":"BreadcrumbList","@id":"https:\/\/diariotextual.com\/inicio\/index.php\/2023\/07\/06\/catrilo-quisieron-cobrar-una-deuda-robaron-bicicletas-y-los-detuvieron-en-pico\/#breadcrumb","itemListElement":[{"@type":"ListItem","position":1,"name":"Portada","item":"https:\/\/diariotextual.com\/inicio\/"},{"@type":"ListItem","position":2,"name":"Catril\u00f3: quisieron cobrar una deuda, robaron bicicletas y los detuvieron en Pico"}]},{"@type":"WebSite","@id":"https:\/\/diariotextual.com\/inicio\/#website","url":"https:\/\/diariotextual.com\/inicio\/","name":"Diario Textual","description":"","publisher":{"@id":"https:\/\/diariotextual.com\/inicio\/#organization"},"potentialAction":[{"@type":"SearchAction","target":{"@type":"EntryPoint","urlTemplate":"https:\/\/diariotextual.com\/inicio\/?s={search_term_string}"},"query-input":{"@type":"PropertyValueSpecification","valueRequired":true,"valueName":"search_term_string"}}],"inLanguage":"es"},{"@type":"Organization","@id":"https:\/\/diariotextual.com\/inicio\/#organization","name":"Diario Textual","url":"https:\/\/diariotextual.com\/inicio\/","logo":{"@type":"ImageObject","inLanguage":"es","@id":"https:\/\/diariotextual.com\/inicio\/#\/schema\/logo\/image\/","url":"https:\/\/diariotextual.com\/inicio\/wp-content\/uploads\/2023\/05\/logotextual1.jpg","contentUrl":"https:\/\/diariotextual.com\/inicio\/wp-content\/uploads\/2023\/05\/logotextual1.jpg","width":516,"height":76,"caption":"Diario Textual"},"image":{"@id":"https:\/\/diariotextual.com\/inicio\/#\/schema\/logo\/image\/"},"sameAs":["https:\/\/www.facebook.com\/eltextual","https:\/\/x.com\/eltextual","http:\/\/www.instagram.com\/eltextual"]},{"@type":"Person","@id":"https:\/\/diariotextual.com\/inicio\/#\/schema\/person\/418fc4093c33e86ed41562db3508f958","name":"Diario1 Diario1","image":{"@type":"ImageObject","inLanguage":"es","@id":"https:\/\/secure.gravatar.com\/avatar\/9167d280179c85bc18be67aa7eda765854300033af4896dd779b608640f2ef7a?s=96&d=mm&r=g","url":"https:\/\/secure.gravatar.com\/avatar\/9167d280179c85bc18be67aa7eda765854300033af4896dd779b608640f2ef7a?s=96&d=mm&r=g","contentUrl":"https:\/\/secure.gravatar.com\/avatar\/9167d280179c85bc18be67aa7eda765854300033af4896dd779b608640f2ef7a?s=96&d=mm&r=g","caption":"Diario1 Diario1"},"url":"https:\/\/diariotextual.com\/inicio\/index.php\/author\/diario1\/"}]}},"_links":{"self":[{"href":"https:\/\/diariotextual.com\/inicio\/index.php\/wp-json\/wp\/v2\/posts\/230403","targetHints":{"allow":["GET"]}}],"collection":[{"href":"https:\/\/diariotextual.com\/inicio\/index.php\/wp-json\/wp\/v2\/posts"}],"about":[{"href":"https:\/\/diariotextual.com\/inicio\/index.php\/wp-json\/wp\/v2\/types\/post"}],"author":[{"embeddable":true,"href":"https:\/\/diariotextual.com\/inicio\/index.php\/wp-json\/wp\/v2\/users\/3"}],"replies":[{"embeddable":true,"href":"https:\/\/diariotextual.com\/inicio\/index.php\/wp-json\/wp\/v2\/comments?post=230403"}],"version-history":[{"count":6,"href":"https:\/\/diariotextual.com\/inicio\/index.php\/wp-json\/wp\/v2\/posts\/230403\/revisions"}],"predecessor-version":[{"id":230418,"href":"https:\/\/diariotextual.com\/inicio\/index.php\/wp-json\/wp\/v2\/posts\/230403\/revisions\/230418"}],"wp:featuredmedia":[{"embeddable":true,"href":"https:\/\/diariotextual.com\/inicio\/index.php\/wp-json\/wp\/v2\/media\/230405"}],"wp:attachment":[{"href":"https:\/\/diariotextual.com\/inicio\/index.php\/wp-json\/wp\/v2\/media?parent=230403"}],"wp:term":[{"taxonomy":"category","embeddable":true,"href":"https:\/\/diariotextual.com\/inicio\/index.php\/wp-json\/wp\/v2\/categories?post=230403"},{"taxonomy":"post_tag","embeddable":true,"href":"https:\/\/diariotextual.com\/inicio\/index.php\/wp-json\/wp\/v2\/tags?post=230403"}],"curies":[{"name":"wp","href":"https:\/\/api.w.org\/{rel}","templated":true}]}}