{"id":230446,"date":"2023-07-06T20:18:40","date_gmt":"2023-07-06T23:18:40","guid":{"rendered":"https:\/\/diariotextual.com\/inicio\/?p=230446"},"modified":"2023-07-07T12:24:59","modified_gmt":"2023-07-07T15:24:59","slug":"coli-y-la-ley-olimpia-la-violencia-aun-nos-paraliza-a-las-mujeres","status":"publish","type":"post","link":"https:\/\/diariotextual.com\/inicio\/index.php\/2023\/07\/06\/coli-y-la-ley-olimpia-la-violencia-aun-nos-paraliza-a-las-mujeres\/","title":{"rendered":"Coli y la ley Olimpia: \u201cLa violencia a\u00fan nos paraliza a las mujeres\u00bb"},"content":{"rendered":"\n<p>La<strong> diputada nacional, Marcela Coli (UCR \u2013 JxC)<\/strong>, intervino en la sesi\u00f3n de Diputados en la que se aprob\u00f3 con media sanci\u00f3n al proyecto que<strong> se incorpora la violencia digital como una modalidad dentro de la Ley de Protecci\u00f3n Integral a las Mujeres (N\u00b026.485).<\/strong><\/p>\n\n\n\n<p>\u201cPor todas las mujeres que padecieron el calvario de este y de otros tipos de violencia, por nuestras hijas, por nuestros nietos y nietas, por nuestras abuelas, por nuestras madres, por la historia, por el pasado, por el presente y por el futuro, para caminar en cualquier espacio de relaciones con la sociedad y que sea en un \u00e1mbito de paz, de armon\u00eda y sin violencia, sin ning\u00fan tipo de violencia, por todo eso, <strong>acompa\u00f1o este proyecto de modificaci\u00f3n para, una vez m\u00e1s, decir \u2018basta\u2019 a la violencia que nos afecta<\/strong>\u201d, expres\u00f3 la legisladora radical de La Pampa.<\/p>\n\n\n\n<p>La iniciativa est\u00e1 inspirada en la <strong>Ley Olimpia, una normativa mexicana que aborda los delitos que violan la intimidad de las mujeres a trav\u00e9s de medios digitales<\/strong>, y que se sancion\u00f3 en ese pa\u00eds a partir del activismo de Olimpia Coral Melo, v\u00edctima de difusi\u00f3n de material con contenido sexual, sin su consentimiento, por parte de una expareja.<\/p>\n\n\n\n<p>La iniciativa, que fue consensuada entre propuestas de las diputadas M\u00f3nica Macha (FdT) y Danya Tavela (UCR), <strong>deber\u00e1 tratarse ahora en el Senado.<\/strong><\/p>\n\n\n\n<p>En su intervenci\u00f3n, Coli dijo: \u201c<strong>Hace catorce a\u00f1os se sancion\u00f3 la ley de protecci\u00f3n integral para prevenir, sancionar y erradicar la violencia en la Rep\u00fablica Argentina. Sin embargo, a pesar de que han transcurrido estos catorce a\u00f1os, la violencia a\u00fan nos paraliza <\/strong>y nos pone en una situaci\u00f3n vulnerable. La norma actualmente vigente en aquel entonces defini\u00f3 lo que era la violencia, los tipos de violencia. Cabe destacar que en ese entonces las mujeres sufr\u00edamos discriminaci\u00f3n y violencia, lo cual estaba casi invisibilizado; debo decir que eso estaba casi naturalizado en aquel momento. Pero hab\u00eda voces con mucho valor que desafiaron y buscaron cambiar ese modelo social con respecto a la violencia, y fue as\u00ed que se sancion\u00f3 esta ley en el a\u00f1o 2009, a\u00fan vigente\u201d.<\/p>\n\n\n\n<p>\u201cEn la actualidad sabemos que el mundo digital ha avanzado en cada lugar de trabajo, en las casas. Esto nos llev\u00f3 a que tengamos un contacto muy fluido en las relaciones a trav\u00e9s de los distintos espacios virtuales. La tecnolog\u00eda nos permite conectarnos con el mundo en d\u00e9cimas de segundos. Y aqu\u00ed, otra vez, la violencia de g\u00e9nero incursion\u00f3 sobre ese mundo, donde sufrimos escraches, donde nos hacen bullying, donde escondidos detr\u00e1s de un perfil falso nos da\u00f1an, nos vulneran\u201d, destac\u00f3 la diputada pampeana.<\/p>\n\n\n\n<p>Y agreg\u00f3: \u201cEl hecho de desacreditar, da\u00f1ar y violentar en el \u00e1mbito digital no ten\u00eda un encuadre legal, y es aqu\u00ed donde surgen proyectos, el debate en las comisiones y la posibilidad de emitir un dictamen por unanimidad, viendo que esto es de imperiosa necesidad para prevenir y proteger ante el avance de la violencia en el mundo digital\u201d.<\/p>\n\n\n\n<p>Coli explic\u00f3 que el proyecto modifica el art\u00edculo referido a las definiciones y a los tipos de violencia, estableciendo la violencia digital. A su vez, este nuevo marco legal da herramientas al Estado, a cada uno de los vecinos, a los ni\u00f1os, ni\u00f1as y adolescentes, a nosotras, para poder afrontar esos momentos en los que se produce la violencia.<\/p>\n\n\n\n<p>Este texto propone un<strong> servicio multisoporte gratuito telef\u00f3nico digital, cuyo objetivo es brindar acompa\u00f1amiento, contenci\u00f3n y asesoramiento<\/strong>: \u201cCuando estamos en un contexto de violencia nos paralizamos y necesitamos ese tipo de soporte\u201d, afirm\u00f3 la diputada de la UCR.<\/p>\n\n\n\n<p>Coli destac\u00f3 la importancia que <strong>se incorpore la gratuidad en las diligencias judiciales.<\/strong> El proyecto, adem\u00e1s, proh\u00edbe que el agresor se ponga en contacto con la v\u00edctima.<\/p>\n","protected":false},"excerpt":{"rendered":"<p>La diputada nacional, Marcela Coli (UCR \u2013 JxC), intervino en la sesi\u00f3n de Diputados en la que se aprob\u00f3 con media sanci\u00f3n al proyecto que se incorpora la violencia digital&hellip;<\/p>\n","protected":false},"author":5,"featured_media":230447,"comment_status":"closed","ping_status":"open","sticky":false,"template":"","format":"standard","meta":{"_acf_changed":false,"footnotes":""},"categories":[11,12],"tags":[7599,7598],"class_list":["post-230446","post","type-post","status-publish","format-standard","has-post-thumbnail","hentry","category-que-pasa","category-sociedad","tag-marcela-coli","tag-violencia-digital"],"acf":[],"yoast_head":"<!-- This site is optimized with the Yoast SEO plugin v27.5 - https:\/\/yoast.com\/product\/yoast-seo-wordpress\/ -->\n<title>Coli y la ley Olimpia: \u201cLa violencia a\u00fan nos paraliza a las mujeres&quot; - Diario Textual<\/title>\n<meta name=\"robots\" content=\"index, follow, max-snippet:-1, max-image-preview:large, max-video-preview:-1\" \/>\n<link rel=\"canonical\" href=\"https:\/\/diariotextual.com\/inicio\/index.php\/2023\/07\/06\/coli-y-la-ley-olimpia-la-violencia-aun-nos-paraliza-a-las-mujeres\/\" \/>\n<meta property=\"og:locale\" content=\"es_ES\" \/>\n<meta property=\"og:type\" content=\"article\" \/>\n<meta property=\"og:title\" content=\"Coli y la ley Olimpia: \u201cLa violencia a\u00fan nos paraliza a las mujeres&quot; - Diario Textual\" \/>\n<meta property=\"og:description\" content=\"La diputada nacional, Marcela Coli (UCR \u2013 JxC), intervino en la sesi\u00f3n de Diputados en la que se aprob\u00f3 con media sanci\u00f3n al proyecto que se incorpora la violencia digital&hellip;\" \/>\n<meta property=\"og:url\" content=\"https:\/\/diariotextual.com\/inicio\/index.php\/2023\/07\/06\/coli-y-la-ley-olimpia-la-violencia-aun-nos-paraliza-a-las-mujeres\/\" \/>\n<meta property=\"og:site_name\" content=\"Diario Textual\" \/>\n<meta property=\"article:publisher\" content=\"https:\/\/www.facebook.com\/eltextual\" \/>\n<meta property=\"article:published_time\" content=\"2023-07-06T23:18:40+00:00\" \/>\n<meta property=\"article:modified_time\" content=\"2023-07-07T15:24:59+00:00\" \/>\n<meta property=\"og:image\" content=\"https:\/\/diariotextual.com\/inicio\/wp-content\/uploads\/2023\/07\/colimarcelaleyolimpia.jpg\" \/>\n\t<meta property=\"og:image:width\" content=\"854\" \/>\n\t<meta property=\"og:image:height\" content=\"480\" \/>\n\t<meta property=\"og:image:type\" content=\"image\/jpeg\" \/>\n<meta name=\"author\" content=\"diario3\" \/>\n<meta name=\"twitter:card\" content=\"summary_large_image\" \/>\n<meta name=\"twitter:creator\" content=\"@eltextual\" \/>\n<meta name=\"twitter:site\" content=\"@eltextual\" \/>\n<meta name=\"twitter:label1\" content=\"Escrito por\" \/>\n\t<meta name=\"twitter:data1\" content=\"diario3\" \/>\n\t<meta name=\"twitter:label2\" content=\"Tiempo de lectura\" \/>\n\t<meta name=\"twitter:data2\" content=\"3 minutos\" \/>\n<script type=\"application\/ld+json\" class=\"yoast-schema-graph\">{\"@context\":\"https:\\\/\\\/schema.org\",\"@graph\":[{\"@type\":\"Article\",\"@id\":\"https:\\\/\\\/diariotextual.com\\\/inicio\\\/index.php\\\/2023\\\/07\\\/06\\\/coli-y-la-ley-olimpia-la-violencia-aun-nos-paraliza-a-las-mujeres\\\/#article\",\"isPartOf\":{\"@id\":\"https:\\\/\\\/diariotextual.com\\\/inicio\\\/index.php\\\/2023\\\/07\\\/06\\\/coli-y-la-ley-olimpia-la-violencia-aun-nos-paraliza-a-las-mujeres\\\/\"},\"author\":{\"name\":\"diario3\",\"@id\":\"https:\\\/\\\/diariotextual.com\\\/inicio\\\/#\\\/schema\\\/person\\\/a1b6f563e0ee944c60f98119389a4d9f\"},\"headline\":\"Coli y la ley Olimpia: \u201cLa violencia a\u00fan nos paraliza a las mujeres\u00bb\",\"datePublished\":\"2023-07-06T23:18:40+00:00\",\"dateModified\":\"2023-07-07T15:24:59+00:00\",\"mainEntityOfPage\":{\"@id\":\"https:\\\/\\\/diariotextual.com\\\/inicio\\\/index.php\\\/2023\\\/07\\\/06\\\/coli-y-la-ley-olimpia-la-violencia-aun-nos-paraliza-a-las-mujeres\\\/\"},\"wordCount\":670,\"publisher\":{\"@id\":\"https:\\\/\\\/diariotextual.com\\\/inicio\\\/#organization\"},\"image\":{\"@id\":\"https:\\\/\\\/diariotextual.com\\\/inicio\\\/index.php\\\/2023\\\/07\\\/06\\\/coli-y-la-ley-olimpia-la-violencia-aun-nos-paraliza-a-las-mujeres\\\/#primaryimage\"},\"thumbnailUrl\":\"https:\\\/\\\/diariotextual.com\\\/inicio\\\/wp-content\\\/uploads\\\/2023\\\/07\\\/colimarcelaleyolimpia.jpg\",\"keywords\":[\"marcela coli\",\"violencia digital\"],\"articleSection\":[\"A - QUE PASA (al costado)\",\"SOCIEDAD\"],\"inLanguage\":\"es\"},{\"@type\":\"WebPage\",\"@id\":\"https:\\\/\\\/diariotextual.com\\\/inicio\\\/index.php\\\/2023\\\/07\\\/06\\\/coli-y-la-ley-olimpia-la-violencia-aun-nos-paraliza-a-las-mujeres\\\/\",\"url\":\"https:\\\/\\\/diariotextual.com\\\/inicio\\\/index.php\\\/2023\\\/07\\\/06\\\/coli-y-la-ley-olimpia-la-violencia-aun-nos-paraliza-a-las-mujeres\\\/\",\"name\":\"Coli y la ley Olimpia: \u201cLa violencia a\u00fan nos paraliza a las mujeres\\\" - Diario Textual\",\"isPartOf\":{\"@id\":\"https:\\\/\\\/diariotextual.com\\\/inicio\\\/#website\"},\"primaryImageOfPage\":{\"@id\":\"https:\\\/\\\/diariotextual.com\\\/inicio\\\/index.php\\\/2023\\\/07\\\/06\\\/coli-y-la-ley-olimpia-la-violencia-aun-nos-paraliza-a-las-mujeres\\\/#primaryimage\"},\"image\":{\"@id\":\"https:\\\/\\\/diariotextual.com\\\/inicio\\\/index.php\\\/2023\\\/07\\\/06\\\/coli-y-la-ley-olimpia-la-violencia-aun-nos-paraliza-a-las-mujeres\\\/#primaryimage\"},\"thumbnailUrl\":\"https:\\\/\\\/diariotextual.com\\\/inicio\\\/wp-content\\\/uploads\\\/2023\\\/07\\\/colimarcelaleyolimpia.jpg\",\"datePublished\":\"2023-07-06T23:18:40+00:00\",\"dateModified\":\"2023-07-07T15:24:59+00:00\",\"breadcrumb\":{\"@id\":\"https:\\\/\\\/diariotextual.com\\\/inicio\\\/index.php\\\/2023\\\/07\\\/06\\\/coli-y-la-ley-olimpia-la-violencia-aun-nos-paraliza-a-las-mujeres\\\/#breadcrumb\"},\"inLanguage\":\"es\",\"potentialAction\":[{\"@type\":\"ReadAction\",\"target\":[\"https:\\\/\\\/diariotextual.com\\\/inicio\\\/index.php\\\/2023\\\/07\\\/06\\\/coli-y-la-ley-olimpia-la-violencia-aun-nos-paraliza-a-las-mujeres\\\/\"]}]},{\"@type\":\"ImageObject\",\"inLanguage\":\"es\",\"@id\":\"https:\\\/\\\/diariotextual.com\\\/inicio\\\/index.php\\\/2023\\\/07\\\/06\\\/coli-y-la-ley-olimpia-la-violencia-aun-nos-paraliza-a-las-mujeres\\\/#primaryimage\",\"url\":\"https:\\\/\\\/diariotextual.com\\\/inicio\\\/wp-content\\\/uploads\\\/2023\\\/07\\\/colimarcelaleyolimpia.jpg\",\"contentUrl\":\"https:\\\/\\\/diariotextual.com\\\/inicio\\\/wp-content\\\/uploads\\\/2023\\\/07\\\/colimarcelaleyolimpia.jpg\",\"width\":854,\"height\":480},{\"@type\":\"BreadcrumbList\",\"@id\":\"https:\\\/\\\/diariotextual.com\\\/inicio\\\/index.php\\\/2023\\\/07\\\/06\\\/coli-y-la-ley-olimpia-la-violencia-aun-nos-paraliza-a-las-mujeres\\\/#breadcrumb\",\"itemListElement\":[{\"@type\":\"ListItem\",\"position\":1,\"name\":\"Portada\",\"item\":\"https:\\\/\\\/diariotextual.com\\\/inicio\\\/\"},{\"@type\":\"ListItem\",\"position\":2,\"name\":\"Coli y la ley Olimpia: \u201cLa violencia a\u00fan nos paraliza a las mujeres\u00bb\"}]},{\"@type\":\"WebSite\",\"@id\":\"https:\\\/\\\/diariotextual.com\\\/inicio\\\/#website\",\"url\":\"https:\\\/\\\/diariotextual.com\\\/inicio\\\/\",\"name\":\"Diario Textual\",\"description\":\"\",\"publisher\":{\"@id\":\"https:\\\/\\\/diariotextual.com\\\/inicio\\\/#organization\"},\"potentialAction\":[{\"@type\":\"SearchAction\",\"target\":{\"@type\":\"EntryPoint\",\"urlTemplate\":\"https:\\\/\\\/diariotextual.com\\\/inicio\\\/?s={search_term_string}\"},\"query-input\":{\"@type\":\"PropertyValueSpecification\",\"valueRequired\":true,\"valueName\":\"search_term_string\"}}],\"inLanguage\":\"es\"},{\"@type\":\"Organization\",\"@id\":\"https:\\\/\\\/diariotextual.com\\\/inicio\\\/#organization\",\"name\":\"Diario Textual\",\"url\":\"https:\\\/\\\/diariotextual.com\\\/inicio\\\/\",\"logo\":{\"@type\":\"ImageObject\",\"inLanguage\":\"es\",\"@id\":\"https:\\\/\\\/diariotextual.com\\\/inicio\\\/#\\\/schema\\\/logo\\\/image\\\/\",\"url\":\"https:\\\/\\\/diariotextual.com\\\/inicio\\\/wp-content\\\/uploads\\\/2023\\\/05\\\/logotextual1.jpg\",\"contentUrl\":\"https:\\\/\\\/diariotextual.com\\\/inicio\\\/wp-content\\\/uploads\\\/2023\\\/05\\\/logotextual1.jpg\",\"width\":516,\"height\":76,\"caption\":\"Diario Textual\"},\"image\":{\"@id\":\"https:\\\/\\\/diariotextual.com\\\/inicio\\\/#\\\/schema\\\/logo\\\/image\\\/\"},\"sameAs\":[\"https:\\\/\\\/www.facebook.com\\\/eltextual\",\"https:\\\/\\\/x.com\\\/eltextual\",\"http:\\\/\\\/www.instagram.com\\\/eltextual\"]},{\"@type\":\"Person\",\"@id\":\"https:\\\/\\\/diariotextual.com\\\/inicio\\\/#\\\/schema\\\/person\\\/a1b6f563e0ee944c60f98119389a4d9f\",\"name\":\"diario3\",\"image\":{\"@type\":\"ImageObject\",\"inLanguage\":\"es\",\"@id\":\"https:\\\/\\\/secure.gravatar.com\\\/avatar\\\/5e7ee62c82fc04d9dd79d746a390d93c69c43223e5faeeb3ea9461ef752bfc5d?s=96&d=mm&r=g\",\"url\":\"https:\\\/\\\/secure.gravatar.com\\\/avatar\\\/5e7ee62c82fc04d9dd79d746a390d93c69c43223e5faeeb3ea9461ef752bfc5d?s=96&d=mm&r=g\",\"contentUrl\":\"https:\\\/\\\/secure.gravatar.com\\\/avatar\\\/5e7ee62c82fc04d9dd79d746a390d93c69c43223e5faeeb3ea9461ef752bfc5d?s=96&d=mm&r=g\",\"caption\":\"diario3\"},\"url\":\"https:\\\/\\\/diariotextual.com\\\/inicio\\\/index.php\\\/author\\\/diario3\\\/\"}]}<\/script>\n<!-- \/ Yoast SEO plugin. -->","yoast_head_json":{"title":"Coli y la ley Olimpia: \u201cLa violencia a\u00fan nos paraliza a las mujeres\" - Diario Textual","robots":{"index":"index","follow":"follow","max-snippet":"max-snippet:-1","max-image-preview":"max-image-preview:large","max-video-preview":"max-video-preview:-1"},"canonical":"https:\/\/diariotextual.com\/inicio\/index.php\/2023\/07\/06\/coli-y-la-ley-olimpia-la-violencia-aun-nos-paraliza-a-las-mujeres\/","og_locale":"es_ES","og_type":"article","og_title":"Coli y la ley Olimpia: \u201cLa violencia a\u00fan nos paraliza a las mujeres\" - Diario Textual","og_description":"La diputada nacional, Marcela Coli (UCR \u2013 JxC), intervino en la sesi\u00f3n de Diputados en la que se aprob\u00f3 con media sanci\u00f3n al proyecto que se incorpora la violencia digital&hellip;","og_url":"https:\/\/diariotextual.com\/inicio\/index.php\/2023\/07\/06\/coli-y-la-ley-olimpia-la-violencia-aun-nos-paraliza-a-las-mujeres\/","og_site_name":"Diario Textual","article_publisher":"https:\/\/www.facebook.com\/eltextual","article_published_time":"2023-07-06T23:18:40+00:00","article_modified_time":"2023-07-07T15:24:59+00:00","og_image":[{"width":854,"height":480,"url":"https:\/\/diariotextual.com\/inicio\/wp-content\/uploads\/2023\/07\/colimarcelaleyolimpia.jpg","type":"image\/jpeg"}],"author":"diario3","twitter_card":"summary_large_image","twitter_creator":"@eltextual","twitter_site":"@eltextual","twitter_misc":{"Escrito por":"diario3","Tiempo de lectura":"3 minutos"},"schema":{"@context":"https:\/\/schema.org","@graph":[{"@type":"Article","@id":"https:\/\/diariotextual.com\/inicio\/index.php\/2023\/07\/06\/coli-y-la-ley-olimpia-la-violencia-aun-nos-paraliza-a-las-mujeres\/#article","isPartOf":{"@id":"https:\/\/diariotextual.com\/inicio\/index.php\/2023\/07\/06\/coli-y-la-ley-olimpia-la-violencia-aun-nos-paraliza-a-las-mujeres\/"},"author":{"name":"diario3","@id":"https:\/\/diariotextual.com\/inicio\/#\/schema\/person\/a1b6f563e0ee944c60f98119389a4d9f"},"headline":"Coli y la ley Olimpia: \u201cLa violencia a\u00fan nos paraliza a las mujeres\u00bb","datePublished":"2023-07-06T23:18:40+00:00","dateModified":"2023-07-07T15:24:59+00:00","mainEntityOfPage":{"@id":"https:\/\/diariotextual.com\/inicio\/index.php\/2023\/07\/06\/coli-y-la-ley-olimpia-la-violencia-aun-nos-paraliza-a-las-mujeres\/"},"wordCount":670,"publisher":{"@id":"https:\/\/diariotextual.com\/inicio\/#organization"},"image":{"@id":"https:\/\/diariotextual.com\/inicio\/index.php\/2023\/07\/06\/coli-y-la-ley-olimpia-la-violencia-aun-nos-paraliza-a-las-mujeres\/#primaryimage"},"thumbnailUrl":"https:\/\/diariotextual.com\/inicio\/wp-content\/uploads\/2023\/07\/colimarcelaleyolimpia.jpg","keywords":["marcela coli","violencia digital"],"articleSection":["A - QUE PASA (al costado)","SOCIEDAD"],"inLanguage":"es"},{"@type":"WebPage","@id":"https:\/\/diariotextual.com\/inicio\/index.php\/2023\/07\/06\/coli-y-la-ley-olimpia-la-violencia-aun-nos-paraliza-a-las-mujeres\/","url":"https:\/\/diariotextual.com\/inicio\/index.php\/2023\/07\/06\/coli-y-la-ley-olimpia-la-violencia-aun-nos-paraliza-a-las-mujeres\/","name":"Coli y la ley Olimpia: \u201cLa violencia a\u00fan nos paraliza a las mujeres\" - Diario Textual","isPartOf":{"@id":"https:\/\/diariotextual.com\/inicio\/#website"},"primaryImageOfPage":{"@id":"https:\/\/diariotextual.com\/inicio\/index.php\/2023\/07\/06\/coli-y-la-ley-olimpia-la-violencia-aun-nos-paraliza-a-las-mujeres\/#primaryimage"},"image":{"@id":"https:\/\/diariotextual.com\/inicio\/index.php\/2023\/07\/06\/coli-y-la-ley-olimpia-la-violencia-aun-nos-paraliza-a-las-mujeres\/#primaryimage"},"thumbnailUrl":"https:\/\/diariotextual.com\/inicio\/wp-content\/uploads\/2023\/07\/colimarcelaleyolimpia.jpg","datePublished":"2023-07-06T23:18:40+00:00","dateModified":"2023-07-07T15:24:59+00:00","breadcrumb":{"@id":"https:\/\/diariotextual.com\/inicio\/index.php\/2023\/07\/06\/coli-y-la-ley-olimpia-la-violencia-aun-nos-paraliza-a-las-mujeres\/#breadcrumb"},"inLanguage":"es","potentialAction":[{"@type":"ReadAction","target":["https:\/\/diariotextual.com\/inicio\/index.php\/2023\/07\/06\/coli-y-la-ley-olimpia-la-violencia-aun-nos-paraliza-a-las-mujeres\/"]}]},{"@type":"ImageObject","inLanguage":"es","@id":"https:\/\/diariotextual.com\/inicio\/index.php\/2023\/07\/06\/coli-y-la-ley-olimpia-la-violencia-aun-nos-paraliza-a-las-mujeres\/#primaryimage","url":"https:\/\/diariotextual.com\/inicio\/wp-content\/uploads\/2023\/07\/colimarcelaleyolimpia.jpg","contentUrl":"https:\/\/diariotextual.com\/inicio\/wp-content\/uploads\/2023\/07\/colimarcelaleyolimpia.jpg","width":854,"height":480},{"@type":"BreadcrumbList","@id":"https:\/\/diariotextual.com\/inicio\/index.php\/2023\/07\/06\/coli-y-la-ley-olimpia-la-violencia-aun-nos-paraliza-a-las-mujeres\/#breadcrumb","itemListElement":[{"@type":"ListItem","position":1,"name":"Portada","item":"https:\/\/diariotextual.com\/inicio\/"},{"@type":"ListItem","position":2,"name":"Coli y la ley Olimpia: \u201cLa violencia a\u00fan nos paraliza a las mujeres\u00bb"}]},{"@type":"WebSite","@id":"https:\/\/diariotextual.com\/inicio\/#website","url":"https:\/\/diariotextual.com\/inicio\/","name":"Diario Textual","description":"","publisher":{"@id":"https:\/\/diariotextual.com\/inicio\/#organization"},"potentialAction":[{"@type":"SearchAction","target":{"@type":"EntryPoint","urlTemplate":"https:\/\/diariotextual.com\/inicio\/?s={search_term_string}"},"query-input":{"@type":"PropertyValueSpecification","valueRequired":true,"valueName":"search_term_string"}}],"inLanguage":"es"},{"@type":"Organization","@id":"https:\/\/diariotextual.com\/inicio\/#organization","name":"Diario Textual","url":"https:\/\/diariotextual.com\/inicio\/","logo":{"@type":"ImageObject","inLanguage":"es","@id":"https:\/\/diariotextual.com\/inicio\/#\/schema\/logo\/image\/","url":"https:\/\/diariotextual.com\/inicio\/wp-content\/uploads\/2023\/05\/logotextual1.jpg","contentUrl":"https:\/\/diariotextual.com\/inicio\/wp-content\/uploads\/2023\/05\/logotextual1.jpg","width":516,"height":76,"caption":"Diario Textual"},"image":{"@id":"https:\/\/diariotextual.com\/inicio\/#\/schema\/logo\/image\/"},"sameAs":["https:\/\/www.facebook.com\/eltextual","https:\/\/x.com\/eltextual","http:\/\/www.instagram.com\/eltextual"]},{"@type":"Person","@id":"https:\/\/diariotextual.com\/inicio\/#\/schema\/person\/a1b6f563e0ee944c60f98119389a4d9f","name":"diario3","image":{"@type":"ImageObject","inLanguage":"es","@id":"https:\/\/secure.gravatar.com\/avatar\/5e7ee62c82fc04d9dd79d746a390d93c69c43223e5faeeb3ea9461ef752bfc5d?s=96&d=mm&r=g","url":"https:\/\/secure.gravatar.com\/avatar\/5e7ee62c82fc04d9dd79d746a390d93c69c43223e5faeeb3ea9461ef752bfc5d?s=96&d=mm&r=g","contentUrl":"https:\/\/secure.gravatar.com\/avatar\/5e7ee62c82fc04d9dd79d746a390d93c69c43223e5faeeb3ea9461ef752bfc5d?s=96&d=mm&r=g","caption":"diario3"},"url":"https:\/\/diariotextual.com\/inicio\/index.php\/author\/diario3\/"}]}},"_links":{"self":[{"href":"https:\/\/diariotextual.com\/inicio\/index.php\/wp-json\/wp\/v2\/posts\/230446","targetHints":{"allow":["GET"]}}],"collection":[{"href":"https:\/\/diariotextual.com\/inicio\/index.php\/wp-json\/wp\/v2\/posts"}],"about":[{"href":"https:\/\/diariotextual.com\/inicio\/index.php\/wp-json\/wp\/v2\/types\/post"}],"author":[{"embeddable":true,"href":"https:\/\/diariotextual.com\/inicio\/index.php\/wp-json\/wp\/v2\/users\/5"}],"replies":[{"embeddable":true,"href":"https:\/\/diariotextual.com\/inicio\/index.php\/wp-json\/wp\/v2\/comments?post=230446"}],"version-history":[{"count":1,"href":"https:\/\/diariotextual.com\/inicio\/index.php\/wp-json\/wp\/v2\/posts\/230446\/revisions"}],"predecessor-version":[{"id":230448,"href":"https:\/\/diariotextual.com\/inicio\/index.php\/wp-json\/wp\/v2\/posts\/230446\/revisions\/230448"}],"wp:featuredmedia":[{"embeddable":true,"href":"https:\/\/diariotextual.com\/inicio\/index.php\/wp-json\/wp\/v2\/media\/230447"}],"wp:attachment":[{"href":"https:\/\/diariotextual.com\/inicio\/index.php\/wp-json\/wp\/v2\/media?parent=230446"}],"wp:term":[{"taxonomy":"category","embeddable":true,"href":"https:\/\/diariotextual.com\/inicio\/index.php\/wp-json\/wp\/v2\/categories?post=230446"},{"taxonomy":"post_tag","embeddable":true,"href":"https:\/\/diariotextual.com\/inicio\/index.php\/wp-json\/wp\/v2\/tags?post=230446"}],"curies":[{"name":"wp","href":"https:\/\/api.w.org\/{rel}","templated":true}]}}