{"id":230449,"date":"2023-07-06T21:31:18","date_gmt":"2023-07-07T00:31:18","guid":{"rendered":"https:\/\/diariotextual.com\/inicio\/?p=230449"},"modified":"2023-07-07T07:07:36","modified_gmt":"2023-07-07T10:07:36","slug":"el-caso-cecilia-y-otra-explosiva-carta-de-marcela-acuna-mi-hijo-fue-el-responsable","status":"publish","type":"post","link":"https:\/\/diariotextual.com\/inicio\/index.php\/2023\/07\/06\/el-caso-cecilia-y-otra-explosiva-carta-de-marcela-acuna-mi-hijo-fue-el-responsable\/","title":{"rendered":"El Caso Cecilia y otra explosiva carta de Marcela Acu\u00f1a: \u201cMi hijo fue el responsable\u201d"},"content":{"rendered":"\n<p><strong>Marcela Acu\u00f1a<\/strong>\u00a0asegura estar presa por ser \u201c<strong>mam\u00e1<\/strong>\u201d y \u201c<strong>piquetera<\/strong>\u201d. En huelga de hambre desde el 13 de junio, la esposa de\u00a0<strong>Emerenciano Sena<\/strong>\u00a0y madre de\u00a0<strong>C\u00e9sar Sena<\/strong>, acusado de ser el autor del femicidio de\u00a0<strong>Cecilia Strzyzowski\u00a0<\/strong>junto a sus padres, dice no tener nada que ver con el crimen y apunta directamente contra su hijo. \u201c<strong>\u00c9l fue el responsable, no nosotros. \u00bfSer\u00e1 que el ser padres nos se\u00f1ala como criminales?<\/strong>\u201d, escribi\u00f3 en una de las dos cartas a la que accedi\u00f3\u00a0<strong>Infobae<\/strong>.<\/p>\n\n\n\n<p>No es la primera vez que la dirigente piquetera acusa a su hijo por el femicidio de Cecilia. Lo hizo este lunes en un texto que se conoci\u00f3 luego de que fuera distribuido por Patricia, su hermana. Ahora volvi\u00f3 a hacerlo y con m\u00e1s fuerza en dos cartas que se conocieron este jueves.<\/p>\n\n\n\n<p><em>\u201c(&#8230;) Es de locos, ambos detenidos por un delito que no cometimos y que socialmente nos han involucrado.&nbsp;<\/em><em><strong>Solo el que mi hijo C\u00e9sar diga la verdad de lo sucedido har\u00e1 que podamos tener m\u00e1s expectativas de lograr la libertad<\/strong><\/em><em>&nbsp;(&#8230;) De a ratitos siento tanta impotencia. \u00bfC\u00f3mo en cuesti\u00f3n de semanas fueron por todo? Utilizando de excusa este caso, donde siempre se supo que fue pasional y que&nbsp;<\/em><em><strong>mi hijo fue el responsable, no nosotros. \u00bfSer\u00e1 que el ser padres nos se\u00f1ala como criminales?<\/strong><\/em><em>&nbsp;\u00bfEl ser piqueteros? O bien todo lo que hicimos denodadamente por la gente. La misma gente que cree en las barbaridades que se dicen de nosotros (&#8230;)\u201d<\/em>, remarc\u00f3 en un texto de pu\u00f1o y letra que est\u00e1 fechado el 30 junio pasado.<\/p>\n\n\n\n<p>Este mi\u00e9rcoles a la noche, despu\u00e9s de un control de salud en el Hospital Perrando, Acu\u00f1a\u00a0<strong>fue trasladada a la Comisar\u00eda Sexta de Resistencia<\/strong>: estaba en el Departamento Violencia Familiar y de G\u00e9nero, lo que hab\u00eda despertado algunas quejas de las v\u00edctimas y temor de sus custodios.<\/p>\n\n\n\n<p>Un d\u00eda antes de su traslado, el pasado 4 de julio, la mujer hizo entrega de\u00a0<strong>cinco cartas manuscritas<\/strong>\u00a0que fueron incorporadas al expediente. Este medio tuvo acceso a dos de ellas. Tienen fecha del 29 y 30 de junio, respectivamente. Est\u00e1n escritas en hojas rayadas A4 con letra cursiva y birome azul. La primera, de una p\u00e1gina y media, se titula\u00a0<em>\u201cHuelga de hambre n\u00famero 17. Por la inocencia de Emerenciano Sena.\u00a0<strong>\u00a1Domiciliaria y Libertad!<\/strong>\u201d<\/em>. La segunda, de una carilla, se titula\u00a0<em>\u201cD\u00eda 18 de huelga de hambre\u201d.<\/em><\/p>\n\n\n\n<p>En la primera carta, con fecha del 29 de junio, Marcela Acu\u00f1a critica el accionar del fiscal&nbsp;<strong>Jorge C\u00e1ceres Olivera<\/strong>, titular de la Fiscal\u00eda Especial en Violencia de G\u00e9nero N\u00ba 4 de Resistencia, e integrante del Equipo Fiscal Especial que investiga la desaparici\u00f3n y el femicidio de Cecilia Strzyzowski junto a Jorge G\u00f3mez y Nelia Vel\u00e1zquez.<\/p>\n\n\n\n<p>Acerca del funcionario judicial, la madre de C\u00e9sar Sena sostiene:&nbsp;<em>\u201cSigue ningune\u00e1ndonos. Culpando a ambos de un&nbsp;<\/em><em><strong>hecho diab\u00f3lico<\/strong><\/em><em>&nbsp;del cual no tenemos absolutamente nada que ver (&#8230;)&nbsp;<\/em><em><strong>Emerenciano no solo debe estar en su casa y asistido, sino que debe estar en libertad<\/strong><\/em><em>; pero su inocencia ser\u00eda la demostraci\u00f3n de las barbaridades que se dijo de ambos. Son mentiras. Y eso significar\u00eda que aqu\u00ed, en Chaco, se dejar\u00eda de usar homicidio de manera pol\u00edtica para llegar a la verdad (&#8230;)\u201d.<\/em><\/p>\n\n\n\n<p>Con el mismo tono que us\u00f3 en la carta del d\u00eda lunes, y que hizo circular su hermana, Marcela Acu\u00f1a vuelve a victimizarse, defiende a capa y espada a su marido y relaciona su detenci\u00f3n y la de su esposo con una jugada pol\u00edtica.&nbsp;<em>\u201cJam\u00e1s pens\u00e9 vivir tanta injusticia, ni que Emerenciano sea tan relevante para ganar o perder una elecci\u00f3n provincial y por qu\u00e9 no, hasta nacional (&#8230;) Me parece que estamos en un laberinto sin salida y esta JUSTICIA INJUSTA lo \u00fanico que hace estacar pobres. S\u00ed, pobres. Porque&nbsp;<\/em><em><strong>tenemos la dignidad de decir que nos manejamos con lo que ganamos<\/strong><\/em><em>, con nuestro suelo, y que todo lo dem\u00e1s es de gesti\u00f3n p\u00fablica, no nuestra (&#8230;)\u201d.<\/em><\/p>\n\n\n\n<p>En la segunda carta, fechada el 30 de junio, Acu\u00f1a cuenta:&nbsp;<em>\u201c(&#8230;) Hoy es mi d\u00eda n\u00famero 18 de huelga de hambre y sigo sin respuestas. Hasta el momento Emerenciano sigue en su estado vulnerable, encerrado arbitrariamente en la Comisar\u00eda Tercera y yo, a metros alojada en un departamento referente a la violencia de g\u00e9nero (&#8230;)\u201d.<\/em><\/p>\n\n\n\n<p><em>\u201c(&#8230;) Es de locos, ambos detenidos por un delito que no cometimos y que socialmente nos han involucrado. Solo el que mi hijo C\u00e9sar diga la verdad de lo sucedido har\u00e1 que podamos tener m\u00e1s expectativas de lograr la libertad (&#8230;) De a ratitos siento tanta impotencia. \u00bfC\u00f3mo en cuesti\u00f3n de semanas fueron por todo? Utilizando de excusa este caso, donde siempre se supo que fue pasional y que&nbsp;<\/em><em><strong>mi hijo fue el responsable, no nosotros. \u00bfSer\u00e1 que el ser padres nos se\u00f1ala como criminales?<\/strong><\/em><em>&nbsp;\u00bfEl ser piqueteros? O bien todo lo que hicimos denodadamente por la gente. La misma gente que cree en las barbaridades que se dicen de nosotros (&#8230;)\u201d.<\/em><\/p>\n\n\n\n<p>En otro fragmento de la carta, Acu\u00f1a sostiene:&nbsp;<em>\u201c(&#8230;) Desde el primer minuto&nbsp;<\/em><em><strong>nos culparon de algo que no hicimos ni haremos nunca<\/strong><\/em><em>. Comenc\u00e9 mi huelga con la convicci\u00f3n de que ser\u00e9 escudada al menos muerta (&#8230;) Han puesto todo en contra de nosotros. Hasta han modificado criterios para culparnos de un delito grave, pero&nbsp;<\/em><em><strong>tengo la moral alta y s\u00e9 que el tiempo nos dar\u00e1 nuestra inocencia<\/strong><\/em><em>. Ojal\u00e1 no pase mucho porque mi cabeza est\u00e1 con Emerenciano y s\u00e9 que un hombre como \u00e9l no aguanta tanta injusticia en su cuerpo<\/em><em>(&#8230;)\u201d.<\/em><\/p>\n\n\n\n<p><em>\u201c(&#8230;)&nbsp;<\/em><em><strong>Lo extra\u00f1o mucho a Emerenciano, tengo miedo de no volver a verlo. Me aparece en sue\u00f1os<\/strong><\/em><em>. Ayer pas\u00f3 la custodia policial que ten\u00edamos y me mand\u00f3 un beso que se lo devolv\u00ed. Los polic\u00edas nos retaron. \u2018Nada de se\u00f1as, nada de besos\u2019, falt\u00f3 decir. Ese beso hoy me mantiene viva.&nbsp;<\/em><em><strong>Lo amo m\u00e1s que nunca<\/strong><\/em><em>&nbsp;(&#8230;)\u201d.<\/em><\/p>\n\n\n\n<p><\/p>\n","protected":false},"excerpt":{"rendered":"<p>Marcela Acu\u00f1a\u00a0asegura estar presa por ser \u201cmam\u00e1\u201d y \u201cpiquetera\u201d. En huelga de hambre desde el 13 de junio, la esposa de\u00a0Emerenciano Sena\u00a0y madre de\u00a0C\u00e9sar Sena, acusado de ser el autor&hellip;<\/p>\n","protected":false},"author":3,"featured_media":230072,"comment_status":"closed","ping_status":"open","sticky":false,"template":"","format":"standard","meta":{"_acf_changed":false,"footnotes":""},"categories":[1,12],"tags":[],"class_list":["post-230449","post","type-post","status-publish","format-standard","has-post-thumbnail","hentry","category-es-noticia","category-sociedad"],"acf":[],"yoast_head":"<!-- This site is optimized with the Yoast SEO plugin v27.5 - https:\/\/yoast.com\/product\/yoast-seo-wordpress\/ -->\n<title>El Caso Cecilia y otra explosiva carta de Marcela Acu\u00f1a: \u201cMi hijo fue el responsable\u201d - Diario Textual<\/title>\n<meta name=\"robots\" content=\"index, follow, max-snippet:-1, max-image-preview:large, max-video-preview:-1\" \/>\n<link rel=\"canonical\" href=\"https:\/\/diariotextual.com\/inicio\/index.php\/2023\/07\/06\/el-caso-cecilia-y-otra-explosiva-carta-de-marcela-acuna-mi-hijo-fue-el-responsable\/\" \/>\n<meta property=\"og:locale\" content=\"es_ES\" \/>\n<meta property=\"og:type\" content=\"article\" \/>\n<meta property=\"og:title\" content=\"El Caso Cecilia y otra explosiva carta de Marcela Acu\u00f1a: \u201cMi hijo fue el responsable\u201d - Diario Textual\" \/>\n<meta property=\"og:description\" content=\"Marcela Acu\u00f1a\u00a0asegura estar presa por ser \u201cmam\u00e1\u201d y \u201cpiquetera\u201d. En huelga de hambre desde el 13 de junio, la esposa de\u00a0Emerenciano Sena\u00a0y madre de\u00a0C\u00e9sar Sena, acusado de ser el autor&hellip;\" \/>\n<meta property=\"og:url\" content=\"https:\/\/diariotextual.com\/inicio\/index.php\/2023\/07\/06\/el-caso-cecilia-y-otra-explosiva-carta-de-marcela-acuna-mi-hijo-fue-el-responsable\/\" \/>\n<meta property=\"og:site_name\" content=\"Diario Textual\" \/>\n<meta property=\"article:publisher\" content=\"https:\/\/www.facebook.com\/eltextual\" \/>\n<meta property=\"article:published_time\" content=\"2023-07-07T00:31:18+00:00\" \/>\n<meta property=\"article:modified_time\" content=\"2023-07-07T10:07:36+00:00\" \/>\n<meta property=\"og:image\" content=\"https:\/\/diariotextual.com\/inicio\/wp-content\/uploads\/2023\/07\/casoceciliastrzyzowskisenamarcelaacuna2023-1.jpg\" \/>\n\t<meta property=\"og:image:width\" content=\"780\" \/>\n\t<meta property=\"og:image:height\" content=\"482\" \/>\n\t<meta property=\"og:image:type\" content=\"image\/jpeg\" \/>\n<meta name=\"author\" content=\"Diario1 Diario1\" \/>\n<meta name=\"twitter:card\" content=\"summary_large_image\" \/>\n<meta name=\"twitter:creator\" content=\"@eltextual\" \/>\n<meta name=\"twitter:site\" content=\"@eltextual\" \/>\n<meta name=\"twitter:label1\" content=\"Escrito por\" \/>\n\t<meta name=\"twitter:data1\" content=\"Diario1 Diario1\" \/>\n\t<meta name=\"twitter:label2\" content=\"Tiempo de lectura\" \/>\n\t<meta name=\"twitter:data2\" content=\"5 minutos\" \/>\n<script type=\"application\/ld+json\" class=\"yoast-schema-graph\">{\"@context\":\"https:\\\/\\\/schema.org\",\"@graph\":[{\"@type\":\"Article\",\"@id\":\"https:\\\/\\\/diariotextual.com\\\/inicio\\\/index.php\\\/2023\\\/07\\\/06\\\/el-caso-cecilia-y-otra-explosiva-carta-de-marcela-acuna-mi-hijo-fue-el-responsable\\\/#article\",\"isPartOf\":{\"@id\":\"https:\\\/\\\/diariotextual.com\\\/inicio\\\/index.php\\\/2023\\\/07\\\/06\\\/el-caso-cecilia-y-otra-explosiva-carta-de-marcela-acuna-mi-hijo-fue-el-responsable\\\/\"},\"author\":{\"name\":\"Diario1 Diario1\",\"@id\":\"https:\\\/\\\/diariotextual.com\\\/inicio\\\/#\\\/schema\\\/person\\\/418fc4093c33e86ed41562db3508f958\"},\"headline\":\"El Caso Cecilia y otra explosiva carta de Marcela Acu\u00f1a: \u201cMi hijo fue el responsable\u201d\",\"datePublished\":\"2023-07-07T00:31:18+00:00\",\"dateModified\":\"2023-07-07T10:07:36+00:00\",\"mainEntityOfPage\":{\"@id\":\"https:\\\/\\\/diariotextual.com\\\/inicio\\\/index.php\\\/2023\\\/07\\\/06\\\/el-caso-cecilia-y-otra-explosiva-carta-de-marcela-acuna-mi-hijo-fue-el-responsable\\\/\"},\"wordCount\":1046,\"publisher\":{\"@id\":\"https:\\\/\\\/diariotextual.com\\\/inicio\\\/#organization\"},\"image\":{\"@id\":\"https:\\\/\\\/diariotextual.com\\\/inicio\\\/index.php\\\/2023\\\/07\\\/06\\\/el-caso-cecilia-y-otra-explosiva-carta-de-marcela-acuna-mi-hijo-fue-el-responsable\\\/#primaryimage\"},\"thumbnailUrl\":\"https:\\\/\\\/diariotextual.com\\\/inicio\\\/wp-content\\\/uploads\\\/2023\\\/07\\\/casoceciliastrzyzowskisenamarcelaacuna2023-1.jpg\",\"articleSection\":[\"A - ES NOTICIA (van abajo)\",\"SOCIEDAD\"],\"inLanguage\":\"es\"},{\"@type\":\"WebPage\",\"@id\":\"https:\\\/\\\/diariotextual.com\\\/inicio\\\/index.php\\\/2023\\\/07\\\/06\\\/el-caso-cecilia-y-otra-explosiva-carta-de-marcela-acuna-mi-hijo-fue-el-responsable\\\/\",\"url\":\"https:\\\/\\\/diariotextual.com\\\/inicio\\\/index.php\\\/2023\\\/07\\\/06\\\/el-caso-cecilia-y-otra-explosiva-carta-de-marcela-acuna-mi-hijo-fue-el-responsable\\\/\",\"name\":\"El Caso Cecilia y otra explosiva carta de Marcela Acu\u00f1a: \u201cMi hijo fue el responsable\u201d - Diario Textual\",\"isPartOf\":{\"@id\":\"https:\\\/\\\/diariotextual.com\\\/inicio\\\/#website\"},\"primaryImageOfPage\":{\"@id\":\"https:\\\/\\\/diariotextual.com\\\/inicio\\\/index.php\\\/2023\\\/07\\\/06\\\/el-caso-cecilia-y-otra-explosiva-carta-de-marcela-acuna-mi-hijo-fue-el-responsable\\\/#primaryimage\"},\"image\":{\"@id\":\"https:\\\/\\\/diariotextual.com\\\/inicio\\\/index.php\\\/2023\\\/07\\\/06\\\/el-caso-cecilia-y-otra-explosiva-carta-de-marcela-acuna-mi-hijo-fue-el-responsable\\\/#primaryimage\"},\"thumbnailUrl\":\"https:\\\/\\\/diariotextual.com\\\/inicio\\\/wp-content\\\/uploads\\\/2023\\\/07\\\/casoceciliastrzyzowskisenamarcelaacuna2023-1.jpg\",\"datePublished\":\"2023-07-07T00:31:18+00:00\",\"dateModified\":\"2023-07-07T10:07:36+00:00\",\"breadcrumb\":{\"@id\":\"https:\\\/\\\/diariotextual.com\\\/inicio\\\/index.php\\\/2023\\\/07\\\/06\\\/el-caso-cecilia-y-otra-explosiva-carta-de-marcela-acuna-mi-hijo-fue-el-responsable\\\/#breadcrumb\"},\"inLanguage\":\"es\",\"potentialAction\":[{\"@type\":\"ReadAction\",\"target\":[\"https:\\\/\\\/diariotextual.com\\\/inicio\\\/index.php\\\/2023\\\/07\\\/06\\\/el-caso-cecilia-y-otra-explosiva-carta-de-marcela-acuna-mi-hijo-fue-el-responsable\\\/\"]}]},{\"@type\":\"ImageObject\",\"inLanguage\":\"es\",\"@id\":\"https:\\\/\\\/diariotextual.com\\\/inicio\\\/index.php\\\/2023\\\/07\\\/06\\\/el-caso-cecilia-y-otra-explosiva-carta-de-marcela-acuna-mi-hijo-fue-el-responsable\\\/#primaryimage\",\"url\":\"https:\\\/\\\/diariotextual.com\\\/inicio\\\/wp-content\\\/uploads\\\/2023\\\/07\\\/casoceciliastrzyzowskisenamarcelaacuna2023-1.jpg\",\"contentUrl\":\"https:\\\/\\\/diariotextual.com\\\/inicio\\\/wp-content\\\/uploads\\\/2023\\\/07\\\/casoceciliastrzyzowskisenamarcelaacuna2023-1.jpg\",\"width\":780,\"height\":482},{\"@type\":\"BreadcrumbList\",\"@id\":\"https:\\\/\\\/diariotextual.com\\\/inicio\\\/index.php\\\/2023\\\/07\\\/06\\\/el-caso-cecilia-y-otra-explosiva-carta-de-marcela-acuna-mi-hijo-fue-el-responsable\\\/#breadcrumb\",\"itemListElement\":[{\"@type\":\"ListItem\",\"position\":1,\"name\":\"Portada\",\"item\":\"https:\\\/\\\/diariotextual.com\\\/inicio\\\/\"},{\"@type\":\"ListItem\",\"position\":2,\"name\":\"El Caso Cecilia y otra explosiva carta de Marcela Acu\u00f1a: \u201cMi hijo fue el responsable\u201d\"}]},{\"@type\":\"WebSite\",\"@id\":\"https:\\\/\\\/diariotextual.com\\\/inicio\\\/#website\",\"url\":\"https:\\\/\\\/diariotextual.com\\\/inicio\\\/\",\"name\":\"Diario Textual\",\"description\":\"\",\"publisher\":{\"@id\":\"https:\\\/\\\/diariotextual.com\\\/inicio\\\/#organization\"},\"potentialAction\":[{\"@type\":\"SearchAction\",\"target\":{\"@type\":\"EntryPoint\",\"urlTemplate\":\"https:\\\/\\\/diariotextual.com\\\/inicio\\\/?s={search_term_string}\"},\"query-input\":{\"@type\":\"PropertyValueSpecification\",\"valueRequired\":true,\"valueName\":\"search_term_string\"}}],\"inLanguage\":\"es\"},{\"@type\":\"Organization\",\"@id\":\"https:\\\/\\\/diariotextual.com\\\/inicio\\\/#organization\",\"name\":\"Diario Textual\",\"url\":\"https:\\\/\\\/diariotextual.com\\\/inicio\\\/\",\"logo\":{\"@type\":\"ImageObject\",\"inLanguage\":\"es\",\"@id\":\"https:\\\/\\\/diariotextual.com\\\/inicio\\\/#\\\/schema\\\/logo\\\/image\\\/\",\"url\":\"https:\\\/\\\/diariotextual.com\\\/inicio\\\/wp-content\\\/uploads\\\/2023\\\/05\\\/logotextual1.jpg\",\"contentUrl\":\"https:\\\/\\\/diariotextual.com\\\/inicio\\\/wp-content\\\/uploads\\\/2023\\\/05\\\/logotextual1.jpg\",\"width\":516,\"height\":76,\"caption\":\"Diario Textual\"},\"image\":{\"@id\":\"https:\\\/\\\/diariotextual.com\\\/inicio\\\/#\\\/schema\\\/logo\\\/image\\\/\"},\"sameAs\":[\"https:\\\/\\\/www.facebook.com\\\/eltextual\",\"https:\\\/\\\/x.com\\\/eltextual\",\"http:\\\/\\\/www.instagram.com\\\/eltextual\"]},{\"@type\":\"Person\",\"@id\":\"https:\\\/\\\/diariotextual.com\\\/inicio\\\/#\\\/schema\\\/person\\\/418fc4093c33e86ed41562db3508f958\",\"name\":\"Diario1 Diario1\",\"image\":{\"@type\":\"ImageObject\",\"inLanguage\":\"es\",\"@id\":\"https:\\\/\\\/secure.gravatar.com\\\/avatar\\\/9167d280179c85bc18be67aa7eda765854300033af4896dd779b608640f2ef7a?s=96&d=mm&r=g\",\"url\":\"https:\\\/\\\/secure.gravatar.com\\\/avatar\\\/9167d280179c85bc18be67aa7eda765854300033af4896dd779b608640f2ef7a?s=96&d=mm&r=g\",\"contentUrl\":\"https:\\\/\\\/secure.gravatar.com\\\/avatar\\\/9167d280179c85bc18be67aa7eda765854300033af4896dd779b608640f2ef7a?s=96&d=mm&r=g\",\"caption\":\"Diario1 Diario1\"},\"url\":\"https:\\\/\\\/diariotextual.com\\\/inicio\\\/index.php\\\/author\\\/diario1\\\/\"}]}<\/script>\n<!-- \/ Yoast SEO plugin. -->","yoast_head_json":{"title":"El Caso Cecilia y otra explosiva carta de Marcela Acu\u00f1a: \u201cMi hijo fue el responsable\u201d - Diario Textual","robots":{"index":"index","follow":"follow","max-snippet":"max-snippet:-1","max-image-preview":"max-image-preview:large","max-video-preview":"max-video-preview:-1"},"canonical":"https:\/\/diariotextual.com\/inicio\/index.php\/2023\/07\/06\/el-caso-cecilia-y-otra-explosiva-carta-de-marcela-acuna-mi-hijo-fue-el-responsable\/","og_locale":"es_ES","og_type":"article","og_title":"El Caso Cecilia y otra explosiva carta de Marcela Acu\u00f1a: \u201cMi hijo fue el responsable\u201d - Diario Textual","og_description":"Marcela Acu\u00f1a\u00a0asegura estar presa por ser \u201cmam\u00e1\u201d y \u201cpiquetera\u201d. En huelga de hambre desde el 13 de junio, la esposa de\u00a0Emerenciano Sena\u00a0y madre de\u00a0C\u00e9sar Sena, acusado de ser el autor&hellip;","og_url":"https:\/\/diariotextual.com\/inicio\/index.php\/2023\/07\/06\/el-caso-cecilia-y-otra-explosiva-carta-de-marcela-acuna-mi-hijo-fue-el-responsable\/","og_site_name":"Diario Textual","article_publisher":"https:\/\/www.facebook.com\/eltextual","article_published_time":"2023-07-07T00:31:18+00:00","article_modified_time":"2023-07-07T10:07:36+00:00","og_image":[{"width":780,"height":482,"url":"https:\/\/diariotextual.com\/inicio\/wp-content\/uploads\/2023\/07\/casoceciliastrzyzowskisenamarcelaacuna2023-1.jpg","type":"image\/jpeg"}],"author":"Diario1 Diario1","twitter_card":"summary_large_image","twitter_creator":"@eltextual","twitter_site":"@eltextual","twitter_misc":{"Escrito por":"Diario1 Diario1","Tiempo de lectura":"5 minutos"},"schema":{"@context":"https:\/\/schema.org","@graph":[{"@type":"Article","@id":"https:\/\/diariotextual.com\/inicio\/index.php\/2023\/07\/06\/el-caso-cecilia-y-otra-explosiva-carta-de-marcela-acuna-mi-hijo-fue-el-responsable\/#article","isPartOf":{"@id":"https:\/\/diariotextual.com\/inicio\/index.php\/2023\/07\/06\/el-caso-cecilia-y-otra-explosiva-carta-de-marcela-acuna-mi-hijo-fue-el-responsable\/"},"author":{"name":"Diario1 Diario1","@id":"https:\/\/diariotextual.com\/inicio\/#\/schema\/person\/418fc4093c33e86ed41562db3508f958"},"headline":"El Caso Cecilia y otra explosiva carta de Marcela Acu\u00f1a: \u201cMi hijo fue el responsable\u201d","datePublished":"2023-07-07T00:31:18+00:00","dateModified":"2023-07-07T10:07:36+00:00","mainEntityOfPage":{"@id":"https:\/\/diariotextual.com\/inicio\/index.php\/2023\/07\/06\/el-caso-cecilia-y-otra-explosiva-carta-de-marcela-acuna-mi-hijo-fue-el-responsable\/"},"wordCount":1046,"publisher":{"@id":"https:\/\/diariotextual.com\/inicio\/#organization"},"image":{"@id":"https:\/\/diariotextual.com\/inicio\/index.php\/2023\/07\/06\/el-caso-cecilia-y-otra-explosiva-carta-de-marcela-acuna-mi-hijo-fue-el-responsable\/#primaryimage"},"thumbnailUrl":"https:\/\/diariotextual.com\/inicio\/wp-content\/uploads\/2023\/07\/casoceciliastrzyzowskisenamarcelaacuna2023-1.jpg","articleSection":["A - ES NOTICIA (van abajo)","SOCIEDAD"],"inLanguage":"es"},{"@type":"WebPage","@id":"https:\/\/diariotextual.com\/inicio\/index.php\/2023\/07\/06\/el-caso-cecilia-y-otra-explosiva-carta-de-marcela-acuna-mi-hijo-fue-el-responsable\/","url":"https:\/\/diariotextual.com\/inicio\/index.php\/2023\/07\/06\/el-caso-cecilia-y-otra-explosiva-carta-de-marcela-acuna-mi-hijo-fue-el-responsable\/","name":"El Caso Cecilia y otra explosiva carta de Marcela Acu\u00f1a: \u201cMi hijo fue el responsable\u201d - Diario Textual","isPartOf":{"@id":"https:\/\/diariotextual.com\/inicio\/#website"},"primaryImageOfPage":{"@id":"https:\/\/diariotextual.com\/inicio\/index.php\/2023\/07\/06\/el-caso-cecilia-y-otra-explosiva-carta-de-marcela-acuna-mi-hijo-fue-el-responsable\/#primaryimage"},"image":{"@id":"https:\/\/diariotextual.com\/inicio\/index.php\/2023\/07\/06\/el-caso-cecilia-y-otra-explosiva-carta-de-marcela-acuna-mi-hijo-fue-el-responsable\/#primaryimage"},"thumbnailUrl":"https:\/\/diariotextual.com\/inicio\/wp-content\/uploads\/2023\/07\/casoceciliastrzyzowskisenamarcelaacuna2023-1.jpg","datePublished":"2023-07-07T00:31:18+00:00","dateModified":"2023-07-07T10:07:36+00:00","breadcrumb":{"@id":"https:\/\/diariotextual.com\/inicio\/index.php\/2023\/07\/06\/el-caso-cecilia-y-otra-explosiva-carta-de-marcela-acuna-mi-hijo-fue-el-responsable\/#breadcrumb"},"inLanguage":"es","potentialAction":[{"@type":"ReadAction","target":["https:\/\/diariotextual.com\/inicio\/index.php\/2023\/07\/06\/el-caso-cecilia-y-otra-explosiva-carta-de-marcela-acuna-mi-hijo-fue-el-responsable\/"]}]},{"@type":"ImageObject","inLanguage":"es","@id":"https:\/\/diariotextual.com\/inicio\/index.php\/2023\/07\/06\/el-caso-cecilia-y-otra-explosiva-carta-de-marcela-acuna-mi-hijo-fue-el-responsable\/#primaryimage","url":"https:\/\/diariotextual.com\/inicio\/wp-content\/uploads\/2023\/07\/casoceciliastrzyzowskisenamarcelaacuna2023-1.jpg","contentUrl":"https:\/\/diariotextual.com\/inicio\/wp-content\/uploads\/2023\/07\/casoceciliastrzyzowskisenamarcelaacuna2023-1.jpg","width":780,"height":482},{"@type":"BreadcrumbList","@id":"https:\/\/diariotextual.com\/inicio\/index.php\/2023\/07\/06\/el-caso-cecilia-y-otra-explosiva-carta-de-marcela-acuna-mi-hijo-fue-el-responsable\/#breadcrumb","itemListElement":[{"@type":"ListItem","position":1,"name":"Portada","item":"https:\/\/diariotextual.com\/inicio\/"},{"@type":"ListItem","position":2,"name":"El Caso Cecilia y otra explosiva carta de Marcela Acu\u00f1a: \u201cMi hijo fue el responsable\u201d"}]},{"@type":"WebSite","@id":"https:\/\/diariotextual.com\/inicio\/#website","url":"https:\/\/diariotextual.com\/inicio\/","name":"Diario Textual","description":"","publisher":{"@id":"https:\/\/diariotextual.com\/inicio\/#organization"},"potentialAction":[{"@type":"SearchAction","target":{"@type":"EntryPoint","urlTemplate":"https:\/\/diariotextual.com\/inicio\/?s={search_term_string}"},"query-input":{"@type":"PropertyValueSpecification","valueRequired":true,"valueName":"search_term_string"}}],"inLanguage":"es"},{"@type":"Organization","@id":"https:\/\/diariotextual.com\/inicio\/#organization","name":"Diario Textual","url":"https:\/\/diariotextual.com\/inicio\/","logo":{"@type":"ImageObject","inLanguage":"es","@id":"https:\/\/diariotextual.com\/inicio\/#\/schema\/logo\/image\/","url":"https:\/\/diariotextual.com\/inicio\/wp-content\/uploads\/2023\/05\/logotextual1.jpg","contentUrl":"https:\/\/diariotextual.com\/inicio\/wp-content\/uploads\/2023\/05\/logotextual1.jpg","width":516,"height":76,"caption":"Diario Textual"},"image":{"@id":"https:\/\/diariotextual.com\/inicio\/#\/schema\/logo\/image\/"},"sameAs":["https:\/\/www.facebook.com\/eltextual","https:\/\/x.com\/eltextual","http:\/\/www.instagram.com\/eltextual"]},{"@type":"Person","@id":"https:\/\/diariotextual.com\/inicio\/#\/schema\/person\/418fc4093c33e86ed41562db3508f958","name":"Diario1 Diario1","image":{"@type":"ImageObject","inLanguage":"es","@id":"https:\/\/secure.gravatar.com\/avatar\/9167d280179c85bc18be67aa7eda765854300033af4896dd779b608640f2ef7a?s=96&d=mm&r=g","url":"https:\/\/secure.gravatar.com\/avatar\/9167d280179c85bc18be67aa7eda765854300033af4896dd779b608640f2ef7a?s=96&d=mm&r=g","contentUrl":"https:\/\/secure.gravatar.com\/avatar\/9167d280179c85bc18be67aa7eda765854300033af4896dd779b608640f2ef7a?s=96&d=mm&r=g","caption":"Diario1 Diario1"},"url":"https:\/\/diariotextual.com\/inicio\/index.php\/author\/diario1\/"}]}},"_links":{"self":[{"href":"https:\/\/diariotextual.com\/inicio\/index.php\/wp-json\/wp\/v2\/posts\/230449","targetHints":{"allow":["GET"]}}],"collection":[{"href":"https:\/\/diariotextual.com\/inicio\/index.php\/wp-json\/wp\/v2\/posts"}],"about":[{"href":"https:\/\/diariotextual.com\/inicio\/index.php\/wp-json\/wp\/v2\/types\/post"}],"author":[{"embeddable":true,"href":"https:\/\/diariotextual.com\/inicio\/index.php\/wp-json\/wp\/v2\/users\/3"}],"replies":[{"embeddable":true,"href":"https:\/\/diariotextual.com\/inicio\/index.php\/wp-json\/wp\/v2\/comments?post=230449"}],"version-history":[{"count":1,"href":"https:\/\/diariotextual.com\/inicio\/index.php\/wp-json\/wp\/v2\/posts\/230449\/revisions"}],"predecessor-version":[{"id":230450,"href":"https:\/\/diariotextual.com\/inicio\/index.php\/wp-json\/wp\/v2\/posts\/230449\/revisions\/230450"}],"wp:featuredmedia":[{"embeddable":true,"href":"https:\/\/diariotextual.com\/inicio\/index.php\/wp-json\/wp\/v2\/media\/230072"}],"wp:attachment":[{"href":"https:\/\/diariotextual.com\/inicio\/index.php\/wp-json\/wp\/v2\/media?parent=230449"}],"wp:term":[{"taxonomy":"category","embeddable":true,"href":"https:\/\/diariotextual.com\/inicio\/index.php\/wp-json\/wp\/v2\/categories?post=230449"},{"taxonomy":"post_tag","embeddable":true,"href":"https:\/\/diariotextual.com\/inicio\/index.php\/wp-json\/wp\/v2\/tags?post=230449"}],"curies":[{"name":"wp","href":"https:\/\/api.w.org\/{rel}","templated":true}]}}