{"id":230472,"date":"2023-07-07T10:41:05","date_gmt":"2023-07-07T13:41:05","guid":{"rendered":"https:\/\/diariotextual.com\/inicio\/?p=230472"},"modified":"2023-07-07T19:30:30","modified_gmt":"2023-07-07T22:30:30","slug":"hunden-una-nueva-embarcacion-en-el-parque-submarino-de-las-grutas","status":"publish","type":"post","link":"https:\/\/diariotextual.com\/inicio\/index.php\/2023\/07\/07\/hunden-una-nueva-embarcacion-en-el-parque-submarino-de-las-grutas\/","title":{"rendered":"Hunden una nueva embarcaci\u00f3n en el Parque Submarino de Las Grutas"},"content":{"rendered":"\n<p class=\"wp-block-paragraph\">El&nbsp;<strong>Parque Submarino de Las Grutas<\/strong>, ubicado en las profundidades del&nbsp;<strong>Golfo San Mat\u00edas<\/strong>, sumar\u00e1 una quinta embarcaci\u00f3n cuando se realice durante la ma\u00f1ana de este viernes el hundimiento controlado del buque&nbsp;<strong>Magdalena Mar\u00eda II<\/strong>, inform\u00f3 el Ministerio de Turismo y Deporte de la&nbsp;<strong>provincia de R\u00edo Negro<\/strong>.<br><br>El nav\u00edo es el m\u00e1s grande hundido hasta al momento en cuanto a superficie -con&nbsp;<strong>45 metros de largo, 10 de ancho y 5 pisos de alto<\/strong>&#8211; y se suma a otras cuatro antiguas embarcaciones que ya conforman el Parque Submarino.<br><br>Se trata de un espacio en el que colaboran el Ministerio de Turismo y Deportes de la Naci\u00f3n, el Gobierno de R\u00edo Negro y la Asociaci\u00f3n Civil Cota Cero Club de N\u00e1utica y Buceo, surgida en 2018 con el objetivo&nbsp;<strong>aumentar la oferta de los atractivos submarinos naturales con la incorporaci\u00f3n de arrecifes<\/strong>&nbsp;(restingas) artificiales generados a partir de viejos cascos de barcos.<br><br>El barco estuvo amarrado en el Puerto de San Antonio Este a la espera de las condiciones propicias para realizar el procedimiento.<br><br>As\u00ed, se sumar\u00e1 a la flota de embarcaciones hundidas que se encuentran en ese parque, conformada por el Don F\u00e9lix, el Chiarpesca 59, el Mariana Rojamar y el Polarborg I.<\/p>\n\n\n\n<p class=\"wp-block-paragraph\">El hundimiento programado cuenta con la&nbsp;<strong>aprobaci\u00f3n de la Prefectura Naval Argentina<\/strong>, el aval de la secretar\u00eda de Ambiente y Cambio Clim\u00e1tico de la provincia de Buenos Aires, y el asesoramiento de la Universidad del Comahue y el Instituto de Biolog\u00eda Marina Almirante Storni y el apoyo del Municipio de San Antonio Oeste.<br><br>En este sentido, Claudio Barbieri, de la Asociaci\u00f3n Civil Cota Cero, indic\u00f3 que el proceso de desguace \u00abfue largo y tedioso\u00bb, y destac\u00f3 las distintas \u00abevaluaciones de impacto ambiental, normativas y resoluciones\u00bb que tuvieron que atravesar para llegar a esta instancia.<br><br>\u00abEl proceso de hundimiento es otro procedimiento delicado ya que, si no se realiza \u00f3ptimamente, el nav\u00edo puede caer de costado, lo que modificar\u00eda los recorridos y los par\u00e1metros planeados para el crecimiento de los arrecifes, aunque esto no significa ning\u00fan impacto al ambiente marino\u00bb, detall\u00f3.<br><br>De acuerdo con lo previsto, el barco ser\u00e1 ubicado a unos 28 metros de profundidad, en un lugar donde s\u00f3lo hab\u00eda arena antes del hundimiento.<br><br><strong>A los tres meses, se indic\u00f3, la vida marina comienza a colonizar el lugar<\/strong>, con an\u00e9monas, bivalvos, ostras, mejillones, estrellas de mar, besugos, salmones y otras especies que comienzan a elegir los restos de la embarcaci\u00f3n como refugio.<br><br>Asimismo, el nav\u00edo es el \u00faltimo de los que se ubican en el pont\u00f3n flotante del Puerto de San Antonio Este y que designaron para integrar el Parque.<br><br>A diferencia del resto de parques submarinos de Sudam\u00e9rica, el de Las Grutas se caracteriza por ser el \u00fanico en el cual se puede acceder al interior de las embarcaciones hundidas, con entradas y salidas planeadas.<\/p>\n\n\n\n<p class=\"wp-block-paragraph\">\u201cEsto impacta en todo el turismo grutense, ya que aquellos que vienen del exterior s\u00f3lo por el Parque, van a necesitar un lugar donde dormir, donde comer y, al venir de tan lejos, suelen quedarse por varios d\u00edas, por lo que terminan haciendo distintas actividades que ofrece la ciudad\u201d, dijo Barbieri.<br><br>\u201cNosotros ofrecemos todos los cursos necesarios para poder acceder a un atractivo de esta \u00edndole y, aunque el Parque requiere un nivel importante de experiencia en buceo, ofrecemos otras alternativas desde primeras inmersiones hasta cursos avanzados, los cuales se alimentan mucho de los visitantes que llegan curiosos a intentar bucear, por lo que se genera una especie de relaci\u00f3n simbi\u00f3tica con el resto de las actividades tur\u00edsticas grutenses\u201d, sostuvo.<br><br>El parque comienza a unos cinco kil\u00f3metros al sur de la localidad de Las Grutas, frente a las playas de las Piedras Coloradas, y se extiende hasta 10 kil\u00f3metros en direcci\u00f3n sur-sudeste, frente a las playas del Banco Buque, tomando como punto de partida la tercera bajada al mar.<\/p>\n\n\n\n<p class=\"wp-block-paragraph\"><\/p>\n","protected":false},"excerpt":{"rendered":"<p>El&nbsp;Parque Submarino de Las Grutas, ubicado en las profundidades del&nbsp;Golfo San Mat\u00edas, sumar\u00e1 una quinta embarcaci\u00f3n cuando se realice durante la ma\u00f1ana de este viernes el hundimiento controlado del buque&nbsp;Magdalena&hellip;<\/p>\n","protected":false},"author":3,"featured_media":230474,"comment_status":"closed","ping_status":"open","sticky":false,"template":"","format":"standard","meta":{"_acf_changed":false,"footnotes":""},"categories":[1,12],"tags":[],"class_list":["post-230472","post","type-post","status-publish","format-standard","has-post-thumbnail","hentry","category-es-noticia","category-sociedad"],"acf":[],"yoast_head":"<!-- This site is optimized with the Yoast SEO plugin v28.4 - https:\/\/yoast.com\/product\/yoast-seo-wordpress\/ -->\n<title>Hunden una nueva embarcaci\u00f3n en el Parque Submarino de Las Grutas - Diario Textual<\/title>\n<meta name=\"robots\" content=\"index, follow, max-snippet:-1, max-image-preview:large, max-video-preview:-1\" \/>\n<link rel=\"canonical\" href=\"https:\/\/diariotextual.com\/inicio\/index.php\/2023\/07\/07\/hunden-una-nueva-embarcacion-en-el-parque-submarino-de-las-grutas\/\" \/>\n<meta property=\"og:locale\" content=\"es_ES\" \/>\n<meta property=\"og:type\" content=\"article\" \/>\n<meta property=\"og:title\" content=\"Hunden una nueva embarcaci\u00f3n en el Parque Submarino de Las Grutas - Diario Textual\" \/>\n<meta property=\"og:description\" content=\"El&nbsp;Parque Submarino de Las Grutas, ubicado en las profundidades del&nbsp;Golfo San Mat\u00edas, sumar\u00e1 una quinta embarcaci\u00f3n cuando se realice durante la ma\u00f1ana de este viernes el hundimiento controlado del buque&nbsp;Magdalena&hellip;\" \/>\n<meta property=\"og:url\" content=\"https:\/\/diariotextual.com\/inicio\/index.php\/2023\/07\/07\/hunden-una-nueva-embarcacion-en-el-parque-submarino-de-las-grutas\/\" \/>\n<meta property=\"og:site_name\" content=\"Diario Textual\" \/>\n<meta property=\"article:publisher\" content=\"https:\/\/www.facebook.com\/eltextual\" \/>\n<meta property=\"article:published_time\" content=\"2023-07-07T13:41:05+00:00\" \/>\n<meta property=\"article:modified_time\" content=\"2023-07-07T22:30:30+00:00\" \/>\n<meta property=\"og:image\" content=\"https:\/\/diariotextual.com\/inicio\/wp-content\/uploads\/2023\/07\/parquesubmarinolasgrutas2023-1.jpg\" \/>\n\t<meta property=\"og:image:width\" content=\"1100\" \/>\n\t<meta property=\"og:image:height\" content=\"619\" \/>\n\t<meta property=\"og:image:type\" content=\"image\/jpeg\" \/>\n<meta name=\"author\" content=\"Diario1 Diario1\" \/>\n<meta name=\"twitter:card\" content=\"summary_large_image\" \/>\n<meta name=\"twitter:creator\" content=\"@eltextual\" \/>\n<meta name=\"twitter:site\" content=\"@eltextual\" \/>\n<meta name=\"twitter:label1\" content=\"Escrito por\" \/>\n\t<meta name=\"twitter:data1\" content=\"Diario1 Diario1\" \/>\n\t<meta name=\"twitter:label2\" content=\"Tiempo de lectura\" \/>\n\t<meta name=\"twitter:data2\" content=\"3 minutos\" \/>\n<script type=\"application\/ld+json\" class=\"yoast-schema-graph\">{\"@context\":\"https:\\\/\\\/schema.org\",\"@graph\":[{\"@type\":\"Article\",\"@id\":\"https:\\\/\\\/diariotextual.com\\\/inicio\\\/index.php\\\/2023\\\/07\\\/07\\\/hunden-una-nueva-embarcacion-en-el-parque-submarino-de-las-grutas\\\/#article\",\"isPartOf\":{\"@id\":\"https:\\\/\\\/diariotextual.com\\\/inicio\\\/index.php\\\/2023\\\/07\\\/07\\\/hunden-una-nueva-embarcacion-en-el-parque-submarino-de-las-grutas\\\/\"},\"author\":{\"name\":\"Diario1 Diario1\",\"@id\":\"https:\\\/\\\/diariotextual.com\\\/inicio\\\/#\\\/schema\\\/person\\\/418fc4093c33e86ed41562db3508f958\"},\"headline\":\"Hunden una nueva embarcaci\u00f3n en el Parque Submarino de Las Grutas\",\"datePublished\":\"2023-07-07T13:41:05+00:00\",\"dateModified\":\"2023-07-07T22:30:30+00:00\",\"mainEntityOfPage\":{\"@id\":\"https:\\\/\\\/diariotextual.com\\\/inicio\\\/index.php\\\/2023\\\/07\\\/07\\\/hunden-una-nueva-embarcacion-en-el-parque-submarino-de-las-grutas\\\/\"},\"wordCount\":690,\"publisher\":{\"@id\":\"https:\\\/\\\/diariotextual.com\\\/inicio\\\/#organization\"},\"image\":{\"@id\":\"https:\\\/\\\/diariotextual.com\\\/inicio\\\/index.php\\\/2023\\\/07\\\/07\\\/hunden-una-nueva-embarcacion-en-el-parque-submarino-de-las-grutas\\\/#primaryimage\"},\"thumbnailUrl\":\"https:\\\/\\\/diariotextual.com\\\/inicio\\\/wp-content\\\/uploads\\\/2023\\\/07\\\/parquesubmarinolasgrutas2023-1.jpg\",\"articleSection\":[\"A - ES NOTICIA (van abajo)\",\"SOCIEDAD\"],\"inLanguage\":\"es\"},{\"@type\":\"WebPage\",\"@id\":\"https:\\\/\\\/diariotextual.com\\\/inicio\\\/index.php\\\/2023\\\/07\\\/07\\\/hunden-una-nueva-embarcacion-en-el-parque-submarino-de-las-grutas\\\/\",\"url\":\"https:\\\/\\\/diariotextual.com\\\/inicio\\\/index.php\\\/2023\\\/07\\\/07\\\/hunden-una-nueva-embarcacion-en-el-parque-submarino-de-las-grutas\\\/\",\"name\":\"Hunden una nueva embarcaci\u00f3n en el Parque Submarino de Las Grutas - Diario Textual\",\"isPartOf\":{\"@id\":\"https:\\\/\\\/diariotextual.com\\\/inicio\\\/#website\"},\"primaryImageOfPage\":{\"@id\":\"https:\\\/\\\/diariotextual.com\\\/inicio\\\/index.php\\\/2023\\\/07\\\/07\\\/hunden-una-nueva-embarcacion-en-el-parque-submarino-de-las-grutas\\\/#primaryimage\"},\"image\":{\"@id\":\"https:\\\/\\\/diariotextual.com\\\/inicio\\\/index.php\\\/2023\\\/07\\\/07\\\/hunden-una-nueva-embarcacion-en-el-parque-submarino-de-las-grutas\\\/#primaryimage\"},\"thumbnailUrl\":\"https:\\\/\\\/diariotextual.com\\\/inicio\\\/wp-content\\\/uploads\\\/2023\\\/07\\\/parquesubmarinolasgrutas2023-1.jpg\",\"datePublished\":\"2023-07-07T13:41:05+00:00\",\"dateModified\":\"2023-07-07T22:30:30+00:00\",\"breadcrumb\":{\"@id\":\"https:\\\/\\\/diariotextual.com\\\/inicio\\\/index.php\\\/2023\\\/07\\\/07\\\/hunden-una-nueva-embarcacion-en-el-parque-submarino-de-las-grutas\\\/#breadcrumb\"},\"inLanguage\":\"es\",\"potentialAction\":[{\"@type\":\"ReadAction\",\"target\":[\"https:\\\/\\\/diariotextual.com\\\/inicio\\\/index.php\\\/2023\\\/07\\\/07\\\/hunden-una-nueva-embarcacion-en-el-parque-submarino-de-las-grutas\\\/\"]}]},{\"@type\":\"ImageObject\",\"inLanguage\":\"es\",\"@id\":\"https:\\\/\\\/diariotextual.com\\\/inicio\\\/index.php\\\/2023\\\/07\\\/07\\\/hunden-una-nueva-embarcacion-en-el-parque-submarino-de-las-grutas\\\/#primaryimage\",\"url\":\"https:\\\/\\\/diariotextual.com\\\/inicio\\\/wp-content\\\/uploads\\\/2023\\\/07\\\/parquesubmarinolasgrutas2023-1.jpg\",\"contentUrl\":\"https:\\\/\\\/diariotextual.com\\\/inicio\\\/wp-content\\\/uploads\\\/2023\\\/07\\\/parquesubmarinolasgrutas2023-1.jpg\",\"width\":1100,\"height\":619},{\"@type\":\"BreadcrumbList\",\"@id\":\"https:\\\/\\\/diariotextual.com\\\/inicio\\\/index.php\\\/2023\\\/07\\\/07\\\/hunden-una-nueva-embarcacion-en-el-parque-submarino-de-las-grutas\\\/#breadcrumb\",\"itemListElement\":[{\"@type\":\"ListItem\",\"position\":1,\"name\":\"Portada\",\"item\":\"https:\\\/\\\/diariotextual.com\\\/inicio\\\/\"},{\"@type\":\"ListItem\",\"position\":2,\"name\":\"Hunden una nueva embarcaci\u00f3n en el Parque Submarino de Las Grutas\"}]},{\"@type\":\"WebSite\",\"@id\":\"https:\\\/\\\/diariotextual.com\\\/inicio\\\/#website\",\"url\":\"https:\\\/\\\/diariotextual.com\\\/inicio\\\/\",\"name\":\"Diario Textual\",\"description\":\"\",\"publisher\":{\"@id\":\"https:\\\/\\\/diariotextual.com\\\/inicio\\\/#organization\"},\"potentialAction\":[{\"@type\":\"SearchAction\",\"target\":{\"@type\":\"EntryPoint\",\"urlTemplate\":\"https:\\\/\\\/diariotextual.com\\\/inicio\\\/?s={search_term_string}\"},\"query-input\":{\"@type\":\"PropertyValueSpecification\",\"valueRequired\":true,\"valueName\":\"search_term_string\"}}],\"inLanguage\":\"es\"},{\"@type\":\"Organization\",\"@id\":\"https:\\\/\\\/diariotextual.com\\\/inicio\\\/#organization\",\"name\":\"Diario Textual\",\"url\":\"https:\\\/\\\/diariotextual.com\\\/inicio\\\/\",\"logo\":{\"@type\":\"ImageObject\",\"inLanguage\":\"es\",\"@id\":\"https:\\\/\\\/diariotextual.com\\\/inicio\\\/#\\\/schema\\\/logo\\\/image\\\/\",\"url\":\"https:\\\/\\\/diariotextual.com\\\/inicio\\\/wp-content\\\/uploads\\\/2023\\\/05\\\/logotextual1.jpg\",\"contentUrl\":\"https:\\\/\\\/diariotextual.com\\\/inicio\\\/wp-content\\\/uploads\\\/2023\\\/05\\\/logotextual1.jpg\",\"width\":516,\"height\":76,\"caption\":\"Diario Textual\"},\"image\":{\"@id\":\"https:\\\/\\\/diariotextual.com\\\/inicio\\\/#\\\/schema\\\/logo\\\/image\\\/\"},\"sameAs\":[\"https:\\\/\\\/www.facebook.com\\\/eltextual\",\"https:\\\/\\\/x.com\\\/eltextual\",\"http:\\\/\\\/www.instagram.com\\\/eltextual\"]},{\"@type\":\"Person\",\"@id\":\"https:\\\/\\\/diariotextual.com\\\/inicio\\\/#\\\/schema\\\/person\\\/418fc4093c33e86ed41562db3508f958\",\"name\":\"Diario1 Diario1\",\"image\":{\"@type\":\"ImageObject\",\"inLanguage\":\"es\",\"@id\":\"https:\\\/\\\/secure.gravatar.com\\\/avatar\\\/9167d280179c85bc18be67aa7eda765854300033af4896dd779b608640f2ef7a?s=96&d=mm&r=g\",\"url\":\"https:\\\/\\\/secure.gravatar.com\\\/avatar\\\/9167d280179c85bc18be67aa7eda765854300033af4896dd779b608640f2ef7a?s=96&d=mm&r=g\",\"contentUrl\":\"https:\\\/\\\/secure.gravatar.com\\\/avatar\\\/9167d280179c85bc18be67aa7eda765854300033af4896dd779b608640f2ef7a?s=96&d=mm&r=g\",\"caption\":\"Diario1 Diario1\"},\"url\":\"https:\\\/\\\/diariotextual.com\\\/inicio\\\/index.php\\\/author\\\/diario1\\\/\"}]}<\/script>\n<!-- \/ Yoast SEO plugin. -->","yoast_head_json":{"title":"Hunden una nueva embarcaci\u00f3n en el Parque Submarino de Las Grutas - Diario Textual","robots":{"index":"index","follow":"follow","max-snippet":"max-snippet:-1","max-image-preview":"max-image-preview:large","max-video-preview":"max-video-preview:-1"},"canonical":"https:\/\/diariotextual.com\/inicio\/index.php\/2023\/07\/07\/hunden-una-nueva-embarcacion-en-el-parque-submarino-de-las-grutas\/","og_locale":"es_ES","og_type":"article","og_title":"Hunden una nueva embarcaci\u00f3n en el Parque Submarino de Las Grutas - Diario Textual","og_description":"El&nbsp;Parque Submarino de Las Grutas, ubicado en las profundidades del&nbsp;Golfo San Mat\u00edas, sumar\u00e1 una quinta embarcaci\u00f3n cuando se realice durante la ma\u00f1ana de este viernes el hundimiento controlado del buque&nbsp;Magdalena&hellip;","og_url":"https:\/\/diariotextual.com\/inicio\/index.php\/2023\/07\/07\/hunden-una-nueva-embarcacion-en-el-parque-submarino-de-las-grutas\/","og_site_name":"Diario Textual","article_publisher":"https:\/\/www.facebook.com\/eltextual","article_published_time":"2023-07-07T13:41:05+00:00","article_modified_time":"2023-07-07T22:30:30+00:00","og_image":[{"width":1100,"height":619,"url":"https:\/\/diariotextual.com\/inicio\/wp-content\/uploads\/2023\/07\/parquesubmarinolasgrutas2023-1.jpg","type":"image\/jpeg"}],"author":"Diario1 Diario1","twitter_card":"summary_large_image","twitter_creator":"@eltextual","twitter_site":"@eltextual","twitter_misc":{"Escrito por":"Diario1 Diario1","Tiempo de lectura":"3 minutos"},"schema":{"@context":"https:\/\/schema.org","@graph":[{"@type":"Article","@id":"https:\/\/diariotextual.com\/inicio\/index.php\/2023\/07\/07\/hunden-una-nueva-embarcacion-en-el-parque-submarino-de-las-grutas\/#article","isPartOf":{"@id":"https:\/\/diariotextual.com\/inicio\/index.php\/2023\/07\/07\/hunden-una-nueva-embarcacion-en-el-parque-submarino-de-las-grutas\/"},"author":{"name":"Diario1 Diario1","@id":"https:\/\/diariotextual.com\/inicio\/#\/schema\/person\/418fc4093c33e86ed41562db3508f958"},"headline":"Hunden una nueva embarcaci\u00f3n en el Parque Submarino de Las Grutas","datePublished":"2023-07-07T13:41:05+00:00","dateModified":"2023-07-07T22:30:30+00:00","mainEntityOfPage":{"@id":"https:\/\/diariotextual.com\/inicio\/index.php\/2023\/07\/07\/hunden-una-nueva-embarcacion-en-el-parque-submarino-de-las-grutas\/"},"wordCount":690,"publisher":{"@id":"https:\/\/diariotextual.com\/inicio\/#organization"},"image":{"@id":"https:\/\/diariotextual.com\/inicio\/index.php\/2023\/07\/07\/hunden-una-nueva-embarcacion-en-el-parque-submarino-de-las-grutas\/#primaryimage"},"thumbnailUrl":"https:\/\/diariotextual.com\/inicio\/wp-content\/uploads\/2023\/07\/parquesubmarinolasgrutas2023-1.jpg","articleSection":["A - ES NOTICIA (van abajo)","SOCIEDAD"],"inLanguage":"es"},{"@type":"WebPage","@id":"https:\/\/diariotextual.com\/inicio\/index.php\/2023\/07\/07\/hunden-una-nueva-embarcacion-en-el-parque-submarino-de-las-grutas\/","url":"https:\/\/diariotextual.com\/inicio\/index.php\/2023\/07\/07\/hunden-una-nueva-embarcacion-en-el-parque-submarino-de-las-grutas\/","name":"Hunden una nueva embarcaci\u00f3n en el Parque Submarino de Las Grutas - Diario Textual","isPartOf":{"@id":"https:\/\/diariotextual.com\/inicio\/#website"},"primaryImageOfPage":{"@id":"https:\/\/diariotextual.com\/inicio\/index.php\/2023\/07\/07\/hunden-una-nueva-embarcacion-en-el-parque-submarino-de-las-grutas\/#primaryimage"},"image":{"@id":"https:\/\/diariotextual.com\/inicio\/index.php\/2023\/07\/07\/hunden-una-nueva-embarcacion-en-el-parque-submarino-de-las-grutas\/#primaryimage"},"thumbnailUrl":"https:\/\/diariotextual.com\/inicio\/wp-content\/uploads\/2023\/07\/parquesubmarinolasgrutas2023-1.jpg","datePublished":"2023-07-07T13:41:05+00:00","dateModified":"2023-07-07T22:30:30+00:00","breadcrumb":{"@id":"https:\/\/diariotextual.com\/inicio\/index.php\/2023\/07\/07\/hunden-una-nueva-embarcacion-en-el-parque-submarino-de-las-grutas\/#breadcrumb"},"inLanguage":"es","potentialAction":[{"@type":"ReadAction","target":["https:\/\/diariotextual.com\/inicio\/index.php\/2023\/07\/07\/hunden-una-nueva-embarcacion-en-el-parque-submarino-de-las-grutas\/"]}]},{"@type":"ImageObject","inLanguage":"es","@id":"https:\/\/diariotextual.com\/inicio\/index.php\/2023\/07\/07\/hunden-una-nueva-embarcacion-en-el-parque-submarino-de-las-grutas\/#primaryimage","url":"https:\/\/diariotextual.com\/inicio\/wp-content\/uploads\/2023\/07\/parquesubmarinolasgrutas2023-1.jpg","contentUrl":"https:\/\/diariotextual.com\/inicio\/wp-content\/uploads\/2023\/07\/parquesubmarinolasgrutas2023-1.jpg","width":1100,"height":619},{"@type":"BreadcrumbList","@id":"https:\/\/diariotextual.com\/inicio\/index.php\/2023\/07\/07\/hunden-una-nueva-embarcacion-en-el-parque-submarino-de-las-grutas\/#breadcrumb","itemListElement":[{"@type":"ListItem","position":1,"name":"Portada","item":"https:\/\/diariotextual.com\/inicio\/"},{"@type":"ListItem","position":2,"name":"Hunden una nueva embarcaci\u00f3n en el Parque Submarino de Las Grutas"}]},{"@type":"WebSite","@id":"https:\/\/diariotextual.com\/inicio\/#website","url":"https:\/\/diariotextual.com\/inicio\/","name":"Diario Textual","description":"","publisher":{"@id":"https:\/\/diariotextual.com\/inicio\/#organization"},"potentialAction":[{"@type":"SearchAction","target":{"@type":"EntryPoint","urlTemplate":"https:\/\/diariotextual.com\/inicio\/?s={search_term_string}"},"query-input":{"@type":"PropertyValueSpecification","valueRequired":true,"valueName":"search_term_string"}}],"inLanguage":"es"},{"@type":"Organization","@id":"https:\/\/diariotextual.com\/inicio\/#organization","name":"Diario Textual","url":"https:\/\/diariotextual.com\/inicio\/","logo":{"@type":"ImageObject","inLanguage":"es","@id":"https:\/\/diariotextual.com\/inicio\/#\/schema\/logo\/image\/","url":"https:\/\/diariotextual.com\/inicio\/wp-content\/uploads\/2023\/05\/logotextual1.jpg","contentUrl":"https:\/\/diariotextual.com\/inicio\/wp-content\/uploads\/2023\/05\/logotextual1.jpg","width":516,"height":76,"caption":"Diario Textual"},"image":{"@id":"https:\/\/diariotextual.com\/inicio\/#\/schema\/logo\/image\/"},"sameAs":["https:\/\/www.facebook.com\/eltextual","https:\/\/x.com\/eltextual","http:\/\/www.instagram.com\/eltextual"]},{"@type":"Person","@id":"https:\/\/diariotextual.com\/inicio\/#\/schema\/person\/418fc4093c33e86ed41562db3508f958","name":"Diario1 Diario1","image":{"@type":"ImageObject","inLanguage":"es","@id":"https:\/\/secure.gravatar.com\/avatar\/9167d280179c85bc18be67aa7eda765854300033af4896dd779b608640f2ef7a?s=96&d=mm&r=g","url":"https:\/\/secure.gravatar.com\/avatar\/9167d280179c85bc18be67aa7eda765854300033af4896dd779b608640f2ef7a?s=96&d=mm&r=g","contentUrl":"https:\/\/secure.gravatar.com\/avatar\/9167d280179c85bc18be67aa7eda765854300033af4896dd779b608640f2ef7a?s=96&d=mm&r=g","caption":"Diario1 Diario1"},"url":"https:\/\/diariotextual.com\/inicio\/index.php\/author\/diario1\/"}]}},"_links":{"self":[{"href":"https:\/\/diariotextual.com\/inicio\/index.php\/wp-json\/wp\/v2\/posts\/230472","targetHints":{"allow":["GET"]}}],"collection":[{"href":"https:\/\/diariotextual.com\/inicio\/index.php\/wp-json\/wp\/v2\/posts"}],"about":[{"href":"https:\/\/diariotextual.com\/inicio\/index.php\/wp-json\/wp\/v2\/types\/post"}],"author":[{"embeddable":true,"href":"https:\/\/diariotextual.com\/inicio\/index.php\/wp-json\/wp\/v2\/users\/3"}],"replies":[{"embeddable":true,"href":"https:\/\/diariotextual.com\/inicio\/index.php\/wp-json\/wp\/v2\/comments?post=230472"}],"version-history":[{"count":1,"href":"https:\/\/diariotextual.com\/inicio\/index.php\/wp-json\/wp\/v2\/posts\/230472\/revisions"}],"predecessor-version":[{"id":230473,"href":"https:\/\/diariotextual.com\/inicio\/index.php\/wp-json\/wp\/v2\/posts\/230472\/revisions\/230473"}],"wp:featuredmedia":[{"embeddable":true,"href":"https:\/\/diariotextual.com\/inicio\/index.php\/wp-json\/wp\/v2\/media\/230474"}],"wp:attachment":[{"href":"https:\/\/diariotextual.com\/inicio\/index.php\/wp-json\/wp\/v2\/media?parent=230472"}],"wp:term":[{"taxonomy":"category","embeddable":true,"href":"https:\/\/diariotextual.com\/inicio\/index.php\/wp-json\/wp\/v2\/categories?post=230472"},{"taxonomy":"post_tag","embeddable":true,"href":"https:\/\/diariotextual.com\/inicio\/index.php\/wp-json\/wp\/v2\/tags?post=230472"}],"curies":[{"name":"wp","href":"https:\/\/api.w.org\/{rel}","templated":true}]}}