{"id":230482,"date":"2023-07-07T15:46:14","date_gmt":"2023-07-07T18:46:14","guid":{"rendered":"https:\/\/diariotextual.com\/inicio\/?p=230482"},"modified":"2023-07-07T15:47:27","modified_gmt":"2023-07-07T18:47:27","slug":"las-ofertas-de-este-sabado-del-mercado-municipal","status":"publish","type":"post","link":"https:\/\/diariotextual.com\/inicio\/index.php\/2023\/07\/07\/las-ofertas-de-este-sabado-del-mercado-municipal\/","title":{"rendered":"Las ofertas de este s\u00e1bado del Mercado Municipal"},"content":{"rendered":"\n<p class=\"wp-block-paragraph\">La Municipalidad de Santa Rosa, a trav\u00e9s de la Secretar\u00eda de Desarrollo Econ\u00f3mico, inform\u00f3 que el Mercado Municipal abrir\u00e1 este s\u00e1bado 8 de julio de 9 a 13.30 horas en el predio de la Ruta Nacional N\u00ba 35, frente al aeropuerto de la ciudad.<\/p>\n\n\n\n<p class=\"wp-block-paragraph\">Como es habitual, las familias santarrose\u00f1as podr\u00e1n acceder a precios competitivos en productos c\u00e1rnicos, frutas, verduras, panificados y art\u00edculos de limpieza, entre otros.<\/p>\n\n\n\n<p class=\"wp-block-paragraph\">Se recuerda que las l\u00edneas 4 y 7 del Ente Municipal de Transporte Urbano de Pasajeros (EMTU), se encontrar\u00e1n disponibles con llegada al Mercado.<\/p>\n\n\n\n<p class=\"wp-block-paragraph\">Ofertas disponibles para este fin de semana:<\/p>\n\n\n\n<p class=\"wp-block-paragraph\">Frutas y verduras:<br>Papa $300<br>Cebolla $150<br>Zanahoria $216<br>Acelga $150<br>Zapallo anco $150<br>Zapallo cabutia $200<br>Morr\u00f3n Verde $488<br>Pera $300<br>Mandarina $300<br>Naranja $250<br>Manzana $420<br>Banana $ 350<br>Lim\u00f3n $150<\/p>\n\n\n\n<p class=\"wp-block-paragraph\">Cerdo:<br>Banderita x kg $850<br>Pechito de cerdo x kg $1200<br>Milanesas x 3kg $3300<br>Hamburguesas x 3kg $3300<br>Medallones x 3kg $3300<br>Picada x 2kg $2400<\/p>\n\n\n\n<p class=\"wp-block-paragraph\">Pollo:<br>Pollo kg $490<br>Filet de pechuga x 3kg $3500<br>Milanesas x 2kg $2900<br>Muslo x 3kg $1800<\/p>\n\n\n\n<p class=\"wp-block-paragraph\">Carne:<br>Picada $1390<br>Asado especial $390<br>Vacio $1790<br>Matambre $1590<br>Nalga Vac. $1390<br>Paleta Vac. $ 1290<br>Lanar $690<\/p>\n\n\n\n<p class=\"wp-block-paragraph\">Otras:<br>Pan x kg $390<br>Huevos x Maple $1500<br>Queso cremoso x kg $1550<br>Miel Organica x kg $990<br>Arroz $210<br>Lentejas $230<br>Arvejas $160<\/p>\n\n\n\n<p class=\"wp-block-paragraph\">Combo pastas frescas x $2500<br>1\/2 kg Tallarines<br>1\/2 kg \u00d1oquis<br>1 caja de Ravioles<\/p>\n\n\n\n<p class=\"wp-block-paragraph\">Combo Art. de Limpieza x $3500<br>jab\u00f3n liquido p\/ ropa x 5 lt<br>desodorante de piso x 5 lt<br>lavandina x 5 lt<br>detergente x 5lt<\/p>\n","protected":false},"excerpt":{"rendered":"<p>La Municipalidad de Santa Rosa, a trav\u00e9s de la Secretar\u00eda de Desarrollo Econ\u00f3mico, inform\u00f3 que el Mercado Municipal abrir\u00e1 este s\u00e1bado 8 de julio de 9 a 13.30 horas en&hellip;<\/p>\n","protected":false},"author":3,"featured_media":227359,"comment_status":"closed","ping_status":"open","sticky":false,"template":"","format":"standard","meta":{"_acf_changed":false,"footnotes":""},"categories":[1,12],"tags":[],"class_list":["post-230482","post","type-post","status-publish","format-standard","has-post-thumbnail","hentry","category-es-noticia","category-sociedad"],"acf":[],"yoast_head":"<!-- This site is optimized with the Yoast SEO plugin v28.4 - https:\/\/yoast.com\/product\/yoast-seo-wordpress\/ -->\n<title>Las ofertas de este s\u00e1bado del Mercado Municipal - Diario Textual<\/title>\n<meta name=\"robots\" content=\"index, follow, max-snippet:-1, max-image-preview:large, max-video-preview:-1\" \/>\n<link rel=\"canonical\" href=\"https:\/\/diariotextual.com\/inicio\/index.php\/2023\/07\/07\/las-ofertas-de-este-sabado-del-mercado-municipal\/\" \/>\n<meta property=\"og:locale\" content=\"es_ES\" \/>\n<meta property=\"og:type\" content=\"article\" \/>\n<meta property=\"og:title\" content=\"Las ofertas de este s\u00e1bado del Mercado Municipal - Diario Textual\" \/>\n<meta property=\"og:description\" content=\"La Municipalidad de Santa Rosa, a trav\u00e9s de la Secretar\u00eda de Desarrollo Econ\u00f3mico, inform\u00f3 que el Mercado Municipal abrir\u00e1 este s\u00e1bado 8 de julio de 9 a 13.30 horas en&hellip;\" \/>\n<meta property=\"og:url\" content=\"https:\/\/diariotextual.com\/inicio\/index.php\/2023\/07\/07\/las-ofertas-de-este-sabado-del-mercado-municipal\/\" \/>\n<meta property=\"og:site_name\" content=\"Diario Textual\" \/>\n<meta property=\"article:publisher\" content=\"https:\/\/www.facebook.com\/eltextual\" \/>\n<meta property=\"article:published_time\" content=\"2023-07-07T18:46:14+00:00\" \/>\n<meta property=\"article:modified_time\" content=\"2023-07-07T18:47:27+00:00\" \/>\n<meta property=\"og:image\" content=\"https:\/\/diariotextual.com\/inicio\/wp-content\/uploads\/2023\/06\/mercadomunicipaljunio2023.jpg\" \/>\n\t<meta property=\"og:image:width\" content=\"900\" \/>\n\t<meta property=\"og:image:height\" content=\"481\" \/>\n\t<meta property=\"og:image:type\" content=\"image\/jpeg\" \/>\n<meta name=\"author\" content=\"Diario1 Diario1\" \/>\n<meta name=\"twitter:card\" content=\"summary_large_image\" \/>\n<meta name=\"twitter:creator\" content=\"@eltextual\" \/>\n<meta name=\"twitter:site\" content=\"@eltextual\" \/>\n<meta name=\"twitter:label1\" content=\"Escrito por\" \/>\n\t<meta name=\"twitter:data1\" content=\"Diario1 Diario1\" \/>\n\t<meta name=\"twitter:label2\" content=\"Tiempo de lectura\" \/>\n\t<meta name=\"twitter:data2\" content=\"2 minutos\" \/>\n<script type=\"application\/ld+json\" class=\"yoast-schema-graph\">{\"@context\":\"https:\\\/\\\/schema.org\",\"@graph\":[{\"@type\":\"Article\",\"@id\":\"https:\\\/\\\/diariotextual.com\\\/inicio\\\/index.php\\\/2023\\\/07\\\/07\\\/las-ofertas-de-este-sabado-del-mercado-municipal\\\/#article\",\"isPartOf\":{\"@id\":\"https:\\\/\\\/diariotextual.com\\\/inicio\\\/index.php\\\/2023\\\/07\\\/07\\\/las-ofertas-de-este-sabado-del-mercado-municipal\\\/\"},\"author\":{\"name\":\"Diario1 Diario1\",\"@id\":\"https:\\\/\\\/diariotextual.com\\\/inicio\\\/#\\\/schema\\\/person\\\/418fc4093c33e86ed41562db3508f958\"},\"headline\":\"Las ofertas de este s\u00e1bado del Mercado Municipal\",\"datePublished\":\"2023-07-07T18:46:14+00:00\",\"dateModified\":\"2023-07-07T18:47:27+00:00\",\"mainEntityOfPage\":{\"@id\":\"https:\\\/\\\/diariotextual.com\\\/inicio\\\/index.php\\\/2023\\\/07\\\/07\\\/las-ofertas-de-este-sabado-del-mercado-municipal\\\/\"},\"wordCount\":227,\"publisher\":{\"@id\":\"https:\\\/\\\/diariotextual.com\\\/inicio\\\/#organization\"},\"image\":{\"@id\":\"https:\\\/\\\/diariotextual.com\\\/inicio\\\/index.php\\\/2023\\\/07\\\/07\\\/las-ofertas-de-este-sabado-del-mercado-municipal\\\/#primaryimage\"},\"thumbnailUrl\":\"https:\\\/\\\/diariotextual.com\\\/inicio\\\/wp-content\\\/uploads\\\/2023\\\/06\\\/mercadomunicipaljunio2023.jpg\",\"articleSection\":[\"A - ES NOTICIA (van abajo)\",\"SOCIEDAD\"],\"inLanguage\":\"es\"},{\"@type\":\"WebPage\",\"@id\":\"https:\\\/\\\/diariotextual.com\\\/inicio\\\/index.php\\\/2023\\\/07\\\/07\\\/las-ofertas-de-este-sabado-del-mercado-municipal\\\/\",\"url\":\"https:\\\/\\\/diariotextual.com\\\/inicio\\\/index.php\\\/2023\\\/07\\\/07\\\/las-ofertas-de-este-sabado-del-mercado-municipal\\\/\",\"name\":\"Las ofertas de este s\u00e1bado del Mercado Municipal - Diario Textual\",\"isPartOf\":{\"@id\":\"https:\\\/\\\/diariotextual.com\\\/inicio\\\/#website\"},\"primaryImageOfPage\":{\"@id\":\"https:\\\/\\\/diariotextual.com\\\/inicio\\\/index.php\\\/2023\\\/07\\\/07\\\/las-ofertas-de-este-sabado-del-mercado-municipal\\\/#primaryimage\"},\"image\":{\"@id\":\"https:\\\/\\\/diariotextual.com\\\/inicio\\\/index.php\\\/2023\\\/07\\\/07\\\/las-ofertas-de-este-sabado-del-mercado-municipal\\\/#primaryimage\"},\"thumbnailUrl\":\"https:\\\/\\\/diariotextual.com\\\/inicio\\\/wp-content\\\/uploads\\\/2023\\\/06\\\/mercadomunicipaljunio2023.jpg\",\"datePublished\":\"2023-07-07T18:46:14+00:00\",\"dateModified\":\"2023-07-07T18:47:27+00:00\",\"breadcrumb\":{\"@id\":\"https:\\\/\\\/diariotextual.com\\\/inicio\\\/index.php\\\/2023\\\/07\\\/07\\\/las-ofertas-de-este-sabado-del-mercado-municipal\\\/#breadcrumb\"},\"inLanguage\":\"es\",\"potentialAction\":[{\"@type\":\"ReadAction\",\"target\":[\"https:\\\/\\\/diariotextual.com\\\/inicio\\\/index.php\\\/2023\\\/07\\\/07\\\/las-ofertas-de-este-sabado-del-mercado-municipal\\\/\"]}]},{\"@type\":\"ImageObject\",\"inLanguage\":\"es\",\"@id\":\"https:\\\/\\\/diariotextual.com\\\/inicio\\\/index.php\\\/2023\\\/07\\\/07\\\/las-ofertas-de-este-sabado-del-mercado-municipal\\\/#primaryimage\",\"url\":\"https:\\\/\\\/diariotextual.com\\\/inicio\\\/wp-content\\\/uploads\\\/2023\\\/06\\\/mercadomunicipaljunio2023.jpg\",\"contentUrl\":\"https:\\\/\\\/diariotextual.com\\\/inicio\\\/wp-content\\\/uploads\\\/2023\\\/06\\\/mercadomunicipaljunio2023.jpg\",\"width\":900,\"height\":481},{\"@type\":\"BreadcrumbList\",\"@id\":\"https:\\\/\\\/diariotextual.com\\\/inicio\\\/index.php\\\/2023\\\/07\\\/07\\\/las-ofertas-de-este-sabado-del-mercado-municipal\\\/#breadcrumb\",\"itemListElement\":[{\"@type\":\"ListItem\",\"position\":1,\"name\":\"Portada\",\"item\":\"https:\\\/\\\/diariotextual.com\\\/inicio\\\/\"},{\"@type\":\"ListItem\",\"position\":2,\"name\":\"Las ofertas de este s\u00e1bado del Mercado Municipal\"}]},{\"@type\":\"WebSite\",\"@id\":\"https:\\\/\\\/diariotextual.com\\\/inicio\\\/#website\",\"url\":\"https:\\\/\\\/diariotextual.com\\\/inicio\\\/\",\"name\":\"Diario Textual\",\"description\":\"\",\"publisher\":{\"@id\":\"https:\\\/\\\/diariotextual.com\\\/inicio\\\/#organization\"},\"potentialAction\":[{\"@type\":\"SearchAction\",\"target\":{\"@type\":\"EntryPoint\",\"urlTemplate\":\"https:\\\/\\\/diariotextual.com\\\/inicio\\\/?s={search_term_string}\"},\"query-input\":{\"@type\":\"PropertyValueSpecification\",\"valueRequired\":true,\"valueName\":\"search_term_string\"}}],\"inLanguage\":\"es\"},{\"@type\":\"Organization\",\"@id\":\"https:\\\/\\\/diariotextual.com\\\/inicio\\\/#organization\",\"name\":\"Diario Textual\",\"url\":\"https:\\\/\\\/diariotextual.com\\\/inicio\\\/\",\"logo\":{\"@type\":\"ImageObject\",\"inLanguage\":\"es\",\"@id\":\"https:\\\/\\\/diariotextual.com\\\/inicio\\\/#\\\/schema\\\/logo\\\/image\\\/\",\"url\":\"https:\\\/\\\/diariotextual.com\\\/inicio\\\/wp-content\\\/uploads\\\/2023\\\/05\\\/logotextual1.jpg\",\"contentUrl\":\"https:\\\/\\\/diariotextual.com\\\/inicio\\\/wp-content\\\/uploads\\\/2023\\\/05\\\/logotextual1.jpg\",\"width\":516,\"height\":76,\"caption\":\"Diario Textual\"},\"image\":{\"@id\":\"https:\\\/\\\/diariotextual.com\\\/inicio\\\/#\\\/schema\\\/logo\\\/image\\\/\"},\"sameAs\":[\"https:\\\/\\\/www.facebook.com\\\/eltextual\",\"https:\\\/\\\/x.com\\\/eltextual\",\"http:\\\/\\\/www.instagram.com\\\/eltextual\"]},{\"@type\":\"Person\",\"@id\":\"https:\\\/\\\/diariotextual.com\\\/inicio\\\/#\\\/schema\\\/person\\\/418fc4093c33e86ed41562db3508f958\",\"name\":\"Diario1 Diario1\",\"image\":{\"@type\":\"ImageObject\",\"inLanguage\":\"es\",\"@id\":\"https:\\\/\\\/secure.gravatar.com\\\/avatar\\\/9167d280179c85bc18be67aa7eda765854300033af4896dd779b608640f2ef7a?s=96&d=mm&r=g\",\"url\":\"https:\\\/\\\/secure.gravatar.com\\\/avatar\\\/9167d280179c85bc18be67aa7eda765854300033af4896dd779b608640f2ef7a?s=96&d=mm&r=g\",\"contentUrl\":\"https:\\\/\\\/secure.gravatar.com\\\/avatar\\\/9167d280179c85bc18be67aa7eda765854300033af4896dd779b608640f2ef7a?s=96&d=mm&r=g\",\"caption\":\"Diario1 Diario1\"},\"url\":\"https:\\\/\\\/diariotextual.com\\\/inicio\\\/index.php\\\/author\\\/diario1\\\/\"}]}<\/script>\n<!-- \/ Yoast SEO plugin. -->","yoast_head_json":{"title":"Las ofertas de este s\u00e1bado del Mercado Municipal - Diario Textual","robots":{"index":"index","follow":"follow","max-snippet":"max-snippet:-1","max-image-preview":"max-image-preview:large","max-video-preview":"max-video-preview:-1"},"canonical":"https:\/\/diariotextual.com\/inicio\/index.php\/2023\/07\/07\/las-ofertas-de-este-sabado-del-mercado-municipal\/","og_locale":"es_ES","og_type":"article","og_title":"Las ofertas de este s\u00e1bado del Mercado Municipal - Diario Textual","og_description":"La Municipalidad de Santa Rosa, a trav\u00e9s de la Secretar\u00eda de Desarrollo Econ\u00f3mico, inform\u00f3 que el Mercado Municipal abrir\u00e1 este s\u00e1bado 8 de julio de 9 a 13.30 horas en&hellip;","og_url":"https:\/\/diariotextual.com\/inicio\/index.php\/2023\/07\/07\/las-ofertas-de-este-sabado-del-mercado-municipal\/","og_site_name":"Diario Textual","article_publisher":"https:\/\/www.facebook.com\/eltextual","article_published_time":"2023-07-07T18:46:14+00:00","article_modified_time":"2023-07-07T18:47:27+00:00","og_image":[{"width":900,"height":481,"url":"https:\/\/diariotextual.com\/inicio\/wp-content\/uploads\/2023\/06\/mercadomunicipaljunio2023.jpg","type":"image\/jpeg"}],"author":"Diario1 Diario1","twitter_card":"summary_large_image","twitter_creator":"@eltextual","twitter_site":"@eltextual","twitter_misc":{"Escrito por":"Diario1 Diario1","Tiempo de lectura":"2 minutos"},"schema":{"@context":"https:\/\/schema.org","@graph":[{"@type":"Article","@id":"https:\/\/diariotextual.com\/inicio\/index.php\/2023\/07\/07\/las-ofertas-de-este-sabado-del-mercado-municipal\/#article","isPartOf":{"@id":"https:\/\/diariotextual.com\/inicio\/index.php\/2023\/07\/07\/las-ofertas-de-este-sabado-del-mercado-municipal\/"},"author":{"name":"Diario1 Diario1","@id":"https:\/\/diariotextual.com\/inicio\/#\/schema\/person\/418fc4093c33e86ed41562db3508f958"},"headline":"Las ofertas de este s\u00e1bado del Mercado Municipal","datePublished":"2023-07-07T18:46:14+00:00","dateModified":"2023-07-07T18:47:27+00:00","mainEntityOfPage":{"@id":"https:\/\/diariotextual.com\/inicio\/index.php\/2023\/07\/07\/las-ofertas-de-este-sabado-del-mercado-municipal\/"},"wordCount":227,"publisher":{"@id":"https:\/\/diariotextual.com\/inicio\/#organization"},"image":{"@id":"https:\/\/diariotextual.com\/inicio\/index.php\/2023\/07\/07\/las-ofertas-de-este-sabado-del-mercado-municipal\/#primaryimage"},"thumbnailUrl":"https:\/\/diariotextual.com\/inicio\/wp-content\/uploads\/2023\/06\/mercadomunicipaljunio2023.jpg","articleSection":["A - ES NOTICIA (van abajo)","SOCIEDAD"],"inLanguage":"es"},{"@type":"WebPage","@id":"https:\/\/diariotextual.com\/inicio\/index.php\/2023\/07\/07\/las-ofertas-de-este-sabado-del-mercado-municipal\/","url":"https:\/\/diariotextual.com\/inicio\/index.php\/2023\/07\/07\/las-ofertas-de-este-sabado-del-mercado-municipal\/","name":"Las ofertas de este s\u00e1bado del Mercado Municipal - Diario Textual","isPartOf":{"@id":"https:\/\/diariotextual.com\/inicio\/#website"},"primaryImageOfPage":{"@id":"https:\/\/diariotextual.com\/inicio\/index.php\/2023\/07\/07\/las-ofertas-de-este-sabado-del-mercado-municipal\/#primaryimage"},"image":{"@id":"https:\/\/diariotextual.com\/inicio\/index.php\/2023\/07\/07\/las-ofertas-de-este-sabado-del-mercado-municipal\/#primaryimage"},"thumbnailUrl":"https:\/\/diariotextual.com\/inicio\/wp-content\/uploads\/2023\/06\/mercadomunicipaljunio2023.jpg","datePublished":"2023-07-07T18:46:14+00:00","dateModified":"2023-07-07T18:47:27+00:00","breadcrumb":{"@id":"https:\/\/diariotextual.com\/inicio\/index.php\/2023\/07\/07\/las-ofertas-de-este-sabado-del-mercado-municipal\/#breadcrumb"},"inLanguage":"es","potentialAction":[{"@type":"ReadAction","target":["https:\/\/diariotextual.com\/inicio\/index.php\/2023\/07\/07\/las-ofertas-de-este-sabado-del-mercado-municipal\/"]}]},{"@type":"ImageObject","inLanguage":"es","@id":"https:\/\/diariotextual.com\/inicio\/index.php\/2023\/07\/07\/las-ofertas-de-este-sabado-del-mercado-municipal\/#primaryimage","url":"https:\/\/diariotextual.com\/inicio\/wp-content\/uploads\/2023\/06\/mercadomunicipaljunio2023.jpg","contentUrl":"https:\/\/diariotextual.com\/inicio\/wp-content\/uploads\/2023\/06\/mercadomunicipaljunio2023.jpg","width":900,"height":481},{"@type":"BreadcrumbList","@id":"https:\/\/diariotextual.com\/inicio\/index.php\/2023\/07\/07\/las-ofertas-de-este-sabado-del-mercado-municipal\/#breadcrumb","itemListElement":[{"@type":"ListItem","position":1,"name":"Portada","item":"https:\/\/diariotextual.com\/inicio\/"},{"@type":"ListItem","position":2,"name":"Las ofertas de este s\u00e1bado del Mercado Municipal"}]},{"@type":"WebSite","@id":"https:\/\/diariotextual.com\/inicio\/#website","url":"https:\/\/diariotextual.com\/inicio\/","name":"Diario Textual","description":"","publisher":{"@id":"https:\/\/diariotextual.com\/inicio\/#organization"},"potentialAction":[{"@type":"SearchAction","target":{"@type":"EntryPoint","urlTemplate":"https:\/\/diariotextual.com\/inicio\/?s={search_term_string}"},"query-input":{"@type":"PropertyValueSpecification","valueRequired":true,"valueName":"search_term_string"}}],"inLanguage":"es"},{"@type":"Organization","@id":"https:\/\/diariotextual.com\/inicio\/#organization","name":"Diario Textual","url":"https:\/\/diariotextual.com\/inicio\/","logo":{"@type":"ImageObject","inLanguage":"es","@id":"https:\/\/diariotextual.com\/inicio\/#\/schema\/logo\/image\/","url":"https:\/\/diariotextual.com\/inicio\/wp-content\/uploads\/2023\/05\/logotextual1.jpg","contentUrl":"https:\/\/diariotextual.com\/inicio\/wp-content\/uploads\/2023\/05\/logotextual1.jpg","width":516,"height":76,"caption":"Diario Textual"},"image":{"@id":"https:\/\/diariotextual.com\/inicio\/#\/schema\/logo\/image\/"},"sameAs":["https:\/\/www.facebook.com\/eltextual","https:\/\/x.com\/eltextual","http:\/\/www.instagram.com\/eltextual"]},{"@type":"Person","@id":"https:\/\/diariotextual.com\/inicio\/#\/schema\/person\/418fc4093c33e86ed41562db3508f958","name":"Diario1 Diario1","image":{"@type":"ImageObject","inLanguage":"es","@id":"https:\/\/secure.gravatar.com\/avatar\/9167d280179c85bc18be67aa7eda765854300033af4896dd779b608640f2ef7a?s=96&d=mm&r=g","url":"https:\/\/secure.gravatar.com\/avatar\/9167d280179c85bc18be67aa7eda765854300033af4896dd779b608640f2ef7a?s=96&d=mm&r=g","contentUrl":"https:\/\/secure.gravatar.com\/avatar\/9167d280179c85bc18be67aa7eda765854300033af4896dd779b608640f2ef7a?s=96&d=mm&r=g","caption":"Diario1 Diario1"},"url":"https:\/\/diariotextual.com\/inicio\/index.php\/author\/diario1\/"}]}},"_links":{"self":[{"href":"https:\/\/diariotextual.com\/inicio\/index.php\/wp-json\/wp\/v2\/posts\/230482","targetHints":{"allow":["GET"]}}],"collection":[{"href":"https:\/\/diariotextual.com\/inicio\/index.php\/wp-json\/wp\/v2\/posts"}],"about":[{"href":"https:\/\/diariotextual.com\/inicio\/index.php\/wp-json\/wp\/v2\/types\/post"}],"author":[{"embeddable":true,"href":"https:\/\/diariotextual.com\/inicio\/index.php\/wp-json\/wp\/v2\/users\/3"}],"replies":[{"embeddable":true,"href":"https:\/\/diariotextual.com\/inicio\/index.php\/wp-json\/wp\/v2\/comments?post=230482"}],"version-history":[{"count":1,"href":"https:\/\/diariotextual.com\/inicio\/index.php\/wp-json\/wp\/v2\/posts\/230482\/revisions"}],"predecessor-version":[{"id":230483,"href":"https:\/\/diariotextual.com\/inicio\/index.php\/wp-json\/wp\/v2\/posts\/230482\/revisions\/230483"}],"wp:featuredmedia":[{"embeddable":true,"href":"https:\/\/diariotextual.com\/inicio\/index.php\/wp-json\/wp\/v2\/media\/227359"}],"wp:attachment":[{"href":"https:\/\/diariotextual.com\/inicio\/index.php\/wp-json\/wp\/v2\/media?parent=230482"}],"wp:term":[{"taxonomy":"category","embeddable":true,"href":"https:\/\/diariotextual.com\/inicio\/index.php\/wp-json\/wp\/v2\/categories?post=230482"},{"taxonomy":"post_tag","embeddable":true,"href":"https:\/\/diariotextual.com\/inicio\/index.php\/wp-json\/wp\/v2\/tags?post=230482"}],"curies":[{"name":"wp","href":"https:\/\/api.w.org\/{rel}","templated":true}]}}