{"id":230560,"date":"2023-07-09T15:18:11","date_gmt":"2023-07-09T18:18:11","guid":{"rendered":"https:\/\/diariotextual.com\/inicio\/?p=230560"},"modified":"2023-07-10T17:04:14","modified_gmt":"2023-07-10T20:04:14","slug":"arata-fue-sede-del-acto-central-por-el-dia-de-la-independencia","status":"publish","type":"post","link":"https:\/\/diariotextual.com\/inicio\/index.php\/2023\/07\/09\/arata-fue-sede-del-acto-central-por-el-dia-de-la-independencia\/","title":{"rendered":"Arata fue sede del acto central por el D\u00eda de la Independencia"},"content":{"rendered":"\n<p>Esta ma\u00f1ana, en la localidad de Arata tuvo lugar el acto conmemorativo por el 207\u00b0 Aniversario de la Declaraci\u00f3n de la Independencia de nuestra naci\u00f3n..<\/p>\n\n\n\n<p>Participaron de la ceremonia el vicegobernador, Mariano Fern\u00e1ndez, el ministro de Educaci\u00f3n, Pablo Maccione, el ministro del Superior Tribunal de Justicia, Jos\u00e9 Sappa, el segundo comandante de la X Brigada Mecanizada, Coronel N\u00e9stor Medina, la secretaria de Cultura, Adriana Maggio, la secretaria de Turismo, Adriana Romero, legisladores provinciales, intendentes de localidades vecinas, dem\u00e1s autoridades militares, policiales, de seguridad y educativas, concejales, representantes de instituciones intermedias, quienes fueron recibidos por el intendente local, Jorge Henso Sosa, y se sumaron a cientos de vecinos y vecinas.<\/p>\n\n\n\n<p>Formaron parte, adem\u00e1s, las banderas de ceremonia de establecimientos educativos, del Ej\u00e9rcito Argentino, de Polic\u00eda de La Pampa y del Centro de Veteranos de Guerra de Malvinas.<\/p>\n\n\n\n<p>Dando comienzo, con la interpretaci\u00f3n de la Banda Militar Capit\u00e1n Tocagni, se entonaron las estrofas del Himno Nacional Argentino, seguidamente el jefe comunal entreg\u00f3 la resoluci\u00f3n declarando hu\u00e9sped de honor el vicegobernador de la Provincia y comitiva oficial; luego se dirigieron a los presentes el intendente y el presidente de la C\u00e1mara de Diputados de La Pampa, para culminar con el desfile c\u00edvico-militar.<\/p>\n\n\n\n<p>Mariano Fern\u00e1ndez agradeci\u00f3 el recibimiento y la posibilidad de recordar esta fecha tan emblem\u00e1tica de la Naci\u00f3n. \u201cHoy, el se\u00f1or gobernador de la Provincia, Sergio Ziliotto, est\u00e1 inaugurando, junto a las autoridades nacionales, un gasoducto que precisamente va a brindar independencia energ\u00e9tica a m\u00e1s de un 50% de argentinas y argentinos. Pero, en mi criterio, hay un nuevo concepto de independencia, que es la independencia individual, que nuestros chicos puedan aprender libremente, estudiar, tener una vivienda digna, una vida digna, un trabajo digno, y para eso, quienes tenemos responsabilidades, debemos trabajar todos los d\u00edas\u201d, dijo.<\/p>\n\n\n\n<p>\u201cLa independencia econ\u00f3mica es lo que se puede ver en Arata, con obras en construcci\u00f3n por doquier, y eso se lo debemos al Gobierno de la provincia de La Pampa y a un intendente que gestiona para sus vecinas y vecinos, sin distinci\u00f3n de partidos pol\u00edticos, ni de raza, ni de religi\u00f3n, ni de interese individuales\u201d, agreg\u00f3.<\/p>\n\n\n\n<figure class=\"wp-block-image size-large\"><img fetchpriority=\"high\" decoding=\"async\" width=\"1024\" height=\"576\" src=\"https:\/\/diariotextual.com\/inicio\/wp-content\/uploads\/2023\/07\/diadelaindependenciaarata2023-2-1024x576.jpg\" alt=\"\" class=\"wp-image-230562\" srcset=\"https:\/\/diariotextual.com\/inicio\/wp-content\/uploads\/2023\/07\/diadelaindependenciaarata2023-2-1024x576.jpg 1024w, https:\/\/diariotextual.com\/inicio\/wp-content\/uploads\/2023\/07\/diadelaindependenciaarata2023-2-300x169.jpg 300w, https:\/\/diariotextual.com\/inicio\/wp-content\/uploads\/2023\/07\/diadelaindependenciaarata2023-2-768x432.jpg 768w, https:\/\/diariotextual.com\/inicio\/wp-content\/uploads\/2023\/07\/diadelaindependenciaarata2023-2-1536x864.jpg 1536w, https:\/\/diariotextual.com\/inicio\/wp-content\/uploads\/2023\/07\/diadelaindependenciaarata2023-2-1170x658.jpg 1170w, https:\/\/diariotextual.com\/inicio\/wp-content\/uploads\/2023\/07\/diadelaindependenciaarata2023-2-585x329.jpg 585w, https:\/\/diariotextual.com\/inicio\/wp-content\/uploads\/2023\/07\/diadelaindependenciaarata2023-2.jpg 1600w\" sizes=\"(max-width: 1024px) 100vw, 1024px\" \/><\/figure>\n\n\n\n<p><\/p>\n\n\n\n<p>El jefe comunal repas\u00f3 la historia de la Declaraci\u00f3n de la Independencia Argentina, oportunidad en la que record\u00f3 la ma\u00f1ana en que el diputado sanjuanino Francisco Laprida, luego de leer la proposici\u00f3n dentro de un clima de gran expectativa, \u201cpregunt\u00f3 a los presentes si deseaban que las provincias de la Uni\u00f3n conformaran una Naci\u00f3n libre e independiente de la Corona Espa\u00f1ola. Los congresistas, m\u00e1s all\u00e1 de los desacuerdos, respondieron afirmativamente con una aclamaci\u00f3n cerrada, y luego, individualmente, reafirmaron la aprobaci\u00f3n\u201d.<\/p>\n\n\n\n<p>\u201cUn objetivo com\u00fan los uni\u00f3, atr\u00e1s quedaban las diferencias e inconvenientes que dificultaban lograr el consenso respecto al sistema pol\u00edtico que se deber\u00eda implementar, esta gesta hist\u00f3rica no solo signific\u00f3 la ruptura definitiva de los v\u00ednculos de dependencia pol\u00edtica con la Corona Espa\u00f1ola sino tambi\u00e9n la renuncia a toda dominaci\u00f3n extranjera. El 9 de julio es una fecha que nos invita a la reflexi\u00f3n, a la manifestaci\u00f3n de ideales patri\u00f3ticos que est\u00e1n ligados con valores que nos acompa\u00f1an diariamente, libertad, soberan\u00eda e igualdad; tambi\u00e9n permite considerar que m\u00e1s all\u00e1 de las disidencias las comunidades se construyen s\u00f3lida y efectivamente con acuerdos rectores b\u00e1sicos, con respeto y aceptaci\u00f3n de las diferencias, convenios comunes en la firmeza y concreci\u00f3n de valores, en definitiva, construir sociedad es un hecho colectivo donde todas y todos estamos involucrados\u201d, prosigui\u00f3 Jorge Sosa.<\/p>\n\n\n\n<p>A modo de cierre el intendente llam\u00f3 a pensar en la construcci\u00f3n de una nueva independencia. \u201cNuevamente la apropiaci\u00f3n de los recursos naturales pone en jaque a los gobiernos, la avaricia desmedida del sistema financiero lastima constantes e insistentemente a las democracias, las brechas econ\u00f3micas entre los pa\u00edses son abismales y groseras, por ello es necesario que como ciudadanos y ciudadanas tengamos en cuenta que cuando se elige, cuando se vota, estamos haciendo algo m\u00e1s que colocar a un hombre o una mujer en un lugar institucional, estamos decidiendo qu\u00e9 modelo de pa\u00eds, qu\u00e9 sociedad, queremos construir. Quienes tenemos la enorme responsabilidad de ser elegidos como representantes, tenemos que trabajar, procurando la formaci\u00f3n de una sociedad desarrollada econ\u00f3micamente, integrada socialmente y soberana pol\u00edticamente\u201d, dijo.<\/p>\n","protected":false},"excerpt":{"rendered":"<p>Esta ma\u00f1ana, en la localidad de Arata tuvo lugar el acto conmemorativo por el 207\u00b0 Aniversario de la Declaraci\u00f3n de la Independencia de nuestra naci\u00f3n.. Participaron de la ceremonia el&hellip;<\/p>\n","protected":false},"author":3,"featured_media":230563,"comment_status":"closed","ping_status":"open","sticky":false,"template":"","format":"standard","meta":{"_acf_changed":false,"footnotes":""},"categories":[11,12],"tags":[],"class_list":["post-230560","post","type-post","status-publish","format-standard","has-post-thumbnail","hentry","category-que-pasa","category-sociedad"],"acf":[],"yoast_head":"<!-- This site is optimized with the Yoast SEO plugin v27.5 - https:\/\/yoast.com\/product\/yoast-seo-wordpress\/ -->\n<title>Arata fue sede del acto central por el D\u00eda de la Independencia - Diario Textual<\/title>\n<meta name=\"robots\" content=\"index, follow, max-snippet:-1, max-image-preview:large, max-video-preview:-1\" \/>\n<link rel=\"canonical\" href=\"https:\/\/diariotextual.com\/inicio\/index.php\/2023\/07\/09\/arata-fue-sede-del-acto-central-por-el-dia-de-la-independencia\/\" \/>\n<meta property=\"og:locale\" content=\"es_ES\" \/>\n<meta property=\"og:type\" content=\"article\" \/>\n<meta property=\"og:title\" content=\"Arata fue sede del acto central por el D\u00eda de la Independencia - Diario Textual\" \/>\n<meta property=\"og:description\" content=\"Esta ma\u00f1ana, en la localidad de Arata tuvo lugar el acto conmemorativo por el 207\u00b0 Aniversario de la Declaraci\u00f3n de la Independencia de nuestra naci\u00f3n.. Participaron de la ceremonia el&hellip;\" \/>\n<meta property=\"og:url\" content=\"https:\/\/diariotextual.com\/inicio\/index.php\/2023\/07\/09\/arata-fue-sede-del-acto-central-por-el-dia-de-la-independencia\/\" \/>\n<meta property=\"og:site_name\" content=\"Diario Textual\" \/>\n<meta property=\"article:publisher\" content=\"https:\/\/www.facebook.com\/eltextual\" \/>\n<meta property=\"article:published_time\" content=\"2023-07-09T18:18:11+00:00\" \/>\n<meta property=\"article:modified_time\" content=\"2023-07-10T20:04:14+00:00\" \/>\n<meta property=\"og:image\" content=\"https:\/\/diariotextual.com\/inicio\/wp-content\/uploads\/2023\/07\/diadelaindependenciaarata2023-1.jpg\" \/>\n\t<meta property=\"og:image:width\" content=\"1600\" \/>\n\t<meta property=\"og:image:height\" content=\"900\" \/>\n\t<meta property=\"og:image:type\" content=\"image\/jpeg\" \/>\n<meta name=\"author\" content=\"Diario1 Diario1\" \/>\n<meta name=\"twitter:card\" content=\"summary_large_image\" \/>\n<meta name=\"twitter:creator\" content=\"@eltextual\" \/>\n<meta name=\"twitter:site\" content=\"@eltextual\" \/>\n<meta name=\"twitter:label1\" content=\"Escrito por\" \/>\n\t<meta name=\"twitter:data1\" content=\"Diario1 Diario1\" \/>\n\t<meta name=\"twitter:label2\" content=\"Tiempo de lectura\" \/>\n\t<meta name=\"twitter:data2\" content=\"4 minutos\" \/>\n<script type=\"application\/ld+json\" class=\"yoast-schema-graph\">{\"@context\":\"https:\\\/\\\/schema.org\",\"@graph\":[{\"@type\":\"Article\",\"@id\":\"https:\\\/\\\/diariotextual.com\\\/inicio\\\/index.php\\\/2023\\\/07\\\/09\\\/arata-fue-sede-del-acto-central-por-el-dia-de-la-independencia\\\/#article\",\"isPartOf\":{\"@id\":\"https:\\\/\\\/diariotextual.com\\\/inicio\\\/index.php\\\/2023\\\/07\\\/09\\\/arata-fue-sede-del-acto-central-por-el-dia-de-la-independencia\\\/\"},\"author\":{\"name\":\"Diario1 Diario1\",\"@id\":\"https:\\\/\\\/diariotextual.com\\\/inicio\\\/#\\\/schema\\\/person\\\/418fc4093c33e86ed41562db3508f958\"},\"headline\":\"Arata fue sede del acto central por el D\u00eda de la Independencia\",\"datePublished\":\"2023-07-09T18:18:11+00:00\",\"dateModified\":\"2023-07-10T20:04:14+00:00\",\"mainEntityOfPage\":{\"@id\":\"https:\\\/\\\/diariotextual.com\\\/inicio\\\/index.php\\\/2023\\\/07\\\/09\\\/arata-fue-sede-del-acto-central-por-el-dia-de-la-independencia\\\/\"},\"wordCount\":769,\"publisher\":{\"@id\":\"https:\\\/\\\/diariotextual.com\\\/inicio\\\/#organization\"},\"image\":{\"@id\":\"https:\\\/\\\/diariotextual.com\\\/inicio\\\/index.php\\\/2023\\\/07\\\/09\\\/arata-fue-sede-del-acto-central-por-el-dia-de-la-independencia\\\/#primaryimage\"},\"thumbnailUrl\":\"https:\\\/\\\/diariotextual.com\\\/inicio\\\/wp-content\\\/uploads\\\/2023\\\/07\\\/diadelaindependenciaarata2023-1.jpg\",\"articleSection\":[\"A - QUE PASA (al costado)\",\"SOCIEDAD\"],\"inLanguage\":\"es\"},{\"@type\":\"WebPage\",\"@id\":\"https:\\\/\\\/diariotextual.com\\\/inicio\\\/index.php\\\/2023\\\/07\\\/09\\\/arata-fue-sede-del-acto-central-por-el-dia-de-la-independencia\\\/\",\"url\":\"https:\\\/\\\/diariotextual.com\\\/inicio\\\/index.php\\\/2023\\\/07\\\/09\\\/arata-fue-sede-del-acto-central-por-el-dia-de-la-independencia\\\/\",\"name\":\"Arata fue sede del acto central por el D\u00eda de la Independencia - Diario Textual\",\"isPartOf\":{\"@id\":\"https:\\\/\\\/diariotextual.com\\\/inicio\\\/#website\"},\"primaryImageOfPage\":{\"@id\":\"https:\\\/\\\/diariotextual.com\\\/inicio\\\/index.php\\\/2023\\\/07\\\/09\\\/arata-fue-sede-del-acto-central-por-el-dia-de-la-independencia\\\/#primaryimage\"},\"image\":{\"@id\":\"https:\\\/\\\/diariotextual.com\\\/inicio\\\/index.php\\\/2023\\\/07\\\/09\\\/arata-fue-sede-del-acto-central-por-el-dia-de-la-independencia\\\/#primaryimage\"},\"thumbnailUrl\":\"https:\\\/\\\/diariotextual.com\\\/inicio\\\/wp-content\\\/uploads\\\/2023\\\/07\\\/diadelaindependenciaarata2023-1.jpg\",\"datePublished\":\"2023-07-09T18:18:11+00:00\",\"dateModified\":\"2023-07-10T20:04:14+00:00\",\"breadcrumb\":{\"@id\":\"https:\\\/\\\/diariotextual.com\\\/inicio\\\/index.php\\\/2023\\\/07\\\/09\\\/arata-fue-sede-del-acto-central-por-el-dia-de-la-independencia\\\/#breadcrumb\"},\"inLanguage\":\"es\",\"potentialAction\":[{\"@type\":\"ReadAction\",\"target\":[\"https:\\\/\\\/diariotextual.com\\\/inicio\\\/index.php\\\/2023\\\/07\\\/09\\\/arata-fue-sede-del-acto-central-por-el-dia-de-la-independencia\\\/\"]}]},{\"@type\":\"ImageObject\",\"inLanguage\":\"es\",\"@id\":\"https:\\\/\\\/diariotextual.com\\\/inicio\\\/index.php\\\/2023\\\/07\\\/09\\\/arata-fue-sede-del-acto-central-por-el-dia-de-la-independencia\\\/#primaryimage\",\"url\":\"https:\\\/\\\/diariotextual.com\\\/inicio\\\/wp-content\\\/uploads\\\/2023\\\/07\\\/diadelaindependenciaarata2023-1.jpg\",\"contentUrl\":\"https:\\\/\\\/diariotextual.com\\\/inicio\\\/wp-content\\\/uploads\\\/2023\\\/07\\\/diadelaindependenciaarata2023-1.jpg\",\"width\":1600,\"height\":900},{\"@type\":\"BreadcrumbList\",\"@id\":\"https:\\\/\\\/diariotextual.com\\\/inicio\\\/index.php\\\/2023\\\/07\\\/09\\\/arata-fue-sede-del-acto-central-por-el-dia-de-la-independencia\\\/#breadcrumb\",\"itemListElement\":[{\"@type\":\"ListItem\",\"position\":1,\"name\":\"Portada\",\"item\":\"https:\\\/\\\/diariotextual.com\\\/inicio\\\/\"},{\"@type\":\"ListItem\",\"position\":2,\"name\":\"Arata fue sede del acto central por el D\u00eda de la Independencia\"}]},{\"@type\":\"WebSite\",\"@id\":\"https:\\\/\\\/diariotextual.com\\\/inicio\\\/#website\",\"url\":\"https:\\\/\\\/diariotextual.com\\\/inicio\\\/\",\"name\":\"Diario Textual\",\"description\":\"\",\"publisher\":{\"@id\":\"https:\\\/\\\/diariotextual.com\\\/inicio\\\/#organization\"},\"potentialAction\":[{\"@type\":\"SearchAction\",\"target\":{\"@type\":\"EntryPoint\",\"urlTemplate\":\"https:\\\/\\\/diariotextual.com\\\/inicio\\\/?s={search_term_string}\"},\"query-input\":{\"@type\":\"PropertyValueSpecification\",\"valueRequired\":true,\"valueName\":\"search_term_string\"}}],\"inLanguage\":\"es\"},{\"@type\":\"Organization\",\"@id\":\"https:\\\/\\\/diariotextual.com\\\/inicio\\\/#organization\",\"name\":\"Diario Textual\",\"url\":\"https:\\\/\\\/diariotextual.com\\\/inicio\\\/\",\"logo\":{\"@type\":\"ImageObject\",\"inLanguage\":\"es\",\"@id\":\"https:\\\/\\\/diariotextual.com\\\/inicio\\\/#\\\/schema\\\/logo\\\/image\\\/\",\"url\":\"https:\\\/\\\/diariotextual.com\\\/inicio\\\/wp-content\\\/uploads\\\/2023\\\/05\\\/logotextual1.jpg\",\"contentUrl\":\"https:\\\/\\\/diariotextual.com\\\/inicio\\\/wp-content\\\/uploads\\\/2023\\\/05\\\/logotextual1.jpg\",\"width\":516,\"height\":76,\"caption\":\"Diario Textual\"},\"image\":{\"@id\":\"https:\\\/\\\/diariotextual.com\\\/inicio\\\/#\\\/schema\\\/logo\\\/image\\\/\"},\"sameAs\":[\"https:\\\/\\\/www.facebook.com\\\/eltextual\",\"https:\\\/\\\/x.com\\\/eltextual\",\"http:\\\/\\\/www.instagram.com\\\/eltextual\"]},{\"@type\":\"Person\",\"@id\":\"https:\\\/\\\/diariotextual.com\\\/inicio\\\/#\\\/schema\\\/person\\\/418fc4093c33e86ed41562db3508f958\",\"name\":\"Diario1 Diario1\",\"image\":{\"@type\":\"ImageObject\",\"inLanguage\":\"es\",\"@id\":\"https:\\\/\\\/secure.gravatar.com\\\/avatar\\\/9167d280179c85bc18be67aa7eda765854300033af4896dd779b608640f2ef7a?s=96&d=mm&r=g\",\"url\":\"https:\\\/\\\/secure.gravatar.com\\\/avatar\\\/9167d280179c85bc18be67aa7eda765854300033af4896dd779b608640f2ef7a?s=96&d=mm&r=g\",\"contentUrl\":\"https:\\\/\\\/secure.gravatar.com\\\/avatar\\\/9167d280179c85bc18be67aa7eda765854300033af4896dd779b608640f2ef7a?s=96&d=mm&r=g\",\"caption\":\"Diario1 Diario1\"},\"url\":\"https:\\\/\\\/diariotextual.com\\\/inicio\\\/index.php\\\/author\\\/diario1\\\/\"}]}<\/script>\n<!-- \/ Yoast SEO plugin. -->","yoast_head_json":{"title":"Arata fue sede del acto central por el D\u00eda de la Independencia - Diario Textual","robots":{"index":"index","follow":"follow","max-snippet":"max-snippet:-1","max-image-preview":"max-image-preview:large","max-video-preview":"max-video-preview:-1"},"canonical":"https:\/\/diariotextual.com\/inicio\/index.php\/2023\/07\/09\/arata-fue-sede-del-acto-central-por-el-dia-de-la-independencia\/","og_locale":"es_ES","og_type":"article","og_title":"Arata fue sede del acto central por el D\u00eda de la Independencia - Diario Textual","og_description":"Esta ma\u00f1ana, en la localidad de Arata tuvo lugar el acto conmemorativo por el 207\u00b0 Aniversario de la Declaraci\u00f3n de la Independencia de nuestra naci\u00f3n.. Participaron de la ceremonia el&hellip;","og_url":"https:\/\/diariotextual.com\/inicio\/index.php\/2023\/07\/09\/arata-fue-sede-del-acto-central-por-el-dia-de-la-independencia\/","og_site_name":"Diario Textual","article_publisher":"https:\/\/www.facebook.com\/eltextual","article_published_time":"2023-07-09T18:18:11+00:00","article_modified_time":"2023-07-10T20:04:14+00:00","og_image":[{"width":1600,"height":900,"url":"https:\/\/diariotextual.com\/inicio\/wp-content\/uploads\/2023\/07\/diadelaindependenciaarata2023-1.jpg","type":"image\/jpeg"}],"author":"Diario1 Diario1","twitter_card":"summary_large_image","twitter_creator":"@eltextual","twitter_site":"@eltextual","twitter_misc":{"Escrito por":"Diario1 Diario1","Tiempo de lectura":"4 minutos"},"schema":{"@context":"https:\/\/schema.org","@graph":[{"@type":"Article","@id":"https:\/\/diariotextual.com\/inicio\/index.php\/2023\/07\/09\/arata-fue-sede-del-acto-central-por-el-dia-de-la-independencia\/#article","isPartOf":{"@id":"https:\/\/diariotextual.com\/inicio\/index.php\/2023\/07\/09\/arata-fue-sede-del-acto-central-por-el-dia-de-la-independencia\/"},"author":{"name":"Diario1 Diario1","@id":"https:\/\/diariotextual.com\/inicio\/#\/schema\/person\/418fc4093c33e86ed41562db3508f958"},"headline":"Arata fue sede del acto central por el D\u00eda de la Independencia","datePublished":"2023-07-09T18:18:11+00:00","dateModified":"2023-07-10T20:04:14+00:00","mainEntityOfPage":{"@id":"https:\/\/diariotextual.com\/inicio\/index.php\/2023\/07\/09\/arata-fue-sede-del-acto-central-por-el-dia-de-la-independencia\/"},"wordCount":769,"publisher":{"@id":"https:\/\/diariotextual.com\/inicio\/#organization"},"image":{"@id":"https:\/\/diariotextual.com\/inicio\/index.php\/2023\/07\/09\/arata-fue-sede-del-acto-central-por-el-dia-de-la-independencia\/#primaryimage"},"thumbnailUrl":"https:\/\/diariotextual.com\/inicio\/wp-content\/uploads\/2023\/07\/diadelaindependenciaarata2023-1.jpg","articleSection":["A - QUE PASA (al costado)","SOCIEDAD"],"inLanguage":"es"},{"@type":"WebPage","@id":"https:\/\/diariotextual.com\/inicio\/index.php\/2023\/07\/09\/arata-fue-sede-del-acto-central-por-el-dia-de-la-independencia\/","url":"https:\/\/diariotextual.com\/inicio\/index.php\/2023\/07\/09\/arata-fue-sede-del-acto-central-por-el-dia-de-la-independencia\/","name":"Arata fue sede del acto central por el D\u00eda de la Independencia - Diario Textual","isPartOf":{"@id":"https:\/\/diariotextual.com\/inicio\/#website"},"primaryImageOfPage":{"@id":"https:\/\/diariotextual.com\/inicio\/index.php\/2023\/07\/09\/arata-fue-sede-del-acto-central-por-el-dia-de-la-independencia\/#primaryimage"},"image":{"@id":"https:\/\/diariotextual.com\/inicio\/index.php\/2023\/07\/09\/arata-fue-sede-del-acto-central-por-el-dia-de-la-independencia\/#primaryimage"},"thumbnailUrl":"https:\/\/diariotextual.com\/inicio\/wp-content\/uploads\/2023\/07\/diadelaindependenciaarata2023-1.jpg","datePublished":"2023-07-09T18:18:11+00:00","dateModified":"2023-07-10T20:04:14+00:00","breadcrumb":{"@id":"https:\/\/diariotextual.com\/inicio\/index.php\/2023\/07\/09\/arata-fue-sede-del-acto-central-por-el-dia-de-la-independencia\/#breadcrumb"},"inLanguage":"es","potentialAction":[{"@type":"ReadAction","target":["https:\/\/diariotextual.com\/inicio\/index.php\/2023\/07\/09\/arata-fue-sede-del-acto-central-por-el-dia-de-la-independencia\/"]}]},{"@type":"ImageObject","inLanguage":"es","@id":"https:\/\/diariotextual.com\/inicio\/index.php\/2023\/07\/09\/arata-fue-sede-del-acto-central-por-el-dia-de-la-independencia\/#primaryimage","url":"https:\/\/diariotextual.com\/inicio\/wp-content\/uploads\/2023\/07\/diadelaindependenciaarata2023-1.jpg","contentUrl":"https:\/\/diariotextual.com\/inicio\/wp-content\/uploads\/2023\/07\/diadelaindependenciaarata2023-1.jpg","width":1600,"height":900},{"@type":"BreadcrumbList","@id":"https:\/\/diariotextual.com\/inicio\/index.php\/2023\/07\/09\/arata-fue-sede-del-acto-central-por-el-dia-de-la-independencia\/#breadcrumb","itemListElement":[{"@type":"ListItem","position":1,"name":"Portada","item":"https:\/\/diariotextual.com\/inicio\/"},{"@type":"ListItem","position":2,"name":"Arata fue sede del acto central por el D\u00eda de la Independencia"}]},{"@type":"WebSite","@id":"https:\/\/diariotextual.com\/inicio\/#website","url":"https:\/\/diariotextual.com\/inicio\/","name":"Diario Textual","description":"","publisher":{"@id":"https:\/\/diariotextual.com\/inicio\/#organization"},"potentialAction":[{"@type":"SearchAction","target":{"@type":"EntryPoint","urlTemplate":"https:\/\/diariotextual.com\/inicio\/?s={search_term_string}"},"query-input":{"@type":"PropertyValueSpecification","valueRequired":true,"valueName":"search_term_string"}}],"inLanguage":"es"},{"@type":"Organization","@id":"https:\/\/diariotextual.com\/inicio\/#organization","name":"Diario Textual","url":"https:\/\/diariotextual.com\/inicio\/","logo":{"@type":"ImageObject","inLanguage":"es","@id":"https:\/\/diariotextual.com\/inicio\/#\/schema\/logo\/image\/","url":"https:\/\/diariotextual.com\/inicio\/wp-content\/uploads\/2023\/05\/logotextual1.jpg","contentUrl":"https:\/\/diariotextual.com\/inicio\/wp-content\/uploads\/2023\/05\/logotextual1.jpg","width":516,"height":76,"caption":"Diario Textual"},"image":{"@id":"https:\/\/diariotextual.com\/inicio\/#\/schema\/logo\/image\/"},"sameAs":["https:\/\/www.facebook.com\/eltextual","https:\/\/x.com\/eltextual","http:\/\/www.instagram.com\/eltextual"]},{"@type":"Person","@id":"https:\/\/diariotextual.com\/inicio\/#\/schema\/person\/418fc4093c33e86ed41562db3508f958","name":"Diario1 Diario1","image":{"@type":"ImageObject","inLanguage":"es","@id":"https:\/\/secure.gravatar.com\/avatar\/9167d280179c85bc18be67aa7eda765854300033af4896dd779b608640f2ef7a?s=96&d=mm&r=g","url":"https:\/\/secure.gravatar.com\/avatar\/9167d280179c85bc18be67aa7eda765854300033af4896dd779b608640f2ef7a?s=96&d=mm&r=g","contentUrl":"https:\/\/secure.gravatar.com\/avatar\/9167d280179c85bc18be67aa7eda765854300033af4896dd779b608640f2ef7a?s=96&d=mm&r=g","caption":"Diario1 Diario1"},"url":"https:\/\/diariotextual.com\/inicio\/index.php\/author\/diario1\/"}]}},"_links":{"self":[{"href":"https:\/\/diariotextual.com\/inicio\/index.php\/wp-json\/wp\/v2\/posts\/230560","targetHints":{"allow":["GET"]}}],"collection":[{"href":"https:\/\/diariotextual.com\/inicio\/index.php\/wp-json\/wp\/v2\/posts"}],"about":[{"href":"https:\/\/diariotextual.com\/inicio\/index.php\/wp-json\/wp\/v2\/types\/post"}],"author":[{"embeddable":true,"href":"https:\/\/diariotextual.com\/inicio\/index.php\/wp-json\/wp\/v2\/users\/3"}],"replies":[{"embeddable":true,"href":"https:\/\/diariotextual.com\/inicio\/index.php\/wp-json\/wp\/v2\/comments?post=230560"}],"version-history":[{"count":3,"href":"https:\/\/diariotextual.com\/inicio\/index.php\/wp-json\/wp\/v2\/posts\/230560\/revisions"}],"predecessor-version":[{"id":230565,"href":"https:\/\/diariotextual.com\/inicio\/index.php\/wp-json\/wp\/v2\/posts\/230560\/revisions\/230565"}],"wp:featuredmedia":[{"embeddable":true,"href":"https:\/\/diariotextual.com\/inicio\/index.php\/wp-json\/wp\/v2\/media\/230563"}],"wp:attachment":[{"href":"https:\/\/diariotextual.com\/inicio\/index.php\/wp-json\/wp\/v2\/media?parent=230560"}],"wp:term":[{"taxonomy":"category","embeddable":true,"href":"https:\/\/diariotextual.com\/inicio\/index.php\/wp-json\/wp\/v2\/categories?post=230560"},{"taxonomy":"post_tag","embeddable":true,"href":"https:\/\/diariotextual.com\/inicio\/index.php\/wp-json\/wp\/v2\/tags?post=230560"}],"curies":[{"name":"wp","href":"https:\/\/api.w.org\/{rel}","templated":true}]}}