{"id":230566,"date":"2023-07-09T15:49:13","date_gmt":"2023-07-09T18:49:13","guid":{"rendered":"https:\/\/diariotextual.com\/inicio\/?p=230566"},"modified":"2023-07-10T07:21:00","modified_gmt":"2023-07-10T10:21:00","slug":"dictaron-la-prision-preventiva-a-l-gante-que-debera-ser-alojado-en-un-penal","status":"publish","type":"post","link":"https:\/\/diariotextual.com\/inicio\/index.php\/2023\/07\/09\/dictaron-la-prision-preventiva-a-l-gante-que-debera-ser-alojado-en-un-penal\/","title":{"rendered":"Dictaron la prisi\u00f3n preventiva a L-Gante, que deber\u00e1 ser alojado en un penal"},"content":{"rendered":"\n<p><strong>La Justicia le dict\u00f3 en las \u00faltimas horas la prisi\u00f3n preventiva al cantante de cumbia 420 Eli\u00e1n Valenzuela, m\u00e1s conocido como L-Gante,<\/strong>&nbsp;acusado de los delitos de \u201camenazas\u201d, \u201cprivaci\u00f3n ileg\u00edtima de la libertad\u201d y \u201ctenencia simple de estupefacientes\u201d, por lo que seguir\u00e1 detenido.<\/p>\n\n\n\n<p>El m\u00fasico se encuentra<strong>&nbsp;alojado hace mas de un mes en la DDI de Quilmes tras ser denunciado por Dar\u00edo Gast\u00f3n Torres y Rosa Catalina Passi por secuestrarlos y amenazarlos con un arma de fuego<\/strong>&nbsp;luego de un conflicto con un grupo de amigos de Valenzuela en la localidad bonaerense de General Rodr\u00edguez.<\/p>\n\n\n\n<p>Con esta resoluci\u00f3n dispuesta por el juez de garant\u00edas&nbsp;<strong>Gabriel Alberto Castro, el cantante deber\u00e1 ser alojado en un penal del Servicio Penitenciario Bonaerense (SPB).<\/strong><\/p>\n\n\n\n<p>El magistrado, adem\u00e1s,<strong>&nbsp;no hizo lugar al cambio de calificaci\u00f3n ni al pedido de \u201cinmediata libertad\u201d realizado por la defensa del cantante,<\/strong>&nbsp;por lo que se mantuvo la car\u00e1tula dispuesta el pasado 18 de junio.<\/p>\n\n\n\n<p>El 27 de mayo pasado, varios integrantes de la denominada \u201cMafilia\u201d tuvieron una discusi\u00f3n con un grupo de personas entre los que estaba Torres, quien se desempe\u00f1a como empleado municipal y vecino del barrio, luego de salir de un boliche bailable en General Rodr\u00edguez.<\/p>\n\n\n\n<p>Personal de la Guardia Urbana de Protecci\u00f3n Ciudadana de ese Municipio demor\u00f3 a los amigos de L-Gante y cuando el m\u00fasico se enter\u00f3 de lo sucedido con sus amigos, decidi\u00f3 actuar por su cuenta.<\/p>\n\n\n\n<p>El cantante&nbsp;<strong>\u201ctom\u00f3 al empleado municipal, le apunt\u00f3 con una pistola, lo oblig\u00f3 a subir a su coche y se lo llev\u00f3\u201d,<\/strong>&nbsp;seg\u00fan adujo la v\u00edctima en la denuncia.<\/p>\n\n\n\n<p>Luego, condujo unas&nbsp;<strong>pocas cuadras dentro del barrio Bicentenario, hasta que hall\u00f3 y amenaz\u00f3 a la segunda v\u00edctima para que ingrese a su auto, \u201c<\/strong>en pos de aclarar la situaci\u00f3n relacionada con sus amigos a la salida del local bailable\u201d.<\/p>\n\n\n\n<p>De acuerdo a la denuncia, e<strong>l m\u00fasico los retuvo por 20 minutos y habr\u00eda dicho: \u201cSi no sueltan a mis amigos, no los suelto a ustedes\u201d.<\/strong><\/p>\n\n\n\n<p>Cuando L-Gante se enter\u00f3 de que sus amigos \u201chab\u00edan sido solo identificados sin tomarse decisi\u00f3n de restricci\u00f3n de su libertad\u201d, dej\u00f3 descender de su veh\u00edculo a las personas que reten\u00eda.<\/p>\n\n\n\n<p><strong>La denuncia fue corroborada luego por decenas de c\u00e1maras de seguridad, por la geolocalizaci\u00f3n de los tel\u00e9fonos celulares<\/strong>&nbsp;y por la declaraci\u00f3n de los polic\u00edas, otros testigos y familiares de las&nbsp;v\u00edctimas.<\/p>\n\n\n\n<p>En su defensa, L-Gante neg\u00f3 que haya utilizado un arma y que el vecino subi\u00f3 por su propia voluntad a la par que neg\u00f3 que exista riesgo de entorpecimiento o amenazas.<\/p>\n\n\n\n<p><strong>En cambio, las v\u00edctimas dicen que est\u00e1n siendo amenazadas algo que destac\u00f3 la fiscal\u00eda para oponerse.<\/strong><\/p>\n\n\n\n<p><\/p>\n","protected":false},"excerpt":{"rendered":"<p>La Justicia le dict\u00f3 en las \u00faltimas horas la prisi\u00f3n preventiva al cantante de cumbia 420 Eli\u00e1n Valenzuela, m\u00e1s conocido como L-Gante,&nbsp;acusado de los delitos de \u201camenazas\u201d, \u201cprivaci\u00f3n ileg\u00edtima de&hellip;<\/p>\n","protected":false},"author":3,"featured_media":227739,"comment_status":"closed","ping_status":"open","sticky":false,"template":"","format":"standard","meta":{"_acf_changed":false,"footnotes":""},"categories":[1,12],"tags":[],"class_list":["post-230566","post","type-post","status-publish","format-standard","has-post-thumbnail","hentry","category-es-noticia","category-sociedad"],"acf":[],"yoast_head":"<!-- This site is optimized with the Yoast SEO plugin v27.5 - https:\/\/yoast.com\/product\/yoast-seo-wordpress\/ -->\n<title>Dictaron la prisi\u00f3n preventiva a L-Gante, que deber\u00e1 ser alojado en un penal - Diario Textual<\/title>\n<meta name=\"robots\" content=\"index, follow, max-snippet:-1, max-image-preview:large, max-video-preview:-1\" \/>\n<link rel=\"canonical\" href=\"https:\/\/diariotextual.com\/inicio\/index.php\/2023\/07\/09\/dictaron-la-prision-preventiva-a-l-gante-que-debera-ser-alojado-en-un-penal\/\" \/>\n<meta property=\"og:locale\" content=\"es_ES\" \/>\n<meta property=\"og:type\" content=\"article\" \/>\n<meta property=\"og:title\" content=\"Dictaron la prisi\u00f3n preventiva a L-Gante, que deber\u00e1 ser alojado en un penal - Diario Textual\" \/>\n<meta property=\"og:description\" content=\"La Justicia le dict\u00f3 en las \u00faltimas horas la prisi\u00f3n preventiva al cantante de cumbia 420 Eli\u00e1n Valenzuela, m\u00e1s conocido como L-Gante,&nbsp;acusado de los delitos de \u201camenazas\u201d, \u201cprivaci\u00f3n ileg\u00edtima de&hellip;\" \/>\n<meta property=\"og:url\" content=\"https:\/\/diariotextual.com\/inicio\/index.php\/2023\/07\/09\/dictaron-la-prision-preventiva-a-l-gante-que-debera-ser-alojado-en-un-penal\/\" \/>\n<meta property=\"og:site_name\" content=\"Diario Textual\" \/>\n<meta property=\"article:publisher\" content=\"https:\/\/www.facebook.com\/eltextual\" \/>\n<meta property=\"article:published_time\" content=\"2023-07-09T18:49:13+00:00\" \/>\n<meta property=\"article:modified_time\" content=\"2023-07-10T10:21:00+00:00\" \/>\n<meta property=\"og:image\" content=\"https:\/\/diariotextual.com\/inicio\/wp-content\/uploads\/2023\/06\/L-Gante6578.jpg\" \/>\n\t<meta property=\"og:image:width\" content=\"900\" \/>\n\t<meta property=\"og:image:height\" content=\"506\" \/>\n\t<meta property=\"og:image:type\" content=\"image\/jpeg\" \/>\n<meta name=\"author\" content=\"Diario1 Diario1\" \/>\n<meta name=\"twitter:card\" content=\"summary_large_image\" \/>\n<meta name=\"twitter:creator\" content=\"@eltextual\" \/>\n<meta name=\"twitter:site\" content=\"@eltextual\" \/>\n<meta name=\"twitter:label1\" content=\"Escrito por\" \/>\n\t<meta name=\"twitter:data1\" content=\"Diario1 Diario1\" \/>\n\t<meta name=\"twitter:label2\" content=\"Tiempo de lectura\" \/>\n\t<meta name=\"twitter:data2\" content=\"3 minutos\" \/>\n<script type=\"application\/ld+json\" class=\"yoast-schema-graph\">{\"@context\":\"https:\\\/\\\/schema.org\",\"@graph\":[{\"@type\":\"Article\",\"@id\":\"https:\\\/\\\/diariotextual.com\\\/inicio\\\/index.php\\\/2023\\\/07\\\/09\\\/dictaron-la-prision-preventiva-a-l-gante-que-debera-ser-alojado-en-un-penal\\\/#article\",\"isPartOf\":{\"@id\":\"https:\\\/\\\/diariotextual.com\\\/inicio\\\/index.php\\\/2023\\\/07\\\/09\\\/dictaron-la-prision-preventiva-a-l-gante-que-debera-ser-alojado-en-un-penal\\\/\"},\"author\":{\"name\":\"Diario1 Diario1\",\"@id\":\"https:\\\/\\\/diariotextual.com\\\/inicio\\\/#\\\/schema\\\/person\\\/418fc4093c33e86ed41562db3508f958\"},\"headline\":\"Dictaron la prisi\u00f3n preventiva a L-Gante, que deber\u00e1 ser alojado en un penal\",\"datePublished\":\"2023-07-09T18:49:13+00:00\",\"dateModified\":\"2023-07-10T10:21:00+00:00\",\"mainEntityOfPage\":{\"@id\":\"https:\\\/\\\/diariotextual.com\\\/inicio\\\/index.php\\\/2023\\\/07\\\/09\\\/dictaron-la-prision-preventiva-a-l-gante-que-debera-ser-alojado-en-un-penal\\\/\"},\"wordCount\":498,\"publisher\":{\"@id\":\"https:\\\/\\\/diariotextual.com\\\/inicio\\\/#organization\"},\"image\":{\"@id\":\"https:\\\/\\\/diariotextual.com\\\/inicio\\\/index.php\\\/2023\\\/07\\\/09\\\/dictaron-la-prision-preventiva-a-l-gante-que-debera-ser-alojado-en-un-penal\\\/#primaryimage\"},\"thumbnailUrl\":\"https:\\\/\\\/diariotextual.com\\\/inicio\\\/wp-content\\\/uploads\\\/2023\\\/06\\\/L-Gante6578.jpg\",\"articleSection\":[\"A - ES NOTICIA (van abajo)\",\"SOCIEDAD\"],\"inLanguage\":\"es\"},{\"@type\":\"WebPage\",\"@id\":\"https:\\\/\\\/diariotextual.com\\\/inicio\\\/index.php\\\/2023\\\/07\\\/09\\\/dictaron-la-prision-preventiva-a-l-gante-que-debera-ser-alojado-en-un-penal\\\/\",\"url\":\"https:\\\/\\\/diariotextual.com\\\/inicio\\\/index.php\\\/2023\\\/07\\\/09\\\/dictaron-la-prision-preventiva-a-l-gante-que-debera-ser-alojado-en-un-penal\\\/\",\"name\":\"Dictaron la prisi\u00f3n preventiva a L-Gante, que deber\u00e1 ser alojado en un penal - Diario Textual\",\"isPartOf\":{\"@id\":\"https:\\\/\\\/diariotextual.com\\\/inicio\\\/#website\"},\"primaryImageOfPage\":{\"@id\":\"https:\\\/\\\/diariotextual.com\\\/inicio\\\/index.php\\\/2023\\\/07\\\/09\\\/dictaron-la-prision-preventiva-a-l-gante-que-debera-ser-alojado-en-un-penal\\\/#primaryimage\"},\"image\":{\"@id\":\"https:\\\/\\\/diariotextual.com\\\/inicio\\\/index.php\\\/2023\\\/07\\\/09\\\/dictaron-la-prision-preventiva-a-l-gante-que-debera-ser-alojado-en-un-penal\\\/#primaryimage\"},\"thumbnailUrl\":\"https:\\\/\\\/diariotextual.com\\\/inicio\\\/wp-content\\\/uploads\\\/2023\\\/06\\\/L-Gante6578.jpg\",\"datePublished\":\"2023-07-09T18:49:13+00:00\",\"dateModified\":\"2023-07-10T10:21:00+00:00\",\"breadcrumb\":{\"@id\":\"https:\\\/\\\/diariotextual.com\\\/inicio\\\/index.php\\\/2023\\\/07\\\/09\\\/dictaron-la-prision-preventiva-a-l-gante-que-debera-ser-alojado-en-un-penal\\\/#breadcrumb\"},\"inLanguage\":\"es\",\"potentialAction\":[{\"@type\":\"ReadAction\",\"target\":[\"https:\\\/\\\/diariotextual.com\\\/inicio\\\/index.php\\\/2023\\\/07\\\/09\\\/dictaron-la-prision-preventiva-a-l-gante-que-debera-ser-alojado-en-un-penal\\\/\"]}]},{\"@type\":\"ImageObject\",\"inLanguage\":\"es\",\"@id\":\"https:\\\/\\\/diariotextual.com\\\/inicio\\\/index.php\\\/2023\\\/07\\\/09\\\/dictaron-la-prision-preventiva-a-l-gante-que-debera-ser-alojado-en-un-penal\\\/#primaryimage\",\"url\":\"https:\\\/\\\/diariotextual.com\\\/inicio\\\/wp-content\\\/uploads\\\/2023\\\/06\\\/L-Gante6578.jpg\",\"contentUrl\":\"https:\\\/\\\/diariotextual.com\\\/inicio\\\/wp-content\\\/uploads\\\/2023\\\/06\\\/L-Gante6578.jpg\",\"width\":900,\"height\":506},{\"@type\":\"BreadcrumbList\",\"@id\":\"https:\\\/\\\/diariotextual.com\\\/inicio\\\/index.php\\\/2023\\\/07\\\/09\\\/dictaron-la-prision-preventiva-a-l-gante-que-debera-ser-alojado-en-un-penal\\\/#breadcrumb\",\"itemListElement\":[{\"@type\":\"ListItem\",\"position\":1,\"name\":\"Portada\",\"item\":\"https:\\\/\\\/diariotextual.com\\\/inicio\\\/\"},{\"@type\":\"ListItem\",\"position\":2,\"name\":\"Dictaron la prisi\u00f3n preventiva a L-Gante, que deber\u00e1 ser alojado en un penal\"}]},{\"@type\":\"WebSite\",\"@id\":\"https:\\\/\\\/diariotextual.com\\\/inicio\\\/#website\",\"url\":\"https:\\\/\\\/diariotextual.com\\\/inicio\\\/\",\"name\":\"Diario Textual\",\"description\":\"\",\"publisher\":{\"@id\":\"https:\\\/\\\/diariotextual.com\\\/inicio\\\/#organization\"},\"potentialAction\":[{\"@type\":\"SearchAction\",\"target\":{\"@type\":\"EntryPoint\",\"urlTemplate\":\"https:\\\/\\\/diariotextual.com\\\/inicio\\\/?s={search_term_string}\"},\"query-input\":{\"@type\":\"PropertyValueSpecification\",\"valueRequired\":true,\"valueName\":\"search_term_string\"}}],\"inLanguage\":\"es\"},{\"@type\":\"Organization\",\"@id\":\"https:\\\/\\\/diariotextual.com\\\/inicio\\\/#organization\",\"name\":\"Diario Textual\",\"url\":\"https:\\\/\\\/diariotextual.com\\\/inicio\\\/\",\"logo\":{\"@type\":\"ImageObject\",\"inLanguage\":\"es\",\"@id\":\"https:\\\/\\\/diariotextual.com\\\/inicio\\\/#\\\/schema\\\/logo\\\/image\\\/\",\"url\":\"https:\\\/\\\/diariotextual.com\\\/inicio\\\/wp-content\\\/uploads\\\/2023\\\/05\\\/logotextual1.jpg\",\"contentUrl\":\"https:\\\/\\\/diariotextual.com\\\/inicio\\\/wp-content\\\/uploads\\\/2023\\\/05\\\/logotextual1.jpg\",\"width\":516,\"height\":76,\"caption\":\"Diario Textual\"},\"image\":{\"@id\":\"https:\\\/\\\/diariotextual.com\\\/inicio\\\/#\\\/schema\\\/logo\\\/image\\\/\"},\"sameAs\":[\"https:\\\/\\\/www.facebook.com\\\/eltextual\",\"https:\\\/\\\/x.com\\\/eltextual\",\"http:\\\/\\\/www.instagram.com\\\/eltextual\"]},{\"@type\":\"Person\",\"@id\":\"https:\\\/\\\/diariotextual.com\\\/inicio\\\/#\\\/schema\\\/person\\\/418fc4093c33e86ed41562db3508f958\",\"name\":\"Diario1 Diario1\",\"image\":{\"@type\":\"ImageObject\",\"inLanguage\":\"es\",\"@id\":\"https:\\\/\\\/secure.gravatar.com\\\/avatar\\\/9167d280179c85bc18be67aa7eda765854300033af4896dd779b608640f2ef7a?s=96&d=mm&r=g\",\"url\":\"https:\\\/\\\/secure.gravatar.com\\\/avatar\\\/9167d280179c85bc18be67aa7eda765854300033af4896dd779b608640f2ef7a?s=96&d=mm&r=g\",\"contentUrl\":\"https:\\\/\\\/secure.gravatar.com\\\/avatar\\\/9167d280179c85bc18be67aa7eda765854300033af4896dd779b608640f2ef7a?s=96&d=mm&r=g\",\"caption\":\"Diario1 Diario1\"},\"url\":\"https:\\\/\\\/diariotextual.com\\\/inicio\\\/index.php\\\/author\\\/diario1\\\/\"}]}<\/script>\n<!-- \/ Yoast SEO plugin. -->","yoast_head_json":{"title":"Dictaron la prisi\u00f3n preventiva a L-Gante, que deber\u00e1 ser alojado en un penal - Diario Textual","robots":{"index":"index","follow":"follow","max-snippet":"max-snippet:-1","max-image-preview":"max-image-preview:large","max-video-preview":"max-video-preview:-1"},"canonical":"https:\/\/diariotextual.com\/inicio\/index.php\/2023\/07\/09\/dictaron-la-prision-preventiva-a-l-gante-que-debera-ser-alojado-en-un-penal\/","og_locale":"es_ES","og_type":"article","og_title":"Dictaron la prisi\u00f3n preventiva a L-Gante, que deber\u00e1 ser alojado en un penal - Diario Textual","og_description":"La Justicia le dict\u00f3 en las \u00faltimas horas la prisi\u00f3n preventiva al cantante de cumbia 420 Eli\u00e1n Valenzuela, m\u00e1s conocido como L-Gante,&nbsp;acusado de los delitos de \u201camenazas\u201d, \u201cprivaci\u00f3n ileg\u00edtima de&hellip;","og_url":"https:\/\/diariotextual.com\/inicio\/index.php\/2023\/07\/09\/dictaron-la-prision-preventiva-a-l-gante-que-debera-ser-alojado-en-un-penal\/","og_site_name":"Diario Textual","article_publisher":"https:\/\/www.facebook.com\/eltextual","article_published_time":"2023-07-09T18:49:13+00:00","article_modified_time":"2023-07-10T10:21:00+00:00","og_image":[{"width":900,"height":506,"url":"https:\/\/diariotextual.com\/inicio\/wp-content\/uploads\/2023\/06\/L-Gante6578.jpg","type":"image\/jpeg"}],"author":"Diario1 Diario1","twitter_card":"summary_large_image","twitter_creator":"@eltextual","twitter_site":"@eltextual","twitter_misc":{"Escrito por":"Diario1 Diario1","Tiempo de lectura":"3 minutos"},"schema":{"@context":"https:\/\/schema.org","@graph":[{"@type":"Article","@id":"https:\/\/diariotextual.com\/inicio\/index.php\/2023\/07\/09\/dictaron-la-prision-preventiva-a-l-gante-que-debera-ser-alojado-en-un-penal\/#article","isPartOf":{"@id":"https:\/\/diariotextual.com\/inicio\/index.php\/2023\/07\/09\/dictaron-la-prision-preventiva-a-l-gante-que-debera-ser-alojado-en-un-penal\/"},"author":{"name":"Diario1 Diario1","@id":"https:\/\/diariotextual.com\/inicio\/#\/schema\/person\/418fc4093c33e86ed41562db3508f958"},"headline":"Dictaron la prisi\u00f3n preventiva a L-Gante, que deber\u00e1 ser alojado en un penal","datePublished":"2023-07-09T18:49:13+00:00","dateModified":"2023-07-10T10:21:00+00:00","mainEntityOfPage":{"@id":"https:\/\/diariotextual.com\/inicio\/index.php\/2023\/07\/09\/dictaron-la-prision-preventiva-a-l-gante-que-debera-ser-alojado-en-un-penal\/"},"wordCount":498,"publisher":{"@id":"https:\/\/diariotextual.com\/inicio\/#organization"},"image":{"@id":"https:\/\/diariotextual.com\/inicio\/index.php\/2023\/07\/09\/dictaron-la-prision-preventiva-a-l-gante-que-debera-ser-alojado-en-un-penal\/#primaryimage"},"thumbnailUrl":"https:\/\/diariotextual.com\/inicio\/wp-content\/uploads\/2023\/06\/L-Gante6578.jpg","articleSection":["A - ES NOTICIA (van abajo)","SOCIEDAD"],"inLanguage":"es"},{"@type":"WebPage","@id":"https:\/\/diariotextual.com\/inicio\/index.php\/2023\/07\/09\/dictaron-la-prision-preventiva-a-l-gante-que-debera-ser-alojado-en-un-penal\/","url":"https:\/\/diariotextual.com\/inicio\/index.php\/2023\/07\/09\/dictaron-la-prision-preventiva-a-l-gante-que-debera-ser-alojado-en-un-penal\/","name":"Dictaron la prisi\u00f3n preventiva a L-Gante, que deber\u00e1 ser alojado en un penal - Diario Textual","isPartOf":{"@id":"https:\/\/diariotextual.com\/inicio\/#website"},"primaryImageOfPage":{"@id":"https:\/\/diariotextual.com\/inicio\/index.php\/2023\/07\/09\/dictaron-la-prision-preventiva-a-l-gante-que-debera-ser-alojado-en-un-penal\/#primaryimage"},"image":{"@id":"https:\/\/diariotextual.com\/inicio\/index.php\/2023\/07\/09\/dictaron-la-prision-preventiva-a-l-gante-que-debera-ser-alojado-en-un-penal\/#primaryimage"},"thumbnailUrl":"https:\/\/diariotextual.com\/inicio\/wp-content\/uploads\/2023\/06\/L-Gante6578.jpg","datePublished":"2023-07-09T18:49:13+00:00","dateModified":"2023-07-10T10:21:00+00:00","breadcrumb":{"@id":"https:\/\/diariotextual.com\/inicio\/index.php\/2023\/07\/09\/dictaron-la-prision-preventiva-a-l-gante-que-debera-ser-alojado-en-un-penal\/#breadcrumb"},"inLanguage":"es","potentialAction":[{"@type":"ReadAction","target":["https:\/\/diariotextual.com\/inicio\/index.php\/2023\/07\/09\/dictaron-la-prision-preventiva-a-l-gante-que-debera-ser-alojado-en-un-penal\/"]}]},{"@type":"ImageObject","inLanguage":"es","@id":"https:\/\/diariotextual.com\/inicio\/index.php\/2023\/07\/09\/dictaron-la-prision-preventiva-a-l-gante-que-debera-ser-alojado-en-un-penal\/#primaryimage","url":"https:\/\/diariotextual.com\/inicio\/wp-content\/uploads\/2023\/06\/L-Gante6578.jpg","contentUrl":"https:\/\/diariotextual.com\/inicio\/wp-content\/uploads\/2023\/06\/L-Gante6578.jpg","width":900,"height":506},{"@type":"BreadcrumbList","@id":"https:\/\/diariotextual.com\/inicio\/index.php\/2023\/07\/09\/dictaron-la-prision-preventiva-a-l-gante-que-debera-ser-alojado-en-un-penal\/#breadcrumb","itemListElement":[{"@type":"ListItem","position":1,"name":"Portada","item":"https:\/\/diariotextual.com\/inicio\/"},{"@type":"ListItem","position":2,"name":"Dictaron la prisi\u00f3n preventiva a L-Gante, que deber\u00e1 ser alojado en un penal"}]},{"@type":"WebSite","@id":"https:\/\/diariotextual.com\/inicio\/#website","url":"https:\/\/diariotextual.com\/inicio\/","name":"Diario Textual","description":"","publisher":{"@id":"https:\/\/diariotextual.com\/inicio\/#organization"},"potentialAction":[{"@type":"SearchAction","target":{"@type":"EntryPoint","urlTemplate":"https:\/\/diariotextual.com\/inicio\/?s={search_term_string}"},"query-input":{"@type":"PropertyValueSpecification","valueRequired":true,"valueName":"search_term_string"}}],"inLanguage":"es"},{"@type":"Organization","@id":"https:\/\/diariotextual.com\/inicio\/#organization","name":"Diario Textual","url":"https:\/\/diariotextual.com\/inicio\/","logo":{"@type":"ImageObject","inLanguage":"es","@id":"https:\/\/diariotextual.com\/inicio\/#\/schema\/logo\/image\/","url":"https:\/\/diariotextual.com\/inicio\/wp-content\/uploads\/2023\/05\/logotextual1.jpg","contentUrl":"https:\/\/diariotextual.com\/inicio\/wp-content\/uploads\/2023\/05\/logotextual1.jpg","width":516,"height":76,"caption":"Diario Textual"},"image":{"@id":"https:\/\/diariotextual.com\/inicio\/#\/schema\/logo\/image\/"},"sameAs":["https:\/\/www.facebook.com\/eltextual","https:\/\/x.com\/eltextual","http:\/\/www.instagram.com\/eltextual"]},{"@type":"Person","@id":"https:\/\/diariotextual.com\/inicio\/#\/schema\/person\/418fc4093c33e86ed41562db3508f958","name":"Diario1 Diario1","image":{"@type":"ImageObject","inLanguage":"es","@id":"https:\/\/secure.gravatar.com\/avatar\/9167d280179c85bc18be67aa7eda765854300033af4896dd779b608640f2ef7a?s=96&d=mm&r=g","url":"https:\/\/secure.gravatar.com\/avatar\/9167d280179c85bc18be67aa7eda765854300033af4896dd779b608640f2ef7a?s=96&d=mm&r=g","contentUrl":"https:\/\/secure.gravatar.com\/avatar\/9167d280179c85bc18be67aa7eda765854300033af4896dd779b608640f2ef7a?s=96&d=mm&r=g","caption":"Diario1 Diario1"},"url":"https:\/\/diariotextual.com\/inicio\/index.php\/author\/diario1\/"}]}},"_links":{"self":[{"href":"https:\/\/diariotextual.com\/inicio\/index.php\/wp-json\/wp\/v2\/posts\/230566","targetHints":{"allow":["GET"]}}],"collection":[{"href":"https:\/\/diariotextual.com\/inicio\/index.php\/wp-json\/wp\/v2\/posts"}],"about":[{"href":"https:\/\/diariotextual.com\/inicio\/index.php\/wp-json\/wp\/v2\/types\/post"}],"author":[{"embeddable":true,"href":"https:\/\/diariotextual.com\/inicio\/index.php\/wp-json\/wp\/v2\/users\/3"}],"replies":[{"embeddable":true,"href":"https:\/\/diariotextual.com\/inicio\/index.php\/wp-json\/wp\/v2\/comments?post=230566"}],"version-history":[{"count":1,"href":"https:\/\/diariotextual.com\/inicio\/index.php\/wp-json\/wp\/v2\/posts\/230566\/revisions"}],"predecessor-version":[{"id":230567,"href":"https:\/\/diariotextual.com\/inicio\/index.php\/wp-json\/wp\/v2\/posts\/230566\/revisions\/230567"}],"wp:featuredmedia":[{"embeddable":true,"href":"https:\/\/diariotextual.com\/inicio\/index.php\/wp-json\/wp\/v2\/media\/227739"}],"wp:attachment":[{"href":"https:\/\/diariotextual.com\/inicio\/index.php\/wp-json\/wp\/v2\/media?parent=230566"}],"wp:term":[{"taxonomy":"category","embeddable":true,"href":"https:\/\/diariotextual.com\/inicio\/index.php\/wp-json\/wp\/v2\/categories?post=230566"},{"taxonomy":"post_tag","embeddable":true,"href":"https:\/\/diariotextual.com\/inicio\/index.php\/wp-json\/wp\/v2\/tags?post=230566"}],"curies":[{"name":"wp","href":"https:\/\/api.w.org\/{rel}","templated":true}]}}