{"id":230629,"date":"2023-07-10T16:53:14","date_gmt":"2023-07-10T19:53:14","guid":{"rendered":"https:\/\/diariotextual.com\/inicio\/?p=230629"},"modified":"2023-07-10T16:55:17","modified_gmt":"2023-07-10T19:55:17","slug":"la-cpe-dono-materiales-electricos-al-cpfp-3","status":"publish","type":"post","link":"https:\/\/diariotextual.com\/inicio\/index.php\/2023\/07\/10\/la-cpe-dono-materiales-electricos-al-cpfp-3\/","title":{"rendered":"La CPE don\u00f3 materiales el\u00e9ctricos al CPFP 3"},"content":{"rendered":"\n<p>La CPE, a trav\u00e9s de la gerencia del Servicio El\u00e9ctrico, don\u00f3 una serie de materiales al Centro Provincial de Formaci\u00f3n Profesional n\u00ba3 de Santa Rosa, para su uso durante los cursos de capacitaci\u00f3n que desarrollan anualmente. Esta donaci\u00f3n incluy\u00f3 9 interruptores t\u00e9rmicos bipolares de 10 amperes y 9 de 15 amperes; 4 interruptores tetrapolares de 20 amperes y 2 de 32 amperes, y 13 interruptores diferenciales de 25 amperes; 5 timers digitales; 3 guarda motores; 20 l\u00e1mparas luminarias led de 9W y 4 equipos led de calle; y 500 metros en total de cables marr\u00f3n, verde, rojo, amarillo y negro de 2,5 mm.<\/p>\n\n\n\n<p>El director del Centro de Formaci\u00f3n Hern\u00e1n Buri se reuni\u00f3 con consejeros de la CPE, encabezados por el presidente del Consejo, Alfredo Carrascal, y con el Gerente del Servicio de Energ\u00eda y Alumbrado P\u00fablico de la CPE, Pablo Cappello. En el encuentro, donde Buri recibi\u00f3 la donaci\u00f3n, participaron el s\u00edndico titular Carlos Guti\u00e9rrez, la secretaria Agustina Manso y la consejera Anal\u00eda Ponce. Tambi\u00e9n lo hizo el Gerente General, Luis Usero.<\/p>\n\n\n\n<p>Buri agradeci\u00f3 a la CPE su apoyo permanente y destac\u00f3 que este material puntualmente est\u00e1 dirigido a la formaci\u00f3n de j\u00f3venes que pretenden desarrollar salidas laborales vinculadas a las instalaciones el\u00e9ctricas. Por su parte, Carrascal se\u00f1al\u00f3 el inter\u00e9s de la CPE en que los alumnos y alumnas obtengan una formaci\u00f3n de calidad que les permita trabajar con seguridad y eficiencia.<\/p>\n","protected":false},"excerpt":{"rendered":"<p>La CPE, a trav\u00e9s de la gerencia del Servicio El\u00e9ctrico, don\u00f3 una serie de materiales al Centro Provincial de Formaci\u00f3n Profesional n\u00ba3 de Santa Rosa, para su uso durante los&hellip;<\/p>\n","protected":false},"author":3,"featured_media":230631,"comment_status":"closed","ping_status":"open","sticky":false,"template":"","format":"standard","meta":{"_acf_changed":false,"footnotes":""},"categories":[1,12],"tags":[],"class_list":["post-230629","post","type-post","status-publish","format-standard","has-post-thumbnail","hentry","category-es-noticia","category-sociedad"],"acf":[],"yoast_head":"<!-- This site is optimized with the Yoast SEO plugin v27.5 - https:\/\/yoast.com\/product\/yoast-seo-wordpress\/ -->\n<title>La CPE don\u00f3 materiales el\u00e9ctricos al CPFP 3 - Diario Textual<\/title>\n<meta name=\"robots\" content=\"index, follow, max-snippet:-1, max-image-preview:large, max-video-preview:-1\" \/>\n<link rel=\"canonical\" href=\"https:\/\/diariotextual.com\/inicio\/index.php\/2023\/07\/10\/la-cpe-dono-materiales-electricos-al-cpfp-3\/\" \/>\n<meta property=\"og:locale\" content=\"es_ES\" \/>\n<meta property=\"og:type\" content=\"article\" \/>\n<meta property=\"og:title\" content=\"La CPE don\u00f3 materiales el\u00e9ctricos al CPFP 3 - Diario Textual\" \/>\n<meta property=\"og:description\" content=\"La CPE, a trav\u00e9s de la gerencia del Servicio El\u00e9ctrico, don\u00f3 una serie de materiales al Centro Provincial de Formaci\u00f3n Profesional n\u00ba3 de Santa Rosa, para su uso durante los&hellip;\" \/>\n<meta property=\"og:url\" content=\"https:\/\/diariotextual.com\/inicio\/index.php\/2023\/07\/10\/la-cpe-dono-materiales-electricos-al-cpfp-3\/\" \/>\n<meta property=\"og:site_name\" content=\"Diario Textual\" \/>\n<meta property=\"article:publisher\" content=\"https:\/\/www.facebook.com\/eltextual\" \/>\n<meta property=\"article:published_time\" content=\"2023-07-10T19:53:14+00:00\" \/>\n<meta property=\"article:modified_time\" content=\"2023-07-10T19:55:17+00:00\" \/>\n<meta property=\"og:image\" content=\"https:\/\/diariotextual.com\/inicio\/wp-content\/uploads\/2023\/07\/cpedonacionalcpfp3-2023-1.jpg\" \/>\n\t<meta property=\"og:image:width\" content=\"1744\" \/>\n\t<meta property=\"og:image:height\" content=\"993\" \/>\n\t<meta property=\"og:image:type\" content=\"image\/jpeg\" \/>\n<meta name=\"author\" content=\"Diario1 Diario1\" \/>\n<meta name=\"twitter:card\" content=\"summary_large_image\" \/>\n<meta name=\"twitter:creator\" content=\"@eltextual\" \/>\n<meta name=\"twitter:site\" content=\"@eltextual\" \/>\n<meta name=\"twitter:label1\" content=\"Escrito por\" \/>\n\t<meta name=\"twitter:data1\" content=\"Diario1 Diario1\" \/>\n\t<meta name=\"twitter:label2\" content=\"Tiempo de lectura\" \/>\n\t<meta name=\"twitter:data2\" content=\"2 minutos\" \/>\n<script type=\"application\/ld+json\" class=\"yoast-schema-graph\">{\"@context\":\"https:\\\/\\\/schema.org\",\"@graph\":[{\"@type\":\"Article\",\"@id\":\"https:\\\/\\\/diariotextual.com\\\/inicio\\\/index.php\\\/2023\\\/07\\\/10\\\/la-cpe-dono-materiales-electricos-al-cpfp-3\\\/#article\",\"isPartOf\":{\"@id\":\"https:\\\/\\\/diariotextual.com\\\/inicio\\\/index.php\\\/2023\\\/07\\\/10\\\/la-cpe-dono-materiales-electricos-al-cpfp-3\\\/\"},\"author\":{\"name\":\"Diario1 Diario1\",\"@id\":\"https:\\\/\\\/diariotextual.com\\\/inicio\\\/#\\\/schema\\\/person\\\/418fc4093c33e86ed41562db3508f958\"},\"headline\":\"La CPE don\u00f3 materiales el\u00e9ctricos al CPFP 3\",\"datePublished\":\"2023-07-10T19:53:14+00:00\",\"dateModified\":\"2023-07-10T19:55:17+00:00\",\"mainEntityOfPage\":{\"@id\":\"https:\\\/\\\/diariotextual.com\\\/inicio\\\/index.php\\\/2023\\\/07\\\/10\\\/la-cpe-dono-materiales-electricos-al-cpfp-3\\\/\"},\"wordCount\":248,\"publisher\":{\"@id\":\"https:\\\/\\\/diariotextual.com\\\/inicio\\\/#organization\"},\"image\":{\"@id\":\"https:\\\/\\\/diariotextual.com\\\/inicio\\\/index.php\\\/2023\\\/07\\\/10\\\/la-cpe-dono-materiales-electricos-al-cpfp-3\\\/#primaryimage\"},\"thumbnailUrl\":\"https:\\\/\\\/diariotextual.com\\\/inicio\\\/wp-content\\\/uploads\\\/2023\\\/07\\\/cpedonacionalcpfp3-2023-1.jpg\",\"articleSection\":[\"A - ES NOTICIA (van abajo)\",\"SOCIEDAD\"],\"inLanguage\":\"es\"},{\"@type\":\"WebPage\",\"@id\":\"https:\\\/\\\/diariotextual.com\\\/inicio\\\/index.php\\\/2023\\\/07\\\/10\\\/la-cpe-dono-materiales-electricos-al-cpfp-3\\\/\",\"url\":\"https:\\\/\\\/diariotextual.com\\\/inicio\\\/index.php\\\/2023\\\/07\\\/10\\\/la-cpe-dono-materiales-electricos-al-cpfp-3\\\/\",\"name\":\"La CPE don\u00f3 materiales el\u00e9ctricos al CPFP 3 - Diario Textual\",\"isPartOf\":{\"@id\":\"https:\\\/\\\/diariotextual.com\\\/inicio\\\/#website\"},\"primaryImageOfPage\":{\"@id\":\"https:\\\/\\\/diariotextual.com\\\/inicio\\\/index.php\\\/2023\\\/07\\\/10\\\/la-cpe-dono-materiales-electricos-al-cpfp-3\\\/#primaryimage\"},\"image\":{\"@id\":\"https:\\\/\\\/diariotextual.com\\\/inicio\\\/index.php\\\/2023\\\/07\\\/10\\\/la-cpe-dono-materiales-electricos-al-cpfp-3\\\/#primaryimage\"},\"thumbnailUrl\":\"https:\\\/\\\/diariotextual.com\\\/inicio\\\/wp-content\\\/uploads\\\/2023\\\/07\\\/cpedonacionalcpfp3-2023-1.jpg\",\"datePublished\":\"2023-07-10T19:53:14+00:00\",\"dateModified\":\"2023-07-10T19:55:17+00:00\",\"breadcrumb\":{\"@id\":\"https:\\\/\\\/diariotextual.com\\\/inicio\\\/index.php\\\/2023\\\/07\\\/10\\\/la-cpe-dono-materiales-electricos-al-cpfp-3\\\/#breadcrumb\"},\"inLanguage\":\"es\",\"potentialAction\":[{\"@type\":\"ReadAction\",\"target\":[\"https:\\\/\\\/diariotextual.com\\\/inicio\\\/index.php\\\/2023\\\/07\\\/10\\\/la-cpe-dono-materiales-electricos-al-cpfp-3\\\/\"]}]},{\"@type\":\"ImageObject\",\"inLanguage\":\"es\",\"@id\":\"https:\\\/\\\/diariotextual.com\\\/inicio\\\/index.php\\\/2023\\\/07\\\/10\\\/la-cpe-dono-materiales-electricos-al-cpfp-3\\\/#primaryimage\",\"url\":\"https:\\\/\\\/diariotextual.com\\\/inicio\\\/wp-content\\\/uploads\\\/2023\\\/07\\\/cpedonacionalcpfp3-2023-1.jpg\",\"contentUrl\":\"https:\\\/\\\/diariotextual.com\\\/inicio\\\/wp-content\\\/uploads\\\/2023\\\/07\\\/cpedonacionalcpfp3-2023-1.jpg\",\"width\":1744,\"height\":993},{\"@type\":\"BreadcrumbList\",\"@id\":\"https:\\\/\\\/diariotextual.com\\\/inicio\\\/index.php\\\/2023\\\/07\\\/10\\\/la-cpe-dono-materiales-electricos-al-cpfp-3\\\/#breadcrumb\",\"itemListElement\":[{\"@type\":\"ListItem\",\"position\":1,\"name\":\"Portada\",\"item\":\"https:\\\/\\\/diariotextual.com\\\/inicio\\\/\"},{\"@type\":\"ListItem\",\"position\":2,\"name\":\"La CPE don\u00f3 materiales el\u00e9ctricos al CPFP 3\"}]},{\"@type\":\"WebSite\",\"@id\":\"https:\\\/\\\/diariotextual.com\\\/inicio\\\/#website\",\"url\":\"https:\\\/\\\/diariotextual.com\\\/inicio\\\/\",\"name\":\"Diario Textual\",\"description\":\"\",\"publisher\":{\"@id\":\"https:\\\/\\\/diariotextual.com\\\/inicio\\\/#organization\"},\"potentialAction\":[{\"@type\":\"SearchAction\",\"target\":{\"@type\":\"EntryPoint\",\"urlTemplate\":\"https:\\\/\\\/diariotextual.com\\\/inicio\\\/?s={search_term_string}\"},\"query-input\":{\"@type\":\"PropertyValueSpecification\",\"valueRequired\":true,\"valueName\":\"search_term_string\"}}],\"inLanguage\":\"es\"},{\"@type\":\"Organization\",\"@id\":\"https:\\\/\\\/diariotextual.com\\\/inicio\\\/#organization\",\"name\":\"Diario Textual\",\"url\":\"https:\\\/\\\/diariotextual.com\\\/inicio\\\/\",\"logo\":{\"@type\":\"ImageObject\",\"inLanguage\":\"es\",\"@id\":\"https:\\\/\\\/diariotextual.com\\\/inicio\\\/#\\\/schema\\\/logo\\\/image\\\/\",\"url\":\"https:\\\/\\\/diariotextual.com\\\/inicio\\\/wp-content\\\/uploads\\\/2023\\\/05\\\/logotextual1.jpg\",\"contentUrl\":\"https:\\\/\\\/diariotextual.com\\\/inicio\\\/wp-content\\\/uploads\\\/2023\\\/05\\\/logotextual1.jpg\",\"width\":516,\"height\":76,\"caption\":\"Diario Textual\"},\"image\":{\"@id\":\"https:\\\/\\\/diariotextual.com\\\/inicio\\\/#\\\/schema\\\/logo\\\/image\\\/\"},\"sameAs\":[\"https:\\\/\\\/www.facebook.com\\\/eltextual\",\"https:\\\/\\\/x.com\\\/eltextual\",\"http:\\\/\\\/www.instagram.com\\\/eltextual\"]},{\"@type\":\"Person\",\"@id\":\"https:\\\/\\\/diariotextual.com\\\/inicio\\\/#\\\/schema\\\/person\\\/418fc4093c33e86ed41562db3508f958\",\"name\":\"Diario1 Diario1\",\"image\":{\"@type\":\"ImageObject\",\"inLanguage\":\"es\",\"@id\":\"https:\\\/\\\/secure.gravatar.com\\\/avatar\\\/9167d280179c85bc18be67aa7eda765854300033af4896dd779b608640f2ef7a?s=96&d=mm&r=g\",\"url\":\"https:\\\/\\\/secure.gravatar.com\\\/avatar\\\/9167d280179c85bc18be67aa7eda765854300033af4896dd779b608640f2ef7a?s=96&d=mm&r=g\",\"contentUrl\":\"https:\\\/\\\/secure.gravatar.com\\\/avatar\\\/9167d280179c85bc18be67aa7eda765854300033af4896dd779b608640f2ef7a?s=96&d=mm&r=g\",\"caption\":\"Diario1 Diario1\"},\"url\":\"https:\\\/\\\/diariotextual.com\\\/inicio\\\/index.php\\\/author\\\/diario1\\\/\"}]}<\/script>\n<!-- \/ Yoast SEO plugin. -->","yoast_head_json":{"title":"La CPE don\u00f3 materiales el\u00e9ctricos al CPFP 3 - Diario Textual","robots":{"index":"index","follow":"follow","max-snippet":"max-snippet:-1","max-image-preview":"max-image-preview:large","max-video-preview":"max-video-preview:-1"},"canonical":"https:\/\/diariotextual.com\/inicio\/index.php\/2023\/07\/10\/la-cpe-dono-materiales-electricos-al-cpfp-3\/","og_locale":"es_ES","og_type":"article","og_title":"La CPE don\u00f3 materiales el\u00e9ctricos al CPFP 3 - Diario Textual","og_description":"La CPE, a trav\u00e9s de la gerencia del Servicio El\u00e9ctrico, don\u00f3 una serie de materiales al Centro Provincial de Formaci\u00f3n Profesional n\u00ba3 de Santa Rosa, para su uso durante los&hellip;","og_url":"https:\/\/diariotextual.com\/inicio\/index.php\/2023\/07\/10\/la-cpe-dono-materiales-electricos-al-cpfp-3\/","og_site_name":"Diario Textual","article_publisher":"https:\/\/www.facebook.com\/eltextual","article_published_time":"2023-07-10T19:53:14+00:00","article_modified_time":"2023-07-10T19:55:17+00:00","og_image":[{"width":1744,"height":993,"url":"https:\/\/diariotextual.com\/inicio\/wp-content\/uploads\/2023\/07\/cpedonacionalcpfp3-2023-1.jpg","type":"image\/jpeg"}],"author":"Diario1 Diario1","twitter_card":"summary_large_image","twitter_creator":"@eltextual","twitter_site":"@eltextual","twitter_misc":{"Escrito por":"Diario1 Diario1","Tiempo de lectura":"2 minutos"},"schema":{"@context":"https:\/\/schema.org","@graph":[{"@type":"Article","@id":"https:\/\/diariotextual.com\/inicio\/index.php\/2023\/07\/10\/la-cpe-dono-materiales-electricos-al-cpfp-3\/#article","isPartOf":{"@id":"https:\/\/diariotextual.com\/inicio\/index.php\/2023\/07\/10\/la-cpe-dono-materiales-electricos-al-cpfp-3\/"},"author":{"name":"Diario1 Diario1","@id":"https:\/\/diariotextual.com\/inicio\/#\/schema\/person\/418fc4093c33e86ed41562db3508f958"},"headline":"La CPE don\u00f3 materiales el\u00e9ctricos al CPFP 3","datePublished":"2023-07-10T19:53:14+00:00","dateModified":"2023-07-10T19:55:17+00:00","mainEntityOfPage":{"@id":"https:\/\/diariotextual.com\/inicio\/index.php\/2023\/07\/10\/la-cpe-dono-materiales-electricos-al-cpfp-3\/"},"wordCount":248,"publisher":{"@id":"https:\/\/diariotextual.com\/inicio\/#organization"},"image":{"@id":"https:\/\/diariotextual.com\/inicio\/index.php\/2023\/07\/10\/la-cpe-dono-materiales-electricos-al-cpfp-3\/#primaryimage"},"thumbnailUrl":"https:\/\/diariotextual.com\/inicio\/wp-content\/uploads\/2023\/07\/cpedonacionalcpfp3-2023-1.jpg","articleSection":["A - ES NOTICIA (van abajo)","SOCIEDAD"],"inLanguage":"es"},{"@type":"WebPage","@id":"https:\/\/diariotextual.com\/inicio\/index.php\/2023\/07\/10\/la-cpe-dono-materiales-electricos-al-cpfp-3\/","url":"https:\/\/diariotextual.com\/inicio\/index.php\/2023\/07\/10\/la-cpe-dono-materiales-electricos-al-cpfp-3\/","name":"La CPE don\u00f3 materiales el\u00e9ctricos al CPFP 3 - Diario Textual","isPartOf":{"@id":"https:\/\/diariotextual.com\/inicio\/#website"},"primaryImageOfPage":{"@id":"https:\/\/diariotextual.com\/inicio\/index.php\/2023\/07\/10\/la-cpe-dono-materiales-electricos-al-cpfp-3\/#primaryimage"},"image":{"@id":"https:\/\/diariotextual.com\/inicio\/index.php\/2023\/07\/10\/la-cpe-dono-materiales-electricos-al-cpfp-3\/#primaryimage"},"thumbnailUrl":"https:\/\/diariotextual.com\/inicio\/wp-content\/uploads\/2023\/07\/cpedonacionalcpfp3-2023-1.jpg","datePublished":"2023-07-10T19:53:14+00:00","dateModified":"2023-07-10T19:55:17+00:00","breadcrumb":{"@id":"https:\/\/diariotextual.com\/inicio\/index.php\/2023\/07\/10\/la-cpe-dono-materiales-electricos-al-cpfp-3\/#breadcrumb"},"inLanguage":"es","potentialAction":[{"@type":"ReadAction","target":["https:\/\/diariotextual.com\/inicio\/index.php\/2023\/07\/10\/la-cpe-dono-materiales-electricos-al-cpfp-3\/"]}]},{"@type":"ImageObject","inLanguage":"es","@id":"https:\/\/diariotextual.com\/inicio\/index.php\/2023\/07\/10\/la-cpe-dono-materiales-electricos-al-cpfp-3\/#primaryimage","url":"https:\/\/diariotextual.com\/inicio\/wp-content\/uploads\/2023\/07\/cpedonacionalcpfp3-2023-1.jpg","contentUrl":"https:\/\/diariotextual.com\/inicio\/wp-content\/uploads\/2023\/07\/cpedonacionalcpfp3-2023-1.jpg","width":1744,"height":993},{"@type":"BreadcrumbList","@id":"https:\/\/diariotextual.com\/inicio\/index.php\/2023\/07\/10\/la-cpe-dono-materiales-electricos-al-cpfp-3\/#breadcrumb","itemListElement":[{"@type":"ListItem","position":1,"name":"Portada","item":"https:\/\/diariotextual.com\/inicio\/"},{"@type":"ListItem","position":2,"name":"La CPE don\u00f3 materiales el\u00e9ctricos al CPFP 3"}]},{"@type":"WebSite","@id":"https:\/\/diariotextual.com\/inicio\/#website","url":"https:\/\/diariotextual.com\/inicio\/","name":"Diario Textual","description":"","publisher":{"@id":"https:\/\/diariotextual.com\/inicio\/#organization"},"potentialAction":[{"@type":"SearchAction","target":{"@type":"EntryPoint","urlTemplate":"https:\/\/diariotextual.com\/inicio\/?s={search_term_string}"},"query-input":{"@type":"PropertyValueSpecification","valueRequired":true,"valueName":"search_term_string"}}],"inLanguage":"es"},{"@type":"Organization","@id":"https:\/\/diariotextual.com\/inicio\/#organization","name":"Diario Textual","url":"https:\/\/diariotextual.com\/inicio\/","logo":{"@type":"ImageObject","inLanguage":"es","@id":"https:\/\/diariotextual.com\/inicio\/#\/schema\/logo\/image\/","url":"https:\/\/diariotextual.com\/inicio\/wp-content\/uploads\/2023\/05\/logotextual1.jpg","contentUrl":"https:\/\/diariotextual.com\/inicio\/wp-content\/uploads\/2023\/05\/logotextual1.jpg","width":516,"height":76,"caption":"Diario Textual"},"image":{"@id":"https:\/\/diariotextual.com\/inicio\/#\/schema\/logo\/image\/"},"sameAs":["https:\/\/www.facebook.com\/eltextual","https:\/\/x.com\/eltextual","http:\/\/www.instagram.com\/eltextual"]},{"@type":"Person","@id":"https:\/\/diariotextual.com\/inicio\/#\/schema\/person\/418fc4093c33e86ed41562db3508f958","name":"Diario1 Diario1","image":{"@type":"ImageObject","inLanguage":"es","@id":"https:\/\/secure.gravatar.com\/avatar\/9167d280179c85bc18be67aa7eda765854300033af4896dd779b608640f2ef7a?s=96&d=mm&r=g","url":"https:\/\/secure.gravatar.com\/avatar\/9167d280179c85bc18be67aa7eda765854300033af4896dd779b608640f2ef7a?s=96&d=mm&r=g","contentUrl":"https:\/\/secure.gravatar.com\/avatar\/9167d280179c85bc18be67aa7eda765854300033af4896dd779b608640f2ef7a?s=96&d=mm&r=g","caption":"Diario1 Diario1"},"url":"https:\/\/diariotextual.com\/inicio\/index.php\/author\/diario1\/"}]}},"_links":{"self":[{"href":"https:\/\/diariotextual.com\/inicio\/index.php\/wp-json\/wp\/v2\/posts\/230629","targetHints":{"allow":["GET"]}}],"collection":[{"href":"https:\/\/diariotextual.com\/inicio\/index.php\/wp-json\/wp\/v2\/posts"}],"about":[{"href":"https:\/\/diariotextual.com\/inicio\/index.php\/wp-json\/wp\/v2\/types\/post"}],"author":[{"embeddable":true,"href":"https:\/\/diariotextual.com\/inicio\/index.php\/wp-json\/wp\/v2\/users\/3"}],"replies":[{"embeddable":true,"href":"https:\/\/diariotextual.com\/inicio\/index.php\/wp-json\/wp\/v2\/comments?post=230629"}],"version-history":[{"count":1,"href":"https:\/\/diariotextual.com\/inicio\/index.php\/wp-json\/wp\/v2\/posts\/230629\/revisions"}],"predecessor-version":[{"id":230630,"href":"https:\/\/diariotextual.com\/inicio\/index.php\/wp-json\/wp\/v2\/posts\/230629\/revisions\/230630"}],"wp:featuredmedia":[{"embeddable":true,"href":"https:\/\/diariotextual.com\/inicio\/index.php\/wp-json\/wp\/v2\/media\/230631"}],"wp:attachment":[{"href":"https:\/\/diariotextual.com\/inicio\/index.php\/wp-json\/wp\/v2\/media?parent=230629"}],"wp:term":[{"taxonomy":"category","embeddable":true,"href":"https:\/\/diariotextual.com\/inicio\/index.php\/wp-json\/wp\/v2\/categories?post=230629"},{"taxonomy":"post_tag","embeddable":true,"href":"https:\/\/diariotextual.com\/inicio\/index.php\/wp-json\/wp\/v2\/tags?post=230629"}],"curies":[{"name":"wp","href":"https:\/\/api.w.org\/{rel}","templated":true}]}}