{"id":230664,"date":"2023-07-10T22:30:50","date_gmt":"2023-07-11T01:30:50","guid":{"rendered":"https:\/\/diariotextual.com\/inicio\/?p=230664"},"modified":"2023-07-11T15:40:29","modified_gmt":"2023-07-11T18:40:29","slug":"aldana-la-primera-mujer-en-integrar-el-grupo-especial-de-la-policia-pampeana","status":"publish","type":"post","link":"https:\/\/diariotextual.com\/inicio\/index.php\/2023\/07\/10\/aldana-la-primera-mujer-en-integrar-el-grupo-especial-de-la-policia-pampeana\/","title":{"rendered":"Aldana, la primera mujer en integrar el Grupo Especial de la Polic\u00eda pampeana"},"content":{"rendered":"\n<p>Aldana Leguizam\u00f3n, polic\u00eda oriunda de General Pico, se convirti\u00f3 en la primera mujer en integrar el Grupo Especial de la Unidad Regional II de la Polic\u00eda de la provincia.<\/p>\n\n\n\n<p>El viernes \u00faltimo, rindi\u00f3 el examen y exhibici\u00f3n de hapkido, un arte marcial coreano, que realizaron los miembros del Grupo Especial en la Asociaci\u00f3n Pampeana de Artes Marciales Coreanas. En esta ocasi\u00f3n, Leguizam\u00f3n fue merecedora de un reconocimiento especial por parte de las autoridades.<\/p>\n\n\n\n<p>Leguizam\u00f3n desempe\u00f1\u00f3 gran parte de su trabajo en la comisar\u00eda Segunda de Pico. Decidi\u00f3 inscribirse voluntariamente en el Curso B\u00e1sico de Operaciones Especiales y logr\u00f3 aprobarlo con honores.<\/p>\n\n\n\n<p>La intendenta Fernanda Alonso asisti\u00f3 al examen. \u201cNo solo me pone muy contenta que una mujer se sume a esta fuerza, sino destacar que rindi\u00f3 con honores los distintos pasos para poder integrar el grupo. Le regal\u00e9 un presente, que simboliza a la mujer ranquel, que como Aldana defendi\u00f3 su territorio\u201d, dijo la jefa comunal.<\/p>\n\n\n\n<figure class=\"wp-block-image size-full\"><img fetchpriority=\"high\" decoding=\"async\" width=\"1024\" height=\"682\" src=\"https:\/\/diariotextual.com\/inicio\/wp-content\/uploads\/2023\/07\/grupoespecialgeppico2023-1.jpg\" alt=\"\" class=\"wp-image-230668\" srcset=\"https:\/\/diariotextual.com\/inicio\/wp-content\/uploads\/2023\/07\/grupoespecialgeppico2023-1.jpg 1024w, https:\/\/diariotextual.com\/inicio\/wp-content\/uploads\/2023\/07\/grupoespecialgeppico2023-1-300x200.jpg 300w, https:\/\/diariotextual.com\/inicio\/wp-content\/uploads\/2023\/07\/grupoespecialgeppico2023-1-768x512.jpg 768w, https:\/\/diariotextual.com\/inicio\/wp-content\/uploads\/2023\/07\/grupoespecialgeppico2023-1-585x390.jpg 585w, https:\/\/diariotextual.com\/inicio\/wp-content\/uploads\/2023\/07\/grupoespecialgeppico2023-1-263x175.jpg 263w\" sizes=\"(max-width: 1024px) 100vw, 1024px\" \/><\/figure>\n\n\n\n<p>El evento cont\u00f3 con la presencia, entre otros, del secretario de Gobierno, Seguridad, Educaci\u00f3n y Cultura, Nicol\u00e1s Mendoza; del subjefe de la Polic\u00eda de La Pampa, Carlos Sosa; del jefe de la UR II, Alfredo Calzada; del jefe de \u00e1rea General Pico, Alejandro Gonz\u00e1lez Palleres; del jefe del Grupo Especial de la seccional piquense, N\u00e9stor Pregno; de la directora de Deportes, Mariela Lera; del maestro Jorge An\u00edbal Heeinz, adem\u00e1s de familiares y allegados.<\/p>\n","protected":false},"excerpt":{"rendered":"<p>Aldana Leguizam\u00f3n, polic\u00eda oriunda de General Pico, se convirti\u00f3 en la primera mujer en integrar el Grupo Especial de la Unidad Regional II de la Polic\u00eda de la provincia. El&hellip;<\/p>\n","protected":false},"author":3,"featured_media":230667,"comment_status":"closed","ping_status":"open","sticky":false,"template":"","format":"standard","meta":{"_acf_changed":false,"footnotes":""},"categories":[1,11,12],"tags":[],"class_list":["post-230664","post","type-post","status-publish","format-standard","has-post-thumbnail","hentry","category-es-noticia","category-que-pasa","category-sociedad"],"acf":[],"yoast_head":"<!-- This site is optimized with the Yoast SEO plugin v27.5 - https:\/\/yoast.com\/product\/yoast-seo-wordpress\/ -->\n<title>Aldana, la primera mujer en integrar el Grupo Especial de la Polic\u00eda pampeana - Diario Textual<\/title>\n<meta name=\"robots\" content=\"index, follow, max-snippet:-1, max-image-preview:large, max-video-preview:-1\" \/>\n<link rel=\"canonical\" href=\"https:\/\/diariotextual.com\/inicio\/index.php\/2023\/07\/10\/aldana-la-primera-mujer-en-integrar-el-grupo-especial-de-la-policia-pampeana\/\" \/>\n<meta property=\"og:locale\" content=\"es_ES\" \/>\n<meta property=\"og:type\" content=\"article\" \/>\n<meta property=\"og:title\" content=\"Aldana, la primera mujer en integrar el Grupo Especial de la Polic\u00eda pampeana - Diario Textual\" \/>\n<meta property=\"og:description\" content=\"Aldana Leguizam\u00f3n, polic\u00eda oriunda de General Pico, se convirti\u00f3 en la primera mujer en integrar el Grupo Especial de la Unidad Regional II de la Polic\u00eda de la provincia. El&hellip;\" \/>\n<meta property=\"og:url\" content=\"https:\/\/diariotextual.com\/inicio\/index.php\/2023\/07\/10\/aldana-la-primera-mujer-en-integrar-el-grupo-especial-de-la-policia-pampeana\/\" \/>\n<meta property=\"og:site_name\" content=\"Diario Textual\" \/>\n<meta property=\"article:publisher\" content=\"https:\/\/www.facebook.com\/eltextual\" \/>\n<meta property=\"article:published_time\" content=\"2023-07-11T01:30:50+00:00\" \/>\n<meta property=\"article:modified_time\" content=\"2023-07-11T18:40:29+00:00\" \/>\n<meta property=\"og:image\" content=\"https:\/\/diariotextual.com\/inicio\/wp-content\/uploads\/2023\/07\/leguizamonaldanagrupoespecialalonso2023-1.jpg\" \/>\n\t<meta property=\"og:image:width\" content=\"1024\" \/>\n\t<meta property=\"og:image:height\" content=\"682\" \/>\n\t<meta property=\"og:image:type\" content=\"image\/jpeg\" \/>\n<meta name=\"author\" content=\"Diario1 Diario1\" \/>\n<meta name=\"twitter:card\" content=\"summary_large_image\" \/>\n<meta name=\"twitter:creator\" content=\"@eltextual\" \/>\n<meta name=\"twitter:site\" content=\"@eltextual\" \/>\n<meta name=\"twitter:label1\" content=\"Escrito por\" \/>\n\t<meta name=\"twitter:data1\" content=\"Diario1 Diario1\" \/>\n\t<meta name=\"twitter:label2\" content=\"Tiempo de lectura\" \/>\n\t<meta name=\"twitter:data2\" content=\"2 minutos\" \/>\n<script type=\"application\/ld+json\" class=\"yoast-schema-graph\">{\"@context\":\"https:\\\/\\\/schema.org\",\"@graph\":[{\"@type\":\"Article\",\"@id\":\"https:\\\/\\\/diariotextual.com\\\/inicio\\\/index.php\\\/2023\\\/07\\\/10\\\/aldana-la-primera-mujer-en-integrar-el-grupo-especial-de-la-policia-pampeana\\\/#article\",\"isPartOf\":{\"@id\":\"https:\\\/\\\/diariotextual.com\\\/inicio\\\/index.php\\\/2023\\\/07\\\/10\\\/aldana-la-primera-mujer-en-integrar-el-grupo-especial-de-la-policia-pampeana\\\/\"},\"author\":{\"name\":\"Diario1 Diario1\",\"@id\":\"https:\\\/\\\/diariotextual.com\\\/inicio\\\/#\\\/schema\\\/person\\\/418fc4093c33e86ed41562db3508f958\"},\"headline\":\"Aldana, la primera mujer en integrar el Grupo Especial de la Polic\u00eda pampeana\",\"datePublished\":\"2023-07-11T01:30:50+00:00\",\"dateModified\":\"2023-07-11T18:40:29+00:00\",\"mainEntityOfPage\":{\"@id\":\"https:\\\/\\\/diariotextual.com\\\/inicio\\\/index.php\\\/2023\\\/07\\\/10\\\/aldana-la-primera-mujer-en-integrar-el-grupo-especial-de-la-policia-pampeana\\\/\"},\"wordCount\":260,\"publisher\":{\"@id\":\"https:\\\/\\\/diariotextual.com\\\/inicio\\\/#organization\"},\"image\":{\"@id\":\"https:\\\/\\\/diariotextual.com\\\/inicio\\\/index.php\\\/2023\\\/07\\\/10\\\/aldana-la-primera-mujer-en-integrar-el-grupo-especial-de-la-policia-pampeana\\\/#primaryimage\"},\"thumbnailUrl\":\"https:\\\/\\\/diariotextual.com\\\/inicio\\\/wp-content\\\/uploads\\\/2023\\\/07\\\/leguizamonaldanagrupoespecialalonso2023-1.jpg\",\"articleSection\":[\"A - ES NOTICIA (van abajo)\",\"A - QUE PASA (al costado)\",\"SOCIEDAD\"],\"inLanguage\":\"es\"},{\"@type\":\"WebPage\",\"@id\":\"https:\\\/\\\/diariotextual.com\\\/inicio\\\/index.php\\\/2023\\\/07\\\/10\\\/aldana-la-primera-mujer-en-integrar-el-grupo-especial-de-la-policia-pampeana\\\/\",\"url\":\"https:\\\/\\\/diariotextual.com\\\/inicio\\\/index.php\\\/2023\\\/07\\\/10\\\/aldana-la-primera-mujer-en-integrar-el-grupo-especial-de-la-policia-pampeana\\\/\",\"name\":\"Aldana, la primera mujer en integrar el Grupo Especial de la Polic\u00eda pampeana - Diario Textual\",\"isPartOf\":{\"@id\":\"https:\\\/\\\/diariotextual.com\\\/inicio\\\/#website\"},\"primaryImageOfPage\":{\"@id\":\"https:\\\/\\\/diariotextual.com\\\/inicio\\\/index.php\\\/2023\\\/07\\\/10\\\/aldana-la-primera-mujer-en-integrar-el-grupo-especial-de-la-policia-pampeana\\\/#primaryimage\"},\"image\":{\"@id\":\"https:\\\/\\\/diariotextual.com\\\/inicio\\\/index.php\\\/2023\\\/07\\\/10\\\/aldana-la-primera-mujer-en-integrar-el-grupo-especial-de-la-policia-pampeana\\\/#primaryimage\"},\"thumbnailUrl\":\"https:\\\/\\\/diariotextual.com\\\/inicio\\\/wp-content\\\/uploads\\\/2023\\\/07\\\/leguizamonaldanagrupoespecialalonso2023-1.jpg\",\"datePublished\":\"2023-07-11T01:30:50+00:00\",\"dateModified\":\"2023-07-11T18:40:29+00:00\",\"breadcrumb\":{\"@id\":\"https:\\\/\\\/diariotextual.com\\\/inicio\\\/index.php\\\/2023\\\/07\\\/10\\\/aldana-la-primera-mujer-en-integrar-el-grupo-especial-de-la-policia-pampeana\\\/#breadcrumb\"},\"inLanguage\":\"es\",\"potentialAction\":[{\"@type\":\"ReadAction\",\"target\":[\"https:\\\/\\\/diariotextual.com\\\/inicio\\\/index.php\\\/2023\\\/07\\\/10\\\/aldana-la-primera-mujer-en-integrar-el-grupo-especial-de-la-policia-pampeana\\\/\"]}]},{\"@type\":\"ImageObject\",\"inLanguage\":\"es\",\"@id\":\"https:\\\/\\\/diariotextual.com\\\/inicio\\\/index.php\\\/2023\\\/07\\\/10\\\/aldana-la-primera-mujer-en-integrar-el-grupo-especial-de-la-policia-pampeana\\\/#primaryimage\",\"url\":\"https:\\\/\\\/diariotextual.com\\\/inicio\\\/wp-content\\\/uploads\\\/2023\\\/07\\\/leguizamonaldanagrupoespecialalonso2023-1.jpg\",\"contentUrl\":\"https:\\\/\\\/diariotextual.com\\\/inicio\\\/wp-content\\\/uploads\\\/2023\\\/07\\\/leguizamonaldanagrupoespecialalonso2023-1.jpg\",\"width\":1024,\"height\":682},{\"@type\":\"BreadcrumbList\",\"@id\":\"https:\\\/\\\/diariotextual.com\\\/inicio\\\/index.php\\\/2023\\\/07\\\/10\\\/aldana-la-primera-mujer-en-integrar-el-grupo-especial-de-la-policia-pampeana\\\/#breadcrumb\",\"itemListElement\":[{\"@type\":\"ListItem\",\"position\":1,\"name\":\"Portada\",\"item\":\"https:\\\/\\\/diariotextual.com\\\/inicio\\\/\"},{\"@type\":\"ListItem\",\"position\":2,\"name\":\"Aldana, la primera mujer en integrar el Grupo Especial de la Polic\u00eda pampeana\"}]},{\"@type\":\"WebSite\",\"@id\":\"https:\\\/\\\/diariotextual.com\\\/inicio\\\/#website\",\"url\":\"https:\\\/\\\/diariotextual.com\\\/inicio\\\/\",\"name\":\"Diario Textual\",\"description\":\"\",\"publisher\":{\"@id\":\"https:\\\/\\\/diariotextual.com\\\/inicio\\\/#organization\"},\"potentialAction\":[{\"@type\":\"SearchAction\",\"target\":{\"@type\":\"EntryPoint\",\"urlTemplate\":\"https:\\\/\\\/diariotextual.com\\\/inicio\\\/?s={search_term_string}\"},\"query-input\":{\"@type\":\"PropertyValueSpecification\",\"valueRequired\":true,\"valueName\":\"search_term_string\"}}],\"inLanguage\":\"es\"},{\"@type\":\"Organization\",\"@id\":\"https:\\\/\\\/diariotextual.com\\\/inicio\\\/#organization\",\"name\":\"Diario Textual\",\"url\":\"https:\\\/\\\/diariotextual.com\\\/inicio\\\/\",\"logo\":{\"@type\":\"ImageObject\",\"inLanguage\":\"es\",\"@id\":\"https:\\\/\\\/diariotextual.com\\\/inicio\\\/#\\\/schema\\\/logo\\\/image\\\/\",\"url\":\"https:\\\/\\\/diariotextual.com\\\/inicio\\\/wp-content\\\/uploads\\\/2023\\\/05\\\/logotextual1.jpg\",\"contentUrl\":\"https:\\\/\\\/diariotextual.com\\\/inicio\\\/wp-content\\\/uploads\\\/2023\\\/05\\\/logotextual1.jpg\",\"width\":516,\"height\":76,\"caption\":\"Diario Textual\"},\"image\":{\"@id\":\"https:\\\/\\\/diariotextual.com\\\/inicio\\\/#\\\/schema\\\/logo\\\/image\\\/\"},\"sameAs\":[\"https:\\\/\\\/www.facebook.com\\\/eltextual\",\"https:\\\/\\\/x.com\\\/eltextual\",\"http:\\\/\\\/www.instagram.com\\\/eltextual\"]},{\"@type\":\"Person\",\"@id\":\"https:\\\/\\\/diariotextual.com\\\/inicio\\\/#\\\/schema\\\/person\\\/418fc4093c33e86ed41562db3508f958\",\"name\":\"Diario1 Diario1\",\"image\":{\"@type\":\"ImageObject\",\"inLanguage\":\"es\",\"@id\":\"https:\\\/\\\/secure.gravatar.com\\\/avatar\\\/9167d280179c85bc18be67aa7eda765854300033af4896dd779b608640f2ef7a?s=96&d=mm&r=g\",\"url\":\"https:\\\/\\\/secure.gravatar.com\\\/avatar\\\/9167d280179c85bc18be67aa7eda765854300033af4896dd779b608640f2ef7a?s=96&d=mm&r=g\",\"contentUrl\":\"https:\\\/\\\/secure.gravatar.com\\\/avatar\\\/9167d280179c85bc18be67aa7eda765854300033af4896dd779b608640f2ef7a?s=96&d=mm&r=g\",\"caption\":\"Diario1 Diario1\"},\"url\":\"https:\\\/\\\/diariotextual.com\\\/inicio\\\/index.php\\\/author\\\/diario1\\\/\"}]}<\/script>\n<!-- \/ Yoast SEO plugin. -->","yoast_head_json":{"title":"Aldana, la primera mujer en integrar el Grupo Especial de la Polic\u00eda pampeana - Diario Textual","robots":{"index":"index","follow":"follow","max-snippet":"max-snippet:-1","max-image-preview":"max-image-preview:large","max-video-preview":"max-video-preview:-1"},"canonical":"https:\/\/diariotextual.com\/inicio\/index.php\/2023\/07\/10\/aldana-la-primera-mujer-en-integrar-el-grupo-especial-de-la-policia-pampeana\/","og_locale":"es_ES","og_type":"article","og_title":"Aldana, la primera mujer en integrar el Grupo Especial de la Polic\u00eda pampeana - Diario Textual","og_description":"Aldana Leguizam\u00f3n, polic\u00eda oriunda de General Pico, se convirti\u00f3 en la primera mujer en integrar el Grupo Especial de la Unidad Regional II de la Polic\u00eda de la provincia. El&hellip;","og_url":"https:\/\/diariotextual.com\/inicio\/index.php\/2023\/07\/10\/aldana-la-primera-mujer-en-integrar-el-grupo-especial-de-la-policia-pampeana\/","og_site_name":"Diario Textual","article_publisher":"https:\/\/www.facebook.com\/eltextual","article_published_time":"2023-07-11T01:30:50+00:00","article_modified_time":"2023-07-11T18:40:29+00:00","og_image":[{"width":1024,"height":682,"url":"https:\/\/diariotextual.com\/inicio\/wp-content\/uploads\/2023\/07\/leguizamonaldanagrupoespecialalonso2023-1.jpg","type":"image\/jpeg"}],"author":"Diario1 Diario1","twitter_card":"summary_large_image","twitter_creator":"@eltextual","twitter_site":"@eltextual","twitter_misc":{"Escrito por":"Diario1 Diario1","Tiempo de lectura":"2 minutos"},"schema":{"@context":"https:\/\/schema.org","@graph":[{"@type":"Article","@id":"https:\/\/diariotextual.com\/inicio\/index.php\/2023\/07\/10\/aldana-la-primera-mujer-en-integrar-el-grupo-especial-de-la-policia-pampeana\/#article","isPartOf":{"@id":"https:\/\/diariotextual.com\/inicio\/index.php\/2023\/07\/10\/aldana-la-primera-mujer-en-integrar-el-grupo-especial-de-la-policia-pampeana\/"},"author":{"name":"Diario1 Diario1","@id":"https:\/\/diariotextual.com\/inicio\/#\/schema\/person\/418fc4093c33e86ed41562db3508f958"},"headline":"Aldana, la primera mujer en integrar el Grupo Especial de la Polic\u00eda pampeana","datePublished":"2023-07-11T01:30:50+00:00","dateModified":"2023-07-11T18:40:29+00:00","mainEntityOfPage":{"@id":"https:\/\/diariotextual.com\/inicio\/index.php\/2023\/07\/10\/aldana-la-primera-mujer-en-integrar-el-grupo-especial-de-la-policia-pampeana\/"},"wordCount":260,"publisher":{"@id":"https:\/\/diariotextual.com\/inicio\/#organization"},"image":{"@id":"https:\/\/diariotextual.com\/inicio\/index.php\/2023\/07\/10\/aldana-la-primera-mujer-en-integrar-el-grupo-especial-de-la-policia-pampeana\/#primaryimage"},"thumbnailUrl":"https:\/\/diariotextual.com\/inicio\/wp-content\/uploads\/2023\/07\/leguizamonaldanagrupoespecialalonso2023-1.jpg","articleSection":["A - ES NOTICIA (van abajo)","A - QUE PASA (al costado)","SOCIEDAD"],"inLanguage":"es"},{"@type":"WebPage","@id":"https:\/\/diariotextual.com\/inicio\/index.php\/2023\/07\/10\/aldana-la-primera-mujer-en-integrar-el-grupo-especial-de-la-policia-pampeana\/","url":"https:\/\/diariotextual.com\/inicio\/index.php\/2023\/07\/10\/aldana-la-primera-mujer-en-integrar-el-grupo-especial-de-la-policia-pampeana\/","name":"Aldana, la primera mujer en integrar el Grupo Especial de la Polic\u00eda pampeana - Diario Textual","isPartOf":{"@id":"https:\/\/diariotextual.com\/inicio\/#website"},"primaryImageOfPage":{"@id":"https:\/\/diariotextual.com\/inicio\/index.php\/2023\/07\/10\/aldana-la-primera-mujer-en-integrar-el-grupo-especial-de-la-policia-pampeana\/#primaryimage"},"image":{"@id":"https:\/\/diariotextual.com\/inicio\/index.php\/2023\/07\/10\/aldana-la-primera-mujer-en-integrar-el-grupo-especial-de-la-policia-pampeana\/#primaryimage"},"thumbnailUrl":"https:\/\/diariotextual.com\/inicio\/wp-content\/uploads\/2023\/07\/leguizamonaldanagrupoespecialalonso2023-1.jpg","datePublished":"2023-07-11T01:30:50+00:00","dateModified":"2023-07-11T18:40:29+00:00","breadcrumb":{"@id":"https:\/\/diariotextual.com\/inicio\/index.php\/2023\/07\/10\/aldana-la-primera-mujer-en-integrar-el-grupo-especial-de-la-policia-pampeana\/#breadcrumb"},"inLanguage":"es","potentialAction":[{"@type":"ReadAction","target":["https:\/\/diariotextual.com\/inicio\/index.php\/2023\/07\/10\/aldana-la-primera-mujer-en-integrar-el-grupo-especial-de-la-policia-pampeana\/"]}]},{"@type":"ImageObject","inLanguage":"es","@id":"https:\/\/diariotextual.com\/inicio\/index.php\/2023\/07\/10\/aldana-la-primera-mujer-en-integrar-el-grupo-especial-de-la-policia-pampeana\/#primaryimage","url":"https:\/\/diariotextual.com\/inicio\/wp-content\/uploads\/2023\/07\/leguizamonaldanagrupoespecialalonso2023-1.jpg","contentUrl":"https:\/\/diariotextual.com\/inicio\/wp-content\/uploads\/2023\/07\/leguizamonaldanagrupoespecialalonso2023-1.jpg","width":1024,"height":682},{"@type":"BreadcrumbList","@id":"https:\/\/diariotextual.com\/inicio\/index.php\/2023\/07\/10\/aldana-la-primera-mujer-en-integrar-el-grupo-especial-de-la-policia-pampeana\/#breadcrumb","itemListElement":[{"@type":"ListItem","position":1,"name":"Portada","item":"https:\/\/diariotextual.com\/inicio\/"},{"@type":"ListItem","position":2,"name":"Aldana, la primera mujer en integrar el Grupo Especial de la Polic\u00eda pampeana"}]},{"@type":"WebSite","@id":"https:\/\/diariotextual.com\/inicio\/#website","url":"https:\/\/diariotextual.com\/inicio\/","name":"Diario Textual","description":"","publisher":{"@id":"https:\/\/diariotextual.com\/inicio\/#organization"},"potentialAction":[{"@type":"SearchAction","target":{"@type":"EntryPoint","urlTemplate":"https:\/\/diariotextual.com\/inicio\/?s={search_term_string}"},"query-input":{"@type":"PropertyValueSpecification","valueRequired":true,"valueName":"search_term_string"}}],"inLanguage":"es"},{"@type":"Organization","@id":"https:\/\/diariotextual.com\/inicio\/#organization","name":"Diario Textual","url":"https:\/\/diariotextual.com\/inicio\/","logo":{"@type":"ImageObject","inLanguage":"es","@id":"https:\/\/diariotextual.com\/inicio\/#\/schema\/logo\/image\/","url":"https:\/\/diariotextual.com\/inicio\/wp-content\/uploads\/2023\/05\/logotextual1.jpg","contentUrl":"https:\/\/diariotextual.com\/inicio\/wp-content\/uploads\/2023\/05\/logotextual1.jpg","width":516,"height":76,"caption":"Diario Textual"},"image":{"@id":"https:\/\/diariotextual.com\/inicio\/#\/schema\/logo\/image\/"},"sameAs":["https:\/\/www.facebook.com\/eltextual","https:\/\/x.com\/eltextual","http:\/\/www.instagram.com\/eltextual"]},{"@type":"Person","@id":"https:\/\/diariotextual.com\/inicio\/#\/schema\/person\/418fc4093c33e86ed41562db3508f958","name":"Diario1 Diario1","image":{"@type":"ImageObject","inLanguage":"es","@id":"https:\/\/secure.gravatar.com\/avatar\/9167d280179c85bc18be67aa7eda765854300033af4896dd779b608640f2ef7a?s=96&d=mm&r=g","url":"https:\/\/secure.gravatar.com\/avatar\/9167d280179c85bc18be67aa7eda765854300033af4896dd779b608640f2ef7a?s=96&d=mm&r=g","contentUrl":"https:\/\/secure.gravatar.com\/avatar\/9167d280179c85bc18be67aa7eda765854300033af4896dd779b608640f2ef7a?s=96&d=mm&r=g","caption":"Diario1 Diario1"},"url":"https:\/\/diariotextual.com\/inicio\/index.php\/author\/diario1\/"}]}},"_links":{"self":[{"href":"https:\/\/diariotextual.com\/inicio\/index.php\/wp-json\/wp\/v2\/posts\/230664","targetHints":{"allow":["GET"]}}],"collection":[{"href":"https:\/\/diariotextual.com\/inicio\/index.php\/wp-json\/wp\/v2\/posts"}],"about":[{"href":"https:\/\/diariotextual.com\/inicio\/index.php\/wp-json\/wp\/v2\/types\/post"}],"author":[{"embeddable":true,"href":"https:\/\/diariotextual.com\/inicio\/index.php\/wp-json\/wp\/v2\/users\/3"}],"replies":[{"embeddable":true,"href":"https:\/\/diariotextual.com\/inicio\/index.php\/wp-json\/wp\/v2\/comments?post=230664"}],"version-history":[{"count":3,"href":"https:\/\/diariotextual.com\/inicio\/index.php\/wp-json\/wp\/v2\/posts\/230664\/revisions"}],"predecessor-version":[{"id":230669,"href":"https:\/\/diariotextual.com\/inicio\/index.php\/wp-json\/wp\/v2\/posts\/230664\/revisions\/230669"}],"wp:featuredmedia":[{"embeddable":true,"href":"https:\/\/diariotextual.com\/inicio\/index.php\/wp-json\/wp\/v2\/media\/230667"}],"wp:attachment":[{"href":"https:\/\/diariotextual.com\/inicio\/index.php\/wp-json\/wp\/v2\/media?parent=230664"}],"wp:term":[{"taxonomy":"category","embeddable":true,"href":"https:\/\/diariotextual.com\/inicio\/index.php\/wp-json\/wp\/v2\/categories?post=230664"},{"taxonomy":"post_tag","embeddable":true,"href":"https:\/\/diariotextual.com\/inicio\/index.php\/wp-json\/wp\/v2\/tags?post=230664"}],"curies":[{"name":"wp","href":"https:\/\/api.w.org\/{rel}","templated":true}]}}