{"id":230691,"date":"2023-07-11T09:35:02","date_gmt":"2023-07-11T12:35:02","guid":{"rendered":"https:\/\/diariotextual.com\/inicio\/?p=230691"},"modified":"2023-07-11T09:35:29","modified_gmt":"2023-07-11T12:35:29","slug":"cpe-este-jueves-13-no-habra-atencion-por-tramites-del-servicio-electrico","status":"publish","type":"post","link":"https:\/\/diariotextual.com\/inicio\/index.php\/2023\/07\/11\/cpe-este-jueves-13-no-habra-atencion-por-tramites-del-servicio-electrico\/","title":{"rendered":"CPE: este jueves 13 no habr\u00e1 atenci\u00f3n por tr\u00e1mites del servicio el\u00e9ctrico"},"content":{"rendered":"\n<p><strong><br><\/strong>Este jueves 13 de julio se celebra en todo el pa\u00eds el D\u00eda de las y los Trabajadores de la Energ\u00eda El\u00e9ctrica. Por tal motivo, no habr\u00e1 atenci\u00f3n por tr\u00e1mites relacionados con el servicio el\u00e9ctrico, tanto en Santa Rosa como en las localidades interconectadas Anguil, Ataliva Roca, Catril\u00f3, Lonquimay, Mauricio Mayer, Toay y Uriburu. Solo trabajar\u00e1n durante ese jueves las guardias correspondientes del servicio.<br><strong>S\u00ed\u00a0funcionar\u00e1 normalmente la atenci\u00f3n de Telecomunicaciones<\/strong>\u00a0\u2014internet, televisi\u00f3n y telefon\u00eda\u2014, pero concentrada exclusivamente<strong>\u00a0en La Usina<\/strong>, sobre calle 1\u00ba de Mayo en Santa Rosa.<\/p>\n\n\n\n<div style=\"height:100px\" aria-hidden=\"true\" class=\"wp-block-spacer\"><\/div>\n\n\n\n<p><strong>Art\u00edculos del Hogar en Toay<\/strong><\/p>\n\n\n\n<p>Durante todo el mes de julio, no habr\u00e1 atenci\u00f3n en horario vespertino en Art\u00edculos del Hogar de la sede Toay. La atenci\u00f3n ser\u00e1 s\u00f3lo de ma\u00f1ana, de lunes a viernes de 8:00 a 12:00 hs. Estar\u00e1 disponible la atenci\u00f3n en el Whatsapp del sector, 2954-629183.<\/p>\n","protected":false},"excerpt":{"rendered":"<p>Este jueves 13 de julio se celebra en todo el pa\u00eds el D\u00eda de las y los Trabajadores de la Energ\u00eda El\u00e9ctrica. Por tal motivo, no habr\u00e1 atenci\u00f3n por tr\u00e1mites&hellip;<\/p>\n","protected":false},"author":3,"featured_media":133683,"comment_status":"closed","ping_status":"open","sticky":false,"template":"","format":"standard","meta":{"_acf_changed":false,"footnotes":""},"categories":[1,12],"tags":[],"class_list":["post-230691","post","type-post","status-publish","format-standard","has-post-thumbnail","hentry","category-es-noticia","category-sociedad"],"acf":[],"yoast_head":"<!-- This site is optimized with the Yoast SEO plugin v27.5 - https:\/\/yoast.com\/product\/yoast-seo-wordpress\/ -->\n<title>CPE: este jueves 13 no habr\u00e1 atenci\u00f3n por tr\u00e1mites del servicio el\u00e9ctrico - Diario Textual<\/title>\n<meta name=\"robots\" content=\"index, follow, max-snippet:-1, max-image-preview:large, max-video-preview:-1\" \/>\n<link rel=\"canonical\" href=\"https:\/\/diariotextual.com\/inicio\/index.php\/2023\/07\/11\/cpe-este-jueves-13-no-habra-atencion-por-tramites-del-servicio-electrico\/\" \/>\n<meta property=\"og:locale\" content=\"es_ES\" \/>\n<meta property=\"og:type\" content=\"article\" \/>\n<meta property=\"og:title\" content=\"CPE: este jueves 13 no habr\u00e1 atenci\u00f3n por tr\u00e1mites del servicio el\u00e9ctrico - Diario Textual\" \/>\n<meta property=\"og:description\" content=\"Este jueves 13 de julio se celebra en todo el pa\u00eds el D\u00eda de las y los Trabajadores de la Energ\u00eda El\u00e9ctrica. Por tal motivo, no habr\u00e1 atenci\u00f3n por tr\u00e1mites&hellip;\" \/>\n<meta property=\"og:url\" content=\"https:\/\/diariotextual.com\/inicio\/index.php\/2023\/07\/11\/cpe-este-jueves-13-no-habra-atencion-por-tramites-del-servicio-electrico\/\" \/>\n<meta property=\"og:site_name\" content=\"Diario Textual\" \/>\n<meta property=\"article:publisher\" content=\"https:\/\/www.facebook.com\/eltextual\" \/>\n<meta property=\"article:published_time\" content=\"2023-07-11T12:35:02+00:00\" \/>\n<meta property=\"article:modified_time\" content=\"2023-07-11T12:35:29+00:00\" \/>\n<meta property=\"og:image\" content=\"https:\/\/diariotextual.com\/inicio\/wp-content\/uploads\/2021\/02\/cpefrenteusina2021-1.jpg\" \/>\n\t<meta property=\"og:image:width\" content=\"1166\" \/>\n\t<meta property=\"og:image:height\" content=\"656\" \/>\n\t<meta property=\"og:image:type\" content=\"image\/jpeg\" \/>\n<meta name=\"author\" content=\"Diario1 Diario1\" \/>\n<meta name=\"twitter:card\" content=\"summary_large_image\" \/>\n<meta name=\"twitter:creator\" content=\"@eltextual\" \/>\n<meta name=\"twitter:site\" content=\"@eltextual\" \/>\n<meta name=\"twitter:label1\" content=\"Escrito por\" \/>\n\t<meta name=\"twitter:data1\" content=\"Diario1 Diario1\" \/>\n\t<meta name=\"twitter:label2\" content=\"Tiempo de lectura\" \/>\n\t<meta name=\"twitter:data2\" content=\"1 minuto\" \/>\n<script type=\"application\/ld+json\" class=\"yoast-schema-graph\">{\"@context\":\"https:\\\/\\\/schema.org\",\"@graph\":[{\"@type\":\"Article\",\"@id\":\"https:\\\/\\\/diariotextual.com\\\/inicio\\\/index.php\\\/2023\\\/07\\\/11\\\/cpe-este-jueves-13-no-habra-atencion-por-tramites-del-servicio-electrico\\\/#article\",\"isPartOf\":{\"@id\":\"https:\\\/\\\/diariotextual.com\\\/inicio\\\/index.php\\\/2023\\\/07\\\/11\\\/cpe-este-jueves-13-no-habra-atencion-por-tramites-del-servicio-electrico\\\/\"},\"author\":{\"name\":\"Diario1 Diario1\",\"@id\":\"https:\\\/\\\/diariotextual.com\\\/inicio\\\/#\\\/schema\\\/person\\\/418fc4093c33e86ed41562db3508f958\"},\"headline\":\"CPE: este jueves 13 no habr\u00e1 atenci\u00f3n por tr\u00e1mites del servicio el\u00e9ctrico\",\"datePublished\":\"2023-07-11T12:35:02+00:00\",\"dateModified\":\"2023-07-11T12:35:29+00:00\",\"mainEntityOfPage\":{\"@id\":\"https:\\\/\\\/diariotextual.com\\\/inicio\\\/index.php\\\/2023\\\/07\\\/11\\\/cpe-este-jueves-13-no-habra-atencion-por-tramites-del-servicio-electrico\\\/\"},\"wordCount\":167,\"publisher\":{\"@id\":\"https:\\\/\\\/diariotextual.com\\\/inicio\\\/#organization\"},\"image\":{\"@id\":\"https:\\\/\\\/diariotextual.com\\\/inicio\\\/index.php\\\/2023\\\/07\\\/11\\\/cpe-este-jueves-13-no-habra-atencion-por-tramites-del-servicio-electrico\\\/#primaryimage\"},\"thumbnailUrl\":\"https:\\\/\\\/diariotextual.com\\\/inicio\\\/wp-content\\\/uploads\\\/2021\\\/02\\\/cpefrenteusina2021-1.jpg\",\"articleSection\":[\"A - ES NOTICIA (van abajo)\",\"SOCIEDAD\"],\"inLanguage\":\"es\"},{\"@type\":\"WebPage\",\"@id\":\"https:\\\/\\\/diariotextual.com\\\/inicio\\\/index.php\\\/2023\\\/07\\\/11\\\/cpe-este-jueves-13-no-habra-atencion-por-tramites-del-servicio-electrico\\\/\",\"url\":\"https:\\\/\\\/diariotextual.com\\\/inicio\\\/index.php\\\/2023\\\/07\\\/11\\\/cpe-este-jueves-13-no-habra-atencion-por-tramites-del-servicio-electrico\\\/\",\"name\":\"CPE: este jueves 13 no habr\u00e1 atenci\u00f3n por tr\u00e1mites del servicio el\u00e9ctrico - Diario Textual\",\"isPartOf\":{\"@id\":\"https:\\\/\\\/diariotextual.com\\\/inicio\\\/#website\"},\"primaryImageOfPage\":{\"@id\":\"https:\\\/\\\/diariotextual.com\\\/inicio\\\/index.php\\\/2023\\\/07\\\/11\\\/cpe-este-jueves-13-no-habra-atencion-por-tramites-del-servicio-electrico\\\/#primaryimage\"},\"image\":{\"@id\":\"https:\\\/\\\/diariotextual.com\\\/inicio\\\/index.php\\\/2023\\\/07\\\/11\\\/cpe-este-jueves-13-no-habra-atencion-por-tramites-del-servicio-electrico\\\/#primaryimage\"},\"thumbnailUrl\":\"https:\\\/\\\/diariotextual.com\\\/inicio\\\/wp-content\\\/uploads\\\/2021\\\/02\\\/cpefrenteusina2021-1.jpg\",\"datePublished\":\"2023-07-11T12:35:02+00:00\",\"dateModified\":\"2023-07-11T12:35:29+00:00\",\"breadcrumb\":{\"@id\":\"https:\\\/\\\/diariotextual.com\\\/inicio\\\/index.php\\\/2023\\\/07\\\/11\\\/cpe-este-jueves-13-no-habra-atencion-por-tramites-del-servicio-electrico\\\/#breadcrumb\"},\"inLanguage\":\"es\",\"potentialAction\":[{\"@type\":\"ReadAction\",\"target\":[\"https:\\\/\\\/diariotextual.com\\\/inicio\\\/index.php\\\/2023\\\/07\\\/11\\\/cpe-este-jueves-13-no-habra-atencion-por-tramites-del-servicio-electrico\\\/\"]}]},{\"@type\":\"ImageObject\",\"inLanguage\":\"es\",\"@id\":\"https:\\\/\\\/diariotextual.com\\\/inicio\\\/index.php\\\/2023\\\/07\\\/11\\\/cpe-este-jueves-13-no-habra-atencion-por-tramites-del-servicio-electrico\\\/#primaryimage\",\"url\":\"https:\\\/\\\/diariotextual.com\\\/inicio\\\/wp-content\\\/uploads\\\/2021\\\/02\\\/cpefrenteusina2021-1.jpg\",\"contentUrl\":\"https:\\\/\\\/diariotextual.com\\\/inicio\\\/wp-content\\\/uploads\\\/2021\\\/02\\\/cpefrenteusina2021-1.jpg\",\"width\":1166,\"height\":656},{\"@type\":\"BreadcrumbList\",\"@id\":\"https:\\\/\\\/diariotextual.com\\\/inicio\\\/index.php\\\/2023\\\/07\\\/11\\\/cpe-este-jueves-13-no-habra-atencion-por-tramites-del-servicio-electrico\\\/#breadcrumb\",\"itemListElement\":[{\"@type\":\"ListItem\",\"position\":1,\"name\":\"Portada\",\"item\":\"https:\\\/\\\/diariotextual.com\\\/inicio\\\/\"},{\"@type\":\"ListItem\",\"position\":2,\"name\":\"CPE: este jueves 13 no habr\u00e1 atenci\u00f3n por tr\u00e1mites del servicio el\u00e9ctrico\"}]},{\"@type\":\"WebSite\",\"@id\":\"https:\\\/\\\/diariotextual.com\\\/inicio\\\/#website\",\"url\":\"https:\\\/\\\/diariotextual.com\\\/inicio\\\/\",\"name\":\"Diario Textual\",\"description\":\"\",\"publisher\":{\"@id\":\"https:\\\/\\\/diariotextual.com\\\/inicio\\\/#organization\"},\"potentialAction\":[{\"@type\":\"SearchAction\",\"target\":{\"@type\":\"EntryPoint\",\"urlTemplate\":\"https:\\\/\\\/diariotextual.com\\\/inicio\\\/?s={search_term_string}\"},\"query-input\":{\"@type\":\"PropertyValueSpecification\",\"valueRequired\":true,\"valueName\":\"search_term_string\"}}],\"inLanguage\":\"es\"},{\"@type\":\"Organization\",\"@id\":\"https:\\\/\\\/diariotextual.com\\\/inicio\\\/#organization\",\"name\":\"Diario Textual\",\"url\":\"https:\\\/\\\/diariotextual.com\\\/inicio\\\/\",\"logo\":{\"@type\":\"ImageObject\",\"inLanguage\":\"es\",\"@id\":\"https:\\\/\\\/diariotextual.com\\\/inicio\\\/#\\\/schema\\\/logo\\\/image\\\/\",\"url\":\"https:\\\/\\\/diariotextual.com\\\/inicio\\\/wp-content\\\/uploads\\\/2023\\\/05\\\/logotextual1.jpg\",\"contentUrl\":\"https:\\\/\\\/diariotextual.com\\\/inicio\\\/wp-content\\\/uploads\\\/2023\\\/05\\\/logotextual1.jpg\",\"width\":516,\"height\":76,\"caption\":\"Diario Textual\"},\"image\":{\"@id\":\"https:\\\/\\\/diariotextual.com\\\/inicio\\\/#\\\/schema\\\/logo\\\/image\\\/\"},\"sameAs\":[\"https:\\\/\\\/www.facebook.com\\\/eltextual\",\"https:\\\/\\\/x.com\\\/eltextual\",\"http:\\\/\\\/www.instagram.com\\\/eltextual\"]},{\"@type\":\"Person\",\"@id\":\"https:\\\/\\\/diariotextual.com\\\/inicio\\\/#\\\/schema\\\/person\\\/418fc4093c33e86ed41562db3508f958\",\"name\":\"Diario1 Diario1\",\"image\":{\"@type\":\"ImageObject\",\"inLanguage\":\"es\",\"@id\":\"https:\\\/\\\/secure.gravatar.com\\\/avatar\\\/9167d280179c85bc18be67aa7eda765854300033af4896dd779b608640f2ef7a?s=96&d=mm&r=g\",\"url\":\"https:\\\/\\\/secure.gravatar.com\\\/avatar\\\/9167d280179c85bc18be67aa7eda765854300033af4896dd779b608640f2ef7a?s=96&d=mm&r=g\",\"contentUrl\":\"https:\\\/\\\/secure.gravatar.com\\\/avatar\\\/9167d280179c85bc18be67aa7eda765854300033af4896dd779b608640f2ef7a?s=96&d=mm&r=g\",\"caption\":\"Diario1 Diario1\"},\"url\":\"https:\\\/\\\/diariotextual.com\\\/inicio\\\/index.php\\\/author\\\/diario1\\\/\"}]}<\/script>\n<!-- \/ Yoast SEO plugin. -->","yoast_head_json":{"title":"CPE: este jueves 13 no habr\u00e1 atenci\u00f3n por tr\u00e1mites del servicio el\u00e9ctrico - Diario Textual","robots":{"index":"index","follow":"follow","max-snippet":"max-snippet:-1","max-image-preview":"max-image-preview:large","max-video-preview":"max-video-preview:-1"},"canonical":"https:\/\/diariotextual.com\/inicio\/index.php\/2023\/07\/11\/cpe-este-jueves-13-no-habra-atencion-por-tramites-del-servicio-electrico\/","og_locale":"es_ES","og_type":"article","og_title":"CPE: este jueves 13 no habr\u00e1 atenci\u00f3n por tr\u00e1mites del servicio el\u00e9ctrico - Diario Textual","og_description":"Este jueves 13 de julio se celebra en todo el pa\u00eds el D\u00eda de las y los Trabajadores de la Energ\u00eda El\u00e9ctrica. Por tal motivo, no habr\u00e1 atenci\u00f3n por tr\u00e1mites&hellip;","og_url":"https:\/\/diariotextual.com\/inicio\/index.php\/2023\/07\/11\/cpe-este-jueves-13-no-habra-atencion-por-tramites-del-servicio-electrico\/","og_site_name":"Diario Textual","article_publisher":"https:\/\/www.facebook.com\/eltextual","article_published_time":"2023-07-11T12:35:02+00:00","article_modified_time":"2023-07-11T12:35:29+00:00","og_image":[{"width":1166,"height":656,"url":"https:\/\/diariotextual.com\/inicio\/wp-content\/uploads\/2021\/02\/cpefrenteusina2021-1.jpg","type":"image\/jpeg"}],"author":"Diario1 Diario1","twitter_card":"summary_large_image","twitter_creator":"@eltextual","twitter_site":"@eltextual","twitter_misc":{"Escrito por":"Diario1 Diario1","Tiempo de lectura":"1 minuto"},"schema":{"@context":"https:\/\/schema.org","@graph":[{"@type":"Article","@id":"https:\/\/diariotextual.com\/inicio\/index.php\/2023\/07\/11\/cpe-este-jueves-13-no-habra-atencion-por-tramites-del-servicio-electrico\/#article","isPartOf":{"@id":"https:\/\/diariotextual.com\/inicio\/index.php\/2023\/07\/11\/cpe-este-jueves-13-no-habra-atencion-por-tramites-del-servicio-electrico\/"},"author":{"name":"Diario1 Diario1","@id":"https:\/\/diariotextual.com\/inicio\/#\/schema\/person\/418fc4093c33e86ed41562db3508f958"},"headline":"CPE: este jueves 13 no habr\u00e1 atenci\u00f3n por tr\u00e1mites del servicio el\u00e9ctrico","datePublished":"2023-07-11T12:35:02+00:00","dateModified":"2023-07-11T12:35:29+00:00","mainEntityOfPage":{"@id":"https:\/\/diariotextual.com\/inicio\/index.php\/2023\/07\/11\/cpe-este-jueves-13-no-habra-atencion-por-tramites-del-servicio-electrico\/"},"wordCount":167,"publisher":{"@id":"https:\/\/diariotextual.com\/inicio\/#organization"},"image":{"@id":"https:\/\/diariotextual.com\/inicio\/index.php\/2023\/07\/11\/cpe-este-jueves-13-no-habra-atencion-por-tramites-del-servicio-electrico\/#primaryimage"},"thumbnailUrl":"https:\/\/diariotextual.com\/inicio\/wp-content\/uploads\/2021\/02\/cpefrenteusina2021-1.jpg","articleSection":["A - ES NOTICIA (van abajo)","SOCIEDAD"],"inLanguage":"es"},{"@type":"WebPage","@id":"https:\/\/diariotextual.com\/inicio\/index.php\/2023\/07\/11\/cpe-este-jueves-13-no-habra-atencion-por-tramites-del-servicio-electrico\/","url":"https:\/\/diariotextual.com\/inicio\/index.php\/2023\/07\/11\/cpe-este-jueves-13-no-habra-atencion-por-tramites-del-servicio-electrico\/","name":"CPE: este jueves 13 no habr\u00e1 atenci\u00f3n por tr\u00e1mites del servicio el\u00e9ctrico - Diario Textual","isPartOf":{"@id":"https:\/\/diariotextual.com\/inicio\/#website"},"primaryImageOfPage":{"@id":"https:\/\/diariotextual.com\/inicio\/index.php\/2023\/07\/11\/cpe-este-jueves-13-no-habra-atencion-por-tramites-del-servicio-electrico\/#primaryimage"},"image":{"@id":"https:\/\/diariotextual.com\/inicio\/index.php\/2023\/07\/11\/cpe-este-jueves-13-no-habra-atencion-por-tramites-del-servicio-electrico\/#primaryimage"},"thumbnailUrl":"https:\/\/diariotextual.com\/inicio\/wp-content\/uploads\/2021\/02\/cpefrenteusina2021-1.jpg","datePublished":"2023-07-11T12:35:02+00:00","dateModified":"2023-07-11T12:35:29+00:00","breadcrumb":{"@id":"https:\/\/diariotextual.com\/inicio\/index.php\/2023\/07\/11\/cpe-este-jueves-13-no-habra-atencion-por-tramites-del-servicio-electrico\/#breadcrumb"},"inLanguage":"es","potentialAction":[{"@type":"ReadAction","target":["https:\/\/diariotextual.com\/inicio\/index.php\/2023\/07\/11\/cpe-este-jueves-13-no-habra-atencion-por-tramites-del-servicio-electrico\/"]}]},{"@type":"ImageObject","inLanguage":"es","@id":"https:\/\/diariotextual.com\/inicio\/index.php\/2023\/07\/11\/cpe-este-jueves-13-no-habra-atencion-por-tramites-del-servicio-electrico\/#primaryimage","url":"https:\/\/diariotextual.com\/inicio\/wp-content\/uploads\/2021\/02\/cpefrenteusina2021-1.jpg","contentUrl":"https:\/\/diariotextual.com\/inicio\/wp-content\/uploads\/2021\/02\/cpefrenteusina2021-1.jpg","width":1166,"height":656},{"@type":"BreadcrumbList","@id":"https:\/\/diariotextual.com\/inicio\/index.php\/2023\/07\/11\/cpe-este-jueves-13-no-habra-atencion-por-tramites-del-servicio-electrico\/#breadcrumb","itemListElement":[{"@type":"ListItem","position":1,"name":"Portada","item":"https:\/\/diariotextual.com\/inicio\/"},{"@type":"ListItem","position":2,"name":"CPE: este jueves 13 no habr\u00e1 atenci\u00f3n por tr\u00e1mites del servicio el\u00e9ctrico"}]},{"@type":"WebSite","@id":"https:\/\/diariotextual.com\/inicio\/#website","url":"https:\/\/diariotextual.com\/inicio\/","name":"Diario Textual","description":"","publisher":{"@id":"https:\/\/diariotextual.com\/inicio\/#organization"},"potentialAction":[{"@type":"SearchAction","target":{"@type":"EntryPoint","urlTemplate":"https:\/\/diariotextual.com\/inicio\/?s={search_term_string}"},"query-input":{"@type":"PropertyValueSpecification","valueRequired":true,"valueName":"search_term_string"}}],"inLanguage":"es"},{"@type":"Organization","@id":"https:\/\/diariotextual.com\/inicio\/#organization","name":"Diario Textual","url":"https:\/\/diariotextual.com\/inicio\/","logo":{"@type":"ImageObject","inLanguage":"es","@id":"https:\/\/diariotextual.com\/inicio\/#\/schema\/logo\/image\/","url":"https:\/\/diariotextual.com\/inicio\/wp-content\/uploads\/2023\/05\/logotextual1.jpg","contentUrl":"https:\/\/diariotextual.com\/inicio\/wp-content\/uploads\/2023\/05\/logotextual1.jpg","width":516,"height":76,"caption":"Diario Textual"},"image":{"@id":"https:\/\/diariotextual.com\/inicio\/#\/schema\/logo\/image\/"},"sameAs":["https:\/\/www.facebook.com\/eltextual","https:\/\/x.com\/eltextual","http:\/\/www.instagram.com\/eltextual"]},{"@type":"Person","@id":"https:\/\/diariotextual.com\/inicio\/#\/schema\/person\/418fc4093c33e86ed41562db3508f958","name":"Diario1 Diario1","image":{"@type":"ImageObject","inLanguage":"es","@id":"https:\/\/secure.gravatar.com\/avatar\/9167d280179c85bc18be67aa7eda765854300033af4896dd779b608640f2ef7a?s=96&d=mm&r=g","url":"https:\/\/secure.gravatar.com\/avatar\/9167d280179c85bc18be67aa7eda765854300033af4896dd779b608640f2ef7a?s=96&d=mm&r=g","contentUrl":"https:\/\/secure.gravatar.com\/avatar\/9167d280179c85bc18be67aa7eda765854300033af4896dd779b608640f2ef7a?s=96&d=mm&r=g","caption":"Diario1 Diario1"},"url":"https:\/\/diariotextual.com\/inicio\/index.php\/author\/diario1\/"}]}},"_links":{"self":[{"href":"https:\/\/diariotextual.com\/inicio\/index.php\/wp-json\/wp\/v2\/posts\/230691","targetHints":{"allow":["GET"]}}],"collection":[{"href":"https:\/\/diariotextual.com\/inicio\/index.php\/wp-json\/wp\/v2\/posts"}],"about":[{"href":"https:\/\/diariotextual.com\/inicio\/index.php\/wp-json\/wp\/v2\/types\/post"}],"author":[{"embeddable":true,"href":"https:\/\/diariotextual.com\/inicio\/index.php\/wp-json\/wp\/v2\/users\/3"}],"replies":[{"embeddable":true,"href":"https:\/\/diariotextual.com\/inicio\/index.php\/wp-json\/wp\/v2\/comments?post=230691"}],"version-history":[{"count":1,"href":"https:\/\/diariotextual.com\/inicio\/index.php\/wp-json\/wp\/v2\/posts\/230691\/revisions"}],"predecessor-version":[{"id":230692,"href":"https:\/\/diariotextual.com\/inicio\/index.php\/wp-json\/wp\/v2\/posts\/230691\/revisions\/230692"}],"wp:featuredmedia":[{"embeddable":true,"href":"https:\/\/diariotextual.com\/inicio\/index.php\/wp-json\/wp\/v2\/media\/133683"}],"wp:attachment":[{"href":"https:\/\/diariotextual.com\/inicio\/index.php\/wp-json\/wp\/v2\/media?parent=230691"}],"wp:term":[{"taxonomy":"category","embeddable":true,"href":"https:\/\/diariotextual.com\/inicio\/index.php\/wp-json\/wp\/v2\/categories?post=230691"},{"taxonomy":"post_tag","embeddable":true,"href":"https:\/\/diariotextual.com\/inicio\/index.php\/wp-json\/wp\/v2\/tags?post=230691"}],"curies":[{"name":"wp","href":"https:\/\/api.w.org\/{rel}","templated":true}]}}