{"id":230733,"date":"2023-07-11T13:14:51","date_gmt":"2023-07-11T16:14:51","guid":{"rendered":"https:\/\/diariotextual.com\/inicio\/?p=230733"},"modified":"2023-07-11T16:23:42","modified_gmt":"2023-07-11T19:23:42","slug":"crimen-de-lucas-gonzalez-condenaron-a-prision-perpetua-a-tres-policias-de-la-ciudad","status":"publish","type":"post","link":"https:\/\/diariotextual.com\/inicio\/index.php\/2023\/07\/11\/crimen-de-lucas-gonzalez-condenaron-a-prision-perpetua-a-tres-policias-de-la-ciudad\/","title":{"rendered":"Crimen de Lucas Gonz\u00e1lez: condenaron a prisi\u00f3n perpetua a tres polic\u00edas de la Ciudad"},"content":{"rendered":"\n<p>El Tribunal Oral Criminal 25 porte\u00f1o conden\u00f3 a&nbsp;<strong>prisi\u00f3n perpetua<\/strong>&nbsp;a&nbsp;<strong>Gabriel Alejandro Isassi, Fabi\u00e1n&nbsp;Andr\u00e9s L\u00f3pez y Juan Jos\u00e9 Nieva<\/strong>&nbsp;por el crimen de Lucas Gonz\u00e1lez, el joven de 17 a\u00f1os asesinado en noviembre de 2021.<\/p>\n\n\n\n<p>Cerca de las 11:00 los acusados por encubrimiento dieron sus \u00faltimas palabras y se desligaron del crimen. Aun as\u00ed, dos horas despu\u00e9s los jueces Ana Dieta de Herrero, Daniel Navarro y Marcelo Bartumeu Romero, dictaminaron la pena m\u00e1xima a los tres Polic\u00edas de la Ciudad por\u00a0los delitos de\u00a0\u201c<strong>homicidio cu\u00e1druplemente agravado por haberse cometido con\u00a0alevos\u00eda, placer y odio racial con el concurso premeditado de dos\u00a0o m\u00e1s personas, abusando de su funci\u00f3n o cargo por ser miembro de\u00a0una fuerza policial\u201d<\/strong>, en referencia a\u00a0<strong>Lucas,<\/strong>\u00a0y tambi\u00e9n est\u00e1n acusados de\u00a0\u201c<strong>tentativa de homicidio agravado\u201d<\/strong>, en el caso de\u00a0<strong>Juli\u00e1n Salas (19), Joaqu\u00edn Z\u00fa\u00f1iga (18) y Niven Huanca (19<\/strong>), los\u00a0amigos del fallecido.<\/p>\n\n\n\n<p>El Tribunal anunci\u00f3 que el pr\u00f3ximo<strong>&nbsp;23 de agosto se llevar\u00e1 a cabo la audiencia de fundamentos<\/strong>&nbsp;de las penas informadas en el juicio.&nbsp;<\/p>\n\n\n\n<p>El&nbsp;<strong>17 de noviembre de 2021<\/strong>&nbsp;el joven de 17 a\u00f1os sal\u00eda con sus amigos de un&nbsp;<strong>entrenamiento en el Club Barracas<\/strong>&nbsp;y se subieron todos juntos en un auto&nbsp;Volkswagen Suran para volver a sus casas en provincia de Buenos Aires.<\/p>\n\n\n\n<p>A los pocos metros son interceptados por&nbsp;un&nbsp;<strong>Nissan Tiida<\/strong>&nbsp;en el que circulaban&nbsp;<strong>tres polic\u00edas de la Brigada 6 de la Comuna 4.<\/strong><\/p>\n\n\n\n<p><strong>Sin tener identificaci\u00f3n policial<\/strong>&nbsp;que pudiera confirmar que se trataban de efectivos de la fuerza de seguridad<strong>, comenz\u00f3 una persecuci\u00f3n a tiros.<\/strong><\/p>\n\n\n\n<p>Cuadras m\u00e1s adelante sucedi\u00f3 el fatal desenlace. Los polic\u00edas<strong>&nbsp;asesinaron de dos balazos en la cabeza a Lucas<\/strong>,&nbsp;que muri\u00f3 al d\u00eda siguiente en el hospital El Cruce de Florencio Varela tras estar en&nbsp;<strong>coma<\/strong>.<\/p>\n\n\n\n<p>La fat\u00eddica im\u00e1gen de sus amigos no se borra m\u00e1s. No solo vieron la muerte del joven, sino que adem\u00e1s<strong>&nbsp;fueron esposados y maltratados.<\/strong><\/p>\n\n\n\n<p>Durante la investigaci\u00f3n y por lo anunciado por H\u00e9ctor Cuevas en el juicio,&nbsp;<strong>efectivos colocaron un arma de juguete en el ba\u00fal del auto de los chicos<\/strong>&nbsp;para que pareciera que s\u00ed eran ladrones y no simplemente j\u00f3venes saliendo de un entrenamiento.&nbsp;<\/p>\n","protected":false},"excerpt":{"rendered":"<p>El Tribunal Oral Criminal 25 porte\u00f1o conden\u00f3 a&nbsp;prisi\u00f3n perpetua&nbsp;a&nbsp;Gabriel Alejandro Isassi, Fabi\u00e1n&nbsp;Andr\u00e9s L\u00f3pez y Juan Jos\u00e9 Nieva&nbsp;por el crimen de Lucas Gonz\u00e1lez, el joven de 17 a\u00f1os asesinado en noviembre&hellip;<\/p>\n","protected":false},"author":3,"featured_media":169490,"comment_status":"closed","ping_status":"open","sticky":false,"template":"","format":"standard","meta":{"_acf_changed":false,"footnotes":""},"categories":[1,12],"tags":[],"class_list":["post-230733","post","type-post","status-publish","format-standard","has-post-thumbnail","hentry","category-es-noticia","category-sociedad"],"acf":[],"yoast_head":"<!-- This site is optimized with the Yoast SEO plugin v27.5 - https:\/\/yoast.com\/product\/yoast-seo-wordpress\/ -->\n<title>Crimen de Lucas Gonz\u00e1lez: condenaron a prisi\u00f3n perpetua a tres polic\u00edas de la Ciudad - Diario Textual<\/title>\n<meta name=\"robots\" content=\"index, follow, max-snippet:-1, max-image-preview:large, max-video-preview:-1\" \/>\n<link rel=\"canonical\" href=\"https:\/\/diariotextual.com\/inicio\/index.php\/2023\/07\/11\/crimen-de-lucas-gonzalez-condenaron-a-prision-perpetua-a-tres-policias-de-la-ciudad\/\" \/>\n<meta property=\"og:locale\" content=\"es_ES\" \/>\n<meta property=\"og:type\" content=\"article\" \/>\n<meta property=\"og:title\" content=\"Crimen de Lucas Gonz\u00e1lez: condenaron a prisi\u00f3n perpetua a tres polic\u00edas de la Ciudad - Diario Textual\" \/>\n<meta property=\"og:description\" content=\"El Tribunal Oral Criminal 25 porte\u00f1o conden\u00f3 a&nbsp;prisi\u00f3n perpetua&nbsp;a&nbsp;Gabriel Alejandro Isassi, Fabi\u00e1n&nbsp;Andr\u00e9s L\u00f3pez y Juan Jos\u00e9 Nieva&nbsp;por el crimen de Lucas Gonz\u00e1lez, el joven de 17 a\u00f1os asesinado en noviembre&hellip;\" \/>\n<meta property=\"og:url\" content=\"https:\/\/diariotextual.com\/inicio\/index.php\/2023\/07\/11\/crimen-de-lucas-gonzalez-condenaron-a-prision-perpetua-a-tres-policias-de-la-ciudad\/\" \/>\n<meta property=\"og:site_name\" content=\"Diario Textual\" \/>\n<meta property=\"article:publisher\" content=\"https:\/\/www.facebook.com\/eltextual\" \/>\n<meta property=\"article:published_time\" content=\"2023-07-11T16:14:51+00:00\" \/>\n<meta property=\"article:modified_time\" content=\"2023-07-11T19:23:42+00:00\" \/>\n<meta property=\"og:image\" content=\"https:\/\/diariotextual.com\/inicio\/wp-content\/uploads\/2021\/11\/gonzalezlucas009.jpg\" \/>\n\t<meta property=\"og:image:width\" content=\"1118\" \/>\n\t<meta property=\"og:image:height\" content=\"642\" \/>\n\t<meta property=\"og:image:type\" content=\"image\/jpeg\" \/>\n<meta name=\"author\" content=\"Diario1 Diario1\" \/>\n<meta name=\"twitter:card\" content=\"summary_large_image\" \/>\n<meta name=\"twitter:creator\" content=\"@eltextual\" \/>\n<meta name=\"twitter:site\" content=\"@eltextual\" \/>\n<meta name=\"twitter:label1\" content=\"Escrito por\" \/>\n\t<meta name=\"twitter:data1\" content=\"Diario1 Diario1\" \/>\n\t<meta name=\"twitter:label2\" content=\"Tiempo de lectura\" \/>\n\t<meta name=\"twitter:data2\" content=\"2 minutos\" \/>\n<script type=\"application\/ld+json\" class=\"yoast-schema-graph\">{\"@context\":\"https:\\\/\\\/schema.org\",\"@graph\":[{\"@type\":\"Article\",\"@id\":\"https:\\\/\\\/diariotextual.com\\\/inicio\\\/index.php\\\/2023\\\/07\\\/11\\\/crimen-de-lucas-gonzalez-condenaron-a-prision-perpetua-a-tres-policias-de-la-ciudad\\\/#article\",\"isPartOf\":{\"@id\":\"https:\\\/\\\/diariotextual.com\\\/inicio\\\/index.php\\\/2023\\\/07\\\/11\\\/crimen-de-lucas-gonzalez-condenaron-a-prision-perpetua-a-tres-policias-de-la-ciudad\\\/\"},\"author\":{\"name\":\"Diario1 Diario1\",\"@id\":\"https:\\\/\\\/diariotextual.com\\\/inicio\\\/#\\\/schema\\\/person\\\/418fc4093c33e86ed41562db3508f958\"},\"headline\":\"Crimen de Lucas Gonz\u00e1lez: condenaron a prisi\u00f3n perpetua a tres polic\u00edas de la Ciudad\",\"datePublished\":\"2023-07-11T16:14:51+00:00\",\"dateModified\":\"2023-07-11T19:23:42+00:00\",\"mainEntityOfPage\":{\"@id\":\"https:\\\/\\\/diariotextual.com\\\/inicio\\\/index.php\\\/2023\\\/07\\\/11\\\/crimen-de-lucas-gonzalez-condenaron-a-prision-perpetua-a-tres-policias-de-la-ciudad\\\/\"},\"wordCount\":429,\"publisher\":{\"@id\":\"https:\\\/\\\/diariotextual.com\\\/inicio\\\/#organization\"},\"image\":{\"@id\":\"https:\\\/\\\/diariotextual.com\\\/inicio\\\/index.php\\\/2023\\\/07\\\/11\\\/crimen-de-lucas-gonzalez-condenaron-a-prision-perpetua-a-tres-policias-de-la-ciudad\\\/#primaryimage\"},\"thumbnailUrl\":\"https:\\\/\\\/diariotextual.com\\\/inicio\\\/wp-content\\\/uploads\\\/2021\\\/11\\\/gonzalezlucas009.jpg\",\"articleSection\":[\"A - ES NOTICIA (van abajo)\",\"SOCIEDAD\"],\"inLanguage\":\"es\"},{\"@type\":\"WebPage\",\"@id\":\"https:\\\/\\\/diariotextual.com\\\/inicio\\\/index.php\\\/2023\\\/07\\\/11\\\/crimen-de-lucas-gonzalez-condenaron-a-prision-perpetua-a-tres-policias-de-la-ciudad\\\/\",\"url\":\"https:\\\/\\\/diariotextual.com\\\/inicio\\\/index.php\\\/2023\\\/07\\\/11\\\/crimen-de-lucas-gonzalez-condenaron-a-prision-perpetua-a-tres-policias-de-la-ciudad\\\/\",\"name\":\"Crimen de Lucas Gonz\u00e1lez: condenaron a prisi\u00f3n perpetua a tres polic\u00edas de la Ciudad - Diario Textual\",\"isPartOf\":{\"@id\":\"https:\\\/\\\/diariotextual.com\\\/inicio\\\/#website\"},\"primaryImageOfPage\":{\"@id\":\"https:\\\/\\\/diariotextual.com\\\/inicio\\\/index.php\\\/2023\\\/07\\\/11\\\/crimen-de-lucas-gonzalez-condenaron-a-prision-perpetua-a-tres-policias-de-la-ciudad\\\/#primaryimage\"},\"image\":{\"@id\":\"https:\\\/\\\/diariotextual.com\\\/inicio\\\/index.php\\\/2023\\\/07\\\/11\\\/crimen-de-lucas-gonzalez-condenaron-a-prision-perpetua-a-tres-policias-de-la-ciudad\\\/#primaryimage\"},\"thumbnailUrl\":\"https:\\\/\\\/diariotextual.com\\\/inicio\\\/wp-content\\\/uploads\\\/2021\\\/11\\\/gonzalezlucas009.jpg\",\"datePublished\":\"2023-07-11T16:14:51+00:00\",\"dateModified\":\"2023-07-11T19:23:42+00:00\",\"breadcrumb\":{\"@id\":\"https:\\\/\\\/diariotextual.com\\\/inicio\\\/index.php\\\/2023\\\/07\\\/11\\\/crimen-de-lucas-gonzalez-condenaron-a-prision-perpetua-a-tres-policias-de-la-ciudad\\\/#breadcrumb\"},\"inLanguage\":\"es\",\"potentialAction\":[{\"@type\":\"ReadAction\",\"target\":[\"https:\\\/\\\/diariotextual.com\\\/inicio\\\/index.php\\\/2023\\\/07\\\/11\\\/crimen-de-lucas-gonzalez-condenaron-a-prision-perpetua-a-tres-policias-de-la-ciudad\\\/\"]}]},{\"@type\":\"ImageObject\",\"inLanguage\":\"es\",\"@id\":\"https:\\\/\\\/diariotextual.com\\\/inicio\\\/index.php\\\/2023\\\/07\\\/11\\\/crimen-de-lucas-gonzalez-condenaron-a-prision-perpetua-a-tres-policias-de-la-ciudad\\\/#primaryimage\",\"url\":\"https:\\\/\\\/diariotextual.com\\\/inicio\\\/wp-content\\\/uploads\\\/2021\\\/11\\\/gonzalezlucas009.jpg\",\"contentUrl\":\"https:\\\/\\\/diariotextual.com\\\/inicio\\\/wp-content\\\/uploads\\\/2021\\\/11\\\/gonzalezlucas009.jpg\",\"width\":1118,\"height\":642},{\"@type\":\"BreadcrumbList\",\"@id\":\"https:\\\/\\\/diariotextual.com\\\/inicio\\\/index.php\\\/2023\\\/07\\\/11\\\/crimen-de-lucas-gonzalez-condenaron-a-prision-perpetua-a-tres-policias-de-la-ciudad\\\/#breadcrumb\",\"itemListElement\":[{\"@type\":\"ListItem\",\"position\":1,\"name\":\"Portada\",\"item\":\"https:\\\/\\\/diariotextual.com\\\/inicio\\\/\"},{\"@type\":\"ListItem\",\"position\":2,\"name\":\"Crimen de Lucas Gonz\u00e1lez: condenaron a prisi\u00f3n perpetua a tres polic\u00edas de la Ciudad\"}]},{\"@type\":\"WebSite\",\"@id\":\"https:\\\/\\\/diariotextual.com\\\/inicio\\\/#website\",\"url\":\"https:\\\/\\\/diariotextual.com\\\/inicio\\\/\",\"name\":\"Diario Textual\",\"description\":\"\",\"publisher\":{\"@id\":\"https:\\\/\\\/diariotextual.com\\\/inicio\\\/#organization\"},\"potentialAction\":[{\"@type\":\"SearchAction\",\"target\":{\"@type\":\"EntryPoint\",\"urlTemplate\":\"https:\\\/\\\/diariotextual.com\\\/inicio\\\/?s={search_term_string}\"},\"query-input\":{\"@type\":\"PropertyValueSpecification\",\"valueRequired\":true,\"valueName\":\"search_term_string\"}}],\"inLanguage\":\"es\"},{\"@type\":\"Organization\",\"@id\":\"https:\\\/\\\/diariotextual.com\\\/inicio\\\/#organization\",\"name\":\"Diario Textual\",\"url\":\"https:\\\/\\\/diariotextual.com\\\/inicio\\\/\",\"logo\":{\"@type\":\"ImageObject\",\"inLanguage\":\"es\",\"@id\":\"https:\\\/\\\/diariotextual.com\\\/inicio\\\/#\\\/schema\\\/logo\\\/image\\\/\",\"url\":\"https:\\\/\\\/diariotextual.com\\\/inicio\\\/wp-content\\\/uploads\\\/2023\\\/05\\\/logotextual1.jpg\",\"contentUrl\":\"https:\\\/\\\/diariotextual.com\\\/inicio\\\/wp-content\\\/uploads\\\/2023\\\/05\\\/logotextual1.jpg\",\"width\":516,\"height\":76,\"caption\":\"Diario Textual\"},\"image\":{\"@id\":\"https:\\\/\\\/diariotextual.com\\\/inicio\\\/#\\\/schema\\\/logo\\\/image\\\/\"},\"sameAs\":[\"https:\\\/\\\/www.facebook.com\\\/eltextual\",\"https:\\\/\\\/x.com\\\/eltextual\",\"http:\\\/\\\/www.instagram.com\\\/eltextual\"]},{\"@type\":\"Person\",\"@id\":\"https:\\\/\\\/diariotextual.com\\\/inicio\\\/#\\\/schema\\\/person\\\/418fc4093c33e86ed41562db3508f958\",\"name\":\"Diario1 Diario1\",\"image\":{\"@type\":\"ImageObject\",\"inLanguage\":\"es\",\"@id\":\"https:\\\/\\\/secure.gravatar.com\\\/avatar\\\/9167d280179c85bc18be67aa7eda765854300033af4896dd779b608640f2ef7a?s=96&d=mm&r=g\",\"url\":\"https:\\\/\\\/secure.gravatar.com\\\/avatar\\\/9167d280179c85bc18be67aa7eda765854300033af4896dd779b608640f2ef7a?s=96&d=mm&r=g\",\"contentUrl\":\"https:\\\/\\\/secure.gravatar.com\\\/avatar\\\/9167d280179c85bc18be67aa7eda765854300033af4896dd779b608640f2ef7a?s=96&d=mm&r=g\",\"caption\":\"Diario1 Diario1\"},\"url\":\"https:\\\/\\\/diariotextual.com\\\/inicio\\\/index.php\\\/author\\\/diario1\\\/\"}]}<\/script>\n<!-- \/ Yoast SEO plugin. -->","yoast_head_json":{"title":"Crimen de Lucas Gonz\u00e1lez: condenaron a prisi\u00f3n perpetua a tres polic\u00edas de la Ciudad - Diario Textual","robots":{"index":"index","follow":"follow","max-snippet":"max-snippet:-1","max-image-preview":"max-image-preview:large","max-video-preview":"max-video-preview:-1"},"canonical":"https:\/\/diariotextual.com\/inicio\/index.php\/2023\/07\/11\/crimen-de-lucas-gonzalez-condenaron-a-prision-perpetua-a-tres-policias-de-la-ciudad\/","og_locale":"es_ES","og_type":"article","og_title":"Crimen de Lucas Gonz\u00e1lez: condenaron a prisi\u00f3n perpetua a tres polic\u00edas de la Ciudad - Diario Textual","og_description":"El Tribunal Oral Criminal 25 porte\u00f1o conden\u00f3 a&nbsp;prisi\u00f3n perpetua&nbsp;a&nbsp;Gabriel Alejandro Isassi, Fabi\u00e1n&nbsp;Andr\u00e9s L\u00f3pez y Juan Jos\u00e9 Nieva&nbsp;por el crimen de Lucas Gonz\u00e1lez, el joven de 17 a\u00f1os asesinado en noviembre&hellip;","og_url":"https:\/\/diariotextual.com\/inicio\/index.php\/2023\/07\/11\/crimen-de-lucas-gonzalez-condenaron-a-prision-perpetua-a-tres-policias-de-la-ciudad\/","og_site_name":"Diario Textual","article_publisher":"https:\/\/www.facebook.com\/eltextual","article_published_time":"2023-07-11T16:14:51+00:00","article_modified_time":"2023-07-11T19:23:42+00:00","og_image":[{"width":1118,"height":642,"url":"https:\/\/diariotextual.com\/inicio\/wp-content\/uploads\/2021\/11\/gonzalezlucas009.jpg","type":"image\/jpeg"}],"author":"Diario1 Diario1","twitter_card":"summary_large_image","twitter_creator":"@eltextual","twitter_site":"@eltextual","twitter_misc":{"Escrito por":"Diario1 Diario1","Tiempo de lectura":"2 minutos"},"schema":{"@context":"https:\/\/schema.org","@graph":[{"@type":"Article","@id":"https:\/\/diariotextual.com\/inicio\/index.php\/2023\/07\/11\/crimen-de-lucas-gonzalez-condenaron-a-prision-perpetua-a-tres-policias-de-la-ciudad\/#article","isPartOf":{"@id":"https:\/\/diariotextual.com\/inicio\/index.php\/2023\/07\/11\/crimen-de-lucas-gonzalez-condenaron-a-prision-perpetua-a-tres-policias-de-la-ciudad\/"},"author":{"name":"Diario1 Diario1","@id":"https:\/\/diariotextual.com\/inicio\/#\/schema\/person\/418fc4093c33e86ed41562db3508f958"},"headline":"Crimen de Lucas Gonz\u00e1lez: condenaron a prisi\u00f3n perpetua a tres polic\u00edas de la Ciudad","datePublished":"2023-07-11T16:14:51+00:00","dateModified":"2023-07-11T19:23:42+00:00","mainEntityOfPage":{"@id":"https:\/\/diariotextual.com\/inicio\/index.php\/2023\/07\/11\/crimen-de-lucas-gonzalez-condenaron-a-prision-perpetua-a-tres-policias-de-la-ciudad\/"},"wordCount":429,"publisher":{"@id":"https:\/\/diariotextual.com\/inicio\/#organization"},"image":{"@id":"https:\/\/diariotextual.com\/inicio\/index.php\/2023\/07\/11\/crimen-de-lucas-gonzalez-condenaron-a-prision-perpetua-a-tres-policias-de-la-ciudad\/#primaryimage"},"thumbnailUrl":"https:\/\/diariotextual.com\/inicio\/wp-content\/uploads\/2021\/11\/gonzalezlucas009.jpg","articleSection":["A - ES NOTICIA (van abajo)","SOCIEDAD"],"inLanguage":"es"},{"@type":"WebPage","@id":"https:\/\/diariotextual.com\/inicio\/index.php\/2023\/07\/11\/crimen-de-lucas-gonzalez-condenaron-a-prision-perpetua-a-tres-policias-de-la-ciudad\/","url":"https:\/\/diariotextual.com\/inicio\/index.php\/2023\/07\/11\/crimen-de-lucas-gonzalez-condenaron-a-prision-perpetua-a-tres-policias-de-la-ciudad\/","name":"Crimen de Lucas Gonz\u00e1lez: condenaron a prisi\u00f3n perpetua a tres polic\u00edas de la Ciudad - Diario Textual","isPartOf":{"@id":"https:\/\/diariotextual.com\/inicio\/#website"},"primaryImageOfPage":{"@id":"https:\/\/diariotextual.com\/inicio\/index.php\/2023\/07\/11\/crimen-de-lucas-gonzalez-condenaron-a-prision-perpetua-a-tres-policias-de-la-ciudad\/#primaryimage"},"image":{"@id":"https:\/\/diariotextual.com\/inicio\/index.php\/2023\/07\/11\/crimen-de-lucas-gonzalez-condenaron-a-prision-perpetua-a-tres-policias-de-la-ciudad\/#primaryimage"},"thumbnailUrl":"https:\/\/diariotextual.com\/inicio\/wp-content\/uploads\/2021\/11\/gonzalezlucas009.jpg","datePublished":"2023-07-11T16:14:51+00:00","dateModified":"2023-07-11T19:23:42+00:00","breadcrumb":{"@id":"https:\/\/diariotextual.com\/inicio\/index.php\/2023\/07\/11\/crimen-de-lucas-gonzalez-condenaron-a-prision-perpetua-a-tres-policias-de-la-ciudad\/#breadcrumb"},"inLanguage":"es","potentialAction":[{"@type":"ReadAction","target":["https:\/\/diariotextual.com\/inicio\/index.php\/2023\/07\/11\/crimen-de-lucas-gonzalez-condenaron-a-prision-perpetua-a-tres-policias-de-la-ciudad\/"]}]},{"@type":"ImageObject","inLanguage":"es","@id":"https:\/\/diariotextual.com\/inicio\/index.php\/2023\/07\/11\/crimen-de-lucas-gonzalez-condenaron-a-prision-perpetua-a-tres-policias-de-la-ciudad\/#primaryimage","url":"https:\/\/diariotextual.com\/inicio\/wp-content\/uploads\/2021\/11\/gonzalezlucas009.jpg","contentUrl":"https:\/\/diariotextual.com\/inicio\/wp-content\/uploads\/2021\/11\/gonzalezlucas009.jpg","width":1118,"height":642},{"@type":"BreadcrumbList","@id":"https:\/\/diariotextual.com\/inicio\/index.php\/2023\/07\/11\/crimen-de-lucas-gonzalez-condenaron-a-prision-perpetua-a-tres-policias-de-la-ciudad\/#breadcrumb","itemListElement":[{"@type":"ListItem","position":1,"name":"Portada","item":"https:\/\/diariotextual.com\/inicio\/"},{"@type":"ListItem","position":2,"name":"Crimen de Lucas Gonz\u00e1lez: condenaron a prisi\u00f3n perpetua a tres polic\u00edas de la Ciudad"}]},{"@type":"WebSite","@id":"https:\/\/diariotextual.com\/inicio\/#website","url":"https:\/\/diariotextual.com\/inicio\/","name":"Diario Textual","description":"","publisher":{"@id":"https:\/\/diariotextual.com\/inicio\/#organization"},"potentialAction":[{"@type":"SearchAction","target":{"@type":"EntryPoint","urlTemplate":"https:\/\/diariotextual.com\/inicio\/?s={search_term_string}"},"query-input":{"@type":"PropertyValueSpecification","valueRequired":true,"valueName":"search_term_string"}}],"inLanguage":"es"},{"@type":"Organization","@id":"https:\/\/diariotextual.com\/inicio\/#organization","name":"Diario Textual","url":"https:\/\/diariotextual.com\/inicio\/","logo":{"@type":"ImageObject","inLanguage":"es","@id":"https:\/\/diariotextual.com\/inicio\/#\/schema\/logo\/image\/","url":"https:\/\/diariotextual.com\/inicio\/wp-content\/uploads\/2023\/05\/logotextual1.jpg","contentUrl":"https:\/\/diariotextual.com\/inicio\/wp-content\/uploads\/2023\/05\/logotextual1.jpg","width":516,"height":76,"caption":"Diario Textual"},"image":{"@id":"https:\/\/diariotextual.com\/inicio\/#\/schema\/logo\/image\/"},"sameAs":["https:\/\/www.facebook.com\/eltextual","https:\/\/x.com\/eltextual","http:\/\/www.instagram.com\/eltextual"]},{"@type":"Person","@id":"https:\/\/diariotextual.com\/inicio\/#\/schema\/person\/418fc4093c33e86ed41562db3508f958","name":"Diario1 Diario1","image":{"@type":"ImageObject","inLanguage":"es","@id":"https:\/\/secure.gravatar.com\/avatar\/9167d280179c85bc18be67aa7eda765854300033af4896dd779b608640f2ef7a?s=96&d=mm&r=g","url":"https:\/\/secure.gravatar.com\/avatar\/9167d280179c85bc18be67aa7eda765854300033af4896dd779b608640f2ef7a?s=96&d=mm&r=g","contentUrl":"https:\/\/secure.gravatar.com\/avatar\/9167d280179c85bc18be67aa7eda765854300033af4896dd779b608640f2ef7a?s=96&d=mm&r=g","caption":"Diario1 Diario1"},"url":"https:\/\/diariotextual.com\/inicio\/index.php\/author\/diario1\/"}]}},"_links":{"self":[{"href":"https:\/\/diariotextual.com\/inicio\/index.php\/wp-json\/wp\/v2\/posts\/230733","targetHints":{"allow":["GET"]}}],"collection":[{"href":"https:\/\/diariotextual.com\/inicio\/index.php\/wp-json\/wp\/v2\/posts"}],"about":[{"href":"https:\/\/diariotextual.com\/inicio\/index.php\/wp-json\/wp\/v2\/types\/post"}],"author":[{"embeddable":true,"href":"https:\/\/diariotextual.com\/inicio\/index.php\/wp-json\/wp\/v2\/users\/3"}],"replies":[{"embeddable":true,"href":"https:\/\/diariotextual.com\/inicio\/index.php\/wp-json\/wp\/v2\/comments?post=230733"}],"version-history":[{"count":4,"href":"https:\/\/diariotextual.com\/inicio\/index.php\/wp-json\/wp\/v2\/posts\/230733\/revisions"}],"predecessor-version":[{"id":230737,"href":"https:\/\/diariotextual.com\/inicio\/index.php\/wp-json\/wp\/v2\/posts\/230733\/revisions\/230737"}],"wp:featuredmedia":[{"embeddable":true,"href":"https:\/\/diariotextual.com\/inicio\/index.php\/wp-json\/wp\/v2\/media\/169490"}],"wp:attachment":[{"href":"https:\/\/diariotextual.com\/inicio\/index.php\/wp-json\/wp\/v2\/media?parent=230733"}],"wp:term":[{"taxonomy":"category","embeddable":true,"href":"https:\/\/diariotextual.com\/inicio\/index.php\/wp-json\/wp\/v2\/categories?post=230733"},{"taxonomy":"post_tag","embeddable":true,"href":"https:\/\/diariotextual.com\/inicio\/index.php\/wp-json\/wp\/v2\/tags?post=230733"}],"curies":[{"name":"wp","href":"https:\/\/api.w.org\/{rel}","templated":true}]}}