{"id":230749,"date":"2023-07-11T16:23:15","date_gmt":"2023-07-11T19:23:15","guid":{"rendered":"https:\/\/diariotextual.com\/inicio\/?p=230749"},"modified":"2023-07-11T18:16:56","modified_gmt":"2023-07-11T21:16:56","slug":"los-primeros-egresados-de-la-maestria-en-ensenanza-en-escenarios-digitales","status":"publish","type":"post","link":"https:\/\/diariotextual.com\/inicio\/index.php\/2023\/07\/11\/los-primeros-egresados-de-la-maestria-en-ensenanza-en-escenarios-digitales\/","title":{"rendered":"Los primeros egresados de la Maestr\u00eda en Ense\u00f1anza en Escenarios Digitales"},"content":{"rendered":"\n<p>El acto de colaci\u00f3n de Grado y Posgrado desarrollado el viernes 7 de julio en el Aula Magna de la Universidad Nacional de La Pampa represent\u00f3 un hecho trascendente para la casa de estudios pampeana y para la Facultad de Ciencias Exactas y Naturales en particular: la entrega de diplomas a las y los cinco primeros egresadas y egresados de la Maestr\u00eda en Ense\u00f1anza en Escenarios Digitales.<\/p>\n\n\n\n<p>Se trata de una carrera de reciente creaci\u00f3n que presenta varios perfiles novedosos, por caso, el hecho de que se dicta bajo un mismo trayecto formativo en siete universidades p\u00fablicas argentinas. Junto con la UNLPam, las otras sedes son las Universidades Nacionales del Comahue, de Cuyo, de Chilecito, de la Patagonia Austral, de la Patagonia San Juan Bosco, de San Luis, todas ellas en el marco de la Asociaci\u00f3n de Universidades Sur Andina (AUSA).<\/p>\n\n\n\n<p>La maestr\u00eda, de car\u00e1cter profesionalizante y modalidad a distancia, tiene una duraci\u00f3n de dos a\u00f1os y una carga horaria de 740 horas. Est\u00e1 dirigida a graduados universitarios en cualquier especialidad, o egresados de Institutos de Educaci\u00f3n Superior No Universitario con titulaci\u00f3n de 4 a\u00f1os como m\u00ednimo, con inter\u00e9s en avanzar en la mejora de sus pr\u00e1cticas de ense\u00f1anza.<\/p>\n\n\n\n<p>Lo hace con la premisa de que la incorporaci\u00f3n y apropiaci\u00f3n de las TICs no debe ser s\u00f3lo instrumental, sino desde el conocimiento de las l\u00f3gicas en las que se insertan y que impactan sobre la construcci\u00f3n de la subjetividad en el plano cognitivo y social.<\/p>\n\n\n\n<p>En el caso pampeano, en el acto del viernes recibieron sus diplomas las\/os primeras\/os egresadas\/os de la Maestr\u00eda. El primero en defender su Trabajo Final Integrador fue el ahora magister Fabio Rub\u00e9n Prieto, que lo hizo el 16 de febrero de 2022 con \u201cDise\u00f1o de un EVEA para la Tecnicatura en Inform\u00e1tica de Gesti\u00f3n\u00bb. Unos pocos d\u00edas despu\u00e9s, el 9 de marzo, le sigui\u00f3 Melina de Lourdes Collino con \u201cEl uso de las TICs en la ense\u00f1anza del ingl\u00e9s\u201d.<\/p>\n\n\n\n<p>Mar\u00eda Esther Juana Castro expuso su tesis \u201cAplicaci\u00f3n de la tecnolog\u00eda Realidad Aumentada en el proceso de aprendizaje-ense\u00f1anza de la materia Anatomofisiolog\u00eda de la Licenciatura en Enfermer\u00eda de la Facultad de Ciencias Exactas y Naturales de la Universidad Nacional de La Pampa\u201d el 24 de mayo de 2022; Romina Aimar lo hizo el 29 de agosto con \u201cAdecuaci\u00f3n de plataforma virtual para su uso en el poder judicial de la provincia de La Pampa\u201d, y Mar\u00eda Gabriela Sardi el 26 de septiembre con \u201cPropuesta de intervenci\u00f3n pedag\u00f3gica en escenarios digitales. Caso de Introducci\u00f3n a la Geograf\u00eda. Facultad de Ciencias Humanas, UNLPam\u201d.<\/p>\n\n\n\n<p>Prieto y Castro son docentes en la Facultad de Ciencias Exactas y Naturales; Aimar en la de Econ\u00f3micas y Jur\u00eddicas; Sardi en Ciencias Humanas y Collino ejerce la funci\u00f3n docente en establecimientos de Nivel Secundario.<\/p>\n","protected":false},"excerpt":{"rendered":"<p>El acto de colaci\u00f3n de Grado y Posgrado desarrollado el viernes 7 de julio en el Aula Magna de la Universidad Nacional de La Pampa represent\u00f3 un hecho trascendente para&hellip;<\/p>\n","protected":false},"author":3,"featured_media":230752,"comment_status":"closed","ping_status":"open","sticky":false,"template":"","format":"standard","meta":{"_acf_changed":false,"footnotes":""},"categories":[1,11,12],"tags":[],"class_list":["post-230749","post","type-post","status-publish","format-standard","has-post-thumbnail","hentry","category-es-noticia","category-que-pasa","category-sociedad"],"acf":[],"yoast_head":"<!-- This site is optimized with the Yoast SEO plugin v27.5 - https:\/\/yoast.com\/product\/yoast-seo-wordpress\/ -->\n<title>Los primeros egresados de la Maestr\u00eda en Ense\u00f1anza en Escenarios Digitales - Diario Textual<\/title>\n<meta name=\"robots\" content=\"index, follow, max-snippet:-1, max-image-preview:large, max-video-preview:-1\" \/>\n<link rel=\"canonical\" href=\"https:\/\/diariotextual.com\/inicio\/index.php\/2023\/07\/11\/los-primeros-egresados-de-la-maestria-en-ensenanza-en-escenarios-digitales\/\" \/>\n<meta property=\"og:locale\" content=\"es_ES\" \/>\n<meta property=\"og:type\" content=\"article\" \/>\n<meta property=\"og:title\" content=\"Los primeros egresados de la Maestr\u00eda en Ense\u00f1anza en Escenarios Digitales - Diario Textual\" \/>\n<meta property=\"og:description\" content=\"El acto de colaci\u00f3n de Grado y Posgrado desarrollado el viernes 7 de julio en el Aula Magna de la Universidad Nacional de La Pampa represent\u00f3 un hecho trascendente para&hellip;\" \/>\n<meta property=\"og:url\" content=\"https:\/\/diariotextual.com\/inicio\/index.php\/2023\/07\/11\/los-primeros-egresados-de-la-maestria-en-ensenanza-en-escenarios-digitales\/\" \/>\n<meta property=\"og:site_name\" content=\"Diario Textual\" \/>\n<meta property=\"article:publisher\" content=\"https:\/\/www.facebook.com\/eltextual\" \/>\n<meta property=\"article:published_time\" content=\"2023-07-11T19:23:15+00:00\" \/>\n<meta property=\"article:modified_time\" content=\"2023-07-11T21:16:56+00:00\" \/>\n<meta property=\"og:image\" content=\"https:\/\/diariotextual.com\/inicio\/wp-content\/uploads\/2023\/07\/egresadosmaestriaescenariosdigitales2023-1.jpg\" \/>\n\t<meta property=\"og:image:width\" content=\"1500\" \/>\n\t<meta property=\"og:image:height\" content=\"999\" \/>\n\t<meta property=\"og:image:type\" content=\"image\/jpeg\" \/>\n<meta name=\"author\" content=\"Diario1 Diario1\" \/>\n<meta name=\"twitter:card\" content=\"summary_large_image\" \/>\n<meta name=\"twitter:creator\" content=\"@eltextual\" \/>\n<meta name=\"twitter:site\" content=\"@eltextual\" \/>\n<meta name=\"twitter:label1\" content=\"Escrito por\" \/>\n\t<meta name=\"twitter:data1\" content=\"Diario1 Diario1\" \/>\n\t<meta name=\"twitter:label2\" content=\"Tiempo de lectura\" \/>\n\t<meta name=\"twitter:data2\" content=\"3 minutos\" \/>\n<script type=\"application\/ld+json\" class=\"yoast-schema-graph\">{\"@context\":\"https:\\\/\\\/schema.org\",\"@graph\":[{\"@type\":\"Article\",\"@id\":\"https:\\\/\\\/diariotextual.com\\\/inicio\\\/index.php\\\/2023\\\/07\\\/11\\\/los-primeros-egresados-de-la-maestria-en-ensenanza-en-escenarios-digitales\\\/#article\",\"isPartOf\":{\"@id\":\"https:\\\/\\\/diariotextual.com\\\/inicio\\\/index.php\\\/2023\\\/07\\\/11\\\/los-primeros-egresados-de-la-maestria-en-ensenanza-en-escenarios-digitales\\\/\"},\"author\":{\"name\":\"Diario1 Diario1\",\"@id\":\"https:\\\/\\\/diariotextual.com\\\/inicio\\\/#\\\/schema\\\/person\\\/418fc4093c33e86ed41562db3508f958\"},\"headline\":\"Los primeros egresados de la Maestr\u00eda en Ense\u00f1anza en Escenarios Digitales\",\"datePublished\":\"2023-07-11T19:23:15+00:00\",\"dateModified\":\"2023-07-11T21:16:56+00:00\",\"mainEntityOfPage\":{\"@id\":\"https:\\\/\\\/diariotextual.com\\\/inicio\\\/index.php\\\/2023\\\/07\\\/11\\\/los-primeros-egresados-de-la-maestria-en-ensenanza-en-escenarios-digitales\\\/\"},\"wordCount\":512,\"publisher\":{\"@id\":\"https:\\\/\\\/diariotextual.com\\\/inicio\\\/#organization\"},\"image\":{\"@id\":\"https:\\\/\\\/diariotextual.com\\\/inicio\\\/index.php\\\/2023\\\/07\\\/11\\\/los-primeros-egresados-de-la-maestria-en-ensenanza-en-escenarios-digitales\\\/#primaryimage\"},\"thumbnailUrl\":\"https:\\\/\\\/diariotextual.com\\\/inicio\\\/wp-content\\\/uploads\\\/2023\\\/07\\\/egresadosmaestriaescenariosdigitales2023-1.jpg\",\"articleSection\":[\"A - ES NOTICIA (van abajo)\",\"A - QUE PASA (al costado)\",\"SOCIEDAD\"],\"inLanguage\":\"es\"},{\"@type\":\"WebPage\",\"@id\":\"https:\\\/\\\/diariotextual.com\\\/inicio\\\/index.php\\\/2023\\\/07\\\/11\\\/los-primeros-egresados-de-la-maestria-en-ensenanza-en-escenarios-digitales\\\/\",\"url\":\"https:\\\/\\\/diariotextual.com\\\/inicio\\\/index.php\\\/2023\\\/07\\\/11\\\/los-primeros-egresados-de-la-maestria-en-ensenanza-en-escenarios-digitales\\\/\",\"name\":\"Los primeros egresados de la Maestr\u00eda en Ense\u00f1anza en Escenarios Digitales - Diario Textual\",\"isPartOf\":{\"@id\":\"https:\\\/\\\/diariotextual.com\\\/inicio\\\/#website\"},\"primaryImageOfPage\":{\"@id\":\"https:\\\/\\\/diariotextual.com\\\/inicio\\\/index.php\\\/2023\\\/07\\\/11\\\/los-primeros-egresados-de-la-maestria-en-ensenanza-en-escenarios-digitales\\\/#primaryimage\"},\"image\":{\"@id\":\"https:\\\/\\\/diariotextual.com\\\/inicio\\\/index.php\\\/2023\\\/07\\\/11\\\/los-primeros-egresados-de-la-maestria-en-ensenanza-en-escenarios-digitales\\\/#primaryimage\"},\"thumbnailUrl\":\"https:\\\/\\\/diariotextual.com\\\/inicio\\\/wp-content\\\/uploads\\\/2023\\\/07\\\/egresadosmaestriaescenariosdigitales2023-1.jpg\",\"datePublished\":\"2023-07-11T19:23:15+00:00\",\"dateModified\":\"2023-07-11T21:16:56+00:00\",\"breadcrumb\":{\"@id\":\"https:\\\/\\\/diariotextual.com\\\/inicio\\\/index.php\\\/2023\\\/07\\\/11\\\/los-primeros-egresados-de-la-maestria-en-ensenanza-en-escenarios-digitales\\\/#breadcrumb\"},\"inLanguage\":\"es\",\"potentialAction\":[{\"@type\":\"ReadAction\",\"target\":[\"https:\\\/\\\/diariotextual.com\\\/inicio\\\/index.php\\\/2023\\\/07\\\/11\\\/los-primeros-egresados-de-la-maestria-en-ensenanza-en-escenarios-digitales\\\/\"]}]},{\"@type\":\"ImageObject\",\"inLanguage\":\"es\",\"@id\":\"https:\\\/\\\/diariotextual.com\\\/inicio\\\/index.php\\\/2023\\\/07\\\/11\\\/los-primeros-egresados-de-la-maestria-en-ensenanza-en-escenarios-digitales\\\/#primaryimage\",\"url\":\"https:\\\/\\\/diariotextual.com\\\/inicio\\\/wp-content\\\/uploads\\\/2023\\\/07\\\/egresadosmaestriaescenariosdigitales2023-1.jpg\",\"contentUrl\":\"https:\\\/\\\/diariotextual.com\\\/inicio\\\/wp-content\\\/uploads\\\/2023\\\/07\\\/egresadosmaestriaescenariosdigitales2023-1.jpg\",\"width\":1500,\"height\":999},{\"@type\":\"BreadcrumbList\",\"@id\":\"https:\\\/\\\/diariotextual.com\\\/inicio\\\/index.php\\\/2023\\\/07\\\/11\\\/los-primeros-egresados-de-la-maestria-en-ensenanza-en-escenarios-digitales\\\/#breadcrumb\",\"itemListElement\":[{\"@type\":\"ListItem\",\"position\":1,\"name\":\"Portada\",\"item\":\"https:\\\/\\\/diariotextual.com\\\/inicio\\\/\"},{\"@type\":\"ListItem\",\"position\":2,\"name\":\"Los primeros egresados de la Maestr\u00eda en Ense\u00f1anza en Escenarios Digitales\"}]},{\"@type\":\"WebSite\",\"@id\":\"https:\\\/\\\/diariotextual.com\\\/inicio\\\/#website\",\"url\":\"https:\\\/\\\/diariotextual.com\\\/inicio\\\/\",\"name\":\"Diario Textual\",\"description\":\"\",\"publisher\":{\"@id\":\"https:\\\/\\\/diariotextual.com\\\/inicio\\\/#organization\"},\"potentialAction\":[{\"@type\":\"SearchAction\",\"target\":{\"@type\":\"EntryPoint\",\"urlTemplate\":\"https:\\\/\\\/diariotextual.com\\\/inicio\\\/?s={search_term_string}\"},\"query-input\":{\"@type\":\"PropertyValueSpecification\",\"valueRequired\":true,\"valueName\":\"search_term_string\"}}],\"inLanguage\":\"es\"},{\"@type\":\"Organization\",\"@id\":\"https:\\\/\\\/diariotextual.com\\\/inicio\\\/#organization\",\"name\":\"Diario Textual\",\"url\":\"https:\\\/\\\/diariotextual.com\\\/inicio\\\/\",\"logo\":{\"@type\":\"ImageObject\",\"inLanguage\":\"es\",\"@id\":\"https:\\\/\\\/diariotextual.com\\\/inicio\\\/#\\\/schema\\\/logo\\\/image\\\/\",\"url\":\"https:\\\/\\\/diariotextual.com\\\/inicio\\\/wp-content\\\/uploads\\\/2023\\\/05\\\/logotextual1.jpg\",\"contentUrl\":\"https:\\\/\\\/diariotextual.com\\\/inicio\\\/wp-content\\\/uploads\\\/2023\\\/05\\\/logotextual1.jpg\",\"width\":516,\"height\":76,\"caption\":\"Diario Textual\"},\"image\":{\"@id\":\"https:\\\/\\\/diariotextual.com\\\/inicio\\\/#\\\/schema\\\/logo\\\/image\\\/\"},\"sameAs\":[\"https:\\\/\\\/www.facebook.com\\\/eltextual\",\"https:\\\/\\\/x.com\\\/eltextual\",\"http:\\\/\\\/www.instagram.com\\\/eltextual\"]},{\"@type\":\"Person\",\"@id\":\"https:\\\/\\\/diariotextual.com\\\/inicio\\\/#\\\/schema\\\/person\\\/418fc4093c33e86ed41562db3508f958\",\"name\":\"Diario1 Diario1\",\"image\":{\"@type\":\"ImageObject\",\"inLanguage\":\"es\",\"@id\":\"https:\\\/\\\/secure.gravatar.com\\\/avatar\\\/9167d280179c85bc18be67aa7eda765854300033af4896dd779b608640f2ef7a?s=96&d=mm&r=g\",\"url\":\"https:\\\/\\\/secure.gravatar.com\\\/avatar\\\/9167d280179c85bc18be67aa7eda765854300033af4896dd779b608640f2ef7a?s=96&d=mm&r=g\",\"contentUrl\":\"https:\\\/\\\/secure.gravatar.com\\\/avatar\\\/9167d280179c85bc18be67aa7eda765854300033af4896dd779b608640f2ef7a?s=96&d=mm&r=g\",\"caption\":\"Diario1 Diario1\"},\"url\":\"https:\\\/\\\/diariotextual.com\\\/inicio\\\/index.php\\\/author\\\/diario1\\\/\"}]}<\/script>\n<!-- \/ Yoast SEO plugin. -->","yoast_head_json":{"title":"Los primeros egresados de la Maestr\u00eda en Ense\u00f1anza en Escenarios Digitales - Diario Textual","robots":{"index":"index","follow":"follow","max-snippet":"max-snippet:-1","max-image-preview":"max-image-preview:large","max-video-preview":"max-video-preview:-1"},"canonical":"https:\/\/diariotextual.com\/inicio\/index.php\/2023\/07\/11\/los-primeros-egresados-de-la-maestria-en-ensenanza-en-escenarios-digitales\/","og_locale":"es_ES","og_type":"article","og_title":"Los primeros egresados de la Maestr\u00eda en Ense\u00f1anza en Escenarios Digitales - Diario Textual","og_description":"El acto de colaci\u00f3n de Grado y Posgrado desarrollado el viernes 7 de julio en el Aula Magna de la Universidad Nacional de La Pampa represent\u00f3 un hecho trascendente para&hellip;","og_url":"https:\/\/diariotextual.com\/inicio\/index.php\/2023\/07\/11\/los-primeros-egresados-de-la-maestria-en-ensenanza-en-escenarios-digitales\/","og_site_name":"Diario Textual","article_publisher":"https:\/\/www.facebook.com\/eltextual","article_published_time":"2023-07-11T19:23:15+00:00","article_modified_time":"2023-07-11T21:16:56+00:00","og_image":[{"width":1500,"height":999,"url":"https:\/\/diariotextual.com\/inicio\/wp-content\/uploads\/2023\/07\/egresadosmaestriaescenariosdigitales2023-1.jpg","type":"image\/jpeg"}],"author":"Diario1 Diario1","twitter_card":"summary_large_image","twitter_creator":"@eltextual","twitter_site":"@eltextual","twitter_misc":{"Escrito por":"Diario1 Diario1","Tiempo de lectura":"3 minutos"},"schema":{"@context":"https:\/\/schema.org","@graph":[{"@type":"Article","@id":"https:\/\/diariotextual.com\/inicio\/index.php\/2023\/07\/11\/los-primeros-egresados-de-la-maestria-en-ensenanza-en-escenarios-digitales\/#article","isPartOf":{"@id":"https:\/\/diariotextual.com\/inicio\/index.php\/2023\/07\/11\/los-primeros-egresados-de-la-maestria-en-ensenanza-en-escenarios-digitales\/"},"author":{"name":"Diario1 Diario1","@id":"https:\/\/diariotextual.com\/inicio\/#\/schema\/person\/418fc4093c33e86ed41562db3508f958"},"headline":"Los primeros egresados de la Maestr\u00eda en Ense\u00f1anza en Escenarios Digitales","datePublished":"2023-07-11T19:23:15+00:00","dateModified":"2023-07-11T21:16:56+00:00","mainEntityOfPage":{"@id":"https:\/\/diariotextual.com\/inicio\/index.php\/2023\/07\/11\/los-primeros-egresados-de-la-maestria-en-ensenanza-en-escenarios-digitales\/"},"wordCount":512,"publisher":{"@id":"https:\/\/diariotextual.com\/inicio\/#organization"},"image":{"@id":"https:\/\/diariotextual.com\/inicio\/index.php\/2023\/07\/11\/los-primeros-egresados-de-la-maestria-en-ensenanza-en-escenarios-digitales\/#primaryimage"},"thumbnailUrl":"https:\/\/diariotextual.com\/inicio\/wp-content\/uploads\/2023\/07\/egresadosmaestriaescenariosdigitales2023-1.jpg","articleSection":["A - ES NOTICIA (van abajo)","A - QUE PASA (al costado)","SOCIEDAD"],"inLanguage":"es"},{"@type":"WebPage","@id":"https:\/\/diariotextual.com\/inicio\/index.php\/2023\/07\/11\/los-primeros-egresados-de-la-maestria-en-ensenanza-en-escenarios-digitales\/","url":"https:\/\/diariotextual.com\/inicio\/index.php\/2023\/07\/11\/los-primeros-egresados-de-la-maestria-en-ensenanza-en-escenarios-digitales\/","name":"Los primeros egresados de la Maestr\u00eda en Ense\u00f1anza en Escenarios Digitales - Diario Textual","isPartOf":{"@id":"https:\/\/diariotextual.com\/inicio\/#website"},"primaryImageOfPage":{"@id":"https:\/\/diariotextual.com\/inicio\/index.php\/2023\/07\/11\/los-primeros-egresados-de-la-maestria-en-ensenanza-en-escenarios-digitales\/#primaryimage"},"image":{"@id":"https:\/\/diariotextual.com\/inicio\/index.php\/2023\/07\/11\/los-primeros-egresados-de-la-maestria-en-ensenanza-en-escenarios-digitales\/#primaryimage"},"thumbnailUrl":"https:\/\/diariotextual.com\/inicio\/wp-content\/uploads\/2023\/07\/egresadosmaestriaescenariosdigitales2023-1.jpg","datePublished":"2023-07-11T19:23:15+00:00","dateModified":"2023-07-11T21:16:56+00:00","breadcrumb":{"@id":"https:\/\/diariotextual.com\/inicio\/index.php\/2023\/07\/11\/los-primeros-egresados-de-la-maestria-en-ensenanza-en-escenarios-digitales\/#breadcrumb"},"inLanguage":"es","potentialAction":[{"@type":"ReadAction","target":["https:\/\/diariotextual.com\/inicio\/index.php\/2023\/07\/11\/los-primeros-egresados-de-la-maestria-en-ensenanza-en-escenarios-digitales\/"]}]},{"@type":"ImageObject","inLanguage":"es","@id":"https:\/\/diariotextual.com\/inicio\/index.php\/2023\/07\/11\/los-primeros-egresados-de-la-maestria-en-ensenanza-en-escenarios-digitales\/#primaryimage","url":"https:\/\/diariotextual.com\/inicio\/wp-content\/uploads\/2023\/07\/egresadosmaestriaescenariosdigitales2023-1.jpg","contentUrl":"https:\/\/diariotextual.com\/inicio\/wp-content\/uploads\/2023\/07\/egresadosmaestriaescenariosdigitales2023-1.jpg","width":1500,"height":999},{"@type":"BreadcrumbList","@id":"https:\/\/diariotextual.com\/inicio\/index.php\/2023\/07\/11\/los-primeros-egresados-de-la-maestria-en-ensenanza-en-escenarios-digitales\/#breadcrumb","itemListElement":[{"@type":"ListItem","position":1,"name":"Portada","item":"https:\/\/diariotextual.com\/inicio\/"},{"@type":"ListItem","position":2,"name":"Los primeros egresados de la Maestr\u00eda en Ense\u00f1anza en Escenarios Digitales"}]},{"@type":"WebSite","@id":"https:\/\/diariotextual.com\/inicio\/#website","url":"https:\/\/diariotextual.com\/inicio\/","name":"Diario Textual","description":"","publisher":{"@id":"https:\/\/diariotextual.com\/inicio\/#organization"},"potentialAction":[{"@type":"SearchAction","target":{"@type":"EntryPoint","urlTemplate":"https:\/\/diariotextual.com\/inicio\/?s={search_term_string}"},"query-input":{"@type":"PropertyValueSpecification","valueRequired":true,"valueName":"search_term_string"}}],"inLanguage":"es"},{"@type":"Organization","@id":"https:\/\/diariotextual.com\/inicio\/#organization","name":"Diario Textual","url":"https:\/\/diariotextual.com\/inicio\/","logo":{"@type":"ImageObject","inLanguage":"es","@id":"https:\/\/diariotextual.com\/inicio\/#\/schema\/logo\/image\/","url":"https:\/\/diariotextual.com\/inicio\/wp-content\/uploads\/2023\/05\/logotextual1.jpg","contentUrl":"https:\/\/diariotextual.com\/inicio\/wp-content\/uploads\/2023\/05\/logotextual1.jpg","width":516,"height":76,"caption":"Diario Textual"},"image":{"@id":"https:\/\/diariotextual.com\/inicio\/#\/schema\/logo\/image\/"},"sameAs":["https:\/\/www.facebook.com\/eltextual","https:\/\/x.com\/eltextual","http:\/\/www.instagram.com\/eltextual"]},{"@type":"Person","@id":"https:\/\/diariotextual.com\/inicio\/#\/schema\/person\/418fc4093c33e86ed41562db3508f958","name":"Diario1 Diario1","image":{"@type":"ImageObject","inLanguage":"es","@id":"https:\/\/secure.gravatar.com\/avatar\/9167d280179c85bc18be67aa7eda765854300033af4896dd779b608640f2ef7a?s=96&d=mm&r=g","url":"https:\/\/secure.gravatar.com\/avatar\/9167d280179c85bc18be67aa7eda765854300033af4896dd779b608640f2ef7a?s=96&d=mm&r=g","contentUrl":"https:\/\/secure.gravatar.com\/avatar\/9167d280179c85bc18be67aa7eda765854300033af4896dd779b608640f2ef7a?s=96&d=mm&r=g","caption":"Diario1 Diario1"},"url":"https:\/\/diariotextual.com\/inicio\/index.php\/author\/diario1\/"}]}},"_links":{"self":[{"href":"https:\/\/diariotextual.com\/inicio\/index.php\/wp-json\/wp\/v2\/posts\/230749","targetHints":{"allow":["GET"]}}],"collection":[{"href":"https:\/\/diariotextual.com\/inicio\/index.php\/wp-json\/wp\/v2\/posts"}],"about":[{"href":"https:\/\/diariotextual.com\/inicio\/index.php\/wp-json\/wp\/v2\/types\/post"}],"author":[{"embeddable":true,"href":"https:\/\/diariotextual.com\/inicio\/index.php\/wp-json\/wp\/v2\/users\/3"}],"replies":[{"embeddable":true,"href":"https:\/\/diariotextual.com\/inicio\/index.php\/wp-json\/wp\/v2\/comments?post=230749"}],"version-history":[{"count":3,"href":"https:\/\/diariotextual.com\/inicio\/index.php\/wp-json\/wp\/v2\/posts\/230749\/revisions"}],"predecessor-version":[{"id":230753,"href":"https:\/\/diariotextual.com\/inicio\/index.php\/wp-json\/wp\/v2\/posts\/230749\/revisions\/230753"}],"wp:featuredmedia":[{"embeddable":true,"href":"https:\/\/diariotextual.com\/inicio\/index.php\/wp-json\/wp\/v2\/media\/230752"}],"wp:attachment":[{"href":"https:\/\/diariotextual.com\/inicio\/index.php\/wp-json\/wp\/v2\/media?parent=230749"}],"wp:term":[{"taxonomy":"category","embeddable":true,"href":"https:\/\/diariotextual.com\/inicio\/index.php\/wp-json\/wp\/v2\/categories?post=230749"},{"taxonomy":"post_tag","embeddable":true,"href":"https:\/\/diariotextual.com\/inicio\/index.php\/wp-json\/wp\/v2\/tags?post=230749"}],"curies":[{"name":"wp","href":"https:\/\/api.w.org\/{rel}","templated":true}]}}