{"id":230755,"date":"2023-07-11T16:54:10","date_gmt":"2023-07-11T19:54:10","guid":{"rendered":"https:\/\/diariotextual.com\/inicio\/?p=230755"},"modified":"2023-07-11T18:30:47","modified_gmt":"2023-07-11T21:30:47","slug":"marcos-di-palma-debera-pagar-una-multa-millonaria-por-haber-dejado-todo-un-pueblo-sin-luz","status":"publish","type":"post","link":"https:\/\/diariotextual.com\/inicio\/index.php\/2023\/07\/11\/marcos-di-palma-debera-pagar-una-multa-millonaria-por-haber-dejado-todo-un-pueblo-sin-luz\/","title":{"rendered":"Marcos Di Palma deber\u00e1 pagar una multa millonaria por haber dejado todo un pueblo sin luz"},"content":{"rendered":"\n<p>El <strong>Juzgado federal N\u00b02 de San Nicol\u00e1s<\/strong> le impuso una multa de<strong> $8,4 millones<\/strong> al expiloto y exdiputado provincial Marcos Di Palma por haber dejado a un pueblo sin luz luego de chocar un cable con su avioneta. Este accidente ocurri\u00f3 en 2017 en la peque\u00f1a ciudad de Capit\u00e1n Sarmiento, vecina a Arrecifes, donde reside, en la provincia de Buenos Aires.<\/p>\n\n\n\n<p>Di Palma acept\u00f3 su responsabilidad en una negociaci\u00f3n de una probation. La acusaci\u00f3n fue por el delito de entorpecimiento de servicios p\u00fablicos y fue imputado por el fiscal federal Mat\u00edas Di Lello, que hab\u00eda solicitado su elevaci\u00f3n a juicio y hab\u00eda pedido el decomiso de la avioneta, a la que un perito le encontr\u00f3 diversos defectos y requer\u00eda un fuerte presupuesto en reparaciones.<\/p>\n\n\n\n<p>Para reparar su accionar, Di Palma deber\u00e1 realizar trabajos comunitarios cada s\u00e1bado durante un a\u00f1o en una escuela de la zona y pagar los $8,4 millones \u201cen un solo pago, deposit\u00e1ndose dicho monto dentro del plazo de cinco (7) d\u00edas h\u00e1biles desde la notificaci\u00f3n a la defensa del causante\u201d.<\/p>\n\n\n\n<p>El 4 de diciembre de 2017 al mediod\u00eda, el ex piloto intent\u00f3 aterrizar una aeronave CESSNA 182J a la vera de la ruta nacional 8, entre las localidades de Arrecifes y Capit\u00e1n Sarmiento. Al realizar la maniobra, impact\u00f3 su plano izquierdo contra un cable de alta tensi\u00f3n y dej\u00f3 sin luz a todo Capit\u00e1n Sarmiento y parte de Carmen de Areco.<\/p>\n\n\n\n<p>La Junta de Investigaci\u00f3n de Accidentes de Aviaci\u00f3n Civil (JIAAC) identific\u00f3 a Di Palma como el piloto y luego constat\u00f3 que ten\u00eda su licencia vencida. Di Palma hab\u00eda intentado renovarla en el a\u00f1o 2010, pero fue su apto psicof\u00edsico fue rechazado por la Autoridad Aeron\u00e1utica.<\/p>\n","protected":false},"excerpt":{"rendered":"<p>El Juzgado federal N\u00b02 de San Nicol\u00e1s le impuso una multa de $8,4 millones al expiloto y exdiputado provincial Marcos Di Palma por haber dejado a un pueblo sin luz&hellip;<\/p>\n","protected":false},"author":3,"featured_media":230757,"comment_status":"closed","ping_status":"open","sticky":false,"template":"","format":"standard","meta":{"_acf_changed":false,"footnotes":""},"categories":[1,12],"tags":[],"class_list":["post-230755","post","type-post","status-publish","format-standard","has-post-thumbnail","hentry","category-es-noticia","category-sociedad"],"acf":[],"yoast_head":"<!-- This site is optimized with the Yoast SEO plugin v27.5 - https:\/\/yoast.com\/product\/yoast-seo-wordpress\/ -->\n<title>Marcos Di Palma deber\u00e1 pagar una multa millonaria por haber dejado todo un pueblo sin luz - Diario Textual<\/title>\n<meta name=\"robots\" content=\"index, follow, max-snippet:-1, max-image-preview:large, max-video-preview:-1\" \/>\n<link rel=\"canonical\" href=\"https:\/\/diariotextual.com\/inicio\/index.php\/2023\/07\/11\/marcos-di-palma-debera-pagar-una-multa-millonaria-por-haber-dejado-todo-un-pueblo-sin-luz\/\" \/>\n<meta property=\"og:locale\" content=\"es_ES\" \/>\n<meta property=\"og:type\" content=\"article\" \/>\n<meta property=\"og:title\" content=\"Marcos Di Palma deber\u00e1 pagar una multa millonaria por haber dejado todo un pueblo sin luz - Diario Textual\" \/>\n<meta property=\"og:description\" content=\"El Juzgado federal N\u00b02 de San Nicol\u00e1s le impuso una multa de $8,4 millones al expiloto y exdiputado provincial Marcos Di Palma por haber dejado a un pueblo sin luz&hellip;\" \/>\n<meta property=\"og:url\" content=\"https:\/\/diariotextual.com\/inicio\/index.php\/2023\/07\/11\/marcos-di-palma-debera-pagar-una-multa-millonaria-por-haber-dejado-todo-un-pueblo-sin-luz\/\" \/>\n<meta property=\"og:site_name\" content=\"Diario Textual\" \/>\n<meta property=\"article:publisher\" content=\"https:\/\/www.facebook.com\/eltextual\" \/>\n<meta property=\"article:published_time\" content=\"2023-07-11T19:54:10+00:00\" \/>\n<meta property=\"article:modified_time\" content=\"2023-07-11T21:30:47+00:00\" \/>\n<meta property=\"og:image\" content=\"https:\/\/diariotextual.com\/inicio\/wp-content\/uploads\/2023\/07\/dipalmamarcos0032.jpg\" \/>\n\t<meta property=\"og:image:width\" content=\"1200\" \/>\n\t<meta property=\"og:image:height\" content=\"800\" \/>\n\t<meta property=\"og:image:type\" content=\"image\/jpeg\" \/>\n<meta name=\"author\" content=\"Diario1 Diario1\" \/>\n<meta name=\"twitter:card\" content=\"summary_large_image\" \/>\n<meta name=\"twitter:creator\" content=\"@eltextual\" \/>\n<meta name=\"twitter:site\" content=\"@eltextual\" \/>\n<meta name=\"twitter:label1\" content=\"Escrito por\" \/>\n\t<meta name=\"twitter:data1\" content=\"Diario1 Diario1\" \/>\n\t<meta name=\"twitter:label2\" content=\"Tiempo de lectura\" \/>\n\t<meta name=\"twitter:data2\" content=\"2 minutos\" \/>\n<script type=\"application\/ld+json\" class=\"yoast-schema-graph\">{\"@context\":\"https:\\\/\\\/schema.org\",\"@graph\":[{\"@type\":\"Article\",\"@id\":\"https:\\\/\\\/diariotextual.com\\\/inicio\\\/index.php\\\/2023\\\/07\\\/11\\\/marcos-di-palma-debera-pagar-una-multa-millonaria-por-haber-dejado-todo-un-pueblo-sin-luz\\\/#article\",\"isPartOf\":{\"@id\":\"https:\\\/\\\/diariotextual.com\\\/inicio\\\/index.php\\\/2023\\\/07\\\/11\\\/marcos-di-palma-debera-pagar-una-multa-millonaria-por-haber-dejado-todo-un-pueblo-sin-luz\\\/\"},\"author\":{\"name\":\"Diario1 Diario1\",\"@id\":\"https:\\\/\\\/diariotextual.com\\\/inicio\\\/#\\\/schema\\\/person\\\/418fc4093c33e86ed41562db3508f958\"},\"headline\":\"Marcos Di Palma deber\u00e1 pagar una multa millonaria por haber dejado todo un pueblo sin luz\",\"datePublished\":\"2023-07-11T19:54:10+00:00\",\"dateModified\":\"2023-07-11T21:30:47+00:00\",\"mainEntityOfPage\":{\"@id\":\"https:\\\/\\\/diariotextual.com\\\/inicio\\\/index.php\\\/2023\\\/07\\\/11\\\/marcos-di-palma-debera-pagar-una-multa-millonaria-por-haber-dejado-todo-un-pueblo-sin-luz\\\/\"},\"wordCount\":315,\"publisher\":{\"@id\":\"https:\\\/\\\/diariotextual.com\\\/inicio\\\/#organization\"},\"image\":{\"@id\":\"https:\\\/\\\/diariotextual.com\\\/inicio\\\/index.php\\\/2023\\\/07\\\/11\\\/marcos-di-palma-debera-pagar-una-multa-millonaria-por-haber-dejado-todo-un-pueblo-sin-luz\\\/#primaryimage\"},\"thumbnailUrl\":\"https:\\\/\\\/diariotextual.com\\\/inicio\\\/wp-content\\\/uploads\\\/2023\\\/07\\\/dipalmamarcos0032.jpg\",\"articleSection\":[\"A - ES NOTICIA (van abajo)\",\"SOCIEDAD\"],\"inLanguage\":\"es\"},{\"@type\":\"WebPage\",\"@id\":\"https:\\\/\\\/diariotextual.com\\\/inicio\\\/index.php\\\/2023\\\/07\\\/11\\\/marcos-di-palma-debera-pagar-una-multa-millonaria-por-haber-dejado-todo-un-pueblo-sin-luz\\\/\",\"url\":\"https:\\\/\\\/diariotextual.com\\\/inicio\\\/index.php\\\/2023\\\/07\\\/11\\\/marcos-di-palma-debera-pagar-una-multa-millonaria-por-haber-dejado-todo-un-pueblo-sin-luz\\\/\",\"name\":\"Marcos Di Palma deber\u00e1 pagar una multa millonaria por haber dejado todo un pueblo sin luz - Diario Textual\",\"isPartOf\":{\"@id\":\"https:\\\/\\\/diariotextual.com\\\/inicio\\\/#website\"},\"primaryImageOfPage\":{\"@id\":\"https:\\\/\\\/diariotextual.com\\\/inicio\\\/index.php\\\/2023\\\/07\\\/11\\\/marcos-di-palma-debera-pagar-una-multa-millonaria-por-haber-dejado-todo-un-pueblo-sin-luz\\\/#primaryimage\"},\"image\":{\"@id\":\"https:\\\/\\\/diariotextual.com\\\/inicio\\\/index.php\\\/2023\\\/07\\\/11\\\/marcos-di-palma-debera-pagar-una-multa-millonaria-por-haber-dejado-todo-un-pueblo-sin-luz\\\/#primaryimage\"},\"thumbnailUrl\":\"https:\\\/\\\/diariotextual.com\\\/inicio\\\/wp-content\\\/uploads\\\/2023\\\/07\\\/dipalmamarcos0032.jpg\",\"datePublished\":\"2023-07-11T19:54:10+00:00\",\"dateModified\":\"2023-07-11T21:30:47+00:00\",\"breadcrumb\":{\"@id\":\"https:\\\/\\\/diariotextual.com\\\/inicio\\\/index.php\\\/2023\\\/07\\\/11\\\/marcos-di-palma-debera-pagar-una-multa-millonaria-por-haber-dejado-todo-un-pueblo-sin-luz\\\/#breadcrumb\"},\"inLanguage\":\"es\",\"potentialAction\":[{\"@type\":\"ReadAction\",\"target\":[\"https:\\\/\\\/diariotextual.com\\\/inicio\\\/index.php\\\/2023\\\/07\\\/11\\\/marcos-di-palma-debera-pagar-una-multa-millonaria-por-haber-dejado-todo-un-pueblo-sin-luz\\\/\"]}]},{\"@type\":\"ImageObject\",\"inLanguage\":\"es\",\"@id\":\"https:\\\/\\\/diariotextual.com\\\/inicio\\\/index.php\\\/2023\\\/07\\\/11\\\/marcos-di-palma-debera-pagar-una-multa-millonaria-por-haber-dejado-todo-un-pueblo-sin-luz\\\/#primaryimage\",\"url\":\"https:\\\/\\\/diariotextual.com\\\/inicio\\\/wp-content\\\/uploads\\\/2023\\\/07\\\/dipalmamarcos0032.jpg\",\"contentUrl\":\"https:\\\/\\\/diariotextual.com\\\/inicio\\\/wp-content\\\/uploads\\\/2023\\\/07\\\/dipalmamarcos0032.jpg\",\"width\":1200,\"height\":800},{\"@type\":\"BreadcrumbList\",\"@id\":\"https:\\\/\\\/diariotextual.com\\\/inicio\\\/index.php\\\/2023\\\/07\\\/11\\\/marcos-di-palma-debera-pagar-una-multa-millonaria-por-haber-dejado-todo-un-pueblo-sin-luz\\\/#breadcrumb\",\"itemListElement\":[{\"@type\":\"ListItem\",\"position\":1,\"name\":\"Portada\",\"item\":\"https:\\\/\\\/diariotextual.com\\\/inicio\\\/\"},{\"@type\":\"ListItem\",\"position\":2,\"name\":\"Marcos Di Palma deber\u00e1 pagar una multa millonaria por haber dejado todo un pueblo sin luz\"}]},{\"@type\":\"WebSite\",\"@id\":\"https:\\\/\\\/diariotextual.com\\\/inicio\\\/#website\",\"url\":\"https:\\\/\\\/diariotextual.com\\\/inicio\\\/\",\"name\":\"Diario Textual\",\"description\":\"\",\"publisher\":{\"@id\":\"https:\\\/\\\/diariotextual.com\\\/inicio\\\/#organization\"},\"potentialAction\":[{\"@type\":\"SearchAction\",\"target\":{\"@type\":\"EntryPoint\",\"urlTemplate\":\"https:\\\/\\\/diariotextual.com\\\/inicio\\\/?s={search_term_string}\"},\"query-input\":{\"@type\":\"PropertyValueSpecification\",\"valueRequired\":true,\"valueName\":\"search_term_string\"}}],\"inLanguage\":\"es\"},{\"@type\":\"Organization\",\"@id\":\"https:\\\/\\\/diariotextual.com\\\/inicio\\\/#organization\",\"name\":\"Diario Textual\",\"url\":\"https:\\\/\\\/diariotextual.com\\\/inicio\\\/\",\"logo\":{\"@type\":\"ImageObject\",\"inLanguage\":\"es\",\"@id\":\"https:\\\/\\\/diariotextual.com\\\/inicio\\\/#\\\/schema\\\/logo\\\/image\\\/\",\"url\":\"https:\\\/\\\/diariotextual.com\\\/inicio\\\/wp-content\\\/uploads\\\/2023\\\/05\\\/logotextual1.jpg\",\"contentUrl\":\"https:\\\/\\\/diariotextual.com\\\/inicio\\\/wp-content\\\/uploads\\\/2023\\\/05\\\/logotextual1.jpg\",\"width\":516,\"height\":76,\"caption\":\"Diario Textual\"},\"image\":{\"@id\":\"https:\\\/\\\/diariotextual.com\\\/inicio\\\/#\\\/schema\\\/logo\\\/image\\\/\"},\"sameAs\":[\"https:\\\/\\\/www.facebook.com\\\/eltextual\",\"https:\\\/\\\/x.com\\\/eltextual\",\"http:\\\/\\\/www.instagram.com\\\/eltextual\"]},{\"@type\":\"Person\",\"@id\":\"https:\\\/\\\/diariotextual.com\\\/inicio\\\/#\\\/schema\\\/person\\\/418fc4093c33e86ed41562db3508f958\",\"name\":\"Diario1 Diario1\",\"image\":{\"@type\":\"ImageObject\",\"inLanguage\":\"es\",\"@id\":\"https:\\\/\\\/secure.gravatar.com\\\/avatar\\\/9167d280179c85bc18be67aa7eda765854300033af4896dd779b608640f2ef7a?s=96&d=mm&r=g\",\"url\":\"https:\\\/\\\/secure.gravatar.com\\\/avatar\\\/9167d280179c85bc18be67aa7eda765854300033af4896dd779b608640f2ef7a?s=96&d=mm&r=g\",\"contentUrl\":\"https:\\\/\\\/secure.gravatar.com\\\/avatar\\\/9167d280179c85bc18be67aa7eda765854300033af4896dd779b608640f2ef7a?s=96&d=mm&r=g\",\"caption\":\"Diario1 Diario1\"},\"url\":\"https:\\\/\\\/diariotextual.com\\\/inicio\\\/index.php\\\/author\\\/diario1\\\/\"}]}<\/script>\n<!-- \/ Yoast SEO plugin. -->","yoast_head_json":{"title":"Marcos Di Palma deber\u00e1 pagar una multa millonaria por haber dejado todo un pueblo sin luz - Diario Textual","robots":{"index":"index","follow":"follow","max-snippet":"max-snippet:-1","max-image-preview":"max-image-preview:large","max-video-preview":"max-video-preview:-1"},"canonical":"https:\/\/diariotextual.com\/inicio\/index.php\/2023\/07\/11\/marcos-di-palma-debera-pagar-una-multa-millonaria-por-haber-dejado-todo-un-pueblo-sin-luz\/","og_locale":"es_ES","og_type":"article","og_title":"Marcos Di Palma deber\u00e1 pagar una multa millonaria por haber dejado todo un pueblo sin luz - Diario Textual","og_description":"El Juzgado federal N\u00b02 de San Nicol\u00e1s le impuso una multa de $8,4 millones al expiloto y exdiputado provincial Marcos Di Palma por haber dejado a un pueblo sin luz&hellip;","og_url":"https:\/\/diariotextual.com\/inicio\/index.php\/2023\/07\/11\/marcos-di-palma-debera-pagar-una-multa-millonaria-por-haber-dejado-todo-un-pueblo-sin-luz\/","og_site_name":"Diario Textual","article_publisher":"https:\/\/www.facebook.com\/eltextual","article_published_time":"2023-07-11T19:54:10+00:00","article_modified_time":"2023-07-11T21:30:47+00:00","og_image":[{"width":1200,"height":800,"url":"https:\/\/diariotextual.com\/inicio\/wp-content\/uploads\/2023\/07\/dipalmamarcos0032.jpg","type":"image\/jpeg"}],"author":"Diario1 Diario1","twitter_card":"summary_large_image","twitter_creator":"@eltextual","twitter_site":"@eltextual","twitter_misc":{"Escrito por":"Diario1 Diario1","Tiempo de lectura":"2 minutos"},"schema":{"@context":"https:\/\/schema.org","@graph":[{"@type":"Article","@id":"https:\/\/diariotextual.com\/inicio\/index.php\/2023\/07\/11\/marcos-di-palma-debera-pagar-una-multa-millonaria-por-haber-dejado-todo-un-pueblo-sin-luz\/#article","isPartOf":{"@id":"https:\/\/diariotextual.com\/inicio\/index.php\/2023\/07\/11\/marcos-di-palma-debera-pagar-una-multa-millonaria-por-haber-dejado-todo-un-pueblo-sin-luz\/"},"author":{"name":"Diario1 Diario1","@id":"https:\/\/diariotextual.com\/inicio\/#\/schema\/person\/418fc4093c33e86ed41562db3508f958"},"headline":"Marcos Di Palma deber\u00e1 pagar una multa millonaria por haber dejado todo un pueblo sin luz","datePublished":"2023-07-11T19:54:10+00:00","dateModified":"2023-07-11T21:30:47+00:00","mainEntityOfPage":{"@id":"https:\/\/diariotextual.com\/inicio\/index.php\/2023\/07\/11\/marcos-di-palma-debera-pagar-una-multa-millonaria-por-haber-dejado-todo-un-pueblo-sin-luz\/"},"wordCount":315,"publisher":{"@id":"https:\/\/diariotextual.com\/inicio\/#organization"},"image":{"@id":"https:\/\/diariotextual.com\/inicio\/index.php\/2023\/07\/11\/marcos-di-palma-debera-pagar-una-multa-millonaria-por-haber-dejado-todo-un-pueblo-sin-luz\/#primaryimage"},"thumbnailUrl":"https:\/\/diariotextual.com\/inicio\/wp-content\/uploads\/2023\/07\/dipalmamarcos0032.jpg","articleSection":["A - ES NOTICIA (van abajo)","SOCIEDAD"],"inLanguage":"es"},{"@type":"WebPage","@id":"https:\/\/diariotextual.com\/inicio\/index.php\/2023\/07\/11\/marcos-di-palma-debera-pagar-una-multa-millonaria-por-haber-dejado-todo-un-pueblo-sin-luz\/","url":"https:\/\/diariotextual.com\/inicio\/index.php\/2023\/07\/11\/marcos-di-palma-debera-pagar-una-multa-millonaria-por-haber-dejado-todo-un-pueblo-sin-luz\/","name":"Marcos Di Palma deber\u00e1 pagar una multa millonaria por haber dejado todo un pueblo sin luz - Diario Textual","isPartOf":{"@id":"https:\/\/diariotextual.com\/inicio\/#website"},"primaryImageOfPage":{"@id":"https:\/\/diariotextual.com\/inicio\/index.php\/2023\/07\/11\/marcos-di-palma-debera-pagar-una-multa-millonaria-por-haber-dejado-todo-un-pueblo-sin-luz\/#primaryimage"},"image":{"@id":"https:\/\/diariotextual.com\/inicio\/index.php\/2023\/07\/11\/marcos-di-palma-debera-pagar-una-multa-millonaria-por-haber-dejado-todo-un-pueblo-sin-luz\/#primaryimage"},"thumbnailUrl":"https:\/\/diariotextual.com\/inicio\/wp-content\/uploads\/2023\/07\/dipalmamarcos0032.jpg","datePublished":"2023-07-11T19:54:10+00:00","dateModified":"2023-07-11T21:30:47+00:00","breadcrumb":{"@id":"https:\/\/diariotextual.com\/inicio\/index.php\/2023\/07\/11\/marcos-di-palma-debera-pagar-una-multa-millonaria-por-haber-dejado-todo-un-pueblo-sin-luz\/#breadcrumb"},"inLanguage":"es","potentialAction":[{"@type":"ReadAction","target":["https:\/\/diariotextual.com\/inicio\/index.php\/2023\/07\/11\/marcos-di-palma-debera-pagar-una-multa-millonaria-por-haber-dejado-todo-un-pueblo-sin-luz\/"]}]},{"@type":"ImageObject","inLanguage":"es","@id":"https:\/\/diariotextual.com\/inicio\/index.php\/2023\/07\/11\/marcos-di-palma-debera-pagar-una-multa-millonaria-por-haber-dejado-todo-un-pueblo-sin-luz\/#primaryimage","url":"https:\/\/diariotextual.com\/inicio\/wp-content\/uploads\/2023\/07\/dipalmamarcos0032.jpg","contentUrl":"https:\/\/diariotextual.com\/inicio\/wp-content\/uploads\/2023\/07\/dipalmamarcos0032.jpg","width":1200,"height":800},{"@type":"BreadcrumbList","@id":"https:\/\/diariotextual.com\/inicio\/index.php\/2023\/07\/11\/marcos-di-palma-debera-pagar-una-multa-millonaria-por-haber-dejado-todo-un-pueblo-sin-luz\/#breadcrumb","itemListElement":[{"@type":"ListItem","position":1,"name":"Portada","item":"https:\/\/diariotextual.com\/inicio\/"},{"@type":"ListItem","position":2,"name":"Marcos Di Palma deber\u00e1 pagar una multa millonaria por haber dejado todo un pueblo sin luz"}]},{"@type":"WebSite","@id":"https:\/\/diariotextual.com\/inicio\/#website","url":"https:\/\/diariotextual.com\/inicio\/","name":"Diario Textual","description":"","publisher":{"@id":"https:\/\/diariotextual.com\/inicio\/#organization"},"potentialAction":[{"@type":"SearchAction","target":{"@type":"EntryPoint","urlTemplate":"https:\/\/diariotextual.com\/inicio\/?s={search_term_string}"},"query-input":{"@type":"PropertyValueSpecification","valueRequired":true,"valueName":"search_term_string"}}],"inLanguage":"es"},{"@type":"Organization","@id":"https:\/\/diariotextual.com\/inicio\/#organization","name":"Diario Textual","url":"https:\/\/diariotextual.com\/inicio\/","logo":{"@type":"ImageObject","inLanguage":"es","@id":"https:\/\/diariotextual.com\/inicio\/#\/schema\/logo\/image\/","url":"https:\/\/diariotextual.com\/inicio\/wp-content\/uploads\/2023\/05\/logotextual1.jpg","contentUrl":"https:\/\/diariotextual.com\/inicio\/wp-content\/uploads\/2023\/05\/logotextual1.jpg","width":516,"height":76,"caption":"Diario Textual"},"image":{"@id":"https:\/\/diariotextual.com\/inicio\/#\/schema\/logo\/image\/"},"sameAs":["https:\/\/www.facebook.com\/eltextual","https:\/\/x.com\/eltextual","http:\/\/www.instagram.com\/eltextual"]},{"@type":"Person","@id":"https:\/\/diariotextual.com\/inicio\/#\/schema\/person\/418fc4093c33e86ed41562db3508f958","name":"Diario1 Diario1","image":{"@type":"ImageObject","inLanguage":"es","@id":"https:\/\/secure.gravatar.com\/avatar\/9167d280179c85bc18be67aa7eda765854300033af4896dd779b608640f2ef7a?s=96&d=mm&r=g","url":"https:\/\/secure.gravatar.com\/avatar\/9167d280179c85bc18be67aa7eda765854300033af4896dd779b608640f2ef7a?s=96&d=mm&r=g","contentUrl":"https:\/\/secure.gravatar.com\/avatar\/9167d280179c85bc18be67aa7eda765854300033af4896dd779b608640f2ef7a?s=96&d=mm&r=g","caption":"Diario1 Diario1"},"url":"https:\/\/diariotextual.com\/inicio\/index.php\/author\/diario1\/"}]}},"_links":{"self":[{"href":"https:\/\/diariotextual.com\/inicio\/index.php\/wp-json\/wp\/v2\/posts\/230755","targetHints":{"allow":["GET"]}}],"collection":[{"href":"https:\/\/diariotextual.com\/inicio\/index.php\/wp-json\/wp\/v2\/posts"}],"about":[{"href":"https:\/\/diariotextual.com\/inicio\/index.php\/wp-json\/wp\/v2\/types\/post"}],"author":[{"embeddable":true,"href":"https:\/\/diariotextual.com\/inicio\/index.php\/wp-json\/wp\/v2\/users\/3"}],"replies":[{"embeddable":true,"href":"https:\/\/diariotextual.com\/inicio\/index.php\/wp-json\/wp\/v2\/comments?post=230755"}],"version-history":[{"count":1,"href":"https:\/\/diariotextual.com\/inicio\/index.php\/wp-json\/wp\/v2\/posts\/230755\/revisions"}],"predecessor-version":[{"id":230756,"href":"https:\/\/diariotextual.com\/inicio\/index.php\/wp-json\/wp\/v2\/posts\/230755\/revisions\/230756"}],"wp:featuredmedia":[{"embeddable":true,"href":"https:\/\/diariotextual.com\/inicio\/index.php\/wp-json\/wp\/v2\/media\/230757"}],"wp:attachment":[{"href":"https:\/\/diariotextual.com\/inicio\/index.php\/wp-json\/wp\/v2\/media?parent=230755"}],"wp:term":[{"taxonomy":"category","embeddable":true,"href":"https:\/\/diariotextual.com\/inicio\/index.php\/wp-json\/wp\/v2\/categories?post=230755"},{"taxonomy":"post_tag","embeddable":true,"href":"https:\/\/diariotextual.com\/inicio\/index.php\/wp-json\/wp\/v2\/tags?post=230755"}],"curies":[{"name":"wp","href":"https:\/\/api.w.org\/{rel}","templated":true}]}}