{"id":230763,"date":"2023-07-11T18:25:08","date_gmt":"2023-07-11T21:25:08","guid":{"rendered":"https:\/\/diariotextual.com\/inicio\/?p=230763"},"modified":"2023-07-12T12:43:16","modified_gmt":"2023-07-12T15:43:16","slug":"siete-santarrosenos-bajo-seguimiento-consumieron-embutidos-de-un-cerdo-con-triquinosis","status":"publish","type":"post","link":"https:\/\/diariotextual.com\/inicio\/index.php\/2023\/07\/11\/siete-santarrosenos-bajo-seguimiento-consumieron-embutidos-de-un-cerdo-con-triquinosis\/","title":{"rendered":"Siete santarrose\u00f1os bajo seguimiento: consumieron embutidos de un cerdo con triquinosis"},"content":{"rendered":"\n<p>La <strong>Mesa Provincial de Zoonosis<\/strong> inform\u00f3 que<strong> siete personas est\u00e1n bajo \u201cevaluaci\u00f3n cl\u00ednica\u201d para determinar si se contagiaron de triquinosis.<\/strong><\/p>\n\n\n\n<p>Se trata de personas, todas adultas, que consumieron embutidos de un cerdo que dio positivo de triquinosis en Santa Rosa.<\/p>\n\n\n\n<p>Adem\u00e1s, <strong>se detect\u00f3 un caso de otro cerdo, un jabal\u00ed, con triquinosis. Ocurri\u00f3 en Puelches, pero en este caso no hubo consumo por parte de personas.<\/strong><\/p>\n\n\n\n<p>\u201cDesde la Mesa Provincial de Zoonosis, conformada por referentes de Ministerio de la Producci\u00f3n, Ministerio de Salud, Ministerio de Desarrollo Social, Senasa, INTA, Colegio de Veterinarios y Facultad de Ciencias Veterinarias, se alerta sobre la notificaci\u00f3n de dos animales confirmados para triquinosis\u201d, inform\u00f3 el Gobierno. \u201cEl primero de ellos es un jabal\u00ed que fue cazado en la zona rural de Puelches y analizado en la provincia de Buenos Aires, investigaci\u00f3n mediante se determin\u00f3 que no hubo consumo de carne en humanos\u201d, agreg\u00f3.<\/p>\n\n\n\n<p>\u201cEl segundo caso confirmado es un cerdo dom\u00e9stico criado en la zona periurbana de Santa Rosa, el cual fue utilizado para la elaboraci\u00f3n de chacinados. Se procedi\u00f3 al decomiso de toda la carne infectada y se mand\u00f3 a digestor para su eliminaci\u00f3n. Al momento de la investigaci\u00f3n siete adultos mayores manifestaron haber consumido carne poco cocida, motivo por el cual intervino de forma inmediata el servicio de infectolog\u00eda del Hospital Lucio Molas, para la evaluaci\u00f3n cl\u00ednica de las personas. Se descartaron casos sospechosos humanos hasta el momento\u201d, finaliz\u00f3.<\/p>\n\n\n\n<div style=\"height:100px\" aria-hidden=\"true\" class=\"wp-block-spacer\"><\/div>\n\n\n\n<p><strong>Pautas de alarma <\/strong><\/p>\n\n\n\n<p>La triquinosis es una enfermedad causada por un par\u00e1sito, llamado <em><strong>Trichinella.<\/strong><\/em> Los humanos y tambi\u00e9n los cerdos dom\u00e9sticos, jabal\u00edes y otros animales silvestres como peludo, puma roedores, entre otros, pueden infestarse y ser reservorios. Podemos contagiarnos de triquinosis al consumir carne cruda, insuficientemente cocida o no analizada, que est\u00e9 infestada por larvas de Trichinella.\u00a0<br><\/p>\n\n\n\n<p>Las larvas de Trichinella se enquistan en los m\u00fasculos de animales dom\u00e9sticos o salvajes. No hay transmisi\u00f3n de persona a persona; sin embargo, la mera degustaci\u00f3n de cantidades muy peque\u00f1as de carne cruda o poco cocida exponen a una persona al riesgo de infecci\u00f3n.<\/p>\n\n\n\n<p><br>Al principio de la enfermedad una persona puede presentar s\u00edntomas gastrointestinales (diarrea, dolor abdominal, n\u00e1useas, v\u00f3mitos) luego la larva migra a los m\u00fasculos (una semana despu\u00e9s de la infestaci\u00f3n) pudiendo causar malestar, hinchaz\u00f3n facial o en los p\u00e1rpados, conjuntivitis, escalofr\u00edos asociados a fiebre, dolor muscular y picaz\u00f3n en la piel. Existen manifestaciones ocasionales, m\u00e1s raras, que pueden poner la vida en riesgo (insuficiencia card\u00edaca, neumon\u00eda o encefalitis). Los animales infectados suelen ser asintom\u00e1ticos.<\/p>\n\n\n\n<p><br>En humanos, la sospecha de triquinosis se basa en el historial de consumo de carne de cerdo cruda o poco cocida y en los s\u00edntomas presentes. Es fundamental la consulta oportuna para indicar el tratamiento adecuado.<\/p>\n\n\n\n<div style=\"height:100px\" aria-hidden=\"true\" class=\"wp-block-spacer\"><\/div>\n\n\n\n<p><strong>Medidas de prevenci\u00f3n<\/strong><br>-Consumir seguro y para ello se deben adquirir productos debidamente identificados con un r\u00f3tulo que asegure su sanidad.<br>-Cocci\u00f3n completa de la carne y los productos c\u00e1rnicos tanto de cerdos dom\u00e9sticos como de animales salvajes.<br>-En caso de consumir o elaborar productos caseros, asegurarse que la carne ha sido previamente analizada y consumir carne de cerdo y chacinados frescos bien cocidos.<br>-Limpieza cuidadosa de los molinillos o picadoras de carne despu\u00e9s de cada uso.<br>-Pr\u00e1cticas higi\u00e9nicas en la cr\u00eda de cerdos (por ejemplo, abstenerse de alimentar a los cerdos con restos de carne o basura).<br>-Control de los roedores.<br>-Eliminaci\u00f3n adecuada y r\u00e1pida de los animales muertos para evitar que sean consumidos por otros animales.<br>-Inspecci\u00f3n rigurosa de la carne mediante el an\u00e1lisis de digesti\u00f3n artificial.<\/p>\n\n\n\n<p><br>La Provincia de La Pampa tiene una red de laboratorios distribuidos en distintas localidades para garantizar la accesibilidad al diagn\u00f3stico de la enfermedad en los animales.<\/p>\n\n\n\n<div style=\"height:100px\" aria-hidden=\"true\" class=\"wp-block-spacer\"><\/div>\n\n\n\n<p><strong>Para mayor informaci\u00f3n<\/strong><br>Direcci\u00f3n de Ganader\u00eda,\u00a0 Ministerio de Producci\u00f3n, Tel\u00e9fono: 02954 452634 Mail: direccionganaderia@lapampa.gob.ar<\/p>\n\n\n\n<p><br>Departamento de Medio Ambiente y Zoonosis de la Direcci\u00f3n de Epidemiolog\u00eda, Ministerio de Salud: Tel\u00e9fono: 2954 452621\/622\/623 Mail: medioambientelp@hotmail.com<\/p>\n\n\n\n<p><\/p>\n","protected":false},"excerpt":{"rendered":"<p>La Mesa Provincial de Zoonosis inform\u00f3 que siete personas est\u00e1n bajo \u201cevaluaci\u00f3n cl\u00ednica\u201d para determinar si se contagiaron de triquinosis. Se trata de personas, todas adultas, que consumieron embutidos de&hellip;<\/p>\n","protected":false},"author":3,"featured_media":76029,"comment_status":"closed","ping_status":"open","sticky":false,"template":"","format":"standard","meta":{"_acf_changed":false,"footnotes":""},"categories":[1,11,20],"tags":[],"class_list":["post-230763","post","type-post","status-publish","format-standard","has-post-thumbnail","hentry","category-es-noticia","category-que-pasa","category-campo"],"acf":[],"yoast_head":"<!-- This site is optimized with the Yoast SEO plugin v27.5 - https:\/\/yoast.com\/product\/yoast-seo-wordpress\/ -->\n<title>Siete santarrose\u00f1os bajo seguimiento: consumieron embutidos de un cerdo con triquinosis - Diario Textual<\/title>\n<meta name=\"robots\" content=\"index, follow, max-snippet:-1, max-image-preview:large, max-video-preview:-1\" \/>\n<link rel=\"canonical\" href=\"https:\/\/diariotextual.com\/inicio\/index.php\/2023\/07\/11\/siete-santarrosenos-bajo-seguimiento-consumieron-embutidos-de-un-cerdo-con-triquinosis\/\" \/>\n<meta property=\"og:locale\" content=\"es_ES\" \/>\n<meta property=\"og:type\" content=\"article\" \/>\n<meta property=\"og:title\" content=\"Siete santarrose\u00f1os bajo seguimiento: consumieron embutidos de un cerdo con triquinosis - Diario Textual\" \/>\n<meta property=\"og:description\" content=\"La Mesa Provincial de Zoonosis inform\u00f3 que siete personas est\u00e1n bajo \u201cevaluaci\u00f3n cl\u00ednica\u201d para determinar si se contagiaron de triquinosis. Se trata de personas, todas adultas, que consumieron embutidos de&hellip;\" \/>\n<meta property=\"og:url\" content=\"https:\/\/diariotextual.com\/inicio\/index.php\/2023\/07\/11\/siete-santarrosenos-bajo-seguimiento-consumieron-embutidos-de-un-cerdo-con-triquinosis\/\" \/>\n<meta property=\"og:site_name\" content=\"Diario Textual\" \/>\n<meta property=\"article:publisher\" content=\"https:\/\/www.facebook.com\/eltextual\" \/>\n<meta property=\"article:published_time\" content=\"2023-07-11T21:25:08+00:00\" \/>\n<meta property=\"article:modified_time\" content=\"2023-07-12T15:43:16+00:00\" \/>\n<meta property=\"og:image\" content=\"https:\/\/diariotextual.com\/inicio\/wp-content\/uploads\/2020\/01\/chorizosfrescos2.jpg\" \/>\n\t<meta property=\"og:image:width\" content=\"1500\" \/>\n\t<meta property=\"og:image:height\" content=\"996\" \/>\n\t<meta property=\"og:image:type\" content=\"image\/jpeg\" \/>\n<meta name=\"author\" content=\"Diario1 Diario1\" \/>\n<meta name=\"twitter:card\" content=\"summary_large_image\" \/>\n<meta name=\"twitter:creator\" content=\"@eltextual\" \/>\n<meta name=\"twitter:site\" content=\"@eltextual\" \/>\n<meta name=\"twitter:label1\" content=\"Escrito por\" \/>\n\t<meta name=\"twitter:data1\" content=\"Diario1 Diario1\" \/>\n\t<meta name=\"twitter:label2\" content=\"Tiempo de lectura\" \/>\n\t<meta name=\"twitter:data2\" content=\"3 minutos\" \/>\n<script type=\"application\/ld+json\" class=\"yoast-schema-graph\">{\"@context\":\"https:\\\/\\\/schema.org\",\"@graph\":[{\"@type\":\"Article\",\"@id\":\"https:\\\/\\\/diariotextual.com\\\/inicio\\\/index.php\\\/2023\\\/07\\\/11\\\/siete-santarrosenos-bajo-seguimiento-consumieron-embutidos-de-un-cerdo-con-triquinosis\\\/#article\",\"isPartOf\":{\"@id\":\"https:\\\/\\\/diariotextual.com\\\/inicio\\\/index.php\\\/2023\\\/07\\\/11\\\/siete-santarrosenos-bajo-seguimiento-consumieron-embutidos-de-un-cerdo-con-triquinosis\\\/\"},\"author\":{\"name\":\"Diario1 Diario1\",\"@id\":\"https:\\\/\\\/diariotextual.com\\\/inicio\\\/#\\\/schema\\\/person\\\/418fc4093c33e86ed41562db3508f958\"},\"headline\":\"Siete santarrose\u00f1os bajo seguimiento: consumieron embutidos de un cerdo con triquinosis\",\"datePublished\":\"2023-07-11T21:25:08+00:00\",\"dateModified\":\"2023-07-12T15:43:16+00:00\",\"mainEntityOfPage\":{\"@id\":\"https:\\\/\\\/diariotextual.com\\\/inicio\\\/index.php\\\/2023\\\/07\\\/11\\\/siete-santarrosenos-bajo-seguimiento-consumieron-embutidos-de-un-cerdo-con-triquinosis\\\/\"},\"wordCount\":709,\"publisher\":{\"@id\":\"https:\\\/\\\/diariotextual.com\\\/inicio\\\/#organization\"},\"image\":{\"@id\":\"https:\\\/\\\/diariotextual.com\\\/inicio\\\/index.php\\\/2023\\\/07\\\/11\\\/siete-santarrosenos-bajo-seguimiento-consumieron-embutidos-de-un-cerdo-con-triquinosis\\\/#primaryimage\"},\"thumbnailUrl\":\"https:\\\/\\\/diariotextual.com\\\/inicio\\\/wp-content\\\/uploads\\\/2020\\\/01\\\/chorizosfrescos2.jpg\",\"articleSection\":[\"A - ES NOTICIA (van abajo)\",\"A - QUE PASA (al costado)\",\"CAMPO\"],\"inLanguage\":\"es\"},{\"@type\":\"WebPage\",\"@id\":\"https:\\\/\\\/diariotextual.com\\\/inicio\\\/index.php\\\/2023\\\/07\\\/11\\\/siete-santarrosenos-bajo-seguimiento-consumieron-embutidos-de-un-cerdo-con-triquinosis\\\/\",\"url\":\"https:\\\/\\\/diariotextual.com\\\/inicio\\\/index.php\\\/2023\\\/07\\\/11\\\/siete-santarrosenos-bajo-seguimiento-consumieron-embutidos-de-un-cerdo-con-triquinosis\\\/\",\"name\":\"Siete santarrose\u00f1os bajo seguimiento: consumieron embutidos de un cerdo con triquinosis - Diario Textual\",\"isPartOf\":{\"@id\":\"https:\\\/\\\/diariotextual.com\\\/inicio\\\/#website\"},\"primaryImageOfPage\":{\"@id\":\"https:\\\/\\\/diariotextual.com\\\/inicio\\\/index.php\\\/2023\\\/07\\\/11\\\/siete-santarrosenos-bajo-seguimiento-consumieron-embutidos-de-un-cerdo-con-triquinosis\\\/#primaryimage\"},\"image\":{\"@id\":\"https:\\\/\\\/diariotextual.com\\\/inicio\\\/index.php\\\/2023\\\/07\\\/11\\\/siete-santarrosenos-bajo-seguimiento-consumieron-embutidos-de-un-cerdo-con-triquinosis\\\/#primaryimage\"},\"thumbnailUrl\":\"https:\\\/\\\/diariotextual.com\\\/inicio\\\/wp-content\\\/uploads\\\/2020\\\/01\\\/chorizosfrescos2.jpg\",\"datePublished\":\"2023-07-11T21:25:08+00:00\",\"dateModified\":\"2023-07-12T15:43:16+00:00\",\"breadcrumb\":{\"@id\":\"https:\\\/\\\/diariotextual.com\\\/inicio\\\/index.php\\\/2023\\\/07\\\/11\\\/siete-santarrosenos-bajo-seguimiento-consumieron-embutidos-de-un-cerdo-con-triquinosis\\\/#breadcrumb\"},\"inLanguage\":\"es\",\"potentialAction\":[{\"@type\":\"ReadAction\",\"target\":[\"https:\\\/\\\/diariotextual.com\\\/inicio\\\/index.php\\\/2023\\\/07\\\/11\\\/siete-santarrosenos-bajo-seguimiento-consumieron-embutidos-de-un-cerdo-con-triquinosis\\\/\"]}]},{\"@type\":\"ImageObject\",\"inLanguage\":\"es\",\"@id\":\"https:\\\/\\\/diariotextual.com\\\/inicio\\\/index.php\\\/2023\\\/07\\\/11\\\/siete-santarrosenos-bajo-seguimiento-consumieron-embutidos-de-un-cerdo-con-triquinosis\\\/#primaryimage\",\"url\":\"https:\\\/\\\/diariotextual.com\\\/inicio\\\/wp-content\\\/uploads\\\/2020\\\/01\\\/chorizosfrescos2.jpg\",\"contentUrl\":\"https:\\\/\\\/diariotextual.com\\\/inicio\\\/wp-content\\\/uploads\\\/2020\\\/01\\\/chorizosfrescos2.jpg\",\"width\":1500,\"height\":996},{\"@type\":\"BreadcrumbList\",\"@id\":\"https:\\\/\\\/diariotextual.com\\\/inicio\\\/index.php\\\/2023\\\/07\\\/11\\\/siete-santarrosenos-bajo-seguimiento-consumieron-embutidos-de-un-cerdo-con-triquinosis\\\/#breadcrumb\",\"itemListElement\":[{\"@type\":\"ListItem\",\"position\":1,\"name\":\"Portada\",\"item\":\"https:\\\/\\\/diariotextual.com\\\/inicio\\\/\"},{\"@type\":\"ListItem\",\"position\":2,\"name\":\"Siete santarrose\u00f1os bajo seguimiento: consumieron embutidos de un cerdo con triquinosis\"}]},{\"@type\":\"WebSite\",\"@id\":\"https:\\\/\\\/diariotextual.com\\\/inicio\\\/#website\",\"url\":\"https:\\\/\\\/diariotextual.com\\\/inicio\\\/\",\"name\":\"Diario Textual\",\"description\":\"\",\"publisher\":{\"@id\":\"https:\\\/\\\/diariotextual.com\\\/inicio\\\/#organization\"},\"potentialAction\":[{\"@type\":\"SearchAction\",\"target\":{\"@type\":\"EntryPoint\",\"urlTemplate\":\"https:\\\/\\\/diariotextual.com\\\/inicio\\\/?s={search_term_string}\"},\"query-input\":{\"@type\":\"PropertyValueSpecification\",\"valueRequired\":true,\"valueName\":\"search_term_string\"}}],\"inLanguage\":\"es\"},{\"@type\":\"Organization\",\"@id\":\"https:\\\/\\\/diariotextual.com\\\/inicio\\\/#organization\",\"name\":\"Diario Textual\",\"url\":\"https:\\\/\\\/diariotextual.com\\\/inicio\\\/\",\"logo\":{\"@type\":\"ImageObject\",\"inLanguage\":\"es\",\"@id\":\"https:\\\/\\\/diariotextual.com\\\/inicio\\\/#\\\/schema\\\/logo\\\/image\\\/\",\"url\":\"https:\\\/\\\/diariotextual.com\\\/inicio\\\/wp-content\\\/uploads\\\/2023\\\/05\\\/logotextual1.jpg\",\"contentUrl\":\"https:\\\/\\\/diariotextual.com\\\/inicio\\\/wp-content\\\/uploads\\\/2023\\\/05\\\/logotextual1.jpg\",\"width\":516,\"height\":76,\"caption\":\"Diario Textual\"},\"image\":{\"@id\":\"https:\\\/\\\/diariotextual.com\\\/inicio\\\/#\\\/schema\\\/logo\\\/image\\\/\"},\"sameAs\":[\"https:\\\/\\\/www.facebook.com\\\/eltextual\",\"https:\\\/\\\/x.com\\\/eltextual\",\"http:\\\/\\\/www.instagram.com\\\/eltextual\"]},{\"@type\":\"Person\",\"@id\":\"https:\\\/\\\/diariotextual.com\\\/inicio\\\/#\\\/schema\\\/person\\\/418fc4093c33e86ed41562db3508f958\",\"name\":\"Diario1 Diario1\",\"image\":{\"@type\":\"ImageObject\",\"inLanguage\":\"es\",\"@id\":\"https:\\\/\\\/secure.gravatar.com\\\/avatar\\\/9167d280179c85bc18be67aa7eda765854300033af4896dd779b608640f2ef7a?s=96&d=mm&r=g\",\"url\":\"https:\\\/\\\/secure.gravatar.com\\\/avatar\\\/9167d280179c85bc18be67aa7eda765854300033af4896dd779b608640f2ef7a?s=96&d=mm&r=g\",\"contentUrl\":\"https:\\\/\\\/secure.gravatar.com\\\/avatar\\\/9167d280179c85bc18be67aa7eda765854300033af4896dd779b608640f2ef7a?s=96&d=mm&r=g\",\"caption\":\"Diario1 Diario1\"},\"url\":\"https:\\\/\\\/diariotextual.com\\\/inicio\\\/index.php\\\/author\\\/diario1\\\/\"}]}<\/script>\n<!-- \/ Yoast SEO plugin. -->","yoast_head_json":{"title":"Siete santarrose\u00f1os bajo seguimiento: consumieron embutidos de un cerdo con triquinosis - Diario Textual","robots":{"index":"index","follow":"follow","max-snippet":"max-snippet:-1","max-image-preview":"max-image-preview:large","max-video-preview":"max-video-preview:-1"},"canonical":"https:\/\/diariotextual.com\/inicio\/index.php\/2023\/07\/11\/siete-santarrosenos-bajo-seguimiento-consumieron-embutidos-de-un-cerdo-con-triquinosis\/","og_locale":"es_ES","og_type":"article","og_title":"Siete santarrose\u00f1os bajo seguimiento: consumieron embutidos de un cerdo con triquinosis - Diario Textual","og_description":"La Mesa Provincial de Zoonosis inform\u00f3 que siete personas est\u00e1n bajo \u201cevaluaci\u00f3n cl\u00ednica\u201d para determinar si se contagiaron de triquinosis. Se trata de personas, todas adultas, que consumieron embutidos de&hellip;","og_url":"https:\/\/diariotextual.com\/inicio\/index.php\/2023\/07\/11\/siete-santarrosenos-bajo-seguimiento-consumieron-embutidos-de-un-cerdo-con-triquinosis\/","og_site_name":"Diario Textual","article_publisher":"https:\/\/www.facebook.com\/eltextual","article_published_time":"2023-07-11T21:25:08+00:00","article_modified_time":"2023-07-12T15:43:16+00:00","og_image":[{"width":1500,"height":996,"url":"https:\/\/diariotextual.com\/inicio\/wp-content\/uploads\/2020\/01\/chorizosfrescos2.jpg","type":"image\/jpeg"}],"author":"Diario1 Diario1","twitter_card":"summary_large_image","twitter_creator":"@eltextual","twitter_site":"@eltextual","twitter_misc":{"Escrito por":"Diario1 Diario1","Tiempo de lectura":"3 minutos"},"schema":{"@context":"https:\/\/schema.org","@graph":[{"@type":"Article","@id":"https:\/\/diariotextual.com\/inicio\/index.php\/2023\/07\/11\/siete-santarrosenos-bajo-seguimiento-consumieron-embutidos-de-un-cerdo-con-triquinosis\/#article","isPartOf":{"@id":"https:\/\/diariotextual.com\/inicio\/index.php\/2023\/07\/11\/siete-santarrosenos-bajo-seguimiento-consumieron-embutidos-de-un-cerdo-con-triquinosis\/"},"author":{"name":"Diario1 Diario1","@id":"https:\/\/diariotextual.com\/inicio\/#\/schema\/person\/418fc4093c33e86ed41562db3508f958"},"headline":"Siete santarrose\u00f1os bajo seguimiento: consumieron embutidos de un cerdo con triquinosis","datePublished":"2023-07-11T21:25:08+00:00","dateModified":"2023-07-12T15:43:16+00:00","mainEntityOfPage":{"@id":"https:\/\/diariotextual.com\/inicio\/index.php\/2023\/07\/11\/siete-santarrosenos-bajo-seguimiento-consumieron-embutidos-de-un-cerdo-con-triquinosis\/"},"wordCount":709,"publisher":{"@id":"https:\/\/diariotextual.com\/inicio\/#organization"},"image":{"@id":"https:\/\/diariotextual.com\/inicio\/index.php\/2023\/07\/11\/siete-santarrosenos-bajo-seguimiento-consumieron-embutidos-de-un-cerdo-con-triquinosis\/#primaryimage"},"thumbnailUrl":"https:\/\/diariotextual.com\/inicio\/wp-content\/uploads\/2020\/01\/chorizosfrescos2.jpg","articleSection":["A - ES NOTICIA (van abajo)","A - QUE PASA (al costado)","CAMPO"],"inLanguage":"es"},{"@type":"WebPage","@id":"https:\/\/diariotextual.com\/inicio\/index.php\/2023\/07\/11\/siete-santarrosenos-bajo-seguimiento-consumieron-embutidos-de-un-cerdo-con-triquinosis\/","url":"https:\/\/diariotextual.com\/inicio\/index.php\/2023\/07\/11\/siete-santarrosenos-bajo-seguimiento-consumieron-embutidos-de-un-cerdo-con-triquinosis\/","name":"Siete santarrose\u00f1os bajo seguimiento: consumieron embutidos de un cerdo con triquinosis - Diario Textual","isPartOf":{"@id":"https:\/\/diariotextual.com\/inicio\/#website"},"primaryImageOfPage":{"@id":"https:\/\/diariotextual.com\/inicio\/index.php\/2023\/07\/11\/siete-santarrosenos-bajo-seguimiento-consumieron-embutidos-de-un-cerdo-con-triquinosis\/#primaryimage"},"image":{"@id":"https:\/\/diariotextual.com\/inicio\/index.php\/2023\/07\/11\/siete-santarrosenos-bajo-seguimiento-consumieron-embutidos-de-un-cerdo-con-triquinosis\/#primaryimage"},"thumbnailUrl":"https:\/\/diariotextual.com\/inicio\/wp-content\/uploads\/2020\/01\/chorizosfrescos2.jpg","datePublished":"2023-07-11T21:25:08+00:00","dateModified":"2023-07-12T15:43:16+00:00","breadcrumb":{"@id":"https:\/\/diariotextual.com\/inicio\/index.php\/2023\/07\/11\/siete-santarrosenos-bajo-seguimiento-consumieron-embutidos-de-un-cerdo-con-triquinosis\/#breadcrumb"},"inLanguage":"es","potentialAction":[{"@type":"ReadAction","target":["https:\/\/diariotextual.com\/inicio\/index.php\/2023\/07\/11\/siete-santarrosenos-bajo-seguimiento-consumieron-embutidos-de-un-cerdo-con-triquinosis\/"]}]},{"@type":"ImageObject","inLanguage":"es","@id":"https:\/\/diariotextual.com\/inicio\/index.php\/2023\/07\/11\/siete-santarrosenos-bajo-seguimiento-consumieron-embutidos-de-un-cerdo-con-triquinosis\/#primaryimage","url":"https:\/\/diariotextual.com\/inicio\/wp-content\/uploads\/2020\/01\/chorizosfrescos2.jpg","contentUrl":"https:\/\/diariotextual.com\/inicio\/wp-content\/uploads\/2020\/01\/chorizosfrescos2.jpg","width":1500,"height":996},{"@type":"BreadcrumbList","@id":"https:\/\/diariotextual.com\/inicio\/index.php\/2023\/07\/11\/siete-santarrosenos-bajo-seguimiento-consumieron-embutidos-de-un-cerdo-con-triquinosis\/#breadcrumb","itemListElement":[{"@type":"ListItem","position":1,"name":"Portada","item":"https:\/\/diariotextual.com\/inicio\/"},{"@type":"ListItem","position":2,"name":"Siete santarrose\u00f1os bajo seguimiento: consumieron embutidos de un cerdo con triquinosis"}]},{"@type":"WebSite","@id":"https:\/\/diariotextual.com\/inicio\/#website","url":"https:\/\/diariotextual.com\/inicio\/","name":"Diario Textual","description":"","publisher":{"@id":"https:\/\/diariotextual.com\/inicio\/#organization"},"potentialAction":[{"@type":"SearchAction","target":{"@type":"EntryPoint","urlTemplate":"https:\/\/diariotextual.com\/inicio\/?s={search_term_string}"},"query-input":{"@type":"PropertyValueSpecification","valueRequired":true,"valueName":"search_term_string"}}],"inLanguage":"es"},{"@type":"Organization","@id":"https:\/\/diariotextual.com\/inicio\/#organization","name":"Diario Textual","url":"https:\/\/diariotextual.com\/inicio\/","logo":{"@type":"ImageObject","inLanguage":"es","@id":"https:\/\/diariotextual.com\/inicio\/#\/schema\/logo\/image\/","url":"https:\/\/diariotextual.com\/inicio\/wp-content\/uploads\/2023\/05\/logotextual1.jpg","contentUrl":"https:\/\/diariotextual.com\/inicio\/wp-content\/uploads\/2023\/05\/logotextual1.jpg","width":516,"height":76,"caption":"Diario Textual"},"image":{"@id":"https:\/\/diariotextual.com\/inicio\/#\/schema\/logo\/image\/"},"sameAs":["https:\/\/www.facebook.com\/eltextual","https:\/\/x.com\/eltextual","http:\/\/www.instagram.com\/eltextual"]},{"@type":"Person","@id":"https:\/\/diariotextual.com\/inicio\/#\/schema\/person\/418fc4093c33e86ed41562db3508f958","name":"Diario1 Diario1","image":{"@type":"ImageObject","inLanguage":"es","@id":"https:\/\/secure.gravatar.com\/avatar\/9167d280179c85bc18be67aa7eda765854300033af4896dd779b608640f2ef7a?s=96&d=mm&r=g","url":"https:\/\/secure.gravatar.com\/avatar\/9167d280179c85bc18be67aa7eda765854300033af4896dd779b608640f2ef7a?s=96&d=mm&r=g","contentUrl":"https:\/\/secure.gravatar.com\/avatar\/9167d280179c85bc18be67aa7eda765854300033af4896dd779b608640f2ef7a?s=96&d=mm&r=g","caption":"Diario1 Diario1"},"url":"https:\/\/diariotextual.com\/inicio\/index.php\/author\/diario1\/"}]}},"_links":{"self":[{"href":"https:\/\/diariotextual.com\/inicio\/index.php\/wp-json\/wp\/v2\/posts\/230763","targetHints":{"allow":["GET"]}}],"collection":[{"href":"https:\/\/diariotextual.com\/inicio\/index.php\/wp-json\/wp\/v2\/posts"}],"about":[{"href":"https:\/\/diariotextual.com\/inicio\/index.php\/wp-json\/wp\/v2\/types\/post"}],"author":[{"embeddable":true,"href":"https:\/\/diariotextual.com\/inicio\/index.php\/wp-json\/wp\/v2\/users\/3"}],"replies":[{"embeddable":true,"href":"https:\/\/diariotextual.com\/inicio\/index.php\/wp-json\/wp\/v2\/comments?post=230763"}],"version-history":[{"count":7,"href":"https:\/\/diariotextual.com\/inicio\/index.php\/wp-json\/wp\/v2\/posts\/230763\/revisions"}],"predecessor-version":[{"id":230770,"href":"https:\/\/diariotextual.com\/inicio\/index.php\/wp-json\/wp\/v2\/posts\/230763\/revisions\/230770"}],"wp:featuredmedia":[{"embeddable":true,"href":"https:\/\/diariotextual.com\/inicio\/index.php\/wp-json\/wp\/v2\/media\/76029"}],"wp:attachment":[{"href":"https:\/\/diariotextual.com\/inicio\/index.php\/wp-json\/wp\/v2\/media?parent=230763"}],"wp:term":[{"taxonomy":"category","embeddable":true,"href":"https:\/\/diariotextual.com\/inicio\/index.php\/wp-json\/wp\/v2\/categories?post=230763"},{"taxonomy":"post_tag","embeddable":true,"href":"https:\/\/diariotextual.com\/inicio\/index.php\/wp-json\/wp\/v2\/tags?post=230763"}],"curies":[{"name":"wp","href":"https:\/\/api.w.org\/{rel}","templated":true}]}}