{"id":230789,"date":"2023-07-11T19:29:52","date_gmt":"2023-07-11T22:29:52","guid":{"rendered":"https:\/\/diariotextual.com\/inicio\/?p=230789"},"modified":"2023-07-11T19:29:54","modified_gmt":"2023-07-11T22:29:54","slug":"procaap-se-capacitaron-unos-10-mil-empleados-estatales","status":"publish","type":"post","link":"https:\/\/diariotextual.com\/inicio\/index.php\/2023\/07\/11\/procaap-se-capacitaron-unos-10-mil-empleados-estatales\/","title":{"rendered":"PROCAAP: se capacitaron unos 10 mil empleados estatales"},"content":{"rendered":"\n<p>El Programa de Capacitaci\u00f3n para Agentes de la Administraci\u00f3n P\u00fablica (PROCAAP), a cargo de la Subsecretar\u00eda de Modernizaci\u00f3n de La Pampa, <strong>cumple siete a\u00f1os desde su inicio<\/strong> y ya capacit\u00f3 a m\u00e1s de 10.000 agentes del Estado Provincial.<\/p>\n\n\n\n<p>En <strong>2022 se brindaron 20 cursos y talleres, en los que participaron 3500 personas de toda la Provincia<\/strong>. Los cursos m\u00e1s realizados fueron los referidos a Firma Digital y al Sistema de Gesti\u00f3n Documental Electr\u00f3nica (GDE). Tambi\u00e9n se abordaron tem\u00e1ticas tales como Atenci\u00f3n a la Ciudadan\u00eda, Contrataci\u00f3n de Bienes y Servicios, Accesibilidad, Periodismo Digital, Sustentabilidad y Eficiencia Energ\u00e9tica, Archiv\u00edstica, Censo Nacional, entre otras.<\/p>\n\n\n\n<p>En lo que va del <strong>2023, se realizaron nueve capacitaciones con m\u00e1s de 1.800 personas inscriptas<\/strong>, en conjunto con otras dependencias. Desde junio tambi\u00e9n se trabaja con la Fundaci\u00f3n Banco de La Pampa.<\/p>\n\n\n\n<p>La diversidad de tem\u00e1ticas surge de la propuesta de los distintos organismos de la Provincia, los cuales tienen la posibilidad de sugerir y dictar estas capacitaciones, que no requieren de ning\u00fan tipo de erogaci\u00f3n presupuestaria y que son gratuitas para quienes deseen realizarlas. Adem\u00e1s, los certificados de dichas capacitaciones se entregan de manera online, firmados a trav\u00e9s de Firma Digital en consecuencia con el trabajo diario realizado en relaci\u00f3n a la modernizaci\u00f3n del Estado, detall\u00f3 el organismo provincial.<\/p>\n\n\n\n<p>En<strong> agosto, la Subsecretar\u00eda de Modernizaci\u00f3n realizar\u00e1 la jornada sobre \u00abPlanificaci\u00f3n para innovar en la gesti\u00f3n p\u00fablica\u00bb. Adem\u00e1s, est\u00e1 prevista la jornada sobre \u00abDerecho a la Identidad y su proyecci\u00f3n en la funci\u00f3n administrativa\u00bb<\/strong>, a cargo de la Direcci\u00f3n General del Registro Civil y Capacidad de las Personas.<\/p>\n\n\n\n<p>Tambi\u00e9n se desarrollar\u00e1 el curso sobre\u00a0 \u201c<strong>Competencias y funciones: presupuesto y reestructuras\u201d, dictado por la Tesorer\u00eda General de la Provincia.<\/strong><\/p>\n\n\n\n<p>El <strong>Instituto Nacional de la Administraci\u00f3n P\u00fablica (INAP) estar\u00e1 a cargo del curso \u201cComunicaci\u00f3n inclusiva y ciudadan\u00eda digital en organizaciones p\u00fablicas\u201d y del curso \u201cGesti\u00f3n de reuniones eficientes\u201d. <\/strong>En conjunto con la Fundaci\u00f3n del Banco de La Pampa se realizar\u00e1n los cursos sobre \u00abAtenci\u00f3n telef\u00f3nica\u00bb (autogestionado) y \u00abComunicaci\u00f3n no verbal\u00bb (autogestionado).<\/p>\n\n\n\n<p>Para el mes de <strong>septiembre se prev\u00e9 una capacitaci\u00f3n sobre \u00abCorreo electr\u00f3nico institucional y sus aportes al Gobierno Digital\u00bb<\/strong>, brindada por el Ministerio de Conectividad y Modernizaci\u00f3n, el curso sobre \u00abObligaciones del Estado en materia de Derechos Humanos, control de constitucionalidad y convencionalidad\u00bb, de la Subsecretar\u00eda de Derechos Humanos y la primera edici\u00f3n del \u00abTaller de Firma Digital: sobre verificaci\u00f3n de documentos suscriptos digitalmente &#8211; Nivel II\u00bb, cuyo dictado se repetir\u00e1 en los meses subsiguientes.<\/p>\n\n\n\n<p>En<strong> octubre, hasta el momento, est\u00e1 confirmado el curso sobre \u00abLey 2083 \u201cConservaci\u00f3n del patrimonio cultural de la Provincia de La\u00a0 Pampa\u201d, a cargo de la Secretar\u00eda de Cultura y la capacitaci\u00f3n autogestionada \u201cConflictos: c\u00f3mo abordarlos y gestionarlos\u201d<\/strong>, en conjunto con la Fundaci\u00f3n del Banco de La Pampa.<\/p>\n\n\n\n<p>Adem\u00e1s, se recuerda a las y los agentes p\u00fablicos que <strong>pueden suscribirse al newsletter del Programa a trav\u00e9s del link: <a href=\"https:\/\/procaap.lapampa.gob.ar\/suscripcion-a-newsletter.html\">https:\/\/procaap.lapampa.gob.ar\/suscripcion-a-newsletter.html<\/a><\/strong>\u00a0 \u00a0y seguir las redes sociales del Ministerio de Conectividad y Modernizaci\u00f3n en las que se publican las inscripciones a cada curso de PROCAAP.<\/p>\n","protected":false},"excerpt":{"rendered":"<p>El Programa de Capacitaci\u00f3n para Agentes de la Administraci\u00f3n P\u00fablica (PROCAAP), a cargo de la Subsecretar\u00eda de Modernizaci\u00f3n de La Pampa, cumple siete a\u00f1os desde su inicio y ya capacit\u00f3&hellip;<\/p>\n","protected":false},"author":5,"featured_media":230790,"comment_status":"closed","ping_status":"open","sticky":false,"template":"","format":"standard","meta":{"_acf_changed":false,"footnotes":""},"categories":[1,12],"tags":[3540,7605],"class_list":["post-230789","post","type-post","status-publish","format-standard","has-post-thumbnail","hentry","category-es-noticia","category-sociedad","tag-estado","tag-procaap"],"acf":[],"yoast_head":"<!-- This site is optimized with the Yoast SEO plugin v27.5 - https:\/\/yoast.com\/product\/yoast-seo-wordpress\/ -->\n<title>PROCAAP: se capacitaron unos 10 mil empleados estatales - Diario Textual<\/title>\n<meta name=\"robots\" content=\"index, follow, max-snippet:-1, max-image-preview:large, max-video-preview:-1\" \/>\n<link rel=\"canonical\" href=\"https:\/\/diariotextual.com\/inicio\/index.php\/2023\/07\/11\/procaap-se-capacitaron-unos-10-mil-empleados-estatales\/\" \/>\n<meta property=\"og:locale\" content=\"es_ES\" \/>\n<meta property=\"og:type\" content=\"article\" \/>\n<meta property=\"og:title\" content=\"PROCAAP: se capacitaron unos 10 mil empleados estatales - Diario Textual\" \/>\n<meta property=\"og:description\" content=\"El Programa de Capacitaci\u00f3n para Agentes de la Administraci\u00f3n P\u00fablica (PROCAAP), a cargo de la Subsecretar\u00eda de Modernizaci\u00f3n de La Pampa, cumple siete a\u00f1os desde su inicio y ya capacit\u00f3&hellip;\" \/>\n<meta property=\"og:url\" content=\"https:\/\/diariotextual.com\/inicio\/index.php\/2023\/07\/11\/procaap-se-capacitaron-unos-10-mil-empleados-estatales\/\" \/>\n<meta property=\"og:site_name\" content=\"Diario Textual\" \/>\n<meta property=\"article:publisher\" content=\"https:\/\/www.facebook.com\/eltextual\" \/>\n<meta property=\"article:published_time\" content=\"2023-07-11T22:29:52+00:00\" \/>\n<meta property=\"article:modified_time\" content=\"2023-07-11T22:29:54+00:00\" \/>\n<meta property=\"og:image\" content=\"https:\/\/diariotextual.com\/inicio\/wp-content\/uploads\/2023\/07\/procaap2023.jpg\" \/>\n\t<meta property=\"og:image:width\" content=\"900\" \/>\n\t<meta property=\"og:image:height\" content=\"481\" \/>\n\t<meta property=\"og:image:type\" content=\"image\/jpeg\" \/>\n<meta name=\"author\" content=\"diario3\" \/>\n<meta name=\"twitter:card\" content=\"summary_large_image\" \/>\n<meta name=\"twitter:creator\" content=\"@eltextual\" \/>\n<meta name=\"twitter:site\" content=\"@eltextual\" \/>\n<meta name=\"twitter:label1\" content=\"Escrito por\" \/>\n\t<meta name=\"twitter:data1\" content=\"diario3\" \/>\n\t<meta name=\"twitter:label2\" content=\"Tiempo de lectura\" \/>\n\t<meta name=\"twitter:data2\" content=\"3 minutos\" \/>\n<script type=\"application\/ld+json\" class=\"yoast-schema-graph\">{\"@context\":\"https:\\\/\\\/schema.org\",\"@graph\":[{\"@type\":\"Article\",\"@id\":\"https:\\\/\\\/diariotextual.com\\\/inicio\\\/index.php\\\/2023\\\/07\\\/11\\\/procaap-se-capacitaron-unos-10-mil-empleados-estatales\\\/#article\",\"isPartOf\":{\"@id\":\"https:\\\/\\\/diariotextual.com\\\/inicio\\\/index.php\\\/2023\\\/07\\\/11\\\/procaap-se-capacitaron-unos-10-mil-empleados-estatales\\\/\"},\"author\":{\"name\":\"diario3\",\"@id\":\"https:\\\/\\\/diariotextual.com\\\/inicio\\\/#\\\/schema\\\/person\\\/a1b6f563e0ee944c60f98119389a4d9f\"},\"headline\":\"PROCAAP: se capacitaron unos 10 mil empleados estatales\",\"datePublished\":\"2023-07-11T22:29:52+00:00\",\"dateModified\":\"2023-07-11T22:29:54+00:00\",\"mainEntityOfPage\":{\"@id\":\"https:\\\/\\\/diariotextual.com\\\/inicio\\\/index.php\\\/2023\\\/07\\\/11\\\/procaap-se-capacitaron-unos-10-mil-empleados-estatales\\\/\"},\"wordCount\":568,\"publisher\":{\"@id\":\"https:\\\/\\\/diariotextual.com\\\/inicio\\\/#organization\"},\"image\":{\"@id\":\"https:\\\/\\\/diariotextual.com\\\/inicio\\\/index.php\\\/2023\\\/07\\\/11\\\/procaap-se-capacitaron-unos-10-mil-empleados-estatales\\\/#primaryimage\"},\"thumbnailUrl\":\"https:\\\/\\\/diariotextual.com\\\/inicio\\\/wp-content\\\/uploads\\\/2023\\\/07\\\/procaap2023.jpg\",\"keywords\":[\"estado\",\"procaap\"],\"articleSection\":[\"A - ES NOTICIA (van abajo)\",\"SOCIEDAD\"],\"inLanguage\":\"es\"},{\"@type\":\"WebPage\",\"@id\":\"https:\\\/\\\/diariotextual.com\\\/inicio\\\/index.php\\\/2023\\\/07\\\/11\\\/procaap-se-capacitaron-unos-10-mil-empleados-estatales\\\/\",\"url\":\"https:\\\/\\\/diariotextual.com\\\/inicio\\\/index.php\\\/2023\\\/07\\\/11\\\/procaap-se-capacitaron-unos-10-mil-empleados-estatales\\\/\",\"name\":\"PROCAAP: se capacitaron unos 10 mil empleados estatales - Diario Textual\",\"isPartOf\":{\"@id\":\"https:\\\/\\\/diariotextual.com\\\/inicio\\\/#website\"},\"primaryImageOfPage\":{\"@id\":\"https:\\\/\\\/diariotextual.com\\\/inicio\\\/index.php\\\/2023\\\/07\\\/11\\\/procaap-se-capacitaron-unos-10-mil-empleados-estatales\\\/#primaryimage\"},\"image\":{\"@id\":\"https:\\\/\\\/diariotextual.com\\\/inicio\\\/index.php\\\/2023\\\/07\\\/11\\\/procaap-se-capacitaron-unos-10-mil-empleados-estatales\\\/#primaryimage\"},\"thumbnailUrl\":\"https:\\\/\\\/diariotextual.com\\\/inicio\\\/wp-content\\\/uploads\\\/2023\\\/07\\\/procaap2023.jpg\",\"datePublished\":\"2023-07-11T22:29:52+00:00\",\"dateModified\":\"2023-07-11T22:29:54+00:00\",\"breadcrumb\":{\"@id\":\"https:\\\/\\\/diariotextual.com\\\/inicio\\\/index.php\\\/2023\\\/07\\\/11\\\/procaap-se-capacitaron-unos-10-mil-empleados-estatales\\\/#breadcrumb\"},\"inLanguage\":\"es\",\"potentialAction\":[{\"@type\":\"ReadAction\",\"target\":[\"https:\\\/\\\/diariotextual.com\\\/inicio\\\/index.php\\\/2023\\\/07\\\/11\\\/procaap-se-capacitaron-unos-10-mil-empleados-estatales\\\/\"]}]},{\"@type\":\"ImageObject\",\"inLanguage\":\"es\",\"@id\":\"https:\\\/\\\/diariotextual.com\\\/inicio\\\/index.php\\\/2023\\\/07\\\/11\\\/procaap-se-capacitaron-unos-10-mil-empleados-estatales\\\/#primaryimage\",\"url\":\"https:\\\/\\\/diariotextual.com\\\/inicio\\\/wp-content\\\/uploads\\\/2023\\\/07\\\/procaap2023.jpg\",\"contentUrl\":\"https:\\\/\\\/diariotextual.com\\\/inicio\\\/wp-content\\\/uploads\\\/2023\\\/07\\\/procaap2023.jpg\",\"width\":900,\"height\":481},{\"@type\":\"BreadcrumbList\",\"@id\":\"https:\\\/\\\/diariotextual.com\\\/inicio\\\/index.php\\\/2023\\\/07\\\/11\\\/procaap-se-capacitaron-unos-10-mil-empleados-estatales\\\/#breadcrumb\",\"itemListElement\":[{\"@type\":\"ListItem\",\"position\":1,\"name\":\"Portada\",\"item\":\"https:\\\/\\\/diariotextual.com\\\/inicio\\\/\"},{\"@type\":\"ListItem\",\"position\":2,\"name\":\"PROCAAP: se capacitaron unos 10 mil empleados estatales\"}]},{\"@type\":\"WebSite\",\"@id\":\"https:\\\/\\\/diariotextual.com\\\/inicio\\\/#website\",\"url\":\"https:\\\/\\\/diariotextual.com\\\/inicio\\\/\",\"name\":\"Diario Textual\",\"description\":\"\",\"publisher\":{\"@id\":\"https:\\\/\\\/diariotextual.com\\\/inicio\\\/#organization\"},\"potentialAction\":[{\"@type\":\"SearchAction\",\"target\":{\"@type\":\"EntryPoint\",\"urlTemplate\":\"https:\\\/\\\/diariotextual.com\\\/inicio\\\/?s={search_term_string}\"},\"query-input\":{\"@type\":\"PropertyValueSpecification\",\"valueRequired\":true,\"valueName\":\"search_term_string\"}}],\"inLanguage\":\"es\"},{\"@type\":\"Organization\",\"@id\":\"https:\\\/\\\/diariotextual.com\\\/inicio\\\/#organization\",\"name\":\"Diario Textual\",\"url\":\"https:\\\/\\\/diariotextual.com\\\/inicio\\\/\",\"logo\":{\"@type\":\"ImageObject\",\"inLanguage\":\"es\",\"@id\":\"https:\\\/\\\/diariotextual.com\\\/inicio\\\/#\\\/schema\\\/logo\\\/image\\\/\",\"url\":\"https:\\\/\\\/diariotextual.com\\\/inicio\\\/wp-content\\\/uploads\\\/2023\\\/05\\\/logotextual1.jpg\",\"contentUrl\":\"https:\\\/\\\/diariotextual.com\\\/inicio\\\/wp-content\\\/uploads\\\/2023\\\/05\\\/logotextual1.jpg\",\"width\":516,\"height\":76,\"caption\":\"Diario Textual\"},\"image\":{\"@id\":\"https:\\\/\\\/diariotextual.com\\\/inicio\\\/#\\\/schema\\\/logo\\\/image\\\/\"},\"sameAs\":[\"https:\\\/\\\/www.facebook.com\\\/eltextual\",\"https:\\\/\\\/x.com\\\/eltextual\",\"http:\\\/\\\/www.instagram.com\\\/eltextual\"]},{\"@type\":\"Person\",\"@id\":\"https:\\\/\\\/diariotextual.com\\\/inicio\\\/#\\\/schema\\\/person\\\/a1b6f563e0ee944c60f98119389a4d9f\",\"name\":\"diario3\",\"image\":{\"@type\":\"ImageObject\",\"inLanguage\":\"es\",\"@id\":\"https:\\\/\\\/secure.gravatar.com\\\/avatar\\\/5e7ee62c82fc04d9dd79d746a390d93c69c43223e5faeeb3ea9461ef752bfc5d?s=96&d=mm&r=g\",\"url\":\"https:\\\/\\\/secure.gravatar.com\\\/avatar\\\/5e7ee62c82fc04d9dd79d746a390d93c69c43223e5faeeb3ea9461ef752bfc5d?s=96&d=mm&r=g\",\"contentUrl\":\"https:\\\/\\\/secure.gravatar.com\\\/avatar\\\/5e7ee62c82fc04d9dd79d746a390d93c69c43223e5faeeb3ea9461ef752bfc5d?s=96&d=mm&r=g\",\"caption\":\"diario3\"},\"url\":\"https:\\\/\\\/diariotextual.com\\\/inicio\\\/index.php\\\/author\\\/diario3\\\/\"}]}<\/script>\n<!-- \/ Yoast SEO plugin. -->","yoast_head_json":{"title":"PROCAAP: se capacitaron unos 10 mil empleados estatales - Diario Textual","robots":{"index":"index","follow":"follow","max-snippet":"max-snippet:-1","max-image-preview":"max-image-preview:large","max-video-preview":"max-video-preview:-1"},"canonical":"https:\/\/diariotextual.com\/inicio\/index.php\/2023\/07\/11\/procaap-se-capacitaron-unos-10-mil-empleados-estatales\/","og_locale":"es_ES","og_type":"article","og_title":"PROCAAP: se capacitaron unos 10 mil empleados estatales - Diario Textual","og_description":"El Programa de Capacitaci\u00f3n para Agentes de la Administraci\u00f3n P\u00fablica (PROCAAP), a cargo de la Subsecretar\u00eda de Modernizaci\u00f3n de La Pampa, cumple siete a\u00f1os desde su inicio y ya capacit\u00f3&hellip;","og_url":"https:\/\/diariotextual.com\/inicio\/index.php\/2023\/07\/11\/procaap-se-capacitaron-unos-10-mil-empleados-estatales\/","og_site_name":"Diario Textual","article_publisher":"https:\/\/www.facebook.com\/eltextual","article_published_time":"2023-07-11T22:29:52+00:00","article_modified_time":"2023-07-11T22:29:54+00:00","og_image":[{"width":900,"height":481,"url":"https:\/\/diariotextual.com\/inicio\/wp-content\/uploads\/2023\/07\/procaap2023.jpg","type":"image\/jpeg"}],"author":"diario3","twitter_card":"summary_large_image","twitter_creator":"@eltextual","twitter_site":"@eltextual","twitter_misc":{"Escrito por":"diario3","Tiempo de lectura":"3 minutos"},"schema":{"@context":"https:\/\/schema.org","@graph":[{"@type":"Article","@id":"https:\/\/diariotextual.com\/inicio\/index.php\/2023\/07\/11\/procaap-se-capacitaron-unos-10-mil-empleados-estatales\/#article","isPartOf":{"@id":"https:\/\/diariotextual.com\/inicio\/index.php\/2023\/07\/11\/procaap-se-capacitaron-unos-10-mil-empleados-estatales\/"},"author":{"name":"diario3","@id":"https:\/\/diariotextual.com\/inicio\/#\/schema\/person\/a1b6f563e0ee944c60f98119389a4d9f"},"headline":"PROCAAP: se capacitaron unos 10 mil empleados estatales","datePublished":"2023-07-11T22:29:52+00:00","dateModified":"2023-07-11T22:29:54+00:00","mainEntityOfPage":{"@id":"https:\/\/diariotextual.com\/inicio\/index.php\/2023\/07\/11\/procaap-se-capacitaron-unos-10-mil-empleados-estatales\/"},"wordCount":568,"publisher":{"@id":"https:\/\/diariotextual.com\/inicio\/#organization"},"image":{"@id":"https:\/\/diariotextual.com\/inicio\/index.php\/2023\/07\/11\/procaap-se-capacitaron-unos-10-mil-empleados-estatales\/#primaryimage"},"thumbnailUrl":"https:\/\/diariotextual.com\/inicio\/wp-content\/uploads\/2023\/07\/procaap2023.jpg","keywords":["estado","procaap"],"articleSection":["A - ES NOTICIA (van abajo)","SOCIEDAD"],"inLanguage":"es"},{"@type":"WebPage","@id":"https:\/\/diariotextual.com\/inicio\/index.php\/2023\/07\/11\/procaap-se-capacitaron-unos-10-mil-empleados-estatales\/","url":"https:\/\/diariotextual.com\/inicio\/index.php\/2023\/07\/11\/procaap-se-capacitaron-unos-10-mil-empleados-estatales\/","name":"PROCAAP: se capacitaron unos 10 mil empleados estatales - Diario Textual","isPartOf":{"@id":"https:\/\/diariotextual.com\/inicio\/#website"},"primaryImageOfPage":{"@id":"https:\/\/diariotextual.com\/inicio\/index.php\/2023\/07\/11\/procaap-se-capacitaron-unos-10-mil-empleados-estatales\/#primaryimage"},"image":{"@id":"https:\/\/diariotextual.com\/inicio\/index.php\/2023\/07\/11\/procaap-se-capacitaron-unos-10-mil-empleados-estatales\/#primaryimage"},"thumbnailUrl":"https:\/\/diariotextual.com\/inicio\/wp-content\/uploads\/2023\/07\/procaap2023.jpg","datePublished":"2023-07-11T22:29:52+00:00","dateModified":"2023-07-11T22:29:54+00:00","breadcrumb":{"@id":"https:\/\/diariotextual.com\/inicio\/index.php\/2023\/07\/11\/procaap-se-capacitaron-unos-10-mil-empleados-estatales\/#breadcrumb"},"inLanguage":"es","potentialAction":[{"@type":"ReadAction","target":["https:\/\/diariotextual.com\/inicio\/index.php\/2023\/07\/11\/procaap-se-capacitaron-unos-10-mil-empleados-estatales\/"]}]},{"@type":"ImageObject","inLanguage":"es","@id":"https:\/\/diariotextual.com\/inicio\/index.php\/2023\/07\/11\/procaap-se-capacitaron-unos-10-mil-empleados-estatales\/#primaryimage","url":"https:\/\/diariotextual.com\/inicio\/wp-content\/uploads\/2023\/07\/procaap2023.jpg","contentUrl":"https:\/\/diariotextual.com\/inicio\/wp-content\/uploads\/2023\/07\/procaap2023.jpg","width":900,"height":481},{"@type":"BreadcrumbList","@id":"https:\/\/diariotextual.com\/inicio\/index.php\/2023\/07\/11\/procaap-se-capacitaron-unos-10-mil-empleados-estatales\/#breadcrumb","itemListElement":[{"@type":"ListItem","position":1,"name":"Portada","item":"https:\/\/diariotextual.com\/inicio\/"},{"@type":"ListItem","position":2,"name":"PROCAAP: se capacitaron unos 10 mil empleados estatales"}]},{"@type":"WebSite","@id":"https:\/\/diariotextual.com\/inicio\/#website","url":"https:\/\/diariotextual.com\/inicio\/","name":"Diario Textual","description":"","publisher":{"@id":"https:\/\/diariotextual.com\/inicio\/#organization"},"potentialAction":[{"@type":"SearchAction","target":{"@type":"EntryPoint","urlTemplate":"https:\/\/diariotextual.com\/inicio\/?s={search_term_string}"},"query-input":{"@type":"PropertyValueSpecification","valueRequired":true,"valueName":"search_term_string"}}],"inLanguage":"es"},{"@type":"Organization","@id":"https:\/\/diariotextual.com\/inicio\/#organization","name":"Diario Textual","url":"https:\/\/diariotextual.com\/inicio\/","logo":{"@type":"ImageObject","inLanguage":"es","@id":"https:\/\/diariotextual.com\/inicio\/#\/schema\/logo\/image\/","url":"https:\/\/diariotextual.com\/inicio\/wp-content\/uploads\/2023\/05\/logotextual1.jpg","contentUrl":"https:\/\/diariotextual.com\/inicio\/wp-content\/uploads\/2023\/05\/logotextual1.jpg","width":516,"height":76,"caption":"Diario Textual"},"image":{"@id":"https:\/\/diariotextual.com\/inicio\/#\/schema\/logo\/image\/"},"sameAs":["https:\/\/www.facebook.com\/eltextual","https:\/\/x.com\/eltextual","http:\/\/www.instagram.com\/eltextual"]},{"@type":"Person","@id":"https:\/\/diariotextual.com\/inicio\/#\/schema\/person\/a1b6f563e0ee944c60f98119389a4d9f","name":"diario3","image":{"@type":"ImageObject","inLanguage":"es","@id":"https:\/\/secure.gravatar.com\/avatar\/5e7ee62c82fc04d9dd79d746a390d93c69c43223e5faeeb3ea9461ef752bfc5d?s=96&d=mm&r=g","url":"https:\/\/secure.gravatar.com\/avatar\/5e7ee62c82fc04d9dd79d746a390d93c69c43223e5faeeb3ea9461ef752bfc5d?s=96&d=mm&r=g","contentUrl":"https:\/\/secure.gravatar.com\/avatar\/5e7ee62c82fc04d9dd79d746a390d93c69c43223e5faeeb3ea9461ef752bfc5d?s=96&d=mm&r=g","caption":"diario3"},"url":"https:\/\/diariotextual.com\/inicio\/index.php\/author\/diario3\/"}]}},"_links":{"self":[{"href":"https:\/\/diariotextual.com\/inicio\/index.php\/wp-json\/wp\/v2\/posts\/230789","targetHints":{"allow":["GET"]}}],"collection":[{"href":"https:\/\/diariotextual.com\/inicio\/index.php\/wp-json\/wp\/v2\/posts"}],"about":[{"href":"https:\/\/diariotextual.com\/inicio\/index.php\/wp-json\/wp\/v2\/types\/post"}],"author":[{"embeddable":true,"href":"https:\/\/diariotextual.com\/inicio\/index.php\/wp-json\/wp\/v2\/users\/5"}],"replies":[{"embeddable":true,"href":"https:\/\/diariotextual.com\/inicio\/index.php\/wp-json\/wp\/v2\/comments?post=230789"}],"version-history":[{"count":1,"href":"https:\/\/diariotextual.com\/inicio\/index.php\/wp-json\/wp\/v2\/posts\/230789\/revisions"}],"predecessor-version":[{"id":230791,"href":"https:\/\/diariotextual.com\/inicio\/index.php\/wp-json\/wp\/v2\/posts\/230789\/revisions\/230791"}],"wp:featuredmedia":[{"embeddable":true,"href":"https:\/\/diariotextual.com\/inicio\/index.php\/wp-json\/wp\/v2\/media\/230790"}],"wp:attachment":[{"href":"https:\/\/diariotextual.com\/inicio\/index.php\/wp-json\/wp\/v2\/media?parent=230789"}],"wp:term":[{"taxonomy":"category","embeddable":true,"href":"https:\/\/diariotextual.com\/inicio\/index.php\/wp-json\/wp\/v2\/categories?post=230789"},{"taxonomy":"post_tag","embeddable":true,"href":"https:\/\/diariotextual.com\/inicio\/index.php\/wp-json\/wp\/v2\/tags?post=230789"}],"curies":[{"name":"wp","href":"https:\/\/api.w.org\/{rel}","templated":true}]}}