{"id":230798,"date":"2023-07-12T07:08:49","date_gmt":"2023-07-12T10:08:49","guid":{"rendered":"https:\/\/diariotextual.com\/inicio\/?p=230798"},"modified":"2023-07-12T19:02:27","modified_gmt":"2023-07-12T22:02:27","slug":"el-recuerdo-en-jacinto-arauz-el-pueblo-que-marco-para-siempre-a-favaloro","status":"publish","type":"post","link":"https:\/\/diariotextual.com\/inicio\/index.php\/2023\/07\/12\/el-recuerdo-en-jacinto-arauz-el-pueblo-que-marco-para-siempre-a-favaloro\/","title":{"rendered":"El recuerdo en Jacinto Arauz, el pueblo que marc\u00f3 para siempre a Favaloro"},"content":{"rendered":"\n<p>(Por Milagros Alonso) A 100 a\u00f1os del nacimiento de Ren\u00e9 Favaloro, que se cumplen este 12 de julio,\u00a0<strong>Dora Calo<\/strong>, una de las enfermeras durante su estad\u00eda como m\u00e9dico rural en\u00a0<strong>Jacinto Arauz y Mar\u00eda Elena Bert\u00f3n, la directora del Museo Hist\u00f3rico del M\u00e9dico Rural Dr. Ren\u00e9 G. Favaloro<\/strong>, contaron a T\u00e9lam algunas de las vivencias del prestigioso m\u00e9dico en el pueblo que lo cautiv\u00f3 con sus fascinantes atardeceres.<br><br><strong>Favaloro se traslad\u00f3 a Jacinto Arauz, al este de La Pampa, en mayo de 1950<\/strong>, un a\u00f1o despu\u00e9s de recibirse de m\u00e9dico en la Universidad Nacional de La Plata. A ese pueblo, situado a 200 kil\u00f3metros de la capital provincial, lleg\u00f3 porque su t\u00edo, que viv\u00eda all\u00ed, le pidi\u00f3 que realizara una suplencia.<br><br>El destino quiso que\u00a0<strong>el reemplazo que iba a durar menos de tres meses se transformara en doce a\u00f1os<\/strong>, tiempo en el que Favaloro aprendi\u00f3 -como m\u00e9dico rural- \u201cel profundo sentido social de la vida\u201d, seg\u00fan contara luego \u00e9l mismo.<br><br>En ese entonces,<strong>\u00a0el pueblo ubicado a la vera de la Ruta Nacional 35 ten\u00eda solamente unas diez manzanas\u00a0<\/strong>desparramadas a lo largo de las v\u00edas del tren.\u00a0<strong>Hoy cuenta con unos 2.500 habitantes<\/strong>\u00a0y tiene como principal motor de la econom\u00eda local al molino harinero y la industria l\u00e1ctea.<br><br>Una vez que Favaloro se estableci\u00f3 en Jacinto Arauz,\u00a0<strong>su hermano menor, Juan Jos\u00e9, quien tambi\u00e9n era m\u00e9dico, sigui\u00f3 sus pasos.<\/strong>\u00a0Juntos lograron convertir a una vieja casona del pueblo en una cl\u00ednica con veintitr\u00e9s camas, una sala de cirug\u00eda y equipos de rayos X.<br><br>\u201cLa cl\u00ednica fue una bisagra muy importante en el pueblo.\u00a0<strong>Antes, los pacientes eran derivados a Bah\u00eda Blanca por el ferrocarril que pasaba una vez por d\u00eda y tardaba unas 4 o 5 horas en llegar\u201d<\/strong>, cont\u00f3 Mar\u00eda Elena en di\u00e1logo con T\u00e9lam.<\/p>\n\n\n\n<figure class=\"wp-block-image size-large is-resized\"><img fetchpriority=\"high\" decoding=\"async\" src=\"https:\/\/diariotextual.com\/inicio\/wp-content\/uploads\/2023\/07\/favaloro64354-683x1024.jpg\" alt=\"\" class=\"wp-image-230805\" width=\"286\" height=\"429\" srcset=\"https:\/\/diariotextual.com\/inicio\/wp-content\/uploads\/2023\/07\/favaloro64354-683x1024.jpg 683w, https:\/\/diariotextual.com\/inicio\/wp-content\/uploads\/2023\/07\/favaloro64354-200x300.jpg 200w, https:\/\/diariotextual.com\/inicio\/wp-content\/uploads\/2023\/07\/favaloro64354-585x878.jpg 585w, https:\/\/diariotextual.com\/inicio\/wp-content\/uploads\/2023\/07\/favaloro64354.jpg 740w\" sizes=\"(max-width: 286px) 100vw, 286px\" \/><\/figure>\n\n\n\n<p>Los hermanos Favaloro\u00a0<strong>frenaron la epidemia de diarrea infantil\u00a0<\/strong>que afectaba al pueblo, dieron charlas para ense\u00f1ar a prevenir enfermedades, se vincularon con maestros rurales para la divulgaci\u00f3n sanitaria y hasta llegaron a armar un banco de sangre.<br><br>Incluso\u00a0<strong>Ren\u00e9 fue el socio fundador de la cooperativa de servicios y obras p\u00fablicas<\/strong>\u00a0que hizo el tendido de la energ\u00eda el\u00e9ctrica del pueblo y llev\u00f3 agua potable a todas las viviendas.<\/p>\n\n\n\n<p><strong>\u201cEl doctor Ren\u00e9 ense\u00f1aba a las comadronas la higiene.\u00a0<\/strong>Ac\u00e1, antes, los m\u00e9dicos no atend\u00edan a las parturientas, pero un d\u00eda un parto se complic\u00f3 en una quinta lejos del pueblo y la comadrona vino a buscarlo. \u00c9l agarr\u00f3 su malet\u00edn, se subi\u00f3 al sulky y fue a atender\u201d, cont\u00f3 Dora en la entrevista con T\u00e9lam.<br><br>Entre los recuerdos de sus a\u00f1os de trabajo al lado Favaloro, Dora explic\u00f3 que\u00a0<strong>en el quir\u00f3fano \u201ctodo ten\u00eda que estar perfecto<\/strong>. No pod\u00eda volar una mosca, nada de nada\u201d.<br><br>Durante las cirug\u00edas, la mujer se encargaba de tener los separadores quir\u00fargicos para correr los tejidos y tambi\u00e9n enhebraba las agujas de sutura.\u00a0\u201cHab\u00eda que tener mucho cuidado. A veces sangra una venita y hay que ponerle una gasa. Y despu\u00e9s, antes de cerrar, hay que acordarse d\u00f3nde uno puso las gasas\u201d, agreg\u00f3 Dora, y remarc\u00f3 que<strong>\u00a0los hermanos Favaloro eran \u201cmuy puntillosos\u201d.<\/strong><br><br>Todo lo que aprendi\u00f3 Dora de medicina fue de la mano de Favaloro, a quien describi\u00f3 como un hombre \u00abmuy recto que inspiraba respeto\u00bb, pero que \u00abtrataba a todos por igual\u00bb.<br><br>Y remarc\u00f3:<strong>\u00a0\u201cNunca jam\u00e1s nos levant\u00f3 la voz a las enfermeras ni nos dijo malas palabras.<\/strong>\u00a0Despu\u00e9s, cuando trabaj\u00e9 con otros m\u00e9dicos nos dec\u00edan cualquier cosa\u201d.<br><br>\u201cFavaloro era docente,<strong>\u00a0le gustaba mucho ense\u00f1ar<\/strong>\u00a0y que quien estaba al lado de \u00e9l aprenda\u201d, agreg\u00f3 Dora cumpliendo con la voluntad de Favaloro, quien siempre recalcaba que quer\u00eda ser recordado como docente m\u00e1s que como cirujano.<br><br>Tambi\u00e9n Dora subray\u00f3 que ya en esa \u00e9poca Favaloro les comentaba durante las cirug\u00edas que pensaba hacer el bypass aortocoronario, t\u00e9cnica que terminar\u00eda realizando por primera vez en Estados Unidos en 1967.<br><br><strong>\u201cEl doctor siempre conversaba en las operaciones y nos explicaba lo que quer\u00eda hacer con la vena safena de la pierna<\/strong>, pero nosotros no entend\u00edamos nada de todas esas cosas\u201d, narr\u00f3 Dora sobre sus vivencias de 60 a\u00f1os atr\u00e1s.\u00a0\u201c\u00c9l ya ten\u00eda la idea de lo que quer\u00eda llegar a hacer e iba a tratar de hacer todo lo que ten\u00eda en mente. Y lo logr\u00f3\u201d, remarc\u00f3.<\/p>\n\n\n\n<figure class=\"wp-block-image size-full\"><img decoding=\"async\" width=\"750\" height=\"421\" src=\"https:\/\/diariotextual.com\/inicio\/wp-content\/uploads\/2020\/07\/favalororene71114.jpg\" alt=\"\" class=\"wp-image-103601\" srcset=\"https:\/\/diariotextual.com\/inicio\/wp-content\/uploads\/2020\/07\/favalororene71114.jpg 750w, https:\/\/diariotextual.com\/inicio\/wp-content\/uploads\/2020\/07\/favalororene71114-300x168.jpg 300w, https:\/\/diariotextual.com\/inicio\/wp-content\/uploads\/2020\/07\/favalororene71114-585x328.jpg 585w\" sizes=\"(max-width: 750px) 100vw, 750px\" \/><\/figure>\n\n\n\n<p>En Jacinto Arauz fue donde Favaloro\u00a0<strong>comenz\u00f3 a desarrollar la medicina social\u00a0<\/strong>con los pacientes que se incrementaban cada vez m\u00e1s, e incluso llegaban desde pueblos vecinos.\u00a0\u201cLa atenci\u00f3n m\u00e9dica era primero la charla con el paciente para conocer su modo de vida. Despu\u00e9s preguntaba sobre la consulta en s\u00ed, pero muchas veces eran enfermedades psicosom\u00e1ticas, y a eso es lo que se apunta hoy otra vez, a que no sea tan mecanizada la atenci\u00f3n, sino m\u00e1s humana\u201d, cont\u00f3\u00a0<strong>Mar\u00eda Elena, de 48 a\u00f1os, quien naci\u00f3 en la cl\u00ednica que fundaron los hermanos Favaloro.<\/strong><br><\/p>\n\n\n\n<p>A principios de 1962 Favaloro se fue de Jacinto Arauz para especializarse en Estados Unidos con \u201cmucho dolor, pero lleno de esperanzas\u201d, seg\u00fan \u00e9l mismo cont\u00f3.\u00a0Si bien el reconocido m\u00e9dico recibi\u00f3 m\u00faltiples invitaciones para volver de visita,\u00a0<strong>solo acept\u00f3 regresar para el centenario de Jacinto Arauz, en 1989.\u00a0\u201c<\/strong>Ese d\u00eda hab\u00eda cola para verlo. Lo pude saludar, pero nada m\u00e1s porque era una romer\u00eda de gente\u201d, rememor\u00f3 Dora.<br><br>Por su parte, Mar\u00eda Elena agreg\u00f3 que a Favaloro \u201cle produc\u00eda mucha nostalgia volver al pueblo. Era alguien que se encari\u00f1aba much\u00edsimo y se acordaba de todas las personas\u201d.<br><br>La importancia de la obra que dej\u00f3 Favaloro en Jacinto Arauz es tal que sus habitantes lo homenajean con\u00a0<strong>el \u00fanico museo del pa\u00eds dedicado al prestigioso cardiocirujano.\u00a0<\/strong>El museo, ubicado en la vieja estaci\u00f3n del ferrocarril,\u00a0<strong>se inaugur\u00f3 en 2003<\/strong>, y hoy est\u00e1 en ampliaci\u00f3n para contar tambi\u00e9n historias locales, como la de excombatientes de la Guerra de Malvinas.<br><br>Entre los objetos de Favaloro, se exhibe la valija marr\u00f3n de cart\u00f3n prensado con la que viaj\u00f3 hasta Jacinto Arauz, un combinado de m\u00fasica, la matr\u00edcula original de la cl\u00ednica, instrumental quir\u00fargico, libros que escribi\u00f3 y fotograf\u00edas de diferentes \u00e9pocas.\u00a0Tambi\u00e9n se albergan poemas y canciones que admiradores de Favaloro que visitan el museo hacen llegar desde distintas latitudes.<br><br>A su vez,\u00a0<strong>el pueblo cuenta con un circuito autoguiado\u00a0<\/strong>por el monumento que le rinde tributo a Favaloro, la casa donde vivi\u00f3, la cl\u00ednica que fund\u00f3 y el pasaje que recibe su nombre, entre otros puntos.<br><br>En la \u00fanica escuela primaria del pueblo hay un aula que tiene un cuadro con la fotograf\u00eda de Favaloro y los estudiantes reciben clases especiales donde estudian su biograf\u00eda, como la de los otros pr\u00f3ceres de nuestro pa\u00eds.\u00a0\u201cFavaloro fue una eminencia; no puedo decir nada malo de \u00e9l.\u00a0<strong>Fue una persona muy buena, sumamente honesta y necesaria<\/strong>\u00a0para la humanidad\u201d, concluy\u00f3 Dora.<\/p>\n\n\n\n<figure class=\"wp-block-image size-large is-resized\"><img decoding=\"async\" src=\"https:\/\/diariotextual.com\/inicio\/wp-content\/uploads\/2023\/07\/favaloromuraljacintoarauz5454-1024x787.jpg\" alt=\"\" class=\"wp-image-230802\" width=\"840\" height=\"645\" srcset=\"https:\/\/diariotextual.com\/inicio\/wp-content\/uploads\/2023\/07\/favaloromuraljacintoarauz5454-1024x787.jpg 1024w, https:\/\/diariotextual.com\/inicio\/wp-content\/uploads\/2023\/07\/favaloromuraljacintoarauz5454-300x231.jpg 300w, https:\/\/diariotextual.com\/inicio\/wp-content\/uploads\/2023\/07\/favaloromuraljacintoarauz5454-768x590.jpg 768w, https:\/\/diariotextual.com\/inicio\/wp-content\/uploads\/2023\/07\/favaloromuraljacintoarauz5454-585x450.jpg 585w, https:\/\/diariotextual.com\/inicio\/wp-content\/uploads\/2023\/07\/favaloromuraljacintoarauz5454.jpg 1080w\" sizes=\"(max-width: 840px) 100vw, 840px\" \/><\/figure>\n\n\n\n<p>La municipalidad de Jacinto Arauz realizar\u00e1 este mi\u00e9rcoles un homenaje al cardiocirujano frente al monumento erigido en su memoria, a partir de las 10 horas.\u00a0La directora del Museo, Mar\u00eda Elena Bert\u00f3n, afirm\u00f3 que \u00abse descubrir\u00e1n placas conmemorativas realizadas por distintas instituciones y se inaugurar\u00e1 el mural creado en una de las caras del galp\u00f3n que est\u00e1 frente al museo\u00bb, realizado por el artista pampeano Ra\u00fal Salvadori.<\/p>\n\n\n\n<figure class=\"wp-block-embed is-type-wp-embed is-provider-diario-textual wp-block-embed-diario-textual\"><div class=\"wp-block-embed__wrapper\">\n<blockquote class=\"wp-embedded-content\" data-secret=\"IvBgR2atCa\"><a href=\"https:\/\/diariotextual.com\/inicio\/index.php\/2023\/07\/11\/como-era-trabajar-con-favaloro-el-medico-que-transformo-la-cardiologia\/\">C\u00f3mo era trabajar con Favaloro, el m\u00e9dico que transform\u00f3 la cardiolog\u00eda<\/a><\/blockquote><iframe class=\"wp-embedded-content\" sandbox=\"allow-scripts\" security=\"restricted\" style=\"position: absolute; clip: rect(1px, 1px, 1px, 1px);\" title=\"\u00abC\u00f3mo era trabajar con Favaloro, el m\u00e9dico que transform\u00f3 la cardiolog\u00eda\u00bb \u2014 Diario Textual\" src=\"https:\/\/diariotextual.com\/inicio\/index.php\/2023\/07\/11\/como-era-trabajar-con-favaloro-el-medico-que-transformo-la-cardiologia\/embed\/#?secret=4chhm2s9Gx#?secret=IvBgR2atCa\" data-secret=\"IvBgR2atCa\" width=\"600\" height=\"338\" frameborder=\"0\" marginwidth=\"0\" marginheight=\"0\" scrolling=\"no\"><\/iframe>\n<\/div><\/figure>\n","protected":false},"excerpt":{"rendered":"<p>(Por Milagros Alonso) A 100 a\u00f1os del nacimiento de Ren\u00e9 Favaloro, que se cumplen este 12 de julio,\u00a0Dora Calo, una de las enfermeras durante su estad\u00eda como m\u00e9dico rural en\u00a0Jacinto&hellip;<\/p>\n","protected":false},"author":4,"featured_media":230799,"comment_status":"closed","ping_status":"open","sticky":false,"template":"","format":"standard","meta":{"_acf_changed":false,"footnotes":""},"categories":[1,12],"tags":[],"class_list":["post-230798","post","type-post","status-publish","format-standard","has-post-thumbnail","hentry","category-es-noticia","category-sociedad"],"acf":[],"yoast_head":"<!-- This site is optimized with the Yoast SEO plugin v27.5 - https:\/\/yoast.com\/product\/yoast-seo-wordpress\/ -->\n<title>El recuerdo en Jacinto Arauz, el pueblo que marc\u00f3 para siempre a Favaloro - Diario Textual<\/title>\n<meta name=\"robots\" content=\"index, follow, max-snippet:-1, max-image-preview:large, max-video-preview:-1\" \/>\n<link rel=\"canonical\" href=\"https:\/\/diariotextual.com\/inicio\/index.php\/2023\/07\/12\/el-recuerdo-en-jacinto-arauz-el-pueblo-que-marco-para-siempre-a-favaloro\/\" \/>\n<meta property=\"og:locale\" content=\"es_ES\" \/>\n<meta property=\"og:type\" content=\"article\" \/>\n<meta property=\"og:title\" content=\"El recuerdo en Jacinto Arauz, el pueblo que marc\u00f3 para siempre a Favaloro - Diario Textual\" \/>\n<meta property=\"og:description\" content=\"(Por Milagros Alonso) A 100 a\u00f1os del nacimiento de Ren\u00e9 Favaloro, que se cumplen este 12 de julio,\u00a0Dora Calo, una de las enfermeras durante su estad\u00eda como m\u00e9dico rural en\u00a0Jacinto&hellip;\" \/>\n<meta property=\"og:url\" content=\"https:\/\/diariotextual.com\/inicio\/index.php\/2023\/07\/12\/el-recuerdo-en-jacinto-arauz-el-pueblo-que-marco-para-siempre-a-favaloro\/\" \/>\n<meta property=\"og:site_name\" content=\"Diario Textual\" \/>\n<meta property=\"article:publisher\" content=\"https:\/\/www.facebook.com\/eltextual\" \/>\n<meta property=\"article:published_time\" content=\"2023-07-12T10:08:49+00:00\" \/>\n<meta property=\"article:modified_time\" content=\"2023-07-12T22:02:27+00:00\" \/>\n<meta property=\"og:image\" content=\"https:\/\/diariotextual.com\/inicio\/wp-content\/uploads\/2023\/07\/favaloroenfermera66555.png\" \/>\n\t<meta property=\"og:image:width\" content=\"826\" \/>\n\t<meta property=\"og:image:height\" content=\"492\" \/>\n\t<meta property=\"og:image:type\" content=\"image\/png\" \/>\n<meta name=\"author\" content=\"diario2\" \/>\n<meta name=\"twitter:card\" content=\"summary_large_image\" \/>\n<meta name=\"twitter:creator\" content=\"@eltextual\" \/>\n<meta name=\"twitter:site\" content=\"@eltextual\" \/>\n<meta name=\"twitter:label1\" content=\"Escrito por\" \/>\n\t<meta name=\"twitter:data1\" content=\"diario2\" \/>\n\t<meta name=\"twitter:label2\" content=\"Tiempo de lectura\" \/>\n\t<meta name=\"twitter:data2\" content=\"7 minutos\" \/>\n<script type=\"application\/ld+json\" class=\"yoast-schema-graph\">{\"@context\":\"https:\\\/\\\/schema.org\",\"@graph\":[{\"@type\":\"Article\",\"@id\":\"https:\\\/\\\/diariotextual.com\\\/inicio\\\/index.php\\\/2023\\\/07\\\/12\\\/el-recuerdo-en-jacinto-arauz-el-pueblo-que-marco-para-siempre-a-favaloro\\\/#article\",\"isPartOf\":{\"@id\":\"https:\\\/\\\/diariotextual.com\\\/inicio\\\/index.php\\\/2023\\\/07\\\/12\\\/el-recuerdo-en-jacinto-arauz-el-pueblo-que-marco-para-siempre-a-favaloro\\\/\"},\"author\":{\"name\":\"diario2\",\"@id\":\"https:\\\/\\\/diariotextual.com\\\/inicio\\\/#\\\/schema\\\/person\\\/694f60677f23c4a530867a98f22b3768\"},\"headline\":\"El recuerdo en Jacinto Arauz, el pueblo que marc\u00f3 para siempre a Favaloro\",\"datePublished\":\"2023-07-12T10:08:49+00:00\",\"dateModified\":\"2023-07-12T22:02:27+00:00\",\"mainEntityOfPage\":{\"@id\":\"https:\\\/\\\/diariotextual.com\\\/inicio\\\/index.php\\\/2023\\\/07\\\/12\\\/el-recuerdo-en-jacinto-arauz-el-pueblo-que-marco-para-siempre-a-favaloro\\\/\"},\"wordCount\":1311,\"publisher\":{\"@id\":\"https:\\\/\\\/diariotextual.com\\\/inicio\\\/#organization\"},\"image\":{\"@id\":\"https:\\\/\\\/diariotextual.com\\\/inicio\\\/index.php\\\/2023\\\/07\\\/12\\\/el-recuerdo-en-jacinto-arauz-el-pueblo-que-marco-para-siempre-a-favaloro\\\/#primaryimage\"},\"thumbnailUrl\":\"https:\\\/\\\/diariotextual.com\\\/inicio\\\/wp-content\\\/uploads\\\/2023\\\/07\\\/favaloroenfermera66555.png\",\"articleSection\":[\"A - ES NOTICIA (van abajo)\",\"SOCIEDAD\"],\"inLanguage\":\"es\"},{\"@type\":\"WebPage\",\"@id\":\"https:\\\/\\\/diariotextual.com\\\/inicio\\\/index.php\\\/2023\\\/07\\\/12\\\/el-recuerdo-en-jacinto-arauz-el-pueblo-que-marco-para-siempre-a-favaloro\\\/\",\"url\":\"https:\\\/\\\/diariotextual.com\\\/inicio\\\/index.php\\\/2023\\\/07\\\/12\\\/el-recuerdo-en-jacinto-arauz-el-pueblo-que-marco-para-siempre-a-favaloro\\\/\",\"name\":\"El recuerdo en Jacinto Arauz, el pueblo que marc\u00f3 para siempre a Favaloro - Diario Textual\",\"isPartOf\":{\"@id\":\"https:\\\/\\\/diariotextual.com\\\/inicio\\\/#website\"},\"primaryImageOfPage\":{\"@id\":\"https:\\\/\\\/diariotextual.com\\\/inicio\\\/index.php\\\/2023\\\/07\\\/12\\\/el-recuerdo-en-jacinto-arauz-el-pueblo-que-marco-para-siempre-a-favaloro\\\/#primaryimage\"},\"image\":{\"@id\":\"https:\\\/\\\/diariotextual.com\\\/inicio\\\/index.php\\\/2023\\\/07\\\/12\\\/el-recuerdo-en-jacinto-arauz-el-pueblo-que-marco-para-siempre-a-favaloro\\\/#primaryimage\"},\"thumbnailUrl\":\"https:\\\/\\\/diariotextual.com\\\/inicio\\\/wp-content\\\/uploads\\\/2023\\\/07\\\/favaloroenfermera66555.png\",\"datePublished\":\"2023-07-12T10:08:49+00:00\",\"dateModified\":\"2023-07-12T22:02:27+00:00\",\"breadcrumb\":{\"@id\":\"https:\\\/\\\/diariotextual.com\\\/inicio\\\/index.php\\\/2023\\\/07\\\/12\\\/el-recuerdo-en-jacinto-arauz-el-pueblo-que-marco-para-siempre-a-favaloro\\\/#breadcrumb\"},\"inLanguage\":\"es\",\"potentialAction\":[{\"@type\":\"ReadAction\",\"target\":[\"https:\\\/\\\/diariotextual.com\\\/inicio\\\/index.php\\\/2023\\\/07\\\/12\\\/el-recuerdo-en-jacinto-arauz-el-pueblo-que-marco-para-siempre-a-favaloro\\\/\"]}]},{\"@type\":\"ImageObject\",\"inLanguage\":\"es\",\"@id\":\"https:\\\/\\\/diariotextual.com\\\/inicio\\\/index.php\\\/2023\\\/07\\\/12\\\/el-recuerdo-en-jacinto-arauz-el-pueblo-que-marco-para-siempre-a-favaloro\\\/#primaryimage\",\"url\":\"https:\\\/\\\/diariotextual.com\\\/inicio\\\/wp-content\\\/uploads\\\/2023\\\/07\\\/favaloroenfermera66555.png\",\"contentUrl\":\"https:\\\/\\\/diariotextual.com\\\/inicio\\\/wp-content\\\/uploads\\\/2023\\\/07\\\/favaloroenfermera66555.png\",\"width\":826,\"height\":492},{\"@type\":\"BreadcrumbList\",\"@id\":\"https:\\\/\\\/diariotextual.com\\\/inicio\\\/index.php\\\/2023\\\/07\\\/12\\\/el-recuerdo-en-jacinto-arauz-el-pueblo-que-marco-para-siempre-a-favaloro\\\/#breadcrumb\",\"itemListElement\":[{\"@type\":\"ListItem\",\"position\":1,\"name\":\"Portada\",\"item\":\"https:\\\/\\\/diariotextual.com\\\/inicio\\\/\"},{\"@type\":\"ListItem\",\"position\":2,\"name\":\"El recuerdo en Jacinto Arauz, el pueblo que marc\u00f3 para siempre a Favaloro\"}]},{\"@type\":\"WebSite\",\"@id\":\"https:\\\/\\\/diariotextual.com\\\/inicio\\\/#website\",\"url\":\"https:\\\/\\\/diariotextual.com\\\/inicio\\\/\",\"name\":\"Diario Textual\",\"description\":\"\",\"publisher\":{\"@id\":\"https:\\\/\\\/diariotextual.com\\\/inicio\\\/#organization\"},\"potentialAction\":[{\"@type\":\"SearchAction\",\"target\":{\"@type\":\"EntryPoint\",\"urlTemplate\":\"https:\\\/\\\/diariotextual.com\\\/inicio\\\/?s={search_term_string}\"},\"query-input\":{\"@type\":\"PropertyValueSpecification\",\"valueRequired\":true,\"valueName\":\"search_term_string\"}}],\"inLanguage\":\"es\"},{\"@type\":\"Organization\",\"@id\":\"https:\\\/\\\/diariotextual.com\\\/inicio\\\/#organization\",\"name\":\"Diario Textual\",\"url\":\"https:\\\/\\\/diariotextual.com\\\/inicio\\\/\",\"logo\":{\"@type\":\"ImageObject\",\"inLanguage\":\"es\",\"@id\":\"https:\\\/\\\/diariotextual.com\\\/inicio\\\/#\\\/schema\\\/logo\\\/image\\\/\",\"url\":\"https:\\\/\\\/diariotextual.com\\\/inicio\\\/wp-content\\\/uploads\\\/2023\\\/05\\\/logotextual1.jpg\",\"contentUrl\":\"https:\\\/\\\/diariotextual.com\\\/inicio\\\/wp-content\\\/uploads\\\/2023\\\/05\\\/logotextual1.jpg\",\"width\":516,\"height\":76,\"caption\":\"Diario Textual\"},\"image\":{\"@id\":\"https:\\\/\\\/diariotextual.com\\\/inicio\\\/#\\\/schema\\\/logo\\\/image\\\/\"},\"sameAs\":[\"https:\\\/\\\/www.facebook.com\\\/eltextual\",\"https:\\\/\\\/x.com\\\/eltextual\",\"http:\\\/\\\/www.instagram.com\\\/eltextual\"]},{\"@type\":\"Person\",\"@id\":\"https:\\\/\\\/diariotextual.com\\\/inicio\\\/#\\\/schema\\\/person\\\/694f60677f23c4a530867a98f22b3768\",\"name\":\"diario2\",\"image\":{\"@type\":\"ImageObject\",\"inLanguage\":\"es\",\"@id\":\"https:\\\/\\\/secure.gravatar.com\\\/avatar\\\/5a2567495ba16b852fcd8f1ed006a2e24fcace936018ed8237e95f488ad6e0a7?s=96&d=mm&r=g\",\"url\":\"https:\\\/\\\/secure.gravatar.com\\\/avatar\\\/5a2567495ba16b852fcd8f1ed006a2e24fcace936018ed8237e95f488ad6e0a7?s=96&d=mm&r=g\",\"contentUrl\":\"https:\\\/\\\/secure.gravatar.com\\\/avatar\\\/5a2567495ba16b852fcd8f1ed006a2e24fcace936018ed8237e95f488ad6e0a7?s=96&d=mm&r=g\",\"caption\":\"diario2\"},\"url\":\"https:\\\/\\\/diariotextual.com\\\/inicio\\\/index.php\\\/author\\\/diario2\\\/\"}]}<\/script>\n<!-- \/ Yoast SEO plugin. -->","yoast_head_json":{"title":"El recuerdo en Jacinto Arauz, el pueblo que marc\u00f3 para siempre a Favaloro - Diario Textual","robots":{"index":"index","follow":"follow","max-snippet":"max-snippet:-1","max-image-preview":"max-image-preview:large","max-video-preview":"max-video-preview:-1"},"canonical":"https:\/\/diariotextual.com\/inicio\/index.php\/2023\/07\/12\/el-recuerdo-en-jacinto-arauz-el-pueblo-que-marco-para-siempre-a-favaloro\/","og_locale":"es_ES","og_type":"article","og_title":"El recuerdo en Jacinto Arauz, el pueblo que marc\u00f3 para siempre a Favaloro - Diario Textual","og_description":"(Por Milagros Alonso) A 100 a\u00f1os del nacimiento de Ren\u00e9 Favaloro, que se cumplen este 12 de julio,\u00a0Dora Calo, una de las enfermeras durante su estad\u00eda como m\u00e9dico rural en\u00a0Jacinto&hellip;","og_url":"https:\/\/diariotextual.com\/inicio\/index.php\/2023\/07\/12\/el-recuerdo-en-jacinto-arauz-el-pueblo-que-marco-para-siempre-a-favaloro\/","og_site_name":"Diario Textual","article_publisher":"https:\/\/www.facebook.com\/eltextual","article_published_time":"2023-07-12T10:08:49+00:00","article_modified_time":"2023-07-12T22:02:27+00:00","og_image":[{"width":826,"height":492,"url":"https:\/\/diariotextual.com\/inicio\/wp-content\/uploads\/2023\/07\/favaloroenfermera66555.png","type":"image\/png"}],"author":"diario2","twitter_card":"summary_large_image","twitter_creator":"@eltextual","twitter_site":"@eltextual","twitter_misc":{"Escrito por":"diario2","Tiempo de lectura":"7 minutos"},"schema":{"@context":"https:\/\/schema.org","@graph":[{"@type":"Article","@id":"https:\/\/diariotextual.com\/inicio\/index.php\/2023\/07\/12\/el-recuerdo-en-jacinto-arauz-el-pueblo-que-marco-para-siempre-a-favaloro\/#article","isPartOf":{"@id":"https:\/\/diariotextual.com\/inicio\/index.php\/2023\/07\/12\/el-recuerdo-en-jacinto-arauz-el-pueblo-que-marco-para-siempre-a-favaloro\/"},"author":{"name":"diario2","@id":"https:\/\/diariotextual.com\/inicio\/#\/schema\/person\/694f60677f23c4a530867a98f22b3768"},"headline":"El recuerdo en Jacinto Arauz, el pueblo que marc\u00f3 para siempre a Favaloro","datePublished":"2023-07-12T10:08:49+00:00","dateModified":"2023-07-12T22:02:27+00:00","mainEntityOfPage":{"@id":"https:\/\/diariotextual.com\/inicio\/index.php\/2023\/07\/12\/el-recuerdo-en-jacinto-arauz-el-pueblo-que-marco-para-siempre-a-favaloro\/"},"wordCount":1311,"publisher":{"@id":"https:\/\/diariotextual.com\/inicio\/#organization"},"image":{"@id":"https:\/\/diariotextual.com\/inicio\/index.php\/2023\/07\/12\/el-recuerdo-en-jacinto-arauz-el-pueblo-que-marco-para-siempre-a-favaloro\/#primaryimage"},"thumbnailUrl":"https:\/\/diariotextual.com\/inicio\/wp-content\/uploads\/2023\/07\/favaloroenfermera66555.png","articleSection":["A - ES NOTICIA (van abajo)","SOCIEDAD"],"inLanguage":"es"},{"@type":"WebPage","@id":"https:\/\/diariotextual.com\/inicio\/index.php\/2023\/07\/12\/el-recuerdo-en-jacinto-arauz-el-pueblo-que-marco-para-siempre-a-favaloro\/","url":"https:\/\/diariotextual.com\/inicio\/index.php\/2023\/07\/12\/el-recuerdo-en-jacinto-arauz-el-pueblo-que-marco-para-siempre-a-favaloro\/","name":"El recuerdo en Jacinto Arauz, el pueblo que marc\u00f3 para siempre a Favaloro - Diario Textual","isPartOf":{"@id":"https:\/\/diariotextual.com\/inicio\/#website"},"primaryImageOfPage":{"@id":"https:\/\/diariotextual.com\/inicio\/index.php\/2023\/07\/12\/el-recuerdo-en-jacinto-arauz-el-pueblo-que-marco-para-siempre-a-favaloro\/#primaryimage"},"image":{"@id":"https:\/\/diariotextual.com\/inicio\/index.php\/2023\/07\/12\/el-recuerdo-en-jacinto-arauz-el-pueblo-que-marco-para-siempre-a-favaloro\/#primaryimage"},"thumbnailUrl":"https:\/\/diariotextual.com\/inicio\/wp-content\/uploads\/2023\/07\/favaloroenfermera66555.png","datePublished":"2023-07-12T10:08:49+00:00","dateModified":"2023-07-12T22:02:27+00:00","breadcrumb":{"@id":"https:\/\/diariotextual.com\/inicio\/index.php\/2023\/07\/12\/el-recuerdo-en-jacinto-arauz-el-pueblo-que-marco-para-siempre-a-favaloro\/#breadcrumb"},"inLanguage":"es","potentialAction":[{"@type":"ReadAction","target":["https:\/\/diariotextual.com\/inicio\/index.php\/2023\/07\/12\/el-recuerdo-en-jacinto-arauz-el-pueblo-que-marco-para-siempre-a-favaloro\/"]}]},{"@type":"ImageObject","inLanguage":"es","@id":"https:\/\/diariotextual.com\/inicio\/index.php\/2023\/07\/12\/el-recuerdo-en-jacinto-arauz-el-pueblo-que-marco-para-siempre-a-favaloro\/#primaryimage","url":"https:\/\/diariotextual.com\/inicio\/wp-content\/uploads\/2023\/07\/favaloroenfermera66555.png","contentUrl":"https:\/\/diariotextual.com\/inicio\/wp-content\/uploads\/2023\/07\/favaloroenfermera66555.png","width":826,"height":492},{"@type":"BreadcrumbList","@id":"https:\/\/diariotextual.com\/inicio\/index.php\/2023\/07\/12\/el-recuerdo-en-jacinto-arauz-el-pueblo-que-marco-para-siempre-a-favaloro\/#breadcrumb","itemListElement":[{"@type":"ListItem","position":1,"name":"Portada","item":"https:\/\/diariotextual.com\/inicio\/"},{"@type":"ListItem","position":2,"name":"El recuerdo en Jacinto Arauz, el pueblo que marc\u00f3 para siempre a Favaloro"}]},{"@type":"WebSite","@id":"https:\/\/diariotextual.com\/inicio\/#website","url":"https:\/\/diariotextual.com\/inicio\/","name":"Diario Textual","description":"","publisher":{"@id":"https:\/\/diariotextual.com\/inicio\/#organization"},"potentialAction":[{"@type":"SearchAction","target":{"@type":"EntryPoint","urlTemplate":"https:\/\/diariotextual.com\/inicio\/?s={search_term_string}"},"query-input":{"@type":"PropertyValueSpecification","valueRequired":true,"valueName":"search_term_string"}}],"inLanguage":"es"},{"@type":"Organization","@id":"https:\/\/diariotextual.com\/inicio\/#organization","name":"Diario Textual","url":"https:\/\/diariotextual.com\/inicio\/","logo":{"@type":"ImageObject","inLanguage":"es","@id":"https:\/\/diariotextual.com\/inicio\/#\/schema\/logo\/image\/","url":"https:\/\/diariotextual.com\/inicio\/wp-content\/uploads\/2023\/05\/logotextual1.jpg","contentUrl":"https:\/\/diariotextual.com\/inicio\/wp-content\/uploads\/2023\/05\/logotextual1.jpg","width":516,"height":76,"caption":"Diario Textual"},"image":{"@id":"https:\/\/diariotextual.com\/inicio\/#\/schema\/logo\/image\/"},"sameAs":["https:\/\/www.facebook.com\/eltextual","https:\/\/x.com\/eltextual","http:\/\/www.instagram.com\/eltextual"]},{"@type":"Person","@id":"https:\/\/diariotextual.com\/inicio\/#\/schema\/person\/694f60677f23c4a530867a98f22b3768","name":"diario2","image":{"@type":"ImageObject","inLanguage":"es","@id":"https:\/\/secure.gravatar.com\/avatar\/5a2567495ba16b852fcd8f1ed006a2e24fcace936018ed8237e95f488ad6e0a7?s=96&d=mm&r=g","url":"https:\/\/secure.gravatar.com\/avatar\/5a2567495ba16b852fcd8f1ed006a2e24fcace936018ed8237e95f488ad6e0a7?s=96&d=mm&r=g","contentUrl":"https:\/\/secure.gravatar.com\/avatar\/5a2567495ba16b852fcd8f1ed006a2e24fcace936018ed8237e95f488ad6e0a7?s=96&d=mm&r=g","caption":"diario2"},"url":"https:\/\/diariotextual.com\/inicio\/index.php\/author\/diario2\/"}]}},"_links":{"self":[{"href":"https:\/\/diariotextual.com\/inicio\/index.php\/wp-json\/wp\/v2\/posts\/230798","targetHints":{"allow":["GET"]}}],"collection":[{"href":"https:\/\/diariotextual.com\/inicio\/index.php\/wp-json\/wp\/v2\/posts"}],"about":[{"href":"https:\/\/diariotextual.com\/inicio\/index.php\/wp-json\/wp\/v2\/types\/post"}],"author":[{"embeddable":true,"href":"https:\/\/diariotextual.com\/inicio\/index.php\/wp-json\/wp\/v2\/users\/4"}],"replies":[{"embeddable":true,"href":"https:\/\/diariotextual.com\/inicio\/index.php\/wp-json\/wp\/v2\/comments?post=230798"}],"version-history":[{"count":3,"href":"https:\/\/diariotextual.com\/inicio\/index.php\/wp-json\/wp\/v2\/posts\/230798\/revisions"}],"predecessor-version":[{"id":230806,"href":"https:\/\/diariotextual.com\/inicio\/index.php\/wp-json\/wp\/v2\/posts\/230798\/revisions\/230806"}],"wp:featuredmedia":[{"embeddable":true,"href":"https:\/\/diariotextual.com\/inicio\/index.php\/wp-json\/wp\/v2\/media\/230799"}],"wp:attachment":[{"href":"https:\/\/diariotextual.com\/inicio\/index.php\/wp-json\/wp\/v2\/media?parent=230798"}],"wp:term":[{"taxonomy":"category","embeddable":true,"href":"https:\/\/diariotextual.com\/inicio\/index.php\/wp-json\/wp\/v2\/categories?post=230798"},{"taxonomy":"post_tag","embeddable":true,"href":"https:\/\/diariotextual.com\/inicio\/index.php\/wp-json\/wp\/v2\/tags?post=230798"}],"curies":[{"name":"wp","href":"https:\/\/api.w.org\/{rel}","templated":true}]}}