{"id":230807,"date":"2023-07-12T07:27:14","date_gmt":"2023-07-12T10:27:14","guid":{"rendered":"https:\/\/diariotextual.com\/inicio\/?p=230807"},"modified":"2023-07-12T08:57:25","modified_gmt":"2023-07-12T11:57:25","slug":"messi-y-su-futuro-en-la-seleccion-ni-yo-se-hasta-cuando-voy-a-jugar","status":"publish","type":"post","link":"https:\/\/diariotextual.com\/inicio\/index.php\/2023\/07\/12\/messi-y-su-futuro-en-la-seleccion-ni-yo-se-hasta-cuando-voy-a-jugar\/","title":{"rendered":"Messi y su futuro en la Selecci\u00f3n: \u201cNi yo s\u00e9 hasta cu\u00e1ndo voy a jugar\u201d"},"content":{"rendered":"\n<p>El capit\u00e1n de la Selecci\u00f3n argentina,<strong>&nbsp;Lionel Messi, reconoci\u00f3 que, de no haber logrado el campeonato en el Mundial Qatar 2022, no seguir\u00eda representando a la \u201cAlbiceleste\u201d.<\/strong><\/p>\n\n\n\n<p><strong>\u201cSi no hubiera sido campe\u00f3n del mundo, yo no estar\u00eda m\u00e1s en la Selecci\u00f3n<\/strong>\u201d, expres\u00f3 Messi, que ser\u00e1 presentado en los pr\u00f3ximos d\u00edas en Inter Miami de la MLS.<\/p>\n\n\n\n<p>\u201cTodo el Mundial lo disfrut\u00e9 como no me hab\u00eda pasado anteriormente porque sab\u00eda que pod\u00eda ser el \u00faltimo. Si no hubiera sido campe\u00f3n del mundo, yo no estar\u00eda m\u00e1s en la Selecci\u00f3n. Ahora no puedo dejarlo, tengo que disfrutar de todo esto\u201d, manifest\u00f3 en di\u00e1logo con el ciclo Llave a la eternidad, de la TV P\u00fablica.&nbsp;<\/p>\n\n\n\n<p>\u201dLo disfrutaba, ten\u00eda una confianza y una tranquilidad enorme. Despu\u00e9s de todo lo que hab\u00edamos pasado como haber empezado perdiendo, o el partido con Holanda o ir a la pr\u00f3rroga teni\u00e9ndolo casi ganado con Francia, despu\u00e9s de jugar como jugamos el alargue, estaba muy tranquilo incluso cuando nos empataron, sab\u00eda que iba a ser nuestra.&nbsp;<strong>Sab\u00eda que \u00edbamos a ser campeones, lo sent\u00eda<\/strong>\u201d, asegur\u00f3.&nbsp;<\/p>\n\n\n\n<p>Messi dej\u00f3 en claro que para \u00e9l<strong>&nbsp;\u201cla Selecci\u00f3n es lo m\u00e1ximo\u201d<\/strong>&nbsp;y agreg\u00f3: \u201cLo dej\u00e9 demostrado a lo largo de mi carrera lo que sent\u00eda; hubo \u00e9pocas que fueron muy malas para m\u00ed, porque era mi mejor momento en el Barcelona porque gan\u00e1bamos todos, pero iba a la Selecci\u00f3n y sufr\u00eda mucho\u201d.<\/p>\n\n\n\n<p><strong>\u201cSiempre intent\u00e9 lo que se me dio al final, pero nunca dej\u00e9 de tener ese sue\u00f1o que gracias a Dios termin\u00f3 llegando.<\/strong>&nbsp;<strong>La Selecci\u00f3n es algo que disfrut\u00e9 y disfruto m\u00e1s all\u00e1 de much\u00edsimas amarguras que me toc\u00f3 pasar, es muy especial<\/strong>\u201d, destac\u00f3.<\/p>\n\n\n\n<p>Sobre su presencia en la Selecci\u00f3n, dijo: \u201c<strong>Sinceramente, ni yo s\u00e9 hasta cu\u00e1ndo voy a jugar en la Selecci\u00f3n<\/strong>. Va a pasar cuando tenga que pasar. Despu\u00e9s de haber conseguido todo en este \u00faltimo tiempo, lo \u00fanico que queda es disfrutar y que el tiempo dir\u00e1 cu\u00e1ndo es el momento\u201d.<\/p>\n\n\n\n<p>Y aclar\u00f3: \u201c<strong>Por l\u00f3gica y por edad, seguramente sea en poco tiempo, pero no lo s\u00e9 exactamente<\/strong>. Solo pienso en el d\u00eda a d\u00eda y disfrutar de todo esto lindo que estamos viviendo. Ahora que tuvimos la suerte de ser campeones del mundo y de Am\u00e9rica, quiero disfrutar\u201d.<\/p>\n\n\n\n<p>M\u00e1s frases de Lionel Messi<\/p>\n\n\n\n<ul class=\"wp-block-list\">\n<li><em>\u201cSiempre intent\u00e9 manejarme muy normal, hacer cosas sencillas con mi familia, ir a buscar a mis hijos al colegio&#8230; La mayor parte de ser conocido es hermosa porque recibo mucho cari\u00f1o, pero algunas veces me gustar\u00eda pasar desapercibido. Es m\u00e1s f\u00e1cil ser yo mismo y no tener que estar actuando, porque tendr\u00eda que hacerlo todo el tiempo\u201d.<\/em><\/li>\n\n\n\n<li><em>\u201cA Molina lo vi que sigui\u00f3 la carrera y entend\u00eda que en ese momento lo m\u00e1s normal era dar el pase al costado, por eso me pareci\u00f3 oportuno intentar que le llegue porque cre\u00eda que toda la defensa estaba esperando otra cosa. No lo escuch\u00e9, lo vi\u201d.<\/em><\/li>\n\n\n\n<li><em>\u201cNo soy de hacer asado, no me gusta, pero uno o dos hice en Par\u00eds cuando estaba solo y no me quedaba otra. Me gusta m\u00e1s acompa\u00f1ar que hacer\u201d.<\/em><\/li>\n\n\n\n<li><em>\u201cLo mismo que me llev\u00f3 a conseguir lo que consegu\u00ed a nivel grupal como personal es la mentalidad, la constancia, el esfuerzo, el sacrificio y querer siempre m\u00e1s. Desde chiquito siempre fui as\u00ed, muy responsable y seguro con lo que quer\u00eda. Siempre di el m\u00e1ximo para conseguir lo m\u00e1ximo, aunque a veces no se dio. Siempre me enfoqu\u00e9 con esa mentalidad y esas ganas de querer seguir super\u00e1ndome d\u00eda a d\u00eda. Tambi\u00e9n tuve la gran suerte de que las lesiones me respetaron much\u00edsimo\u201d.<\/em><\/li>\n\n\n\n<li><em>\u201cCon Rodri (De Paul) desde el primer momento tuvimos un feeling especial, una relaci\u00f3n muy linda. \u00c9l me ayud\u00f3 much\u00edsimo a m\u00ed tambi\u00e9n porque me toc\u00f3 llegar cuando se desarma la anterior camada y ya no hab\u00eda ninguno; estuve los primeros partidos sin ir a la Selecci\u00f3n y si bien hab\u00eda algunos chicos que conoc\u00eda, no ten\u00eda confianza y \u00e9l me ayud\u00f3 a integrarme al grupo. Eran chicos que ven\u00edan de otro proceso, que hab\u00edan jugado juntos. Desde el primer entrenamiento que compartimos, sin buscarlo se dio una gran relaci\u00f3n\u201d.<\/em><\/li>\n\n\n\n<li><em>\u201cYo sent\u00ed que todos los chicos quer\u00edan verme salir campe\u00f3n a m\u00ed, pero no es que antes no pasaba porque no fue as\u00ed; llegamos a muchas finales y disfrut\u00e9 much\u00edsimo porque tambi\u00e9n era un grupo muy sano que disfrutaba much\u00edsimo. Antes del Mundial dije que ve\u00eda muchas similitudes, pero en este grupo sent\u00ed que estos chicos hab\u00edan crecido vi\u00e9ndome jugar y es algo hermoso\u201d.<\/em><\/li>\n\n\n\n<li><em>\u201cLa carta de Enzo fue impresionante; cuando me enter\u00e9, hizo que viera c\u00f3mo lo sent\u00edan ellos y estoy agradecido por todas esas muestras de cari\u00f1o\u201d.<\/em><\/li>\n\n\n\n<li><em>\u201cEl momento que hace el gol Montiel es inexplicable por ser campe\u00f3n del mundo y lo que significaba para m\u00ed conseguir ese t\u00edtulo. Por todo lo que me toc\u00f3 pasar, por todo lo que sufr\u00ed los malos resultados, poder terminar despu\u00e9s de casi toda mi carrera consiguiendo lo m\u00e1s importante, fue extraordinario. Adem\u00e1s, era la \u00fanica que me faltaba y la m\u00e1s deseada por lo que significa\u201d.<\/em><\/li>\n\n\n\n<li><em>\u201cDisfrut\u00e9 much\u00edsimo de todo lo que gan\u00e9, las Champions, la Copa Am\u00e9rica que fue algo m\u00e1gico por ser mi primer t\u00edtulo con la Selecci\u00f3n, pero ser campeones del mundo qued\u00f3 demostrado que es distinto\u201d.<\/em><\/li>\n\n\n\n<li><em>Leandro Paredes revel\u00f3 que Messi les dijo \u201cgracias, los amo\u201d cuando hizo el gol Montiel: \u201cEs dif\u00edcil que yo me suelte tanto, pero la verdad es que sent\u00eda eso. Es un grupo al cual quiero much\u00edsimo, obviamente somos muchos y tengo m\u00e1s afinidad con uno que con otro, pero en general tengo un cari\u00f1o muy especial por todos, un gran respeto y fue espectacular\u201d.<\/em><\/li>\n\n\n\n<li><em>\u201cLlegar al \u00faltimo penal un poco m\u00e1s relajados porque ten\u00edamos una oportunidad m\u00e1s, pero estaba rogando que lo haga y que se termine para poder festejar; son momentos muy dif\u00edciles de describir con palabras por los nervios que se pasan en los penales y la alegr\u00eda de ser campeones. Me quedar\u00eda corto con cualquier cosa que dijera\u201d.<\/em><\/li>\n\n\n\n<li><em>\u201cTodo depende de lo que Dios quiera, siempre sent\u00ed que todo lo que pasa pasa por algo y siempre le ped\u00ed a \u00e9l y le agradec\u00ed por lo que me dio tanto a nivel deportivo como familiar\u201d.<\/em><\/li>\n\n\n\n<li><em>\u201cYo creo que cuando est\u00e1s todav\u00eda en competici\u00f3n y ten\u00e9s siempre objetivos por delante en cada temporada, uno si bien est\u00e1 as\u00ed, no valora mucho lo que realmente se merece y lo que va consiguiendo. Estoy en un momento de mi carrera en el que disfruto todo lo que me pasa y lo valoro m\u00e1s porque son los \u00faltimos a\u00f1os, pero creo que cuando me retire y no juegue m\u00e1s, voy a valorar much\u00edsimo m\u00e1s todo esto y m\u00e1s ser campe\u00f3n del mundo. Eso queda para toda la vida, sobre todo en un pa\u00eds como el nuestro que es tan futbolero y agradecido; va a quedar para la historia y van a haber situaciones que me lo recuerden\u201d.<\/em><\/li>\n\n\n\n<li><em>\u201cCon el grupo de ahora sent\u00eda con los chicos que en Argentina, donde yo pas\u00e9 situaciones dif\u00edciles y fui muy generado, vi una generaci\u00f3n que me defend\u00eda a muerte y se peleaba con mucha gente por defenderme. Eso es una hermosura: dejarle algo a ellos y quiero agradecerles por todo ese cari\u00f1o y esas peleas que tuvieron que pasar por m\u00ed. Yo s\u00e9 que la gran parte de esos chicos tuvo que pasar por eso, pero fue una gran satisfacci\u00f3n conseguir la Copa del Mundo\u201d.<\/em><\/li>\n\n\n\n<li><em>\u201cTodo el Mundial lo disfrut\u00e9 como no me hab\u00eda pasado anteriormente porque sab\u00eda que pod\u00eda ser el \u00faltimo. Si no hubiera sido campe\u00f3n del mundo, yo no estar\u00eda m\u00e1s en la Selecci\u00f3n. Ahora no puedo dejarlo, tengo que disfrutar de todo esto. Lo disfrutaba, ten\u00eda una confianza y una tranquilidad enorme. Despu\u00e9s de todo lo que hab\u00edamos pasado como haber empezado perdiendo, o el partido con Holanda o ir a la pr\u00f3rroga teni\u00e9ndolo casi ganado con Francia, despu\u00e9s de jugar como jugamos el alargue, estaba muy tranquilo incluso cuando nos empataron, sab\u00eda que iba a ser nuestra. Sab\u00eda que \u00edbamos a ser campeones, lo sent\u00eda\u201d.<\/em><\/li>\n\n\n\n<li><em>\u201cM\u00e1s all\u00e1 de que hab\u00edamos ganado la Copa Am\u00e9rica y que la gente cambi\u00f3 a la hora de opinar de m\u00ed o de la Selecci\u00f3n, si no hubi\u00e9semos ganado, tambi\u00e9n habr\u00eda sufrido muchas cr\u00edticas y yo no habr\u00eda tenido fuerzas para seguir. Seguramente habr\u00eda sido el final\u201d.<\/em><\/li>\n\n\n\n<li><em>\u201cEn los momentos m\u00e1s jodidos era muy dif\u00edcil porque yo viv\u00eda una situaci\u00f3n que disfrutaba en el Barcelona porque ganaba y jug\u00e1bamos bien, nos halagaban de todos lados, y cuando pisaba Argentina escuchaba cr\u00edticas y rumores. El murmullo de la gente, tener que pasar una prueba continuamente o depender de un resultado, cuando las cosas iban mal, llegaba a Barcelona y un poco me olvidaba de lo mal que la pas\u00e1bamos en la Selecci\u00f3n por las barbaridades que se hablaban, sobre todo cosas extrafutbol\u00edsticas que pasaban la l\u00ednea de la falta de respeto. Por otro lado, sab\u00eda que mi familia sufr\u00eda much\u00edsimo y ellos s\u00ed se quedaban en el pa\u00eds consumiendo eso\u201d.<\/em><\/li>\n\n\n\n<li><em>\u201cSufr\u00ed much\u00edsimo, tuve momentos dur\u00edsimos, pero nunca dud\u00e9. En un momento pens\u00e9 en dejar, pero antes de esa vez (Copa Am\u00e9rica 2016) siempre tuve el deseo de conseguir algo con la Selecci\u00f3n y ten\u00eda en la cabeza que lo iba a lograr. Y si no era as\u00ed, lo ten\u00eda que intentar: no pod\u00eda ser que hubiera ganado todo con el club, pero si no me tocaba con la Selecci\u00f3n, me iba a faltar algo\u201d.<\/em><\/li>\n\n\n\n<li><em>\u201cFue una locura ese festejo porque si bien me imaginaba lo que pod\u00eda llegar a ser el pa\u00eds con lo que hab\u00edamos hecho, super\u00f3 mucho mis expectativas. Fue una locura de verdad, un disfrute b\u00e1rbaro. Cuando salimos a pasear con el colectivo, me habr\u00eda gustado que fuera m\u00e1s largo el recorrido pero no pudo ser, era imposible. La foto de arriba del Obelisco, con la cantidad de gente, es una foto hist\u00f3rica que va a quedar para toda la vida. Sobre todo poder tener la suerte de que mis hijos lo vean, lo disfruten y lo entiendan, porque Thiago ya entiende&#8230; Fue extraordinario. Alguna vez dije en una nota que Thiago me preguntaba por qu\u00e9 me mataban en la Selecci\u00f3n y que \u00e9l pueda ver eso cuando entiende casi todo, es hermoso\u201d.<\/em><\/li>\n\n\n\n<li><em>\u201cYo termin\u00e9 bastante bien, no me saqu\u00e9 la remera y estaba todo colorado, pero no sent\u00eda nada. Despu\u00e9s de eso estuve dos o tres d\u00edas ca\u00eddo, medio mal, pero no sent\u00edamos nada en el momento; era felicidad pura\u201d.<\/em><\/li>\n\n\n\n<li><em>\u201cCreo que este equipo es muy unido, muy fuerte y ante las adversidades respondi\u00f3 con grandeza. Era una prueba dif\u00edcil despu\u00e9s de la derrota con Arabia porque ven\u00edamos de 35 partidos sin perder y no sab\u00edamos c\u00f3mo pod\u00edamos reaccionar. Hab\u00eda muchos chicos que jugaban su primer Mundial y les hab\u00eda dicho que el partido m\u00e1s dif\u00edcil era el primero, porque nunca es f\u00e1cil; la ansiedad y los nervios en alg\u00fan momento aparecen, pero este grupo demostr\u00f3 que no le importaba nada, que era muy fuerte y quedaba demostrarlo. Despu\u00e9s de Arabia lo demostr\u00f3 y tuvimos un crecimiento enorme a nivel juego. Y despu\u00e9s de la Copa Am\u00e9rica el equipo jugaba muy bien y ten\u00eda claro lo que ten\u00eda que hacer; eso es lo m\u00e1s fuerte: que cada uno sepa lo que tenga que hacer para manejar los partidos como pretendemos o como se vayan dando las situaciones\u201d.<\/em><\/li>\n\n\n\n<li><em>\u201cEstamos felices de la decisi\u00f3n que tomamos, preparados y con ganas de afrontar el nuevo desaf\u00edo, el cambio de irme a jugar a Estados Unidos. Mi mentalidad y mi cabeza no van a cambiar: voy a intentar dar el m\u00e1ximo para m\u00ed, para mi nuevo club y seguir rindiendo al m\u00e1ximo nivel\u201d.<\/em><\/li>\n\n\n\n<li><em>\u201cPor lo que intent\u00e9 demostrar siempre, dej\u00e9 un mensaje claro de luchar siempre por sus sue\u00f1os y sus objetivos, pase lo que pase en el camino, siempre hay que intentarlo. Quiero que quede ese mensaje para la generaci\u00f3n que tanto me sigue, me cuida y me defendi\u00f3. Despu\u00e9s, quiero que me recuerden como alguien normal una buena persona, m\u00e1s all\u00e1 de lo deportivo, sobre todo los compa\u00f1eros que me conocieron\u201d.<\/em><\/li>\n\n\n\n<li><em>\u201cYo sent\u00ed mucho el cari\u00f1o de la gente, si bien siempre tuve ese afecto de todos los argentinos m\u00e1s all\u00e1 de una parte del periodismo que criticaba y lo que se dec\u00eda sobre m\u00ed. Ahora tengo la felicidad pura de poder decir que somos campeones del mundo y es lo m\u00e1ximo, estoy muy agradecido por todo eso\u201d.<\/em><\/li>\n<\/ul>\n","protected":false},"excerpt":{"rendered":"<p>El capit\u00e1n de la Selecci\u00f3n argentina,&nbsp;Lionel Messi, reconoci\u00f3 que, de no haber logrado el campeonato en el Mundial Qatar 2022, no seguir\u00eda representando a la \u201cAlbiceleste\u201d. \u201cSi no hubiera sido&hellip;<\/p>\n","protected":false},"author":4,"featured_media":210755,"comment_status":"closed","ping_status":"open","sticky":false,"template":"","format":"standard","meta":{"_acf_changed":false,"footnotes":""},"categories":[1,3],"tags":[],"class_list":["post-230807","post","type-post","status-publish","format-standard","has-post-thumbnail","hentry","category-es-noticia","category-deportes"],"acf":[],"yoast_head":"<!-- This site is optimized with the Yoast SEO plugin v27.5 - https:\/\/yoast.com\/product\/yoast-seo-wordpress\/ -->\n<title>Messi y su futuro en la Selecci\u00f3n: \u201cNi yo s\u00e9 hasta cu\u00e1ndo voy a jugar\u201d - Diario Textual<\/title>\n<meta name=\"robots\" content=\"index, follow, max-snippet:-1, max-image-preview:large, max-video-preview:-1\" \/>\n<link rel=\"canonical\" href=\"https:\/\/diariotextual.com\/inicio\/index.php\/2023\/07\/12\/messi-y-su-futuro-en-la-seleccion-ni-yo-se-hasta-cuando-voy-a-jugar\/\" \/>\n<meta property=\"og:locale\" content=\"es_ES\" \/>\n<meta property=\"og:type\" content=\"article\" \/>\n<meta property=\"og:title\" content=\"Messi y su futuro en la Selecci\u00f3n: \u201cNi yo s\u00e9 hasta cu\u00e1ndo voy a jugar\u201d - Diario Textual\" \/>\n<meta property=\"og:description\" content=\"El capit\u00e1n de la Selecci\u00f3n argentina,&nbsp;Lionel Messi, reconoci\u00f3 que, de no haber logrado el campeonato en el Mundial Qatar 2022, no seguir\u00eda representando a la \u201cAlbiceleste\u201d. \u201cSi no hubiera sido&hellip;\" \/>\n<meta property=\"og:url\" content=\"https:\/\/diariotextual.com\/inicio\/index.php\/2023\/07\/12\/messi-y-su-futuro-en-la-seleccion-ni-yo-se-hasta-cuando-voy-a-jugar\/\" \/>\n<meta property=\"og:site_name\" content=\"Diario Textual\" \/>\n<meta property=\"article:publisher\" content=\"https:\/\/www.facebook.com\/eltextual\" \/>\n<meta property=\"article:published_time\" content=\"2023-07-12T10:27:14+00:00\" \/>\n<meta property=\"article:modified_time\" content=\"2023-07-12T11:57:25+00:00\" \/>\n<meta property=\"og:image\" content=\"https:\/\/diariotextual.com\/inicio\/wp-content\/uploads\/2022\/12\/messilionelseleccionfinalmundialqatarcopa2022-1-scaled.jpeg\" \/>\n\t<meta property=\"og:image:width\" content=\"2560\" \/>\n\t<meta property=\"og:image:height\" content=\"1707\" \/>\n\t<meta property=\"og:image:type\" content=\"image\/jpeg\" \/>\n<meta name=\"author\" content=\"diario2\" \/>\n<meta name=\"twitter:card\" content=\"summary_large_image\" \/>\n<meta name=\"twitter:creator\" content=\"@eltextual\" \/>\n<meta name=\"twitter:site\" content=\"@eltextual\" \/>\n<meta name=\"twitter:label1\" content=\"Escrito por\" \/>\n\t<meta name=\"twitter:data1\" content=\"diario2\" \/>\n\t<meta name=\"twitter:label2\" content=\"Tiempo de lectura\" \/>\n\t<meta name=\"twitter:data2\" content=\"10 minutos\" \/>\n<script type=\"application\/ld+json\" class=\"yoast-schema-graph\">{\"@context\":\"https:\\\/\\\/schema.org\",\"@graph\":[{\"@type\":\"Article\",\"@id\":\"https:\\\/\\\/diariotextual.com\\\/inicio\\\/index.php\\\/2023\\\/07\\\/12\\\/messi-y-su-futuro-en-la-seleccion-ni-yo-se-hasta-cuando-voy-a-jugar\\\/#article\",\"isPartOf\":{\"@id\":\"https:\\\/\\\/diariotextual.com\\\/inicio\\\/index.php\\\/2023\\\/07\\\/12\\\/messi-y-su-futuro-en-la-seleccion-ni-yo-se-hasta-cuando-voy-a-jugar\\\/\"},\"author\":{\"name\":\"diario2\",\"@id\":\"https:\\\/\\\/diariotextual.com\\\/inicio\\\/#\\\/schema\\\/person\\\/694f60677f23c4a530867a98f22b3768\"},\"headline\":\"Messi y su futuro en la Selecci\u00f3n: \u201cNi yo s\u00e9 hasta cu\u00e1ndo voy a jugar\u201d\",\"datePublished\":\"2023-07-12T10:27:14+00:00\",\"dateModified\":\"2023-07-12T11:57:25+00:00\",\"mainEntityOfPage\":{\"@id\":\"https:\\\/\\\/diariotextual.com\\\/inicio\\\/index.php\\\/2023\\\/07\\\/12\\\/messi-y-su-futuro-en-la-seleccion-ni-yo-se-hasta-cuando-voy-a-jugar\\\/\"},\"wordCount\":2308,\"publisher\":{\"@id\":\"https:\\\/\\\/diariotextual.com\\\/inicio\\\/#organization\"},\"image\":{\"@id\":\"https:\\\/\\\/diariotextual.com\\\/inicio\\\/index.php\\\/2023\\\/07\\\/12\\\/messi-y-su-futuro-en-la-seleccion-ni-yo-se-hasta-cuando-voy-a-jugar\\\/#primaryimage\"},\"thumbnailUrl\":\"https:\\\/\\\/diariotextual.com\\\/inicio\\\/wp-content\\\/uploads\\\/2022\\\/12\\\/messilionelseleccionfinalmundialqatarcopa2022-1-scaled.jpeg\",\"articleSection\":[\"A - ES NOTICIA (van abajo)\",\"DEPORTES\"],\"inLanguage\":\"es\"},{\"@type\":\"WebPage\",\"@id\":\"https:\\\/\\\/diariotextual.com\\\/inicio\\\/index.php\\\/2023\\\/07\\\/12\\\/messi-y-su-futuro-en-la-seleccion-ni-yo-se-hasta-cuando-voy-a-jugar\\\/\",\"url\":\"https:\\\/\\\/diariotextual.com\\\/inicio\\\/index.php\\\/2023\\\/07\\\/12\\\/messi-y-su-futuro-en-la-seleccion-ni-yo-se-hasta-cuando-voy-a-jugar\\\/\",\"name\":\"Messi y su futuro en la Selecci\u00f3n: \u201cNi yo s\u00e9 hasta cu\u00e1ndo voy a jugar\u201d - Diario Textual\",\"isPartOf\":{\"@id\":\"https:\\\/\\\/diariotextual.com\\\/inicio\\\/#website\"},\"primaryImageOfPage\":{\"@id\":\"https:\\\/\\\/diariotextual.com\\\/inicio\\\/index.php\\\/2023\\\/07\\\/12\\\/messi-y-su-futuro-en-la-seleccion-ni-yo-se-hasta-cuando-voy-a-jugar\\\/#primaryimage\"},\"image\":{\"@id\":\"https:\\\/\\\/diariotextual.com\\\/inicio\\\/index.php\\\/2023\\\/07\\\/12\\\/messi-y-su-futuro-en-la-seleccion-ni-yo-se-hasta-cuando-voy-a-jugar\\\/#primaryimage\"},\"thumbnailUrl\":\"https:\\\/\\\/diariotextual.com\\\/inicio\\\/wp-content\\\/uploads\\\/2022\\\/12\\\/messilionelseleccionfinalmundialqatarcopa2022-1-scaled.jpeg\",\"datePublished\":\"2023-07-12T10:27:14+00:00\",\"dateModified\":\"2023-07-12T11:57:25+00:00\",\"breadcrumb\":{\"@id\":\"https:\\\/\\\/diariotextual.com\\\/inicio\\\/index.php\\\/2023\\\/07\\\/12\\\/messi-y-su-futuro-en-la-seleccion-ni-yo-se-hasta-cuando-voy-a-jugar\\\/#breadcrumb\"},\"inLanguage\":\"es\",\"potentialAction\":[{\"@type\":\"ReadAction\",\"target\":[\"https:\\\/\\\/diariotextual.com\\\/inicio\\\/index.php\\\/2023\\\/07\\\/12\\\/messi-y-su-futuro-en-la-seleccion-ni-yo-se-hasta-cuando-voy-a-jugar\\\/\"]}]},{\"@type\":\"ImageObject\",\"inLanguage\":\"es\",\"@id\":\"https:\\\/\\\/diariotextual.com\\\/inicio\\\/index.php\\\/2023\\\/07\\\/12\\\/messi-y-su-futuro-en-la-seleccion-ni-yo-se-hasta-cuando-voy-a-jugar\\\/#primaryimage\",\"url\":\"https:\\\/\\\/diariotextual.com\\\/inicio\\\/wp-content\\\/uploads\\\/2022\\\/12\\\/messilionelseleccionfinalmundialqatarcopa2022-1-scaled.jpeg\",\"contentUrl\":\"https:\\\/\\\/diariotextual.com\\\/inicio\\\/wp-content\\\/uploads\\\/2022\\\/12\\\/messilionelseleccionfinalmundialqatarcopa2022-1-scaled.jpeg\",\"width\":2560,\"height\":1707},{\"@type\":\"BreadcrumbList\",\"@id\":\"https:\\\/\\\/diariotextual.com\\\/inicio\\\/index.php\\\/2023\\\/07\\\/12\\\/messi-y-su-futuro-en-la-seleccion-ni-yo-se-hasta-cuando-voy-a-jugar\\\/#breadcrumb\",\"itemListElement\":[{\"@type\":\"ListItem\",\"position\":1,\"name\":\"Portada\",\"item\":\"https:\\\/\\\/diariotextual.com\\\/inicio\\\/\"},{\"@type\":\"ListItem\",\"position\":2,\"name\":\"Messi y su futuro en la Selecci\u00f3n: \u201cNi yo s\u00e9 hasta cu\u00e1ndo voy a jugar\u201d\"}]},{\"@type\":\"WebSite\",\"@id\":\"https:\\\/\\\/diariotextual.com\\\/inicio\\\/#website\",\"url\":\"https:\\\/\\\/diariotextual.com\\\/inicio\\\/\",\"name\":\"Diario Textual\",\"description\":\"\",\"publisher\":{\"@id\":\"https:\\\/\\\/diariotextual.com\\\/inicio\\\/#organization\"},\"potentialAction\":[{\"@type\":\"SearchAction\",\"target\":{\"@type\":\"EntryPoint\",\"urlTemplate\":\"https:\\\/\\\/diariotextual.com\\\/inicio\\\/?s={search_term_string}\"},\"query-input\":{\"@type\":\"PropertyValueSpecification\",\"valueRequired\":true,\"valueName\":\"search_term_string\"}}],\"inLanguage\":\"es\"},{\"@type\":\"Organization\",\"@id\":\"https:\\\/\\\/diariotextual.com\\\/inicio\\\/#organization\",\"name\":\"Diario Textual\",\"url\":\"https:\\\/\\\/diariotextual.com\\\/inicio\\\/\",\"logo\":{\"@type\":\"ImageObject\",\"inLanguage\":\"es\",\"@id\":\"https:\\\/\\\/diariotextual.com\\\/inicio\\\/#\\\/schema\\\/logo\\\/image\\\/\",\"url\":\"https:\\\/\\\/diariotextual.com\\\/inicio\\\/wp-content\\\/uploads\\\/2023\\\/05\\\/logotextual1.jpg\",\"contentUrl\":\"https:\\\/\\\/diariotextual.com\\\/inicio\\\/wp-content\\\/uploads\\\/2023\\\/05\\\/logotextual1.jpg\",\"width\":516,\"height\":76,\"caption\":\"Diario Textual\"},\"image\":{\"@id\":\"https:\\\/\\\/diariotextual.com\\\/inicio\\\/#\\\/schema\\\/logo\\\/image\\\/\"},\"sameAs\":[\"https:\\\/\\\/www.facebook.com\\\/eltextual\",\"https:\\\/\\\/x.com\\\/eltextual\",\"http:\\\/\\\/www.instagram.com\\\/eltextual\"]},{\"@type\":\"Person\",\"@id\":\"https:\\\/\\\/diariotextual.com\\\/inicio\\\/#\\\/schema\\\/person\\\/694f60677f23c4a530867a98f22b3768\",\"name\":\"diario2\",\"image\":{\"@type\":\"ImageObject\",\"inLanguage\":\"es\",\"@id\":\"https:\\\/\\\/secure.gravatar.com\\\/avatar\\\/5a2567495ba16b852fcd8f1ed006a2e24fcace936018ed8237e95f488ad6e0a7?s=96&d=mm&r=g\",\"url\":\"https:\\\/\\\/secure.gravatar.com\\\/avatar\\\/5a2567495ba16b852fcd8f1ed006a2e24fcace936018ed8237e95f488ad6e0a7?s=96&d=mm&r=g\",\"contentUrl\":\"https:\\\/\\\/secure.gravatar.com\\\/avatar\\\/5a2567495ba16b852fcd8f1ed006a2e24fcace936018ed8237e95f488ad6e0a7?s=96&d=mm&r=g\",\"caption\":\"diario2\"},\"url\":\"https:\\\/\\\/diariotextual.com\\\/inicio\\\/index.php\\\/author\\\/diario2\\\/\"}]}<\/script>\n<!-- \/ Yoast SEO plugin. -->","yoast_head_json":{"title":"Messi y su futuro en la Selecci\u00f3n: \u201cNi yo s\u00e9 hasta cu\u00e1ndo voy a jugar\u201d - Diario Textual","robots":{"index":"index","follow":"follow","max-snippet":"max-snippet:-1","max-image-preview":"max-image-preview:large","max-video-preview":"max-video-preview:-1"},"canonical":"https:\/\/diariotextual.com\/inicio\/index.php\/2023\/07\/12\/messi-y-su-futuro-en-la-seleccion-ni-yo-se-hasta-cuando-voy-a-jugar\/","og_locale":"es_ES","og_type":"article","og_title":"Messi y su futuro en la Selecci\u00f3n: \u201cNi yo s\u00e9 hasta cu\u00e1ndo voy a jugar\u201d - Diario Textual","og_description":"El capit\u00e1n de la Selecci\u00f3n argentina,&nbsp;Lionel Messi, reconoci\u00f3 que, de no haber logrado el campeonato en el Mundial Qatar 2022, no seguir\u00eda representando a la \u201cAlbiceleste\u201d. \u201cSi no hubiera sido&hellip;","og_url":"https:\/\/diariotextual.com\/inicio\/index.php\/2023\/07\/12\/messi-y-su-futuro-en-la-seleccion-ni-yo-se-hasta-cuando-voy-a-jugar\/","og_site_name":"Diario Textual","article_publisher":"https:\/\/www.facebook.com\/eltextual","article_published_time":"2023-07-12T10:27:14+00:00","article_modified_time":"2023-07-12T11:57:25+00:00","og_image":[{"width":2560,"height":1707,"url":"https:\/\/diariotextual.com\/inicio\/wp-content\/uploads\/2022\/12\/messilionelseleccionfinalmundialqatarcopa2022-1-scaled.jpeg","type":"image\/jpeg"}],"author":"diario2","twitter_card":"summary_large_image","twitter_creator":"@eltextual","twitter_site":"@eltextual","twitter_misc":{"Escrito por":"diario2","Tiempo de lectura":"10 minutos"},"schema":{"@context":"https:\/\/schema.org","@graph":[{"@type":"Article","@id":"https:\/\/diariotextual.com\/inicio\/index.php\/2023\/07\/12\/messi-y-su-futuro-en-la-seleccion-ni-yo-se-hasta-cuando-voy-a-jugar\/#article","isPartOf":{"@id":"https:\/\/diariotextual.com\/inicio\/index.php\/2023\/07\/12\/messi-y-su-futuro-en-la-seleccion-ni-yo-se-hasta-cuando-voy-a-jugar\/"},"author":{"name":"diario2","@id":"https:\/\/diariotextual.com\/inicio\/#\/schema\/person\/694f60677f23c4a530867a98f22b3768"},"headline":"Messi y su futuro en la Selecci\u00f3n: \u201cNi yo s\u00e9 hasta cu\u00e1ndo voy a jugar\u201d","datePublished":"2023-07-12T10:27:14+00:00","dateModified":"2023-07-12T11:57:25+00:00","mainEntityOfPage":{"@id":"https:\/\/diariotextual.com\/inicio\/index.php\/2023\/07\/12\/messi-y-su-futuro-en-la-seleccion-ni-yo-se-hasta-cuando-voy-a-jugar\/"},"wordCount":2308,"publisher":{"@id":"https:\/\/diariotextual.com\/inicio\/#organization"},"image":{"@id":"https:\/\/diariotextual.com\/inicio\/index.php\/2023\/07\/12\/messi-y-su-futuro-en-la-seleccion-ni-yo-se-hasta-cuando-voy-a-jugar\/#primaryimage"},"thumbnailUrl":"https:\/\/diariotextual.com\/inicio\/wp-content\/uploads\/2022\/12\/messilionelseleccionfinalmundialqatarcopa2022-1-scaled.jpeg","articleSection":["A - ES NOTICIA (van abajo)","DEPORTES"],"inLanguage":"es"},{"@type":"WebPage","@id":"https:\/\/diariotextual.com\/inicio\/index.php\/2023\/07\/12\/messi-y-su-futuro-en-la-seleccion-ni-yo-se-hasta-cuando-voy-a-jugar\/","url":"https:\/\/diariotextual.com\/inicio\/index.php\/2023\/07\/12\/messi-y-su-futuro-en-la-seleccion-ni-yo-se-hasta-cuando-voy-a-jugar\/","name":"Messi y su futuro en la Selecci\u00f3n: \u201cNi yo s\u00e9 hasta cu\u00e1ndo voy a jugar\u201d - Diario Textual","isPartOf":{"@id":"https:\/\/diariotextual.com\/inicio\/#website"},"primaryImageOfPage":{"@id":"https:\/\/diariotextual.com\/inicio\/index.php\/2023\/07\/12\/messi-y-su-futuro-en-la-seleccion-ni-yo-se-hasta-cuando-voy-a-jugar\/#primaryimage"},"image":{"@id":"https:\/\/diariotextual.com\/inicio\/index.php\/2023\/07\/12\/messi-y-su-futuro-en-la-seleccion-ni-yo-se-hasta-cuando-voy-a-jugar\/#primaryimage"},"thumbnailUrl":"https:\/\/diariotextual.com\/inicio\/wp-content\/uploads\/2022\/12\/messilionelseleccionfinalmundialqatarcopa2022-1-scaled.jpeg","datePublished":"2023-07-12T10:27:14+00:00","dateModified":"2023-07-12T11:57:25+00:00","breadcrumb":{"@id":"https:\/\/diariotextual.com\/inicio\/index.php\/2023\/07\/12\/messi-y-su-futuro-en-la-seleccion-ni-yo-se-hasta-cuando-voy-a-jugar\/#breadcrumb"},"inLanguage":"es","potentialAction":[{"@type":"ReadAction","target":["https:\/\/diariotextual.com\/inicio\/index.php\/2023\/07\/12\/messi-y-su-futuro-en-la-seleccion-ni-yo-se-hasta-cuando-voy-a-jugar\/"]}]},{"@type":"ImageObject","inLanguage":"es","@id":"https:\/\/diariotextual.com\/inicio\/index.php\/2023\/07\/12\/messi-y-su-futuro-en-la-seleccion-ni-yo-se-hasta-cuando-voy-a-jugar\/#primaryimage","url":"https:\/\/diariotextual.com\/inicio\/wp-content\/uploads\/2022\/12\/messilionelseleccionfinalmundialqatarcopa2022-1-scaled.jpeg","contentUrl":"https:\/\/diariotextual.com\/inicio\/wp-content\/uploads\/2022\/12\/messilionelseleccionfinalmundialqatarcopa2022-1-scaled.jpeg","width":2560,"height":1707},{"@type":"BreadcrumbList","@id":"https:\/\/diariotextual.com\/inicio\/index.php\/2023\/07\/12\/messi-y-su-futuro-en-la-seleccion-ni-yo-se-hasta-cuando-voy-a-jugar\/#breadcrumb","itemListElement":[{"@type":"ListItem","position":1,"name":"Portada","item":"https:\/\/diariotextual.com\/inicio\/"},{"@type":"ListItem","position":2,"name":"Messi y su futuro en la Selecci\u00f3n: \u201cNi yo s\u00e9 hasta cu\u00e1ndo voy a jugar\u201d"}]},{"@type":"WebSite","@id":"https:\/\/diariotextual.com\/inicio\/#website","url":"https:\/\/diariotextual.com\/inicio\/","name":"Diario Textual","description":"","publisher":{"@id":"https:\/\/diariotextual.com\/inicio\/#organization"},"potentialAction":[{"@type":"SearchAction","target":{"@type":"EntryPoint","urlTemplate":"https:\/\/diariotextual.com\/inicio\/?s={search_term_string}"},"query-input":{"@type":"PropertyValueSpecification","valueRequired":true,"valueName":"search_term_string"}}],"inLanguage":"es"},{"@type":"Organization","@id":"https:\/\/diariotextual.com\/inicio\/#organization","name":"Diario Textual","url":"https:\/\/diariotextual.com\/inicio\/","logo":{"@type":"ImageObject","inLanguage":"es","@id":"https:\/\/diariotextual.com\/inicio\/#\/schema\/logo\/image\/","url":"https:\/\/diariotextual.com\/inicio\/wp-content\/uploads\/2023\/05\/logotextual1.jpg","contentUrl":"https:\/\/diariotextual.com\/inicio\/wp-content\/uploads\/2023\/05\/logotextual1.jpg","width":516,"height":76,"caption":"Diario Textual"},"image":{"@id":"https:\/\/diariotextual.com\/inicio\/#\/schema\/logo\/image\/"},"sameAs":["https:\/\/www.facebook.com\/eltextual","https:\/\/x.com\/eltextual","http:\/\/www.instagram.com\/eltextual"]},{"@type":"Person","@id":"https:\/\/diariotextual.com\/inicio\/#\/schema\/person\/694f60677f23c4a530867a98f22b3768","name":"diario2","image":{"@type":"ImageObject","inLanguage":"es","@id":"https:\/\/secure.gravatar.com\/avatar\/5a2567495ba16b852fcd8f1ed006a2e24fcace936018ed8237e95f488ad6e0a7?s=96&d=mm&r=g","url":"https:\/\/secure.gravatar.com\/avatar\/5a2567495ba16b852fcd8f1ed006a2e24fcace936018ed8237e95f488ad6e0a7?s=96&d=mm&r=g","contentUrl":"https:\/\/secure.gravatar.com\/avatar\/5a2567495ba16b852fcd8f1ed006a2e24fcace936018ed8237e95f488ad6e0a7?s=96&d=mm&r=g","caption":"diario2"},"url":"https:\/\/diariotextual.com\/inicio\/index.php\/author\/diario2\/"}]}},"_links":{"self":[{"href":"https:\/\/diariotextual.com\/inicio\/index.php\/wp-json\/wp\/v2\/posts\/230807","targetHints":{"allow":["GET"]}}],"collection":[{"href":"https:\/\/diariotextual.com\/inicio\/index.php\/wp-json\/wp\/v2\/posts"}],"about":[{"href":"https:\/\/diariotextual.com\/inicio\/index.php\/wp-json\/wp\/v2\/types\/post"}],"author":[{"embeddable":true,"href":"https:\/\/diariotextual.com\/inicio\/index.php\/wp-json\/wp\/v2\/users\/4"}],"replies":[{"embeddable":true,"href":"https:\/\/diariotextual.com\/inicio\/index.php\/wp-json\/wp\/v2\/comments?post=230807"}],"version-history":[{"count":3,"href":"https:\/\/diariotextual.com\/inicio\/index.php\/wp-json\/wp\/v2\/posts\/230807\/revisions"}],"predecessor-version":[{"id":230818,"href":"https:\/\/diariotextual.com\/inicio\/index.php\/wp-json\/wp\/v2\/posts\/230807\/revisions\/230818"}],"wp:featuredmedia":[{"embeddable":true,"href":"https:\/\/diariotextual.com\/inicio\/index.php\/wp-json\/wp\/v2\/media\/210755"}],"wp:attachment":[{"href":"https:\/\/diariotextual.com\/inicio\/index.php\/wp-json\/wp\/v2\/media?parent=230807"}],"wp:term":[{"taxonomy":"category","embeddable":true,"href":"https:\/\/diariotextual.com\/inicio\/index.php\/wp-json\/wp\/v2\/categories?post=230807"},{"taxonomy":"post_tag","embeddable":true,"href":"https:\/\/diariotextual.com\/inicio\/index.php\/wp-json\/wp\/v2\/tags?post=230807"}],"curies":[{"name":"wp","href":"https:\/\/api.w.org\/{rel}","templated":true}]}}