{"id":230819,"date":"2023-07-12T09:18:40","date_gmt":"2023-07-12T12:18:40","guid":{"rendered":"https:\/\/diariotextual.com\/inicio\/?p=230819"},"modified":"2023-07-12T13:29:10","modified_gmt":"2023-07-12T16:29:10","slug":"toay-presento-vacaciones-de-invierno-mas-fulgor-pampeano","status":"publish","type":"post","link":"https:\/\/diariotextual.com\/inicio\/index.php\/2023\/07\/12\/toay-presento-vacaciones-de-invierno-mas-fulgor-pampeano\/","title":{"rendered":"Toay present\u00f3 \u201cVacaciones de invierno m\u00e1s Fulgor Pampeano\u201d"},"content":{"rendered":"\n<p>La municipalidad de <strong>Toay<\/strong> present\u00f3 <strong>\u201cVacaciones de invierno m\u00e1s Fulgor Pampeano\u201d<\/strong>, una serie de actividades para ni\u00f1as y ni\u00f1os que se encuentran en receso invernal.<\/p>\n\n\n\n<p>Las actividades comienzan este jueves y finalizan el s\u00e1bado 22. Se realizar\u00e1n en la Casa del Bicentenario con entrada libre y gratuita.<\/p>\n\n\n\n<p>El jueves 13 se presenta la pel\u00edcula \u201cLa Gallina Turuleca\u201d desde las 18 horas; viernes 14 el \u201cRat\u00f3n P\u00e9rez y los guardianes del libro m\u00e1gico\u201d en el mismo horario; el s\u00e1bado 15 se har\u00e1 presente desde las 18 horas en el Bicentenario el circo Batahola y el domingo 16 se cerrar\u00e1 la semana con una jornada especial en el Museo del Pueblo para conocer la historia de la ciudad, donde participar\u00e1n autos antiguos de la ciudad, desde las 15 horas en 3 de Febrero 923.<\/p>\n\n\n\n<p>El 20 de julio se presentar\u00e1 \u201cMetegol\u201d nuevamente en la Casa del Bicentenario desde las 18 horas; viernes 21 \u201cLa Gallina Turuleca\u201d desde las 18 horas y a las 20 horas la proyecci\u00f3n de \u201cMi Mejor Amigo\u201d para mayores de 13 a\u00f1os.<\/p>\n\n\n\n<p>Las actividades finalizaran el s\u00e1bado 22 de julio con \u201c30 d\u00edas con mi ex\u201d, cine para mayores de 13 a\u00f1os, desde las 20 horas.<\/p>\n\n\n\n<p>Todas las actividades son gratuitas para las familias y se recomienda llegar con 15 minutos de anticipaci\u00f3n a la sala del Bicentenario, ubicada en Avenida 13 de Caballer\u00eda 800.<\/p>\n","protected":false},"excerpt":{"rendered":"<p>La municipalidad de Toay present\u00f3 \u201cVacaciones de invierno m\u00e1s Fulgor Pampeano\u201d, una serie de actividades para ni\u00f1as y ni\u00f1os que se encuentran en receso invernal. Las actividades comienzan este jueves&hellip;<\/p>\n","protected":false},"author":7,"featured_media":230820,"comment_status":"closed","ping_status":"open","sticky":false,"template":"","format":"standard","meta":{"_acf_changed":false,"footnotes":""},"categories":[1,12],"tags":[],"class_list":["post-230819","post","type-post","status-publish","format-standard","has-post-thumbnail","hentry","category-es-noticia","category-sociedad"],"acf":[],"yoast_head":"<!-- This site is optimized with the Yoast SEO plugin v27.5 - https:\/\/yoast.com\/product\/yoast-seo-wordpress\/ -->\n<title>Toay present\u00f3 \u201cVacaciones de invierno m\u00e1s Fulgor Pampeano\u201d - Diario Textual<\/title>\n<meta name=\"robots\" content=\"index, follow, max-snippet:-1, max-image-preview:large, max-video-preview:-1\" \/>\n<link rel=\"canonical\" href=\"https:\/\/diariotextual.com\/inicio\/index.php\/2023\/07\/12\/toay-presento-vacaciones-de-invierno-mas-fulgor-pampeano\/\" \/>\n<meta property=\"og:locale\" content=\"es_ES\" \/>\n<meta property=\"og:type\" content=\"article\" \/>\n<meta property=\"og:title\" content=\"Toay present\u00f3 \u201cVacaciones de invierno m\u00e1s Fulgor Pampeano\u201d - Diario Textual\" \/>\n<meta property=\"og:description\" content=\"La municipalidad de Toay present\u00f3 \u201cVacaciones de invierno m\u00e1s Fulgor Pampeano\u201d, una serie de actividades para ni\u00f1as y ni\u00f1os que se encuentran en receso invernal. Las actividades comienzan este jueves&hellip;\" \/>\n<meta property=\"og:url\" content=\"https:\/\/diariotextual.com\/inicio\/index.php\/2023\/07\/12\/toay-presento-vacaciones-de-invierno-mas-fulgor-pampeano\/\" \/>\n<meta property=\"og:site_name\" content=\"Diario Textual\" \/>\n<meta property=\"article:publisher\" content=\"https:\/\/www.facebook.com\/eltextual\" \/>\n<meta property=\"article:published_time\" content=\"2023-07-12T12:18:40+00:00\" \/>\n<meta property=\"article:modified_time\" content=\"2023-07-12T16:29:10+00:00\" \/>\n<meta property=\"og:image\" content=\"https:\/\/diariotextual.com\/inicio\/wp-content\/uploads\/2023\/07\/toayteatroparaninos.jpg\" \/>\n\t<meta property=\"og:image:width\" content=\"1600\" \/>\n\t<meta property=\"og:image:height\" content=\"907\" \/>\n\t<meta property=\"og:image:type\" content=\"image\/jpeg\" \/>\n<meta name=\"author\" content=\"diario5\" \/>\n<meta name=\"twitter:card\" content=\"summary_large_image\" \/>\n<meta name=\"twitter:creator\" content=\"@eltextual\" \/>\n<meta name=\"twitter:site\" content=\"@eltextual\" \/>\n<meta name=\"twitter:label1\" content=\"Escrito por\" \/>\n\t<meta name=\"twitter:data1\" content=\"diario5\" \/>\n\t<meta name=\"twitter:label2\" content=\"Tiempo de lectura\" \/>\n\t<meta name=\"twitter:data2\" content=\"2 minutos\" \/>\n<script type=\"application\/ld+json\" class=\"yoast-schema-graph\">{\"@context\":\"https:\\\/\\\/schema.org\",\"@graph\":[{\"@type\":\"Article\",\"@id\":\"https:\\\/\\\/diariotextual.com\\\/inicio\\\/index.php\\\/2023\\\/07\\\/12\\\/toay-presento-vacaciones-de-invierno-mas-fulgor-pampeano\\\/#article\",\"isPartOf\":{\"@id\":\"https:\\\/\\\/diariotextual.com\\\/inicio\\\/index.php\\\/2023\\\/07\\\/12\\\/toay-presento-vacaciones-de-invierno-mas-fulgor-pampeano\\\/\"},\"author\":{\"name\":\"diario5\",\"@id\":\"https:\\\/\\\/diariotextual.com\\\/inicio\\\/#\\\/schema\\\/person\\\/c7834961ad8b29b1d9cdbf4571299067\"},\"headline\":\"Toay present\u00f3 \u201cVacaciones de invierno m\u00e1s Fulgor Pampeano\u201d\",\"datePublished\":\"2023-07-12T12:18:40+00:00\",\"dateModified\":\"2023-07-12T16:29:10+00:00\",\"mainEntityOfPage\":{\"@id\":\"https:\\\/\\\/diariotextual.com\\\/inicio\\\/index.php\\\/2023\\\/07\\\/12\\\/toay-presento-vacaciones-de-invierno-mas-fulgor-pampeano\\\/\"},\"wordCount\":231,\"publisher\":{\"@id\":\"https:\\\/\\\/diariotextual.com\\\/inicio\\\/#organization\"},\"image\":{\"@id\":\"https:\\\/\\\/diariotextual.com\\\/inicio\\\/index.php\\\/2023\\\/07\\\/12\\\/toay-presento-vacaciones-de-invierno-mas-fulgor-pampeano\\\/#primaryimage\"},\"thumbnailUrl\":\"https:\\\/\\\/diariotextual.com\\\/inicio\\\/wp-content\\\/uploads\\\/2023\\\/07\\\/toayteatroparaninos.jpg\",\"articleSection\":[\"A - ES NOTICIA (van abajo)\",\"SOCIEDAD\"],\"inLanguage\":\"es\"},{\"@type\":\"WebPage\",\"@id\":\"https:\\\/\\\/diariotextual.com\\\/inicio\\\/index.php\\\/2023\\\/07\\\/12\\\/toay-presento-vacaciones-de-invierno-mas-fulgor-pampeano\\\/\",\"url\":\"https:\\\/\\\/diariotextual.com\\\/inicio\\\/index.php\\\/2023\\\/07\\\/12\\\/toay-presento-vacaciones-de-invierno-mas-fulgor-pampeano\\\/\",\"name\":\"Toay present\u00f3 \u201cVacaciones de invierno m\u00e1s Fulgor Pampeano\u201d - Diario Textual\",\"isPartOf\":{\"@id\":\"https:\\\/\\\/diariotextual.com\\\/inicio\\\/#website\"},\"primaryImageOfPage\":{\"@id\":\"https:\\\/\\\/diariotextual.com\\\/inicio\\\/index.php\\\/2023\\\/07\\\/12\\\/toay-presento-vacaciones-de-invierno-mas-fulgor-pampeano\\\/#primaryimage\"},\"image\":{\"@id\":\"https:\\\/\\\/diariotextual.com\\\/inicio\\\/index.php\\\/2023\\\/07\\\/12\\\/toay-presento-vacaciones-de-invierno-mas-fulgor-pampeano\\\/#primaryimage\"},\"thumbnailUrl\":\"https:\\\/\\\/diariotextual.com\\\/inicio\\\/wp-content\\\/uploads\\\/2023\\\/07\\\/toayteatroparaninos.jpg\",\"datePublished\":\"2023-07-12T12:18:40+00:00\",\"dateModified\":\"2023-07-12T16:29:10+00:00\",\"breadcrumb\":{\"@id\":\"https:\\\/\\\/diariotextual.com\\\/inicio\\\/index.php\\\/2023\\\/07\\\/12\\\/toay-presento-vacaciones-de-invierno-mas-fulgor-pampeano\\\/#breadcrumb\"},\"inLanguage\":\"es\",\"potentialAction\":[{\"@type\":\"ReadAction\",\"target\":[\"https:\\\/\\\/diariotextual.com\\\/inicio\\\/index.php\\\/2023\\\/07\\\/12\\\/toay-presento-vacaciones-de-invierno-mas-fulgor-pampeano\\\/\"]}]},{\"@type\":\"ImageObject\",\"inLanguage\":\"es\",\"@id\":\"https:\\\/\\\/diariotextual.com\\\/inicio\\\/index.php\\\/2023\\\/07\\\/12\\\/toay-presento-vacaciones-de-invierno-mas-fulgor-pampeano\\\/#primaryimage\",\"url\":\"https:\\\/\\\/diariotextual.com\\\/inicio\\\/wp-content\\\/uploads\\\/2023\\\/07\\\/toayteatroparaninos.jpg\",\"contentUrl\":\"https:\\\/\\\/diariotextual.com\\\/inicio\\\/wp-content\\\/uploads\\\/2023\\\/07\\\/toayteatroparaninos.jpg\",\"width\":1600,\"height\":907},{\"@type\":\"BreadcrumbList\",\"@id\":\"https:\\\/\\\/diariotextual.com\\\/inicio\\\/index.php\\\/2023\\\/07\\\/12\\\/toay-presento-vacaciones-de-invierno-mas-fulgor-pampeano\\\/#breadcrumb\",\"itemListElement\":[{\"@type\":\"ListItem\",\"position\":1,\"name\":\"Portada\",\"item\":\"https:\\\/\\\/diariotextual.com\\\/inicio\\\/\"},{\"@type\":\"ListItem\",\"position\":2,\"name\":\"Toay present\u00f3 \u201cVacaciones de invierno m\u00e1s Fulgor Pampeano\u201d\"}]},{\"@type\":\"WebSite\",\"@id\":\"https:\\\/\\\/diariotextual.com\\\/inicio\\\/#website\",\"url\":\"https:\\\/\\\/diariotextual.com\\\/inicio\\\/\",\"name\":\"Diario Textual\",\"description\":\"\",\"publisher\":{\"@id\":\"https:\\\/\\\/diariotextual.com\\\/inicio\\\/#organization\"},\"potentialAction\":[{\"@type\":\"SearchAction\",\"target\":{\"@type\":\"EntryPoint\",\"urlTemplate\":\"https:\\\/\\\/diariotextual.com\\\/inicio\\\/?s={search_term_string}\"},\"query-input\":{\"@type\":\"PropertyValueSpecification\",\"valueRequired\":true,\"valueName\":\"search_term_string\"}}],\"inLanguage\":\"es\"},{\"@type\":\"Organization\",\"@id\":\"https:\\\/\\\/diariotextual.com\\\/inicio\\\/#organization\",\"name\":\"Diario Textual\",\"url\":\"https:\\\/\\\/diariotextual.com\\\/inicio\\\/\",\"logo\":{\"@type\":\"ImageObject\",\"inLanguage\":\"es\",\"@id\":\"https:\\\/\\\/diariotextual.com\\\/inicio\\\/#\\\/schema\\\/logo\\\/image\\\/\",\"url\":\"https:\\\/\\\/diariotextual.com\\\/inicio\\\/wp-content\\\/uploads\\\/2023\\\/05\\\/logotextual1.jpg\",\"contentUrl\":\"https:\\\/\\\/diariotextual.com\\\/inicio\\\/wp-content\\\/uploads\\\/2023\\\/05\\\/logotextual1.jpg\",\"width\":516,\"height\":76,\"caption\":\"Diario Textual\"},\"image\":{\"@id\":\"https:\\\/\\\/diariotextual.com\\\/inicio\\\/#\\\/schema\\\/logo\\\/image\\\/\"},\"sameAs\":[\"https:\\\/\\\/www.facebook.com\\\/eltextual\",\"https:\\\/\\\/x.com\\\/eltextual\",\"http:\\\/\\\/www.instagram.com\\\/eltextual\"]},{\"@type\":\"Person\",\"@id\":\"https:\\\/\\\/diariotextual.com\\\/inicio\\\/#\\\/schema\\\/person\\\/c7834961ad8b29b1d9cdbf4571299067\",\"name\":\"diario5\",\"image\":{\"@type\":\"ImageObject\",\"inLanguage\":\"es\",\"@id\":\"https:\\\/\\\/secure.gravatar.com\\\/avatar\\\/948c893b847ca6df68216ead81b63f363408ec9b0f600fefc0641ce78613b111?s=96&d=mm&r=g\",\"url\":\"https:\\\/\\\/secure.gravatar.com\\\/avatar\\\/948c893b847ca6df68216ead81b63f363408ec9b0f600fefc0641ce78613b111?s=96&d=mm&r=g\",\"contentUrl\":\"https:\\\/\\\/secure.gravatar.com\\\/avatar\\\/948c893b847ca6df68216ead81b63f363408ec9b0f600fefc0641ce78613b111?s=96&d=mm&r=g\",\"caption\":\"diario5\"},\"url\":\"https:\\\/\\\/diariotextual.com\\\/inicio\\\/index.php\\\/author\\\/diario5\\\/\"}]}<\/script>\n<!-- \/ Yoast SEO plugin. -->","yoast_head_json":{"title":"Toay present\u00f3 \u201cVacaciones de invierno m\u00e1s Fulgor Pampeano\u201d - Diario Textual","robots":{"index":"index","follow":"follow","max-snippet":"max-snippet:-1","max-image-preview":"max-image-preview:large","max-video-preview":"max-video-preview:-1"},"canonical":"https:\/\/diariotextual.com\/inicio\/index.php\/2023\/07\/12\/toay-presento-vacaciones-de-invierno-mas-fulgor-pampeano\/","og_locale":"es_ES","og_type":"article","og_title":"Toay present\u00f3 \u201cVacaciones de invierno m\u00e1s Fulgor Pampeano\u201d - Diario Textual","og_description":"La municipalidad de Toay present\u00f3 \u201cVacaciones de invierno m\u00e1s Fulgor Pampeano\u201d, una serie de actividades para ni\u00f1as y ni\u00f1os que se encuentran en receso invernal. Las actividades comienzan este jueves&hellip;","og_url":"https:\/\/diariotextual.com\/inicio\/index.php\/2023\/07\/12\/toay-presento-vacaciones-de-invierno-mas-fulgor-pampeano\/","og_site_name":"Diario Textual","article_publisher":"https:\/\/www.facebook.com\/eltextual","article_published_time":"2023-07-12T12:18:40+00:00","article_modified_time":"2023-07-12T16:29:10+00:00","og_image":[{"width":1600,"height":907,"url":"https:\/\/diariotextual.com\/inicio\/wp-content\/uploads\/2023\/07\/toayteatroparaninos.jpg","type":"image\/jpeg"}],"author":"diario5","twitter_card":"summary_large_image","twitter_creator":"@eltextual","twitter_site":"@eltextual","twitter_misc":{"Escrito por":"diario5","Tiempo de lectura":"2 minutos"},"schema":{"@context":"https:\/\/schema.org","@graph":[{"@type":"Article","@id":"https:\/\/diariotextual.com\/inicio\/index.php\/2023\/07\/12\/toay-presento-vacaciones-de-invierno-mas-fulgor-pampeano\/#article","isPartOf":{"@id":"https:\/\/diariotextual.com\/inicio\/index.php\/2023\/07\/12\/toay-presento-vacaciones-de-invierno-mas-fulgor-pampeano\/"},"author":{"name":"diario5","@id":"https:\/\/diariotextual.com\/inicio\/#\/schema\/person\/c7834961ad8b29b1d9cdbf4571299067"},"headline":"Toay present\u00f3 \u201cVacaciones de invierno m\u00e1s Fulgor Pampeano\u201d","datePublished":"2023-07-12T12:18:40+00:00","dateModified":"2023-07-12T16:29:10+00:00","mainEntityOfPage":{"@id":"https:\/\/diariotextual.com\/inicio\/index.php\/2023\/07\/12\/toay-presento-vacaciones-de-invierno-mas-fulgor-pampeano\/"},"wordCount":231,"publisher":{"@id":"https:\/\/diariotextual.com\/inicio\/#organization"},"image":{"@id":"https:\/\/diariotextual.com\/inicio\/index.php\/2023\/07\/12\/toay-presento-vacaciones-de-invierno-mas-fulgor-pampeano\/#primaryimage"},"thumbnailUrl":"https:\/\/diariotextual.com\/inicio\/wp-content\/uploads\/2023\/07\/toayteatroparaninos.jpg","articleSection":["A - ES NOTICIA (van abajo)","SOCIEDAD"],"inLanguage":"es"},{"@type":"WebPage","@id":"https:\/\/diariotextual.com\/inicio\/index.php\/2023\/07\/12\/toay-presento-vacaciones-de-invierno-mas-fulgor-pampeano\/","url":"https:\/\/diariotextual.com\/inicio\/index.php\/2023\/07\/12\/toay-presento-vacaciones-de-invierno-mas-fulgor-pampeano\/","name":"Toay present\u00f3 \u201cVacaciones de invierno m\u00e1s Fulgor Pampeano\u201d - Diario Textual","isPartOf":{"@id":"https:\/\/diariotextual.com\/inicio\/#website"},"primaryImageOfPage":{"@id":"https:\/\/diariotextual.com\/inicio\/index.php\/2023\/07\/12\/toay-presento-vacaciones-de-invierno-mas-fulgor-pampeano\/#primaryimage"},"image":{"@id":"https:\/\/diariotextual.com\/inicio\/index.php\/2023\/07\/12\/toay-presento-vacaciones-de-invierno-mas-fulgor-pampeano\/#primaryimage"},"thumbnailUrl":"https:\/\/diariotextual.com\/inicio\/wp-content\/uploads\/2023\/07\/toayteatroparaninos.jpg","datePublished":"2023-07-12T12:18:40+00:00","dateModified":"2023-07-12T16:29:10+00:00","breadcrumb":{"@id":"https:\/\/diariotextual.com\/inicio\/index.php\/2023\/07\/12\/toay-presento-vacaciones-de-invierno-mas-fulgor-pampeano\/#breadcrumb"},"inLanguage":"es","potentialAction":[{"@type":"ReadAction","target":["https:\/\/diariotextual.com\/inicio\/index.php\/2023\/07\/12\/toay-presento-vacaciones-de-invierno-mas-fulgor-pampeano\/"]}]},{"@type":"ImageObject","inLanguage":"es","@id":"https:\/\/diariotextual.com\/inicio\/index.php\/2023\/07\/12\/toay-presento-vacaciones-de-invierno-mas-fulgor-pampeano\/#primaryimage","url":"https:\/\/diariotextual.com\/inicio\/wp-content\/uploads\/2023\/07\/toayteatroparaninos.jpg","contentUrl":"https:\/\/diariotextual.com\/inicio\/wp-content\/uploads\/2023\/07\/toayteatroparaninos.jpg","width":1600,"height":907},{"@type":"BreadcrumbList","@id":"https:\/\/diariotextual.com\/inicio\/index.php\/2023\/07\/12\/toay-presento-vacaciones-de-invierno-mas-fulgor-pampeano\/#breadcrumb","itemListElement":[{"@type":"ListItem","position":1,"name":"Portada","item":"https:\/\/diariotextual.com\/inicio\/"},{"@type":"ListItem","position":2,"name":"Toay present\u00f3 \u201cVacaciones de invierno m\u00e1s Fulgor Pampeano\u201d"}]},{"@type":"WebSite","@id":"https:\/\/diariotextual.com\/inicio\/#website","url":"https:\/\/diariotextual.com\/inicio\/","name":"Diario Textual","description":"","publisher":{"@id":"https:\/\/diariotextual.com\/inicio\/#organization"},"potentialAction":[{"@type":"SearchAction","target":{"@type":"EntryPoint","urlTemplate":"https:\/\/diariotextual.com\/inicio\/?s={search_term_string}"},"query-input":{"@type":"PropertyValueSpecification","valueRequired":true,"valueName":"search_term_string"}}],"inLanguage":"es"},{"@type":"Organization","@id":"https:\/\/diariotextual.com\/inicio\/#organization","name":"Diario Textual","url":"https:\/\/diariotextual.com\/inicio\/","logo":{"@type":"ImageObject","inLanguage":"es","@id":"https:\/\/diariotextual.com\/inicio\/#\/schema\/logo\/image\/","url":"https:\/\/diariotextual.com\/inicio\/wp-content\/uploads\/2023\/05\/logotextual1.jpg","contentUrl":"https:\/\/diariotextual.com\/inicio\/wp-content\/uploads\/2023\/05\/logotextual1.jpg","width":516,"height":76,"caption":"Diario Textual"},"image":{"@id":"https:\/\/diariotextual.com\/inicio\/#\/schema\/logo\/image\/"},"sameAs":["https:\/\/www.facebook.com\/eltextual","https:\/\/x.com\/eltextual","http:\/\/www.instagram.com\/eltextual"]},{"@type":"Person","@id":"https:\/\/diariotextual.com\/inicio\/#\/schema\/person\/c7834961ad8b29b1d9cdbf4571299067","name":"diario5","image":{"@type":"ImageObject","inLanguage":"es","@id":"https:\/\/secure.gravatar.com\/avatar\/948c893b847ca6df68216ead81b63f363408ec9b0f600fefc0641ce78613b111?s=96&d=mm&r=g","url":"https:\/\/secure.gravatar.com\/avatar\/948c893b847ca6df68216ead81b63f363408ec9b0f600fefc0641ce78613b111?s=96&d=mm&r=g","contentUrl":"https:\/\/secure.gravatar.com\/avatar\/948c893b847ca6df68216ead81b63f363408ec9b0f600fefc0641ce78613b111?s=96&d=mm&r=g","caption":"diario5"},"url":"https:\/\/diariotextual.com\/inicio\/index.php\/author\/diario5\/"}]}},"_links":{"self":[{"href":"https:\/\/diariotextual.com\/inicio\/index.php\/wp-json\/wp\/v2\/posts\/230819","targetHints":{"allow":["GET"]}}],"collection":[{"href":"https:\/\/diariotextual.com\/inicio\/index.php\/wp-json\/wp\/v2\/posts"}],"about":[{"href":"https:\/\/diariotextual.com\/inicio\/index.php\/wp-json\/wp\/v2\/types\/post"}],"author":[{"embeddable":true,"href":"https:\/\/diariotextual.com\/inicio\/index.php\/wp-json\/wp\/v2\/users\/7"}],"replies":[{"embeddable":true,"href":"https:\/\/diariotextual.com\/inicio\/index.php\/wp-json\/wp\/v2\/comments?post=230819"}],"version-history":[{"count":2,"href":"https:\/\/diariotextual.com\/inicio\/index.php\/wp-json\/wp\/v2\/posts\/230819\/revisions"}],"predecessor-version":[{"id":230862,"href":"https:\/\/diariotextual.com\/inicio\/index.php\/wp-json\/wp\/v2\/posts\/230819\/revisions\/230862"}],"wp:featuredmedia":[{"embeddable":true,"href":"https:\/\/diariotextual.com\/inicio\/index.php\/wp-json\/wp\/v2\/media\/230820"}],"wp:attachment":[{"href":"https:\/\/diariotextual.com\/inicio\/index.php\/wp-json\/wp\/v2\/media?parent=230819"}],"wp:term":[{"taxonomy":"category","embeddable":true,"href":"https:\/\/diariotextual.com\/inicio\/index.php\/wp-json\/wp\/v2\/categories?post=230819"},{"taxonomy":"post_tag","embeddable":true,"href":"https:\/\/diariotextual.com\/inicio\/index.php\/wp-json\/wp\/v2\/tags?post=230819"}],"curies":[{"name":"wp","href":"https:\/\/api.w.org\/{rel}","templated":true}]}}