{"id":230829,"date":"2023-07-12T11:17:22","date_gmt":"2023-07-12T14:17:22","guid":{"rendered":"https:\/\/diariotextual.com\/inicio\/?p=230829"},"modified":"2023-07-12T20:00:28","modified_gmt":"2023-07-12T23:00:28","slug":"es-pesima-la-gestion-de-pampetrol-dispara-uno-de-sus-directores","status":"publish","type":"post","link":"https:\/\/diariotextual.com\/inicio\/index.php\/2023\/07\/12\/es-pesima-la-gestion-de-pampetrol-dispara-uno-de-sus-directores\/","title":{"rendered":"\u201cEs p\u00e9sima la gesti\u00f3n de Pampetrol\u201d, dispara uno de sus directores"},"content":{"rendered":"\n<p><strong>Hugo P\u00e9rez<\/strong>, director de Pampetrol, fue lapidario sobre la empresa. <strong>\u201cEs p\u00e9sima la gesti\u00f3n\u201d<\/strong>, dijo a <strong>Diario Textual<\/strong>, un d\u00eda despu\u00e9s de que se conociera que<strong><a href=\"https:\/\/diariotextual.com\/inicio\/index.php\/2023\/07\/11\/pampetrol-saca-por-cuarta-vez-a-licitacion-medanito-sur\/\" target=\"_blank\" rel=\"noreferrer noopener\"> tendr\u00e1 que sacar a licitaci\u00f3n, por cuarta vez, el \u00e1rea hidrocarbur\u00edfera de Medanito Sur.<\/a><\/strong><\/p>\n\n\n\n<p>Dijo que, por \u201cmalas decisiones pol\u00edticas\u201d,<strong> en 2022 el bloque sur que integra Medanito Sur y otros yacimientos ha dado una p\u00e9rdida de 130 millones de pesos y la estaci\u00f3n de servicio de Casa de Piedra ha marcado un d\u00e9ficit de 116 millones de pesos.<\/strong><\/p>\n\n\n\n<p>P\u00e9rez dijo que <strong>es alarmante<\/strong> la<strong> falta de inversi\u00f3n en Medanito Sur<\/strong>: sostuvo que <strong>no hay gas para poner en funcionamiento las m\u00e1quinas y que los pozos solo est\u00e1n operativos, en el mejor de los casos, durante medio d\u00eda.<\/strong><\/p>\n\n\n\n<p>El dirigente -exintendente y exdiputado- es representante en el directorio del bloque del opositor radicalismo. En 2022 se venci\u00f3 su mandato y a\u00fan sigue en el cargo, a la espera de que el gobernador Sergio Ziliotto firme el decreto.<\/p>\n\n\n\n<p><strong>Dijo que \u201cla nueva gesti\u00f3n\u201d rompi\u00f3 la \u201cpol\u00edtica de Estado\u201d hidrocarbur\u00edfera de La Pampa. \u201cTodo esto se lo dije hace unos d\u00edas, en una reuni\u00f3n al gobernador Ziliotto\u201d, avis\u00f3. \u201cNo estamos consensuando (entre oposici\u00f3n y oficialismo) una pol\u00edtica\u201d.<\/strong><\/p>\n\n\n\n<p><\/p>\n\n\n\n<figure class=\"wp-block-embed is-type-wp-embed is-provider-diario-textual wp-block-embed-diario-textual\"><div class=\"wp-block-embed__wrapper\">\n<blockquote class=\"wp-embedded-content\" data-secret=\"PxGrk16hKO\"><a href=\"https:\/\/diariotextual.com\/inicio\/index.php\/2023\/07\/12\/a-la-estacion-de-servicio-de-casa-de-piedra-hay-que-defenderla-cumple-un-gran-rol-social\/\">\u201cA la estaci\u00f3n de servicio de Casa de Piedra hay que defenderla: cumple un gran rol social\u201d<\/a><\/blockquote><iframe class=\"wp-embedded-content\" sandbox=\"allow-scripts\" security=\"restricted\" style=\"position: absolute; clip: rect(1px, 1px, 1px, 1px);\" title=\"\u00ab\u201cA la estaci\u00f3n de servicio de Casa de Piedra hay que defenderla: cumple un gran rol social\u201d\u00bb \u2014 Diario Textual\" src=\"https:\/\/diariotextual.com\/inicio\/index.php\/2023\/07\/12\/a-la-estacion-de-servicio-de-casa-de-piedra-hay-que-defenderla-cumple-un-gran-rol-social\/embed\/#?secret=GV2QS08xnU#?secret=PxGrk16hKO\" data-secret=\"PxGrk16hKO\" width=\"600\" height=\"338\" frameborder=\"0\" marginwidth=\"0\" marginheight=\"0\" scrolling=\"no\"><\/iframe>\n<\/div><\/figure>\n\n\n\n<p><\/p>\n\n\n\n<p>El \u00e1rea petrolera Medanito Sur volver\u00e1 a salir a licitaci\u00f3n. Pampetrol ayer anunci\u00f3 que llamar\u00e1 a Asamblea Extraordinaria el 31 de julio para \u201cabordar de manera conjunta con los accionistas\u201d el llamado a licitaci\u00f3n del \u00e1rea declarada de inter\u00e9s estrat\u00e9gico.<\/p>\n\n\n\n<p>Desde 2021 se han realizado tres llamados a licitaci\u00f3n, pero ninguno conform\u00f3 al Gobierno y a Pampetrol. En rigor, principalmente al Gobierno.<\/p>\n\n\n\n<p>Refipampa hab\u00eda sido preadjudicada en la segunda y la tercera licitaci\u00f3n, con un ingreso de 5 millones en d\u00f3lares. Pero se declar\u00f3 desierta: el Gobierno pidi\u00f3 que se pague en d\u00f3lares billete, cuando la empresa ped\u00eda realizarlo en pesos. \u201cLas licitaciones fracasaron por las condiciones del pago del bono. En estas condiciones, yo no voy a acompa\u00f1ar (la nueva licitaci\u00f3n). Vamos a hacer un papel\u00f3n\u2026\u201d, manifest\u00f3.<\/p>\n\n\n\n<p>\u201cYo estuve con el gobernador hace 15 d\u00edas. Me llam\u00f3 porque se enter\u00f3 que yo estaba por renunciar. O sea, todav\u00eda estoy viendo qu\u00e9 hago\u201d, dijo.<\/p>\n\n\n\n<p><strong>-\u00bfC\u00f3mo est\u00e1 Pampetrol? -pregunt\u00f3 Diario Textual.<\/strong><\/p>\n\n\n\n<p>&#8211; Es un desastre, completo. La destruyeron. Y se lo dije al gobernador. Lo que pasa es que, si no me llaman, yo no llamo a los medios para decirlo\u2026 Lo que pas\u00f3 ayer fue una reuni\u00f3n de directorio donde se trataron dos temas. Primero, la aprobaci\u00f3n del balance que yo vot\u00e9 en contra\u2026. Vot\u00e9 en contra del balance y vot\u00e9 en contra la memoria. Y ya hab\u00eda votado en contra el presupuesto hace unos meses atr\u00e1s y ya hab\u00eda votado el balance del a\u00f1o pasado en contra. En principio, tiene cuatro \u00e1reas en UTE con Petroqu\u00edmica Comodoro Rivadavia, donde somos socios y ah\u00ed nos va bien. La operadora es PCR y nosotros ah\u00ed lo que hacemos es controlar, compartir pol\u00edticas, consensuar cosas\u2026 El problema lo tenemos en el bloque sur, integrado por Medanito Sur, por Rinconada Norte y por Salinas Grande. Lo operamos nosotros desde 2018. Y ese ese bloque est\u00e1 totalmente malogrado hoy: va a desaparecer como yacimiento. Y la otra cuesti\u00f3n que manejamos es el tema combustible y la estaci\u00f3n de Casa de Piedra. En el balance de 2022 dio 116 millones de pesos de p\u00e9rdidas. Y este a\u00f1o va a ser peor\u2026. Yo ya he propuesto esto infinidad de veces: si el Gobierno, que ha sido votado leg\u00edtimamente, quiere perder esa plata en esa estaci\u00f3n de servicio, que lo haga, pero que se la pasemos a la comuna. Mart\u00edn Borthiry (delegado de Casa de Piedra) estaba de acuerdo en tomar la estaci\u00f3n de servicio. Que lo agarre la comuna y que subsidien a la comuna. No tiene por qu\u00e9 Pampetrol perder esa plata.<\/p>\n\n\n\n<p><strong>-\u00bfQu\u00e9 pasa en Medanito Sur?<\/strong><\/p>\n\n\n\n<p>&#8211; Lo que se decidi\u00f3 ayer es que hubo una solicitud del Ejecutivo Provincial, que es nuestro socio mayoritario a trav\u00e9s de la Secretar\u00eda de Energ\u00eda, para que se convoque a una asamblea lo antes posible que va a ser para el 31 de julio, para decidir otra licitaci\u00f3n. La cuarta. Y voy a explicar por qu\u00e9 fracasaron las licitaciones anteriores y por qu\u00e9 el \u00e1rea est\u00e1 totalmente destruida. El \u00e1rea la recibi\u00f3 en el a\u00f1o 2018 para una transici\u00f3n, o sea, para ordenarlo. Lo hab\u00eda devuelto Tecpetrol de forma intempestiva a la provincia y hab\u00eda que ordenarla y sacarla a licitaci\u00f3n r\u00e1pidamente, con una transici\u00f3n que iba a ser de entre seis y doce meses. Esto no se dio: Pampetrol sigui\u00f3 operando el \u00e1rea sin inversiones. Ten\u00edamos prevista inversiones por 4,8 millones de d\u00f3lares, que era la perforaci\u00f3n de cuatro pozos. En esta nueva gesti\u00f3n de estos \u00faltimos a\u00f1os se decidi\u00f3 no hacer esa inversi\u00f3n y ahora utilizar esos d\u00f3lares para la inversi\u00f3n del proyecto fotovoltaico de Victorica. Esta nueva gesti\u00f3n rompi\u00f3 lo que era Pampetrol como pol\u00edtica de Estado. Yo dec\u00eda siempre, un poco orgulloso, que en la provincia de La Pampa ten\u00edamos dos grandes pol\u00edticas de Estado: una era la defensa de nuestros r\u00edos, que esa gracias a Dios sigue, y la otra era la pol\u00edtica hidrocarbur\u00edfera, porque votamos una Ley de Hidrocarburo por unanimidad. En el periodo anterior sacamos m\u00e1s de veinte y pico de leyes por unanimidad en la C\u00e1mara de Diputados que ten\u00edan que ver con concesiones, con licitaciones, con declaraciones estrat\u00e9gicas&#8230; Bueno, esto se rompi\u00f3 totalmente. Se comenz\u00f3 a trabajar con decisiones unilaterales de quien gobierna y Pampetrol perdi\u00f3 totalmente autonom\u00eda. Las decisiones no se toman en Pampetrol. Se toman en otros lugares: en el Ministerio de Hacienda, en la Secretar\u00eda de Gobierno, en la Secretar\u00eda de Energ\u00eda, pero no en Pampetrol. Esto ha causado esta situaci\u00f3n. Siempre recuerdo que la primera acci\u00f3n, cuando asumieron, fue no renovarle el contrato a un ingeniero en Petr\u00f3leo que hab\u00eda sido uno de los grandes art\u00edfices del crecimiento exponencial que hab\u00eda tenido Pampetrol.<\/p>\n\n\n\n<p><strong>-\u00bfPor qu\u00e9 se cayeron las licitaciones de Medanito Sur?<\/strong><\/p>\n\n\n\n<p>-En la primera comisi\u00f3n de preadjudicaci\u00f3n, que yo no integr\u00e9 porque no me llamaron, se hab\u00eda decidido por una empresa. Yo me quej\u00e9 porque no cumpl\u00eda con los requisitos. Despu\u00e9s el directorio declar\u00f3 desierta la licitaci\u00f3n. Despu\u00e9s vinieron otras dos licitaciones, que fueron ganadas por Refipampa, nuestra socia en la refiner\u00eda. Y la comisi\u00f3n de prejudicaci\u00f3n acept\u00f3 lo que Refipampa propon\u00eda con respecto a inversiones y a desarrollo del \u00e1rea, pero hubo diferencias con el tema del pago del bono. Ese bono, en la segunda licitaci\u00f3n, se hab\u00eda fijado en cinco millones de d\u00f3lares y Refipampa propon\u00eda pagar los dos millones y medio de d\u00f3lares del contado y el resto en cuotas. La Provincia no acept\u00f3 esta forma de pago y tuvimos que declarar de cierta la licitaci\u00f3n. En la tercera licitaci\u00f3n bajamos el bono a dos millones y medio de d\u00f3lares y transferimos esa otra parte del bono a m\u00e1s inversiones en el \u00e1rea. Volvi\u00f3 a ganar Refipampa, pero recibimos una nota del ministro (Ernesto) Franco (NdeR: que ya se fue del cargo), donde nos dice que el pago debe ser en d\u00f3lares billetes. Cuando lo que se hace, generalmente, es pagar en pesos al valor del precio del d\u00f3lar oficial\u2026 Franco firm\u00f3 el certificado de funci\u00f3n del \u00e1rea Medianito Sur. Tuvimos que rechazar la oferta de Refipampa<\/p>\n\n\n\n<p><strong>-\u00bfC\u00f3mo est\u00e1 el \u00e1rea funcionando hoy?<\/strong><\/p>\n\n\n\n<p>-Hoy es un \u00e1rea que est\u00e1 con respirador artificial, pero un respirador artificial que lo lleva a la tragedia. Hoy el \u00e1rea funciona a medio d\u00eda solamente. Y hay d\u00edas que deja de funcionar porque no tiene energ\u00eda, no tiene gas.. \u00a1No tenemos gas para hacer para hacer funcional los motores! Fracas\u00f3 una licitaci\u00f3n para un pozo gas\u00edfero\u2026<\/p>\n\n\n\n<p><strong>-\u00bfQui\u00e9n lo opera?\u00bfPersonal de Pampetrol o est\u00e1 tercerizado?<\/strong><\/p>\n\n\n\n<p>-La opera la empresa Riveiro, pero sobredimensionado en personal. Cada vez tiene m\u00e1s empleados. Entonces hoy pretenden salir una licitaci\u00f3n con un \u00e1rea que est\u00e1 totalmente devaluada, malograda. Todo esto que los pozos se paren no es gratis: esto genera que el petr\u00f3leo se parafine.<\/p>\n","protected":false},"excerpt":{"rendered":"<p>Hugo P\u00e9rez, director de Pampetrol, fue lapidario sobre la empresa. \u201cEs p\u00e9sima la gesti\u00f3n\u201d, dijo a Diario Textual, un d\u00eda despu\u00e9s de que se conociera que tendr\u00e1 que sacar a&hellip;<\/p>\n","protected":false},"author":3,"featured_media":230871,"comment_status":"closed","ping_status":"open","sticky":false,"template":"","format":"standard","meta":{"_acf_changed":false,"footnotes":""},"categories":[11,8],"tags":[],"class_list":["post-230829","post","type-post","status-publish","format-standard","has-post-thumbnail","hentry","category-que-pasa","category-politica"],"acf":[],"yoast_head":"<!-- This site is optimized with the Yoast SEO plugin v27.5 - https:\/\/yoast.com\/product\/yoast-seo-wordpress\/ -->\n<title>\u201cEs p\u00e9sima la gesti\u00f3n de Pampetrol\u201d, dispara uno de sus directores - Diario Textual<\/title>\n<meta name=\"robots\" content=\"index, follow, max-snippet:-1, max-image-preview:large, max-video-preview:-1\" \/>\n<link rel=\"canonical\" href=\"https:\/\/diariotextual.com\/inicio\/index.php\/2023\/07\/12\/es-pesima-la-gestion-de-pampetrol-dispara-uno-de-sus-directores\/\" \/>\n<meta property=\"og:locale\" content=\"es_ES\" \/>\n<meta property=\"og:type\" content=\"article\" \/>\n<meta property=\"og:title\" content=\"\u201cEs p\u00e9sima la gesti\u00f3n de Pampetrol\u201d, dispara uno de sus directores - Diario Textual\" \/>\n<meta property=\"og:description\" content=\"Hugo P\u00e9rez, director de Pampetrol, fue lapidario sobre la empresa. \u201cEs p\u00e9sima la gesti\u00f3n\u201d, dijo a Diario Textual, un d\u00eda despu\u00e9s de que se conociera que tendr\u00e1 que sacar a&hellip;\" \/>\n<meta property=\"og:url\" content=\"https:\/\/diariotextual.com\/inicio\/index.php\/2023\/07\/12\/es-pesima-la-gestion-de-pampetrol-dispara-uno-de-sus-directores\/\" \/>\n<meta property=\"og:site_name\" content=\"Diario Textual\" \/>\n<meta property=\"article:publisher\" content=\"https:\/\/www.facebook.com\/eltextual\" \/>\n<meta property=\"article:published_time\" content=\"2023-07-12T14:17:22+00:00\" \/>\n<meta property=\"article:modified_time\" content=\"2023-07-12T23:00:28+00:00\" \/>\n<meta property=\"og:image\" content=\"https:\/\/diariotextual.com\/inicio\/wp-content\/uploads\/2023\/07\/pampetrol2023-1.jpg\" \/>\n\t<meta property=\"og:image:width\" content=\"1440\" \/>\n\t<meta property=\"og:image:height\" content=\"963\" \/>\n\t<meta property=\"og:image:type\" content=\"image\/jpeg\" \/>\n<meta name=\"author\" content=\"Diario1 Diario1\" \/>\n<meta name=\"twitter:card\" content=\"summary_large_image\" \/>\n<meta name=\"twitter:creator\" content=\"@eltextual\" \/>\n<meta name=\"twitter:site\" content=\"@eltextual\" \/>\n<meta name=\"twitter:label1\" content=\"Escrito por\" \/>\n\t<meta name=\"twitter:data1\" content=\"Diario1 Diario1\" \/>\n\t<meta name=\"twitter:label2\" content=\"Tiempo de lectura\" \/>\n\t<meta name=\"twitter:data2\" content=\"7 minutos\" \/>\n<script type=\"application\/ld+json\" class=\"yoast-schema-graph\">{\"@context\":\"https:\\\/\\\/schema.org\",\"@graph\":[{\"@type\":\"Article\",\"@id\":\"https:\\\/\\\/diariotextual.com\\\/inicio\\\/index.php\\\/2023\\\/07\\\/12\\\/es-pesima-la-gestion-de-pampetrol-dispara-uno-de-sus-directores\\\/#article\",\"isPartOf\":{\"@id\":\"https:\\\/\\\/diariotextual.com\\\/inicio\\\/index.php\\\/2023\\\/07\\\/12\\\/es-pesima-la-gestion-de-pampetrol-dispara-uno-de-sus-directores\\\/\"},\"author\":{\"name\":\"Diario1 Diario1\",\"@id\":\"https:\\\/\\\/diariotextual.com\\\/inicio\\\/#\\\/schema\\\/person\\\/418fc4093c33e86ed41562db3508f958\"},\"headline\":\"\u201cEs p\u00e9sima la gesti\u00f3n de Pampetrol\u201d, dispara uno de sus directores\",\"datePublished\":\"2023-07-12T14:17:22+00:00\",\"dateModified\":\"2023-07-12T23:00:28+00:00\",\"mainEntityOfPage\":{\"@id\":\"https:\\\/\\\/diariotextual.com\\\/inicio\\\/index.php\\\/2023\\\/07\\\/12\\\/es-pesima-la-gestion-de-pampetrol-dispara-uno-de-sus-directores\\\/\"},\"wordCount\":1467,\"publisher\":{\"@id\":\"https:\\\/\\\/diariotextual.com\\\/inicio\\\/#organization\"},\"image\":{\"@id\":\"https:\\\/\\\/diariotextual.com\\\/inicio\\\/index.php\\\/2023\\\/07\\\/12\\\/es-pesima-la-gestion-de-pampetrol-dispara-uno-de-sus-directores\\\/#primaryimage\"},\"thumbnailUrl\":\"https:\\\/\\\/diariotextual.com\\\/inicio\\\/wp-content\\\/uploads\\\/2023\\\/07\\\/pampetrol2023-1.jpg\",\"articleSection\":[\"A - QUE PASA (al costado)\",\"POLITICA\"],\"inLanguage\":\"es\"},{\"@type\":\"WebPage\",\"@id\":\"https:\\\/\\\/diariotextual.com\\\/inicio\\\/index.php\\\/2023\\\/07\\\/12\\\/es-pesima-la-gestion-de-pampetrol-dispara-uno-de-sus-directores\\\/\",\"url\":\"https:\\\/\\\/diariotextual.com\\\/inicio\\\/index.php\\\/2023\\\/07\\\/12\\\/es-pesima-la-gestion-de-pampetrol-dispara-uno-de-sus-directores\\\/\",\"name\":\"\u201cEs p\u00e9sima la gesti\u00f3n de Pampetrol\u201d, dispara uno de sus directores - Diario Textual\",\"isPartOf\":{\"@id\":\"https:\\\/\\\/diariotextual.com\\\/inicio\\\/#website\"},\"primaryImageOfPage\":{\"@id\":\"https:\\\/\\\/diariotextual.com\\\/inicio\\\/index.php\\\/2023\\\/07\\\/12\\\/es-pesima-la-gestion-de-pampetrol-dispara-uno-de-sus-directores\\\/#primaryimage\"},\"image\":{\"@id\":\"https:\\\/\\\/diariotextual.com\\\/inicio\\\/index.php\\\/2023\\\/07\\\/12\\\/es-pesima-la-gestion-de-pampetrol-dispara-uno-de-sus-directores\\\/#primaryimage\"},\"thumbnailUrl\":\"https:\\\/\\\/diariotextual.com\\\/inicio\\\/wp-content\\\/uploads\\\/2023\\\/07\\\/pampetrol2023-1.jpg\",\"datePublished\":\"2023-07-12T14:17:22+00:00\",\"dateModified\":\"2023-07-12T23:00:28+00:00\",\"breadcrumb\":{\"@id\":\"https:\\\/\\\/diariotextual.com\\\/inicio\\\/index.php\\\/2023\\\/07\\\/12\\\/es-pesima-la-gestion-de-pampetrol-dispara-uno-de-sus-directores\\\/#breadcrumb\"},\"inLanguage\":\"es\",\"potentialAction\":[{\"@type\":\"ReadAction\",\"target\":[\"https:\\\/\\\/diariotextual.com\\\/inicio\\\/index.php\\\/2023\\\/07\\\/12\\\/es-pesima-la-gestion-de-pampetrol-dispara-uno-de-sus-directores\\\/\"]}]},{\"@type\":\"ImageObject\",\"inLanguage\":\"es\",\"@id\":\"https:\\\/\\\/diariotextual.com\\\/inicio\\\/index.php\\\/2023\\\/07\\\/12\\\/es-pesima-la-gestion-de-pampetrol-dispara-uno-de-sus-directores\\\/#primaryimage\",\"url\":\"https:\\\/\\\/diariotextual.com\\\/inicio\\\/wp-content\\\/uploads\\\/2023\\\/07\\\/pampetrol2023-1.jpg\",\"contentUrl\":\"https:\\\/\\\/diariotextual.com\\\/inicio\\\/wp-content\\\/uploads\\\/2023\\\/07\\\/pampetrol2023-1.jpg\",\"width\":1440,\"height\":963},{\"@type\":\"BreadcrumbList\",\"@id\":\"https:\\\/\\\/diariotextual.com\\\/inicio\\\/index.php\\\/2023\\\/07\\\/12\\\/es-pesima-la-gestion-de-pampetrol-dispara-uno-de-sus-directores\\\/#breadcrumb\",\"itemListElement\":[{\"@type\":\"ListItem\",\"position\":1,\"name\":\"Portada\",\"item\":\"https:\\\/\\\/diariotextual.com\\\/inicio\\\/\"},{\"@type\":\"ListItem\",\"position\":2,\"name\":\"\u201cEs p\u00e9sima la gesti\u00f3n de Pampetrol\u201d, dispara uno de sus directores\"}]},{\"@type\":\"WebSite\",\"@id\":\"https:\\\/\\\/diariotextual.com\\\/inicio\\\/#website\",\"url\":\"https:\\\/\\\/diariotextual.com\\\/inicio\\\/\",\"name\":\"Diario Textual\",\"description\":\"\",\"publisher\":{\"@id\":\"https:\\\/\\\/diariotextual.com\\\/inicio\\\/#organization\"},\"potentialAction\":[{\"@type\":\"SearchAction\",\"target\":{\"@type\":\"EntryPoint\",\"urlTemplate\":\"https:\\\/\\\/diariotextual.com\\\/inicio\\\/?s={search_term_string}\"},\"query-input\":{\"@type\":\"PropertyValueSpecification\",\"valueRequired\":true,\"valueName\":\"search_term_string\"}}],\"inLanguage\":\"es\"},{\"@type\":\"Organization\",\"@id\":\"https:\\\/\\\/diariotextual.com\\\/inicio\\\/#organization\",\"name\":\"Diario Textual\",\"url\":\"https:\\\/\\\/diariotextual.com\\\/inicio\\\/\",\"logo\":{\"@type\":\"ImageObject\",\"inLanguage\":\"es\",\"@id\":\"https:\\\/\\\/diariotextual.com\\\/inicio\\\/#\\\/schema\\\/logo\\\/image\\\/\",\"url\":\"https:\\\/\\\/diariotextual.com\\\/inicio\\\/wp-content\\\/uploads\\\/2023\\\/05\\\/logotextual1.jpg\",\"contentUrl\":\"https:\\\/\\\/diariotextual.com\\\/inicio\\\/wp-content\\\/uploads\\\/2023\\\/05\\\/logotextual1.jpg\",\"width\":516,\"height\":76,\"caption\":\"Diario Textual\"},\"image\":{\"@id\":\"https:\\\/\\\/diariotextual.com\\\/inicio\\\/#\\\/schema\\\/logo\\\/image\\\/\"},\"sameAs\":[\"https:\\\/\\\/www.facebook.com\\\/eltextual\",\"https:\\\/\\\/x.com\\\/eltextual\",\"http:\\\/\\\/www.instagram.com\\\/eltextual\"]},{\"@type\":\"Person\",\"@id\":\"https:\\\/\\\/diariotextual.com\\\/inicio\\\/#\\\/schema\\\/person\\\/418fc4093c33e86ed41562db3508f958\",\"name\":\"Diario1 Diario1\",\"image\":{\"@type\":\"ImageObject\",\"inLanguage\":\"es\",\"@id\":\"https:\\\/\\\/secure.gravatar.com\\\/avatar\\\/9167d280179c85bc18be67aa7eda765854300033af4896dd779b608640f2ef7a?s=96&d=mm&r=g\",\"url\":\"https:\\\/\\\/secure.gravatar.com\\\/avatar\\\/9167d280179c85bc18be67aa7eda765854300033af4896dd779b608640f2ef7a?s=96&d=mm&r=g\",\"contentUrl\":\"https:\\\/\\\/secure.gravatar.com\\\/avatar\\\/9167d280179c85bc18be67aa7eda765854300033af4896dd779b608640f2ef7a?s=96&d=mm&r=g\",\"caption\":\"Diario1 Diario1\"},\"url\":\"https:\\\/\\\/diariotextual.com\\\/inicio\\\/index.php\\\/author\\\/diario1\\\/\"}]}<\/script>\n<!-- \/ Yoast SEO plugin. -->","yoast_head_json":{"title":"\u201cEs p\u00e9sima la gesti\u00f3n de Pampetrol\u201d, dispara uno de sus directores - Diario Textual","robots":{"index":"index","follow":"follow","max-snippet":"max-snippet:-1","max-image-preview":"max-image-preview:large","max-video-preview":"max-video-preview:-1"},"canonical":"https:\/\/diariotextual.com\/inicio\/index.php\/2023\/07\/12\/es-pesima-la-gestion-de-pampetrol-dispara-uno-de-sus-directores\/","og_locale":"es_ES","og_type":"article","og_title":"\u201cEs p\u00e9sima la gesti\u00f3n de Pampetrol\u201d, dispara uno de sus directores - Diario Textual","og_description":"Hugo P\u00e9rez, director de Pampetrol, fue lapidario sobre la empresa. \u201cEs p\u00e9sima la gesti\u00f3n\u201d, dijo a Diario Textual, un d\u00eda despu\u00e9s de que se conociera que tendr\u00e1 que sacar a&hellip;","og_url":"https:\/\/diariotextual.com\/inicio\/index.php\/2023\/07\/12\/es-pesima-la-gestion-de-pampetrol-dispara-uno-de-sus-directores\/","og_site_name":"Diario Textual","article_publisher":"https:\/\/www.facebook.com\/eltextual","article_published_time":"2023-07-12T14:17:22+00:00","article_modified_time":"2023-07-12T23:00:28+00:00","og_image":[{"width":1440,"height":963,"url":"https:\/\/diariotextual.com\/inicio\/wp-content\/uploads\/2023\/07\/pampetrol2023-1.jpg","type":"image\/jpeg"}],"author":"Diario1 Diario1","twitter_card":"summary_large_image","twitter_creator":"@eltextual","twitter_site":"@eltextual","twitter_misc":{"Escrito por":"Diario1 Diario1","Tiempo de lectura":"7 minutos"},"schema":{"@context":"https:\/\/schema.org","@graph":[{"@type":"Article","@id":"https:\/\/diariotextual.com\/inicio\/index.php\/2023\/07\/12\/es-pesima-la-gestion-de-pampetrol-dispara-uno-de-sus-directores\/#article","isPartOf":{"@id":"https:\/\/diariotextual.com\/inicio\/index.php\/2023\/07\/12\/es-pesima-la-gestion-de-pampetrol-dispara-uno-de-sus-directores\/"},"author":{"name":"Diario1 Diario1","@id":"https:\/\/diariotextual.com\/inicio\/#\/schema\/person\/418fc4093c33e86ed41562db3508f958"},"headline":"\u201cEs p\u00e9sima la gesti\u00f3n de Pampetrol\u201d, dispara uno de sus directores","datePublished":"2023-07-12T14:17:22+00:00","dateModified":"2023-07-12T23:00:28+00:00","mainEntityOfPage":{"@id":"https:\/\/diariotextual.com\/inicio\/index.php\/2023\/07\/12\/es-pesima-la-gestion-de-pampetrol-dispara-uno-de-sus-directores\/"},"wordCount":1467,"publisher":{"@id":"https:\/\/diariotextual.com\/inicio\/#organization"},"image":{"@id":"https:\/\/diariotextual.com\/inicio\/index.php\/2023\/07\/12\/es-pesima-la-gestion-de-pampetrol-dispara-uno-de-sus-directores\/#primaryimage"},"thumbnailUrl":"https:\/\/diariotextual.com\/inicio\/wp-content\/uploads\/2023\/07\/pampetrol2023-1.jpg","articleSection":["A - QUE PASA (al costado)","POLITICA"],"inLanguage":"es"},{"@type":"WebPage","@id":"https:\/\/diariotextual.com\/inicio\/index.php\/2023\/07\/12\/es-pesima-la-gestion-de-pampetrol-dispara-uno-de-sus-directores\/","url":"https:\/\/diariotextual.com\/inicio\/index.php\/2023\/07\/12\/es-pesima-la-gestion-de-pampetrol-dispara-uno-de-sus-directores\/","name":"\u201cEs p\u00e9sima la gesti\u00f3n de Pampetrol\u201d, dispara uno de sus directores - Diario Textual","isPartOf":{"@id":"https:\/\/diariotextual.com\/inicio\/#website"},"primaryImageOfPage":{"@id":"https:\/\/diariotextual.com\/inicio\/index.php\/2023\/07\/12\/es-pesima-la-gestion-de-pampetrol-dispara-uno-de-sus-directores\/#primaryimage"},"image":{"@id":"https:\/\/diariotextual.com\/inicio\/index.php\/2023\/07\/12\/es-pesima-la-gestion-de-pampetrol-dispara-uno-de-sus-directores\/#primaryimage"},"thumbnailUrl":"https:\/\/diariotextual.com\/inicio\/wp-content\/uploads\/2023\/07\/pampetrol2023-1.jpg","datePublished":"2023-07-12T14:17:22+00:00","dateModified":"2023-07-12T23:00:28+00:00","breadcrumb":{"@id":"https:\/\/diariotextual.com\/inicio\/index.php\/2023\/07\/12\/es-pesima-la-gestion-de-pampetrol-dispara-uno-de-sus-directores\/#breadcrumb"},"inLanguage":"es","potentialAction":[{"@type":"ReadAction","target":["https:\/\/diariotextual.com\/inicio\/index.php\/2023\/07\/12\/es-pesima-la-gestion-de-pampetrol-dispara-uno-de-sus-directores\/"]}]},{"@type":"ImageObject","inLanguage":"es","@id":"https:\/\/diariotextual.com\/inicio\/index.php\/2023\/07\/12\/es-pesima-la-gestion-de-pampetrol-dispara-uno-de-sus-directores\/#primaryimage","url":"https:\/\/diariotextual.com\/inicio\/wp-content\/uploads\/2023\/07\/pampetrol2023-1.jpg","contentUrl":"https:\/\/diariotextual.com\/inicio\/wp-content\/uploads\/2023\/07\/pampetrol2023-1.jpg","width":1440,"height":963},{"@type":"BreadcrumbList","@id":"https:\/\/diariotextual.com\/inicio\/index.php\/2023\/07\/12\/es-pesima-la-gestion-de-pampetrol-dispara-uno-de-sus-directores\/#breadcrumb","itemListElement":[{"@type":"ListItem","position":1,"name":"Portada","item":"https:\/\/diariotextual.com\/inicio\/"},{"@type":"ListItem","position":2,"name":"\u201cEs p\u00e9sima la gesti\u00f3n de Pampetrol\u201d, dispara uno de sus directores"}]},{"@type":"WebSite","@id":"https:\/\/diariotextual.com\/inicio\/#website","url":"https:\/\/diariotextual.com\/inicio\/","name":"Diario Textual","description":"","publisher":{"@id":"https:\/\/diariotextual.com\/inicio\/#organization"},"potentialAction":[{"@type":"SearchAction","target":{"@type":"EntryPoint","urlTemplate":"https:\/\/diariotextual.com\/inicio\/?s={search_term_string}"},"query-input":{"@type":"PropertyValueSpecification","valueRequired":true,"valueName":"search_term_string"}}],"inLanguage":"es"},{"@type":"Organization","@id":"https:\/\/diariotextual.com\/inicio\/#organization","name":"Diario Textual","url":"https:\/\/diariotextual.com\/inicio\/","logo":{"@type":"ImageObject","inLanguage":"es","@id":"https:\/\/diariotextual.com\/inicio\/#\/schema\/logo\/image\/","url":"https:\/\/diariotextual.com\/inicio\/wp-content\/uploads\/2023\/05\/logotextual1.jpg","contentUrl":"https:\/\/diariotextual.com\/inicio\/wp-content\/uploads\/2023\/05\/logotextual1.jpg","width":516,"height":76,"caption":"Diario Textual"},"image":{"@id":"https:\/\/diariotextual.com\/inicio\/#\/schema\/logo\/image\/"},"sameAs":["https:\/\/www.facebook.com\/eltextual","https:\/\/x.com\/eltextual","http:\/\/www.instagram.com\/eltextual"]},{"@type":"Person","@id":"https:\/\/diariotextual.com\/inicio\/#\/schema\/person\/418fc4093c33e86ed41562db3508f958","name":"Diario1 Diario1","image":{"@type":"ImageObject","inLanguage":"es","@id":"https:\/\/secure.gravatar.com\/avatar\/9167d280179c85bc18be67aa7eda765854300033af4896dd779b608640f2ef7a?s=96&d=mm&r=g","url":"https:\/\/secure.gravatar.com\/avatar\/9167d280179c85bc18be67aa7eda765854300033af4896dd779b608640f2ef7a?s=96&d=mm&r=g","contentUrl":"https:\/\/secure.gravatar.com\/avatar\/9167d280179c85bc18be67aa7eda765854300033af4896dd779b608640f2ef7a?s=96&d=mm&r=g","caption":"Diario1 Diario1"},"url":"https:\/\/diariotextual.com\/inicio\/index.php\/author\/diario1\/"}]}},"_links":{"self":[{"href":"https:\/\/diariotextual.com\/inicio\/index.php\/wp-json\/wp\/v2\/posts\/230829","targetHints":{"allow":["GET"]}}],"collection":[{"href":"https:\/\/diariotextual.com\/inicio\/index.php\/wp-json\/wp\/v2\/posts"}],"about":[{"href":"https:\/\/diariotextual.com\/inicio\/index.php\/wp-json\/wp\/v2\/types\/post"}],"author":[{"embeddable":true,"href":"https:\/\/diariotextual.com\/inicio\/index.php\/wp-json\/wp\/v2\/users\/3"}],"replies":[{"embeddable":true,"href":"https:\/\/diariotextual.com\/inicio\/index.php\/wp-json\/wp\/v2\/comments?post=230829"}],"version-history":[{"count":6,"href":"https:\/\/diariotextual.com\/inicio\/index.php\/wp-json\/wp\/v2\/posts\/230829\/revisions"}],"predecessor-version":[{"id":230876,"href":"https:\/\/diariotextual.com\/inicio\/index.php\/wp-json\/wp\/v2\/posts\/230829\/revisions\/230876"}],"wp:featuredmedia":[{"embeddable":true,"href":"https:\/\/diariotextual.com\/inicio\/index.php\/wp-json\/wp\/v2\/media\/230871"}],"wp:attachment":[{"href":"https:\/\/diariotextual.com\/inicio\/index.php\/wp-json\/wp\/v2\/media?parent=230829"}],"wp:term":[{"taxonomy":"category","embeddable":true,"href":"https:\/\/diariotextual.com\/inicio\/index.php\/wp-json\/wp\/v2\/categories?post=230829"},{"taxonomy":"post_tag","embeddable":true,"href":"https:\/\/diariotextual.com\/inicio\/index.php\/wp-json\/wp\/v2\/tags?post=230829"}],"curies":[{"name":"wp","href":"https:\/\/api.w.org\/{rel}","templated":true}]}}