{"id":230844,"date":"2023-07-12T12:42:36","date_gmt":"2023-07-12T15:42:36","guid":{"rendered":"https:\/\/diariotextual.com\/inicio\/?p=230844"},"modified":"2023-07-12T19:39:11","modified_gmt":"2023-07-12T22:39:11","slug":"bensusan-cuando-se-trata-de-la-salud-de-las-familias-no-hay-lugar-para-mezquindades-electoralistas","status":"publish","type":"post","link":"https:\/\/diariotextual.com\/inicio\/index.php\/2023\/07\/12\/bensusan-cuando-se-trata-de-la-salud-de-las-familias-no-hay-lugar-para-mezquindades-electoralistas\/","title":{"rendered":"Bensus\u00e1n: \u201cCuando se trata de la salud de las familias no hay lugar para mezquindades electoralistas\u201d"},"content":{"rendered":"\n<p>En la sesi\u00f3n que comenzar\u00eda el mediod\u00eda del mi\u00e9rcoles, el Senado de la Naci\u00f3n no pudo transformar en ley importantes proyectos del \u00e1rea de la salud a falta de qu\u00f3rum. Entre ellos se encontraban el Programa de Pubertad Precoz (PPP), que buscaba garantizar el acceso a la detecci\u00f3n, diagn\u00f3stico y tratamiento integral para el abordaje de esta afecci\u00f3n en ni\u00f1as y ni\u00f1os de Argentina; y la inclusi\u00f3n a la ley de Parto Respetado del procedimiento m\u00e9dico para la atenci\u00f3n de mujeres y personas gestantes frente a la muerte perinatal.<\/p>\n\n\n\n<p>\u201cLa aprobaci\u00f3n de estas iniciativas eran extremadamente necesarias. Son fundamentales el bienestar, tanto en la salud f\u00edsica como mental, de los ni\u00f1os, ni\u00f1as y adolescentes que se ven afectados por esta condici\u00f3n, no pueden seguir esperando\u201d, dijo el senador Daniel Bensus\u00e1n.<\/p>\n\n\n\n<p>\u201cNo es la primera vez que la oposici\u00f3n no se presenta para tratar necesidades urgentes de la sociedad. Un claro ejemplo es cuando quisimos aprobar por primera vez la Ley Lucio y tuvimos que bajar la sesi\u00f3n por la misma actitud, o cuando quisimos tratar la Ley del VIH. Hablamos de la salud de las familias argentinas, y este no es momento para mezquindades electoralistas\u201d, a\u00f1adi\u00f3.<\/p>\n\n\n\n<p>El Programa de Pubertad Precoz buscaba, no s\u00f3lo asegurar el acceso gratuito al diagn\u00f3stico, la asistencia integral y la provisi\u00f3n de la medicaci\u00f3n requerida, de todas las ni\u00f1as y ni\u00f1os que padezcan PP en el territorio de la Rep\u00fablica Argentina; sino que tambi\u00e9n crear un registro \u00fanico de diagn\u00f3stico y tratamiento, y capacitar al personal de la salud para el debido abordaje de la afecci\u00f3n.&nbsp;<\/p>\n\n\n\n<p>Bensus\u00e1n reconoci\u00f3 el esfuerzo de las miles de familias que han luchado incansablemente para demandar pol\u00edticas que aborden la falta de respuesta por parte de las obras sociales y las empresas de medicina prepaga y que hoy no van a poder llevarse una alegr\u00eda a sus hogares. \u201cEste proyecto surgi\u00f3 como resultado de la persistente batalla de estas familias unidas que han buscado soluciones concretas para mejorar la calidad de vida de sus hijos\u00bb, afirm\u00f3.<\/p>\n\n\n\n<p>Adem\u00e1s de la no aprobaci\u00f3n del Programa de Pubertad Precoz, el Senador mencion\u00f3 otra ley importante que tampoco pudo ser concretada en la misma sesi\u00f3n, la cual modificar\u00eda la Ley 25.929 (parto respetado) incluyendo las muertes gestacionales y perinatales en los protocolos de atenci\u00f3n. Esto demuestra el no compromiso en mejorar la atenci\u00f3n m\u00e9dica en diversas \u00e1reas y garantizar el respeto y cuidado de las mujeres y personas gestantes.<\/p>\n\n\n\n<p>El objetivo de la ley era dotar a las\/los profesionales de la salud que intervienen en el momento del parto, de los procedimientos de actuaci\u00f3n que brinden una correcta contenci\u00f3n y atenci\u00f3n a las mujeres, personas gestantes y familias que sufren una muerte perinatal. \u201cEs de car\u00e1cter humano que las familias puedan atravesar y aceptar la p\u00e9rdida en un ambiente de contenci\u00f3n y cuidado\u201d, expres\u00f3.<\/p>\n\n\n\n<p>El \u00faltimo de los proyectos no aprobados en el \u00e1rea de la salud es el que propon\u00eda promover la disponibilidad de sal adicionada con fl\u00faor y as\u00ed colaborar en la salud bucal de aquellas poblaciones donde el agua tenga bajo contenido de fl\u00faor. \u201cEst\u00e1 reconocido por la Organizaci\u00f3n Mundial de la Salud que la buena salud bucal incide de manera positiva en la calidad de vida de la poblaci\u00f3n, por eso, pese a que es un orgullo para m\u00ed decir que La Pampa, proveedora de la mitad de la oferta nacional de sal, es una de las provincias en las cuales ya existe una Ley de fluoraci\u00f3n, es una pena que las dem\u00e1s provincias de la Argentina no cuenten con la suerte\u201d, asegur\u00f3 Bensus\u00e1n.<\/p>\n","protected":false},"excerpt":{"rendered":"<p>En la sesi\u00f3n que comenzar\u00eda el mediod\u00eda del mi\u00e9rcoles, el Senado de la Naci\u00f3n no pudo transformar en ley importantes proyectos del \u00e1rea de la salud a falta de qu\u00f3rum.&hellip;<\/p>\n","protected":false},"author":3,"featured_media":230846,"comment_status":"closed","ping_status":"open","sticky":false,"template":"","format":"standard","meta":{"_acf_changed":false,"footnotes":""},"categories":[1,11,8],"tags":[],"class_list":["post-230844","post","type-post","status-publish","format-standard","has-post-thumbnail","hentry","category-es-noticia","category-que-pasa","category-politica"],"acf":[],"yoast_head":"<!-- This site is optimized with the Yoast SEO plugin v27.5 - https:\/\/yoast.com\/product\/yoast-seo-wordpress\/ -->\n<title>Bensus\u00e1n: \u201cCuando se trata de la salud de las familias no hay lugar para mezquindades electoralistas\u201d - Diario Textual<\/title>\n<meta name=\"robots\" content=\"index, follow, max-snippet:-1, max-image-preview:large, max-video-preview:-1\" \/>\n<link rel=\"canonical\" href=\"https:\/\/diariotextual.com\/inicio\/index.php\/2023\/07\/12\/bensusan-cuando-se-trata-de-la-salud-de-las-familias-no-hay-lugar-para-mezquindades-electoralistas\/\" \/>\n<meta property=\"og:locale\" content=\"es_ES\" \/>\n<meta property=\"og:type\" content=\"article\" \/>\n<meta property=\"og:title\" content=\"Bensus\u00e1n: \u201cCuando se trata de la salud de las familias no hay lugar para mezquindades electoralistas\u201d - Diario Textual\" \/>\n<meta property=\"og:description\" content=\"En la sesi\u00f3n que comenzar\u00eda el mediod\u00eda del mi\u00e9rcoles, el Senado de la Naci\u00f3n no pudo transformar en ley importantes proyectos del \u00e1rea de la salud a falta de qu\u00f3rum.&hellip;\" \/>\n<meta property=\"og:url\" content=\"https:\/\/diariotextual.com\/inicio\/index.php\/2023\/07\/12\/bensusan-cuando-se-trata-de-la-salud-de-las-familias-no-hay-lugar-para-mezquindades-electoralistas\/\" \/>\n<meta property=\"og:site_name\" content=\"Diario Textual\" \/>\n<meta property=\"article:publisher\" content=\"https:\/\/www.facebook.com\/eltextual\" \/>\n<meta property=\"article:published_time\" content=\"2023-07-12T15:42:36+00:00\" \/>\n<meta property=\"article:modified_time\" content=\"2023-07-12T22:39:11+00:00\" \/>\n<meta property=\"og:image\" content=\"https:\/\/diariotextual.com\/inicio\/wp-content\/uploads\/2023\/07\/bensusanpablo2023-90001.jpeg\" \/>\n\t<meta property=\"og:image:width\" content=\"940\" \/>\n\t<meta property=\"og:image:height\" content=\"606\" \/>\n\t<meta property=\"og:image:type\" content=\"image\/jpeg\" \/>\n<meta name=\"author\" content=\"Diario1 Diario1\" \/>\n<meta name=\"twitter:card\" content=\"summary_large_image\" \/>\n<meta name=\"twitter:creator\" content=\"@eltextual\" \/>\n<meta name=\"twitter:site\" content=\"@eltextual\" \/>\n<meta name=\"twitter:label1\" content=\"Escrito por\" \/>\n\t<meta name=\"twitter:data1\" content=\"Diario1 Diario1\" \/>\n\t<meta name=\"twitter:label2\" content=\"Tiempo de lectura\" \/>\n\t<meta name=\"twitter:data2\" content=\"3 minutos\" \/>\n<script type=\"application\/ld+json\" class=\"yoast-schema-graph\">{\"@context\":\"https:\\\/\\\/schema.org\",\"@graph\":[{\"@type\":\"Article\",\"@id\":\"https:\\\/\\\/diariotextual.com\\\/inicio\\\/index.php\\\/2023\\\/07\\\/12\\\/bensusan-cuando-se-trata-de-la-salud-de-las-familias-no-hay-lugar-para-mezquindades-electoralistas\\\/#article\",\"isPartOf\":{\"@id\":\"https:\\\/\\\/diariotextual.com\\\/inicio\\\/index.php\\\/2023\\\/07\\\/12\\\/bensusan-cuando-se-trata-de-la-salud-de-las-familias-no-hay-lugar-para-mezquindades-electoralistas\\\/\"},\"author\":{\"name\":\"Diario1 Diario1\",\"@id\":\"https:\\\/\\\/diariotextual.com\\\/inicio\\\/#\\\/schema\\\/person\\\/418fc4093c33e86ed41562db3508f958\"},\"headline\":\"Bensus\u00e1n: \u201cCuando se trata de la salud de las familias no hay lugar para mezquindades electoralistas\u201d\",\"datePublished\":\"2023-07-12T15:42:36+00:00\",\"dateModified\":\"2023-07-12T22:39:11+00:00\",\"mainEntityOfPage\":{\"@id\":\"https:\\\/\\\/diariotextual.com\\\/inicio\\\/index.php\\\/2023\\\/07\\\/12\\\/bensusan-cuando-se-trata-de-la-salud-de-las-familias-no-hay-lugar-para-mezquindades-electoralistas\\\/\"},\"wordCount\":669,\"publisher\":{\"@id\":\"https:\\\/\\\/diariotextual.com\\\/inicio\\\/#organization\"},\"image\":{\"@id\":\"https:\\\/\\\/diariotextual.com\\\/inicio\\\/index.php\\\/2023\\\/07\\\/12\\\/bensusan-cuando-se-trata-de-la-salud-de-las-familias-no-hay-lugar-para-mezquindades-electoralistas\\\/#primaryimage\"},\"thumbnailUrl\":\"https:\\\/\\\/diariotextual.com\\\/inicio\\\/wp-content\\\/uploads\\\/2023\\\/07\\\/bensusanpablo2023-90001.jpeg\",\"articleSection\":[\"A - ES NOTICIA (van abajo)\",\"A - QUE PASA (al costado)\",\"POLITICA\"],\"inLanguage\":\"es\"},{\"@type\":\"WebPage\",\"@id\":\"https:\\\/\\\/diariotextual.com\\\/inicio\\\/index.php\\\/2023\\\/07\\\/12\\\/bensusan-cuando-se-trata-de-la-salud-de-las-familias-no-hay-lugar-para-mezquindades-electoralistas\\\/\",\"url\":\"https:\\\/\\\/diariotextual.com\\\/inicio\\\/index.php\\\/2023\\\/07\\\/12\\\/bensusan-cuando-se-trata-de-la-salud-de-las-familias-no-hay-lugar-para-mezquindades-electoralistas\\\/\",\"name\":\"Bensus\u00e1n: \u201cCuando se trata de la salud de las familias no hay lugar para mezquindades electoralistas\u201d - Diario Textual\",\"isPartOf\":{\"@id\":\"https:\\\/\\\/diariotextual.com\\\/inicio\\\/#website\"},\"primaryImageOfPage\":{\"@id\":\"https:\\\/\\\/diariotextual.com\\\/inicio\\\/index.php\\\/2023\\\/07\\\/12\\\/bensusan-cuando-se-trata-de-la-salud-de-las-familias-no-hay-lugar-para-mezquindades-electoralistas\\\/#primaryimage\"},\"image\":{\"@id\":\"https:\\\/\\\/diariotextual.com\\\/inicio\\\/index.php\\\/2023\\\/07\\\/12\\\/bensusan-cuando-se-trata-de-la-salud-de-las-familias-no-hay-lugar-para-mezquindades-electoralistas\\\/#primaryimage\"},\"thumbnailUrl\":\"https:\\\/\\\/diariotextual.com\\\/inicio\\\/wp-content\\\/uploads\\\/2023\\\/07\\\/bensusanpablo2023-90001.jpeg\",\"datePublished\":\"2023-07-12T15:42:36+00:00\",\"dateModified\":\"2023-07-12T22:39:11+00:00\",\"breadcrumb\":{\"@id\":\"https:\\\/\\\/diariotextual.com\\\/inicio\\\/index.php\\\/2023\\\/07\\\/12\\\/bensusan-cuando-se-trata-de-la-salud-de-las-familias-no-hay-lugar-para-mezquindades-electoralistas\\\/#breadcrumb\"},\"inLanguage\":\"es\",\"potentialAction\":[{\"@type\":\"ReadAction\",\"target\":[\"https:\\\/\\\/diariotextual.com\\\/inicio\\\/index.php\\\/2023\\\/07\\\/12\\\/bensusan-cuando-se-trata-de-la-salud-de-las-familias-no-hay-lugar-para-mezquindades-electoralistas\\\/\"]}]},{\"@type\":\"ImageObject\",\"inLanguage\":\"es\",\"@id\":\"https:\\\/\\\/diariotextual.com\\\/inicio\\\/index.php\\\/2023\\\/07\\\/12\\\/bensusan-cuando-se-trata-de-la-salud-de-las-familias-no-hay-lugar-para-mezquindades-electoralistas\\\/#primaryimage\",\"url\":\"https:\\\/\\\/diariotextual.com\\\/inicio\\\/wp-content\\\/uploads\\\/2023\\\/07\\\/bensusanpablo2023-90001.jpeg\",\"contentUrl\":\"https:\\\/\\\/diariotextual.com\\\/inicio\\\/wp-content\\\/uploads\\\/2023\\\/07\\\/bensusanpablo2023-90001.jpeg\",\"width\":940,\"height\":606},{\"@type\":\"BreadcrumbList\",\"@id\":\"https:\\\/\\\/diariotextual.com\\\/inicio\\\/index.php\\\/2023\\\/07\\\/12\\\/bensusan-cuando-se-trata-de-la-salud-de-las-familias-no-hay-lugar-para-mezquindades-electoralistas\\\/#breadcrumb\",\"itemListElement\":[{\"@type\":\"ListItem\",\"position\":1,\"name\":\"Portada\",\"item\":\"https:\\\/\\\/diariotextual.com\\\/inicio\\\/\"},{\"@type\":\"ListItem\",\"position\":2,\"name\":\"Bensus\u00e1n: \u201cCuando se trata de la salud de las familias no hay lugar para mezquindades electoralistas\u201d\"}]},{\"@type\":\"WebSite\",\"@id\":\"https:\\\/\\\/diariotextual.com\\\/inicio\\\/#website\",\"url\":\"https:\\\/\\\/diariotextual.com\\\/inicio\\\/\",\"name\":\"Diario Textual\",\"description\":\"\",\"publisher\":{\"@id\":\"https:\\\/\\\/diariotextual.com\\\/inicio\\\/#organization\"},\"potentialAction\":[{\"@type\":\"SearchAction\",\"target\":{\"@type\":\"EntryPoint\",\"urlTemplate\":\"https:\\\/\\\/diariotextual.com\\\/inicio\\\/?s={search_term_string}\"},\"query-input\":{\"@type\":\"PropertyValueSpecification\",\"valueRequired\":true,\"valueName\":\"search_term_string\"}}],\"inLanguage\":\"es\"},{\"@type\":\"Organization\",\"@id\":\"https:\\\/\\\/diariotextual.com\\\/inicio\\\/#organization\",\"name\":\"Diario Textual\",\"url\":\"https:\\\/\\\/diariotextual.com\\\/inicio\\\/\",\"logo\":{\"@type\":\"ImageObject\",\"inLanguage\":\"es\",\"@id\":\"https:\\\/\\\/diariotextual.com\\\/inicio\\\/#\\\/schema\\\/logo\\\/image\\\/\",\"url\":\"https:\\\/\\\/diariotextual.com\\\/inicio\\\/wp-content\\\/uploads\\\/2023\\\/05\\\/logotextual1.jpg\",\"contentUrl\":\"https:\\\/\\\/diariotextual.com\\\/inicio\\\/wp-content\\\/uploads\\\/2023\\\/05\\\/logotextual1.jpg\",\"width\":516,\"height\":76,\"caption\":\"Diario Textual\"},\"image\":{\"@id\":\"https:\\\/\\\/diariotextual.com\\\/inicio\\\/#\\\/schema\\\/logo\\\/image\\\/\"},\"sameAs\":[\"https:\\\/\\\/www.facebook.com\\\/eltextual\",\"https:\\\/\\\/x.com\\\/eltextual\",\"http:\\\/\\\/www.instagram.com\\\/eltextual\"]},{\"@type\":\"Person\",\"@id\":\"https:\\\/\\\/diariotextual.com\\\/inicio\\\/#\\\/schema\\\/person\\\/418fc4093c33e86ed41562db3508f958\",\"name\":\"Diario1 Diario1\",\"image\":{\"@type\":\"ImageObject\",\"inLanguage\":\"es\",\"@id\":\"https:\\\/\\\/secure.gravatar.com\\\/avatar\\\/9167d280179c85bc18be67aa7eda765854300033af4896dd779b608640f2ef7a?s=96&d=mm&r=g\",\"url\":\"https:\\\/\\\/secure.gravatar.com\\\/avatar\\\/9167d280179c85bc18be67aa7eda765854300033af4896dd779b608640f2ef7a?s=96&d=mm&r=g\",\"contentUrl\":\"https:\\\/\\\/secure.gravatar.com\\\/avatar\\\/9167d280179c85bc18be67aa7eda765854300033af4896dd779b608640f2ef7a?s=96&d=mm&r=g\",\"caption\":\"Diario1 Diario1\"},\"url\":\"https:\\\/\\\/diariotextual.com\\\/inicio\\\/index.php\\\/author\\\/diario1\\\/\"}]}<\/script>\n<!-- \/ Yoast SEO plugin. -->","yoast_head_json":{"title":"Bensus\u00e1n: \u201cCuando se trata de la salud de las familias no hay lugar para mezquindades electoralistas\u201d - Diario Textual","robots":{"index":"index","follow":"follow","max-snippet":"max-snippet:-1","max-image-preview":"max-image-preview:large","max-video-preview":"max-video-preview:-1"},"canonical":"https:\/\/diariotextual.com\/inicio\/index.php\/2023\/07\/12\/bensusan-cuando-se-trata-de-la-salud-de-las-familias-no-hay-lugar-para-mezquindades-electoralistas\/","og_locale":"es_ES","og_type":"article","og_title":"Bensus\u00e1n: \u201cCuando se trata de la salud de las familias no hay lugar para mezquindades electoralistas\u201d - Diario Textual","og_description":"En la sesi\u00f3n que comenzar\u00eda el mediod\u00eda del mi\u00e9rcoles, el Senado de la Naci\u00f3n no pudo transformar en ley importantes proyectos del \u00e1rea de la salud a falta de qu\u00f3rum.&hellip;","og_url":"https:\/\/diariotextual.com\/inicio\/index.php\/2023\/07\/12\/bensusan-cuando-se-trata-de-la-salud-de-las-familias-no-hay-lugar-para-mezquindades-electoralistas\/","og_site_name":"Diario Textual","article_publisher":"https:\/\/www.facebook.com\/eltextual","article_published_time":"2023-07-12T15:42:36+00:00","article_modified_time":"2023-07-12T22:39:11+00:00","og_image":[{"width":940,"height":606,"url":"https:\/\/diariotextual.com\/inicio\/wp-content\/uploads\/2023\/07\/bensusanpablo2023-90001.jpeg","type":"image\/jpeg"}],"author":"Diario1 Diario1","twitter_card":"summary_large_image","twitter_creator":"@eltextual","twitter_site":"@eltextual","twitter_misc":{"Escrito por":"Diario1 Diario1","Tiempo de lectura":"3 minutos"},"schema":{"@context":"https:\/\/schema.org","@graph":[{"@type":"Article","@id":"https:\/\/diariotextual.com\/inicio\/index.php\/2023\/07\/12\/bensusan-cuando-se-trata-de-la-salud-de-las-familias-no-hay-lugar-para-mezquindades-electoralistas\/#article","isPartOf":{"@id":"https:\/\/diariotextual.com\/inicio\/index.php\/2023\/07\/12\/bensusan-cuando-se-trata-de-la-salud-de-las-familias-no-hay-lugar-para-mezquindades-electoralistas\/"},"author":{"name":"Diario1 Diario1","@id":"https:\/\/diariotextual.com\/inicio\/#\/schema\/person\/418fc4093c33e86ed41562db3508f958"},"headline":"Bensus\u00e1n: \u201cCuando se trata de la salud de las familias no hay lugar para mezquindades electoralistas\u201d","datePublished":"2023-07-12T15:42:36+00:00","dateModified":"2023-07-12T22:39:11+00:00","mainEntityOfPage":{"@id":"https:\/\/diariotextual.com\/inicio\/index.php\/2023\/07\/12\/bensusan-cuando-se-trata-de-la-salud-de-las-familias-no-hay-lugar-para-mezquindades-electoralistas\/"},"wordCount":669,"publisher":{"@id":"https:\/\/diariotextual.com\/inicio\/#organization"},"image":{"@id":"https:\/\/diariotextual.com\/inicio\/index.php\/2023\/07\/12\/bensusan-cuando-se-trata-de-la-salud-de-las-familias-no-hay-lugar-para-mezquindades-electoralistas\/#primaryimage"},"thumbnailUrl":"https:\/\/diariotextual.com\/inicio\/wp-content\/uploads\/2023\/07\/bensusanpablo2023-90001.jpeg","articleSection":["A - ES NOTICIA (van abajo)","A - QUE PASA (al costado)","POLITICA"],"inLanguage":"es"},{"@type":"WebPage","@id":"https:\/\/diariotextual.com\/inicio\/index.php\/2023\/07\/12\/bensusan-cuando-se-trata-de-la-salud-de-las-familias-no-hay-lugar-para-mezquindades-electoralistas\/","url":"https:\/\/diariotextual.com\/inicio\/index.php\/2023\/07\/12\/bensusan-cuando-se-trata-de-la-salud-de-las-familias-no-hay-lugar-para-mezquindades-electoralistas\/","name":"Bensus\u00e1n: \u201cCuando se trata de la salud de las familias no hay lugar para mezquindades electoralistas\u201d - Diario Textual","isPartOf":{"@id":"https:\/\/diariotextual.com\/inicio\/#website"},"primaryImageOfPage":{"@id":"https:\/\/diariotextual.com\/inicio\/index.php\/2023\/07\/12\/bensusan-cuando-se-trata-de-la-salud-de-las-familias-no-hay-lugar-para-mezquindades-electoralistas\/#primaryimage"},"image":{"@id":"https:\/\/diariotextual.com\/inicio\/index.php\/2023\/07\/12\/bensusan-cuando-se-trata-de-la-salud-de-las-familias-no-hay-lugar-para-mezquindades-electoralistas\/#primaryimage"},"thumbnailUrl":"https:\/\/diariotextual.com\/inicio\/wp-content\/uploads\/2023\/07\/bensusanpablo2023-90001.jpeg","datePublished":"2023-07-12T15:42:36+00:00","dateModified":"2023-07-12T22:39:11+00:00","breadcrumb":{"@id":"https:\/\/diariotextual.com\/inicio\/index.php\/2023\/07\/12\/bensusan-cuando-se-trata-de-la-salud-de-las-familias-no-hay-lugar-para-mezquindades-electoralistas\/#breadcrumb"},"inLanguage":"es","potentialAction":[{"@type":"ReadAction","target":["https:\/\/diariotextual.com\/inicio\/index.php\/2023\/07\/12\/bensusan-cuando-se-trata-de-la-salud-de-las-familias-no-hay-lugar-para-mezquindades-electoralistas\/"]}]},{"@type":"ImageObject","inLanguage":"es","@id":"https:\/\/diariotextual.com\/inicio\/index.php\/2023\/07\/12\/bensusan-cuando-se-trata-de-la-salud-de-las-familias-no-hay-lugar-para-mezquindades-electoralistas\/#primaryimage","url":"https:\/\/diariotextual.com\/inicio\/wp-content\/uploads\/2023\/07\/bensusanpablo2023-90001.jpeg","contentUrl":"https:\/\/diariotextual.com\/inicio\/wp-content\/uploads\/2023\/07\/bensusanpablo2023-90001.jpeg","width":940,"height":606},{"@type":"BreadcrumbList","@id":"https:\/\/diariotextual.com\/inicio\/index.php\/2023\/07\/12\/bensusan-cuando-se-trata-de-la-salud-de-las-familias-no-hay-lugar-para-mezquindades-electoralistas\/#breadcrumb","itemListElement":[{"@type":"ListItem","position":1,"name":"Portada","item":"https:\/\/diariotextual.com\/inicio\/"},{"@type":"ListItem","position":2,"name":"Bensus\u00e1n: \u201cCuando se trata de la salud de las familias no hay lugar para mezquindades electoralistas\u201d"}]},{"@type":"WebSite","@id":"https:\/\/diariotextual.com\/inicio\/#website","url":"https:\/\/diariotextual.com\/inicio\/","name":"Diario Textual","description":"","publisher":{"@id":"https:\/\/diariotextual.com\/inicio\/#organization"},"potentialAction":[{"@type":"SearchAction","target":{"@type":"EntryPoint","urlTemplate":"https:\/\/diariotextual.com\/inicio\/?s={search_term_string}"},"query-input":{"@type":"PropertyValueSpecification","valueRequired":true,"valueName":"search_term_string"}}],"inLanguage":"es"},{"@type":"Organization","@id":"https:\/\/diariotextual.com\/inicio\/#organization","name":"Diario Textual","url":"https:\/\/diariotextual.com\/inicio\/","logo":{"@type":"ImageObject","inLanguage":"es","@id":"https:\/\/diariotextual.com\/inicio\/#\/schema\/logo\/image\/","url":"https:\/\/diariotextual.com\/inicio\/wp-content\/uploads\/2023\/05\/logotextual1.jpg","contentUrl":"https:\/\/diariotextual.com\/inicio\/wp-content\/uploads\/2023\/05\/logotextual1.jpg","width":516,"height":76,"caption":"Diario Textual"},"image":{"@id":"https:\/\/diariotextual.com\/inicio\/#\/schema\/logo\/image\/"},"sameAs":["https:\/\/www.facebook.com\/eltextual","https:\/\/x.com\/eltextual","http:\/\/www.instagram.com\/eltextual"]},{"@type":"Person","@id":"https:\/\/diariotextual.com\/inicio\/#\/schema\/person\/418fc4093c33e86ed41562db3508f958","name":"Diario1 Diario1","image":{"@type":"ImageObject","inLanguage":"es","@id":"https:\/\/secure.gravatar.com\/avatar\/9167d280179c85bc18be67aa7eda765854300033af4896dd779b608640f2ef7a?s=96&d=mm&r=g","url":"https:\/\/secure.gravatar.com\/avatar\/9167d280179c85bc18be67aa7eda765854300033af4896dd779b608640f2ef7a?s=96&d=mm&r=g","contentUrl":"https:\/\/secure.gravatar.com\/avatar\/9167d280179c85bc18be67aa7eda765854300033af4896dd779b608640f2ef7a?s=96&d=mm&r=g","caption":"Diario1 Diario1"},"url":"https:\/\/diariotextual.com\/inicio\/index.php\/author\/diario1\/"}]}},"_links":{"self":[{"href":"https:\/\/diariotextual.com\/inicio\/index.php\/wp-json\/wp\/v2\/posts\/230844","targetHints":{"allow":["GET"]}}],"collection":[{"href":"https:\/\/diariotextual.com\/inicio\/index.php\/wp-json\/wp\/v2\/posts"}],"about":[{"href":"https:\/\/diariotextual.com\/inicio\/index.php\/wp-json\/wp\/v2\/types\/post"}],"author":[{"embeddable":true,"href":"https:\/\/diariotextual.com\/inicio\/index.php\/wp-json\/wp\/v2\/users\/3"}],"replies":[{"embeddable":true,"href":"https:\/\/diariotextual.com\/inicio\/index.php\/wp-json\/wp\/v2\/comments?post=230844"}],"version-history":[{"count":1,"href":"https:\/\/diariotextual.com\/inicio\/index.php\/wp-json\/wp\/v2\/posts\/230844\/revisions"}],"predecessor-version":[{"id":230845,"href":"https:\/\/diariotextual.com\/inicio\/index.php\/wp-json\/wp\/v2\/posts\/230844\/revisions\/230845"}],"wp:featuredmedia":[{"embeddable":true,"href":"https:\/\/diariotextual.com\/inicio\/index.php\/wp-json\/wp\/v2\/media\/230846"}],"wp:attachment":[{"href":"https:\/\/diariotextual.com\/inicio\/index.php\/wp-json\/wp\/v2\/media?parent=230844"}],"wp:term":[{"taxonomy":"category","embeddable":true,"href":"https:\/\/diariotextual.com\/inicio\/index.php\/wp-json\/wp\/v2\/categories?post=230844"},{"taxonomy":"post_tag","embeddable":true,"href":"https:\/\/diariotextual.com\/inicio\/index.php\/wp-json\/wp\/v2\/tags?post=230844"}],"curies":[{"name":"wp","href":"https:\/\/api.w.org\/{rel}","templated":true}]}}