{"id":230879,"date":"2023-07-12T17:28:08","date_gmt":"2023-07-12T20:28:08","guid":{"rendered":"https:\/\/diariotextual.com\/inicio\/?p=230879"},"modified":"2023-07-13T08:48:37","modified_gmt":"2023-07-13T11:48:37","slug":"nacion-premio-un-proyecto-de-sanidad-elaborado-en-catrilo","status":"publish","type":"post","link":"https:\/\/diariotextual.com\/inicio\/index.php\/2023\/07\/12\/nacion-premio-un-proyecto-de-sanidad-elaborado-en-catrilo\/","title":{"rendered":"Naci\u00f3n premi\u00f3 un proyecto de sanidad elaborado en Catril\u00f3"},"content":{"rendered":"\n<p><strong>Un proyecto de cloacas de Catril\u00f3 recibi\u00f3 el primer Premio Nacional a la Participaci\u00f3n y el Control Ciudadano en la Obra P\u00fablica<\/strong>, otorgado por el observatorio de Obras P\u00fabicas de la Naci\u00f3n. La obra en cuesti\u00f3n, a punto de iniciarse, consiste en un sistema de desag\u00fces cloacales, planta de tratamiento y laboratorio de an\u00e1lisis. El jefe comunal <strong>Ricardo Delfino recibi\u00f3 la premiaci\u00f3n este martes, de manos de autoridades nacionales.<\/strong><\/p>\n\n\n\n<p>El funcionario coment\u00f3 que se trata de un proyecto que tiene muchos a\u00f1os de espera, reflejado en un trabajo que denominaron Plan Base de Desarrollo Local y Ordenamiento Territorial Catril\u00f3 2030. La iniciativa reuni\u00f3 a todas las fuerzas vivas de la localidad (escuelas, clubes, polic\u00eda, bomberos, etc\u00e9tera) y junto a profesionales, estudiantes y habitantes planificaron el desarrollo urbano de Catril\u00f3.<\/p>\n\n\n\n<p>Se llevaron a cabo mesas de trabajo en las que se definieron obras y una de las destacadas fue, justamente, el proyecto reconocido en la v\u00edspera. \u201cLa participaci\u00f3n activa de vecinos y vecinas, junto al trabajo mancomunado de naci\u00f3n, provincia y municipio, hicieron que esta obra de m\u00e1s de 1.700 millones de pesos se una realidad en mi querido pueblo de Catril\u00f3\u201d, indic\u00f3 Delfino.<\/p>\n\n\n\n<p>\u201cFue una gran satisfacci\u00f3n porque es la primera edici\u00f3n de estos premios. Y que haya resultado Catril\u00f3 seleccionado es un logro personal, como intendente, pero tambi\u00e9n un orgullo para nuestra comunidad\u201d, acot\u00f3 el mandatario, consultado por Diario Textual.<\/p>\n\n\n\n<p>La participaci\u00f3n de vecinos y vecinas porque fue \u201cmuy importante\u201d para el proyecto a tal punto que a solicitud de ellos se modific\u00f3 la ubicaci\u00f3n de la planta de tratamiento, otro de los aspectos determinantes fue el impacto ambiental, donde luego de una audiencia p\u00fablica en la que fueron invitadas unas 120 personas destacadas y abierta a la comunidad en general, se logr\u00f3 la aprobaci\u00f3n de la Evaluaci\u00f3n de Impacto Ambiental (EIA).<\/p>\n\n\n\n<figure class=\"wp-block-image size-full\"><img fetchpriority=\"high\" decoding=\"async\" width=\"1000\" height=\"636\" src=\"https:\/\/diariotextual.com\/inicio\/wp-content\/uploads\/2023\/07\/delfinopremiocatrilo56general.jpg\" alt=\"\" class=\"wp-image-230880\" srcset=\"https:\/\/diariotextual.com\/inicio\/wp-content\/uploads\/2023\/07\/delfinopremiocatrilo56general.jpg 1000w, https:\/\/diariotextual.com\/inicio\/wp-content\/uploads\/2023\/07\/delfinopremiocatrilo56general-300x191.jpg 300w, https:\/\/diariotextual.com\/inicio\/wp-content\/uploads\/2023\/07\/delfinopremiocatrilo56general-768x488.jpg 768w, https:\/\/diariotextual.com\/inicio\/wp-content\/uploads\/2023\/07\/delfinopremiocatrilo56general-585x372.jpg 585w\" sizes=\"(max-width: 1000px) 100vw, 1000px\" \/><\/figure>\n","protected":false},"excerpt":{"rendered":"<p>Un proyecto de cloacas de Catril\u00f3 recibi\u00f3 el primer Premio Nacional a la Participaci\u00f3n y el Control Ciudadano en la Obra P\u00fablica, otorgado por el observatorio de Obras P\u00fabicas de&hellip;<\/p>\n","protected":false},"author":4,"featured_media":230881,"comment_status":"closed","ping_status":"open","sticky":false,"template":"","format":"standard","meta":{"_acf_changed":false,"footnotes":""},"categories":[1,12],"tags":[],"class_list":["post-230879","post","type-post","status-publish","format-standard","has-post-thumbnail","hentry","category-es-noticia","category-sociedad"],"acf":[],"yoast_head":"<!-- This site is optimized with the Yoast SEO plugin v27.5 - https:\/\/yoast.com\/product\/yoast-seo-wordpress\/ -->\n<title>Naci\u00f3n premi\u00f3 un proyecto de sanidad elaborado en Catril\u00f3 - Diario Textual<\/title>\n<meta name=\"robots\" content=\"index, follow, max-snippet:-1, max-image-preview:large, max-video-preview:-1\" \/>\n<link rel=\"canonical\" href=\"https:\/\/diariotextual.com\/inicio\/index.php\/2023\/07\/12\/nacion-premio-un-proyecto-de-sanidad-elaborado-en-catrilo\/\" \/>\n<meta property=\"og:locale\" content=\"es_ES\" \/>\n<meta property=\"og:type\" content=\"article\" \/>\n<meta property=\"og:title\" content=\"Naci\u00f3n premi\u00f3 un proyecto de sanidad elaborado en Catril\u00f3 - Diario Textual\" \/>\n<meta property=\"og:description\" content=\"Un proyecto de cloacas de Catril\u00f3 recibi\u00f3 el primer Premio Nacional a la Participaci\u00f3n y el Control Ciudadano en la Obra P\u00fablica, otorgado por el observatorio de Obras P\u00fabicas de&hellip;\" \/>\n<meta property=\"og:url\" content=\"https:\/\/diariotextual.com\/inicio\/index.php\/2023\/07\/12\/nacion-premio-un-proyecto-de-sanidad-elaborado-en-catrilo\/\" \/>\n<meta property=\"og:site_name\" content=\"Diario Textual\" \/>\n<meta property=\"article:publisher\" content=\"https:\/\/www.facebook.com\/eltextual\" \/>\n<meta property=\"article:published_time\" content=\"2023-07-12T20:28:08+00:00\" \/>\n<meta property=\"article:modified_time\" content=\"2023-07-13T11:48:37+00:00\" \/>\n<meta property=\"og:image\" content=\"https:\/\/diariotextual.com\/inicio\/wp-content\/uploads\/2023\/07\/delfinopremiocatrilo56soo.jpg\" \/>\n\t<meta property=\"og:image:width\" content=\"1000\" \/>\n\t<meta property=\"og:image:height\" content=\"708\" \/>\n\t<meta property=\"og:image:type\" content=\"image\/jpeg\" \/>\n<meta name=\"author\" content=\"diario2\" \/>\n<meta name=\"twitter:card\" content=\"summary_large_image\" \/>\n<meta name=\"twitter:creator\" content=\"@eltextual\" \/>\n<meta name=\"twitter:site\" content=\"@eltextual\" \/>\n<meta name=\"twitter:label1\" content=\"Escrito por\" \/>\n\t<meta name=\"twitter:data1\" content=\"diario2\" \/>\n\t<meta name=\"twitter:label2\" content=\"Tiempo de lectura\" \/>\n\t<meta name=\"twitter:data2\" content=\"2 minutos\" \/>\n<script type=\"application\/ld+json\" class=\"yoast-schema-graph\">{\"@context\":\"https:\\\/\\\/schema.org\",\"@graph\":[{\"@type\":\"Article\",\"@id\":\"https:\\\/\\\/diariotextual.com\\\/inicio\\\/index.php\\\/2023\\\/07\\\/12\\\/nacion-premio-un-proyecto-de-sanidad-elaborado-en-catrilo\\\/#article\",\"isPartOf\":{\"@id\":\"https:\\\/\\\/diariotextual.com\\\/inicio\\\/index.php\\\/2023\\\/07\\\/12\\\/nacion-premio-un-proyecto-de-sanidad-elaborado-en-catrilo\\\/\"},\"author\":{\"name\":\"diario2\",\"@id\":\"https:\\\/\\\/diariotextual.com\\\/inicio\\\/#\\\/schema\\\/person\\\/694f60677f23c4a530867a98f22b3768\"},\"headline\":\"Naci\u00f3n premi\u00f3 un proyecto de sanidad elaborado en Catril\u00f3\",\"datePublished\":\"2023-07-12T20:28:08+00:00\",\"dateModified\":\"2023-07-13T11:48:37+00:00\",\"mainEntityOfPage\":{\"@id\":\"https:\\\/\\\/diariotextual.com\\\/inicio\\\/index.php\\\/2023\\\/07\\\/12\\\/nacion-premio-un-proyecto-de-sanidad-elaborado-en-catrilo\\\/\"},\"wordCount\":333,\"publisher\":{\"@id\":\"https:\\\/\\\/diariotextual.com\\\/inicio\\\/#organization\"},\"image\":{\"@id\":\"https:\\\/\\\/diariotextual.com\\\/inicio\\\/index.php\\\/2023\\\/07\\\/12\\\/nacion-premio-un-proyecto-de-sanidad-elaborado-en-catrilo\\\/#primaryimage\"},\"thumbnailUrl\":\"https:\\\/\\\/diariotextual.com\\\/inicio\\\/wp-content\\\/uploads\\\/2023\\\/07\\\/delfinopremiocatrilo56soo.jpg\",\"articleSection\":[\"A - ES NOTICIA (van abajo)\",\"SOCIEDAD\"],\"inLanguage\":\"es\"},{\"@type\":\"WebPage\",\"@id\":\"https:\\\/\\\/diariotextual.com\\\/inicio\\\/index.php\\\/2023\\\/07\\\/12\\\/nacion-premio-un-proyecto-de-sanidad-elaborado-en-catrilo\\\/\",\"url\":\"https:\\\/\\\/diariotextual.com\\\/inicio\\\/index.php\\\/2023\\\/07\\\/12\\\/nacion-premio-un-proyecto-de-sanidad-elaborado-en-catrilo\\\/\",\"name\":\"Naci\u00f3n premi\u00f3 un proyecto de sanidad elaborado en Catril\u00f3 - Diario Textual\",\"isPartOf\":{\"@id\":\"https:\\\/\\\/diariotextual.com\\\/inicio\\\/#website\"},\"primaryImageOfPage\":{\"@id\":\"https:\\\/\\\/diariotextual.com\\\/inicio\\\/index.php\\\/2023\\\/07\\\/12\\\/nacion-premio-un-proyecto-de-sanidad-elaborado-en-catrilo\\\/#primaryimage\"},\"image\":{\"@id\":\"https:\\\/\\\/diariotextual.com\\\/inicio\\\/index.php\\\/2023\\\/07\\\/12\\\/nacion-premio-un-proyecto-de-sanidad-elaborado-en-catrilo\\\/#primaryimage\"},\"thumbnailUrl\":\"https:\\\/\\\/diariotextual.com\\\/inicio\\\/wp-content\\\/uploads\\\/2023\\\/07\\\/delfinopremiocatrilo56soo.jpg\",\"datePublished\":\"2023-07-12T20:28:08+00:00\",\"dateModified\":\"2023-07-13T11:48:37+00:00\",\"breadcrumb\":{\"@id\":\"https:\\\/\\\/diariotextual.com\\\/inicio\\\/index.php\\\/2023\\\/07\\\/12\\\/nacion-premio-un-proyecto-de-sanidad-elaborado-en-catrilo\\\/#breadcrumb\"},\"inLanguage\":\"es\",\"potentialAction\":[{\"@type\":\"ReadAction\",\"target\":[\"https:\\\/\\\/diariotextual.com\\\/inicio\\\/index.php\\\/2023\\\/07\\\/12\\\/nacion-premio-un-proyecto-de-sanidad-elaborado-en-catrilo\\\/\"]}]},{\"@type\":\"ImageObject\",\"inLanguage\":\"es\",\"@id\":\"https:\\\/\\\/diariotextual.com\\\/inicio\\\/index.php\\\/2023\\\/07\\\/12\\\/nacion-premio-un-proyecto-de-sanidad-elaborado-en-catrilo\\\/#primaryimage\",\"url\":\"https:\\\/\\\/diariotextual.com\\\/inicio\\\/wp-content\\\/uploads\\\/2023\\\/07\\\/delfinopremiocatrilo56soo.jpg\",\"contentUrl\":\"https:\\\/\\\/diariotextual.com\\\/inicio\\\/wp-content\\\/uploads\\\/2023\\\/07\\\/delfinopremiocatrilo56soo.jpg\",\"width\":1000,\"height\":708},{\"@type\":\"BreadcrumbList\",\"@id\":\"https:\\\/\\\/diariotextual.com\\\/inicio\\\/index.php\\\/2023\\\/07\\\/12\\\/nacion-premio-un-proyecto-de-sanidad-elaborado-en-catrilo\\\/#breadcrumb\",\"itemListElement\":[{\"@type\":\"ListItem\",\"position\":1,\"name\":\"Portada\",\"item\":\"https:\\\/\\\/diariotextual.com\\\/inicio\\\/\"},{\"@type\":\"ListItem\",\"position\":2,\"name\":\"Naci\u00f3n premi\u00f3 un proyecto de sanidad elaborado en Catril\u00f3\"}]},{\"@type\":\"WebSite\",\"@id\":\"https:\\\/\\\/diariotextual.com\\\/inicio\\\/#website\",\"url\":\"https:\\\/\\\/diariotextual.com\\\/inicio\\\/\",\"name\":\"Diario Textual\",\"description\":\"\",\"publisher\":{\"@id\":\"https:\\\/\\\/diariotextual.com\\\/inicio\\\/#organization\"},\"potentialAction\":[{\"@type\":\"SearchAction\",\"target\":{\"@type\":\"EntryPoint\",\"urlTemplate\":\"https:\\\/\\\/diariotextual.com\\\/inicio\\\/?s={search_term_string}\"},\"query-input\":{\"@type\":\"PropertyValueSpecification\",\"valueRequired\":true,\"valueName\":\"search_term_string\"}}],\"inLanguage\":\"es\"},{\"@type\":\"Organization\",\"@id\":\"https:\\\/\\\/diariotextual.com\\\/inicio\\\/#organization\",\"name\":\"Diario Textual\",\"url\":\"https:\\\/\\\/diariotextual.com\\\/inicio\\\/\",\"logo\":{\"@type\":\"ImageObject\",\"inLanguage\":\"es\",\"@id\":\"https:\\\/\\\/diariotextual.com\\\/inicio\\\/#\\\/schema\\\/logo\\\/image\\\/\",\"url\":\"https:\\\/\\\/diariotextual.com\\\/inicio\\\/wp-content\\\/uploads\\\/2023\\\/05\\\/logotextual1.jpg\",\"contentUrl\":\"https:\\\/\\\/diariotextual.com\\\/inicio\\\/wp-content\\\/uploads\\\/2023\\\/05\\\/logotextual1.jpg\",\"width\":516,\"height\":76,\"caption\":\"Diario Textual\"},\"image\":{\"@id\":\"https:\\\/\\\/diariotextual.com\\\/inicio\\\/#\\\/schema\\\/logo\\\/image\\\/\"},\"sameAs\":[\"https:\\\/\\\/www.facebook.com\\\/eltextual\",\"https:\\\/\\\/x.com\\\/eltextual\",\"http:\\\/\\\/www.instagram.com\\\/eltextual\"]},{\"@type\":\"Person\",\"@id\":\"https:\\\/\\\/diariotextual.com\\\/inicio\\\/#\\\/schema\\\/person\\\/694f60677f23c4a530867a98f22b3768\",\"name\":\"diario2\",\"image\":{\"@type\":\"ImageObject\",\"inLanguage\":\"es\",\"@id\":\"https:\\\/\\\/secure.gravatar.com\\\/avatar\\\/5a2567495ba16b852fcd8f1ed006a2e24fcace936018ed8237e95f488ad6e0a7?s=96&d=mm&r=g\",\"url\":\"https:\\\/\\\/secure.gravatar.com\\\/avatar\\\/5a2567495ba16b852fcd8f1ed006a2e24fcace936018ed8237e95f488ad6e0a7?s=96&d=mm&r=g\",\"contentUrl\":\"https:\\\/\\\/secure.gravatar.com\\\/avatar\\\/5a2567495ba16b852fcd8f1ed006a2e24fcace936018ed8237e95f488ad6e0a7?s=96&d=mm&r=g\",\"caption\":\"diario2\"},\"url\":\"https:\\\/\\\/diariotextual.com\\\/inicio\\\/index.php\\\/author\\\/diario2\\\/\"}]}<\/script>\n<!-- \/ Yoast SEO plugin. -->","yoast_head_json":{"title":"Naci\u00f3n premi\u00f3 un proyecto de sanidad elaborado en Catril\u00f3 - Diario Textual","robots":{"index":"index","follow":"follow","max-snippet":"max-snippet:-1","max-image-preview":"max-image-preview:large","max-video-preview":"max-video-preview:-1"},"canonical":"https:\/\/diariotextual.com\/inicio\/index.php\/2023\/07\/12\/nacion-premio-un-proyecto-de-sanidad-elaborado-en-catrilo\/","og_locale":"es_ES","og_type":"article","og_title":"Naci\u00f3n premi\u00f3 un proyecto de sanidad elaborado en Catril\u00f3 - Diario Textual","og_description":"Un proyecto de cloacas de Catril\u00f3 recibi\u00f3 el primer Premio Nacional a la Participaci\u00f3n y el Control Ciudadano en la Obra P\u00fablica, otorgado por el observatorio de Obras P\u00fabicas de&hellip;","og_url":"https:\/\/diariotextual.com\/inicio\/index.php\/2023\/07\/12\/nacion-premio-un-proyecto-de-sanidad-elaborado-en-catrilo\/","og_site_name":"Diario Textual","article_publisher":"https:\/\/www.facebook.com\/eltextual","article_published_time":"2023-07-12T20:28:08+00:00","article_modified_time":"2023-07-13T11:48:37+00:00","og_image":[{"width":1000,"height":708,"url":"https:\/\/diariotextual.com\/inicio\/wp-content\/uploads\/2023\/07\/delfinopremiocatrilo56soo.jpg","type":"image\/jpeg"}],"author":"diario2","twitter_card":"summary_large_image","twitter_creator":"@eltextual","twitter_site":"@eltextual","twitter_misc":{"Escrito por":"diario2","Tiempo de lectura":"2 minutos"},"schema":{"@context":"https:\/\/schema.org","@graph":[{"@type":"Article","@id":"https:\/\/diariotextual.com\/inicio\/index.php\/2023\/07\/12\/nacion-premio-un-proyecto-de-sanidad-elaborado-en-catrilo\/#article","isPartOf":{"@id":"https:\/\/diariotextual.com\/inicio\/index.php\/2023\/07\/12\/nacion-premio-un-proyecto-de-sanidad-elaborado-en-catrilo\/"},"author":{"name":"diario2","@id":"https:\/\/diariotextual.com\/inicio\/#\/schema\/person\/694f60677f23c4a530867a98f22b3768"},"headline":"Naci\u00f3n premi\u00f3 un proyecto de sanidad elaborado en Catril\u00f3","datePublished":"2023-07-12T20:28:08+00:00","dateModified":"2023-07-13T11:48:37+00:00","mainEntityOfPage":{"@id":"https:\/\/diariotextual.com\/inicio\/index.php\/2023\/07\/12\/nacion-premio-un-proyecto-de-sanidad-elaborado-en-catrilo\/"},"wordCount":333,"publisher":{"@id":"https:\/\/diariotextual.com\/inicio\/#organization"},"image":{"@id":"https:\/\/diariotextual.com\/inicio\/index.php\/2023\/07\/12\/nacion-premio-un-proyecto-de-sanidad-elaborado-en-catrilo\/#primaryimage"},"thumbnailUrl":"https:\/\/diariotextual.com\/inicio\/wp-content\/uploads\/2023\/07\/delfinopremiocatrilo56soo.jpg","articleSection":["A - ES NOTICIA (van abajo)","SOCIEDAD"],"inLanguage":"es"},{"@type":"WebPage","@id":"https:\/\/diariotextual.com\/inicio\/index.php\/2023\/07\/12\/nacion-premio-un-proyecto-de-sanidad-elaborado-en-catrilo\/","url":"https:\/\/diariotextual.com\/inicio\/index.php\/2023\/07\/12\/nacion-premio-un-proyecto-de-sanidad-elaborado-en-catrilo\/","name":"Naci\u00f3n premi\u00f3 un proyecto de sanidad elaborado en Catril\u00f3 - Diario Textual","isPartOf":{"@id":"https:\/\/diariotextual.com\/inicio\/#website"},"primaryImageOfPage":{"@id":"https:\/\/diariotextual.com\/inicio\/index.php\/2023\/07\/12\/nacion-premio-un-proyecto-de-sanidad-elaborado-en-catrilo\/#primaryimage"},"image":{"@id":"https:\/\/diariotextual.com\/inicio\/index.php\/2023\/07\/12\/nacion-premio-un-proyecto-de-sanidad-elaborado-en-catrilo\/#primaryimage"},"thumbnailUrl":"https:\/\/diariotextual.com\/inicio\/wp-content\/uploads\/2023\/07\/delfinopremiocatrilo56soo.jpg","datePublished":"2023-07-12T20:28:08+00:00","dateModified":"2023-07-13T11:48:37+00:00","breadcrumb":{"@id":"https:\/\/diariotextual.com\/inicio\/index.php\/2023\/07\/12\/nacion-premio-un-proyecto-de-sanidad-elaborado-en-catrilo\/#breadcrumb"},"inLanguage":"es","potentialAction":[{"@type":"ReadAction","target":["https:\/\/diariotextual.com\/inicio\/index.php\/2023\/07\/12\/nacion-premio-un-proyecto-de-sanidad-elaborado-en-catrilo\/"]}]},{"@type":"ImageObject","inLanguage":"es","@id":"https:\/\/diariotextual.com\/inicio\/index.php\/2023\/07\/12\/nacion-premio-un-proyecto-de-sanidad-elaborado-en-catrilo\/#primaryimage","url":"https:\/\/diariotextual.com\/inicio\/wp-content\/uploads\/2023\/07\/delfinopremiocatrilo56soo.jpg","contentUrl":"https:\/\/diariotextual.com\/inicio\/wp-content\/uploads\/2023\/07\/delfinopremiocatrilo56soo.jpg","width":1000,"height":708},{"@type":"BreadcrumbList","@id":"https:\/\/diariotextual.com\/inicio\/index.php\/2023\/07\/12\/nacion-premio-un-proyecto-de-sanidad-elaborado-en-catrilo\/#breadcrumb","itemListElement":[{"@type":"ListItem","position":1,"name":"Portada","item":"https:\/\/diariotextual.com\/inicio\/"},{"@type":"ListItem","position":2,"name":"Naci\u00f3n premi\u00f3 un proyecto de sanidad elaborado en Catril\u00f3"}]},{"@type":"WebSite","@id":"https:\/\/diariotextual.com\/inicio\/#website","url":"https:\/\/diariotextual.com\/inicio\/","name":"Diario Textual","description":"","publisher":{"@id":"https:\/\/diariotextual.com\/inicio\/#organization"},"potentialAction":[{"@type":"SearchAction","target":{"@type":"EntryPoint","urlTemplate":"https:\/\/diariotextual.com\/inicio\/?s={search_term_string}"},"query-input":{"@type":"PropertyValueSpecification","valueRequired":true,"valueName":"search_term_string"}}],"inLanguage":"es"},{"@type":"Organization","@id":"https:\/\/diariotextual.com\/inicio\/#organization","name":"Diario Textual","url":"https:\/\/diariotextual.com\/inicio\/","logo":{"@type":"ImageObject","inLanguage":"es","@id":"https:\/\/diariotextual.com\/inicio\/#\/schema\/logo\/image\/","url":"https:\/\/diariotextual.com\/inicio\/wp-content\/uploads\/2023\/05\/logotextual1.jpg","contentUrl":"https:\/\/diariotextual.com\/inicio\/wp-content\/uploads\/2023\/05\/logotextual1.jpg","width":516,"height":76,"caption":"Diario Textual"},"image":{"@id":"https:\/\/diariotextual.com\/inicio\/#\/schema\/logo\/image\/"},"sameAs":["https:\/\/www.facebook.com\/eltextual","https:\/\/x.com\/eltextual","http:\/\/www.instagram.com\/eltextual"]},{"@type":"Person","@id":"https:\/\/diariotextual.com\/inicio\/#\/schema\/person\/694f60677f23c4a530867a98f22b3768","name":"diario2","image":{"@type":"ImageObject","inLanguage":"es","@id":"https:\/\/secure.gravatar.com\/avatar\/5a2567495ba16b852fcd8f1ed006a2e24fcace936018ed8237e95f488ad6e0a7?s=96&d=mm&r=g","url":"https:\/\/secure.gravatar.com\/avatar\/5a2567495ba16b852fcd8f1ed006a2e24fcace936018ed8237e95f488ad6e0a7?s=96&d=mm&r=g","contentUrl":"https:\/\/secure.gravatar.com\/avatar\/5a2567495ba16b852fcd8f1ed006a2e24fcace936018ed8237e95f488ad6e0a7?s=96&d=mm&r=g","caption":"diario2"},"url":"https:\/\/diariotextual.com\/inicio\/index.php\/author\/diario2\/"}]}},"_links":{"self":[{"href":"https:\/\/diariotextual.com\/inicio\/index.php\/wp-json\/wp\/v2\/posts\/230879","targetHints":{"allow":["GET"]}}],"collection":[{"href":"https:\/\/diariotextual.com\/inicio\/index.php\/wp-json\/wp\/v2\/posts"}],"about":[{"href":"https:\/\/diariotextual.com\/inicio\/index.php\/wp-json\/wp\/v2\/types\/post"}],"author":[{"embeddable":true,"href":"https:\/\/diariotextual.com\/inicio\/index.php\/wp-json\/wp\/v2\/users\/4"}],"replies":[{"embeddable":true,"href":"https:\/\/diariotextual.com\/inicio\/index.php\/wp-json\/wp\/v2\/comments?post=230879"}],"version-history":[{"count":1,"href":"https:\/\/diariotextual.com\/inicio\/index.php\/wp-json\/wp\/v2\/posts\/230879\/revisions"}],"predecessor-version":[{"id":230882,"href":"https:\/\/diariotextual.com\/inicio\/index.php\/wp-json\/wp\/v2\/posts\/230879\/revisions\/230882"}],"wp:featuredmedia":[{"embeddable":true,"href":"https:\/\/diariotextual.com\/inicio\/index.php\/wp-json\/wp\/v2\/media\/230881"}],"wp:attachment":[{"href":"https:\/\/diariotextual.com\/inicio\/index.php\/wp-json\/wp\/v2\/media?parent=230879"}],"wp:term":[{"taxonomy":"category","embeddable":true,"href":"https:\/\/diariotextual.com\/inicio\/index.php\/wp-json\/wp\/v2\/categories?post=230879"},{"taxonomy":"post_tag","embeddable":true,"href":"https:\/\/diariotextual.com\/inicio\/index.php\/wp-json\/wp\/v2\/tags?post=230879"}],"curies":[{"name":"wp","href":"https:\/\/api.w.org\/{rel}","templated":true}]}}