{"id":230888,"date":"2023-07-12T18:30:18","date_gmt":"2023-07-12T21:30:18","guid":{"rendered":"https:\/\/diariotextual.com\/inicio\/?p=230888"},"modified":"2023-07-12T18:30:19","modified_gmt":"2023-07-12T21:30:19","slug":"presentan-libro-en-el-dia-de-los-dd-hh-en-la-pampa","status":"publish","type":"post","link":"https:\/\/diariotextual.com\/inicio\/index.php\/2023\/07\/12\/presentan-libro-en-el-dia-de-los-dd-hh-en-la-pampa\/","title":{"rendered":"Presentan libro en el d\u00eda de los DD.HH. en La Pampa"},"content":{"rendered":"\n<p>El pr\u00f3ximo <strong>viernes 14 de julio, en el marco del D\u00eda de los Derechos Humanos en La Pampa, se presentar\u00e1 en la Legislatura el libro \u201cGenocidio y Dictadura. Caso La Pampa (1974-2021)\u201d de la docente Nilda \u201cPaty\u201d<\/strong> <strong>Redondo<\/strong> y el Conversatorio \u201cEducaci\u00f3n, Genocidio y Dictadura\u201d.<\/p>\n\n\n\n<p>La actividad organizada por la Subsecretar\u00eda de DD. HH. y la C\u00e1mara de Diputados, <strong>se realizar\u00e1 a las 10 horas y contar\u00e1 con la presencia de la autora junto al subsecretario de DDHH, Juan Pablo Fasce; el exrector de la UNLPam, Sergio Baudino; Graciela Bert\u00f3n, v\u00edctima y testigo del juicio de la Subzona 1.4; y el director de la Editorial Voces, Alberto Acosta.<\/strong> Tambi\u00e9n estar\u00e1 presente el ministro de Gobierno y Justicia, Ariel Rauschenberger, autoridades provinciales, legislativas y municipales.<\/p>\n\n\n\n<p>Luego, se dirigir\u00e1n hasta el<strong> Parque Provincial de la Memoria, ubicado en avenida Belgrano Sur e Illia,<\/strong> donde se exhibir\u00e1n parte de las placas que ser\u00e1n colocadas en el Sitio de la Memoria y que recuerdan a v\u00edctimas pampeanas del Terrorismo de Estado durante la d\u00e9cada de 1970 y la dictadura c\u00edvico militar.<\/p>\n\n\n\n<p>\u201cQueremos hablar sobre las consecuencias del Terrorismo de Estado en la educaci\u00f3n, y sobre todo en este d\u00eda que reflexionamos sobre lo que ocurri\u00f3 durante esos a\u00f1os oscuros en nuestra provincia. Reflexionar en estos momentos sobre la educaci\u00f3n de ese entonces, de persecuciones ideol\u00f3gicas y desfinanciaci\u00f3n del sistema y tambi\u00e9n sobre los debates presentes, porque la memoria tiene que estar presente cuando hoy escuchamos declaraciones p\u00fablicas de dirigentes pol\u00edticos que nos retrotraen a aquellas miradas\u201d, explic\u00f3 Juan Pablo Fasce.<\/p>\n\n\n\n<p>\u201cEl libro de Paty Redondo -continu\u00f3- refleja muy bien todo ese proceso en La Pampa y contamos con los testimonios de dos v\u00edctimas del accionar represivo, Sergio Baudino, que era estudiante de la UNLPam y cuyo testimonio est\u00e1 en el libro, y Graciela Bert\u00f3n, estudiante del colegio secundario de Jacinto Arauz en 1976 que sufri\u00f3 en carne propia la represi\u00f3n y su padre Samuel fue torturado y encarcelado\u201d.<\/p>\n\n\n\n<p>El D\u00eda de los DD.HH. en La Pampa recuerda los 14 de julio el copamiento de la localidad de Jacinto Arauz en 1976, cuando fuerzas militares y policiales irrumpieron para secuestrar y torturar a docentes del colegio secundario Jos\u00e9 Ingenieros, siendo tambi\u00e9n v\u00edctimas otros vecinos. Se trata del mayor hecho represivo ocurrido en el interior de la provincia.<\/p>\n","protected":false},"excerpt":{"rendered":"<p>El pr\u00f3ximo viernes 14 de julio, en el marco del D\u00eda de los Derechos Humanos en La Pampa, se presentar\u00e1 en la Legislatura el libro \u201cGenocidio y Dictadura. Caso La&hellip;<\/p>\n","protected":false},"author":5,"featured_media":220373,"comment_status":"closed","ping_status":"open","sticky":false,"template":"","format":"standard","meta":{"_acf_changed":false,"footnotes":""},"categories":[1,12],"tags":[182,255],"class_list":["post-230888","post","type-post","status-publish","format-standard","has-post-thumbnail","hentry","category-es-noticia","category-sociedad","tag-derechos-humanos","tag-dictadura"],"acf":[],"yoast_head":"<!-- This site is optimized with the Yoast SEO plugin v27.5 - https:\/\/yoast.com\/product\/yoast-seo-wordpress\/ -->\n<title>Presentan libro en el d\u00eda de los DD.HH. en La Pampa - Diario Textual<\/title>\n<meta name=\"robots\" content=\"index, follow, max-snippet:-1, max-image-preview:large, max-video-preview:-1\" \/>\n<link rel=\"canonical\" href=\"https:\/\/diariotextual.com\/inicio\/index.php\/2023\/07\/12\/presentan-libro-en-el-dia-de-los-dd-hh-en-la-pampa\/\" \/>\n<meta property=\"og:locale\" content=\"es_ES\" \/>\n<meta property=\"og:type\" content=\"article\" \/>\n<meta property=\"og:title\" content=\"Presentan libro en el d\u00eda de los DD.HH. en La Pampa - Diario Textual\" \/>\n<meta property=\"og:description\" content=\"El pr\u00f3ximo viernes 14 de julio, en el marco del D\u00eda de los Derechos Humanos en La Pampa, se presentar\u00e1 en la Legislatura el libro \u201cGenocidio y Dictadura. Caso La&hellip;\" \/>\n<meta property=\"og:url\" content=\"https:\/\/diariotextual.com\/inicio\/index.php\/2023\/07\/12\/presentan-libro-en-el-dia-de-los-dd-hh-en-la-pampa\/\" \/>\n<meta property=\"og:site_name\" content=\"Diario Textual\" \/>\n<meta property=\"article:publisher\" content=\"https:\/\/www.facebook.com\/eltextual\" \/>\n<meta property=\"article:published_time\" content=\"2023-07-12T21:30:18+00:00\" \/>\n<meta property=\"article:modified_time\" content=\"2023-07-12T21:30:19+00:00\" \/>\n<meta property=\"og:image\" content=\"https:\/\/diariotextual.com\/inicio\/wp-content\/uploads\/2023\/03\/nildaredondolibro46327.jpg\" \/>\n\t<meta property=\"og:image:width\" content=\"899\" \/>\n\t<meta property=\"og:image:height\" content=\"550\" \/>\n\t<meta property=\"og:image:type\" content=\"image\/jpeg\" \/>\n<meta name=\"author\" content=\"diario3\" \/>\n<meta name=\"twitter:card\" content=\"summary_large_image\" \/>\n<meta name=\"twitter:creator\" content=\"@eltextual\" \/>\n<meta name=\"twitter:site\" content=\"@eltextual\" \/>\n<meta name=\"twitter:label1\" content=\"Escrito por\" \/>\n\t<meta name=\"twitter:data1\" content=\"diario3\" \/>\n\t<meta name=\"twitter:label2\" content=\"Tiempo de lectura\" \/>\n\t<meta name=\"twitter:data2\" content=\"2 minutos\" \/>\n<script type=\"application\/ld+json\" class=\"yoast-schema-graph\">{\"@context\":\"https:\\\/\\\/schema.org\",\"@graph\":[{\"@type\":\"Article\",\"@id\":\"https:\\\/\\\/diariotextual.com\\\/inicio\\\/index.php\\\/2023\\\/07\\\/12\\\/presentan-libro-en-el-dia-de-los-dd-hh-en-la-pampa\\\/#article\",\"isPartOf\":{\"@id\":\"https:\\\/\\\/diariotextual.com\\\/inicio\\\/index.php\\\/2023\\\/07\\\/12\\\/presentan-libro-en-el-dia-de-los-dd-hh-en-la-pampa\\\/\"},\"author\":{\"name\":\"diario3\",\"@id\":\"https:\\\/\\\/diariotextual.com\\\/inicio\\\/#\\\/schema\\\/person\\\/a1b6f563e0ee944c60f98119389a4d9f\"},\"headline\":\"Presentan libro en el d\u00eda de los DD.HH. en La Pampa\",\"datePublished\":\"2023-07-12T21:30:18+00:00\",\"dateModified\":\"2023-07-12T21:30:19+00:00\",\"mainEntityOfPage\":{\"@id\":\"https:\\\/\\\/diariotextual.com\\\/inicio\\\/index.php\\\/2023\\\/07\\\/12\\\/presentan-libro-en-el-dia-de-los-dd-hh-en-la-pampa\\\/\"},\"wordCount\":419,\"publisher\":{\"@id\":\"https:\\\/\\\/diariotextual.com\\\/inicio\\\/#organization\"},\"image\":{\"@id\":\"https:\\\/\\\/diariotextual.com\\\/inicio\\\/index.php\\\/2023\\\/07\\\/12\\\/presentan-libro-en-el-dia-de-los-dd-hh-en-la-pampa\\\/#primaryimage\"},\"thumbnailUrl\":\"https:\\\/\\\/diariotextual.com\\\/inicio\\\/wp-content\\\/uploads\\\/2023\\\/03\\\/nildaredondolibro46327.jpg\",\"keywords\":[\"derechos humanos\",\"dictadura\"],\"articleSection\":[\"A - ES NOTICIA (van abajo)\",\"SOCIEDAD\"],\"inLanguage\":\"es\"},{\"@type\":\"WebPage\",\"@id\":\"https:\\\/\\\/diariotextual.com\\\/inicio\\\/index.php\\\/2023\\\/07\\\/12\\\/presentan-libro-en-el-dia-de-los-dd-hh-en-la-pampa\\\/\",\"url\":\"https:\\\/\\\/diariotextual.com\\\/inicio\\\/index.php\\\/2023\\\/07\\\/12\\\/presentan-libro-en-el-dia-de-los-dd-hh-en-la-pampa\\\/\",\"name\":\"Presentan libro en el d\u00eda de los DD.HH. en La Pampa - Diario Textual\",\"isPartOf\":{\"@id\":\"https:\\\/\\\/diariotextual.com\\\/inicio\\\/#website\"},\"primaryImageOfPage\":{\"@id\":\"https:\\\/\\\/diariotextual.com\\\/inicio\\\/index.php\\\/2023\\\/07\\\/12\\\/presentan-libro-en-el-dia-de-los-dd-hh-en-la-pampa\\\/#primaryimage\"},\"image\":{\"@id\":\"https:\\\/\\\/diariotextual.com\\\/inicio\\\/index.php\\\/2023\\\/07\\\/12\\\/presentan-libro-en-el-dia-de-los-dd-hh-en-la-pampa\\\/#primaryimage\"},\"thumbnailUrl\":\"https:\\\/\\\/diariotextual.com\\\/inicio\\\/wp-content\\\/uploads\\\/2023\\\/03\\\/nildaredondolibro46327.jpg\",\"datePublished\":\"2023-07-12T21:30:18+00:00\",\"dateModified\":\"2023-07-12T21:30:19+00:00\",\"breadcrumb\":{\"@id\":\"https:\\\/\\\/diariotextual.com\\\/inicio\\\/index.php\\\/2023\\\/07\\\/12\\\/presentan-libro-en-el-dia-de-los-dd-hh-en-la-pampa\\\/#breadcrumb\"},\"inLanguage\":\"es\",\"potentialAction\":[{\"@type\":\"ReadAction\",\"target\":[\"https:\\\/\\\/diariotextual.com\\\/inicio\\\/index.php\\\/2023\\\/07\\\/12\\\/presentan-libro-en-el-dia-de-los-dd-hh-en-la-pampa\\\/\"]}]},{\"@type\":\"ImageObject\",\"inLanguage\":\"es\",\"@id\":\"https:\\\/\\\/diariotextual.com\\\/inicio\\\/index.php\\\/2023\\\/07\\\/12\\\/presentan-libro-en-el-dia-de-los-dd-hh-en-la-pampa\\\/#primaryimage\",\"url\":\"https:\\\/\\\/diariotextual.com\\\/inicio\\\/wp-content\\\/uploads\\\/2023\\\/03\\\/nildaredondolibro46327.jpg\",\"contentUrl\":\"https:\\\/\\\/diariotextual.com\\\/inicio\\\/wp-content\\\/uploads\\\/2023\\\/03\\\/nildaredondolibro46327.jpg\",\"width\":899,\"height\":550},{\"@type\":\"BreadcrumbList\",\"@id\":\"https:\\\/\\\/diariotextual.com\\\/inicio\\\/index.php\\\/2023\\\/07\\\/12\\\/presentan-libro-en-el-dia-de-los-dd-hh-en-la-pampa\\\/#breadcrumb\",\"itemListElement\":[{\"@type\":\"ListItem\",\"position\":1,\"name\":\"Portada\",\"item\":\"https:\\\/\\\/diariotextual.com\\\/inicio\\\/\"},{\"@type\":\"ListItem\",\"position\":2,\"name\":\"Presentan libro en el d\u00eda de los DD.HH. en La Pampa\"}]},{\"@type\":\"WebSite\",\"@id\":\"https:\\\/\\\/diariotextual.com\\\/inicio\\\/#website\",\"url\":\"https:\\\/\\\/diariotextual.com\\\/inicio\\\/\",\"name\":\"Diario Textual\",\"description\":\"\",\"publisher\":{\"@id\":\"https:\\\/\\\/diariotextual.com\\\/inicio\\\/#organization\"},\"potentialAction\":[{\"@type\":\"SearchAction\",\"target\":{\"@type\":\"EntryPoint\",\"urlTemplate\":\"https:\\\/\\\/diariotextual.com\\\/inicio\\\/?s={search_term_string}\"},\"query-input\":{\"@type\":\"PropertyValueSpecification\",\"valueRequired\":true,\"valueName\":\"search_term_string\"}}],\"inLanguage\":\"es\"},{\"@type\":\"Organization\",\"@id\":\"https:\\\/\\\/diariotextual.com\\\/inicio\\\/#organization\",\"name\":\"Diario Textual\",\"url\":\"https:\\\/\\\/diariotextual.com\\\/inicio\\\/\",\"logo\":{\"@type\":\"ImageObject\",\"inLanguage\":\"es\",\"@id\":\"https:\\\/\\\/diariotextual.com\\\/inicio\\\/#\\\/schema\\\/logo\\\/image\\\/\",\"url\":\"https:\\\/\\\/diariotextual.com\\\/inicio\\\/wp-content\\\/uploads\\\/2023\\\/05\\\/logotextual1.jpg\",\"contentUrl\":\"https:\\\/\\\/diariotextual.com\\\/inicio\\\/wp-content\\\/uploads\\\/2023\\\/05\\\/logotextual1.jpg\",\"width\":516,\"height\":76,\"caption\":\"Diario Textual\"},\"image\":{\"@id\":\"https:\\\/\\\/diariotextual.com\\\/inicio\\\/#\\\/schema\\\/logo\\\/image\\\/\"},\"sameAs\":[\"https:\\\/\\\/www.facebook.com\\\/eltextual\",\"https:\\\/\\\/x.com\\\/eltextual\",\"http:\\\/\\\/www.instagram.com\\\/eltextual\"]},{\"@type\":\"Person\",\"@id\":\"https:\\\/\\\/diariotextual.com\\\/inicio\\\/#\\\/schema\\\/person\\\/a1b6f563e0ee944c60f98119389a4d9f\",\"name\":\"diario3\",\"image\":{\"@type\":\"ImageObject\",\"inLanguage\":\"es\",\"@id\":\"https:\\\/\\\/secure.gravatar.com\\\/avatar\\\/5e7ee62c82fc04d9dd79d746a390d93c69c43223e5faeeb3ea9461ef752bfc5d?s=96&d=mm&r=g\",\"url\":\"https:\\\/\\\/secure.gravatar.com\\\/avatar\\\/5e7ee62c82fc04d9dd79d746a390d93c69c43223e5faeeb3ea9461ef752bfc5d?s=96&d=mm&r=g\",\"contentUrl\":\"https:\\\/\\\/secure.gravatar.com\\\/avatar\\\/5e7ee62c82fc04d9dd79d746a390d93c69c43223e5faeeb3ea9461ef752bfc5d?s=96&d=mm&r=g\",\"caption\":\"diario3\"},\"url\":\"https:\\\/\\\/diariotextual.com\\\/inicio\\\/index.php\\\/author\\\/diario3\\\/\"}]}<\/script>\n<!-- \/ Yoast SEO plugin. -->","yoast_head_json":{"title":"Presentan libro en el d\u00eda de los DD.HH. en La Pampa - Diario Textual","robots":{"index":"index","follow":"follow","max-snippet":"max-snippet:-1","max-image-preview":"max-image-preview:large","max-video-preview":"max-video-preview:-1"},"canonical":"https:\/\/diariotextual.com\/inicio\/index.php\/2023\/07\/12\/presentan-libro-en-el-dia-de-los-dd-hh-en-la-pampa\/","og_locale":"es_ES","og_type":"article","og_title":"Presentan libro en el d\u00eda de los DD.HH. en La Pampa - Diario Textual","og_description":"El pr\u00f3ximo viernes 14 de julio, en el marco del D\u00eda de los Derechos Humanos en La Pampa, se presentar\u00e1 en la Legislatura el libro \u201cGenocidio y Dictadura. Caso La&hellip;","og_url":"https:\/\/diariotextual.com\/inicio\/index.php\/2023\/07\/12\/presentan-libro-en-el-dia-de-los-dd-hh-en-la-pampa\/","og_site_name":"Diario Textual","article_publisher":"https:\/\/www.facebook.com\/eltextual","article_published_time":"2023-07-12T21:30:18+00:00","article_modified_time":"2023-07-12T21:30:19+00:00","og_image":[{"width":899,"height":550,"url":"https:\/\/diariotextual.com\/inicio\/wp-content\/uploads\/2023\/03\/nildaredondolibro46327.jpg","type":"image\/jpeg"}],"author":"diario3","twitter_card":"summary_large_image","twitter_creator":"@eltextual","twitter_site":"@eltextual","twitter_misc":{"Escrito por":"diario3","Tiempo de lectura":"2 minutos"},"schema":{"@context":"https:\/\/schema.org","@graph":[{"@type":"Article","@id":"https:\/\/diariotextual.com\/inicio\/index.php\/2023\/07\/12\/presentan-libro-en-el-dia-de-los-dd-hh-en-la-pampa\/#article","isPartOf":{"@id":"https:\/\/diariotextual.com\/inicio\/index.php\/2023\/07\/12\/presentan-libro-en-el-dia-de-los-dd-hh-en-la-pampa\/"},"author":{"name":"diario3","@id":"https:\/\/diariotextual.com\/inicio\/#\/schema\/person\/a1b6f563e0ee944c60f98119389a4d9f"},"headline":"Presentan libro en el d\u00eda de los DD.HH. en La Pampa","datePublished":"2023-07-12T21:30:18+00:00","dateModified":"2023-07-12T21:30:19+00:00","mainEntityOfPage":{"@id":"https:\/\/diariotextual.com\/inicio\/index.php\/2023\/07\/12\/presentan-libro-en-el-dia-de-los-dd-hh-en-la-pampa\/"},"wordCount":419,"publisher":{"@id":"https:\/\/diariotextual.com\/inicio\/#organization"},"image":{"@id":"https:\/\/diariotextual.com\/inicio\/index.php\/2023\/07\/12\/presentan-libro-en-el-dia-de-los-dd-hh-en-la-pampa\/#primaryimage"},"thumbnailUrl":"https:\/\/diariotextual.com\/inicio\/wp-content\/uploads\/2023\/03\/nildaredondolibro46327.jpg","keywords":["derechos humanos","dictadura"],"articleSection":["A - ES NOTICIA (van abajo)","SOCIEDAD"],"inLanguage":"es"},{"@type":"WebPage","@id":"https:\/\/diariotextual.com\/inicio\/index.php\/2023\/07\/12\/presentan-libro-en-el-dia-de-los-dd-hh-en-la-pampa\/","url":"https:\/\/diariotextual.com\/inicio\/index.php\/2023\/07\/12\/presentan-libro-en-el-dia-de-los-dd-hh-en-la-pampa\/","name":"Presentan libro en el d\u00eda de los DD.HH. en La Pampa - Diario Textual","isPartOf":{"@id":"https:\/\/diariotextual.com\/inicio\/#website"},"primaryImageOfPage":{"@id":"https:\/\/diariotextual.com\/inicio\/index.php\/2023\/07\/12\/presentan-libro-en-el-dia-de-los-dd-hh-en-la-pampa\/#primaryimage"},"image":{"@id":"https:\/\/diariotextual.com\/inicio\/index.php\/2023\/07\/12\/presentan-libro-en-el-dia-de-los-dd-hh-en-la-pampa\/#primaryimage"},"thumbnailUrl":"https:\/\/diariotextual.com\/inicio\/wp-content\/uploads\/2023\/03\/nildaredondolibro46327.jpg","datePublished":"2023-07-12T21:30:18+00:00","dateModified":"2023-07-12T21:30:19+00:00","breadcrumb":{"@id":"https:\/\/diariotextual.com\/inicio\/index.php\/2023\/07\/12\/presentan-libro-en-el-dia-de-los-dd-hh-en-la-pampa\/#breadcrumb"},"inLanguage":"es","potentialAction":[{"@type":"ReadAction","target":["https:\/\/diariotextual.com\/inicio\/index.php\/2023\/07\/12\/presentan-libro-en-el-dia-de-los-dd-hh-en-la-pampa\/"]}]},{"@type":"ImageObject","inLanguage":"es","@id":"https:\/\/diariotextual.com\/inicio\/index.php\/2023\/07\/12\/presentan-libro-en-el-dia-de-los-dd-hh-en-la-pampa\/#primaryimage","url":"https:\/\/diariotextual.com\/inicio\/wp-content\/uploads\/2023\/03\/nildaredondolibro46327.jpg","contentUrl":"https:\/\/diariotextual.com\/inicio\/wp-content\/uploads\/2023\/03\/nildaredondolibro46327.jpg","width":899,"height":550},{"@type":"BreadcrumbList","@id":"https:\/\/diariotextual.com\/inicio\/index.php\/2023\/07\/12\/presentan-libro-en-el-dia-de-los-dd-hh-en-la-pampa\/#breadcrumb","itemListElement":[{"@type":"ListItem","position":1,"name":"Portada","item":"https:\/\/diariotextual.com\/inicio\/"},{"@type":"ListItem","position":2,"name":"Presentan libro en el d\u00eda de los DD.HH. en La Pampa"}]},{"@type":"WebSite","@id":"https:\/\/diariotextual.com\/inicio\/#website","url":"https:\/\/diariotextual.com\/inicio\/","name":"Diario Textual","description":"","publisher":{"@id":"https:\/\/diariotextual.com\/inicio\/#organization"},"potentialAction":[{"@type":"SearchAction","target":{"@type":"EntryPoint","urlTemplate":"https:\/\/diariotextual.com\/inicio\/?s={search_term_string}"},"query-input":{"@type":"PropertyValueSpecification","valueRequired":true,"valueName":"search_term_string"}}],"inLanguage":"es"},{"@type":"Organization","@id":"https:\/\/diariotextual.com\/inicio\/#organization","name":"Diario Textual","url":"https:\/\/diariotextual.com\/inicio\/","logo":{"@type":"ImageObject","inLanguage":"es","@id":"https:\/\/diariotextual.com\/inicio\/#\/schema\/logo\/image\/","url":"https:\/\/diariotextual.com\/inicio\/wp-content\/uploads\/2023\/05\/logotextual1.jpg","contentUrl":"https:\/\/diariotextual.com\/inicio\/wp-content\/uploads\/2023\/05\/logotextual1.jpg","width":516,"height":76,"caption":"Diario Textual"},"image":{"@id":"https:\/\/diariotextual.com\/inicio\/#\/schema\/logo\/image\/"},"sameAs":["https:\/\/www.facebook.com\/eltextual","https:\/\/x.com\/eltextual","http:\/\/www.instagram.com\/eltextual"]},{"@type":"Person","@id":"https:\/\/diariotextual.com\/inicio\/#\/schema\/person\/a1b6f563e0ee944c60f98119389a4d9f","name":"diario3","image":{"@type":"ImageObject","inLanguage":"es","@id":"https:\/\/secure.gravatar.com\/avatar\/5e7ee62c82fc04d9dd79d746a390d93c69c43223e5faeeb3ea9461ef752bfc5d?s=96&d=mm&r=g","url":"https:\/\/secure.gravatar.com\/avatar\/5e7ee62c82fc04d9dd79d746a390d93c69c43223e5faeeb3ea9461ef752bfc5d?s=96&d=mm&r=g","contentUrl":"https:\/\/secure.gravatar.com\/avatar\/5e7ee62c82fc04d9dd79d746a390d93c69c43223e5faeeb3ea9461ef752bfc5d?s=96&d=mm&r=g","caption":"diario3"},"url":"https:\/\/diariotextual.com\/inicio\/index.php\/author\/diario3\/"}]}},"_links":{"self":[{"href":"https:\/\/diariotextual.com\/inicio\/index.php\/wp-json\/wp\/v2\/posts\/230888","targetHints":{"allow":["GET"]}}],"collection":[{"href":"https:\/\/diariotextual.com\/inicio\/index.php\/wp-json\/wp\/v2\/posts"}],"about":[{"href":"https:\/\/diariotextual.com\/inicio\/index.php\/wp-json\/wp\/v2\/types\/post"}],"author":[{"embeddable":true,"href":"https:\/\/diariotextual.com\/inicio\/index.php\/wp-json\/wp\/v2\/users\/5"}],"replies":[{"embeddable":true,"href":"https:\/\/diariotextual.com\/inicio\/index.php\/wp-json\/wp\/v2\/comments?post=230888"}],"version-history":[{"count":1,"href":"https:\/\/diariotextual.com\/inicio\/index.php\/wp-json\/wp\/v2\/posts\/230888\/revisions"}],"predecessor-version":[{"id":230889,"href":"https:\/\/diariotextual.com\/inicio\/index.php\/wp-json\/wp\/v2\/posts\/230888\/revisions\/230889"}],"wp:featuredmedia":[{"embeddable":true,"href":"https:\/\/diariotextual.com\/inicio\/index.php\/wp-json\/wp\/v2\/media\/220373"}],"wp:attachment":[{"href":"https:\/\/diariotextual.com\/inicio\/index.php\/wp-json\/wp\/v2\/media?parent=230888"}],"wp:term":[{"taxonomy":"category","embeddable":true,"href":"https:\/\/diariotextual.com\/inicio\/index.php\/wp-json\/wp\/v2\/categories?post=230888"},{"taxonomy":"post_tag","embeddable":true,"href":"https:\/\/diariotextual.com\/inicio\/index.php\/wp-json\/wp\/v2\/tags?post=230888"}],"curies":[{"name":"wp","href":"https:\/\/api.w.org\/{rel}","templated":true}]}}