{"id":230895,"date":"2023-07-12T19:11:00","date_gmt":"2023-07-12T22:11:00","guid":{"rendered":"https:\/\/diariotextual.com\/inicio\/?p=230895"},"modified":"2023-07-13T16:54:05","modified_gmt":"2023-07-13T19:54:05","slug":"jose-feter-nueva-victima-pampeana-del-terrorismo-de-estado","status":"publish","type":"post","link":"https:\/\/diariotextual.com\/inicio\/index.php\/2023\/07\/12\/jose-feter-nueva-victima-pampeana-del-terrorismo-de-estado\/","title":{"rendered":"Jos\u00e9 Feter, nueva v\u00edctima pampeana del Terrorismo de Estado"},"content":{"rendered":"\n<p>El Gobierno de La Pampa, a trav\u00e9s de la Subsecretar\u00eda de Derechos Humanos, inform\u00f3 la<strong> incorporaci\u00f3n de una nueva v\u00edctima al Registro Oficial de V\u00edctimas Pampeanas del Terrorismo de Estado<\/strong>. Se trata de <strong>Jos\u00e9 Feter, nacido el 28 de julio de 1921 en Remec\u00f3, departamento de Guatrach\u00e9,\u00a0 secuestrado y desaparecido el 29 de julio de 1975 en San Miguel,<\/strong> provincia de Buenos Aires.<\/p>\n\n\n\n<p>El gobernador Sergio Ziliotto firmar\u00e1 el decreto en los pr\u00f3ximos d\u00edas en el marco del D\u00eda de los DDHH en La Pampa.<\/p>\n\n\n\n<p>La novedad fue confirmada a la Agencia Provincial de Noticias por el titular de la Subsecretar\u00eda, Juan Pablo Fasce, quien precis\u00f3: \u201cEl nuevo caso que se incorpora al listado de v\u00edctimas pampeanas del Terrorismo de Estado ocurridos en la d\u00e9cada de 1970 y durante la dictadura c\u00edvico militar figura en el <strong>Archivo Nacional de la Memoria luego que su hija realizara la denuncia para iniciar el legajo en 2017. Hasta el momento no se conoc\u00eda su caso en La Pamp<\/strong>a\u201d.<\/p>\n\n\n\n<figure class=\"wp-block-embed is-type-wp-embed is-provider-diario-textual wp-block-embed-diario-textual\"><div class=\"wp-block-embed__wrapper\">\n<blockquote class=\"wp-embedded-content\" data-secret=\"5T9RBKY42n\"><a href=\"https:\/\/diariotextual.com\/inicio\/index.php\/2023\/07\/12\/presentan-libro-en-el-dia-de-los-dd-hh-en-la-pampa\/\">Presentan libro en el d\u00eda de los DD.HH. en La Pampa<\/a><\/blockquote><iframe class=\"wp-embedded-content\" sandbox=\"allow-scripts\" security=\"restricted\" style=\"position: absolute; clip: rect(1px, 1px, 1px, 1px);\" title=\"\u00abPresentan libro en el d\u00eda de los DD.HH. en La Pampa\u00bb \u2014 Diario Textual\" src=\"https:\/\/diariotextual.com\/inicio\/index.php\/2023\/07\/12\/presentan-libro-en-el-dia-de-los-dd-hh-en-la-pampa\/embed\/#?secret=4A8XjDiInb#?secret=5T9RBKY42n\" data-secret=\"5T9RBKY42n\" width=\"600\" height=\"338\" frameborder=\"0\" marginwidth=\"0\" marginheight=\"0\" scrolling=\"no\"><\/iframe>\n<\/div><\/figure>\n\n\n\n<p>El subsecretario detall\u00f3 adem\u00e1s que de acuerdo al legajo abierto recientemente en la Subsecretar\u00eda de DDHH, <strong>Feter era de profesi\u00f3n metal\u00fargico y militaba en el peronismo en la corriente de izquierda del movimiento<\/strong>. Al momento de su desaparici\u00f3n estaba al frente de una Unidad B\u00e1sica en el partido de General Sarmiento (Buenos Aires).<\/p>\n\n\n\n<p>\u201cFeter viv\u00eda en calle Los Para\u00edsos y Paso de los Patos en la ciudad de Los Polvorines, partido de Malvinas Argentinas, Tortuguitas, y seg\u00fan los testimonios de su esposa y de su hija, <strong>en julio de 1975 hab\u00eda sido trasladado al Hospital Municipal \u2018Dr. Ra\u00fal F. Lacarde\u2019 de San Miguel <\/strong>por su amigo Alcides Roberto Sayago y fue<strong> internado por una dolencia en el abdomen. Ese mismo d\u00eda por la noche fue llevado del hospital por un grupo paramilitar, junto a otras personas<\/strong>\u201d, explic\u00f3 Fasce.<\/p>\n\n\n\n<p>\u201cAnte la <strong>falta de informaci\u00f3n sobre su paradero, al d\u00eda siguiente su esposa y su hija realizaron la denuncia en la Comisar\u00eda Primera de San Miguel<\/strong>. En su Legajo del Archivo Nacional de la Memoria consta que no se han hallado registros ni de su internaci\u00f3n ni del lugar donde habr\u00eda sido llevado, como as\u00ed tampoco de su lugar de detenci\u00f3n\u201d, concluy\u00f3.<\/p>\n","protected":false},"excerpt":{"rendered":"<p>El Gobierno de La Pampa, a trav\u00e9s de la Subsecretar\u00eda de Derechos Humanos, inform\u00f3 la incorporaci\u00f3n de una nueva v\u00edctima al Registro Oficial de V\u00edctimas Pampeanas del Terrorismo de Estado.&hellip;<\/p>\n","protected":false},"author":5,"featured_media":230896,"comment_status":"closed","ping_status":"open","sticky":false,"template":"","format":"standard","meta":{"_acf_changed":false,"footnotes":""},"categories":[11,12],"tags":[2401,7609,6745],"class_list":["post-230895","post","type-post","status-publish","format-standard","has-post-thumbnail","hentry","category-que-pasa","category-sociedad","tag-fasce","tag-feter","tag-terrorismo-de-estado"],"acf":[],"yoast_head":"<!-- This site is optimized with the Yoast SEO plugin v27.5 - https:\/\/yoast.com\/product\/yoast-seo-wordpress\/ -->\n<title>Jos\u00e9 Feter, nueva v\u00edctima pampeana del Terrorismo de Estado - Diario Textual<\/title>\n<meta name=\"robots\" content=\"index, follow, max-snippet:-1, max-image-preview:large, max-video-preview:-1\" \/>\n<link rel=\"canonical\" href=\"https:\/\/diariotextual.com\/inicio\/index.php\/2023\/07\/12\/jose-feter-nueva-victima-pampeana-del-terrorismo-de-estado\/\" \/>\n<meta property=\"og:locale\" content=\"es_ES\" \/>\n<meta property=\"og:type\" content=\"article\" \/>\n<meta property=\"og:title\" content=\"Jos\u00e9 Feter, nueva v\u00edctima pampeana del Terrorismo de Estado - Diario Textual\" \/>\n<meta property=\"og:description\" content=\"El Gobierno de La Pampa, a trav\u00e9s de la Subsecretar\u00eda de Derechos Humanos, inform\u00f3 la incorporaci\u00f3n de una nueva v\u00edctima al Registro Oficial de V\u00edctimas Pampeanas del Terrorismo de Estado.&hellip;\" \/>\n<meta property=\"og:url\" content=\"https:\/\/diariotextual.com\/inicio\/index.php\/2023\/07\/12\/jose-feter-nueva-victima-pampeana-del-terrorismo-de-estado\/\" \/>\n<meta property=\"og:site_name\" content=\"Diario Textual\" \/>\n<meta property=\"article:publisher\" content=\"https:\/\/www.facebook.com\/eltextual\" \/>\n<meta property=\"article:published_time\" content=\"2023-07-12T22:11:00+00:00\" \/>\n<meta property=\"article:modified_time\" content=\"2023-07-13T19:54:05+00:00\" \/>\n<meta property=\"og:image\" content=\"https:\/\/diariotextual.com\/inicio\/wp-content\/uploads\/2023\/07\/feterjosevictimadelterrorismodeestado.jpg\" \/>\n\t<meta property=\"og:image:width\" content=\"940\" \/>\n\t<meta property=\"og:image:height\" content=\"619\" \/>\n\t<meta property=\"og:image:type\" content=\"image\/jpeg\" \/>\n<meta name=\"author\" content=\"diario3\" \/>\n<meta name=\"twitter:card\" content=\"summary_large_image\" \/>\n<meta name=\"twitter:creator\" content=\"@eltextual\" \/>\n<meta name=\"twitter:site\" content=\"@eltextual\" \/>\n<meta name=\"twitter:label1\" content=\"Escrito por\" \/>\n\t<meta name=\"twitter:data1\" content=\"diario3\" \/>\n\t<meta name=\"twitter:label2\" content=\"Tiempo de lectura\" \/>\n\t<meta name=\"twitter:data2\" content=\"2 minutos\" \/>\n<script type=\"application\/ld+json\" class=\"yoast-schema-graph\">{\"@context\":\"https:\\\/\\\/schema.org\",\"@graph\":[{\"@type\":\"Article\",\"@id\":\"https:\\\/\\\/diariotextual.com\\\/inicio\\\/index.php\\\/2023\\\/07\\\/12\\\/jose-feter-nueva-victima-pampeana-del-terrorismo-de-estado\\\/#article\",\"isPartOf\":{\"@id\":\"https:\\\/\\\/diariotextual.com\\\/inicio\\\/index.php\\\/2023\\\/07\\\/12\\\/jose-feter-nueva-victima-pampeana-del-terrorismo-de-estado\\\/\"},\"author\":{\"name\":\"diario3\",\"@id\":\"https:\\\/\\\/diariotextual.com\\\/inicio\\\/#\\\/schema\\\/person\\\/a1b6f563e0ee944c60f98119389a4d9f\"},\"headline\":\"Jos\u00e9 Feter, nueva v\u00edctima pampeana del Terrorismo de Estado\",\"datePublished\":\"2023-07-12T22:11:00+00:00\",\"dateModified\":\"2023-07-13T19:54:05+00:00\",\"mainEntityOfPage\":{\"@id\":\"https:\\\/\\\/diariotextual.com\\\/inicio\\\/index.php\\\/2023\\\/07\\\/12\\\/jose-feter-nueva-victima-pampeana-del-terrorismo-de-estado\\\/\"},\"wordCount\":406,\"publisher\":{\"@id\":\"https:\\\/\\\/diariotextual.com\\\/inicio\\\/#organization\"},\"image\":{\"@id\":\"https:\\\/\\\/diariotextual.com\\\/inicio\\\/index.php\\\/2023\\\/07\\\/12\\\/jose-feter-nueva-victima-pampeana-del-terrorismo-de-estado\\\/#primaryimage\"},\"thumbnailUrl\":\"https:\\\/\\\/diariotextual.com\\\/inicio\\\/wp-content\\\/uploads\\\/2023\\\/07\\\/feterjosevictimadelterrorismodeestado.jpg\",\"keywords\":[\"fasce\",\"feter\",\"terrorismo de estado\"],\"articleSection\":[\"A - QUE PASA (al costado)\",\"SOCIEDAD\"],\"inLanguage\":\"es\"},{\"@type\":\"WebPage\",\"@id\":\"https:\\\/\\\/diariotextual.com\\\/inicio\\\/index.php\\\/2023\\\/07\\\/12\\\/jose-feter-nueva-victima-pampeana-del-terrorismo-de-estado\\\/\",\"url\":\"https:\\\/\\\/diariotextual.com\\\/inicio\\\/index.php\\\/2023\\\/07\\\/12\\\/jose-feter-nueva-victima-pampeana-del-terrorismo-de-estado\\\/\",\"name\":\"Jos\u00e9 Feter, nueva v\u00edctima pampeana del Terrorismo de Estado - Diario Textual\",\"isPartOf\":{\"@id\":\"https:\\\/\\\/diariotextual.com\\\/inicio\\\/#website\"},\"primaryImageOfPage\":{\"@id\":\"https:\\\/\\\/diariotextual.com\\\/inicio\\\/index.php\\\/2023\\\/07\\\/12\\\/jose-feter-nueva-victima-pampeana-del-terrorismo-de-estado\\\/#primaryimage\"},\"image\":{\"@id\":\"https:\\\/\\\/diariotextual.com\\\/inicio\\\/index.php\\\/2023\\\/07\\\/12\\\/jose-feter-nueva-victima-pampeana-del-terrorismo-de-estado\\\/#primaryimage\"},\"thumbnailUrl\":\"https:\\\/\\\/diariotextual.com\\\/inicio\\\/wp-content\\\/uploads\\\/2023\\\/07\\\/feterjosevictimadelterrorismodeestado.jpg\",\"datePublished\":\"2023-07-12T22:11:00+00:00\",\"dateModified\":\"2023-07-13T19:54:05+00:00\",\"breadcrumb\":{\"@id\":\"https:\\\/\\\/diariotextual.com\\\/inicio\\\/index.php\\\/2023\\\/07\\\/12\\\/jose-feter-nueva-victima-pampeana-del-terrorismo-de-estado\\\/#breadcrumb\"},\"inLanguage\":\"es\",\"potentialAction\":[{\"@type\":\"ReadAction\",\"target\":[\"https:\\\/\\\/diariotextual.com\\\/inicio\\\/index.php\\\/2023\\\/07\\\/12\\\/jose-feter-nueva-victima-pampeana-del-terrorismo-de-estado\\\/\"]}]},{\"@type\":\"ImageObject\",\"inLanguage\":\"es\",\"@id\":\"https:\\\/\\\/diariotextual.com\\\/inicio\\\/index.php\\\/2023\\\/07\\\/12\\\/jose-feter-nueva-victima-pampeana-del-terrorismo-de-estado\\\/#primaryimage\",\"url\":\"https:\\\/\\\/diariotextual.com\\\/inicio\\\/wp-content\\\/uploads\\\/2023\\\/07\\\/feterjosevictimadelterrorismodeestado.jpg\",\"contentUrl\":\"https:\\\/\\\/diariotextual.com\\\/inicio\\\/wp-content\\\/uploads\\\/2023\\\/07\\\/feterjosevictimadelterrorismodeestado.jpg\",\"width\":940,\"height\":619},{\"@type\":\"BreadcrumbList\",\"@id\":\"https:\\\/\\\/diariotextual.com\\\/inicio\\\/index.php\\\/2023\\\/07\\\/12\\\/jose-feter-nueva-victima-pampeana-del-terrorismo-de-estado\\\/#breadcrumb\",\"itemListElement\":[{\"@type\":\"ListItem\",\"position\":1,\"name\":\"Portada\",\"item\":\"https:\\\/\\\/diariotextual.com\\\/inicio\\\/\"},{\"@type\":\"ListItem\",\"position\":2,\"name\":\"Jos\u00e9 Feter, nueva v\u00edctima pampeana del Terrorismo de Estado\"}]},{\"@type\":\"WebSite\",\"@id\":\"https:\\\/\\\/diariotextual.com\\\/inicio\\\/#website\",\"url\":\"https:\\\/\\\/diariotextual.com\\\/inicio\\\/\",\"name\":\"Diario Textual\",\"description\":\"\",\"publisher\":{\"@id\":\"https:\\\/\\\/diariotextual.com\\\/inicio\\\/#organization\"},\"potentialAction\":[{\"@type\":\"SearchAction\",\"target\":{\"@type\":\"EntryPoint\",\"urlTemplate\":\"https:\\\/\\\/diariotextual.com\\\/inicio\\\/?s={search_term_string}\"},\"query-input\":{\"@type\":\"PropertyValueSpecification\",\"valueRequired\":true,\"valueName\":\"search_term_string\"}}],\"inLanguage\":\"es\"},{\"@type\":\"Organization\",\"@id\":\"https:\\\/\\\/diariotextual.com\\\/inicio\\\/#organization\",\"name\":\"Diario Textual\",\"url\":\"https:\\\/\\\/diariotextual.com\\\/inicio\\\/\",\"logo\":{\"@type\":\"ImageObject\",\"inLanguage\":\"es\",\"@id\":\"https:\\\/\\\/diariotextual.com\\\/inicio\\\/#\\\/schema\\\/logo\\\/image\\\/\",\"url\":\"https:\\\/\\\/diariotextual.com\\\/inicio\\\/wp-content\\\/uploads\\\/2023\\\/05\\\/logotextual1.jpg\",\"contentUrl\":\"https:\\\/\\\/diariotextual.com\\\/inicio\\\/wp-content\\\/uploads\\\/2023\\\/05\\\/logotextual1.jpg\",\"width\":516,\"height\":76,\"caption\":\"Diario Textual\"},\"image\":{\"@id\":\"https:\\\/\\\/diariotextual.com\\\/inicio\\\/#\\\/schema\\\/logo\\\/image\\\/\"},\"sameAs\":[\"https:\\\/\\\/www.facebook.com\\\/eltextual\",\"https:\\\/\\\/x.com\\\/eltextual\",\"http:\\\/\\\/www.instagram.com\\\/eltextual\"]},{\"@type\":\"Person\",\"@id\":\"https:\\\/\\\/diariotextual.com\\\/inicio\\\/#\\\/schema\\\/person\\\/a1b6f563e0ee944c60f98119389a4d9f\",\"name\":\"diario3\",\"image\":{\"@type\":\"ImageObject\",\"inLanguage\":\"es\",\"@id\":\"https:\\\/\\\/secure.gravatar.com\\\/avatar\\\/5e7ee62c82fc04d9dd79d746a390d93c69c43223e5faeeb3ea9461ef752bfc5d?s=96&d=mm&r=g\",\"url\":\"https:\\\/\\\/secure.gravatar.com\\\/avatar\\\/5e7ee62c82fc04d9dd79d746a390d93c69c43223e5faeeb3ea9461ef752bfc5d?s=96&d=mm&r=g\",\"contentUrl\":\"https:\\\/\\\/secure.gravatar.com\\\/avatar\\\/5e7ee62c82fc04d9dd79d746a390d93c69c43223e5faeeb3ea9461ef752bfc5d?s=96&d=mm&r=g\",\"caption\":\"diario3\"},\"url\":\"https:\\\/\\\/diariotextual.com\\\/inicio\\\/index.php\\\/author\\\/diario3\\\/\"}]}<\/script>\n<!-- \/ Yoast SEO plugin. -->","yoast_head_json":{"title":"Jos\u00e9 Feter, nueva v\u00edctima pampeana del Terrorismo de Estado - Diario Textual","robots":{"index":"index","follow":"follow","max-snippet":"max-snippet:-1","max-image-preview":"max-image-preview:large","max-video-preview":"max-video-preview:-1"},"canonical":"https:\/\/diariotextual.com\/inicio\/index.php\/2023\/07\/12\/jose-feter-nueva-victima-pampeana-del-terrorismo-de-estado\/","og_locale":"es_ES","og_type":"article","og_title":"Jos\u00e9 Feter, nueva v\u00edctima pampeana del Terrorismo de Estado - Diario Textual","og_description":"El Gobierno de La Pampa, a trav\u00e9s de la Subsecretar\u00eda de Derechos Humanos, inform\u00f3 la incorporaci\u00f3n de una nueva v\u00edctima al Registro Oficial de V\u00edctimas Pampeanas del Terrorismo de Estado.&hellip;","og_url":"https:\/\/diariotextual.com\/inicio\/index.php\/2023\/07\/12\/jose-feter-nueva-victima-pampeana-del-terrorismo-de-estado\/","og_site_name":"Diario Textual","article_publisher":"https:\/\/www.facebook.com\/eltextual","article_published_time":"2023-07-12T22:11:00+00:00","article_modified_time":"2023-07-13T19:54:05+00:00","og_image":[{"width":940,"height":619,"url":"https:\/\/diariotextual.com\/inicio\/wp-content\/uploads\/2023\/07\/feterjosevictimadelterrorismodeestado.jpg","type":"image\/jpeg"}],"author":"diario3","twitter_card":"summary_large_image","twitter_creator":"@eltextual","twitter_site":"@eltextual","twitter_misc":{"Escrito por":"diario3","Tiempo de lectura":"2 minutos"},"schema":{"@context":"https:\/\/schema.org","@graph":[{"@type":"Article","@id":"https:\/\/diariotextual.com\/inicio\/index.php\/2023\/07\/12\/jose-feter-nueva-victima-pampeana-del-terrorismo-de-estado\/#article","isPartOf":{"@id":"https:\/\/diariotextual.com\/inicio\/index.php\/2023\/07\/12\/jose-feter-nueva-victima-pampeana-del-terrorismo-de-estado\/"},"author":{"name":"diario3","@id":"https:\/\/diariotextual.com\/inicio\/#\/schema\/person\/a1b6f563e0ee944c60f98119389a4d9f"},"headline":"Jos\u00e9 Feter, nueva v\u00edctima pampeana del Terrorismo de Estado","datePublished":"2023-07-12T22:11:00+00:00","dateModified":"2023-07-13T19:54:05+00:00","mainEntityOfPage":{"@id":"https:\/\/diariotextual.com\/inicio\/index.php\/2023\/07\/12\/jose-feter-nueva-victima-pampeana-del-terrorismo-de-estado\/"},"wordCount":406,"publisher":{"@id":"https:\/\/diariotextual.com\/inicio\/#organization"},"image":{"@id":"https:\/\/diariotextual.com\/inicio\/index.php\/2023\/07\/12\/jose-feter-nueva-victima-pampeana-del-terrorismo-de-estado\/#primaryimage"},"thumbnailUrl":"https:\/\/diariotextual.com\/inicio\/wp-content\/uploads\/2023\/07\/feterjosevictimadelterrorismodeestado.jpg","keywords":["fasce","feter","terrorismo de estado"],"articleSection":["A - QUE PASA (al costado)","SOCIEDAD"],"inLanguage":"es"},{"@type":"WebPage","@id":"https:\/\/diariotextual.com\/inicio\/index.php\/2023\/07\/12\/jose-feter-nueva-victima-pampeana-del-terrorismo-de-estado\/","url":"https:\/\/diariotextual.com\/inicio\/index.php\/2023\/07\/12\/jose-feter-nueva-victima-pampeana-del-terrorismo-de-estado\/","name":"Jos\u00e9 Feter, nueva v\u00edctima pampeana del Terrorismo de Estado - Diario Textual","isPartOf":{"@id":"https:\/\/diariotextual.com\/inicio\/#website"},"primaryImageOfPage":{"@id":"https:\/\/diariotextual.com\/inicio\/index.php\/2023\/07\/12\/jose-feter-nueva-victima-pampeana-del-terrorismo-de-estado\/#primaryimage"},"image":{"@id":"https:\/\/diariotextual.com\/inicio\/index.php\/2023\/07\/12\/jose-feter-nueva-victima-pampeana-del-terrorismo-de-estado\/#primaryimage"},"thumbnailUrl":"https:\/\/diariotextual.com\/inicio\/wp-content\/uploads\/2023\/07\/feterjosevictimadelterrorismodeestado.jpg","datePublished":"2023-07-12T22:11:00+00:00","dateModified":"2023-07-13T19:54:05+00:00","breadcrumb":{"@id":"https:\/\/diariotextual.com\/inicio\/index.php\/2023\/07\/12\/jose-feter-nueva-victima-pampeana-del-terrorismo-de-estado\/#breadcrumb"},"inLanguage":"es","potentialAction":[{"@type":"ReadAction","target":["https:\/\/diariotextual.com\/inicio\/index.php\/2023\/07\/12\/jose-feter-nueva-victima-pampeana-del-terrorismo-de-estado\/"]}]},{"@type":"ImageObject","inLanguage":"es","@id":"https:\/\/diariotextual.com\/inicio\/index.php\/2023\/07\/12\/jose-feter-nueva-victima-pampeana-del-terrorismo-de-estado\/#primaryimage","url":"https:\/\/diariotextual.com\/inicio\/wp-content\/uploads\/2023\/07\/feterjosevictimadelterrorismodeestado.jpg","contentUrl":"https:\/\/diariotextual.com\/inicio\/wp-content\/uploads\/2023\/07\/feterjosevictimadelterrorismodeestado.jpg","width":940,"height":619},{"@type":"BreadcrumbList","@id":"https:\/\/diariotextual.com\/inicio\/index.php\/2023\/07\/12\/jose-feter-nueva-victima-pampeana-del-terrorismo-de-estado\/#breadcrumb","itemListElement":[{"@type":"ListItem","position":1,"name":"Portada","item":"https:\/\/diariotextual.com\/inicio\/"},{"@type":"ListItem","position":2,"name":"Jos\u00e9 Feter, nueva v\u00edctima pampeana del Terrorismo de Estado"}]},{"@type":"WebSite","@id":"https:\/\/diariotextual.com\/inicio\/#website","url":"https:\/\/diariotextual.com\/inicio\/","name":"Diario Textual","description":"","publisher":{"@id":"https:\/\/diariotextual.com\/inicio\/#organization"},"potentialAction":[{"@type":"SearchAction","target":{"@type":"EntryPoint","urlTemplate":"https:\/\/diariotextual.com\/inicio\/?s={search_term_string}"},"query-input":{"@type":"PropertyValueSpecification","valueRequired":true,"valueName":"search_term_string"}}],"inLanguage":"es"},{"@type":"Organization","@id":"https:\/\/diariotextual.com\/inicio\/#organization","name":"Diario Textual","url":"https:\/\/diariotextual.com\/inicio\/","logo":{"@type":"ImageObject","inLanguage":"es","@id":"https:\/\/diariotextual.com\/inicio\/#\/schema\/logo\/image\/","url":"https:\/\/diariotextual.com\/inicio\/wp-content\/uploads\/2023\/05\/logotextual1.jpg","contentUrl":"https:\/\/diariotextual.com\/inicio\/wp-content\/uploads\/2023\/05\/logotextual1.jpg","width":516,"height":76,"caption":"Diario Textual"},"image":{"@id":"https:\/\/diariotextual.com\/inicio\/#\/schema\/logo\/image\/"},"sameAs":["https:\/\/www.facebook.com\/eltextual","https:\/\/x.com\/eltextual","http:\/\/www.instagram.com\/eltextual"]},{"@type":"Person","@id":"https:\/\/diariotextual.com\/inicio\/#\/schema\/person\/a1b6f563e0ee944c60f98119389a4d9f","name":"diario3","image":{"@type":"ImageObject","inLanguage":"es","@id":"https:\/\/secure.gravatar.com\/avatar\/5e7ee62c82fc04d9dd79d746a390d93c69c43223e5faeeb3ea9461ef752bfc5d?s=96&d=mm&r=g","url":"https:\/\/secure.gravatar.com\/avatar\/5e7ee62c82fc04d9dd79d746a390d93c69c43223e5faeeb3ea9461ef752bfc5d?s=96&d=mm&r=g","contentUrl":"https:\/\/secure.gravatar.com\/avatar\/5e7ee62c82fc04d9dd79d746a390d93c69c43223e5faeeb3ea9461ef752bfc5d?s=96&d=mm&r=g","caption":"diario3"},"url":"https:\/\/diariotextual.com\/inicio\/index.php\/author\/diario3\/"}]}},"_links":{"self":[{"href":"https:\/\/diariotextual.com\/inicio\/index.php\/wp-json\/wp\/v2\/posts\/230895","targetHints":{"allow":["GET"]}}],"collection":[{"href":"https:\/\/diariotextual.com\/inicio\/index.php\/wp-json\/wp\/v2\/posts"}],"about":[{"href":"https:\/\/diariotextual.com\/inicio\/index.php\/wp-json\/wp\/v2\/types\/post"}],"author":[{"embeddable":true,"href":"https:\/\/diariotextual.com\/inicio\/index.php\/wp-json\/wp\/v2\/users\/5"}],"replies":[{"embeddable":true,"href":"https:\/\/diariotextual.com\/inicio\/index.php\/wp-json\/wp\/v2\/comments?post=230895"}],"version-history":[{"count":1,"href":"https:\/\/diariotextual.com\/inicio\/index.php\/wp-json\/wp\/v2\/posts\/230895\/revisions"}],"predecessor-version":[{"id":230897,"href":"https:\/\/diariotextual.com\/inicio\/index.php\/wp-json\/wp\/v2\/posts\/230895\/revisions\/230897"}],"wp:featuredmedia":[{"embeddable":true,"href":"https:\/\/diariotextual.com\/inicio\/index.php\/wp-json\/wp\/v2\/media\/230896"}],"wp:attachment":[{"href":"https:\/\/diariotextual.com\/inicio\/index.php\/wp-json\/wp\/v2\/media?parent=230895"}],"wp:term":[{"taxonomy":"category","embeddable":true,"href":"https:\/\/diariotextual.com\/inicio\/index.php\/wp-json\/wp\/v2\/categories?post=230895"},{"taxonomy":"post_tag","embeddable":true,"href":"https:\/\/diariotextual.com\/inicio\/index.php\/wp-json\/wp\/v2\/tags?post=230895"}],"curies":[{"name":"wp","href":"https:\/\/api.w.org\/{rel}","templated":true}]}}