{"id":230913,"date":"2023-07-12T20:33:16","date_gmt":"2023-07-12T23:33:16","guid":{"rendered":"https:\/\/diariotextual.com\/inicio\/?p=230913"},"modified":"2023-07-12T20:33:18","modified_gmt":"2023-07-12T23:33:18","slug":"cels-morales-cumplio-su-amenaza-de-criminalizar-a-referentes-sociales-e-indigenas","status":"publish","type":"post","link":"https:\/\/diariotextual.com\/inicio\/index.php\/2023\/07\/12\/cels-morales-cumplio-su-amenaza-de-criminalizar-a-referentes-sociales-e-indigenas\/","title":{"rendered":"CELS: \u201cMorales cumpli\u00f3 su amenaza de criminalizar a referentes sociales e ind\u00edgenas\u201d"},"content":{"rendered":"\n<p>El Centro de Estudios Legales y Sociales (Cels) denunci\u00f3 este mi\u00e9rcoles que la justicia de Jujuy realiz\u00f3 allanamientos en las casas de 22 personas que protestaron en la ciudad de Humahuaca contra la reforma de la Constituci\u00f3n provincial y consider\u00f3 que, de esta manera, el Gobierno de Gerardo Morales \u201ccumpli\u00f3 su amenaza de criminalizar a referentes sociales e ind\u00edgenas\u201d.<\/p>\n\n\n\n<p>\u201cAllanan las casas de 22 personas que participaron de la marcha del 30 de junio en Humahuaca. Se las acusa de delitos grav\u00edsimos como sedici\u00f3n y privaci\u00f3n de la libertad para que queden detenidas\u201d, escribi\u00f3 el organismo en su cuenta de la red social Twitter.<\/p>\n\n\n\n<p>En un hilo de tuits, el Cels remarc\u00f3 que, con esta acci\u00f3n, \u201cel Gobierno (de Morales) cumpli\u00f3 su amenaza de criminalizar a referentes sociales e ind\u00edgenas\u201d.<\/p>\n\n\n\n<p>Adem\u00e1s, apunt\u00f3 contra \u201calgunos integrantes del Concejo Deliberante de Humahuaca\u201d que -destac\u00f3- hicieron la denuncia contra esos manifestantes y \u201cpretenden hacer pasar esa movilizaci\u00f3n por un intento de sedici\u00f3n y secuestro\u201d.<\/p>\n\n\n\n<p>\u201cLa fiscal\u00eda y el juez deciden criminalizar la protesta social. Ese d\u00eda la Polic\u00eda de Jujuy reaccion\u00f3 reprimiendo a quienes se manifestaban: hubo personas heridas graves, entre ellas j\u00f3venes que perdieron la visi\u00f3n\u201d, subray\u00f3 el Cels en sus posteos.<\/p>\n\n\n\n<p>Se refiri\u00f3 as\u00ed a lo sucedido entre las \u00faltimas horas del 30 de junio y la madrugada del 1 de julio, cuando el Concejo Deliberante de Humahuaca aprob\u00f3 una declaraci\u00f3n de rechazo a la reforma de la Constituci\u00f3n juje\u00f1a, mientras que pobladores que realizaban una protesta en las inmediaciones de ese cuerpo legislativo fueron reprimidos por las fuerzas de seguridad locales con gases lacrim\u00f3genos y balas de goma.<\/p>\n\n\n\n<p>Mientras los ediles salieron del recinto a realizar la lectura de lo aprobado, las fuerzas de seguridad reprimieron a los manifestantes, quienes manten\u00edan una protesta desde la tarde y exig\u00edan esa declaratoria o la renuncia de los concejales.<\/p>\n\n\n\n<p>Por la represi\u00f3n, al menos cuatro personas resultaron heridas. Una de ellas fue Joel Rodrigo Paredes, de 28 a\u00f1os, quien recibi\u00f3 un balazo de goma en la cara y perdi\u00f3 el ojo derecho, seg\u00fan inform\u00f3 a T\u00e9lam su madre, Elizabeth Sandoval.<\/p>\n\n\n\n<p>El joven debi\u00f3 ser intervenido quir\u00fargicamente en el Hospital Pablo Soria de la capital provincial y perdi\u00f3 totalmente la visi\u00f3n del ojo afectado.<\/p>\n\n\n\n<p>Con Paredes ya suman tres las personas que perdieron un ojo en los avances represivos de las fuerzas de seguridad local por las protestas contra la reforma constitucional, inform\u00f3 la agencia T\u00e9lam.<\/p>\n","protected":false},"excerpt":{"rendered":"<p>El Centro de Estudios Legales y Sociales (Cels) denunci\u00f3 este mi\u00e9rcoles que la justicia de Jujuy realiz\u00f3 allanamientos en las casas de 22 personas que protestaron en la ciudad de&hellip;<\/p>\n","protected":false},"author":5,"featured_media":228905,"comment_status":"closed","ping_status":"open","sticky":false,"template":"","format":"standard","meta":{"_acf_changed":false,"footnotes":""},"categories":[1,12],"tags":[1251,1466,3512],"class_list":["post-230913","post","type-post","status-publish","format-standard","has-post-thumbnail","hentry","category-es-noticia","category-sociedad","tag-jujuy","tag-morales","tag-reforma"],"acf":[],"yoast_head":"<!-- This site is optimized with the Yoast SEO plugin v27.5 - https:\/\/yoast.com\/product\/yoast-seo-wordpress\/ -->\n<title>CELS: \u201cMorales cumpli\u00f3 su amenaza de criminalizar a referentes sociales e ind\u00edgenas\u201d - Diario Textual<\/title>\n<meta name=\"robots\" content=\"index, follow, max-snippet:-1, max-image-preview:large, max-video-preview:-1\" \/>\n<link rel=\"canonical\" href=\"https:\/\/diariotextual.com\/inicio\/index.php\/2023\/07\/12\/cels-morales-cumplio-su-amenaza-de-criminalizar-a-referentes-sociales-e-indigenas\/\" \/>\n<meta property=\"og:locale\" content=\"es_ES\" \/>\n<meta property=\"og:type\" content=\"article\" \/>\n<meta property=\"og:title\" content=\"CELS: \u201cMorales cumpli\u00f3 su amenaza de criminalizar a referentes sociales e ind\u00edgenas\u201d - Diario Textual\" \/>\n<meta property=\"og:description\" content=\"El Centro de Estudios Legales y Sociales (Cels) denunci\u00f3 este mi\u00e9rcoles que la justicia de Jujuy realiz\u00f3 allanamientos en las casas de 22 personas que protestaron en la ciudad de&hellip;\" \/>\n<meta property=\"og:url\" content=\"https:\/\/diariotextual.com\/inicio\/index.php\/2023\/07\/12\/cels-morales-cumplio-su-amenaza-de-criminalizar-a-referentes-sociales-e-indigenas\/\" \/>\n<meta property=\"og:site_name\" content=\"Diario Textual\" \/>\n<meta property=\"article:publisher\" content=\"https:\/\/www.facebook.com\/eltextual\" \/>\n<meta property=\"article:published_time\" content=\"2023-07-12T23:33:16+00:00\" \/>\n<meta property=\"article:modified_time\" content=\"2023-07-12T23:33:18+00:00\" \/>\n<meta property=\"og:image\" content=\"https:\/\/diariotextual.com\/inicio\/wp-content\/uploads\/2023\/06\/Jujuyrepresion2023.jpg\" \/>\n\t<meta property=\"og:image:width\" content=\"900\" \/>\n\t<meta property=\"og:image:height\" content=\"506\" \/>\n\t<meta property=\"og:image:type\" content=\"image\/jpeg\" \/>\n<meta name=\"author\" content=\"diario3\" \/>\n<meta name=\"twitter:card\" content=\"summary_large_image\" \/>\n<meta name=\"twitter:creator\" content=\"@eltextual\" \/>\n<meta name=\"twitter:site\" content=\"@eltextual\" \/>\n<meta name=\"twitter:label1\" content=\"Escrito por\" \/>\n\t<meta name=\"twitter:data1\" content=\"diario3\" \/>\n\t<meta name=\"twitter:label2\" content=\"Tiempo de lectura\" \/>\n\t<meta name=\"twitter:data2\" content=\"2 minutos\" \/>\n<script type=\"application\/ld+json\" class=\"yoast-schema-graph\">{\"@context\":\"https:\\\/\\\/schema.org\",\"@graph\":[{\"@type\":\"Article\",\"@id\":\"https:\\\/\\\/diariotextual.com\\\/inicio\\\/index.php\\\/2023\\\/07\\\/12\\\/cels-morales-cumplio-su-amenaza-de-criminalizar-a-referentes-sociales-e-indigenas\\\/#article\",\"isPartOf\":{\"@id\":\"https:\\\/\\\/diariotextual.com\\\/inicio\\\/index.php\\\/2023\\\/07\\\/12\\\/cels-morales-cumplio-su-amenaza-de-criminalizar-a-referentes-sociales-e-indigenas\\\/\"},\"author\":{\"name\":\"diario3\",\"@id\":\"https:\\\/\\\/diariotextual.com\\\/inicio\\\/#\\\/schema\\\/person\\\/a1b6f563e0ee944c60f98119389a4d9f\"},\"headline\":\"CELS: \u201cMorales cumpli\u00f3 su amenaza de criminalizar a referentes sociales e ind\u00edgenas\u201d\",\"datePublished\":\"2023-07-12T23:33:16+00:00\",\"dateModified\":\"2023-07-12T23:33:18+00:00\",\"mainEntityOfPage\":{\"@id\":\"https:\\\/\\\/diariotextual.com\\\/inicio\\\/index.php\\\/2023\\\/07\\\/12\\\/cels-morales-cumplio-su-amenaza-de-criminalizar-a-referentes-sociales-e-indigenas\\\/\"},\"wordCount\":439,\"publisher\":{\"@id\":\"https:\\\/\\\/diariotextual.com\\\/inicio\\\/#organization\"},\"image\":{\"@id\":\"https:\\\/\\\/diariotextual.com\\\/inicio\\\/index.php\\\/2023\\\/07\\\/12\\\/cels-morales-cumplio-su-amenaza-de-criminalizar-a-referentes-sociales-e-indigenas\\\/#primaryimage\"},\"thumbnailUrl\":\"https:\\\/\\\/diariotextual.com\\\/inicio\\\/wp-content\\\/uploads\\\/2023\\\/06\\\/Jujuyrepresion2023.jpg\",\"keywords\":[\"Jujuy\",\"morales\",\"reforma\"],\"articleSection\":[\"A - ES NOTICIA (van abajo)\",\"SOCIEDAD\"],\"inLanguage\":\"es\"},{\"@type\":\"WebPage\",\"@id\":\"https:\\\/\\\/diariotextual.com\\\/inicio\\\/index.php\\\/2023\\\/07\\\/12\\\/cels-morales-cumplio-su-amenaza-de-criminalizar-a-referentes-sociales-e-indigenas\\\/\",\"url\":\"https:\\\/\\\/diariotextual.com\\\/inicio\\\/index.php\\\/2023\\\/07\\\/12\\\/cels-morales-cumplio-su-amenaza-de-criminalizar-a-referentes-sociales-e-indigenas\\\/\",\"name\":\"CELS: \u201cMorales cumpli\u00f3 su amenaza de criminalizar a referentes sociales e ind\u00edgenas\u201d - Diario Textual\",\"isPartOf\":{\"@id\":\"https:\\\/\\\/diariotextual.com\\\/inicio\\\/#website\"},\"primaryImageOfPage\":{\"@id\":\"https:\\\/\\\/diariotextual.com\\\/inicio\\\/index.php\\\/2023\\\/07\\\/12\\\/cels-morales-cumplio-su-amenaza-de-criminalizar-a-referentes-sociales-e-indigenas\\\/#primaryimage\"},\"image\":{\"@id\":\"https:\\\/\\\/diariotextual.com\\\/inicio\\\/index.php\\\/2023\\\/07\\\/12\\\/cels-morales-cumplio-su-amenaza-de-criminalizar-a-referentes-sociales-e-indigenas\\\/#primaryimage\"},\"thumbnailUrl\":\"https:\\\/\\\/diariotextual.com\\\/inicio\\\/wp-content\\\/uploads\\\/2023\\\/06\\\/Jujuyrepresion2023.jpg\",\"datePublished\":\"2023-07-12T23:33:16+00:00\",\"dateModified\":\"2023-07-12T23:33:18+00:00\",\"breadcrumb\":{\"@id\":\"https:\\\/\\\/diariotextual.com\\\/inicio\\\/index.php\\\/2023\\\/07\\\/12\\\/cels-morales-cumplio-su-amenaza-de-criminalizar-a-referentes-sociales-e-indigenas\\\/#breadcrumb\"},\"inLanguage\":\"es\",\"potentialAction\":[{\"@type\":\"ReadAction\",\"target\":[\"https:\\\/\\\/diariotextual.com\\\/inicio\\\/index.php\\\/2023\\\/07\\\/12\\\/cels-morales-cumplio-su-amenaza-de-criminalizar-a-referentes-sociales-e-indigenas\\\/\"]}]},{\"@type\":\"ImageObject\",\"inLanguage\":\"es\",\"@id\":\"https:\\\/\\\/diariotextual.com\\\/inicio\\\/index.php\\\/2023\\\/07\\\/12\\\/cels-morales-cumplio-su-amenaza-de-criminalizar-a-referentes-sociales-e-indigenas\\\/#primaryimage\",\"url\":\"https:\\\/\\\/diariotextual.com\\\/inicio\\\/wp-content\\\/uploads\\\/2023\\\/06\\\/Jujuyrepresion2023.jpg\",\"contentUrl\":\"https:\\\/\\\/diariotextual.com\\\/inicio\\\/wp-content\\\/uploads\\\/2023\\\/06\\\/Jujuyrepresion2023.jpg\",\"width\":900,\"height\":506},{\"@type\":\"BreadcrumbList\",\"@id\":\"https:\\\/\\\/diariotextual.com\\\/inicio\\\/index.php\\\/2023\\\/07\\\/12\\\/cels-morales-cumplio-su-amenaza-de-criminalizar-a-referentes-sociales-e-indigenas\\\/#breadcrumb\",\"itemListElement\":[{\"@type\":\"ListItem\",\"position\":1,\"name\":\"Portada\",\"item\":\"https:\\\/\\\/diariotextual.com\\\/inicio\\\/\"},{\"@type\":\"ListItem\",\"position\":2,\"name\":\"CELS: \u201cMorales cumpli\u00f3 su amenaza de criminalizar a referentes sociales e ind\u00edgenas\u201d\"}]},{\"@type\":\"WebSite\",\"@id\":\"https:\\\/\\\/diariotextual.com\\\/inicio\\\/#website\",\"url\":\"https:\\\/\\\/diariotextual.com\\\/inicio\\\/\",\"name\":\"Diario Textual\",\"description\":\"\",\"publisher\":{\"@id\":\"https:\\\/\\\/diariotextual.com\\\/inicio\\\/#organization\"},\"potentialAction\":[{\"@type\":\"SearchAction\",\"target\":{\"@type\":\"EntryPoint\",\"urlTemplate\":\"https:\\\/\\\/diariotextual.com\\\/inicio\\\/?s={search_term_string}\"},\"query-input\":{\"@type\":\"PropertyValueSpecification\",\"valueRequired\":true,\"valueName\":\"search_term_string\"}}],\"inLanguage\":\"es\"},{\"@type\":\"Organization\",\"@id\":\"https:\\\/\\\/diariotextual.com\\\/inicio\\\/#organization\",\"name\":\"Diario Textual\",\"url\":\"https:\\\/\\\/diariotextual.com\\\/inicio\\\/\",\"logo\":{\"@type\":\"ImageObject\",\"inLanguage\":\"es\",\"@id\":\"https:\\\/\\\/diariotextual.com\\\/inicio\\\/#\\\/schema\\\/logo\\\/image\\\/\",\"url\":\"https:\\\/\\\/diariotextual.com\\\/inicio\\\/wp-content\\\/uploads\\\/2023\\\/05\\\/logotextual1.jpg\",\"contentUrl\":\"https:\\\/\\\/diariotextual.com\\\/inicio\\\/wp-content\\\/uploads\\\/2023\\\/05\\\/logotextual1.jpg\",\"width\":516,\"height\":76,\"caption\":\"Diario Textual\"},\"image\":{\"@id\":\"https:\\\/\\\/diariotextual.com\\\/inicio\\\/#\\\/schema\\\/logo\\\/image\\\/\"},\"sameAs\":[\"https:\\\/\\\/www.facebook.com\\\/eltextual\",\"https:\\\/\\\/x.com\\\/eltextual\",\"http:\\\/\\\/www.instagram.com\\\/eltextual\"]},{\"@type\":\"Person\",\"@id\":\"https:\\\/\\\/diariotextual.com\\\/inicio\\\/#\\\/schema\\\/person\\\/a1b6f563e0ee944c60f98119389a4d9f\",\"name\":\"diario3\",\"image\":{\"@type\":\"ImageObject\",\"inLanguage\":\"es\",\"@id\":\"https:\\\/\\\/secure.gravatar.com\\\/avatar\\\/5e7ee62c82fc04d9dd79d746a390d93c69c43223e5faeeb3ea9461ef752bfc5d?s=96&d=mm&r=g\",\"url\":\"https:\\\/\\\/secure.gravatar.com\\\/avatar\\\/5e7ee62c82fc04d9dd79d746a390d93c69c43223e5faeeb3ea9461ef752bfc5d?s=96&d=mm&r=g\",\"contentUrl\":\"https:\\\/\\\/secure.gravatar.com\\\/avatar\\\/5e7ee62c82fc04d9dd79d746a390d93c69c43223e5faeeb3ea9461ef752bfc5d?s=96&d=mm&r=g\",\"caption\":\"diario3\"},\"url\":\"https:\\\/\\\/diariotextual.com\\\/inicio\\\/index.php\\\/author\\\/diario3\\\/\"}]}<\/script>\n<!-- \/ Yoast SEO plugin. -->","yoast_head_json":{"title":"CELS: \u201cMorales cumpli\u00f3 su amenaza de criminalizar a referentes sociales e ind\u00edgenas\u201d - Diario Textual","robots":{"index":"index","follow":"follow","max-snippet":"max-snippet:-1","max-image-preview":"max-image-preview:large","max-video-preview":"max-video-preview:-1"},"canonical":"https:\/\/diariotextual.com\/inicio\/index.php\/2023\/07\/12\/cels-morales-cumplio-su-amenaza-de-criminalizar-a-referentes-sociales-e-indigenas\/","og_locale":"es_ES","og_type":"article","og_title":"CELS: \u201cMorales cumpli\u00f3 su amenaza de criminalizar a referentes sociales e ind\u00edgenas\u201d - Diario Textual","og_description":"El Centro de Estudios Legales y Sociales (Cels) denunci\u00f3 este mi\u00e9rcoles que la justicia de Jujuy realiz\u00f3 allanamientos en las casas de 22 personas que protestaron en la ciudad de&hellip;","og_url":"https:\/\/diariotextual.com\/inicio\/index.php\/2023\/07\/12\/cels-morales-cumplio-su-amenaza-de-criminalizar-a-referentes-sociales-e-indigenas\/","og_site_name":"Diario Textual","article_publisher":"https:\/\/www.facebook.com\/eltextual","article_published_time":"2023-07-12T23:33:16+00:00","article_modified_time":"2023-07-12T23:33:18+00:00","og_image":[{"width":900,"height":506,"url":"https:\/\/diariotextual.com\/inicio\/wp-content\/uploads\/2023\/06\/Jujuyrepresion2023.jpg","type":"image\/jpeg"}],"author":"diario3","twitter_card":"summary_large_image","twitter_creator":"@eltextual","twitter_site":"@eltextual","twitter_misc":{"Escrito por":"diario3","Tiempo de lectura":"2 minutos"},"schema":{"@context":"https:\/\/schema.org","@graph":[{"@type":"Article","@id":"https:\/\/diariotextual.com\/inicio\/index.php\/2023\/07\/12\/cels-morales-cumplio-su-amenaza-de-criminalizar-a-referentes-sociales-e-indigenas\/#article","isPartOf":{"@id":"https:\/\/diariotextual.com\/inicio\/index.php\/2023\/07\/12\/cels-morales-cumplio-su-amenaza-de-criminalizar-a-referentes-sociales-e-indigenas\/"},"author":{"name":"diario3","@id":"https:\/\/diariotextual.com\/inicio\/#\/schema\/person\/a1b6f563e0ee944c60f98119389a4d9f"},"headline":"CELS: \u201cMorales cumpli\u00f3 su amenaza de criminalizar a referentes sociales e ind\u00edgenas\u201d","datePublished":"2023-07-12T23:33:16+00:00","dateModified":"2023-07-12T23:33:18+00:00","mainEntityOfPage":{"@id":"https:\/\/diariotextual.com\/inicio\/index.php\/2023\/07\/12\/cels-morales-cumplio-su-amenaza-de-criminalizar-a-referentes-sociales-e-indigenas\/"},"wordCount":439,"publisher":{"@id":"https:\/\/diariotextual.com\/inicio\/#organization"},"image":{"@id":"https:\/\/diariotextual.com\/inicio\/index.php\/2023\/07\/12\/cels-morales-cumplio-su-amenaza-de-criminalizar-a-referentes-sociales-e-indigenas\/#primaryimage"},"thumbnailUrl":"https:\/\/diariotextual.com\/inicio\/wp-content\/uploads\/2023\/06\/Jujuyrepresion2023.jpg","keywords":["Jujuy","morales","reforma"],"articleSection":["A - ES NOTICIA (van abajo)","SOCIEDAD"],"inLanguage":"es"},{"@type":"WebPage","@id":"https:\/\/diariotextual.com\/inicio\/index.php\/2023\/07\/12\/cels-morales-cumplio-su-amenaza-de-criminalizar-a-referentes-sociales-e-indigenas\/","url":"https:\/\/diariotextual.com\/inicio\/index.php\/2023\/07\/12\/cels-morales-cumplio-su-amenaza-de-criminalizar-a-referentes-sociales-e-indigenas\/","name":"CELS: \u201cMorales cumpli\u00f3 su amenaza de criminalizar a referentes sociales e ind\u00edgenas\u201d - Diario Textual","isPartOf":{"@id":"https:\/\/diariotextual.com\/inicio\/#website"},"primaryImageOfPage":{"@id":"https:\/\/diariotextual.com\/inicio\/index.php\/2023\/07\/12\/cels-morales-cumplio-su-amenaza-de-criminalizar-a-referentes-sociales-e-indigenas\/#primaryimage"},"image":{"@id":"https:\/\/diariotextual.com\/inicio\/index.php\/2023\/07\/12\/cels-morales-cumplio-su-amenaza-de-criminalizar-a-referentes-sociales-e-indigenas\/#primaryimage"},"thumbnailUrl":"https:\/\/diariotextual.com\/inicio\/wp-content\/uploads\/2023\/06\/Jujuyrepresion2023.jpg","datePublished":"2023-07-12T23:33:16+00:00","dateModified":"2023-07-12T23:33:18+00:00","breadcrumb":{"@id":"https:\/\/diariotextual.com\/inicio\/index.php\/2023\/07\/12\/cels-morales-cumplio-su-amenaza-de-criminalizar-a-referentes-sociales-e-indigenas\/#breadcrumb"},"inLanguage":"es","potentialAction":[{"@type":"ReadAction","target":["https:\/\/diariotextual.com\/inicio\/index.php\/2023\/07\/12\/cels-morales-cumplio-su-amenaza-de-criminalizar-a-referentes-sociales-e-indigenas\/"]}]},{"@type":"ImageObject","inLanguage":"es","@id":"https:\/\/diariotextual.com\/inicio\/index.php\/2023\/07\/12\/cels-morales-cumplio-su-amenaza-de-criminalizar-a-referentes-sociales-e-indigenas\/#primaryimage","url":"https:\/\/diariotextual.com\/inicio\/wp-content\/uploads\/2023\/06\/Jujuyrepresion2023.jpg","contentUrl":"https:\/\/diariotextual.com\/inicio\/wp-content\/uploads\/2023\/06\/Jujuyrepresion2023.jpg","width":900,"height":506},{"@type":"BreadcrumbList","@id":"https:\/\/diariotextual.com\/inicio\/index.php\/2023\/07\/12\/cels-morales-cumplio-su-amenaza-de-criminalizar-a-referentes-sociales-e-indigenas\/#breadcrumb","itemListElement":[{"@type":"ListItem","position":1,"name":"Portada","item":"https:\/\/diariotextual.com\/inicio\/"},{"@type":"ListItem","position":2,"name":"CELS: \u201cMorales cumpli\u00f3 su amenaza de criminalizar a referentes sociales e ind\u00edgenas\u201d"}]},{"@type":"WebSite","@id":"https:\/\/diariotextual.com\/inicio\/#website","url":"https:\/\/diariotextual.com\/inicio\/","name":"Diario Textual","description":"","publisher":{"@id":"https:\/\/diariotextual.com\/inicio\/#organization"},"potentialAction":[{"@type":"SearchAction","target":{"@type":"EntryPoint","urlTemplate":"https:\/\/diariotextual.com\/inicio\/?s={search_term_string}"},"query-input":{"@type":"PropertyValueSpecification","valueRequired":true,"valueName":"search_term_string"}}],"inLanguage":"es"},{"@type":"Organization","@id":"https:\/\/diariotextual.com\/inicio\/#organization","name":"Diario Textual","url":"https:\/\/diariotextual.com\/inicio\/","logo":{"@type":"ImageObject","inLanguage":"es","@id":"https:\/\/diariotextual.com\/inicio\/#\/schema\/logo\/image\/","url":"https:\/\/diariotextual.com\/inicio\/wp-content\/uploads\/2023\/05\/logotextual1.jpg","contentUrl":"https:\/\/diariotextual.com\/inicio\/wp-content\/uploads\/2023\/05\/logotextual1.jpg","width":516,"height":76,"caption":"Diario Textual"},"image":{"@id":"https:\/\/diariotextual.com\/inicio\/#\/schema\/logo\/image\/"},"sameAs":["https:\/\/www.facebook.com\/eltextual","https:\/\/x.com\/eltextual","http:\/\/www.instagram.com\/eltextual"]},{"@type":"Person","@id":"https:\/\/diariotextual.com\/inicio\/#\/schema\/person\/a1b6f563e0ee944c60f98119389a4d9f","name":"diario3","image":{"@type":"ImageObject","inLanguage":"es","@id":"https:\/\/secure.gravatar.com\/avatar\/5e7ee62c82fc04d9dd79d746a390d93c69c43223e5faeeb3ea9461ef752bfc5d?s=96&d=mm&r=g","url":"https:\/\/secure.gravatar.com\/avatar\/5e7ee62c82fc04d9dd79d746a390d93c69c43223e5faeeb3ea9461ef752bfc5d?s=96&d=mm&r=g","contentUrl":"https:\/\/secure.gravatar.com\/avatar\/5e7ee62c82fc04d9dd79d746a390d93c69c43223e5faeeb3ea9461ef752bfc5d?s=96&d=mm&r=g","caption":"diario3"},"url":"https:\/\/diariotextual.com\/inicio\/index.php\/author\/diario3\/"}]}},"_links":{"self":[{"href":"https:\/\/diariotextual.com\/inicio\/index.php\/wp-json\/wp\/v2\/posts\/230913","targetHints":{"allow":["GET"]}}],"collection":[{"href":"https:\/\/diariotextual.com\/inicio\/index.php\/wp-json\/wp\/v2\/posts"}],"about":[{"href":"https:\/\/diariotextual.com\/inicio\/index.php\/wp-json\/wp\/v2\/types\/post"}],"author":[{"embeddable":true,"href":"https:\/\/diariotextual.com\/inicio\/index.php\/wp-json\/wp\/v2\/users\/5"}],"replies":[{"embeddable":true,"href":"https:\/\/diariotextual.com\/inicio\/index.php\/wp-json\/wp\/v2\/comments?post=230913"}],"version-history":[{"count":1,"href":"https:\/\/diariotextual.com\/inicio\/index.php\/wp-json\/wp\/v2\/posts\/230913\/revisions"}],"predecessor-version":[{"id":230915,"href":"https:\/\/diariotextual.com\/inicio\/index.php\/wp-json\/wp\/v2\/posts\/230913\/revisions\/230915"}],"wp:featuredmedia":[{"embeddable":true,"href":"https:\/\/diariotextual.com\/inicio\/index.php\/wp-json\/wp\/v2\/media\/228905"}],"wp:attachment":[{"href":"https:\/\/diariotextual.com\/inicio\/index.php\/wp-json\/wp\/v2\/media?parent=230913"}],"wp:term":[{"taxonomy":"category","embeddable":true,"href":"https:\/\/diariotextual.com\/inicio\/index.php\/wp-json\/wp\/v2\/categories?post=230913"},{"taxonomy":"post_tag","embeddable":true,"href":"https:\/\/diariotextual.com\/inicio\/index.php\/wp-json\/wp\/v2\/tags?post=230913"}],"curies":[{"name":"wp","href":"https:\/\/api.w.org\/{rel}","templated":true}]}}