{"id":230926,"date":"2023-07-13T07:22:30","date_gmt":"2023-07-13T10:22:30","guid":{"rendered":"https:\/\/diariotextual.com\/inicio\/?p=230926"},"modified":"2023-07-13T07:22:31","modified_gmt":"2023-07-13T10:22:31","slug":"anuncian-obra-de-teatro-y-seminario-de-actuacion-en-eduardo-castex","status":"publish","type":"post","link":"https:\/\/diariotextual.com\/inicio\/index.php\/2023\/07\/13\/anuncian-obra-de-teatro-y-seminario-de-actuacion-en-eduardo-castex\/","title":{"rendered":"Anuncian obra de teatro y seminario de actuaci\u00f3n en Eduardo Castex"},"content":{"rendered":"\n<p>Con el apoyo de la Secretar\u00eda de Cultura a trav\u00e9s de la Direcci\u00f3n Provincial de Art\u00edstica, el s\u00e1bado 22 de julio la directora de teatro <strong>Silvina D\u2019Atri presentar\u00e1 en Eduardo Castex, un seminario intensivo de actuaci\u00f3n y la obra \u201cLas Enanas\u201d,<\/strong> adaptaci\u00f3n sobre texto de Olga Orozco. <\/p>\n\n\n\n<p>El s\u00e1bado 22 de julio de 15 a 18, en el Espacio teatral \u201cDardo Acosta\u201d -Vieja Parroquia-, se llevar\u00e1 a cabo este seminario dictado por la actriz, docente y directora Silvina D\u00b4Atri, quien abordar\u00e1 la t\u00e9cnica \u201cEl Piedrazo en el Espejo\u201d creada por el actor, dramaturgo, docente y director Pompeyo Audivert.<br><br>Esta actividad es gratuita y aquellos interesados pueden solicitar mayor informaci\u00f3n al mail:\u00a0<a href=\"mailto:silvinadatri@hotmail.com\" target=\"_blank\" rel=\"noreferrer noopener\">silvinadatri@hotmail.com<\/a>, celular 2954-33 2664.<br><br>Se sugiere asistir con vestuario teatral (ropa antigua, fuera de \u00e9poca) y la lectura de un poema de Olga Orozco que se entregar\u00e1 al momento de la inscripci\u00f3n.<br><br>El seminario est\u00e1 destinado a actrices, actores, artistas y personas interesadas en investigar el cuerpo y la palabra dentro del espacio esc\u00e9nico, a partir de un abordaje de ruptura con el teatro realista, representativo y convencional.<br><br>\u201cA trav\u00e9s de esta t\u00e9cnica, creada por Pompeyo Audivert\u00a0y\u00a0conocida como \u201cEl Piedrazo en el Espejo\u201d, t\u00e9cnica disruptiva del cuerpo y de la palabra, investigaremos, buscando matices dentro de la actuaci\u00f3n, mediante nuestra composici\u00f3n f\u00edsica, m\u00e1scaras y afectaciones en el decir\u201d, explic\u00f3 la directora.<br><br>A su vez, se anunci\u00f3 la propuesta \u201cLas Enanas\u201d, una versi\u00f3n libre escrita y dirigida por Silvina D\u00b4Atri sobre el relato de la poeta pampeana Olga Orozco.\u00a0Representada por las actrices Emilce Aimar y Silvina D\u00b4Atri\u00a0se pondr\u00e1 en escena el s\u00e1bado 22 de julio a las 19, en el espacio teatral \u201cDardo Acosta\u201d -Vieja Parroquia-\u00a0con un costo de entrada de $1.000.<br><br>Dos hermanas permanecen detenidas en el tiempo, rodeadas de fantasmas de antepasados, mandatos familiares, deseos y sue\u00f1os. Mujeres esperando el amor idealizado y eterno, buscando su identidad, acompa\u00f1\u00e1ndose en este destino implacable.<br><br>Laura y Adelaida est\u00e1n obsesionadas por saber c\u00f3mo fue su llegada a este mundo, son mujeres sentenciadas por mandatos familiares, solitarias, esperando e imaginando c\u00f3mo ser\u00eda la llegada de un amor, un amor que las rescate de esta vida que es al mismo tiempo, su lugar en el mundo.<\/p>\n","protected":false},"excerpt":{"rendered":"<p>Con el apoyo de la Secretar\u00eda de Cultura a trav\u00e9s de la Direcci\u00f3n Provincial de Art\u00edstica, el s\u00e1bado 22 de julio la directora de teatro Silvina D\u2019Atri presentar\u00e1 en Eduardo&hellip;<\/p>\n","protected":false},"author":4,"featured_media":199768,"comment_status":"closed","ping_status":"open","sticky":false,"template":"","format":"standard","meta":{"_acf_changed":false,"footnotes":""},"categories":[1,2],"tags":[],"class_list":["post-230926","post","type-post","status-publish","format-standard","has-post-thumbnail","hentry","category-es-noticia","category-cultura"],"acf":[],"yoast_head":"<!-- This site is optimized with the Yoast SEO plugin v27.5 - https:\/\/yoast.com\/product\/yoast-seo-wordpress\/ -->\n<title>Anuncian obra de teatro y seminario de actuaci\u00f3n en Eduardo Castex - Diario Textual<\/title>\n<meta name=\"robots\" content=\"index, follow, max-snippet:-1, max-image-preview:large, max-video-preview:-1\" \/>\n<link rel=\"canonical\" href=\"https:\/\/diariotextual.com\/inicio\/index.php\/2023\/07\/13\/anuncian-obra-de-teatro-y-seminario-de-actuacion-en-eduardo-castex\/\" \/>\n<meta property=\"og:locale\" content=\"es_ES\" \/>\n<meta property=\"og:type\" content=\"article\" \/>\n<meta property=\"og:title\" content=\"Anuncian obra de teatro y seminario de actuaci\u00f3n en Eduardo Castex - Diario Textual\" \/>\n<meta property=\"og:description\" content=\"Con el apoyo de la Secretar\u00eda de Cultura a trav\u00e9s de la Direcci\u00f3n Provincial de Art\u00edstica, el s\u00e1bado 22 de julio la directora de teatro Silvina D\u2019Atri presentar\u00e1 en Eduardo&hellip;\" \/>\n<meta property=\"og:url\" content=\"https:\/\/diariotextual.com\/inicio\/index.php\/2023\/07\/13\/anuncian-obra-de-teatro-y-seminario-de-actuacion-en-eduardo-castex\/\" \/>\n<meta property=\"og:site_name\" content=\"Diario Textual\" \/>\n<meta property=\"article:publisher\" content=\"https:\/\/www.facebook.com\/eltextual\" \/>\n<meta property=\"article:published_time\" content=\"2023-07-13T10:22:30+00:00\" \/>\n<meta property=\"article:modified_time\" content=\"2023-07-13T10:22:31+00:00\" \/>\n<meta property=\"og:image\" content=\"https:\/\/diariotextual.com\/inicio\/wp-content\/uploads\/2022\/09\/lasenanasteatro4327545-scaled.jpg\" \/>\n\t<meta property=\"og:image:width\" content=\"2560\" \/>\n\t<meta property=\"og:image:height\" content=\"1688\" \/>\n\t<meta property=\"og:image:type\" content=\"image\/jpeg\" \/>\n<meta name=\"author\" content=\"diario2\" \/>\n<meta name=\"twitter:card\" content=\"summary_large_image\" \/>\n<meta name=\"twitter:creator\" content=\"@eltextual\" \/>\n<meta name=\"twitter:site\" content=\"@eltextual\" \/>\n<meta name=\"twitter:label1\" content=\"Escrito por\" \/>\n\t<meta name=\"twitter:data1\" content=\"diario2\" \/>\n\t<meta name=\"twitter:label2\" content=\"Tiempo de lectura\" \/>\n\t<meta name=\"twitter:data2\" content=\"2 minutos\" \/>\n<script type=\"application\/ld+json\" class=\"yoast-schema-graph\">{\"@context\":\"https:\\\/\\\/schema.org\",\"@graph\":[{\"@type\":\"Article\",\"@id\":\"https:\\\/\\\/diariotextual.com\\\/inicio\\\/index.php\\\/2023\\\/07\\\/13\\\/anuncian-obra-de-teatro-y-seminario-de-actuacion-en-eduardo-castex\\\/#article\",\"isPartOf\":{\"@id\":\"https:\\\/\\\/diariotextual.com\\\/inicio\\\/index.php\\\/2023\\\/07\\\/13\\\/anuncian-obra-de-teatro-y-seminario-de-actuacion-en-eduardo-castex\\\/\"},\"author\":{\"name\":\"diario2\",\"@id\":\"https:\\\/\\\/diariotextual.com\\\/inicio\\\/#\\\/schema\\\/person\\\/694f60677f23c4a530867a98f22b3768\"},\"headline\":\"Anuncian obra de teatro y seminario de actuaci\u00f3n en Eduardo Castex\",\"datePublished\":\"2023-07-13T10:22:30+00:00\",\"dateModified\":\"2023-07-13T10:22:31+00:00\",\"mainEntityOfPage\":{\"@id\":\"https:\\\/\\\/diariotextual.com\\\/inicio\\\/index.php\\\/2023\\\/07\\\/13\\\/anuncian-obra-de-teatro-y-seminario-de-actuacion-en-eduardo-castex\\\/\"},\"wordCount\":405,\"publisher\":{\"@id\":\"https:\\\/\\\/diariotextual.com\\\/inicio\\\/#organization\"},\"image\":{\"@id\":\"https:\\\/\\\/diariotextual.com\\\/inicio\\\/index.php\\\/2023\\\/07\\\/13\\\/anuncian-obra-de-teatro-y-seminario-de-actuacion-en-eduardo-castex\\\/#primaryimage\"},\"thumbnailUrl\":\"https:\\\/\\\/diariotextual.com\\\/inicio\\\/wp-content\\\/uploads\\\/2022\\\/09\\\/lasenanasteatro4327545-scaled.jpg\",\"articleSection\":[\"A - ES NOTICIA (van abajo)\",\"CULTURA\"],\"inLanguage\":\"es\"},{\"@type\":\"WebPage\",\"@id\":\"https:\\\/\\\/diariotextual.com\\\/inicio\\\/index.php\\\/2023\\\/07\\\/13\\\/anuncian-obra-de-teatro-y-seminario-de-actuacion-en-eduardo-castex\\\/\",\"url\":\"https:\\\/\\\/diariotextual.com\\\/inicio\\\/index.php\\\/2023\\\/07\\\/13\\\/anuncian-obra-de-teatro-y-seminario-de-actuacion-en-eduardo-castex\\\/\",\"name\":\"Anuncian obra de teatro y seminario de actuaci\u00f3n en Eduardo Castex - Diario Textual\",\"isPartOf\":{\"@id\":\"https:\\\/\\\/diariotextual.com\\\/inicio\\\/#website\"},\"primaryImageOfPage\":{\"@id\":\"https:\\\/\\\/diariotextual.com\\\/inicio\\\/index.php\\\/2023\\\/07\\\/13\\\/anuncian-obra-de-teatro-y-seminario-de-actuacion-en-eduardo-castex\\\/#primaryimage\"},\"image\":{\"@id\":\"https:\\\/\\\/diariotextual.com\\\/inicio\\\/index.php\\\/2023\\\/07\\\/13\\\/anuncian-obra-de-teatro-y-seminario-de-actuacion-en-eduardo-castex\\\/#primaryimage\"},\"thumbnailUrl\":\"https:\\\/\\\/diariotextual.com\\\/inicio\\\/wp-content\\\/uploads\\\/2022\\\/09\\\/lasenanasteatro4327545-scaled.jpg\",\"datePublished\":\"2023-07-13T10:22:30+00:00\",\"dateModified\":\"2023-07-13T10:22:31+00:00\",\"breadcrumb\":{\"@id\":\"https:\\\/\\\/diariotextual.com\\\/inicio\\\/index.php\\\/2023\\\/07\\\/13\\\/anuncian-obra-de-teatro-y-seminario-de-actuacion-en-eduardo-castex\\\/#breadcrumb\"},\"inLanguage\":\"es\",\"potentialAction\":[{\"@type\":\"ReadAction\",\"target\":[\"https:\\\/\\\/diariotextual.com\\\/inicio\\\/index.php\\\/2023\\\/07\\\/13\\\/anuncian-obra-de-teatro-y-seminario-de-actuacion-en-eduardo-castex\\\/\"]}]},{\"@type\":\"ImageObject\",\"inLanguage\":\"es\",\"@id\":\"https:\\\/\\\/diariotextual.com\\\/inicio\\\/index.php\\\/2023\\\/07\\\/13\\\/anuncian-obra-de-teatro-y-seminario-de-actuacion-en-eduardo-castex\\\/#primaryimage\",\"url\":\"https:\\\/\\\/diariotextual.com\\\/inicio\\\/wp-content\\\/uploads\\\/2022\\\/09\\\/lasenanasteatro4327545-scaled.jpg\",\"contentUrl\":\"https:\\\/\\\/diariotextual.com\\\/inicio\\\/wp-content\\\/uploads\\\/2022\\\/09\\\/lasenanasteatro4327545-scaled.jpg\",\"width\":2560,\"height\":1688},{\"@type\":\"BreadcrumbList\",\"@id\":\"https:\\\/\\\/diariotextual.com\\\/inicio\\\/index.php\\\/2023\\\/07\\\/13\\\/anuncian-obra-de-teatro-y-seminario-de-actuacion-en-eduardo-castex\\\/#breadcrumb\",\"itemListElement\":[{\"@type\":\"ListItem\",\"position\":1,\"name\":\"Portada\",\"item\":\"https:\\\/\\\/diariotextual.com\\\/inicio\\\/\"},{\"@type\":\"ListItem\",\"position\":2,\"name\":\"Anuncian obra de teatro y seminario de actuaci\u00f3n en Eduardo Castex\"}]},{\"@type\":\"WebSite\",\"@id\":\"https:\\\/\\\/diariotextual.com\\\/inicio\\\/#website\",\"url\":\"https:\\\/\\\/diariotextual.com\\\/inicio\\\/\",\"name\":\"Diario Textual\",\"description\":\"\",\"publisher\":{\"@id\":\"https:\\\/\\\/diariotextual.com\\\/inicio\\\/#organization\"},\"potentialAction\":[{\"@type\":\"SearchAction\",\"target\":{\"@type\":\"EntryPoint\",\"urlTemplate\":\"https:\\\/\\\/diariotextual.com\\\/inicio\\\/?s={search_term_string}\"},\"query-input\":{\"@type\":\"PropertyValueSpecification\",\"valueRequired\":true,\"valueName\":\"search_term_string\"}}],\"inLanguage\":\"es\"},{\"@type\":\"Organization\",\"@id\":\"https:\\\/\\\/diariotextual.com\\\/inicio\\\/#organization\",\"name\":\"Diario Textual\",\"url\":\"https:\\\/\\\/diariotextual.com\\\/inicio\\\/\",\"logo\":{\"@type\":\"ImageObject\",\"inLanguage\":\"es\",\"@id\":\"https:\\\/\\\/diariotextual.com\\\/inicio\\\/#\\\/schema\\\/logo\\\/image\\\/\",\"url\":\"https:\\\/\\\/diariotextual.com\\\/inicio\\\/wp-content\\\/uploads\\\/2023\\\/05\\\/logotextual1.jpg\",\"contentUrl\":\"https:\\\/\\\/diariotextual.com\\\/inicio\\\/wp-content\\\/uploads\\\/2023\\\/05\\\/logotextual1.jpg\",\"width\":516,\"height\":76,\"caption\":\"Diario Textual\"},\"image\":{\"@id\":\"https:\\\/\\\/diariotextual.com\\\/inicio\\\/#\\\/schema\\\/logo\\\/image\\\/\"},\"sameAs\":[\"https:\\\/\\\/www.facebook.com\\\/eltextual\",\"https:\\\/\\\/x.com\\\/eltextual\",\"http:\\\/\\\/www.instagram.com\\\/eltextual\"]},{\"@type\":\"Person\",\"@id\":\"https:\\\/\\\/diariotextual.com\\\/inicio\\\/#\\\/schema\\\/person\\\/694f60677f23c4a530867a98f22b3768\",\"name\":\"diario2\",\"image\":{\"@type\":\"ImageObject\",\"inLanguage\":\"es\",\"@id\":\"https:\\\/\\\/secure.gravatar.com\\\/avatar\\\/5a2567495ba16b852fcd8f1ed006a2e24fcace936018ed8237e95f488ad6e0a7?s=96&d=mm&r=g\",\"url\":\"https:\\\/\\\/secure.gravatar.com\\\/avatar\\\/5a2567495ba16b852fcd8f1ed006a2e24fcace936018ed8237e95f488ad6e0a7?s=96&d=mm&r=g\",\"contentUrl\":\"https:\\\/\\\/secure.gravatar.com\\\/avatar\\\/5a2567495ba16b852fcd8f1ed006a2e24fcace936018ed8237e95f488ad6e0a7?s=96&d=mm&r=g\",\"caption\":\"diario2\"},\"url\":\"https:\\\/\\\/diariotextual.com\\\/inicio\\\/index.php\\\/author\\\/diario2\\\/\"}]}<\/script>\n<!-- \/ Yoast SEO plugin. -->","yoast_head_json":{"title":"Anuncian obra de teatro y seminario de actuaci\u00f3n en Eduardo Castex - Diario Textual","robots":{"index":"index","follow":"follow","max-snippet":"max-snippet:-1","max-image-preview":"max-image-preview:large","max-video-preview":"max-video-preview:-1"},"canonical":"https:\/\/diariotextual.com\/inicio\/index.php\/2023\/07\/13\/anuncian-obra-de-teatro-y-seminario-de-actuacion-en-eduardo-castex\/","og_locale":"es_ES","og_type":"article","og_title":"Anuncian obra de teatro y seminario de actuaci\u00f3n en Eduardo Castex - Diario Textual","og_description":"Con el apoyo de la Secretar\u00eda de Cultura a trav\u00e9s de la Direcci\u00f3n Provincial de Art\u00edstica, el s\u00e1bado 22 de julio la directora de teatro Silvina D\u2019Atri presentar\u00e1 en Eduardo&hellip;","og_url":"https:\/\/diariotextual.com\/inicio\/index.php\/2023\/07\/13\/anuncian-obra-de-teatro-y-seminario-de-actuacion-en-eduardo-castex\/","og_site_name":"Diario Textual","article_publisher":"https:\/\/www.facebook.com\/eltextual","article_published_time":"2023-07-13T10:22:30+00:00","article_modified_time":"2023-07-13T10:22:31+00:00","og_image":[{"width":2560,"height":1688,"url":"https:\/\/diariotextual.com\/inicio\/wp-content\/uploads\/2022\/09\/lasenanasteatro4327545-scaled.jpg","type":"image\/jpeg"}],"author":"diario2","twitter_card":"summary_large_image","twitter_creator":"@eltextual","twitter_site":"@eltextual","twitter_misc":{"Escrito por":"diario2","Tiempo de lectura":"2 minutos"},"schema":{"@context":"https:\/\/schema.org","@graph":[{"@type":"Article","@id":"https:\/\/diariotextual.com\/inicio\/index.php\/2023\/07\/13\/anuncian-obra-de-teatro-y-seminario-de-actuacion-en-eduardo-castex\/#article","isPartOf":{"@id":"https:\/\/diariotextual.com\/inicio\/index.php\/2023\/07\/13\/anuncian-obra-de-teatro-y-seminario-de-actuacion-en-eduardo-castex\/"},"author":{"name":"diario2","@id":"https:\/\/diariotextual.com\/inicio\/#\/schema\/person\/694f60677f23c4a530867a98f22b3768"},"headline":"Anuncian obra de teatro y seminario de actuaci\u00f3n en Eduardo Castex","datePublished":"2023-07-13T10:22:30+00:00","dateModified":"2023-07-13T10:22:31+00:00","mainEntityOfPage":{"@id":"https:\/\/diariotextual.com\/inicio\/index.php\/2023\/07\/13\/anuncian-obra-de-teatro-y-seminario-de-actuacion-en-eduardo-castex\/"},"wordCount":405,"publisher":{"@id":"https:\/\/diariotextual.com\/inicio\/#organization"},"image":{"@id":"https:\/\/diariotextual.com\/inicio\/index.php\/2023\/07\/13\/anuncian-obra-de-teatro-y-seminario-de-actuacion-en-eduardo-castex\/#primaryimage"},"thumbnailUrl":"https:\/\/diariotextual.com\/inicio\/wp-content\/uploads\/2022\/09\/lasenanasteatro4327545-scaled.jpg","articleSection":["A - ES NOTICIA (van abajo)","CULTURA"],"inLanguage":"es"},{"@type":"WebPage","@id":"https:\/\/diariotextual.com\/inicio\/index.php\/2023\/07\/13\/anuncian-obra-de-teatro-y-seminario-de-actuacion-en-eduardo-castex\/","url":"https:\/\/diariotextual.com\/inicio\/index.php\/2023\/07\/13\/anuncian-obra-de-teatro-y-seminario-de-actuacion-en-eduardo-castex\/","name":"Anuncian obra de teatro y seminario de actuaci\u00f3n en Eduardo Castex - Diario Textual","isPartOf":{"@id":"https:\/\/diariotextual.com\/inicio\/#website"},"primaryImageOfPage":{"@id":"https:\/\/diariotextual.com\/inicio\/index.php\/2023\/07\/13\/anuncian-obra-de-teatro-y-seminario-de-actuacion-en-eduardo-castex\/#primaryimage"},"image":{"@id":"https:\/\/diariotextual.com\/inicio\/index.php\/2023\/07\/13\/anuncian-obra-de-teatro-y-seminario-de-actuacion-en-eduardo-castex\/#primaryimage"},"thumbnailUrl":"https:\/\/diariotextual.com\/inicio\/wp-content\/uploads\/2022\/09\/lasenanasteatro4327545-scaled.jpg","datePublished":"2023-07-13T10:22:30+00:00","dateModified":"2023-07-13T10:22:31+00:00","breadcrumb":{"@id":"https:\/\/diariotextual.com\/inicio\/index.php\/2023\/07\/13\/anuncian-obra-de-teatro-y-seminario-de-actuacion-en-eduardo-castex\/#breadcrumb"},"inLanguage":"es","potentialAction":[{"@type":"ReadAction","target":["https:\/\/diariotextual.com\/inicio\/index.php\/2023\/07\/13\/anuncian-obra-de-teatro-y-seminario-de-actuacion-en-eduardo-castex\/"]}]},{"@type":"ImageObject","inLanguage":"es","@id":"https:\/\/diariotextual.com\/inicio\/index.php\/2023\/07\/13\/anuncian-obra-de-teatro-y-seminario-de-actuacion-en-eduardo-castex\/#primaryimage","url":"https:\/\/diariotextual.com\/inicio\/wp-content\/uploads\/2022\/09\/lasenanasteatro4327545-scaled.jpg","contentUrl":"https:\/\/diariotextual.com\/inicio\/wp-content\/uploads\/2022\/09\/lasenanasteatro4327545-scaled.jpg","width":2560,"height":1688},{"@type":"BreadcrumbList","@id":"https:\/\/diariotextual.com\/inicio\/index.php\/2023\/07\/13\/anuncian-obra-de-teatro-y-seminario-de-actuacion-en-eduardo-castex\/#breadcrumb","itemListElement":[{"@type":"ListItem","position":1,"name":"Portada","item":"https:\/\/diariotextual.com\/inicio\/"},{"@type":"ListItem","position":2,"name":"Anuncian obra de teatro y seminario de actuaci\u00f3n en Eduardo Castex"}]},{"@type":"WebSite","@id":"https:\/\/diariotextual.com\/inicio\/#website","url":"https:\/\/diariotextual.com\/inicio\/","name":"Diario Textual","description":"","publisher":{"@id":"https:\/\/diariotextual.com\/inicio\/#organization"},"potentialAction":[{"@type":"SearchAction","target":{"@type":"EntryPoint","urlTemplate":"https:\/\/diariotextual.com\/inicio\/?s={search_term_string}"},"query-input":{"@type":"PropertyValueSpecification","valueRequired":true,"valueName":"search_term_string"}}],"inLanguage":"es"},{"@type":"Organization","@id":"https:\/\/diariotextual.com\/inicio\/#organization","name":"Diario Textual","url":"https:\/\/diariotextual.com\/inicio\/","logo":{"@type":"ImageObject","inLanguage":"es","@id":"https:\/\/diariotextual.com\/inicio\/#\/schema\/logo\/image\/","url":"https:\/\/diariotextual.com\/inicio\/wp-content\/uploads\/2023\/05\/logotextual1.jpg","contentUrl":"https:\/\/diariotextual.com\/inicio\/wp-content\/uploads\/2023\/05\/logotextual1.jpg","width":516,"height":76,"caption":"Diario Textual"},"image":{"@id":"https:\/\/diariotextual.com\/inicio\/#\/schema\/logo\/image\/"},"sameAs":["https:\/\/www.facebook.com\/eltextual","https:\/\/x.com\/eltextual","http:\/\/www.instagram.com\/eltextual"]},{"@type":"Person","@id":"https:\/\/diariotextual.com\/inicio\/#\/schema\/person\/694f60677f23c4a530867a98f22b3768","name":"diario2","image":{"@type":"ImageObject","inLanguage":"es","@id":"https:\/\/secure.gravatar.com\/avatar\/5a2567495ba16b852fcd8f1ed006a2e24fcace936018ed8237e95f488ad6e0a7?s=96&d=mm&r=g","url":"https:\/\/secure.gravatar.com\/avatar\/5a2567495ba16b852fcd8f1ed006a2e24fcace936018ed8237e95f488ad6e0a7?s=96&d=mm&r=g","contentUrl":"https:\/\/secure.gravatar.com\/avatar\/5a2567495ba16b852fcd8f1ed006a2e24fcace936018ed8237e95f488ad6e0a7?s=96&d=mm&r=g","caption":"diario2"},"url":"https:\/\/diariotextual.com\/inicio\/index.php\/author\/diario2\/"}]}},"_links":{"self":[{"href":"https:\/\/diariotextual.com\/inicio\/index.php\/wp-json\/wp\/v2\/posts\/230926","targetHints":{"allow":["GET"]}}],"collection":[{"href":"https:\/\/diariotextual.com\/inicio\/index.php\/wp-json\/wp\/v2\/posts"}],"about":[{"href":"https:\/\/diariotextual.com\/inicio\/index.php\/wp-json\/wp\/v2\/types\/post"}],"author":[{"embeddable":true,"href":"https:\/\/diariotextual.com\/inicio\/index.php\/wp-json\/wp\/v2\/users\/4"}],"replies":[{"embeddable":true,"href":"https:\/\/diariotextual.com\/inicio\/index.php\/wp-json\/wp\/v2\/comments?post=230926"}],"version-history":[{"count":1,"href":"https:\/\/diariotextual.com\/inicio\/index.php\/wp-json\/wp\/v2\/posts\/230926\/revisions"}],"predecessor-version":[{"id":230927,"href":"https:\/\/diariotextual.com\/inicio\/index.php\/wp-json\/wp\/v2\/posts\/230926\/revisions\/230927"}],"wp:featuredmedia":[{"embeddable":true,"href":"https:\/\/diariotextual.com\/inicio\/index.php\/wp-json\/wp\/v2\/media\/199768"}],"wp:attachment":[{"href":"https:\/\/diariotextual.com\/inicio\/index.php\/wp-json\/wp\/v2\/media?parent=230926"}],"wp:term":[{"taxonomy":"category","embeddable":true,"href":"https:\/\/diariotextual.com\/inicio\/index.php\/wp-json\/wp\/v2\/categories?post=230926"},{"taxonomy":"post_tag","embeddable":true,"href":"https:\/\/diariotextual.com\/inicio\/index.php\/wp-json\/wp\/v2\/tags?post=230926"}],"curies":[{"name":"wp","href":"https:\/\/api.w.org\/{rel}","templated":true}]}}