{"id":230928,"date":"2023-07-13T08:31:10","date_gmt":"2023-07-13T11:31:10","guid":{"rendered":"https:\/\/diariotextual.com\/inicio\/?p=230928"},"modified":"2023-07-13T09:19:02","modified_gmt":"2023-07-13T12:19:02","slug":"el-consejo-del-salario-se-reune-para-discutir-aumentos-en-el-minimo","status":"publish","type":"post","link":"https:\/\/diariotextual.com\/inicio\/index.php\/2023\/07\/13\/el-consejo-del-salario-se-reune-para-discutir-aumentos-en-el-minimo\/","title":{"rendered":"El Consejo del Salario se re\u00fane para discutir aumentos en el m\u00ednimo"},"content":{"rendered":"\n<p>El Gobierno, las tres centrales obreras y las empresas se reunir\u00e1n este jueves por la tarde para debatir el <strong>aumento del<\/strong>&nbsp;<strong>Salario M\u00ednimo, Vital y M\u00f3vil<\/strong>. El encuentro hab\u00eda sido convocado d\u00edas atr\u00e1s por el Ministerio de Trabajo.&nbsp;<\/p>\n\n\n\n<p>El Consejo Nacional del Empleo, la Productividad y el Salario M\u00ednimo discutir\u00e1 sobre el nuevo incremento en los haberes desde las 16, de forma virtual. Posteriormente, est\u00e1 prevista una segunda reuni\u00f3n en la que se fijar\u00e1n los montos actualizados, de acuerdo a lo que indica el art\u00edculo 135 de la Ley 24.013.<\/p>\n\n\n\n<p>En este primer c\u00f3nclave, los participantes se encargar\u00e1n de analizar&nbsp;las variables de los precios frente al incremento de la inflaci\u00f3n&nbsp;para consensuar un nuevo haber m\u00ednimo.<\/p>\n\n\n\n<p>La \u00faltima vez que se acordaron los nuevos montos del SMVM y prestaciones por desempleo , en distintas vigencias, fue el 21 de marzo de 2023. All\u00ed se acord\u00f3 que el monto sea de&nbsp;$80.342&nbsp;desde el 1\u00ba de abril. El incremento fue del 15,6%. Luego, subi\u00f3 otro 6% en mayo&nbsp;($84.512)&nbsp;y un 5% en junio&nbsp;($87.987).<\/p>\n","protected":false},"excerpt":{"rendered":"<p>El Gobierno, las tres centrales obreras y las empresas se reunir\u00e1n este jueves por la tarde para debatir el aumento del&nbsp;Salario M\u00ednimo, Vital y M\u00f3vil. El encuentro hab\u00eda sido convocado&hellip;<\/p>\n","protected":false},"author":7,"featured_media":216786,"comment_status":"closed","ping_status":"open","sticky":false,"template":"","format":"standard","meta":{"_acf_changed":false,"footnotes":""},"categories":[1,12],"tags":[],"class_list":["post-230928","post","type-post","status-publish","format-standard","has-post-thumbnail","hentry","category-es-noticia","category-sociedad"],"acf":[],"yoast_head":"<!-- This site is optimized with the Yoast SEO plugin v27.5 - https:\/\/yoast.com\/product\/yoast-seo-wordpress\/ -->\n<title>El Consejo del Salario se re\u00fane para discutir aumentos en el m\u00ednimo - Diario Textual<\/title>\n<meta name=\"robots\" content=\"index, follow, max-snippet:-1, max-image-preview:large, max-video-preview:-1\" \/>\n<link rel=\"canonical\" href=\"https:\/\/diariotextual.com\/inicio\/index.php\/2023\/07\/13\/el-consejo-del-salario-se-reune-para-discutir-aumentos-en-el-minimo\/\" \/>\n<meta property=\"og:locale\" content=\"es_ES\" \/>\n<meta property=\"og:type\" content=\"article\" \/>\n<meta property=\"og:title\" content=\"El Consejo del Salario se re\u00fane para discutir aumentos en el m\u00ednimo - Diario Textual\" \/>\n<meta property=\"og:description\" content=\"El Gobierno, las tres centrales obreras y las empresas se reunir\u00e1n este jueves por la tarde para debatir el aumento del&nbsp;Salario M\u00ednimo, Vital y M\u00f3vil. El encuentro hab\u00eda sido convocado&hellip;\" \/>\n<meta property=\"og:url\" content=\"https:\/\/diariotextual.com\/inicio\/index.php\/2023\/07\/13\/el-consejo-del-salario-se-reune-para-discutir-aumentos-en-el-minimo\/\" \/>\n<meta property=\"og:site_name\" content=\"Diario Textual\" \/>\n<meta property=\"article:publisher\" content=\"https:\/\/www.facebook.com\/eltextual\" \/>\n<meta property=\"article:published_time\" content=\"2023-07-13T11:31:10+00:00\" \/>\n<meta property=\"article:modified_time\" content=\"2023-07-13T12:19:02+00:00\" \/>\n<meta property=\"og:image\" content=\"https:\/\/diariotextual.com\/inicio\/wp-content\/uploads\/2023\/02\/industriatrabajo.jpeg\" \/>\n\t<meta property=\"og:image:width\" content=\"700\" \/>\n\t<meta property=\"og:image:height\" content=\"526\" \/>\n\t<meta property=\"og:image:type\" content=\"image\/jpeg\" \/>\n<meta name=\"author\" content=\"diario5\" \/>\n<meta name=\"twitter:card\" content=\"summary_large_image\" \/>\n<meta name=\"twitter:creator\" content=\"@eltextual\" \/>\n<meta name=\"twitter:site\" content=\"@eltextual\" \/>\n<meta name=\"twitter:label1\" content=\"Escrito por\" \/>\n\t<meta name=\"twitter:data1\" content=\"diario5\" \/>\n\t<meta name=\"twitter:label2\" content=\"Tiempo de lectura\" \/>\n\t<meta name=\"twitter:data2\" content=\"1 minuto\" \/>\n<script type=\"application\/ld+json\" class=\"yoast-schema-graph\">{\"@context\":\"https:\\\/\\\/schema.org\",\"@graph\":[{\"@type\":\"Article\",\"@id\":\"https:\\\/\\\/diariotextual.com\\\/inicio\\\/index.php\\\/2023\\\/07\\\/13\\\/el-consejo-del-salario-se-reune-para-discutir-aumentos-en-el-minimo\\\/#article\",\"isPartOf\":{\"@id\":\"https:\\\/\\\/diariotextual.com\\\/inicio\\\/index.php\\\/2023\\\/07\\\/13\\\/el-consejo-del-salario-se-reune-para-discutir-aumentos-en-el-minimo\\\/\"},\"author\":{\"name\":\"diario5\",\"@id\":\"https:\\\/\\\/diariotextual.com\\\/inicio\\\/#\\\/schema\\\/person\\\/c7834961ad8b29b1d9cdbf4571299067\"},\"headline\":\"El Consejo del Salario se re\u00fane para discutir aumentos en el m\u00ednimo\",\"datePublished\":\"2023-07-13T11:31:10+00:00\",\"dateModified\":\"2023-07-13T12:19:02+00:00\",\"mainEntityOfPage\":{\"@id\":\"https:\\\/\\\/diariotextual.com\\\/inicio\\\/index.php\\\/2023\\\/07\\\/13\\\/el-consejo-del-salario-se-reune-para-discutir-aumentos-en-el-minimo\\\/\"},\"wordCount\":199,\"publisher\":{\"@id\":\"https:\\\/\\\/diariotextual.com\\\/inicio\\\/#organization\"},\"image\":{\"@id\":\"https:\\\/\\\/diariotextual.com\\\/inicio\\\/index.php\\\/2023\\\/07\\\/13\\\/el-consejo-del-salario-se-reune-para-discutir-aumentos-en-el-minimo\\\/#primaryimage\"},\"thumbnailUrl\":\"https:\\\/\\\/diariotextual.com\\\/inicio\\\/wp-content\\\/uploads\\\/2023\\\/02\\\/industriatrabajo.jpeg\",\"articleSection\":[\"A - ES NOTICIA (van abajo)\",\"SOCIEDAD\"],\"inLanguage\":\"es\"},{\"@type\":\"WebPage\",\"@id\":\"https:\\\/\\\/diariotextual.com\\\/inicio\\\/index.php\\\/2023\\\/07\\\/13\\\/el-consejo-del-salario-se-reune-para-discutir-aumentos-en-el-minimo\\\/\",\"url\":\"https:\\\/\\\/diariotextual.com\\\/inicio\\\/index.php\\\/2023\\\/07\\\/13\\\/el-consejo-del-salario-se-reune-para-discutir-aumentos-en-el-minimo\\\/\",\"name\":\"El Consejo del Salario se re\u00fane para discutir aumentos en el m\u00ednimo - Diario Textual\",\"isPartOf\":{\"@id\":\"https:\\\/\\\/diariotextual.com\\\/inicio\\\/#website\"},\"primaryImageOfPage\":{\"@id\":\"https:\\\/\\\/diariotextual.com\\\/inicio\\\/index.php\\\/2023\\\/07\\\/13\\\/el-consejo-del-salario-se-reune-para-discutir-aumentos-en-el-minimo\\\/#primaryimage\"},\"image\":{\"@id\":\"https:\\\/\\\/diariotextual.com\\\/inicio\\\/index.php\\\/2023\\\/07\\\/13\\\/el-consejo-del-salario-se-reune-para-discutir-aumentos-en-el-minimo\\\/#primaryimage\"},\"thumbnailUrl\":\"https:\\\/\\\/diariotextual.com\\\/inicio\\\/wp-content\\\/uploads\\\/2023\\\/02\\\/industriatrabajo.jpeg\",\"datePublished\":\"2023-07-13T11:31:10+00:00\",\"dateModified\":\"2023-07-13T12:19:02+00:00\",\"breadcrumb\":{\"@id\":\"https:\\\/\\\/diariotextual.com\\\/inicio\\\/index.php\\\/2023\\\/07\\\/13\\\/el-consejo-del-salario-se-reune-para-discutir-aumentos-en-el-minimo\\\/#breadcrumb\"},\"inLanguage\":\"es\",\"potentialAction\":[{\"@type\":\"ReadAction\",\"target\":[\"https:\\\/\\\/diariotextual.com\\\/inicio\\\/index.php\\\/2023\\\/07\\\/13\\\/el-consejo-del-salario-se-reune-para-discutir-aumentos-en-el-minimo\\\/\"]}]},{\"@type\":\"ImageObject\",\"inLanguage\":\"es\",\"@id\":\"https:\\\/\\\/diariotextual.com\\\/inicio\\\/index.php\\\/2023\\\/07\\\/13\\\/el-consejo-del-salario-se-reune-para-discutir-aumentos-en-el-minimo\\\/#primaryimage\",\"url\":\"https:\\\/\\\/diariotextual.com\\\/inicio\\\/wp-content\\\/uploads\\\/2023\\\/02\\\/industriatrabajo.jpeg\",\"contentUrl\":\"https:\\\/\\\/diariotextual.com\\\/inicio\\\/wp-content\\\/uploads\\\/2023\\\/02\\\/industriatrabajo.jpeg\",\"width\":700,\"height\":526},{\"@type\":\"BreadcrumbList\",\"@id\":\"https:\\\/\\\/diariotextual.com\\\/inicio\\\/index.php\\\/2023\\\/07\\\/13\\\/el-consejo-del-salario-se-reune-para-discutir-aumentos-en-el-minimo\\\/#breadcrumb\",\"itemListElement\":[{\"@type\":\"ListItem\",\"position\":1,\"name\":\"Portada\",\"item\":\"https:\\\/\\\/diariotextual.com\\\/inicio\\\/\"},{\"@type\":\"ListItem\",\"position\":2,\"name\":\"El Consejo del Salario se re\u00fane para discutir aumentos en el m\u00ednimo\"}]},{\"@type\":\"WebSite\",\"@id\":\"https:\\\/\\\/diariotextual.com\\\/inicio\\\/#website\",\"url\":\"https:\\\/\\\/diariotextual.com\\\/inicio\\\/\",\"name\":\"Diario Textual\",\"description\":\"\",\"publisher\":{\"@id\":\"https:\\\/\\\/diariotextual.com\\\/inicio\\\/#organization\"},\"potentialAction\":[{\"@type\":\"SearchAction\",\"target\":{\"@type\":\"EntryPoint\",\"urlTemplate\":\"https:\\\/\\\/diariotextual.com\\\/inicio\\\/?s={search_term_string}\"},\"query-input\":{\"@type\":\"PropertyValueSpecification\",\"valueRequired\":true,\"valueName\":\"search_term_string\"}}],\"inLanguage\":\"es\"},{\"@type\":\"Organization\",\"@id\":\"https:\\\/\\\/diariotextual.com\\\/inicio\\\/#organization\",\"name\":\"Diario Textual\",\"url\":\"https:\\\/\\\/diariotextual.com\\\/inicio\\\/\",\"logo\":{\"@type\":\"ImageObject\",\"inLanguage\":\"es\",\"@id\":\"https:\\\/\\\/diariotextual.com\\\/inicio\\\/#\\\/schema\\\/logo\\\/image\\\/\",\"url\":\"https:\\\/\\\/diariotextual.com\\\/inicio\\\/wp-content\\\/uploads\\\/2023\\\/05\\\/logotextual1.jpg\",\"contentUrl\":\"https:\\\/\\\/diariotextual.com\\\/inicio\\\/wp-content\\\/uploads\\\/2023\\\/05\\\/logotextual1.jpg\",\"width\":516,\"height\":76,\"caption\":\"Diario Textual\"},\"image\":{\"@id\":\"https:\\\/\\\/diariotextual.com\\\/inicio\\\/#\\\/schema\\\/logo\\\/image\\\/\"},\"sameAs\":[\"https:\\\/\\\/www.facebook.com\\\/eltextual\",\"https:\\\/\\\/x.com\\\/eltextual\",\"http:\\\/\\\/www.instagram.com\\\/eltextual\"]},{\"@type\":\"Person\",\"@id\":\"https:\\\/\\\/diariotextual.com\\\/inicio\\\/#\\\/schema\\\/person\\\/c7834961ad8b29b1d9cdbf4571299067\",\"name\":\"diario5\",\"image\":{\"@type\":\"ImageObject\",\"inLanguage\":\"es\",\"@id\":\"https:\\\/\\\/secure.gravatar.com\\\/avatar\\\/948c893b847ca6df68216ead81b63f363408ec9b0f600fefc0641ce78613b111?s=96&d=mm&r=g\",\"url\":\"https:\\\/\\\/secure.gravatar.com\\\/avatar\\\/948c893b847ca6df68216ead81b63f363408ec9b0f600fefc0641ce78613b111?s=96&d=mm&r=g\",\"contentUrl\":\"https:\\\/\\\/secure.gravatar.com\\\/avatar\\\/948c893b847ca6df68216ead81b63f363408ec9b0f600fefc0641ce78613b111?s=96&d=mm&r=g\",\"caption\":\"diario5\"},\"url\":\"https:\\\/\\\/diariotextual.com\\\/inicio\\\/index.php\\\/author\\\/diario5\\\/\"}]}<\/script>\n<!-- \/ Yoast SEO plugin. -->","yoast_head_json":{"title":"El Consejo del Salario se re\u00fane para discutir aumentos en el m\u00ednimo - Diario Textual","robots":{"index":"index","follow":"follow","max-snippet":"max-snippet:-1","max-image-preview":"max-image-preview:large","max-video-preview":"max-video-preview:-1"},"canonical":"https:\/\/diariotextual.com\/inicio\/index.php\/2023\/07\/13\/el-consejo-del-salario-se-reune-para-discutir-aumentos-en-el-minimo\/","og_locale":"es_ES","og_type":"article","og_title":"El Consejo del Salario se re\u00fane para discutir aumentos en el m\u00ednimo - Diario Textual","og_description":"El Gobierno, las tres centrales obreras y las empresas se reunir\u00e1n este jueves por la tarde para debatir el aumento del&nbsp;Salario M\u00ednimo, Vital y M\u00f3vil. El encuentro hab\u00eda sido convocado&hellip;","og_url":"https:\/\/diariotextual.com\/inicio\/index.php\/2023\/07\/13\/el-consejo-del-salario-se-reune-para-discutir-aumentos-en-el-minimo\/","og_site_name":"Diario Textual","article_publisher":"https:\/\/www.facebook.com\/eltextual","article_published_time":"2023-07-13T11:31:10+00:00","article_modified_time":"2023-07-13T12:19:02+00:00","og_image":[{"width":700,"height":526,"url":"https:\/\/diariotextual.com\/inicio\/wp-content\/uploads\/2023\/02\/industriatrabajo.jpeg","type":"image\/jpeg"}],"author":"diario5","twitter_card":"summary_large_image","twitter_creator":"@eltextual","twitter_site":"@eltextual","twitter_misc":{"Escrito por":"diario5","Tiempo de lectura":"1 minuto"},"schema":{"@context":"https:\/\/schema.org","@graph":[{"@type":"Article","@id":"https:\/\/diariotextual.com\/inicio\/index.php\/2023\/07\/13\/el-consejo-del-salario-se-reune-para-discutir-aumentos-en-el-minimo\/#article","isPartOf":{"@id":"https:\/\/diariotextual.com\/inicio\/index.php\/2023\/07\/13\/el-consejo-del-salario-se-reune-para-discutir-aumentos-en-el-minimo\/"},"author":{"name":"diario5","@id":"https:\/\/diariotextual.com\/inicio\/#\/schema\/person\/c7834961ad8b29b1d9cdbf4571299067"},"headline":"El Consejo del Salario se re\u00fane para discutir aumentos en el m\u00ednimo","datePublished":"2023-07-13T11:31:10+00:00","dateModified":"2023-07-13T12:19:02+00:00","mainEntityOfPage":{"@id":"https:\/\/diariotextual.com\/inicio\/index.php\/2023\/07\/13\/el-consejo-del-salario-se-reune-para-discutir-aumentos-en-el-minimo\/"},"wordCount":199,"publisher":{"@id":"https:\/\/diariotextual.com\/inicio\/#organization"},"image":{"@id":"https:\/\/diariotextual.com\/inicio\/index.php\/2023\/07\/13\/el-consejo-del-salario-se-reune-para-discutir-aumentos-en-el-minimo\/#primaryimage"},"thumbnailUrl":"https:\/\/diariotextual.com\/inicio\/wp-content\/uploads\/2023\/02\/industriatrabajo.jpeg","articleSection":["A - ES NOTICIA (van abajo)","SOCIEDAD"],"inLanguage":"es"},{"@type":"WebPage","@id":"https:\/\/diariotextual.com\/inicio\/index.php\/2023\/07\/13\/el-consejo-del-salario-se-reune-para-discutir-aumentos-en-el-minimo\/","url":"https:\/\/diariotextual.com\/inicio\/index.php\/2023\/07\/13\/el-consejo-del-salario-se-reune-para-discutir-aumentos-en-el-minimo\/","name":"El Consejo del Salario se re\u00fane para discutir aumentos en el m\u00ednimo - Diario Textual","isPartOf":{"@id":"https:\/\/diariotextual.com\/inicio\/#website"},"primaryImageOfPage":{"@id":"https:\/\/diariotextual.com\/inicio\/index.php\/2023\/07\/13\/el-consejo-del-salario-se-reune-para-discutir-aumentos-en-el-minimo\/#primaryimage"},"image":{"@id":"https:\/\/diariotextual.com\/inicio\/index.php\/2023\/07\/13\/el-consejo-del-salario-se-reune-para-discutir-aumentos-en-el-minimo\/#primaryimage"},"thumbnailUrl":"https:\/\/diariotextual.com\/inicio\/wp-content\/uploads\/2023\/02\/industriatrabajo.jpeg","datePublished":"2023-07-13T11:31:10+00:00","dateModified":"2023-07-13T12:19:02+00:00","breadcrumb":{"@id":"https:\/\/diariotextual.com\/inicio\/index.php\/2023\/07\/13\/el-consejo-del-salario-se-reune-para-discutir-aumentos-en-el-minimo\/#breadcrumb"},"inLanguage":"es","potentialAction":[{"@type":"ReadAction","target":["https:\/\/diariotextual.com\/inicio\/index.php\/2023\/07\/13\/el-consejo-del-salario-se-reune-para-discutir-aumentos-en-el-minimo\/"]}]},{"@type":"ImageObject","inLanguage":"es","@id":"https:\/\/diariotextual.com\/inicio\/index.php\/2023\/07\/13\/el-consejo-del-salario-se-reune-para-discutir-aumentos-en-el-minimo\/#primaryimage","url":"https:\/\/diariotextual.com\/inicio\/wp-content\/uploads\/2023\/02\/industriatrabajo.jpeg","contentUrl":"https:\/\/diariotextual.com\/inicio\/wp-content\/uploads\/2023\/02\/industriatrabajo.jpeg","width":700,"height":526},{"@type":"BreadcrumbList","@id":"https:\/\/diariotextual.com\/inicio\/index.php\/2023\/07\/13\/el-consejo-del-salario-se-reune-para-discutir-aumentos-en-el-minimo\/#breadcrumb","itemListElement":[{"@type":"ListItem","position":1,"name":"Portada","item":"https:\/\/diariotextual.com\/inicio\/"},{"@type":"ListItem","position":2,"name":"El Consejo del Salario se re\u00fane para discutir aumentos en el m\u00ednimo"}]},{"@type":"WebSite","@id":"https:\/\/diariotextual.com\/inicio\/#website","url":"https:\/\/diariotextual.com\/inicio\/","name":"Diario Textual","description":"","publisher":{"@id":"https:\/\/diariotextual.com\/inicio\/#organization"},"potentialAction":[{"@type":"SearchAction","target":{"@type":"EntryPoint","urlTemplate":"https:\/\/diariotextual.com\/inicio\/?s={search_term_string}"},"query-input":{"@type":"PropertyValueSpecification","valueRequired":true,"valueName":"search_term_string"}}],"inLanguage":"es"},{"@type":"Organization","@id":"https:\/\/diariotextual.com\/inicio\/#organization","name":"Diario Textual","url":"https:\/\/diariotextual.com\/inicio\/","logo":{"@type":"ImageObject","inLanguage":"es","@id":"https:\/\/diariotextual.com\/inicio\/#\/schema\/logo\/image\/","url":"https:\/\/diariotextual.com\/inicio\/wp-content\/uploads\/2023\/05\/logotextual1.jpg","contentUrl":"https:\/\/diariotextual.com\/inicio\/wp-content\/uploads\/2023\/05\/logotextual1.jpg","width":516,"height":76,"caption":"Diario Textual"},"image":{"@id":"https:\/\/diariotextual.com\/inicio\/#\/schema\/logo\/image\/"},"sameAs":["https:\/\/www.facebook.com\/eltextual","https:\/\/x.com\/eltextual","http:\/\/www.instagram.com\/eltextual"]},{"@type":"Person","@id":"https:\/\/diariotextual.com\/inicio\/#\/schema\/person\/c7834961ad8b29b1d9cdbf4571299067","name":"diario5","image":{"@type":"ImageObject","inLanguage":"es","@id":"https:\/\/secure.gravatar.com\/avatar\/948c893b847ca6df68216ead81b63f363408ec9b0f600fefc0641ce78613b111?s=96&d=mm&r=g","url":"https:\/\/secure.gravatar.com\/avatar\/948c893b847ca6df68216ead81b63f363408ec9b0f600fefc0641ce78613b111?s=96&d=mm&r=g","contentUrl":"https:\/\/secure.gravatar.com\/avatar\/948c893b847ca6df68216ead81b63f363408ec9b0f600fefc0641ce78613b111?s=96&d=mm&r=g","caption":"diario5"},"url":"https:\/\/diariotextual.com\/inicio\/index.php\/author\/diario5\/"}]}},"_links":{"self":[{"href":"https:\/\/diariotextual.com\/inicio\/index.php\/wp-json\/wp\/v2\/posts\/230928","targetHints":{"allow":["GET"]}}],"collection":[{"href":"https:\/\/diariotextual.com\/inicio\/index.php\/wp-json\/wp\/v2\/posts"}],"about":[{"href":"https:\/\/diariotextual.com\/inicio\/index.php\/wp-json\/wp\/v2\/types\/post"}],"author":[{"embeddable":true,"href":"https:\/\/diariotextual.com\/inicio\/index.php\/wp-json\/wp\/v2\/users\/7"}],"replies":[{"embeddable":true,"href":"https:\/\/diariotextual.com\/inicio\/index.php\/wp-json\/wp\/v2\/comments?post=230928"}],"version-history":[{"count":2,"href":"https:\/\/diariotextual.com\/inicio\/index.php\/wp-json\/wp\/v2\/posts\/230928\/revisions"}],"predecessor-version":[{"id":230936,"href":"https:\/\/diariotextual.com\/inicio\/index.php\/wp-json\/wp\/v2\/posts\/230928\/revisions\/230936"}],"wp:featuredmedia":[{"embeddable":true,"href":"https:\/\/diariotextual.com\/inicio\/index.php\/wp-json\/wp\/v2\/media\/216786"}],"wp:attachment":[{"href":"https:\/\/diariotextual.com\/inicio\/index.php\/wp-json\/wp\/v2\/media?parent=230928"}],"wp:term":[{"taxonomy":"category","embeddable":true,"href":"https:\/\/diariotextual.com\/inicio\/index.php\/wp-json\/wp\/v2\/categories?post=230928"},{"taxonomy":"post_tag","embeddable":true,"href":"https:\/\/diariotextual.com\/inicio\/index.php\/wp-json\/wp\/v2\/tags?post=230928"}],"curies":[{"name":"wp","href":"https:\/\/api.w.org\/{rel}","templated":true}]}}