{"id":230933,"date":"2023-07-13T09:18:39","date_gmt":"2023-07-13T12:18:39","guid":{"rendered":"https:\/\/diariotextual.com\/inicio\/?p=230933"},"modified":"2023-07-13T16:53:50","modified_gmt":"2023-07-13T19:53:50","slug":"manifestacion-en-el-municipio-en-reclamo-de-luz-para-el-barrio-el-amanecer","status":"publish","type":"post","link":"https:\/\/diariotextual.com\/inicio\/index.php\/2023\/07\/13\/manifestacion-en-el-municipio-en-reclamo-de-luz-para-el-barrio-el-amanecer\/","title":{"rendered":"Manifestaci\u00f3n en el municipio en reclamo de luz para el barrio El Amanecer"},"content":{"rendered":"\n<p>Bajo la consigna <strong>\u201cLuz para el barrio El Amanecer\u201d<\/strong> vecinos y vecinas nucleados en la Uni\u00f3n de Trabajadores y Trabajadoras de la Tierra (UTT) se movilizaron este jueves a la municipalidad de Santa Rosa a plantearle el reclamo al intendente <strong>Luciano di N\u00e1poli.<\/strong> Desde la municipalidad, poco despu\u00e9s, comunicaron que <strong>las gestiones las iniciaron el 6 de mayo ante el Gobierno nacional. <\/strong>Esa documentaci\u00f3n, expresaron, est\u00e1 en an\u00e1lisis de funcionarios nacionales.<\/p>\n\n\n\n<p>El barrio El Amanecer est\u00e1 ubicado en cercan\u00edas del relleno sanitario de Santa Rosa. All\u00ed viven unas 60 familias campesinas que cr\u00edan corderos, cerdos, gallinas, chivas, pavos, gansos y patos. Necesitan la luz para mejorar sus condiciones de vida y poder seguir produciendo alimentos.<\/p>\n\n\n\n<p>Los vecinos y vecinas est\u00e1n cansados de promesas. Aseguran que la Cooperativa Popular de Electricidad est\u00e1 esperando el okey del municipio para avanzar con la bajada del sumministro. Dicen que Naci\u00f3n ya tiene los fondos para financiar las obras, pero necesita un convenio con la comuna.<\/p>\n\n\n\n<figure class=\"wp-block-image size-full\"><img fetchpriority=\"high\" decoding=\"async\" width=\"899\" height=\"804\" src=\"https:\/\/diariotextual.com\/inicio\/wp-content\/uploads\/2023\/07\/elamanecermanifestacionporluz11111.jpg\" alt=\"\" class=\"wp-image-230954\" srcset=\"https:\/\/diariotextual.com\/inicio\/wp-content\/uploads\/2023\/07\/elamanecermanifestacionporluz11111.jpg 899w, https:\/\/diariotextual.com\/inicio\/wp-content\/uploads\/2023\/07\/elamanecermanifestacionporluz11111-300x268.jpg 300w, https:\/\/diariotextual.com\/inicio\/wp-content\/uploads\/2023\/07\/elamanecermanifestacionporluz11111-768x687.jpg 768w, https:\/\/diariotextual.com\/inicio\/wp-content\/uploads\/2023\/07\/elamanecermanifestacionporluz11111-585x523.jpg 585w\" sizes=\"(max-width: 899px) 100vw, 899px\" \/><\/figure>\n\n\n\n<p>Este es el tercer asentamiento que reclama la luz. El Nuevo Salitral y Micaela Garc\u00eda tambi\u00e9n est\u00e1n pidiendo el servicio.   <\/p>\n\n\n\n<p><\/p>\n\n\n\n<figure class=\"wp-block-embed is-type-wp-embed is-provider-diario-textual wp-block-embed-diario-textual\"><div class=\"wp-block-embed__wrapper\">\n<blockquote class=\"wp-embedded-content\" data-secret=\"KHBtjRp3DV\"><a href=\"https:\/\/diariotextual.com\/inicio\/index.php\/2023\/07\/13\/la-municipalidad-dice-que-hace-dos-meses-ya-pidio-luz-para-el-amanecer\/\">La Municipalidad dice que hace dos meses ya pidi\u00f3 luz para El Amanecer<\/a><\/blockquote><iframe class=\"wp-embedded-content\" sandbox=\"allow-scripts\" security=\"restricted\" style=\"position: absolute; clip: rect(1px, 1px, 1px, 1px);\" title=\"\u00abLa Municipalidad dice que hace dos meses ya pidi\u00f3 luz para El Amanecer\u00bb \u2014 Diario Textual\" src=\"https:\/\/diariotextual.com\/inicio\/index.php\/2023\/07\/13\/la-municipalidad-dice-que-hace-dos-meses-ya-pidio-luz-para-el-amanecer\/embed\/#?secret=4zHD0DN13t#?secret=KHBtjRp3DV\" data-secret=\"KHBtjRp3DV\" width=\"600\" height=\"338\" frameborder=\"0\" marginwidth=\"0\" marginheight=\"0\" scrolling=\"no\"><\/iframe>\n<\/div><\/figure>\n","protected":false},"excerpt":{"rendered":"<p>Bajo la consigna \u201cLuz para el barrio El Amanecer\u201d vecinos y vecinas nucleados en la Uni\u00f3n de Trabajadores y Trabajadoras de la Tierra (UTT) se movilizaron este jueves a la&hellip;<\/p>\n","protected":false},"author":7,"featured_media":230951,"comment_status":"closed","ping_status":"open","sticky":false,"template":"","format":"standard","meta":{"_acf_changed":false,"footnotes":""},"categories":[11,12],"tags":[],"class_list":["post-230933","post","type-post","status-publish","format-standard","has-post-thumbnail","hentry","category-que-pasa","category-sociedad"],"acf":[],"yoast_head":"<!-- This site is optimized with the Yoast SEO plugin v27.5 - https:\/\/yoast.com\/product\/yoast-seo-wordpress\/ -->\n<title>Manifestaci\u00f3n en el municipio en reclamo de luz para el barrio El Amanecer - Diario Textual<\/title>\n<meta name=\"robots\" content=\"index, follow, max-snippet:-1, max-image-preview:large, max-video-preview:-1\" \/>\n<link rel=\"canonical\" href=\"https:\/\/diariotextual.com\/inicio\/index.php\/2023\/07\/13\/manifestacion-en-el-municipio-en-reclamo-de-luz-para-el-barrio-el-amanecer\/\" \/>\n<meta property=\"og:locale\" content=\"es_ES\" \/>\n<meta property=\"og:type\" content=\"article\" \/>\n<meta property=\"og:title\" content=\"Manifestaci\u00f3n en el municipio en reclamo de luz para el barrio El Amanecer - Diario Textual\" \/>\n<meta property=\"og:description\" content=\"Bajo la consigna \u201cLuz para el barrio El Amanecer\u201d vecinos y vecinas nucleados en la Uni\u00f3n de Trabajadores y Trabajadoras de la Tierra (UTT) se movilizaron este jueves a la&hellip;\" \/>\n<meta property=\"og:url\" content=\"https:\/\/diariotextual.com\/inicio\/index.php\/2023\/07\/13\/manifestacion-en-el-municipio-en-reclamo-de-luz-para-el-barrio-el-amanecer\/\" \/>\n<meta property=\"og:site_name\" content=\"Diario Textual\" \/>\n<meta property=\"article:publisher\" content=\"https:\/\/www.facebook.com\/eltextual\" \/>\n<meta property=\"article:published_time\" content=\"2023-07-13T12:18:39+00:00\" \/>\n<meta property=\"article:modified_time\" content=\"2023-07-13T19:53:50+00:00\" \/>\n<meta property=\"og:image\" content=\"https:\/\/diariotextual.com\/inicio\/wp-content\/uploads\/2023\/07\/elamanecermanifestacionporluz.jpg\" \/>\n\t<meta property=\"og:image:width\" content=\"1600\" \/>\n\t<meta property=\"og:image:height\" content=\"901\" \/>\n\t<meta property=\"og:image:type\" content=\"image\/jpeg\" \/>\n<meta name=\"author\" content=\"diario5\" \/>\n<meta name=\"twitter:card\" content=\"summary_large_image\" \/>\n<meta name=\"twitter:creator\" content=\"@eltextual\" \/>\n<meta name=\"twitter:site\" content=\"@eltextual\" \/>\n<meta name=\"twitter:label1\" content=\"Escrito por\" \/>\n\t<meta name=\"twitter:data1\" content=\"diario5\" \/>\n\t<meta name=\"twitter:label2\" content=\"Tiempo de lectura\" \/>\n\t<meta name=\"twitter:data2\" content=\"2 minutos\" \/>\n<script type=\"application\/ld+json\" class=\"yoast-schema-graph\">{\"@context\":\"https:\\\/\\\/schema.org\",\"@graph\":[{\"@type\":\"Article\",\"@id\":\"https:\\\/\\\/diariotextual.com\\\/inicio\\\/index.php\\\/2023\\\/07\\\/13\\\/manifestacion-en-el-municipio-en-reclamo-de-luz-para-el-barrio-el-amanecer\\\/#article\",\"isPartOf\":{\"@id\":\"https:\\\/\\\/diariotextual.com\\\/inicio\\\/index.php\\\/2023\\\/07\\\/13\\\/manifestacion-en-el-municipio-en-reclamo-de-luz-para-el-barrio-el-amanecer\\\/\"},\"author\":{\"name\":\"diario5\",\"@id\":\"https:\\\/\\\/diariotextual.com\\\/inicio\\\/#\\\/schema\\\/person\\\/c7834961ad8b29b1d9cdbf4571299067\"},\"headline\":\"Manifestaci\u00f3n en el municipio en reclamo de luz para el barrio El Amanecer\",\"datePublished\":\"2023-07-13T12:18:39+00:00\",\"dateModified\":\"2023-07-13T19:53:50+00:00\",\"mainEntityOfPage\":{\"@id\":\"https:\\\/\\\/diariotextual.com\\\/inicio\\\/index.php\\\/2023\\\/07\\\/13\\\/manifestacion-en-el-municipio-en-reclamo-de-luz-para-el-barrio-el-amanecer\\\/\"},\"wordCount\":212,\"publisher\":{\"@id\":\"https:\\\/\\\/diariotextual.com\\\/inicio\\\/#organization\"},\"image\":{\"@id\":\"https:\\\/\\\/diariotextual.com\\\/inicio\\\/index.php\\\/2023\\\/07\\\/13\\\/manifestacion-en-el-municipio-en-reclamo-de-luz-para-el-barrio-el-amanecer\\\/#primaryimage\"},\"thumbnailUrl\":\"https:\\\/\\\/diariotextual.com\\\/inicio\\\/wp-content\\\/uploads\\\/2023\\\/07\\\/elamanecermanifestacionporluz.jpg\",\"articleSection\":[\"A - QUE PASA (al costado)\",\"SOCIEDAD\"],\"inLanguage\":\"es\"},{\"@type\":\"WebPage\",\"@id\":\"https:\\\/\\\/diariotextual.com\\\/inicio\\\/index.php\\\/2023\\\/07\\\/13\\\/manifestacion-en-el-municipio-en-reclamo-de-luz-para-el-barrio-el-amanecer\\\/\",\"url\":\"https:\\\/\\\/diariotextual.com\\\/inicio\\\/index.php\\\/2023\\\/07\\\/13\\\/manifestacion-en-el-municipio-en-reclamo-de-luz-para-el-barrio-el-amanecer\\\/\",\"name\":\"Manifestaci\u00f3n en el municipio en reclamo de luz para el barrio El Amanecer - Diario Textual\",\"isPartOf\":{\"@id\":\"https:\\\/\\\/diariotextual.com\\\/inicio\\\/#website\"},\"primaryImageOfPage\":{\"@id\":\"https:\\\/\\\/diariotextual.com\\\/inicio\\\/index.php\\\/2023\\\/07\\\/13\\\/manifestacion-en-el-municipio-en-reclamo-de-luz-para-el-barrio-el-amanecer\\\/#primaryimage\"},\"image\":{\"@id\":\"https:\\\/\\\/diariotextual.com\\\/inicio\\\/index.php\\\/2023\\\/07\\\/13\\\/manifestacion-en-el-municipio-en-reclamo-de-luz-para-el-barrio-el-amanecer\\\/#primaryimage\"},\"thumbnailUrl\":\"https:\\\/\\\/diariotextual.com\\\/inicio\\\/wp-content\\\/uploads\\\/2023\\\/07\\\/elamanecermanifestacionporluz.jpg\",\"datePublished\":\"2023-07-13T12:18:39+00:00\",\"dateModified\":\"2023-07-13T19:53:50+00:00\",\"breadcrumb\":{\"@id\":\"https:\\\/\\\/diariotextual.com\\\/inicio\\\/index.php\\\/2023\\\/07\\\/13\\\/manifestacion-en-el-municipio-en-reclamo-de-luz-para-el-barrio-el-amanecer\\\/#breadcrumb\"},\"inLanguage\":\"es\",\"potentialAction\":[{\"@type\":\"ReadAction\",\"target\":[\"https:\\\/\\\/diariotextual.com\\\/inicio\\\/index.php\\\/2023\\\/07\\\/13\\\/manifestacion-en-el-municipio-en-reclamo-de-luz-para-el-barrio-el-amanecer\\\/\"]}]},{\"@type\":\"ImageObject\",\"inLanguage\":\"es\",\"@id\":\"https:\\\/\\\/diariotextual.com\\\/inicio\\\/index.php\\\/2023\\\/07\\\/13\\\/manifestacion-en-el-municipio-en-reclamo-de-luz-para-el-barrio-el-amanecer\\\/#primaryimage\",\"url\":\"https:\\\/\\\/diariotextual.com\\\/inicio\\\/wp-content\\\/uploads\\\/2023\\\/07\\\/elamanecermanifestacionporluz.jpg\",\"contentUrl\":\"https:\\\/\\\/diariotextual.com\\\/inicio\\\/wp-content\\\/uploads\\\/2023\\\/07\\\/elamanecermanifestacionporluz.jpg\",\"width\":1600,\"height\":901},{\"@type\":\"BreadcrumbList\",\"@id\":\"https:\\\/\\\/diariotextual.com\\\/inicio\\\/index.php\\\/2023\\\/07\\\/13\\\/manifestacion-en-el-municipio-en-reclamo-de-luz-para-el-barrio-el-amanecer\\\/#breadcrumb\",\"itemListElement\":[{\"@type\":\"ListItem\",\"position\":1,\"name\":\"Portada\",\"item\":\"https:\\\/\\\/diariotextual.com\\\/inicio\\\/\"},{\"@type\":\"ListItem\",\"position\":2,\"name\":\"Manifestaci\u00f3n en el municipio en reclamo de luz para el barrio El Amanecer\"}]},{\"@type\":\"WebSite\",\"@id\":\"https:\\\/\\\/diariotextual.com\\\/inicio\\\/#website\",\"url\":\"https:\\\/\\\/diariotextual.com\\\/inicio\\\/\",\"name\":\"Diario Textual\",\"description\":\"\",\"publisher\":{\"@id\":\"https:\\\/\\\/diariotextual.com\\\/inicio\\\/#organization\"},\"potentialAction\":[{\"@type\":\"SearchAction\",\"target\":{\"@type\":\"EntryPoint\",\"urlTemplate\":\"https:\\\/\\\/diariotextual.com\\\/inicio\\\/?s={search_term_string}\"},\"query-input\":{\"@type\":\"PropertyValueSpecification\",\"valueRequired\":true,\"valueName\":\"search_term_string\"}}],\"inLanguage\":\"es\"},{\"@type\":\"Organization\",\"@id\":\"https:\\\/\\\/diariotextual.com\\\/inicio\\\/#organization\",\"name\":\"Diario Textual\",\"url\":\"https:\\\/\\\/diariotextual.com\\\/inicio\\\/\",\"logo\":{\"@type\":\"ImageObject\",\"inLanguage\":\"es\",\"@id\":\"https:\\\/\\\/diariotextual.com\\\/inicio\\\/#\\\/schema\\\/logo\\\/image\\\/\",\"url\":\"https:\\\/\\\/diariotextual.com\\\/inicio\\\/wp-content\\\/uploads\\\/2023\\\/05\\\/logotextual1.jpg\",\"contentUrl\":\"https:\\\/\\\/diariotextual.com\\\/inicio\\\/wp-content\\\/uploads\\\/2023\\\/05\\\/logotextual1.jpg\",\"width\":516,\"height\":76,\"caption\":\"Diario Textual\"},\"image\":{\"@id\":\"https:\\\/\\\/diariotextual.com\\\/inicio\\\/#\\\/schema\\\/logo\\\/image\\\/\"},\"sameAs\":[\"https:\\\/\\\/www.facebook.com\\\/eltextual\",\"https:\\\/\\\/x.com\\\/eltextual\",\"http:\\\/\\\/www.instagram.com\\\/eltextual\"]},{\"@type\":\"Person\",\"@id\":\"https:\\\/\\\/diariotextual.com\\\/inicio\\\/#\\\/schema\\\/person\\\/c7834961ad8b29b1d9cdbf4571299067\",\"name\":\"diario5\",\"image\":{\"@type\":\"ImageObject\",\"inLanguage\":\"es\",\"@id\":\"https:\\\/\\\/secure.gravatar.com\\\/avatar\\\/948c893b847ca6df68216ead81b63f363408ec9b0f600fefc0641ce78613b111?s=96&d=mm&r=g\",\"url\":\"https:\\\/\\\/secure.gravatar.com\\\/avatar\\\/948c893b847ca6df68216ead81b63f363408ec9b0f600fefc0641ce78613b111?s=96&d=mm&r=g\",\"contentUrl\":\"https:\\\/\\\/secure.gravatar.com\\\/avatar\\\/948c893b847ca6df68216ead81b63f363408ec9b0f600fefc0641ce78613b111?s=96&d=mm&r=g\",\"caption\":\"diario5\"},\"url\":\"https:\\\/\\\/diariotextual.com\\\/inicio\\\/index.php\\\/author\\\/diario5\\\/\"}]}<\/script>\n<!-- \/ Yoast SEO plugin. -->","yoast_head_json":{"title":"Manifestaci\u00f3n en el municipio en reclamo de luz para el barrio El Amanecer - Diario Textual","robots":{"index":"index","follow":"follow","max-snippet":"max-snippet:-1","max-image-preview":"max-image-preview:large","max-video-preview":"max-video-preview:-1"},"canonical":"https:\/\/diariotextual.com\/inicio\/index.php\/2023\/07\/13\/manifestacion-en-el-municipio-en-reclamo-de-luz-para-el-barrio-el-amanecer\/","og_locale":"es_ES","og_type":"article","og_title":"Manifestaci\u00f3n en el municipio en reclamo de luz para el barrio El Amanecer - Diario Textual","og_description":"Bajo la consigna \u201cLuz para el barrio El Amanecer\u201d vecinos y vecinas nucleados en la Uni\u00f3n de Trabajadores y Trabajadoras de la Tierra (UTT) se movilizaron este jueves a la&hellip;","og_url":"https:\/\/diariotextual.com\/inicio\/index.php\/2023\/07\/13\/manifestacion-en-el-municipio-en-reclamo-de-luz-para-el-barrio-el-amanecer\/","og_site_name":"Diario Textual","article_publisher":"https:\/\/www.facebook.com\/eltextual","article_published_time":"2023-07-13T12:18:39+00:00","article_modified_time":"2023-07-13T19:53:50+00:00","og_image":[{"width":1600,"height":901,"url":"https:\/\/diariotextual.com\/inicio\/wp-content\/uploads\/2023\/07\/elamanecermanifestacionporluz.jpg","type":"image\/jpeg"}],"author":"diario5","twitter_card":"summary_large_image","twitter_creator":"@eltextual","twitter_site":"@eltextual","twitter_misc":{"Escrito por":"diario5","Tiempo de lectura":"2 minutos"},"schema":{"@context":"https:\/\/schema.org","@graph":[{"@type":"Article","@id":"https:\/\/diariotextual.com\/inicio\/index.php\/2023\/07\/13\/manifestacion-en-el-municipio-en-reclamo-de-luz-para-el-barrio-el-amanecer\/#article","isPartOf":{"@id":"https:\/\/diariotextual.com\/inicio\/index.php\/2023\/07\/13\/manifestacion-en-el-municipio-en-reclamo-de-luz-para-el-barrio-el-amanecer\/"},"author":{"name":"diario5","@id":"https:\/\/diariotextual.com\/inicio\/#\/schema\/person\/c7834961ad8b29b1d9cdbf4571299067"},"headline":"Manifestaci\u00f3n en el municipio en reclamo de luz para el barrio El Amanecer","datePublished":"2023-07-13T12:18:39+00:00","dateModified":"2023-07-13T19:53:50+00:00","mainEntityOfPage":{"@id":"https:\/\/diariotextual.com\/inicio\/index.php\/2023\/07\/13\/manifestacion-en-el-municipio-en-reclamo-de-luz-para-el-barrio-el-amanecer\/"},"wordCount":212,"publisher":{"@id":"https:\/\/diariotextual.com\/inicio\/#organization"},"image":{"@id":"https:\/\/diariotextual.com\/inicio\/index.php\/2023\/07\/13\/manifestacion-en-el-municipio-en-reclamo-de-luz-para-el-barrio-el-amanecer\/#primaryimage"},"thumbnailUrl":"https:\/\/diariotextual.com\/inicio\/wp-content\/uploads\/2023\/07\/elamanecermanifestacionporluz.jpg","articleSection":["A - QUE PASA (al costado)","SOCIEDAD"],"inLanguage":"es"},{"@type":"WebPage","@id":"https:\/\/diariotextual.com\/inicio\/index.php\/2023\/07\/13\/manifestacion-en-el-municipio-en-reclamo-de-luz-para-el-barrio-el-amanecer\/","url":"https:\/\/diariotextual.com\/inicio\/index.php\/2023\/07\/13\/manifestacion-en-el-municipio-en-reclamo-de-luz-para-el-barrio-el-amanecer\/","name":"Manifestaci\u00f3n en el municipio en reclamo de luz para el barrio El Amanecer - Diario Textual","isPartOf":{"@id":"https:\/\/diariotextual.com\/inicio\/#website"},"primaryImageOfPage":{"@id":"https:\/\/diariotextual.com\/inicio\/index.php\/2023\/07\/13\/manifestacion-en-el-municipio-en-reclamo-de-luz-para-el-barrio-el-amanecer\/#primaryimage"},"image":{"@id":"https:\/\/diariotextual.com\/inicio\/index.php\/2023\/07\/13\/manifestacion-en-el-municipio-en-reclamo-de-luz-para-el-barrio-el-amanecer\/#primaryimage"},"thumbnailUrl":"https:\/\/diariotextual.com\/inicio\/wp-content\/uploads\/2023\/07\/elamanecermanifestacionporluz.jpg","datePublished":"2023-07-13T12:18:39+00:00","dateModified":"2023-07-13T19:53:50+00:00","breadcrumb":{"@id":"https:\/\/diariotextual.com\/inicio\/index.php\/2023\/07\/13\/manifestacion-en-el-municipio-en-reclamo-de-luz-para-el-barrio-el-amanecer\/#breadcrumb"},"inLanguage":"es","potentialAction":[{"@type":"ReadAction","target":["https:\/\/diariotextual.com\/inicio\/index.php\/2023\/07\/13\/manifestacion-en-el-municipio-en-reclamo-de-luz-para-el-barrio-el-amanecer\/"]}]},{"@type":"ImageObject","inLanguage":"es","@id":"https:\/\/diariotextual.com\/inicio\/index.php\/2023\/07\/13\/manifestacion-en-el-municipio-en-reclamo-de-luz-para-el-barrio-el-amanecer\/#primaryimage","url":"https:\/\/diariotextual.com\/inicio\/wp-content\/uploads\/2023\/07\/elamanecermanifestacionporluz.jpg","contentUrl":"https:\/\/diariotextual.com\/inicio\/wp-content\/uploads\/2023\/07\/elamanecermanifestacionporluz.jpg","width":1600,"height":901},{"@type":"BreadcrumbList","@id":"https:\/\/diariotextual.com\/inicio\/index.php\/2023\/07\/13\/manifestacion-en-el-municipio-en-reclamo-de-luz-para-el-barrio-el-amanecer\/#breadcrumb","itemListElement":[{"@type":"ListItem","position":1,"name":"Portada","item":"https:\/\/diariotextual.com\/inicio\/"},{"@type":"ListItem","position":2,"name":"Manifestaci\u00f3n en el municipio en reclamo de luz para el barrio El Amanecer"}]},{"@type":"WebSite","@id":"https:\/\/diariotextual.com\/inicio\/#website","url":"https:\/\/diariotextual.com\/inicio\/","name":"Diario Textual","description":"","publisher":{"@id":"https:\/\/diariotextual.com\/inicio\/#organization"},"potentialAction":[{"@type":"SearchAction","target":{"@type":"EntryPoint","urlTemplate":"https:\/\/diariotextual.com\/inicio\/?s={search_term_string}"},"query-input":{"@type":"PropertyValueSpecification","valueRequired":true,"valueName":"search_term_string"}}],"inLanguage":"es"},{"@type":"Organization","@id":"https:\/\/diariotextual.com\/inicio\/#organization","name":"Diario Textual","url":"https:\/\/diariotextual.com\/inicio\/","logo":{"@type":"ImageObject","inLanguage":"es","@id":"https:\/\/diariotextual.com\/inicio\/#\/schema\/logo\/image\/","url":"https:\/\/diariotextual.com\/inicio\/wp-content\/uploads\/2023\/05\/logotextual1.jpg","contentUrl":"https:\/\/diariotextual.com\/inicio\/wp-content\/uploads\/2023\/05\/logotextual1.jpg","width":516,"height":76,"caption":"Diario Textual"},"image":{"@id":"https:\/\/diariotextual.com\/inicio\/#\/schema\/logo\/image\/"},"sameAs":["https:\/\/www.facebook.com\/eltextual","https:\/\/x.com\/eltextual","http:\/\/www.instagram.com\/eltextual"]},{"@type":"Person","@id":"https:\/\/diariotextual.com\/inicio\/#\/schema\/person\/c7834961ad8b29b1d9cdbf4571299067","name":"diario5","image":{"@type":"ImageObject","inLanguage":"es","@id":"https:\/\/secure.gravatar.com\/avatar\/948c893b847ca6df68216ead81b63f363408ec9b0f600fefc0641ce78613b111?s=96&d=mm&r=g","url":"https:\/\/secure.gravatar.com\/avatar\/948c893b847ca6df68216ead81b63f363408ec9b0f600fefc0641ce78613b111?s=96&d=mm&r=g","contentUrl":"https:\/\/secure.gravatar.com\/avatar\/948c893b847ca6df68216ead81b63f363408ec9b0f600fefc0641ce78613b111?s=96&d=mm&r=g","caption":"diario5"},"url":"https:\/\/diariotextual.com\/inicio\/index.php\/author\/diario5\/"}]}},"_links":{"self":[{"href":"https:\/\/diariotextual.com\/inicio\/index.php\/wp-json\/wp\/v2\/posts\/230933","targetHints":{"allow":["GET"]}}],"collection":[{"href":"https:\/\/diariotextual.com\/inicio\/index.php\/wp-json\/wp\/v2\/posts"}],"about":[{"href":"https:\/\/diariotextual.com\/inicio\/index.php\/wp-json\/wp\/v2\/types\/post"}],"author":[{"embeddable":true,"href":"https:\/\/diariotextual.com\/inicio\/index.php\/wp-json\/wp\/v2\/users\/7"}],"replies":[{"embeddable":true,"href":"https:\/\/diariotextual.com\/inicio\/index.php\/wp-json\/wp\/v2\/comments?post=230933"}],"version-history":[{"count":13,"href":"https:\/\/diariotextual.com\/inicio\/index.php\/wp-json\/wp\/v2\/posts\/230933\/revisions"}],"predecessor-version":[{"id":230979,"href":"https:\/\/diariotextual.com\/inicio\/index.php\/wp-json\/wp\/v2\/posts\/230933\/revisions\/230979"}],"wp:featuredmedia":[{"embeddable":true,"href":"https:\/\/diariotextual.com\/inicio\/index.php\/wp-json\/wp\/v2\/media\/230951"}],"wp:attachment":[{"href":"https:\/\/diariotextual.com\/inicio\/index.php\/wp-json\/wp\/v2\/media?parent=230933"}],"wp:term":[{"taxonomy":"category","embeddable":true,"href":"https:\/\/diariotextual.com\/inicio\/index.php\/wp-json\/wp\/v2\/categories?post=230933"},{"taxonomy":"post_tag","embeddable":true,"href":"https:\/\/diariotextual.com\/inicio\/index.php\/wp-json\/wp\/v2\/tags?post=230933"}],"curies":[{"name":"wp","href":"https:\/\/api.w.org\/{rel}","templated":true}]}}