{"id":230965,"date":"2023-07-13T14:32:09","date_gmt":"2023-07-13T17:32:09","guid":{"rendered":"https:\/\/diariotextual.com\/inicio\/?p=230965"},"modified":"2023-07-14T19:19:28","modified_gmt":"2023-07-14T22:19:28","slug":"denuncian-por-maltrato-animal-a-un-vecino-que-tiene-perros-peligrosos","status":"publish","type":"post","link":"https:\/\/diariotextual.com\/inicio\/index.php\/2023\/07\/13\/denuncian-por-maltrato-animal-a-un-vecino-que-tiene-perros-peligrosos\/","title":{"rendered":"Santa Rosa: denuncian por maltrato animal a un vecino que tiene \u201cperros peligrosos\u201d"},"content":{"rendered":"\n<p>La conducta desaprensiva de un hombre que tiene perros peligrosos en el patio de su casa, mantiene en vilo a vecinos y vecinas del barrio N\u00e9stor Kirchner, de Santa Rosa. Pobladores de la zona lo acusan de cometer <strong>maltrato animal y aseguran que ahora posee un pitbull <\/strong>que atac\u00f3 y lastim\u00f3 a otros perros. Hicieron exposiciones policiales en varias oportunidades, pero fue en vano porque los efectivos \u201cno se meten\u201d por tratarse de una cuesti\u00f3n que sucede en un \u00e1mbito privado. Hay temor y no quieren que ocurra una tragedia por eventuales nuevos ataques de los animales. Avisaron que acudir\u00e1n por auxilio al Poder Judicial.<\/p>\n\n\n\n<p>Hace a\u00f1os el conflicto sucede en un domicilio de calle Gaich, entre Selva Sur y Margarita Monges. Uno de los j\u00f3venes consultados revel\u00f3 que hicieron varias presentaciones ante la Polic\u00eda porque a menudo trae un perro peligroso distinto. En una oportunidad, dijo el muchacho, arroj\u00f3 los pitbulls por arriba de una medianera para que atacaran a los canes de otro vecino. \u201c<strong>Una perrita result\u00f3 atacada y termin\u00f3 muy lastimada\u201d, <\/strong>lament\u00f3.<\/p>\n\n\n\n<p>Son recurrentes y hasta forman parte de la \u201cm\u00fasica del barrio\u201d los ladridos y aullidos desesperados de los animales, todos ellos v\u00edctimas de un presunto maltrato por parte del acusado. \u201cEn una oportunidad, estando en casa, empec\u00e9 a escucharlos. <strong>Sal\u00ed al patio y observ\u00e9 c\u00f3mo uno de los pitbulls mord\u00eda hasta matar a otro perrito.<\/strong> No sab\u00eda qu\u00e9 hacer. S\u00f3lo atin\u00e9 a llamar a la Polic\u00eda porque entrar a un patio privado a sacar el pitbull para evitar ese sufrimiento no se puede\u201d, admiti\u00f3 otro morador. \u201cEl tipo jam\u00e1s sali\u00f3 a ver qu\u00e9 pasaba y s\u00f3lo lo hizo su mujer, que apareci\u00f3 para tirarle agua al animal sin lograr que se tranquilizara ni mucho menos\u201d.<\/p>\n\n\n\n<p>Los habitantes de la zona consultados por Diario Textual coincidieron en remarcar que la Polic\u00eda \u201cjam\u00e1s les reconoci\u00f3 las denuncias\u201d. Por eso ahora asistir\u00e1n al Poder Judicial, para ver si ah\u00ed, finalmente, encuentran eco para \u201cdetener esta locura\u201d. \u201cQueremos que le saquen los perros. Vivimos en un barrio en donde se \u2018escucha todo\u2019 y para mi cabeza es mucho tener que o\u00edr diariamente el sufrimiento de los pobres animales, ya sea los de \u00e9l o los que no lo son\u201d, afirm\u00f3 otro afectado.<\/p>\n\n\n\n<p>El hombre en cuesti\u00f3n, por su car\u00e1cter y actitudes, causa cierto temor entre los frentistas que incluso aseguraron que tiene perros para cazar, <strong>los golpea y no los alimenta. <\/strong>Dijeron que les tira otros animales para que maten y se los coman. <strong>\u201cEst\u00e1 enfermo y no deber\u00eda portar animales. Son golpeados por \u00e9l, est\u00e1n estresados y se vuelven m\u00e1s violentos, m\u00e1s all\u00e1 de su condici\u00f3n de raza peligrosa que tienen algunos de ellos\u201d.<\/strong><\/p>\n\n\n\n<p><\/p>\n\n\n\n<p><em>Foto de archivo<\/em><\/p>\n\n\n\n<p><\/p>\n","protected":false},"excerpt":{"rendered":"<p>La conducta desaprensiva de un hombre que tiene perros peligrosos en el patio de su casa, mantiene en vilo a vecinos y vecinas del barrio N\u00e9stor Kirchner, de Santa Rosa.&hellip;<\/p>\n","protected":false},"author":4,"featured_media":230966,"comment_status":"closed","ping_status":"open","sticky":false,"template":"","format":"standard","meta":{"_acf_changed":false,"footnotes":""},"categories":[1,12],"tags":[],"class_list":["post-230965","post","type-post","status-publish","format-standard","has-post-thumbnail","hentry","category-es-noticia","category-sociedad"],"acf":[],"yoast_head":"<!-- This site is optimized with the Yoast SEO plugin v27.5 - https:\/\/yoast.com\/product\/yoast-seo-wordpress\/ -->\n<title>Santa Rosa: denuncian por maltrato animal a un vecino que tiene \u201cperros peligrosos\u201d - Diario Textual<\/title>\n<meta name=\"robots\" content=\"index, follow, max-snippet:-1, max-image-preview:large, max-video-preview:-1\" \/>\n<link rel=\"canonical\" href=\"https:\/\/diariotextual.com\/inicio\/index.php\/2023\/07\/13\/denuncian-por-maltrato-animal-a-un-vecino-que-tiene-perros-peligrosos\/\" \/>\n<meta property=\"og:locale\" content=\"es_ES\" \/>\n<meta property=\"og:type\" content=\"article\" \/>\n<meta property=\"og:title\" content=\"Santa Rosa: denuncian por maltrato animal a un vecino que tiene \u201cperros peligrosos\u201d - Diario Textual\" \/>\n<meta property=\"og:description\" content=\"La conducta desaprensiva de un hombre que tiene perros peligrosos en el patio de su casa, mantiene en vilo a vecinos y vecinas del barrio N\u00e9stor Kirchner, de Santa Rosa.&hellip;\" \/>\n<meta property=\"og:url\" content=\"https:\/\/diariotextual.com\/inicio\/index.php\/2023\/07\/13\/denuncian-por-maltrato-animal-a-un-vecino-que-tiene-perros-peligrosos\/\" \/>\n<meta property=\"og:site_name\" content=\"Diario Textual\" \/>\n<meta property=\"article:publisher\" content=\"https:\/\/www.facebook.com\/eltextual\" \/>\n<meta property=\"article:published_time\" content=\"2023-07-13T17:32:09+00:00\" \/>\n<meta property=\"article:modified_time\" content=\"2023-07-14T22:19:28+00:00\" \/>\n<meta property=\"og:image\" content=\"https:\/\/diariotextual.com\/inicio\/wp-content\/uploads\/2023\/07\/pitbulljpg.jpg\" \/>\n\t<meta property=\"og:image:width\" content=\"1000\" \/>\n\t<meta property=\"og:image:height\" content=\"563\" \/>\n\t<meta property=\"og:image:type\" content=\"image\/jpeg\" \/>\n<meta name=\"author\" content=\"diario2\" \/>\n<meta name=\"twitter:card\" content=\"summary_large_image\" \/>\n<meta name=\"twitter:creator\" content=\"@eltextual\" \/>\n<meta name=\"twitter:site\" content=\"@eltextual\" \/>\n<meta name=\"twitter:label1\" content=\"Escrito por\" \/>\n\t<meta name=\"twitter:data1\" content=\"diario2\" \/>\n\t<meta name=\"twitter:label2\" content=\"Tiempo de lectura\" \/>\n\t<meta name=\"twitter:data2\" content=\"3 minutos\" \/>\n<script type=\"application\/ld+json\" class=\"yoast-schema-graph\">{\"@context\":\"https:\\\/\\\/schema.org\",\"@graph\":[{\"@type\":\"Article\",\"@id\":\"https:\\\/\\\/diariotextual.com\\\/inicio\\\/index.php\\\/2023\\\/07\\\/13\\\/denuncian-por-maltrato-animal-a-un-vecino-que-tiene-perros-peligrosos\\\/#article\",\"isPartOf\":{\"@id\":\"https:\\\/\\\/diariotextual.com\\\/inicio\\\/index.php\\\/2023\\\/07\\\/13\\\/denuncian-por-maltrato-animal-a-un-vecino-que-tiene-perros-peligrosos\\\/\"},\"author\":{\"name\":\"diario2\",\"@id\":\"https:\\\/\\\/diariotextual.com\\\/inicio\\\/#\\\/schema\\\/person\\\/694f60677f23c4a530867a98f22b3768\"},\"headline\":\"Santa Rosa: denuncian por maltrato animal a un vecino que tiene \u201cperros peligrosos\u201d\",\"datePublished\":\"2023-07-13T17:32:09+00:00\",\"dateModified\":\"2023-07-14T22:19:28+00:00\",\"mainEntityOfPage\":{\"@id\":\"https:\\\/\\\/diariotextual.com\\\/inicio\\\/index.php\\\/2023\\\/07\\\/13\\\/denuncian-por-maltrato-animal-a-un-vecino-que-tiene-perros-peligrosos\\\/\"},\"wordCount\":488,\"publisher\":{\"@id\":\"https:\\\/\\\/diariotextual.com\\\/inicio\\\/#organization\"},\"image\":{\"@id\":\"https:\\\/\\\/diariotextual.com\\\/inicio\\\/index.php\\\/2023\\\/07\\\/13\\\/denuncian-por-maltrato-animal-a-un-vecino-que-tiene-perros-peligrosos\\\/#primaryimage\"},\"thumbnailUrl\":\"https:\\\/\\\/diariotextual.com\\\/inicio\\\/wp-content\\\/uploads\\\/2023\\\/07\\\/pitbulljpg.jpg\",\"articleSection\":[\"A - ES NOTICIA (van abajo)\",\"SOCIEDAD\"],\"inLanguage\":\"es\"},{\"@type\":\"WebPage\",\"@id\":\"https:\\\/\\\/diariotextual.com\\\/inicio\\\/index.php\\\/2023\\\/07\\\/13\\\/denuncian-por-maltrato-animal-a-un-vecino-que-tiene-perros-peligrosos\\\/\",\"url\":\"https:\\\/\\\/diariotextual.com\\\/inicio\\\/index.php\\\/2023\\\/07\\\/13\\\/denuncian-por-maltrato-animal-a-un-vecino-que-tiene-perros-peligrosos\\\/\",\"name\":\"Santa Rosa: denuncian por maltrato animal a un vecino que tiene \u201cperros peligrosos\u201d - Diario Textual\",\"isPartOf\":{\"@id\":\"https:\\\/\\\/diariotextual.com\\\/inicio\\\/#website\"},\"primaryImageOfPage\":{\"@id\":\"https:\\\/\\\/diariotextual.com\\\/inicio\\\/index.php\\\/2023\\\/07\\\/13\\\/denuncian-por-maltrato-animal-a-un-vecino-que-tiene-perros-peligrosos\\\/#primaryimage\"},\"image\":{\"@id\":\"https:\\\/\\\/diariotextual.com\\\/inicio\\\/index.php\\\/2023\\\/07\\\/13\\\/denuncian-por-maltrato-animal-a-un-vecino-que-tiene-perros-peligrosos\\\/#primaryimage\"},\"thumbnailUrl\":\"https:\\\/\\\/diariotextual.com\\\/inicio\\\/wp-content\\\/uploads\\\/2023\\\/07\\\/pitbulljpg.jpg\",\"datePublished\":\"2023-07-13T17:32:09+00:00\",\"dateModified\":\"2023-07-14T22:19:28+00:00\",\"breadcrumb\":{\"@id\":\"https:\\\/\\\/diariotextual.com\\\/inicio\\\/index.php\\\/2023\\\/07\\\/13\\\/denuncian-por-maltrato-animal-a-un-vecino-que-tiene-perros-peligrosos\\\/#breadcrumb\"},\"inLanguage\":\"es\",\"potentialAction\":[{\"@type\":\"ReadAction\",\"target\":[\"https:\\\/\\\/diariotextual.com\\\/inicio\\\/index.php\\\/2023\\\/07\\\/13\\\/denuncian-por-maltrato-animal-a-un-vecino-que-tiene-perros-peligrosos\\\/\"]}]},{\"@type\":\"ImageObject\",\"inLanguage\":\"es\",\"@id\":\"https:\\\/\\\/diariotextual.com\\\/inicio\\\/index.php\\\/2023\\\/07\\\/13\\\/denuncian-por-maltrato-animal-a-un-vecino-que-tiene-perros-peligrosos\\\/#primaryimage\",\"url\":\"https:\\\/\\\/diariotextual.com\\\/inicio\\\/wp-content\\\/uploads\\\/2023\\\/07\\\/pitbulljpg.jpg\",\"contentUrl\":\"https:\\\/\\\/diariotextual.com\\\/inicio\\\/wp-content\\\/uploads\\\/2023\\\/07\\\/pitbulljpg.jpg\",\"width\":1000,\"height\":563},{\"@type\":\"BreadcrumbList\",\"@id\":\"https:\\\/\\\/diariotextual.com\\\/inicio\\\/index.php\\\/2023\\\/07\\\/13\\\/denuncian-por-maltrato-animal-a-un-vecino-que-tiene-perros-peligrosos\\\/#breadcrumb\",\"itemListElement\":[{\"@type\":\"ListItem\",\"position\":1,\"name\":\"Portada\",\"item\":\"https:\\\/\\\/diariotextual.com\\\/inicio\\\/\"},{\"@type\":\"ListItem\",\"position\":2,\"name\":\"Santa Rosa: denuncian por maltrato animal a un vecino que tiene \u201cperros peligrosos\u201d\"}]},{\"@type\":\"WebSite\",\"@id\":\"https:\\\/\\\/diariotextual.com\\\/inicio\\\/#website\",\"url\":\"https:\\\/\\\/diariotextual.com\\\/inicio\\\/\",\"name\":\"Diario Textual\",\"description\":\"\",\"publisher\":{\"@id\":\"https:\\\/\\\/diariotextual.com\\\/inicio\\\/#organization\"},\"potentialAction\":[{\"@type\":\"SearchAction\",\"target\":{\"@type\":\"EntryPoint\",\"urlTemplate\":\"https:\\\/\\\/diariotextual.com\\\/inicio\\\/?s={search_term_string}\"},\"query-input\":{\"@type\":\"PropertyValueSpecification\",\"valueRequired\":true,\"valueName\":\"search_term_string\"}}],\"inLanguage\":\"es\"},{\"@type\":\"Organization\",\"@id\":\"https:\\\/\\\/diariotextual.com\\\/inicio\\\/#organization\",\"name\":\"Diario Textual\",\"url\":\"https:\\\/\\\/diariotextual.com\\\/inicio\\\/\",\"logo\":{\"@type\":\"ImageObject\",\"inLanguage\":\"es\",\"@id\":\"https:\\\/\\\/diariotextual.com\\\/inicio\\\/#\\\/schema\\\/logo\\\/image\\\/\",\"url\":\"https:\\\/\\\/diariotextual.com\\\/inicio\\\/wp-content\\\/uploads\\\/2023\\\/05\\\/logotextual1.jpg\",\"contentUrl\":\"https:\\\/\\\/diariotextual.com\\\/inicio\\\/wp-content\\\/uploads\\\/2023\\\/05\\\/logotextual1.jpg\",\"width\":516,\"height\":76,\"caption\":\"Diario Textual\"},\"image\":{\"@id\":\"https:\\\/\\\/diariotextual.com\\\/inicio\\\/#\\\/schema\\\/logo\\\/image\\\/\"},\"sameAs\":[\"https:\\\/\\\/www.facebook.com\\\/eltextual\",\"https:\\\/\\\/x.com\\\/eltextual\",\"http:\\\/\\\/www.instagram.com\\\/eltextual\"]},{\"@type\":\"Person\",\"@id\":\"https:\\\/\\\/diariotextual.com\\\/inicio\\\/#\\\/schema\\\/person\\\/694f60677f23c4a530867a98f22b3768\",\"name\":\"diario2\",\"image\":{\"@type\":\"ImageObject\",\"inLanguage\":\"es\",\"@id\":\"https:\\\/\\\/secure.gravatar.com\\\/avatar\\\/5a2567495ba16b852fcd8f1ed006a2e24fcace936018ed8237e95f488ad6e0a7?s=96&d=mm&r=g\",\"url\":\"https:\\\/\\\/secure.gravatar.com\\\/avatar\\\/5a2567495ba16b852fcd8f1ed006a2e24fcace936018ed8237e95f488ad6e0a7?s=96&d=mm&r=g\",\"contentUrl\":\"https:\\\/\\\/secure.gravatar.com\\\/avatar\\\/5a2567495ba16b852fcd8f1ed006a2e24fcace936018ed8237e95f488ad6e0a7?s=96&d=mm&r=g\",\"caption\":\"diario2\"},\"url\":\"https:\\\/\\\/diariotextual.com\\\/inicio\\\/index.php\\\/author\\\/diario2\\\/\"}]}<\/script>\n<!-- \/ Yoast SEO plugin. -->","yoast_head_json":{"title":"Santa Rosa: denuncian por maltrato animal a un vecino que tiene \u201cperros peligrosos\u201d - Diario Textual","robots":{"index":"index","follow":"follow","max-snippet":"max-snippet:-1","max-image-preview":"max-image-preview:large","max-video-preview":"max-video-preview:-1"},"canonical":"https:\/\/diariotextual.com\/inicio\/index.php\/2023\/07\/13\/denuncian-por-maltrato-animal-a-un-vecino-que-tiene-perros-peligrosos\/","og_locale":"es_ES","og_type":"article","og_title":"Santa Rosa: denuncian por maltrato animal a un vecino que tiene \u201cperros peligrosos\u201d - Diario Textual","og_description":"La conducta desaprensiva de un hombre que tiene perros peligrosos en el patio de su casa, mantiene en vilo a vecinos y vecinas del barrio N\u00e9stor Kirchner, de Santa Rosa.&hellip;","og_url":"https:\/\/diariotextual.com\/inicio\/index.php\/2023\/07\/13\/denuncian-por-maltrato-animal-a-un-vecino-que-tiene-perros-peligrosos\/","og_site_name":"Diario Textual","article_publisher":"https:\/\/www.facebook.com\/eltextual","article_published_time":"2023-07-13T17:32:09+00:00","article_modified_time":"2023-07-14T22:19:28+00:00","og_image":[{"width":1000,"height":563,"url":"https:\/\/diariotextual.com\/inicio\/wp-content\/uploads\/2023\/07\/pitbulljpg.jpg","type":"image\/jpeg"}],"author":"diario2","twitter_card":"summary_large_image","twitter_creator":"@eltextual","twitter_site":"@eltextual","twitter_misc":{"Escrito por":"diario2","Tiempo de lectura":"3 minutos"},"schema":{"@context":"https:\/\/schema.org","@graph":[{"@type":"Article","@id":"https:\/\/diariotextual.com\/inicio\/index.php\/2023\/07\/13\/denuncian-por-maltrato-animal-a-un-vecino-que-tiene-perros-peligrosos\/#article","isPartOf":{"@id":"https:\/\/diariotextual.com\/inicio\/index.php\/2023\/07\/13\/denuncian-por-maltrato-animal-a-un-vecino-que-tiene-perros-peligrosos\/"},"author":{"name":"diario2","@id":"https:\/\/diariotextual.com\/inicio\/#\/schema\/person\/694f60677f23c4a530867a98f22b3768"},"headline":"Santa Rosa: denuncian por maltrato animal a un vecino que tiene \u201cperros peligrosos\u201d","datePublished":"2023-07-13T17:32:09+00:00","dateModified":"2023-07-14T22:19:28+00:00","mainEntityOfPage":{"@id":"https:\/\/diariotextual.com\/inicio\/index.php\/2023\/07\/13\/denuncian-por-maltrato-animal-a-un-vecino-que-tiene-perros-peligrosos\/"},"wordCount":488,"publisher":{"@id":"https:\/\/diariotextual.com\/inicio\/#organization"},"image":{"@id":"https:\/\/diariotextual.com\/inicio\/index.php\/2023\/07\/13\/denuncian-por-maltrato-animal-a-un-vecino-que-tiene-perros-peligrosos\/#primaryimage"},"thumbnailUrl":"https:\/\/diariotextual.com\/inicio\/wp-content\/uploads\/2023\/07\/pitbulljpg.jpg","articleSection":["A - ES NOTICIA (van abajo)","SOCIEDAD"],"inLanguage":"es"},{"@type":"WebPage","@id":"https:\/\/diariotextual.com\/inicio\/index.php\/2023\/07\/13\/denuncian-por-maltrato-animal-a-un-vecino-que-tiene-perros-peligrosos\/","url":"https:\/\/diariotextual.com\/inicio\/index.php\/2023\/07\/13\/denuncian-por-maltrato-animal-a-un-vecino-que-tiene-perros-peligrosos\/","name":"Santa Rosa: denuncian por maltrato animal a un vecino que tiene \u201cperros peligrosos\u201d - Diario Textual","isPartOf":{"@id":"https:\/\/diariotextual.com\/inicio\/#website"},"primaryImageOfPage":{"@id":"https:\/\/diariotextual.com\/inicio\/index.php\/2023\/07\/13\/denuncian-por-maltrato-animal-a-un-vecino-que-tiene-perros-peligrosos\/#primaryimage"},"image":{"@id":"https:\/\/diariotextual.com\/inicio\/index.php\/2023\/07\/13\/denuncian-por-maltrato-animal-a-un-vecino-que-tiene-perros-peligrosos\/#primaryimage"},"thumbnailUrl":"https:\/\/diariotextual.com\/inicio\/wp-content\/uploads\/2023\/07\/pitbulljpg.jpg","datePublished":"2023-07-13T17:32:09+00:00","dateModified":"2023-07-14T22:19:28+00:00","breadcrumb":{"@id":"https:\/\/diariotextual.com\/inicio\/index.php\/2023\/07\/13\/denuncian-por-maltrato-animal-a-un-vecino-que-tiene-perros-peligrosos\/#breadcrumb"},"inLanguage":"es","potentialAction":[{"@type":"ReadAction","target":["https:\/\/diariotextual.com\/inicio\/index.php\/2023\/07\/13\/denuncian-por-maltrato-animal-a-un-vecino-que-tiene-perros-peligrosos\/"]}]},{"@type":"ImageObject","inLanguage":"es","@id":"https:\/\/diariotextual.com\/inicio\/index.php\/2023\/07\/13\/denuncian-por-maltrato-animal-a-un-vecino-que-tiene-perros-peligrosos\/#primaryimage","url":"https:\/\/diariotextual.com\/inicio\/wp-content\/uploads\/2023\/07\/pitbulljpg.jpg","contentUrl":"https:\/\/diariotextual.com\/inicio\/wp-content\/uploads\/2023\/07\/pitbulljpg.jpg","width":1000,"height":563},{"@type":"BreadcrumbList","@id":"https:\/\/diariotextual.com\/inicio\/index.php\/2023\/07\/13\/denuncian-por-maltrato-animal-a-un-vecino-que-tiene-perros-peligrosos\/#breadcrumb","itemListElement":[{"@type":"ListItem","position":1,"name":"Portada","item":"https:\/\/diariotextual.com\/inicio\/"},{"@type":"ListItem","position":2,"name":"Santa Rosa: denuncian por maltrato animal a un vecino que tiene \u201cperros peligrosos\u201d"}]},{"@type":"WebSite","@id":"https:\/\/diariotextual.com\/inicio\/#website","url":"https:\/\/diariotextual.com\/inicio\/","name":"Diario Textual","description":"","publisher":{"@id":"https:\/\/diariotextual.com\/inicio\/#organization"},"potentialAction":[{"@type":"SearchAction","target":{"@type":"EntryPoint","urlTemplate":"https:\/\/diariotextual.com\/inicio\/?s={search_term_string}"},"query-input":{"@type":"PropertyValueSpecification","valueRequired":true,"valueName":"search_term_string"}}],"inLanguage":"es"},{"@type":"Organization","@id":"https:\/\/diariotextual.com\/inicio\/#organization","name":"Diario Textual","url":"https:\/\/diariotextual.com\/inicio\/","logo":{"@type":"ImageObject","inLanguage":"es","@id":"https:\/\/diariotextual.com\/inicio\/#\/schema\/logo\/image\/","url":"https:\/\/diariotextual.com\/inicio\/wp-content\/uploads\/2023\/05\/logotextual1.jpg","contentUrl":"https:\/\/diariotextual.com\/inicio\/wp-content\/uploads\/2023\/05\/logotextual1.jpg","width":516,"height":76,"caption":"Diario Textual"},"image":{"@id":"https:\/\/diariotextual.com\/inicio\/#\/schema\/logo\/image\/"},"sameAs":["https:\/\/www.facebook.com\/eltextual","https:\/\/x.com\/eltextual","http:\/\/www.instagram.com\/eltextual"]},{"@type":"Person","@id":"https:\/\/diariotextual.com\/inicio\/#\/schema\/person\/694f60677f23c4a530867a98f22b3768","name":"diario2","image":{"@type":"ImageObject","inLanguage":"es","@id":"https:\/\/secure.gravatar.com\/avatar\/5a2567495ba16b852fcd8f1ed006a2e24fcace936018ed8237e95f488ad6e0a7?s=96&d=mm&r=g","url":"https:\/\/secure.gravatar.com\/avatar\/5a2567495ba16b852fcd8f1ed006a2e24fcace936018ed8237e95f488ad6e0a7?s=96&d=mm&r=g","contentUrl":"https:\/\/secure.gravatar.com\/avatar\/5a2567495ba16b852fcd8f1ed006a2e24fcace936018ed8237e95f488ad6e0a7?s=96&d=mm&r=g","caption":"diario2"},"url":"https:\/\/diariotextual.com\/inicio\/index.php\/author\/diario2\/"}]}},"_links":{"self":[{"href":"https:\/\/diariotextual.com\/inicio\/index.php\/wp-json\/wp\/v2\/posts\/230965","targetHints":{"allow":["GET"]}}],"collection":[{"href":"https:\/\/diariotextual.com\/inicio\/index.php\/wp-json\/wp\/v2\/posts"}],"about":[{"href":"https:\/\/diariotextual.com\/inicio\/index.php\/wp-json\/wp\/v2\/types\/post"}],"author":[{"embeddable":true,"href":"https:\/\/diariotextual.com\/inicio\/index.php\/wp-json\/wp\/v2\/users\/4"}],"replies":[{"embeddable":true,"href":"https:\/\/diariotextual.com\/inicio\/index.php\/wp-json\/wp\/v2\/comments?post=230965"}],"version-history":[{"count":2,"href":"https:\/\/diariotextual.com\/inicio\/index.php\/wp-json\/wp\/v2\/posts\/230965\/revisions"}],"predecessor-version":[{"id":230968,"href":"https:\/\/diariotextual.com\/inicio\/index.php\/wp-json\/wp\/v2\/posts\/230965\/revisions\/230968"}],"wp:featuredmedia":[{"embeddable":true,"href":"https:\/\/diariotextual.com\/inicio\/index.php\/wp-json\/wp\/v2\/media\/230966"}],"wp:attachment":[{"href":"https:\/\/diariotextual.com\/inicio\/index.php\/wp-json\/wp\/v2\/media?parent=230965"}],"wp:term":[{"taxonomy":"category","embeddable":true,"href":"https:\/\/diariotextual.com\/inicio\/index.php\/wp-json\/wp\/v2\/categories?post=230965"},{"taxonomy":"post_tag","embeddable":true,"href":"https:\/\/diariotextual.com\/inicio\/index.php\/wp-json\/wp\/v2\/tags?post=230965"}],"curies":[{"name":"wp","href":"https:\/\/api.w.org\/{rel}","templated":true}]}}