{"id":230974,"date":"2023-07-13T16:50:48","date_gmt":"2023-07-13T19:50:48","guid":{"rendered":"https:\/\/diariotextual.com\/inicio\/?p=230974"},"modified":"2023-07-14T19:41:45","modified_gmt":"2023-07-14T22:41:45","slug":"la-municipalidad-dice-que-hace-dos-meses-ya-pidio-luz-para-el-amanecer","status":"publish","type":"post","link":"https:\/\/diariotextual.com\/inicio\/index.php\/2023\/07\/13\/la-municipalidad-dice-que-hace-dos-meses-ya-pidio-luz-para-el-amanecer\/","title":{"rendered":"La Municipalidad dice que hace dos meses ya pidi\u00f3 luz para El Amanecer"},"content":{"rendered":"\n<p>Bajo la consigna\u00a0<strong>\u201cLuz para el barrio El Amanecer\u201d<\/strong>\u00a0vecinos y vecinas nucleados en la Uni\u00f3n de Trabajadores y Trabajadoras de la Tierra (UTT) <strong><a href=\"https:\/\/diariotextual.com\/inicio\/index.php\/2023\/07\/13\/manifestacion-en-el-municipio-en-reclamo-de-luz-para-el-barrio-el-amanecer\/\" target=\"_blank\" rel=\"noreferrer noopener\">se movilizaron este jueves a la municipalidad de Santa Rosa a plantearle el reclamo por una l\u00ednea el\u00e9ctrica<\/a><\/strong> al intendente\u00a0<strong>Luciano di N\u00e1poli. Desde la municipalidad, poco despu\u00e9s, comunicaron que las gestiones las iniciaron el 6 de mayo ante el Gobierno nacional. Esa documentaci\u00f3n, expres\u00f3, est\u00e1 en an\u00e1lisis de funcionarios nacionales.<\/strong><\/p>\n\n\n\n<p>El barrio El Amanecer est\u00e1 ubicado en cercan\u00edas del relleno sanitario de Santa Rosa. All\u00ed viven unas 60 familias campesinas que cr\u00edan corderos, cerdos, gallinas, chivas, pavos, gansos y patos. Necesitan la luz para mejorar sus condiciones de vida y poder seguir produciendo alimentos.<\/p>\n\n\n\n<p>Los vecinos y vecinas est\u00e1n cansados de promesas. Aseguran que la Cooperativa Popular de Electricidad est\u00e1 esperando el okey del municipio para avanzar con la bajada del suministro. Dicen que Naci\u00f3n ya tiene los fondos para financiar las obras, pero necesita un convenio con la comuna.<\/p>\n\n\n\n<p>\u201cLa Municipalidad de Santa Rosa, y atento al reclamo de un grupo de familias sucedido el d\u00eda de la fecha, informa que el pasado d\u00eda 6 de mayo se iniciaron gestiones formales con el Ministerio de Obras P\u00fablicas de Naci\u00f3n con el objetivo de conseguir financiamiento para la Obra de Infraestructura El\u00e9ctrica que permitir\u00e1 abastecer de energ\u00eda a los vecinos del barrio El Amanecer\u201d, comunic\u00f3 la intendencia.<\/p>\n\n\n\n<figure class=\"wp-block-embed is-type-wp-embed is-provider-diario-textual wp-block-embed-diario-textual\"><div class=\"wp-block-embed__wrapper\">\n<blockquote class=\"wp-embedded-content\" data-secret=\"iw6gkwaDlr\"><a href=\"https:\/\/diariotextual.com\/inicio\/index.php\/2023\/07\/13\/manifestacion-en-el-municipio-en-reclamo-de-luz-para-el-barrio-el-amanecer\/\">Manifestaci\u00f3n en el municipio en reclamo de luz para el barrio El Amanecer<\/a><\/blockquote><iframe class=\"wp-embedded-content\" sandbox=\"allow-scripts\" security=\"restricted\" style=\"position: absolute; clip: rect(1px, 1px, 1px, 1px);\" title=\"\u00abManifestaci\u00f3n en el municipio en reclamo de luz para el barrio El Amanecer\u00bb \u2014 Diario Textual\" src=\"https:\/\/diariotextual.com\/inicio\/index.php\/2023\/07\/13\/manifestacion-en-el-municipio-en-reclamo-de-luz-para-el-barrio-el-amanecer\/embed\/#?secret=9CsA1OIm8W#?secret=iw6gkwaDlr\" data-secret=\"iw6gkwaDlr\" width=\"600\" height=\"338\" frameborder=\"0\" marginwidth=\"0\" marginheight=\"0\" scrolling=\"no\"><\/iframe>\n<\/div><\/figure>\n\n\n\n<p>Las gestiones se realizan a trav\u00e9s de la plataforma digital de \u201cSistema de Gesti\u00f3n de Obras\u201d (SGO) mediante el c\u00f3digo de identificaci\u00f3n (SIPPE N\u00b0 175711) en el marco del plan de financiamiento nacional \u201cArgentina Hace 2023-Pa\u00eds\u201d.<\/p>\n\n\n\n<p>\u201cCabe destacar que en el mencionado expediente se encuentra cargada la documentaci\u00f3n t\u00e9cnica requerida por el programa nacional a la espera de su revisi\u00f3n y an\u00e1lisis. Asimismo el Municipio recuerda que el servicio de energ\u00eda el\u00e9ctrica no es competencia municipal por encontrarse delegada esa funci\u00f3n hace muchos a\u00f1os en la Cooperativa Popular de Electricidad (CPE) de nuestra ciudad\u201d, agreg\u00f3.<\/p>\n\n\n\n<p>\u201cEl Municipio se encuentra adem\u00e1s realizando ante el Ministerio de Obras Publicas de Naci\u00f3n gestiones de diferente \u00edndole que se requieren para que la CPE pueda realizar las obras el\u00e9ctricas pertinentes a los fines de prestar servicios de luz en otras zonas de la ciudad con problem\u00e1ticas similares\u201d, finaliz\u00f3.<\/p>\n","protected":false},"excerpt":{"rendered":"<p>Bajo la consigna\u00a0\u201cLuz para el barrio El Amanecer\u201d\u00a0vecinos y vecinas nucleados en la Uni\u00f3n de Trabajadores y Trabajadoras de la Tierra (UTT) se movilizaron este jueves a la municipalidad de&hellip;<\/p>\n","protected":false},"author":3,"featured_media":191697,"comment_status":"closed","ping_status":"open","sticky":false,"template":"","format":"standard","meta":{"_acf_changed":false,"footnotes":""},"categories":[1,12],"tags":[],"class_list":["post-230974","post","type-post","status-publish","format-standard","has-post-thumbnail","hentry","category-es-noticia","category-sociedad"],"acf":[],"yoast_head":"<!-- This site is optimized with the Yoast SEO plugin v27.5 - https:\/\/yoast.com\/product\/yoast-seo-wordpress\/ -->\n<title>La Municipalidad dice que hace dos meses ya pidi\u00f3 luz para El Amanecer - Diario Textual<\/title>\n<meta name=\"robots\" content=\"index, follow, max-snippet:-1, max-image-preview:large, max-video-preview:-1\" \/>\n<link rel=\"canonical\" href=\"https:\/\/diariotextual.com\/inicio\/index.php\/2023\/07\/13\/la-municipalidad-dice-que-hace-dos-meses-ya-pidio-luz-para-el-amanecer\/\" \/>\n<meta property=\"og:locale\" content=\"es_ES\" \/>\n<meta property=\"og:type\" content=\"article\" \/>\n<meta property=\"og:title\" content=\"La Municipalidad dice que hace dos meses ya pidi\u00f3 luz para El Amanecer - Diario Textual\" \/>\n<meta property=\"og:description\" content=\"Bajo la consigna\u00a0\u201cLuz para el barrio El Amanecer\u201d\u00a0vecinos y vecinas nucleados en la Uni\u00f3n de Trabajadores y Trabajadoras de la Tierra (UTT) se movilizaron este jueves a la municipalidad de&hellip;\" \/>\n<meta property=\"og:url\" content=\"https:\/\/diariotextual.com\/inicio\/index.php\/2023\/07\/13\/la-municipalidad-dice-que-hace-dos-meses-ya-pidio-luz-para-el-amanecer\/\" \/>\n<meta property=\"og:site_name\" content=\"Diario Textual\" \/>\n<meta property=\"article:publisher\" content=\"https:\/\/www.facebook.com\/eltextual\" \/>\n<meta property=\"article:published_time\" content=\"2023-07-13T19:50:48+00:00\" \/>\n<meta property=\"article:modified_time\" content=\"2023-07-14T22:41:45+00:00\" \/>\n<meta property=\"og:image\" content=\"https:\/\/diariotextual.com\/inicio\/wp-content\/uploads\/2022\/06\/nuevoamanecerferiazo2022-2.jpg\" \/>\n\t<meta property=\"og:image:width\" content=\"661\" \/>\n\t<meta property=\"og:image:height\" content=\"461\" \/>\n\t<meta property=\"og:image:type\" content=\"image\/jpeg\" \/>\n<meta name=\"author\" content=\"Diario1 Diario1\" \/>\n<meta name=\"twitter:card\" content=\"summary_large_image\" \/>\n<meta name=\"twitter:creator\" content=\"@eltextual\" \/>\n<meta name=\"twitter:site\" content=\"@eltextual\" \/>\n<meta name=\"twitter:label1\" content=\"Escrito por\" \/>\n\t<meta name=\"twitter:data1\" content=\"Diario1 Diario1\" \/>\n\t<meta name=\"twitter:label2\" content=\"Tiempo de lectura\" \/>\n\t<meta name=\"twitter:data2\" content=\"2 minutos\" \/>\n<script type=\"application\/ld+json\" class=\"yoast-schema-graph\">{\"@context\":\"https:\\\/\\\/schema.org\",\"@graph\":[{\"@type\":\"Article\",\"@id\":\"https:\\\/\\\/diariotextual.com\\\/inicio\\\/index.php\\\/2023\\\/07\\\/13\\\/la-municipalidad-dice-que-hace-dos-meses-ya-pidio-luz-para-el-amanecer\\\/#article\",\"isPartOf\":{\"@id\":\"https:\\\/\\\/diariotextual.com\\\/inicio\\\/index.php\\\/2023\\\/07\\\/13\\\/la-municipalidad-dice-que-hace-dos-meses-ya-pidio-luz-para-el-amanecer\\\/\"},\"author\":{\"name\":\"Diario1 Diario1\",\"@id\":\"https:\\\/\\\/diariotextual.com\\\/inicio\\\/#\\\/schema\\\/person\\\/418fc4093c33e86ed41562db3508f958\"},\"headline\":\"La Municipalidad dice que hace dos meses ya pidi\u00f3 luz para El Amanecer\",\"datePublished\":\"2023-07-13T19:50:48+00:00\",\"dateModified\":\"2023-07-14T22:41:45+00:00\",\"mainEntityOfPage\":{\"@id\":\"https:\\\/\\\/diariotextual.com\\\/inicio\\\/index.php\\\/2023\\\/07\\\/13\\\/la-municipalidad-dice-que-hace-dos-meses-ya-pidio-luz-para-el-amanecer\\\/\"},\"wordCount\":426,\"publisher\":{\"@id\":\"https:\\\/\\\/diariotextual.com\\\/inicio\\\/#organization\"},\"image\":{\"@id\":\"https:\\\/\\\/diariotextual.com\\\/inicio\\\/index.php\\\/2023\\\/07\\\/13\\\/la-municipalidad-dice-que-hace-dos-meses-ya-pidio-luz-para-el-amanecer\\\/#primaryimage\"},\"thumbnailUrl\":\"https:\\\/\\\/diariotextual.com\\\/inicio\\\/wp-content\\\/uploads\\\/2022\\\/06\\\/nuevoamanecerferiazo2022-2.jpg\",\"articleSection\":[\"A - ES NOTICIA (van abajo)\",\"SOCIEDAD\"],\"inLanguage\":\"es\"},{\"@type\":\"WebPage\",\"@id\":\"https:\\\/\\\/diariotextual.com\\\/inicio\\\/index.php\\\/2023\\\/07\\\/13\\\/la-municipalidad-dice-que-hace-dos-meses-ya-pidio-luz-para-el-amanecer\\\/\",\"url\":\"https:\\\/\\\/diariotextual.com\\\/inicio\\\/index.php\\\/2023\\\/07\\\/13\\\/la-municipalidad-dice-que-hace-dos-meses-ya-pidio-luz-para-el-amanecer\\\/\",\"name\":\"La Municipalidad dice que hace dos meses ya pidi\u00f3 luz para El Amanecer - Diario Textual\",\"isPartOf\":{\"@id\":\"https:\\\/\\\/diariotextual.com\\\/inicio\\\/#website\"},\"primaryImageOfPage\":{\"@id\":\"https:\\\/\\\/diariotextual.com\\\/inicio\\\/index.php\\\/2023\\\/07\\\/13\\\/la-municipalidad-dice-que-hace-dos-meses-ya-pidio-luz-para-el-amanecer\\\/#primaryimage\"},\"image\":{\"@id\":\"https:\\\/\\\/diariotextual.com\\\/inicio\\\/index.php\\\/2023\\\/07\\\/13\\\/la-municipalidad-dice-que-hace-dos-meses-ya-pidio-luz-para-el-amanecer\\\/#primaryimage\"},\"thumbnailUrl\":\"https:\\\/\\\/diariotextual.com\\\/inicio\\\/wp-content\\\/uploads\\\/2022\\\/06\\\/nuevoamanecerferiazo2022-2.jpg\",\"datePublished\":\"2023-07-13T19:50:48+00:00\",\"dateModified\":\"2023-07-14T22:41:45+00:00\",\"breadcrumb\":{\"@id\":\"https:\\\/\\\/diariotextual.com\\\/inicio\\\/index.php\\\/2023\\\/07\\\/13\\\/la-municipalidad-dice-que-hace-dos-meses-ya-pidio-luz-para-el-amanecer\\\/#breadcrumb\"},\"inLanguage\":\"es\",\"potentialAction\":[{\"@type\":\"ReadAction\",\"target\":[\"https:\\\/\\\/diariotextual.com\\\/inicio\\\/index.php\\\/2023\\\/07\\\/13\\\/la-municipalidad-dice-que-hace-dos-meses-ya-pidio-luz-para-el-amanecer\\\/\"]}]},{\"@type\":\"ImageObject\",\"inLanguage\":\"es\",\"@id\":\"https:\\\/\\\/diariotextual.com\\\/inicio\\\/index.php\\\/2023\\\/07\\\/13\\\/la-municipalidad-dice-que-hace-dos-meses-ya-pidio-luz-para-el-amanecer\\\/#primaryimage\",\"url\":\"https:\\\/\\\/diariotextual.com\\\/inicio\\\/wp-content\\\/uploads\\\/2022\\\/06\\\/nuevoamanecerferiazo2022-2.jpg\",\"contentUrl\":\"https:\\\/\\\/diariotextual.com\\\/inicio\\\/wp-content\\\/uploads\\\/2022\\\/06\\\/nuevoamanecerferiazo2022-2.jpg\",\"width\":661,\"height\":461},{\"@type\":\"BreadcrumbList\",\"@id\":\"https:\\\/\\\/diariotextual.com\\\/inicio\\\/index.php\\\/2023\\\/07\\\/13\\\/la-municipalidad-dice-que-hace-dos-meses-ya-pidio-luz-para-el-amanecer\\\/#breadcrumb\",\"itemListElement\":[{\"@type\":\"ListItem\",\"position\":1,\"name\":\"Portada\",\"item\":\"https:\\\/\\\/diariotextual.com\\\/inicio\\\/\"},{\"@type\":\"ListItem\",\"position\":2,\"name\":\"La Municipalidad dice que hace dos meses ya pidi\u00f3 luz para El Amanecer\"}]},{\"@type\":\"WebSite\",\"@id\":\"https:\\\/\\\/diariotextual.com\\\/inicio\\\/#website\",\"url\":\"https:\\\/\\\/diariotextual.com\\\/inicio\\\/\",\"name\":\"Diario Textual\",\"description\":\"\",\"publisher\":{\"@id\":\"https:\\\/\\\/diariotextual.com\\\/inicio\\\/#organization\"},\"potentialAction\":[{\"@type\":\"SearchAction\",\"target\":{\"@type\":\"EntryPoint\",\"urlTemplate\":\"https:\\\/\\\/diariotextual.com\\\/inicio\\\/?s={search_term_string}\"},\"query-input\":{\"@type\":\"PropertyValueSpecification\",\"valueRequired\":true,\"valueName\":\"search_term_string\"}}],\"inLanguage\":\"es\"},{\"@type\":\"Organization\",\"@id\":\"https:\\\/\\\/diariotextual.com\\\/inicio\\\/#organization\",\"name\":\"Diario Textual\",\"url\":\"https:\\\/\\\/diariotextual.com\\\/inicio\\\/\",\"logo\":{\"@type\":\"ImageObject\",\"inLanguage\":\"es\",\"@id\":\"https:\\\/\\\/diariotextual.com\\\/inicio\\\/#\\\/schema\\\/logo\\\/image\\\/\",\"url\":\"https:\\\/\\\/diariotextual.com\\\/inicio\\\/wp-content\\\/uploads\\\/2023\\\/05\\\/logotextual1.jpg\",\"contentUrl\":\"https:\\\/\\\/diariotextual.com\\\/inicio\\\/wp-content\\\/uploads\\\/2023\\\/05\\\/logotextual1.jpg\",\"width\":516,\"height\":76,\"caption\":\"Diario Textual\"},\"image\":{\"@id\":\"https:\\\/\\\/diariotextual.com\\\/inicio\\\/#\\\/schema\\\/logo\\\/image\\\/\"},\"sameAs\":[\"https:\\\/\\\/www.facebook.com\\\/eltextual\",\"https:\\\/\\\/x.com\\\/eltextual\",\"http:\\\/\\\/www.instagram.com\\\/eltextual\"]},{\"@type\":\"Person\",\"@id\":\"https:\\\/\\\/diariotextual.com\\\/inicio\\\/#\\\/schema\\\/person\\\/418fc4093c33e86ed41562db3508f958\",\"name\":\"Diario1 Diario1\",\"image\":{\"@type\":\"ImageObject\",\"inLanguage\":\"es\",\"@id\":\"https:\\\/\\\/secure.gravatar.com\\\/avatar\\\/9167d280179c85bc18be67aa7eda765854300033af4896dd779b608640f2ef7a?s=96&d=mm&r=g\",\"url\":\"https:\\\/\\\/secure.gravatar.com\\\/avatar\\\/9167d280179c85bc18be67aa7eda765854300033af4896dd779b608640f2ef7a?s=96&d=mm&r=g\",\"contentUrl\":\"https:\\\/\\\/secure.gravatar.com\\\/avatar\\\/9167d280179c85bc18be67aa7eda765854300033af4896dd779b608640f2ef7a?s=96&d=mm&r=g\",\"caption\":\"Diario1 Diario1\"},\"url\":\"https:\\\/\\\/diariotextual.com\\\/inicio\\\/index.php\\\/author\\\/diario1\\\/\"}]}<\/script>\n<!-- \/ Yoast SEO plugin. -->","yoast_head_json":{"title":"La Municipalidad dice que hace dos meses ya pidi\u00f3 luz para El Amanecer - Diario Textual","robots":{"index":"index","follow":"follow","max-snippet":"max-snippet:-1","max-image-preview":"max-image-preview:large","max-video-preview":"max-video-preview:-1"},"canonical":"https:\/\/diariotextual.com\/inicio\/index.php\/2023\/07\/13\/la-municipalidad-dice-que-hace-dos-meses-ya-pidio-luz-para-el-amanecer\/","og_locale":"es_ES","og_type":"article","og_title":"La Municipalidad dice que hace dos meses ya pidi\u00f3 luz para El Amanecer - Diario Textual","og_description":"Bajo la consigna\u00a0\u201cLuz para el barrio El Amanecer\u201d\u00a0vecinos y vecinas nucleados en la Uni\u00f3n de Trabajadores y Trabajadoras de la Tierra (UTT) se movilizaron este jueves a la municipalidad de&hellip;","og_url":"https:\/\/diariotextual.com\/inicio\/index.php\/2023\/07\/13\/la-municipalidad-dice-que-hace-dos-meses-ya-pidio-luz-para-el-amanecer\/","og_site_name":"Diario Textual","article_publisher":"https:\/\/www.facebook.com\/eltextual","article_published_time":"2023-07-13T19:50:48+00:00","article_modified_time":"2023-07-14T22:41:45+00:00","og_image":[{"width":661,"height":461,"url":"https:\/\/diariotextual.com\/inicio\/wp-content\/uploads\/2022\/06\/nuevoamanecerferiazo2022-2.jpg","type":"image\/jpeg"}],"author":"Diario1 Diario1","twitter_card":"summary_large_image","twitter_creator":"@eltextual","twitter_site":"@eltextual","twitter_misc":{"Escrito por":"Diario1 Diario1","Tiempo de lectura":"2 minutos"},"schema":{"@context":"https:\/\/schema.org","@graph":[{"@type":"Article","@id":"https:\/\/diariotextual.com\/inicio\/index.php\/2023\/07\/13\/la-municipalidad-dice-que-hace-dos-meses-ya-pidio-luz-para-el-amanecer\/#article","isPartOf":{"@id":"https:\/\/diariotextual.com\/inicio\/index.php\/2023\/07\/13\/la-municipalidad-dice-que-hace-dos-meses-ya-pidio-luz-para-el-amanecer\/"},"author":{"name":"Diario1 Diario1","@id":"https:\/\/diariotextual.com\/inicio\/#\/schema\/person\/418fc4093c33e86ed41562db3508f958"},"headline":"La Municipalidad dice que hace dos meses ya pidi\u00f3 luz para El Amanecer","datePublished":"2023-07-13T19:50:48+00:00","dateModified":"2023-07-14T22:41:45+00:00","mainEntityOfPage":{"@id":"https:\/\/diariotextual.com\/inicio\/index.php\/2023\/07\/13\/la-municipalidad-dice-que-hace-dos-meses-ya-pidio-luz-para-el-amanecer\/"},"wordCount":426,"publisher":{"@id":"https:\/\/diariotextual.com\/inicio\/#organization"},"image":{"@id":"https:\/\/diariotextual.com\/inicio\/index.php\/2023\/07\/13\/la-municipalidad-dice-que-hace-dos-meses-ya-pidio-luz-para-el-amanecer\/#primaryimage"},"thumbnailUrl":"https:\/\/diariotextual.com\/inicio\/wp-content\/uploads\/2022\/06\/nuevoamanecerferiazo2022-2.jpg","articleSection":["A - ES NOTICIA (van abajo)","SOCIEDAD"],"inLanguage":"es"},{"@type":"WebPage","@id":"https:\/\/diariotextual.com\/inicio\/index.php\/2023\/07\/13\/la-municipalidad-dice-que-hace-dos-meses-ya-pidio-luz-para-el-amanecer\/","url":"https:\/\/diariotextual.com\/inicio\/index.php\/2023\/07\/13\/la-municipalidad-dice-que-hace-dos-meses-ya-pidio-luz-para-el-amanecer\/","name":"La Municipalidad dice que hace dos meses ya pidi\u00f3 luz para El Amanecer - Diario Textual","isPartOf":{"@id":"https:\/\/diariotextual.com\/inicio\/#website"},"primaryImageOfPage":{"@id":"https:\/\/diariotextual.com\/inicio\/index.php\/2023\/07\/13\/la-municipalidad-dice-que-hace-dos-meses-ya-pidio-luz-para-el-amanecer\/#primaryimage"},"image":{"@id":"https:\/\/diariotextual.com\/inicio\/index.php\/2023\/07\/13\/la-municipalidad-dice-que-hace-dos-meses-ya-pidio-luz-para-el-amanecer\/#primaryimage"},"thumbnailUrl":"https:\/\/diariotextual.com\/inicio\/wp-content\/uploads\/2022\/06\/nuevoamanecerferiazo2022-2.jpg","datePublished":"2023-07-13T19:50:48+00:00","dateModified":"2023-07-14T22:41:45+00:00","breadcrumb":{"@id":"https:\/\/diariotextual.com\/inicio\/index.php\/2023\/07\/13\/la-municipalidad-dice-que-hace-dos-meses-ya-pidio-luz-para-el-amanecer\/#breadcrumb"},"inLanguage":"es","potentialAction":[{"@type":"ReadAction","target":["https:\/\/diariotextual.com\/inicio\/index.php\/2023\/07\/13\/la-municipalidad-dice-que-hace-dos-meses-ya-pidio-luz-para-el-amanecer\/"]}]},{"@type":"ImageObject","inLanguage":"es","@id":"https:\/\/diariotextual.com\/inicio\/index.php\/2023\/07\/13\/la-municipalidad-dice-que-hace-dos-meses-ya-pidio-luz-para-el-amanecer\/#primaryimage","url":"https:\/\/diariotextual.com\/inicio\/wp-content\/uploads\/2022\/06\/nuevoamanecerferiazo2022-2.jpg","contentUrl":"https:\/\/diariotextual.com\/inicio\/wp-content\/uploads\/2022\/06\/nuevoamanecerferiazo2022-2.jpg","width":661,"height":461},{"@type":"BreadcrumbList","@id":"https:\/\/diariotextual.com\/inicio\/index.php\/2023\/07\/13\/la-municipalidad-dice-que-hace-dos-meses-ya-pidio-luz-para-el-amanecer\/#breadcrumb","itemListElement":[{"@type":"ListItem","position":1,"name":"Portada","item":"https:\/\/diariotextual.com\/inicio\/"},{"@type":"ListItem","position":2,"name":"La Municipalidad dice que hace dos meses ya pidi\u00f3 luz para El Amanecer"}]},{"@type":"WebSite","@id":"https:\/\/diariotextual.com\/inicio\/#website","url":"https:\/\/diariotextual.com\/inicio\/","name":"Diario Textual","description":"","publisher":{"@id":"https:\/\/diariotextual.com\/inicio\/#organization"},"potentialAction":[{"@type":"SearchAction","target":{"@type":"EntryPoint","urlTemplate":"https:\/\/diariotextual.com\/inicio\/?s={search_term_string}"},"query-input":{"@type":"PropertyValueSpecification","valueRequired":true,"valueName":"search_term_string"}}],"inLanguage":"es"},{"@type":"Organization","@id":"https:\/\/diariotextual.com\/inicio\/#organization","name":"Diario Textual","url":"https:\/\/diariotextual.com\/inicio\/","logo":{"@type":"ImageObject","inLanguage":"es","@id":"https:\/\/diariotextual.com\/inicio\/#\/schema\/logo\/image\/","url":"https:\/\/diariotextual.com\/inicio\/wp-content\/uploads\/2023\/05\/logotextual1.jpg","contentUrl":"https:\/\/diariotextual.com\/inicio\/wp-content\/uploads\/2023\/05\/logotextual1.jpg","width":516,"height":76,"caption":"Diario Textual"},"image":{"@id":"https:\/\/diariotextual.com\/inicio\/#\/schema\/logo\/image\/"},"sameAs":["https:\/\/www.facebook.com\/eltextual","https:\/\/x.com\/eltextual","http:\/\/www.instagram.com\/eltextual"]},{"@type":"Person","@id":"https:\/\/diariotextual.com\/inicio\/#\/schema\/person\/418fc4093c33e86ed41562db3508f958","name":"Diario1 Diario1","image":{"@type":"ImageObject","inLanguage":"es","@id":"https:\/\/secure.gravatar.com\/avatar\/9167d280179c85bc18be67aa7eda765854300033af4896dd779b608640f2ef7a?s=96&d=mm&r=g","url":"https:\/\/secure.gravatar.com\/avatar\/9167d280179c85bc18be67aa7eda765854300033af4896dd779b608640f2ef7a?s=96&d=mm&r=g","contentUrl":"https:\/\/secure.gravatar.com\/avatar\/9167d280179c85bc18be67aa7eda765854300033af4896dd779b608640f2ef7a?s=96&d=mm&r=g","caption":"Diario1 Diario1"},"url":"https:\/\/diariotextual.com\/inicio\/index.php\/author\/diario1\/"}]}},"_links":{"self":[{"href":"https:\/\/diariotextual.com\/inicio\/index.php\/wp-json\/wp\/v2\/posts\/230974","targetHints":{"allow":["GET"]}}],"collection":[{"href":"https:\/\/diariotextual.com\/inicio\/index.php\/wp-json\/wp\/v2\/posts"}],"about":[{"href":"https:\/\/diariotextual.com\/inicio\/index.php\/wp-json\/wp\/v2\/types\/post"}],"author":[{"embeddable":true,"href":"https:\/\/diariotextual.com\/inicio\/index.php\/wp-json\/wp\/v2\/users\/3"}],"replies":[{"embeddable":true,"href":"https:\/\/diariotextual.com\/inicio\/index.php\/wp-json\/wp\/v2\/comments?post=230974"}],"version-history":[{"count":3,"href":"https:\/\/diariotextual.com\/inicio\/index.php\/wp-json\/wp\/v2\/posts\/230974\/revisions"}],"predecessor-version":[{"id":230977,"href":"https:\/\/diariotextual.com\/inicio\/index.php\/wp-json\/wp\/v2\/posts\/230974\/revisions\/230977"}],"wp:featuredmedia":[{"embeddable":true,"href":"https:\/\/diariotextual.com\/inicio\/index.php\/wp-json\/wp\/v2\/media\/191697"}],"wp:attachment":[{"href":"https:\/\/diariotextual.com\/inicio\/index.php\/wp-json\/wp\/v2\/media?parent=230974"}],"wp:term":[{"taxonomy":"category","embeddable":true,"href":"https:\/\/diariotextual.com\/inicio\/index.php\/wp-json\/wp\/v2\/categories?post=230974"},{"taxonomy":"post_tag","embeddable":true,"href":"https:\/\/diariotextual.com\/inicio\/index.php\/wp-json\/wp\/v2\/tags?post=230974"}],"curies":[{"name":"wp","href":"https:\/\/api.w.org\/{rel}","templated":true}]}}