{"id":230983,"date":"2023-07-13T17:16:45","date_gmt":"2023-07-13T20:16:45","guid":{"rendered":"https:\/\/diariotextual.com\/inicio\/?p=230983"},"modified":"2023-07-14T17:24:27","modified_gmt":"2023-07-14T20:24:27","slug":"la-provncia-implemento-la-clausula-gatillo-14-de-aumento","status":"publish","type":"post","link":"https:\/\/diariotextual.com\/inicio\/index.php\/2023\/07\/13\/la-provncia-implemento-la-clausula-gatillo-14-de-aumento\/","title":{"rendered":"La Provincia implement\u00f3 la cl\u00e1usula gatillo: 14% de aumento"},"content":{"rendered":"\n<p>El <strong>Poder Ejecutivo<\/strong> comunic\u00f3 que, en cumplimiento de los acuerdos paritarios alcanzados en los \u00e1mbitos de las leyes N\u00b0 2238 y 2702, se activ\u00f3 la llamada<strong> \u201ccl\u00e1usula gatillo\u201d <\/strong>prevista para el mes de julio, en virtud de haberse publicado en el d\u00eda de la fecha el \u00edndice de precios al consumidor (IPC) del mes de junio, que para la Regi\u00f3n Pampeana fue del 5,9%.\u00a0 En raz\u00f3n de ello<strong>, en la liquidaci\u00f3n salarial del presente mes se abonar\u00e1 un incremento del 14,0 % sobre las escalas vigentes al mes de junio. Con este nuevo aumento, las remuneraciones de los empleados p\u00fablicos alcanzan un aumento del 50.5 % en lo que va del a\u00f1o.\u00a0 \u00a0<\/strong><\/p>\n\n\n\n<figure class=\"wp-block-embed is-type-wp-embed is-provider-diario-textual wp-block-embed-diario-textual\"><div class=\"wp-block-embed__wrapper\">\n<blockquote class=\"wp-embedded-content\" data-secret=\"44z9GjzZaq\"><a href=\"https:\/\/diariotextual.com\/inicio\/index.php\/2023\/07\/13\/la-inflacion-volvio-a-desacelerar-en-junio-fue-del-6\/\">La inflaci\u00f3n volvi\u00f3 a desacelerar en junio: fue del 6%<\/a><\/blockquote><iframe class=\"wp-embedded-content\" sandbox=\"allow-scripts\" security=\"restricted\" style=\"position: absolute; clip: rect(1px, 1px, 1px, 1px);\" title=\"\u00abLa inflaci\u00f3n volvi\u00f3 a desacelerar en junio: fue del 6%\u00bb \u2014 Diario Textual\" src=\"https:\/\/diariotextual.com\/inicio\/index.php\/2023\/07\/13\/la-inflacion-volvio-a-desacelerar-en-junio-fue-del-6\/embed\/#?secret=YzeXBvrXwT#?secret=44z9GjzZaq\" data-secret=\"44z9GjzZaq\" width=\"600\" height=\"338\" frameborder=\"0\" marginwidth=\"0\" marginheight=\"0\" scrolling=\"no\"><\/iframe>\n<\/div><\/figure>\n\n\n\n<p>La medida alcanza a las y los empleados provinciales de todos los convenios, as\u00ed como tambi\u00e9n a pensionados, convocados del Ministerio de Seguridad, m\u00e9dicos residentes y pasantes.<\/p>\n\n\n\n<p>Adem\u00e1s, el aumento salarial se traslada a los agentes de las comisiones de fomento y a los haberes previsionales de los jubilados provinciales. \u201cEl aumento de las jubilaciones se otorga desde el mes de julio del presente, al igual que el aumento salarial de los activos, liquid\u00e1ndose el mismo de acuerdo a la normativa vigente, con reconocimiento del respectivo importe retroactivo\u201d, aclar\u00f3 Casa de Gobierno.<\/p>\n\n\n\n<p>\u201cLos incrementos referidos forman parte de un notable esfuerzo financiero para el tesoro provincial y tienen como objetivo mantener el poder adquisitivo de los beneficiarios de tal medida. Esta pol\u00edtica salarial es una decisi\u00f3n muy firme por parte del Gobierno Provincial y cumple en honrar el compromiso contra\u00eddo oportunamente en los \u00e1mbitos paritarios. Esta pol\u00edtica se espera redunde no s\u00f3lo en el mantenimiento e incremento del poder adquisitivo del salario de parte de los trabajadores y jubilados pampeanos sino tambi\u00e9n en la dinamizaci\u00f3n de la actividad privada vinculadas al consumo en el \u00e1mbito provincial a partir de la inversi\u00f3n p\u00fablica como herramienta de intervenci\u00f3n en la econom\u00eda\u201d, finaliz\u00f3 el Gobierno.<\/p>\n","protected":false},"excerpt":{"rendered":"<p>El Poder Ejecutivo comunic\u00f3 que, en cumplimiento de los acuerdos paritarios alcanzados en los \u00e1mbitos de las leyes N\u00b0 2238 y 2702, se activ\u00f3 la llamada \u201ccl\u00e1usula gatillo\u201d prevista para&hellip;<\/p>\n","protected":false},"author":3,"featured_media":201188,"comment_status":"closed","ping_status":"open","sticky":false,"template":"","format":"standard","meta":{"_acf_changed":false,"footnotes":""},"categories":[11,8],"tags":[],"class_list":["post-230983","post","type-post","status-publish","format-standard","has-post-thumbnail","hentry","category-que-pasa","category-politica"],"acf":[],"yoast_head":"<!-- This site is optimized with the Yoast SEO plugin v27.5 - https:\/\/yoast.com\/product\/yoast-seo-wordpress\/ -->\n<title>La Provincia implement\u00f3 la cl\u00e1usula gatillo: 14% de aumento - Diario Textual<\/title>\n<meta name=\"robots\" content=\"index, follow, max-snippet:-1, max-image-preview:large, max-video-preview:-1\" \/>\n<link rel=\"canonical\" href=\"https:\/\/diariotextual.com\/inicio\/index.php\/2023\/07\/13\/la-provncia-implemento-la-clausula-gatillo-14-de-aumento\/\" \/>\n<meta property=\"og:locale\" content=\"es_ES\" \/>\n<meta property=\"og:type\" content=\"article\" \/>\n<meta property=\"og:title\" content=\"La Provincia implement\u00f3 la cl\u00e1usula gatillo: 14% de aumento - Diario Textual\" \/>\n<meta property=\"og:description\" content=\"El Poder Ejecutivo comunic\u00f3 que, en cumplimiento de los acuerdos paritarios alcanzados en los \u00e1mbitos de las leyes N\u00b0 2238 y 2702, se activ\u00f3 la llamada \u201ccl\u00e1usula gatillo\u201d prevista para&hellip;\" \/>\n<meta property=\"og:url\" content=\"https:\/\/diariotextual.com\/inicio\/index.php\/2023\/07\/13\/la-provncia-implemento-la-clausula-gatillo-14-de-aumento\/\" \/>\n<meta property=\"og:site_name\" content=\"Diario Textual\" \/>\n<meta property=\"article:publisher\" content=\"https:\/\/www.facebook.com\/eltextual\" \/>\n<meta property=\"article:published_time\" content=\"2023-07-13T20:16:45+00:00\" \/>\n<meta property=\"article:modified_time\" content=\"2023-07-14T20:24:27+00:00\" \/>\n<meta property=\"og:image\" content=\"https:\/\/diariotextual.com\/inicio\/wp-content\/uploads\/2022\/09\/casadegobierno2022-1-scaled.jpg\" \/>\n\t<meta property=\"og:image:width\" content=\"2560\" \/>\n\t<meta property=\"og:image:height\" content=\"1614\" \/>\n\t<meta property=\"og:image:type\" content=\"image\/jpeg\" \/>\n<meta name=\"author\" content=\"Diario1 Diario1\" \/>\n<meta name=\"twitter:card\" content=\"summary_large_image\" \/>\n<meta name=\"twitter:creator\" content=\"@eltextual\" \/>\n<meta name=\"twitter:site\" content=\"@eltextual\" \/>\n<meta name=\"twitter:label1\" content=\"Escrito por\" \/>\n\t<meta name=\"twitter:data1\" content=\"Diario1 Diario1\" \/>\n\t<meta name=\"twitter:label2\" content=\"Tiempo de lectura\" \/>\n\t<meta name=\"twitter:data2\" content=\"2 minutos\" \/>\n<script type=\"application\/ld+json\" class=\"yoast-schema-graph\">{\"@context\":\"https:\\\/\\\/schema.org\",\"@graph\":[{\"@type\":\"Article\",\"@id\":\"https:\\\/\\\/diariotextual.com\\\/inicio\\\/index.php\\\/2023\\\/07\\\/13\\\/la-provncia-implemento-la-clausula-gatillo-14-de-aumento\\\/#article\",\"isPartOf\":{\"@id\":\"https:\\\/\\\/diariotextual.com\\\/inicio\\\/index.php\\\/2023\\\/07\\\/13\\\/la-provncia-implemento-la-clausula-gatillo-14-de-aumento\\\/\"},\"author\":{\"name\":\"Diario1 Diario1\",\"@id\":\"https:\\\/\\\/diariotextual.com\\\/inicio\\\/#\\\/schema\\\/person\\\/418fc4093c33e86ed41562db3508f958\"},\"headline\":\"La Provincia implement\u00f3 la cl\u00e1usula gatillo: 14% de aumento\",\"datePublished\":\"2023-07-13T20:16:45+00:00\",\"dateModified\":\"2023-07-14T20:24:27+00:00\",\"mainEntityOfPage\":{\"@id\":\"https:\\\/\\\/diariotextual.com\\\/inicio\\\/index.php\\\/2023\\\/07\\\/13\\\/la-provncia-implemento-la-clausula-gatillo-14-de-aumento\\\/\"},\"wordCount\":345,\"publisher\":{\"@id\":\"https:\\\/\\\/diariotextual.com\\\/inicio\\\/#organization\"},\"image\":{\"@id\":\"https:\\\/\\\/diariotextual.com\\\/inicio\\\/index.php\\\/2023\\\/07\\\/13\\\/la-provncia-implemento-la-clausula-gatillo-14-de-aumento\\\/#primaryimage\"},\"thumbnailUrl\":\"https:\\\/\\\/diariotextual.com\\\/inicio\\\/wp-content\\\/uploads\\\/2022\\\/09\\\/casadegobierno2022-1-scaled.jpg\",\"articleSection\":[\"A - QUE PASA (al costado)\",\"POLITICA\"],\"inLanguage\":\"es\"},{\"@type\":\"WebPage\",\"@id\":\"https:\\\/\\\/diariotextual.com\\\/inicio\\\/index.php\\\/2023\\\/07\\\/13\\\/la-provncia-implemento-la-clausula-gatillo-14-de-aumento\\\/\",\"url\":\"https:\\\/\\\/diariotextual.com\\\/inicio\\\/index.php\\\/2023\\\/07\\\/13\\\/la-provncia-implemento-la-clausula-gatillo-14-de-aumento\\\/\",\"name\":\"La Provincia implement\u00f3 la cl\u00e1usula gatillo: 14% de aumento - Diario Textual\",\"isPartOf\":{\"@id\":\"https:\\\/\\\/diariotextual.com\\\/inicio\\\/#website\"},\"primaryImageOfPage\":{\"@id\":\"https:\\\/\\\/diariotextual.com\\\/inicio\\\/index.php\\\/2023\\\/07\\\/13\\\/la-provncia-implemento-la-clausula-gatillo-14-de-aumento\\\/#primaryimage\"},\"image\":{\"@id\":\"https:\\\/\\\/diariotextual.com\\\/inicio\\\/index.php\\\/2023\\\/07\\\/13\\\/la-provncia-implemento-la-clausula-gatillo-14-de-aumento\\\/#primaryimage\"},\"thumbnailUrl\":\"https:\\\/\\\/diariotextual.com\\\/inicio\\\/wp-content\\\/uploads\\\/2022\\\/09\\\/casadegobierno2022-1-scaled.jpg\",\"datePublished\":\"2023-07-13T20:16:45+00:00\",\"dateModified\":\"2023-07-14T20:24:27+00:00\",\"breadcrumb\":{\"@id\":\"https:\\\/\\\/diariotextual.com\\\/inicio\\\/index.php\\\/2023\\\/07\\\/13\\\/la-provncia-implemento-la-clausula-gatillo-14-de-aumento\\\/#breadcrumb\"},\"inLanguage\":\"es\",\"potentialAction\":[{\"@type\":\"ReadAction\",\"target\":[\"https:\\\/\\\/diariotextual.com\\\/inicio\\\/index.php\\\/2023\\\/07\\\/13\\\/la-provncia-implemento-la-clausula-gatillo-14-de-aumento\\\/\"]}]},{\"@type\":\"ImageObject\",\"inLanguage\":\"es\",\"@id\":\"https:\\\/\\\/diariotextual.com\\\/inicio\\\/index.php\\\/2023\\\/07\\\/13\\\/la-provncia-implemento-la-clausula-gatillo-14-de-aumento\\\/#primaryimage\",\"url\":\"https:\\\/\\\/diariotextual.com\\\/inicio\\\/wp-content\\\/uploads\\\/2022\\\/09\\\/casadegobierno2022-1-scaled.jpg\",\"contentUrl\":\"https:\\\/\\\/diariotextual.com\\\/inicio\\\/wp-content\\\/uploads\\\/2022\\\/09\\\/casadegobierno2022-1-scaled.jpg\",\"width\":2560,\"height\":1614},{\"@type\":\"BreadcrumbList\",\"@id\":\"https:\\\/\\\/diariotextual.com\\\/inicio\\\/index.php\\\/2023\\\/07\\\/13\\\/la-provncia-implemento-la-clausula-gatillo-14-de-aumento\\\/#breadcrumb\",\"itemListElement\":[{\"@type\":\"ListItem\",\"position\":1,\"name\":\"Portada\",\"item\":\"https:\\\/\\\/diariotextual.com\\\/inicio\\\/\"},{\"@type\":\"ListItem\",\"position\":2,\"name\":\"La Provincia implement\u00f3 la cl\u00e1usula gatillo: 14% de aumento\"}]},{\"@type\":\"WebSite\",\"@id\":\"https:\\\/\\\/diariotextual.com\\\/inicio\\\/#website\",\"url\":\"https:\\\/\\\/diariotextual.com\\\/inicio\\\/\",\"name\":\"Diario Textual\",\"description\":\"\",\"publisher\":{\"@id\":\"https:\\\/\\\/diariotextual.com\\\/inicio\\\/#organization\"},\"potentialAction\":[{\"@type\":\"SearchAction\",\"target\":{\"@type\":\"EntryPoint\",\"urlTemplate\":\"https:\\\/\\\/diariotextual.com\\\/inicio\\\/?s={search_term_string}\"},\"query-input\":{\"@type\":\"PropertyValueSpecification\",\"valueRequired\":true,\"valueName\":\"search_term_string\"}}],\"inLanguage\":\"es\"},{\"@type\":\"Organization\",\"@id\":\"https:\\\/\\\/diariotextual.com\\\/inicio\\\/#organization\",\"name\":\"Diario Textual\",\"url\":\"https:\\\/\\\/diariotextual.com\\\/inicio\\\/\",\"logo\":{\"@type\":\"ImageObject\",\"inLanguage\":\"es\",\"@id\":\"https:\\\/\\\/diariotextual.com\\\/inicio\\\/#\\\/schema\\\/logo\\\/image\\\/\",\"url\":\"https:\\\/\\\/diariotextual.com\\\/inicio\\\/wp-content\\\/uploads\\\/2023\\\/05\\\/logotextual1.jpg\",\"contentUrl\":\"https:\\\/\\\/diariotextual.com\\\/inicio\\\/wp-content\\\/uploads\\\/2023\\\/05\\\/logotextual1.jpg\",\"width\":516,\"height\":76,\"caption\":\"Diario Textual\"},\"image\":{\"@id\":\"https:\\\/\\\/diariotextual.com\\\/inicio\\\/#\\\/schema\\\/logo\\\/image\\\/\"},\"sameAs\":[\"https:\\\/\\\/www.facebook.com\\\/eltextual\",\"https:\\\/\\\/x.com\\\/eltextual\",\"http:\\\/\\\/www.instagram.com\\\/eltextual\"]},{\"@type\":\"Person\",\"@id\":\"https:\\\/\\\/diariotextual.com\\\/inicio\\\/#\\\/schema\\\/person\\\/418fc4093c33e86ed41562db3508f958\",\"name\":\"Diario1 Diario1\",\"image\":{\"@type\":\"ImageObject\",\"inLanguage\":\"es\",\"@id\":\"https:\\\/\\\/secure.gravatar.com\\\/avatar\\\/9167d280179c85bc18be67aa7eda765854300033af4896dd779b608640f2ef7a?s=96&d=mm&r=g\",\"url\":\"https:\\\/\\\/secure.gravatar.com\\\/avatar\\\/9167d280179c85bc18be67aa7eda765854300033af4896dd779b608640f2ef7a?s=96&d=mm&r=g\",\"contentUrl\":\"https:\\\/\\\/secure.gravatar.com\\\/avatar\\\/9167d280179c85bc18be67aa7eda765854300033af4896dd779b608640f2ef7a?s=96&d=mm&r=g\",\"caption\":\"Diario1 Diario1\"},\"url\":\"https:\\\/\\\/diariotextual.com\\\/inicio\\\/index.php\\\/author\\\/diario1\\\/\"}]}<\/script>\n<!-- \/ Yoast SEO plugin. -->","yoast_head_json":{"title":"La Provincia implement\u00f3 la cl\u00e1usula gatillo: 14% de aumento - Diario Textual","robots":{"index":"index","follow":"follow","max-snippet":"max-snippet:-1","max-image-preview":"max-image-preview:large","max-video-preview":"max-video-preview:-1"},"canonical":"https:\/\/diariotextual.com\/inicio\/index.php\/2023\/07\/13\/la-provncia-implemento-la-clausula-gatillo-14-de-aumento\/","og_locale":"es_ES","og_type":"article","og_title":"La Provincia implement\u00f3 la cl\u00e1usula gatillo: 14% de aumento - Diario Textual","og_description":"El Poder Ejecutivo comunic\u00f3 que, en cumplimiento de los acuerdos paritarios alcanzados en los \u00e1mbitos de las leyes N\u00b0 2238 y 2702, se activ\u00f3 la llamada \u201ccl\u00e1usula gatillo\u201d prevista para&hellip;","og_url":"https:\/\/diariotextual.com\/inicio\/index.php\/2023\/07\/13\/la-provncia-implemento-la-clausula-gatillo-14-de-aumento\/","og_site_name":"Diario Textual","article_publisher":"https:\/\/www.facebook.com\/eltextual","article_published_time":"2023-07-13T20:16:45+00:00","article_modified_time":"2023-07-14T20:24:27+00:00","og_image":[{"width":2560,"height":1614,"url":"https:\/\/diariotextual.com\/inicio\/wp-content\/uploads\/2022\/09\/casadegobierno2022-1-scaled.jpg","type":"image\/jpeg"}],"author":"Diario1 Diario1","twitter_card":"summary_large_image","twitter_creator":"@eltextual","twitter_site":"@eltextual","twitter_misc":{"Escrito por":"Diario1 Diario1","Tiempo de lectura":"2 minutos"},"schema":{"@context":"https:\/\/schema.org","@graph":[{"@type":"Article","@id":"https:\/\/diariotextual.com\/inicio\/index.php\/2023\/07\/13\/la-provncia-implemento-la-clausula-gatillo-14-de-aumento\/#article","isPartOf":{"@id":"https:\/\/diariotextual.com\/inicio\/index.php\/2023\/07\/13\/la-provncia-implemento-la-clausula-gatillo-14-de-aumento\/"},"author":{"name":"Diario1 Diario1","@id":"https:\/\/diariotextual.com\/inicio\/#\/schema\/person\/418fc4093c33e86ed41562db3508f958"},"headline":"La Provincia implement\u00f3 la cl\u00e1usula gatillo: 14% de aumento","datePublished":"2023-07-13T20:16:45+00:00","dateModified":"2023-07-14T20:24:27+00:00","mainEntityOfPage":{"@id":"https:\/\/diariotextual.com\/inicio\/index.php\/2023\/07\/13\/la-provncia-implemento-la-clausula-gatillo-14-de-aumento\/"},"wordCount":345,"publisher":{"@id":"https:\/\/diariotextual.com\/inicio\/#organization"},"image":{"@id":"https:\/\/diariotextual.com\/inicio\/index.php\/2023\/07\/13\/la-provncia-implemento-la-clausula-gatillo-14-de-aumento\/#primaryimage"},"thumbnailUrl":"https:\/\/diariotextual.com\/inicio\/wp-content\/uploads\/2022\/09\/casadegobierno2022-1-scaled.jpg","articleSection":["A - QUE PASA (al costado)","POLITICA"],"inLanguage":"es"},{"@type":"WebPage","@id":"https:\/\/diariotextual.com\/inicio\/index.php\/2023\/07\/13\/la-provncia-implemento-la-clausula-gatillo-14-de-aumento\/","url":"https:\/\/diariotextual.com\/inicio\/index.php\/2023\/07\/13\/la-provncia-implemento-la-clausula-gatillo-14-de-aumento\/","name":"La Provincia implement\u00f3 la cl\u00e1usula gatillo: 14% de aumento - Diario Textual","isPartOf":{"@id":"https:\/\/diariotextual.com\/inicio\/#website"},"primaryImageOfPage":{"@id":"https:\/\/diariotextual.com\/inicio\/index.php\/2023\/07\/13\/la-provncia-implemento-la-clausula-gatillo-14-de-aumento\/#primaryimage"},"image":{"@id":"https:\/\/diariotextual.com\/inicio\/index.php\/2023\/07\/13\/la-provncia-implemento-la-clausula-gatillo-14-de-aumento\/#primaryimage"},"thumbnailUrl":"https:\/\/diariotextual.com\/inicio\/wp-content\/uploads\/2022\/09\/casadegobierno2022-1-scaled.jpg","datePublished":"2023-07-13T20:16:45+00:00","dateModified":"2023-07-14T20:24:27+00:00","breadcrumb":{"@id":"https:\/\/diariotextual.com\/inicio\/index.php\/2023\/07\/13\/la-provncia-implemento-la-clausula-gatillo-14-de-aumento\/#breadcrumb"},"inLanguage":"es","potentialAction":[{"@type":"ReadAction","target":["https:\/\/diariotextual.com\/inicio\/index.php\/2023\/07\/13\/la-provncia-implemento-la-clausula-gatillo-14-de-aumento\/"]}]},{"@type":"ImageObject","inLanguage":"es","@id":"https:\/\/diariotextual.com\/inicio\/index.php\/2023\/07\/13\/la-provncia-implemento-la-clausula-gatillo-14-de-aumento\/#primaryimage","url":"https:\/\/diariotextual.com\/inicio\/wp-content\/uploads\/2022\/09\/casadegobierno2022-1-scaled.jpg","contentUrl":"https:\/\/diariotextual.com\/inicio\/wp-content\/uploads\/2022\/09\/casadegobierno2022-1-scaled.jpg","width":2560,"height":1614},{"@type":"BreadcrumbList","@id":"https:\/\/diariotextual.com\/inicio\/index.php\/2023\/07\/13\/la-provncia-implemento-la-clausula-gatillo-14-de-aumento\/#breadcrumb","itemListElement":[{"@type":"ListItem","position":1,"name":"Portada","item":"https:\/\/diariotextual.com\/inicio\/"},{"@type":"ListItem","position":2,"name":"La Provincia implement\u00f3 la cl\u00e1usula gatillo: 14% de aumento"}]},{"@type":"WebSite","@id":"https:\/\/diariotextual.com\/inicio\/#website","url":"https:\/\/diariotextual.com\/inicio\/","name":"Diario Textual","description":"","publisher":{"@id":"https:\/\/diariotextual.com\/inicio\/#organization"},"potentialAction":[{"@type":"SearchAction","target":{"@type":"EntryPoint","urlTemplate":"https:\/\/diariotextual.com\/inicio\/?s={search_term_string}"},"query-input":{"@type":"PropertyValueSpecification","valueRequired":true,"valueName":"search_term_string"}}],"inLanguage":"es"},{"@type":"Organization","@id":"https:\/\/diariotextual.com\/inicio\/#organization","name":"Diario Textual","url":"https:\/\/diariotextual.com\/inicio\/","logo":{"@type":"ImageObject","inLanguage":"es","@id":"https:\/\/diariotextual.com\/inicio\/#\/schema\/logo\/image\/","url":"https:\/\/diariotextual.com\/inicio\/wp-content\/uploads\/2023\/05\/logotextual1.jpg","contentUrl":"https:\/\/diariotextual.com\/inicio\/wp-content\/uploads\/2023\/05\/logotextual1.jpg","width":516,"height":76,"caption":"Diario Textual"},"image":{"@id":"https:\/\/diariotextual.com\/inicio\/#\/schema\/logo\/image\/"},"sameAs":["https:\/\/www.facebook.com\/eltextual","https:\/\/x.com\/eltextual","http:\/\/www.instagram.com\/eltextual"]},{"@type":"Person","@id":"https:\/\/diariotextual.com\/inicio\/#\/schema\/person\/418fc4093c33e86ed41562db3508f958","name":"Diario1 Diario1","image":{"@type":"ImageObject","inLanguage":"es","@id":"https:\/\/secure.gravatar.com\/avatar\/9167d280179c85bc18be67aa7eda765854300033af4896dd779b608640f2ef7a?s=96&d=mm&r=g","url":"https:\/\/secure.gravatar.com\/avatar\/9167d280179c85bc18be67aa7eda765854300033af4896dd779b608640f2ef7a?s=96&d=mm&r=g","contentUrl":"https:\/\/secure.gravatar.com\/avatar\/9167d280179c85bc18be67aa7eda765854300033af4896dd779b608640f2ef7a?s=96&d=mm&r=g","caption":"Diario1 Diario1"},"url":"https:\/\/diariotextual.com\/inicio\/index.php\/author\/diario1\/"}]}},"_links":{"self":[{"href":"https:\/\/diariotextual.com\/inicio\/index.php\/wp-json\/wp\/v2\/posts\/230983","targetHints":{"allow":["GET"]}}],"collection":[{"href":"https:\/\/diariotextual.com\/inicio\/index.php\/wp-json\/wp\/v2\/posts"}],"about":[{"href":"https:\/\/diariotextual.com\/inicio\/index.php\/wp-json\/wp\/v2\/types\/post"}],"author":[{"embeddable":true,"href":"https:\/\/diariotextual.com\/inicio\/index.php\/wp-json\/wp\/v2\/users\/3"}],"replies":[{"embeddable":true,"href":"https:\/\/diariotextual.com\/inicio\/index.php\/wp-json\/wp\/v2\/comments?post=230983"}],"version-history":[{"count":3,"href":"https:\/\/diariotextual.com\/inicio\/index.php\/wp-json\/wp\/v2\/posts\/230983\/revisions"}],"predecessor-version":[{"id":230986,"href":"https:\/\/diariotextual.com\/inicio\/index.php\/wp-json\/wp\/v2\/posts\/230983\/revisions\/230986"}],"wp:featuredmedia":[{"embeddable":true,"href":"https:\/\/diariotextual.com\/inicio\/index.php\/wp-json\/wp\/v2\/media\/201188"}],"wp:attachment":[{"href":"https:\/\/diariotextual.com\/inicio\/index.php\/wp-json\/wp\/v2\/media?parent=230983"}],"wp:term":[{"taxonomy":"category","embeddable":true,"href":"https:\/\/diariotextual.com\/inicio\/index.php\/wp-json\/wp\/v2\/categories?post=230983"},{"taxonomy":"post_tag","embeddable":true,"href":"https:\/\/diariotextual.com\/inicio\/index.php\/wp-json\/wp\/v2\/tags?post=230983"}],"curies":[{"name":"wp","href":"https:\/\/api.w.org\/{rel}","templated":true}]}}