{"id":231022,"date":"2023-07-14T10:37:47","date_gmt":"2023-07-14T13:37:47","guid":{"rendered":"https:\/\/diariotextual.com\/inicio\/?p=231022"},"modified":"2023-07-14T16:56:30","modified_gmt":"2023-07-14T19:56:30","slug":"por-el-frio-modifican-el-horario-del-mercado-municipal","status":"publish","type":"post","link":"https:\/\/diariotextual.com\/inicio\/index.php\/2023\/07\/14\/por-el-frio-modifican-el-horario-del-mercado-municipal\/","title":{"rendered":"Por el fr\u00edo, modifican el horario del Mercado Municipal"},"content":{"rendered":"\n<p><strong>La Municipalidad de Santa Rosa, a trav\u00e9s de la Secretar\u00eda de Desarrollo Econ\u00f3mico, confirm\u00f3 que a ra\u00edz del fr\u00edo el Mercado Municipal abrir\u00e1 este s\u00e1bado 15 de julio en horario especial, de 10 a 13.30 horas, en el predio de la ruta nacional 35, frente al aeropuerto de la ciudad.<\/strong><\/p>\n\n\n\n<p>Como es habitual,<strong> las familias santarrose\u00f1as podr\u00e1n acceder a precios competitivos en productos c\u00e1rnicos, frutas, verduras, panificados y art\u00edculos de limpieza, entre otros.<\/strong><\/p>\n\n\n\n<p>Las l\u00edneas 4 y 7 del Ente Municipal de Transporte Urbano de Pasajeros (EMTU) se encontrar\u00e1n disponibles con llegada al mercado.<\/p>\n\n\n\n<p>Ofertas disponibles para este fin de semana:<\/p>\n\n\n\n<p><strong>Frutas y verduras:&nbsp;<\/strong>Papa $300,&nbsp;Cebolla $150,&nbsp;Zanahoria $150,&nbsp;Acelga $150,&nbsp;Zapallo anco $150,&nbsp;Berenjena $250,&nbsp;Pera $300,&nbsp;Mandarina $300,&nbsp;Naranja $250,&nbsp;Pomelo R $350,&nbsp;Banana $ 350,&nbsp;Lim\u00f3n $150.<\/p>\n\n\n\n<p><strong>Cerdo:&nbsp;<\/strong>Banderita x kg $850,&nbsp;Pechito de cerdo x kg $1200,&nbsp;Milanesas x 3kg $3300,&nbsp;Hamburguesas x 3kg $3300, Medallones x 3kg $3300,&nbsp;Picada x 2kg $2400.<\/p>\n\n\n\n<p><strong>Pollo:\u00a0<\/strong>Pollo kg $490,\u00a0Filet de pechuga x 3kg $3500,\u00a0Milanesas x 2kg $2900,\u00a0Muslo x 3kg $1800.<\/p>\n\n\n\n<p><strong>Carne:\u00a0<\/strong>Picada $1390,\u00a0Asado especial $1250,\u00a0Hamburguesa $1090,\u00a0Vacio $1790,\u00a0Cima $1590,\u00a0Tira de asado $1690,\u00a0Bola de Lomo $ 1690,\u00a0Lanar $690<\/p>\n\n\n\n<p><strong>Varios:<\/strong>\u00a0Pan x kg $390,\u00a0Huevos x Maple $1500,\u00a0Queso cremoso x kg $1550,\u00a0Miel Org\u00e1nica x kg $990,\u00a0Arroz $210,\u00a0Lentejas $230,\u00a0Arvejas $160,\u00a0Combo pastas frescas x $2500 (1\/2 kg Tallarines,\u00a01\/2 kg \u00d1oquis,\u00a01 caja de Ravioles),\u00a0Combo Art. de Limpieza x $3500 (jab\u00f3n l\u00edquido p\/ ropa x 5 lt,\u00a0desodorante de piso x 5 lt,\u00a0lavandina x 5 lt,\u00a0detergente x 5lt).<\/p>\n","protected":false},"excerpt":{"rendered":"<p>La Municipalidad de Santa Rosa, a trav\u00e9s de la Secretar\u00eda de Desarrollo Econ\u00f3mico, confirm\u00f3 que a ra\u00edz del fr\u00edo el Mercado Municipal abrir\u00e1 este s\u00e1bado 15 de julio en horario&hellip;<\/p>\n","protected":false},"author":3,"featured_media":224307,"comment_status":"closed","ping_status":"open","sticky":false,"template":"","format":"standard","meta":{"_acf_changed":false,"footnotes":""},"categories":[1,12],"tags":[],"class_list":["post-231022","post","type-post","status-publish","format-standard","has-post-thumbnail","hentry","category-es-noticia","category-sociedad"],"acf":[],"yoast_head":"<!-- This site is optimized with the Yoast SEO plugin v27.5 - https:\/\/yoast.com\/product\/yoast-seo-wordpress\/ -->\n<title>Por el fr\u00edo, modifican el horario del Mercado Municipal - Diario Textual<\/title>\n<meta name=\"robots\" content=\"index, follow, max-snippet:-1, max-image-preview:large, max-video-preview:-1\" \/>\n<link rel=\"canonical\" href=\"https:\/\/diariotextual.com\/inicio\/index.php\/2023\/07\/14\/por-el-frio-modifican-el-horario-del-mercado-municipal\/\" \/>\n<meta property=\"og:locale\" content=\"es_ES\" \/>\n<meta property=\"og:type\" content=\"article\" \/>\n<meta property=\"og:title\" content=\"Por el fr\u00edo, modifican el horario del Mercado Municipal - Diario Textual\" \/>\n<meta property=\"og:description\" content=\"La Municipalidad de Santa Rosa, a trav\u00e9s de la Secretar\u00eda de Desarrollo Econ\u00f3mico, confirm\u00f3 que a ra\u00edz del fr\u00edo el Mercado Municipal abrir\u00e1 este s\u00e1bado 15 de julio en horario&hellip;\" \/>\n<meta property=\"og:url\" content=\"https:\/\/diariotextual.com\/inicio\/index.php\/2023\/07\/14\/por-el-frio-modifican-el-horario-del-mercado-municipal\/\" \/>\n<meta property=\"og:site_name\" content=\"Diario Textual\" \/>\n<meta property=\"article:publisher\" content=\"https:\/\/www.facebook.com\/eltextual\" \/>\n<meta property=\"article:published_time\" content=\"2023-07-14T13:37:47+00:00\" \/>\n<meta property=\"article:modified_time\" content=\"2023-07-14T19:56:30+00:00\" \/>\n<meta property=\"og:image\" content=\"https:\/\/diariotextual.com\/inicio\/wp-content\/uploads\/2023\/05\/MercadoMunicipal2023.jpg\" \/>\n\t<meta property=\"og:image:width\" content=\"900\" \/>\n\t<meta property=\"og:image:height\" content=\"523\" \/>\n\t<meta property=\"og:image:type\" content=\"image\/jpeg\" \/>\n<meta name=\"author\" content=\"Diario1 Diario1\" \/>\n<meta name=\"twitter:card\" content=\"summary_large_image\" \/>\n<meta name=\"twitter:creator\" content=\"@eltextual\" \/>\n<meta name=\"twitter:site\" content=\"@eltextual\" \/>\n<meta name=\"twitter:label1\" content=\"Escrito por\" \/>\n\t<meta name=\"twitter:data1\" content=\"Diario1 Diario1\" \/>\n\t<meta name=\"twitter:label2\" content=\"Tiempo de lectura\" \/>\n\t<meta name=\"twitter:data2\" content=\"2 minutos\" \/>\n<script type=\"application\/ld+json\" class=\"yoast-schema-graph\">{\"@context\":\"https:\\\/\\\/schema.org\",\"@graph\":[{\"@type\":\"Article\",\"@id\":\"https:\\\/\\\/diariotextual.com\\\/inicio\\\/index.php\\\/2023\\\/07\\\/14\\\/por-el-frio-modifican-el-horario-del-mercado-municipal\\\/#article\",\"isPartOf\":{\"@id\":\"https:\\\/\\\/diariotextual.com\\\/inicio\\\/index.php\\\/2023\\\/07\\\/14\\\/por-el-frio-modifican-el-horario-del-mercado-municipal\\\/\"},\"author\":{\"name\":\"Diario1 Diario1\",\"@id\":\"https:\\\/\\\/diariotextual.com\\\/inicio\\\/#\\\/schema\\\/person\\\/418fc4093c33e86ed41562db3508f958\"},\"headline\":\"Por el fr\u00edo, modifican el horario del Mercado Municipal\",\"datePublished\":\"2023-07-14T13:37:47+00:00\",\"dateModified\":\"2023-07-14T19:56:30+00:00\",\"mainEntityOfPage\":{\"@id\":\"https:\\\/\\\/diariotextual.com\\\/inicio\\\/index.php\\\/2023\\\/07\\\/14\\\/por-el-frio-modifican-el-horario-del-mercado-municipal\\\/\"},\"wordCount\":255,\"publisher\":{\"@id\":\"https:\\\/\\\/diariotextual.com\\\/inicio\\\/#organization\"},\"image\":{\"@id\":\"https:\\\/\\\/diariotextual.com\\\/inicio\\\/index.php\\\/2023\\\/07\\\/14\\\/por-el-frio-modifican-el-horario-del-mercado-municipal\\\/#primaryimage\"},\"thumbnailUrl\":\"https:\\\/\\\/diariotextual.com\\\/inicio\\\/wp-content\\\/uploads\\\/2023\\\/05\\\/MercadoMunicipal2023.jpg\",\"articleSection\":[\"A - ES NOTICIA (van abajo)\",\"SOCIEDAD\"],\"inLanguage\":\"es\"},{\"@type\":\"WebPage\",\"@id\":\"https:\\\/\\\/diariotextual.com\\\/inicio\\\/index.php\\\/2023\\\/07\\\/14\\\/por-el-frio-modifican-el-horario-del-mercado-municipal\\\/\",\"url\":\"https:\\\/\\\/diariotextual.com\\\/inicio\\\/index.php\\\/2023\\\/07\\\/14\\\/por-el-frio-modifican-el-horario-del-mercado-municipal\\\/\",\"name\":\"Por el fr\u00edo, modifican el horario del Mercado Municipal - Diario Textual\",\"isPartOf\":{\"@id\":\"https:\\\/\\\/diariotextual.com\\\/inicio\\\/#website\"},\"primaryImageOfPage\":{\"@id\":\"https:\\\/\\\/diariotextual.com\\\/inicio\\\/index.php\\\/2023\\\/07\\\/14\\\/por-el-frio-modifican-el-horario-del-mercado-municipal\\\/#primaryimage\"},\"image\":{\"@id\":\"https:\\\/\\\/diariotextual.com\\\/inicio\\\/index.php\\\/2023\\\/07\\\/14\\\/por-el-frio-modifican-el-horario-del-mercado-municipal\\\/#primaryimage\"},\"thumbnailUrl\":\"https:\\\/\\\/diariotextual.com\\\/inicio\\\/wp-content\\\/uploads\\\/2023\\\/05\\\/MercadoMunicipal2023.jpg\",\"datePublished\":\"2023-07-14T13:37:47+00:00\",\"dateModified\":\"2023-07-14T19:56:30+00:00\",\"breadcrumb\":{\"@id\":\"https:\\\/\\\/diariotextual.com\\\/inicio\\\/index.php\\\/2023\\\/07\\\/14\\\/por-el-frio-modifican-el-horario-del-mercado-municipal\\\/#breadcrumb\"},\"inLanguage\":\"es\",\"potentialAction\":[{\"@type\":\"ReadAction\",\"target\":[\"https:\\\/\\\/diariotextual.com\\\/inicio\\\/index.php\\\/2023\\\/07\\\/14\\\/por-el-frio-modifican-el-horario-del-mercado-municipal\\\/\"]}]},{\"@type\":\"ImageObject\",\"inLanguage\":\"es\",\"@id\":\"https:\\\/\\\/diariotextual.com\\\/inicio\\\/index.php\\\/2023\\\/07\\\/14\\\/por-el-frio-modifican-el-horario-del-mercado-municipal\\\/#primaryimage\",\"url\":\"https:\\\/\\\/diariotextual.com\\\/inicio\\\/wp-content\\\/uploads\\\/2023\\\/05\\\/MercadoMunicipal2023.jpg\",\"contentUrl\":\"https:\\\/\\\/diariotextual.com\\\/inicio\\\/wp-content\\\/uploads\\\/2023\\\/05\\\/MercadoMunicipal2023.jpg\",\"width\":900,\"height\":523},{\"@type\":\"BreadcrumbList\",\"@id\":\"https:\\\/\\\/diariotextual.com\\\/inicio\\\/index.php\\\/2023\\\/07\\\/14\\\/por-el-frio-modifican-el-horario-del-mercado-municipal\\\/#breadcrumb\",\"itemListElement\":[{\"@type\":\"ListItem\",\"position\":1,\"name\":\"Portada\",\"item\":\"https:\\\/\\\/diariotextual.com\\\/inicio\\\/\"},{\"@type\":\"ListItem\",\"position\":2,\"name\":\"Por el fr\u00edo, modifican el horario del Mercado Municipal\"}]},{\"@type\":\"WebSite\",\"@id\":\"https:\\\/\\\/diariotextual.com\\\/inicio\\\/#website\",\"url\":\"https:\\\/\\\/diariotextual.com\\\/inicio\\\/\",\"name\":\"Diario Textual\",\"description\":\"\",\"publisher\":{\"@id\":\"https:\\\/\\\/diariotextual.com\\\/inicio\\\/#organization\"},\"potentialAction\":[{\"@type\":\"SearchAction\",\"target\":{\"@type\":\"EntryPoint\",\"urlTemplate\":\"https:\\\/\\\/diariotextual.com\\\/inicio\\\/?s={search_term_string}\"},\"query-input\":{\"@type\":\"PropertyValueSpecification\",\"valueRequired\":true,\"valueName\":\"search_term_string\"}}],\"inLanguage\":\"es\"},{\"@type\":\"Organization\",\"@id\":\"https:\\\/\\\/diariotextual.com\\\/inicio\\\/#organization\",\"name\":\"Diario Textual\",\"url\":\"https:\\\/\\\/diariotextual.com\\\/inicio\\\/\",\"logo\":{\"@type\":\"ImageObject\",\"inLanguage\":\"es\",\"@id\":\"https:\\\/\\\/diariotextual.com\\\/inicio\\\/#\\\/schema\\\/logo\\\/image\\\/\",\"url\":\"https:\\\/\\\/diariotextual.com\\\/inicio\\\/wp-content\\\/uploads\\\/2023\\\/05\\\/logotextual1.jpg\",\"contentUrl\":\"https:\\\/\\\/diariotextual.com\\\/inicio\\\/wp-content\\\/uploads\\\/2023\\\/05\\\/logotextual1.jpg\",\"width\":516,\"height\":76,\"caption\":\"Diario Textual\"},\"image\":{\"@id\":\"https:\\\/\\\/diariotextual.com\\\/inicio\\\/#\\\/schema\\\/logo\\\/image\\\/\"},\"sameAs\":[\"https:\\\/\\\/www.facebook.com\\\/eltextual\",\"https:\\\/\\\/x.com\\\/eltextual\",\"http:\\\/\\\/www.instagram.com\\\/eltextual\"]},{\"@type\":\"Person\",\"@id\":\"https:\\\/\\\/diariotextual.com\\\/inicio\\\/#\\\/schema\\\/person\\\/418fc4093c33e86ed41562db3508f958\",\"name\":\"Diario1 Diario1\",\"image\":{\"@type\":\"ImageObject\",\"inLanguage\":\"es\",\"@id\":\"https:\\\/\\\/secure.gravatar.com\\\/avatar\\\/9167d280179c85bc18be67aa7eda765854300033af4896dd779b608640f2ef7a?s=96&d=mm&r=g\",\"url\":\"https:\\\/\\\/secure.gravatar.com\\\/avatar\\\/9167d280179c85bc18be67aa7eda765854300033af4896dd779b608640f2ef7a?s=96&d=mm&r=g\",\"contentUrl\":\"https:\\\/\\\/secure.gravatar.com\\\/avatar\\\/9167d280179c85bc18be67aa7eda765854300033af4896dd779b608640f2ef7a?s=96&d=mm&r=g\",\"caption\":\"Diario1 Diario1\"},\"url\":\"https:\\\/\\\/diariotextual.com\\\/inicio\\\/index.php\\\/author\\\/diario1\\\/\"}]}<\/script>\n<!-- \/ Yoast SEO plugin. -->","yoast_head_json":{"title":"Por el fr\u00edo, modifican el horario del Mercado Municipal - Diario Textual","robots":{"index":"index","follow":"follow","max-snippet":"max-snippet:-1","max-image-preview":"max-image-preview:large","max-video-preview":"max-video-preview:-1"},"canonical":"https:\/\/diariotextual.com\/inicio\/index.php\/2023\/07\/14\/por-el-frio-modifican-el-horario-del-mercado-municipal\/","og_locale":"es_ES","og_type":"article","og_title":"Por el fr\u00edo, modifican el horario del Mercado Municipal - Diario Textual","og_description":"La Municipalidad de Santa Rosa, a trav\u00e9s de la Secretar\u00eda de Desarrollo Econ\u00f3mico, confirm\u00f3 que a ra\u00edz del fr\u00edo el Mercado Municipal abrir\u00e1 este s\u00e1bado 15 de julio en horario&hellip;","og_url":"https:\/\/diariotextual.com\/inicio\/index.php\/2023\/07\/14\/por-el-frio-modifican-el-horario-del-mercado-municipal\/","og_site_name":"Diario Textual","article_publisher":"https:\/\/www.facebook.com\/eltextual","article_published_time":"2023-07-14T13:37:47+00:00","article_modified_time":"2023-07-14T19:56:30+00:00","og_image":[{"width":900,"height":523,"url":"https:\/\/diariotextual.com\/inicio\/wp-content\/uploads\/2023\/05\/MercadoMunicipal2023.jpg","type":"image\/jpeg"}],"author":"Diario1 Diario1","twitter_card":"summary_large_image","twitter_creator":"@eltextual","twitter_site":"@eltextual","twitter_misc":{"Escrito por":"Diario1 Diario1","Tiempo de lectura":"2 minutos"},"schema":{"@context":"https:\/\/schema.org","@graph":[{"@type":"Article","@id":"https:\/\/diariotextual.com\/inicio\/index.php\/2023\/07\/14\/por-el-frio-modifican-el-horario-del-mercado-municipal\/#article","isPartOf":{"@id":"https:\/\/diariotextual.com\/inicio\/index.php\/2023\/07\/14\/por-el-frio-modifican-el-horario-del-mercado-municipal\/"},"author":{"name":"Diario1 Diario1","@id":"https:\/\/diariotextual.com\/inicio\/#\/schema\/person\/418fc4093c33e86ed41562db3508f958"},"headline":"Por el fr\u00edo, modifican el horario del Mercado Municipal","datePublished":"2023-07-14T13:37:47+00:00","dateModified":"2023-07-14T19:56:30+00:00","mainEntityOfPage":{"@id":"https:\/\/diariotextual.com\/inicio\/index.php\/2023\/07\/14\/por-el-frio-modifican-el-horario-del-mercado-municipal\/"},"wordCount":255,"publisher":{"@id":"https:\/\/diariotextual.com\/inicio\/#organization"},"image":{"@id":"https:\/\/diariotextual.com\/inicio\/index.php\/2023\/07\/14\/por-el-frio-modifican-el-horario-del-mercado-municipal\/#primaryimage"},"thumbnailUrl":"https:\/\/diariotextual.com\/inicio\/wp-content\/uploads\/2023\/05\/MercadoMunicipal2023.jpg","articleSection":["A - ES NOTICIA (van abajo)","SOCIEDAD"],"inLanguage":"es"},{"@type":"WebPage","@id":"https:\/\/diariotextual.com\/inicio\/index.php\/2023\/07\/14\/por-el-frio-modifican-el-horario-del-mercado-municipal\/","url":"https:\/\/diariotextual.com\/inicio\/index.php\/2023\/07\/14\/por-el-frio-modifican-el-horario-del-mercado-municipal\/","name":"Por el fr\u00edo, modifican el horario del Mercado Municipal - Diario Textual","isPartOf":{"@id":"https:\/\/diariotextual.com\/inicio\/#website"},"primaryImageOfPage":{"@id":"https:\/\/diariotextual.com\/inicio\/index.php\/2023\/07\/14\/por-el-frio-modifican-el-horario-del-mercado-municipal\/#primaryimage"},"image":{"@id":"https:\/\/diariotextual.com\/inicio\/index.php\/2023\/07\/14\/por-el-frio-modifican-el-horario-del-mercado-municipal\/#primaryimage"},"thumbnailUrl":"https:\/\/diariotextual.com\/inicio\/wp-content\/uploads\/2023\/05\/MercadoMunicipal2023.jpg","datePublished":"2023-07-14T13:37:47+00:00","dateModified":"2023-07-14T19:56:30+00:00","breadcrumb":{"@id":"https:\/\/diariotextual.com\/inicio\/index.php\/2023\/07\/14\/por-el-frio-modifican-el-horario-del-mercado-municipal\/#breadcrumb"},"inLanguage":"es","potentialAction":[{"@type":"ReadAction","target":["https:\/\/diariotextual.com\/inicio\/index.php\/2023\/07\/14\/por-el-frio-modifican-el-horario-del-mercado-municipal\/"]}]},{"@type":"ImageObject","inLanguage":"es","@id":"https:\/\/diariotextual.com\/inicio\/index.php\/2023\/07\/14\/por-el-frio-modifican-el-horario-del-mercado-municipal\/#primaryimage","url":"https:\/\/diariotextual.com\/inicio\/wp-content\/uploads\/2023\/05\/MercadoMunicipal2023.jpg","contentUrl":"https:\/\/diariotextual.com\/inicio\/wp-content\/uploads\/2023\/05\/MercadoMunicipal2023.jpg","width":900,"height":523},{"@type":"BreadcrumbList","@id":"https:\/\/diariotextual.com\/inicio\/index.php\/2023\/07\/14\/por-el-frio-modifican-el-horario-del-mercado-municipal\/#breadcrumb","itemListElement":[{"@type":"ListItem","position":1,"name":"Portada","item":"https:\/\/diariotextual.com\/inicio\/"},{"@type":"ListItem","position":2,"name":"Por el fr\u00edo, modifican el horario del Mercado Municipal"}]},{"@type":"WebSite","@id":"https:\/\/diariotextual.com\/inicio\/#website","url":"https:\/\/diariotextual.com\/inicio\/","name":"Diario Textual","description":"","publisher":{"@id":"https:\/\/diariotextual.com\/inicio\/#organization"},"potentialAction":[{"@type":"SearchAction","target":{"@type":"EntryPoint","urlTemplate":"https:\/\/diariotextual.com\/inicio\/?s={search_term_string}"},"query-input":{"@type":"PropertyValueSpecification","valueRequired":true,"valueName":"search_term_string"}}],"inLanguage":"es"},{"@type":"Organization","@id":"https:\/\/diariotextual.com\/inicio\/#organization","name":"Diario Textual","url":"https:\/\/diariotextual.com\/inicio\/","logo":{"@type":"ImageObject","inLanguage":"es","@id":"https:\/\/diariotextual.com\/inicio\/#\/schema\/logo\/image\/","url":"https:\/\/diariotextual.com\/inicio\/wp-content\/uploads\/2023\/05\/logotextual1.jpg","contentUrl":"https:\/\/diariotextual.com\/inicio\/wp-content\/uploads\/2023\/05\/logotextual1.jpg","width":516,"height":76,"caption":"Diario Textual"},"image":{"@id":"https:\/\/diariotextual.com\/inicio\/#\/schema\/logo\/image\/"},"sameAs":["https:\/\/www.facebook.com\/eltextual","https:\/\/x.com\/eltextual","http:\/\/www.instagram.com\/eltextual"]},{"@type":"Person","@id":"https:\/\/diariotextual.com\/inicio\/#\/schema\/person\/418fc4093c33e86ed41562db3508f958","name":"Diario1 Diario1","image":{"@type":"ImageObject","inLanguage":"es","@id":"https:\/\/secure.gravatar.com\/avatar\/9167d280179c85bc18be67aa7eda765854300033af4896dd779b608640f2ef7a?s=96&d=mm&r=g","url":"https:\/\/secure.gravatar.com\/avatar\/9167d280179c85bc18be67aa7eda765854300033af4896dd779b608640f2ef7a?s=96&d=mm&r=g","contentUrl":"https:\/\/secure.gravatar.com\/avatar\/9167d280179c85bc18be67aa7eda765854300033af4896dd779b608640f2ef7a?s=96&d=mm&r=g","caption":"Diario1 Diario1"},"url":"https:\/\/diariotextual.com\/inicio\/index.php\/author\/diario1\/"}]}},"_links":{"self":[{"href":"https:\/\/diariotextual.com\/inicio\/index.php\/wp-json\/wp\/v2\/posts\/231022","targetHints":{"allow":["GET"]}}],"collection":[{"href":"https:\/\/diariotextual.com\/inicio\/index.php\/wp-json\/wp\/v2\/posts"}],"about":[{"href":"https:\/\/diariotextual.com\/inicio\/index.php\/wp-json\/wp\/v2\/types\/post"}],"author":[{"embeddable":true,"href":"https:\/\/diariotextual.com\/inicio\/index.php\/wp-json\/wp\/v2\/users\/3"}],"replies":[{"embeddable":true,"href":"https:\/\/diariotextual.com\/inicio\/index.php\/wp-json\/wp\/v2\/comments?post=231022"}],"version-history":[{"count":4,"href":"https:\/\/diariotextual.com\/inicio\/index.php\/wp-json\/wp\/v2\/posts\/231022\/revisions"}],"predecessor-version":[{"id":231026,"href":"https:\/\/diariotextual.com\/inicio\/index.php\/wp-json\/wp\/v2\/posts\/231022\/revisions\/231026"}],"wp:featuredmedia":[{"embeddable":true,"href":"https:\/\/diariotextual.com\/inicio\/index.php\/wp-json\/wp\/v2\/media\/224307"}],"wp:attachment":[{"href":"https:\/\/diariotextual.com\/inicio\/index.php\/wp-json\/wp\/v2\/media?parent=231022"}],"wp:term":[{"taxonomy":"category","embeddable":true,"href":"https:\/\/diariotextual.com\/inicio\/index.php\/wp-json\/wp\/v2\/categories?post=231022"},{"taxonomy":"post_tag","embeddable":true,"href":"https:\/\/diariotextual.com\/inicio\/index.php\/wp-json\/wp\/v2\/tags?post=231022"}],"curies":[{"name":"wp","href":"https:\/\/api.w.org\/{rel}","templated":true}]}}