{"id":231027,"date":"2023-07-14T10:55:41","date_gmt":"2023-07-14T13:55:41","guid":{"rendered":"https:\/\/diariotextual.com\/inicio\/?p=231027"},"modified":"2023-07-14T17:21:33","modified_gmt":"2023-07-14T20:21:33","slug":"avanza-la-obra-de-fibra-optica-para-alpachiri","status":"publish","type":"post","link":"https:\/\/diariotextual.com\/inicio\/index.php\/2023\/07\/14\/avanza-la-obra-de-fibra-optica-para-alpachiri\/","title":{"rendered":"Avanza la obra de fibra \u00f3ptica para Alpachiri"},"content":{"rendered":"\n<p>El Ministerio de Conectividad y Modernizaci\u00f3n inform\u00f3 que se dio por concluida la instalaci\u00f3n de 193 nuevos postes y ya se comenz\u00f3 con el tendido de la fibra \u00f3ptica domiciliaria en Alpachiri, llevada adelante por la empresa estatal Empatel.<\/p>\n\n\n\n<p>El ministro de Conectividad y Modernizaci\u00f3n, Antonio Curciarello, explic\u00f3 a la Agencia Provincial de Noticias que la obra en Alpachiri implicar\u00e1 la posibilidad que casi 500 hogares en 61 manzanas puedan disponer de su conexi\u00f3n a internet mediante tecnolog\u00eda de \u00faltima generaci\u00f3n. \u201cLos prestadores locales que desean ofrecer sus servicios a trav\u00e9s de esta red, podr\u00e1n brindar planes de altas velocidades y de mayor estabilidad\u201d, dijo.<\/p>\n\n\n\n<p>El intendente de Alpachiri, Rub\u00e9n Muller, y el presidente de Empatel, Andr\u00e9s Zulueta, recorrieron la obra y dialogaron con los trabajadores. Esta semana comenzaron los trabajos para la instalaci\u00f3n de herrajes y fibra \u00f3ptica y se prev\u00e9 que de mediar buen clima el despliegue sea mucho m\u00e1s r\u00e1pido que la instalaci\u00f3n de la postaci\u00f3n que se llev\u00f3 adelante con un plazo m\u00e1s prolongado de lo habitual debido a la capa de tosca que se encuentra a escasa distancia de la superficie en la localidad.<\/p>\n\n\n\n<figure class=\"wp-block-image size-large\"><img fetchpriority=\"high\" decoding=\"async\" width=\"1024\" height=\"898\" src=\"https:\/\/diariotextual.com\/inicio\/wp-content\/uploads\/2023\/07\/fibraopticaalpachiri2023-2-1024x898.jpeg\" alt=\"\" class=\"wp-image-231031\" srcset=\"https:\/\/diariotextual.com\/inicio\/wp-content\/uploads\/2023\/07\/fibraopticaalpachiri2023-2-1024x898.jpeg 1024w, https:\/\/diariotextual.com\/inicio\/wp-content\/uploads\/2023\/07\/fibraopticaalpachiri2023-2-300x263.jpeg 300w, https:\/\/diariotextual.com\/inicio\/wp-content\/uploads\/2023\/07\/fibraopticaalpachiri2023-2-768x673.jpeg 768w, https:\/\/diariotextual.com\/inicio\/wp-content\/uploads\/2023\/07\/fibraopticaalpachiri2023-2-1170x1026.jpeg 1170w, https:\/\/diariotextual.com\/inicio\/wp-content\/uploads\/2023\/07\/fibraopticaalpachiri2023-2-585x513.jpeg 585w, https:\/\/diariotextual.com\/inicio\/wp-content\/uploads\/2023\/07\/fibraopticaalpachiri2023-2.jpeg 1199w\" sizes=\"(max-width: 1024px) 100vw, 1024px\" \/><\/figure>\n\n\n\n<div style=\"height:100px\" aria-hidden=\"true\" class=\"wp-block-spacer\"><\/div>\n\n\n\n<p><strong>Conectividad<\/strong><\/p>\n\n\n\n<p>La obra de fibra de \u00f3ptica domiciliaria de Alpachiri se encuentra enmarcada en el plan de conectividad para 22 localidades con fondos provinciales y nacionales. Dicho plan tiene un importante grado de avance. \u201cA esto hay que sumarle que estamos realizando obras con financiamiento provincial como las nuevas antenas en la ruta provincial 20 y los 100 kil\u00f3metros de fibra \u00f3ptica para unir Santa Rosa y Carro Quemado. Tambi\u00e9n est\u00e1n en marcha obras en Arata, General Campos y los troncales para conectar Metileo y Trenel.\u00a0 En breve tambi\u00e9n vamos a comenzar en Colonia Santa Mar\u00eda y Colonia Santa Teresa, Abramo, Quehu\u00e9 y Ataliva Roca\u201d, explic\u00f3 Zulueta.<\/p>\n\n\n\n<div style=\"height:100px\" aria-hidden=\"true\" class=\"wp-block-spacer\"><\/div>\n\n\n\n<p><strong>Aprobaci\u00f3n de balance y estados contables<\/strong><\/p>\n\n\n\n<p>El d\u00eda mi\u00e9rcoles 5 de julio se realiz\u00f3 la segunda Asamblea Ordinaria de Empatel, en la que se aprob\u00f3 por unanimidad la gesti\u00f3n llevada adelante por el directorio y el balance y los estados contables de la empresa. Seg\u00fan se indic\u00f3 en el encuentro, en t\u00e9rminos operativos los n\u00fameros de Empatel son favorables. Es decir, todos los fondos que la Provincia ha ingresado a la empresa fueron destinados a diferentes obras mientras que los gastos corrientes (como sueldos y tareas de mantenimiento) son financiados con las los mismos ingresos que produce Empatel.<\/p>\n\n\n\n<p>La asamblea estuvo encabezada por el presidente Andr\u00e9s Zulueta y los directores Anal\u00eda Torres, Diego Sallaberry Mart\u00ednez, Dami\u00e1n Gaya y el representante de las cooperativas y presidente de Corpico, Miguel Prieto. Adem\u00e1s estuvieron presentes el representante del Estado Araldo Eleno, el presidente de Aguas del Colorado Juan Mecca y proveedores de internet de La Pampa en su calidad de socios accionarios.&nbsp;<\/p>\n\n\n\n<p>Es la segunda vez que los socios, incluido el Estado provincial, aprueban las gestiones del directorio por unanimidad. Desde la empresa se explic\u00f3 que, de todas formas, si bien la rentabilidad econ\u00f3mica existe, la visi\u00f3n institucional es que \u201cpese mucho m\u00e1s la rentabilidad social, porque m\u00e1s conectividad es potenciar las econom\u00edas regionales, el acceso a educaci\u00f3n, la salud,&nbsp; la seguridad y la inclusi\u00f3n de las y los pampeanos\u201d.<\/p>\n","protected":false},"excerpt":{"rendered":"<p>El Ministerio de Conectividad y Modernizaci\u00f3n inform\u00f3 que se dio por concluida la instalaci\u00f3n de 193 nuevos postes y ya se comenz\u00f3 con el tendido de la fibra \u00f3ptica domiciliaria&hellip;<\/p>\n","protected":false},"author":3,"featured_media":231032,"comment_status":"closed","ping_status":"open","sticky":false,"template":"","format":"standard","meta":{"_acf_changed":false,"footnotes":""},"categories":[1,12],"tags":[],"class_list":["post-231027","post","type-post","status-publish","format-standard","has-post-thumbnail","hentry","category-es-noticia","category-sociedad"],"acf":[],"yoast_head":"<!-- This site is optimized with the Yoast SEO plugin v27.5 - https:\/\/yoast.com\/product\/yoast-seo-wordpress\/ -->\n<title>Avanza la obra de fibra \u00f3ptica para Alpachiri - Diario Textual<\/title>\n<meta name=\"robots\" content=\"index, follow, max-snippet:-1, max-image-preview:large, max-video-preview:-1\" \/>\n<link rel=\"canonical\" href=\"https:\/\/diariotextual.com\/inicio\/index.php\/2023\/07\/14\/avanza-la-obra-de-fibra-optica-para-alpachiri\/\" \/>\n<meta property=\"og:locale\" content=\"es_ES\" \/>\n<meta property=\"og:type\" content=\"article\" \/>\n<meta property=\"og:title\" content=\"Avanza la obra de fibra \u00f3ptica para Alpachiri - Diario Textual\" \/>\n<meta property=\"og:description\" content=\"El Ministerio de Conectividad y Modernizaci\u00f3n inform\u00f3 que se dio por concluida la instalaci\u00f3n de 193 nuevos postes y ya se comenz\u00f3 con el tendido de la fibra \u00f3ptica domiciliaria&hellip;\" \/>\n<meta property=\"og:url\" content=\"https:\/\/diariotextual.com\/inicio\/index.php\/2023\/07\/14\/avanza-la-obra-de-fibra-optica-para-alpachiri\/\" \/>\n<meta property=\"og:site_name\" content=\"Diario Textual\" \/>\n<meta property=\"article:publisher\" content=\"https:\/\/www.facebook.com\/eltextual\" \/>\n<meta property=\"article:published_time\" content=\"2023-07-14T13:55:41+00:00\" \/>\n<meta property=\"article:modified_time\" content=\"2023-07-14T20:21:33+00:00\" \/>\n<meta property=\"og:image\" content=\"https:\/\/diariotextual.com\/inicio\/wp-content\/uploads\/2023\/07\/fibraopticaalpachiri2023-4.jpeg\" \/>\n\t<meta property=\"og:image:width\" content=\"1199\" \/>\n\t<meta property=\"og:image:height\" content=\"708\" \/>\n\t<meta property=\"og:image:type\" content=\"image\/jpeg\" \/>\n<meta name=\"author\" content=\"Diario1 Diario1\" \/>\n<meta name=\"twitter:card\" content=\"summary_large_image\" \/>\n<meta name=\"twitter:creator\" content=\"@eltextual\" \/>\n<meta name=\"twitter:site\" content=\"@eltextual\" \/>\n<meta name=\"twitter:label1\" content=\"Escrito por\" \/>\n\t<meta name=\"twitter:data1\" content=\"Diario1 Diario1\" \/>\n\t<meta name=\"twitter:label2\" content=\"Tiempo de lectura\" \/>\n\t<meta name=\"twitter:data2\" content=\"3 minutos\" \/>\n<script type=\"application\/ld+json\" class=\"yoast-schema-graph\">{\"@context\":\"https:\\\/\\\/schema.org\",\"@graph\":[{\"@type\":\"Article\",\"@id\":\"https:\\\/\\\/diariotextual.com\\\/inicio\\\/index.php\\\/2023\\\/07\\\/14\\\/avanza-la-obra-de-fibra-optica-para-alpachiri\\\/#article\",\"isPartOf\":{\"@id\":\"https:\\\/\\\/diariotextual.com\\\/inicio\\\/index.php\\\/2023\\\/07\\\/14\\\/avanza-la-obra-de-fibra-optica-para-alpachiri\\\/\"},\"author\":{\"name\":\"Diario1 Diario1\",\"@id\":\"https:\\\/\\\/diariotextual.com\\\/inicio\\\/#\\\/schema\\\/person\\\/418fc4093c33e86ed41562db3508f958\"},\"headline\":\"Avanza la obra de fibra \u00f3ptica para Alpachiri\",\"datePublished\":\"2023-07-14T13:55:41+00:00\",\"dateModified\":\"2023-07-14T20:21:33+00:00\",\"mainEntityOfPage\":{\"@id\":\"https:\\\/\\\/diariotextual.com\\\/inicio\\\/index.php\\\/2023\\\/07\\\/14\\\/avanza-la-obra-de-fibra-optica-para-alpachiri\\\/\"},\"wordCount\":566,\"publisher\":{\"@id\":\"https:\\\/\\\/diariotextual.com\\\/inicio\\\/#organization\"},\"image\":{\"@id\":\"https:\\\/\\\/diariotextual.com\\\/inicio\\\/index.php\\\/2023\\\/07\\\/14\\\/avanza-la-obra-de-fibra-optica-para-alpachiri\\\/#primaryimage\"},\"thumbnailUrl\":\"https:\\\/\\\/diariotextual.com\\\/inicio\\\/wp-content\\\/uploads\\\/2023\\\/07\\\/fibraopticaalpachiri2023-4.jpeg\",\"articleSection\":[\"A - ES NOTICIA (van abajo)\",\"SOCIEDAD\"],\"inLanguage\":\"es\"},{\"@type\":\"WebPage\",\"@id\":\"https:\\\/\\\/diariotextual.com\\\/inicio\\\/index.php\\\/2023\\\/07\\\/14\\\/avanza-la-obra-de-fibra-optica-para-alpachiri\\\/\",\"url\":\"https:\\\/\\\/diariotextual.com\\\/inicio\\\/index.php\\\/2023\\\/07\\\/14\\\/avanza-la-obra-de-fibra-optica-para-alpachiri\\\/\",\"name\":\"Avanza la obra de fibra \u00f3ptica para Alpachiri - Diario Textual\",\"isPartOf\":{\"@id\":\"https:\\\/\\\/diariotextual.com\\\/inicio\\\/#website\"},\"primaryImageOfPage\":{\"@id\":\"https:\\\/\\\/diariotextual.com\\\/inicio\\\/index.php\\\/2023\\\/07\\\/14\\\/avanza-la-obra-de-fibra-optica-para-alpachiri\\\/#primaryimage\"},\"image\":{\"@id\":\"https:\\\/\\\/diariotextual.com\\\/inicio\\\/index.php\\\/2023\\\/07\\\/14\\\/avanza-la-obra-de-fibra-optica-para-alpachiri\\\/#primaryimage\"},\"thumbnailUrl\":\"https:\\\/\\\/diariotextual.com\\\/inicio\\\/wp-content\\\/uploads\\\/2023\\\/07\\\/fibraopticaalpachiri2023-4.jpeg\",\"datePublished\":\"2023-07-14T13:55:41+00:00\",\"dateModified\":\"2023-07-14T20:21:33+00:00\",\"breadcrumb\":{\"@id\":\"https:\\\/\\\/diariotextual.com\\\/inicio\\\/index.php\\\/2023\\\/07\\\/14\\\/avanza-la-obra-de-fibra-optica-para-alpachiri\\\/#breadcrumb\"},\"inLanguage\":\"es\",\"potentialAction\":[{\"@type\":\"ReadAction\",\"target\":[\"https:\\\/\\\/diariotextual.com\\\/inicio\\\/index.php\\\/2023\\\/07\\\/14\\\/avanza-la-obra-de-fibra-optica-para-alpachiri\\\/\"]}]},{\"@type\":\"ImageObject\",\"inLanguage\":\"es\",\"@id\":\"https:\\\/\\\/diariotextual.com\\\/inicio\\\/index.php\\\/2023\\\/07\\\/14\\\/avanza-la-obra-de-fibra-optica-para-alpachiri\\\/#primaryimage\",\"url\":\"https:\\\/\\\/diariotextual.com\\\/inicio\\\/wp-content\\\/uploads\\\/2023\\\/07\\\/fibraopticaalpachiri2023-4.jpeg\",\"contentUrl\":\"https:\\\/\\\/diariotextual.com\\\/inicio\\\/wp-content\\\/uploads\\\/2023\\\/07\\\/fibraopticaalpachiri2023-4.jpeg\",\"width\":1199,\"height\":708},{\"@type\":\"BreadcrumbList\",\"@id\":\"https:\\\/\\\/diariotextual.com\\\/inicio\\\/index.php\\\/2023\\\/07\\\/14\\\/avanza-la-obra-de-fibra-optica-para-alpachiri\\\/#breadcrumb\",\"itemListElement\":[{\"@type\":\"ListItem\",\"position\":1,\"name\":\"Portada\",\"item\":\"https:\\\/\\\/diariotextual.com\\\/inicio\\\/\"},{\"@type\":\"ListItem\",\"position\":2,\"name\":\"Avanza la obra de fibra \u00f3ptica para Alpachiri\"}]},{\"@type\":\"WebSite\",\"@id\":\"https:\\\/\\\/diariotextual.com\\\/inicio\\\/#website\",\"url\":\"https:\\\/\\\/diariotextual.com\\\/inicio\\\/\",\"name\":\"Diario Textual\",\"description\":\"\",\"publisher\":{\"@id\":\"https:\\\/\\\/diariotextual.com\\\/inicio\\\/#organization\"},\"potentialAction\":[{\"@type\":\"SearchAction\",\"target\":{\"@type\":\"EntryPoint\",\"urlTemplate\":\"https:\\\/\\\/diariotextual.com\\\/inicio\\\/?s={search_term_string}\"},\"query-input\":{\"@type\":\"PropertyValueSpecification\",\"valueRequired\":true,\"valueName\":\"search_term_string\"}}],\"inLanguage\":\"es\"},{\"@type\":\"Organization\",\"@id\":\"https:\\\/\\\/diariotextual.com\\\/inicio\\\/#organization\",\"name\":\"Diario Textual\",\"url\":\"https:\\\/\\\/diariotextual.com\\\/inicio\\\/\",\"logo\":{\"@type\":\"ImageObject\",\"inLanguage\":\"es\",\"@id\":\"https:\\\/\\\/diariotextual.com\\\/inicio\\\/#\\\/schema\\\/logo\\\/image\\\/\",\"url\":\"https:\\\/\\\/diariotextual.com\\\/inicio\\\/wp-content\\\/uploads\\\/2023\\\/05\\\/logotextual1.jpg\",\"contentUrl\":\"https:\\\/\\\/diariotextual.com\\\/inicio\\\/wp-content\\\/uploads\\\/2023\\\/05\\\/logotextual1.jpg\",\"width\":516,\"height\":76,\"caption\":\"Diario Textual\"},\"image\":{\"@id\":\"https:\\\/\\\/diariotextual.com\\\/inicio\\\/#\\\/schema\\\/logo\\\/image\\\/\"},\"sameAs\":[\"https:\\\/\\\/www.facebook.com\\\/eltextual\",\"https:\\\/\\\/x.com\\\/eltextual\",\"http:\\\/\\\/www.instagram.com\\\/eltextual\"]},{\"@type\":\"Person\",\"@id\":\"https:\\\/\\\/diariotextual.com\\\/inicio\\\/#\\\/schema\\\/person\\\/418fc4093c33e86ed41562db3508f958\",\"name\":\"Diario1 Diario1\",\"image\":{\"@type\":\"ImageObject\",\"inLanguage\":\"es\",\"@id\":\"https:\\\/\\\/secure.gravatar.com\\\/avatar\\\/9167d280179c85bc18be67aa7eda765854300033af4896dd779b608640f2ef7a?s=96&d=mm&r=g\",\"url\":\"https:\\\/\\\/secure.gravatar.com\\\/avatar\\\/9167d280179c85bc18be67aa7eda765854300033af4896dd779b608640f2ef7a?s=96&d=mm&r=g\",\"contentUrl\":\"https:\\\/\\\/secure.gravatar.com\\\/avatar\\\/9167d280179c85bc18be67aa7eda765854300033af4896dd779b608640f2ef7a?s=96&d=mm&r=g\",\"caption\":\"Diario1 Diario1\"},\"url\":\"https:\\\/\\\/diariotextual.com\\\/inicio\\\/index.php\\\/author\\\/diario1\\\/\"}]}<\/script>\n<!-- \/ Yoast SEO plugin. -->","yoast_head_json":{"title":"Avanza la obra de fibra \u00f3ptica para Alpachiri - Diario Textual","robots":{"index":"index","follow":"follow","max-snippet":"max-snippet:-1","max-image-preview":"max-image-preview:large","max-video-preview":"max-video-preview:-1"},"canonical":"https:\/\/diariotextual.com\/inicio\/index.php\/2023\/07\/14\/avanza-la-obra-de-fibra-optica-para-alpachiri\/","og_locale":"es_ES","og_type":"article","og_title":"Avanza la obra de fibra \u00f3ptica para Alpachiri - Diario Textual","og_description":"El Ministerio de Conectividad y Modernizaci\u00f3n inform\u00f3 que se dio por concluida la instalaci\u00f3n de 193 nuevos postes y ya se comenz\u00f3 con el tendido de la fibra \u00f3ptica domiciliaria&hellip;","og_url":"https:\/\/diariotextual.com\/inicio\/index.php\/2023\/07\/14\/avanza-la-obra-de-fibra-optica-para-alpachiri\/","og_site_name":"Diario Textual","article_publisher":"https:\/\/www.facebook.com\/eltextual","article_published_time":"2023-07-14T13:55:41+00:00","article_modified_time":"2023-07-14T20:21:33+00:00","og_image":[{"width":1199,"height":708,"url":"https:\/\/diariotextual.com\/inicio\/wp-content\/uploads\/2023\/07\/fibraopticaalpachiri2023-4.jpeg","type":"image\/jpeg"}],"author":"Diario1 Diario1","twitter_card":"summary_large_image","twitter_creator":"@eltextual","twitter_site":"@eltextual","twitter_misc":{"Escrito por":"Diario1 Diario1","Tiempo de lectura":"3 minutos"},"schema":{"@context":"https:\/\/schema.org","@graph":[{"@type":"Article","@id":"https:\/\/diariotextual.com\/inicio\/index.php\/2023\/07\/14\/avanza-la-obra-de-fibra-optica-para-alpachiri\/#article","isPartOf":{"@id":"https:\/\/diariotextual.com\/inicio\/index.php\/2023\/07\/14\/avanza-la-obra-de-fibra-optica-para-alpachiri\/"},"author":{"name":"Diario1 Diario1","@id":"https:\/\/diariotextual.com\/inicio\/#\/schema\/person\/418fc4093c33e86ed41562db3508f958"},"headline":"Avanza la obra de fibra \u00f3ptica para Alpachiri","datePublished":"2023-07-14T13:55:41+00:00","dateModified":"2023-07-14T20:21:33+00:00","mainEntityOfPage":{"@id":"https:\/\/diariotextual.com\/inicio\/index.php\/2023\/07\/14\/avanza-la-obra-de-fibra-optica-para-alpachiri\/"},"wordCount":566,"publisher":{"@id":"https:\/\/diariotextual.com\/inicio\/#organization"},"image":{"@id":"https:\/\/diariotextual.com\/inicio\/index.php\/2023\/07\/14\/avanza-la-obra-de-fibra-optica-para-alpachiri\/#primaryimage"},"thumbnailUrl":"https:\/\/diariotextual.com\/inicio\/wp-content\/uploads\/2023\/07\/fibraopticaalpachiri2023-4.jpeg","articleSection":["A - ES NOTICIA (van abajo)","SOCIEDAD"],"inLanguage":"es"},{"@type":"WebPage","@id":"https:\/\/diariotextual.com\/inicio\/index.php\/2023\/07\/14\/avanza-la-obra-de-fibra-optica-para-alpachiri\/","url":"https:\/\/diariotextual.com\/inicio\/index.php\/2023\/07\/14\/avanza-la-obra-de-fibra-optica-para-alpachiri\/","name":"Avanza la obra de fibra \u00f3ptica para Alpachiri - Diario Textual","isPartOf":{"@id":"https:\/\/diariotextual.com\/inicio\/#website"},"primaryImageOfPage":{"@id":"https:\/\/diariotextual.com\/inicio\/index.php\/2023\/07\/14\/avanza-la-obra-de-fibra-optica-para-alpachiri\/#primaryimage"},"image":{"@id":"https:\/\/diariotextual.com\/inicio\/index.php\/2023\/07\/14\/avanza-la-obra-de-fibra-optica-para-alpachiri\/#primaryimage"},"thumbnailUrl":"https:\/\/diariotextual.com\/inicio\/wp-content\/uploads\/2023\/07\/fibraopticaalpachiri2023-4.jpeg","datePublished":"2023-07-14T13:55:41+00:00","dateModified":"2023-07-14T20:21:33+00:00","breadcrumb":{"@id":"https:\/\/diariotextual.com\/inicio\/index.php\/2023\/07\/14\/avanza-la-obra-de-fibra-optica-para-alpachiri\/#breadcrumb"},"inLanguage":"es","potentialAction":[{"@type":"ReadAction","target":["https:\/\/diariotextual.com\/inicio\/index.php\/2023\/07\/14\/avanza-la-obra-de-fibra-optica-para-alpachiri\/"]}]},{"@type":"ImageObject","inLanguage":"es","@id":"https:\/\/diariotextual.com\/inicio\/index.php\/2023\/07\/14\/avanza-la-obra-de-fibra-optica-para-alpachiri\/#primaryimage","url":"https:\/\/diariotextual.com\/inicio\/wp-content\/uploads\/2023\/07\/fibraopticaalpachiri2023-4.jpeg","contentUrl":"https:\/\/diariotextual.com\/inicio\/wp-content\/uploads\/2023\/07\/fibraopticaalpachiri2023-4.jpeg","width":1199,"height":708},{"@type":"BreadcrumbList","@id":"https:\/\/diariotextual.com\/inicio\/index.php\/2023\/07\/14\/avanza-la-obra-de-fibra-optica-para-alpachiri\/#breadcrumb","itemListElement":[{"@type":"ListItem","position":1,"name":"Portada","item":"https:\/\/diariotextual.com\/inicio\/"},{"@type":"ListItem","position":2,"name":"Avanza la obra de fibra \u00f3ptica para Alpachiri"}]},{"@type":"WebSite","@id":"https:\/\/diariotextual.com\/inicio\/#website","url":"https:\/\/diariotextual.com\/inicio\/","name":"Diario Textual","description":"","publisher":{"@id":"https:\/\/diariotextual.com\/inicio\/#organization"},"potentialAction":[{"@type":"SearchAction","target":{"@type":"EntryPoint","urlTemplate":"https:\/\/diariotextual.com\/inicio\/?s={search_term_string}"},"query-input":{"@type":"PropertyValueSpecification","valueRequired":true,"valueName":"search_term_string"}}],"inLanguage":"es"},{"@type":"Organization","@id":"https:\/\/diariotextual.com\/inicio\/#organization","name":"Diario Textual","url":"https:\/\/diariotextual.com\/inicio\/","logo":{"@type":"ImageObject","inLanguage":"es","@id":"https:\/\/diariotextual.com\/inicio\/#\/schema\/logo\/image\/","url":"https:\/\/diariotextual.com\/inicio\/wp-content\/uploads\/2023\/05\/logotextual1.jpg","contentUrl":"https:\/\/diariotextual.com\/inicio\/wp-content\/uploads\/2023\/05\/logotextual1.jpg","width":516,"height":76,"caption":"Diario Textual"},"image":{"@id":"https:\/\/diariotextual.com\/inicio\/#\/schema\/logo\/image\/"},"sameAs":["https:\/\/www.facebook.com\/eltextual","https:\/\/x.com\/eltextual","http:\/\/www.instagram.com\/eltextual"]},{"@type":"Person","@id":"https:\/\/diariotextual.com\/inicio\/#\/schema\/person\/418fc4093c33e86ed41562db3508f958","name":"Diario1 Diario1","image":{"@type":"ImageObject","inLanguage":"es","@id":"https:\/\/secure.gravatar.com\/avatar\/9167d280179c85bc18be67aa7eda765854300033af4896dd779b608640f2ef7a?s=96&d=mm&r=g","url":"https:\/\/secure.gravatar.com\/avatar\/9167d280179c85bc18be67aa7eda765854300033af4896dd779b608640f2ef7a?s=96&d=mm&r=g","contentUrl":"https:\/\/secure.gravatar.com\/avatar\/9167d280179c85bc18be67aa7eda765854300033af4896dd779b608640f2ef7a?s=96&d=mm&r=g","caption":"Diario1 Diario1"},"url":"https:\/\/diariotextual.com\/inicio\/index.php\/author\/diario1\/"}]}},"_links":{"self":[{"href":"https:\/\/diariotextual.com\/inicio\/index.php\/wp-json\/wp\/v2\/posts\/231027","targetHints":{"allow":["GET"]}}],"collection":[{"href":"https:\/\/diariotextual.com\/inicio\/index.php\/wp-json\/wp\/v2\/posts"}],"about":[{"href":"https:\/\/diariotextual.com\/inicio\/index.php\/wp-json\/wp\/v2\/types\/post"}],"author":[{"embeddable":true,"href":"https:\/\/diariotextual.com\/inicio\/index.php\/wp-json\/wp\/v2\/users\/3"}],"replies":[{"embeddable":true,"href":"https:\/\/diariotextual.com\/inicio\/index.php\/wp-json\/wp\/v2\/comments?post=231027"}],"version-history":[{"count":4,"href":"https:\/\/diariotextual.com\/inicio\/index.php\/wp-json\/wp\/v2\/posts\/231027\/revisions"}],"predecessor-version":[{"id":231033,"href":"https:\/\/diariotextual.com\/inicio\/index.php\/wp-json\/wp\/v2\/posts\/231027\/revisions\/231033"}],"wp:featuredmedia":[{"embeddable":true,"href":"https:\/\/diariotextual.com\/inicio\/index.php\/wp-json\/wp\/v2\/media\/231032"}],"wp:attachment":[{"href":"https:\/\/diariotextual.com\/inicio\/index.php\/wp-json\/wp\/v2\/media?parent=231027"}],"wp:term":[{"taxonomy":"category","embeddable":true,"href":"https:\/\/diariotextual.com\/inicio\/index.php\/wp-json\/wp\/v2\/categories?post=231027"},{"taxonomy":"post_tag","embeddable":true,"href":"https:\/\/diariotextual.com\/inicio\/index.php\/wp-json\/wp\/v2\/tags?post=231027"}],"curies":[{"name":"wp","href":"https:\/\/api.w.org\/{rel}","templated":true}]}}