{"id":231050,"date":"2023-07-14T16:55:44","date_gmt":"2023-07-14T19:55:44","guid":{"rendered":"https:\/\/diariotextual.com\/inicio\/?p=231050"},"modified":"2023-07-15T19:42:17","modified_gmt":"2023-07-15T22:42:17","slug":"dia-de-los-ddhh-en-la-pampa-presentaron-el-libro-genocidio-y-dictadura","status":"publish","type":"post","link":"https:\/\/diariotextual.com\/inicio\/index.php\/2023\/07\/14\/dia-de-los-ddhh-en-la-pampa-presentaron-el-libro-genocidio-y-dictadura\/","title":{"rendered":"D\u00eda de los DDHH en La Pampa: presentaron el libro \u201cGenocidio y Dictadura\u201d"},"content":{"rendered":"\n<p>En el marco del D\u00eda de los Derechos Humanos en La Pampa, se llev\u00f3 adelante en la Sala de Pensamiento de la Legislatura la presentaci\u00f3n del libro \u201cGenocidio y Dictadura\u201d, de Nilda Redondo. Adem\u00e1s de su autora, estuvieron presentes la diputada Alicia Mayoral, el subsecretario de Derechos Humanos Juan Pablo Fasce, Graciela Bert\u00f3n, v\u00edctima de la dictadura, el ex rector de la UNLPam, Sergio Baudino y Alberto Acosta, director de Editorial Voces.<\/p>\n\n\n\n<p>El libro conceptualiza sobre el significado de genocidio y sus consecuencias hasta el presente, reflexiona respecto de la violencia, la violencia revolucionaria y el terrorismo, para tratar de dar precisi\u00f3n al uso de estas categor\u00edas.<\/p>\n\n\n\n<p>\u201cEn la casa de la democracia estos temas nos erizan la piel. Estos hechos deben tratarse m\u00e1s all\u00e1 del 14 de julio\u201d, dijo Alicia Mayoral.<\/p>\n\n\n\n<p>\u201cQuiero agradecerles a Nilda por venir a presentar su libro ac\u00e1. A Sergio, que yo no puedo dejar de mirarlo como aquel docente y rector de la universidad con una historia tan rica que me emociona. a Alberto Acosta por su gesti\u00f3n; a Graciela, por tener la palabra justa en cada una de sus relatos. Y tambi\u00e9n a Juan Pablo Fasce por este ida y vuelta tan enriquecedor\u201d, expres\u00f3 la diputada.<\/p>\n\n\n\n<p>\u201cEn esta fecha no ser\u00eda leal de mi parte -continu\u00f3 Mayoral- no acordarme del exlegislador Dar\u00edo Hern\u00e1ndez, quien fue el impulsor de la Ley que conmemora al 14 de julio como el D\u00eda de los Derechos Humanos en La Pampa\u201d.<\/p>\n\n\n\n<p>A su vez, Mayoral remarc\u00f3 la importancia de conocer todo lo sucedido durante la \u00faltima dictadura en la provincia. \u201c\u00bfNo ser\u00e1 hora de profundizar los temas y contar para que nunca m\u00e1s suceda?\u201d, se pregunt\u00f3 la legisladora, quien envi\u00f3 los saludos del vicegobernador Mariano Fern\u00e1ndez a todos los presentes.<\/p>\n\n\n\n<figure class=\"wp-block-image size-large\"><img fetchpriority=\"high\" decoding=\"async\" width=\"1024\" height=\"679\" src=\"https:\/\/diariotextual.com\/inicio\/wp-content\/uploads\/2023\/07\/librogenocidioydictaduraredondomayoral2023-2-1024x679.jpg\" alt=\"\" class=\"wp-image-231053\" srcset=\"https:\/\/diariotextual.com\/inicio\/wp-content\/uploads\/2023\/07\/librogenocidioydictaduraredondomayoral2023-2-1024x679.jpg 1024w, https:\/\/diariotextual.com\/inicio\/wp-content\/uploads\/2023\/07\/librogenocidioydictaduraredondomayoral2023-2-300x199.jpg 300w, https:\/\/diariotextual.com\/inicio\/wp-content\/uploads\/2023\/07\/librogenocidioydictaduraredondomayoral2023-2-768x509.jpg 768w, https:\/\/diariotextual.com\/inicio\/wp-content\/uploads\/2023\/07\/librogenocidioydictaduraredondomayoral2023-2-1170x775.jpg 1170w, https:\/\/diariotextual.com\/inicio\/wp-content\/uploads\/2023\/07\/librogenocidioydictaduraredondomayoral2023-2-780x516.jpg 780w, https:\/\/diariotextual.com\/inicio\/wp-content\/uploads\/2023\/07\/librogenocidioydictaduraredondomayoral2023-2-585x388.jpg 585w, https:\/\/diariotextual.com\/inicio\/wp-content\/uploads\/2023\/07\/librogenocidioydictaduraredondomayoral2023-2-263x175.jpg 263w, https:\/\/diariotextual.com\/inicio\/wp-content\/uploads\/2023\/07\/librogenocidioydictaduraredondomayoral2023-2.jpg 1500w\" sizes=\"(max-width: 1024px) 100vw, 1024px\" \/><\/figure>\n\n\n\n<p><\/p>\n\n\n\n<p>M\u00e1s adelante, Juan Pablo Fasce se refiri\u00f3 a los hechos acontecidos el 14 de julio de 1976 en Jacinto Arauz, cuando fuerzas militares y policiales irrumpieron para secuestrar y torturar a docentes del colegio secundario Jos\u00e9 Ingenieros. &nbsp;\u201cEl copamiento del pueblo lo sufri\u00f3 toda la comunidad, pero el ataque fue dirigido a un instituto de ense\u00f1anza. Esa libertad, puesta en esencia en ese instituto, despert\u00f3 el temor de unas \u201c\u2019fuerzas vivas\u2019\u201d, dijo el subsecretario de DD. HH.<\/p>\n\n\n\n<p>Por su parte, Graciela Bert\u00f3n indic\u00f3 \u201ces una gran responsabilidad hablar de algo que normalmente se silencia\u201d en la sociedad. \u201cHablo desde el esp\u00edritu de esa ni\u00f1a de 13 a\u00f1os, alumna del colegio Jos\u00e9 Ingeniero\u201d, expres\u00f3. \u201cLa mayor\u00eda de los profesores fueron secuestrados delante de sus alumnos\u201d.<\/p>\n\n\n\n<p>El exrector de la UNLPam y v\u00edctima del Terrorismo de Estado, Sergio Baudino, resalt\u00f3 la publicaci\u00f3n. \u201cSoy uno de los testigos del trabajo del libro que hizo Nilda. En esa tarea, mi preocupaci\u00f3n fue ser fidedigno con lo que me toc\u00f3 vivir en ese momento\u201d, remarc\u00f3.<\/p>\n\n\n\n<p>Por \u00faltimo, Nilda Redondo se dirigi\u00f3 a los presentes. \u201cEsta obra tiene mi firma pero es una obra de construcci\u00f3n colectiva. El intercambio de voces de compa\u00f1eras y compa\u00f1eros se va entremezclando con sus experiencias y perspectivas, y as\u00ed comprender lo sucedido\u201d, dijo la docente y escritora.<\/p>\n\n\n\n<p>Posteriormente, los presentes se dirigieron hasta el Parque Provincial de la Memoria, ubicado en Avenida Belgrano Sur y Avenida Illia, donde se exhibieron parte de las placas que ser\u00e1n colocadas en el Sitio de la Memoria y que recuerdan a v\u00edctimas pampeanas del Terrorismo de Estado durante la d\u00e9cada de 1970 y la dictadura c\u00edvico militar.<\/p>\n\n\n\n<p><\/p>\n","protected":false},"excerpt":{"rendered":"<p>En el marco del D\u00eda de los Derechos Humanos en La Pampa, se llev\u00f3 adelante en la Sala de Pensamiento de la Legislatura la presentaci\u00f3n del libro \u201cGenocidio y Dictadura\u201d,&hellip;<\/p>\n","protected":false},"author":3,"featured_media":231052,"comment_status":"closed","ping_status":"open","sticky":false,"template":"","format":"standard","meta":{"_acf_changed":false,"footnotes":""},"categories":[11,8],"tags":[],"class_list":["post-231050","post","type-post","status-publish","format-standard","has-post-thumbnail","hentry","category-que-pasa","category-politica"],"acf":[],"yoast_head":"<!-- This site is optimized with the Yoast SEO plugin v27.5 - https:\/\/yoast.com\/product\/yoast-seo-wordpress\/ -->\n<title>D\u00eda de los DDHH en La Pampa: presentaron el libro \u201cGenocidio y Dictadura\u201d - Diario Textual<\/title>\n<meta name=\"robots\" content=\"index, follow, max-snippet:-1, max-image-preview:large, max-video-preview:-1\" \/>\n<link rel=\"canonical\" href=\"https:\/\/diariotextual.com\/inicio\/index.php\/2023\/07\/14\/dia-de-los-ddhh-en-la-pampa-presentaron-el-libro-genocidio-y-dictadura\/\" \/>\n<meta property=\"og:locale\" content=\"es_ES\" \/>\n<meta property=\"og:type\" content=\"article\" \/>\n<meta property=\"og:title\" content=\"D\u00eda de los DDHH en La Pampa: presentaron el libro \u201cGenocidio y Dictadura\u201d - Diario Textual\" \/>\n<meta property=\"og:description\" content=\"En el marco del D\u00eda de los Derechos Humanos en La Pampa, se llev\u00f3 adelante en la Sala de Pensamiento de la Legislatura la presentaci\u00f3n del libro \u201cGenocidio y Dictadura\u201d,&hellip;\" \/>\n<meta property=\"og:url\" content=\"https:\/\/diariotextual.com\/inicio\/index.php\/2023\/07\/14\/dia-de-los-ddhh-en-la-pampa-presentaron-el-libro-genocidio-y-dictadura\/\" \/>\n<meta property=\"og:site_name\" content=\"Diario Textual\" \/>\n<meta property=\"article:publisher\" content=\"https:\/\/www.facebook.com\/eltextual\" \/>\n<meta property=\"article:published_time\" content=\"2023-07-14T19:55:44+00:00\" \/>\n<meta property=\"article:modified_time\" content=\"2023-07-15T22:42:17+00:00\" \/>\n<meta property=\"og:image\" content=\"https:\/\/diariotextual.com\/inicio\/wp-content\/uploads\/2023\/07\/librogenocidioydictaduraredondomayoral2023-1.jpg\" \/>\n\t<meta property=\"og:image:width\" content=\"1500\" \/>\n\t<meta property=\"og:image:height\" content=\"994\" \/>\n\t<meta property=\"og:image:type\" content=\"image\/jpeg\" \/>\n<meta name=\"author\" content=\"Diario1 Diario1\" \/>\n<meta name=\"twitter:card\" content=\"summary_large_image\" \/>\n<meta name=\"twitter:creator\" content=\"@eltextual\" \/>\n<meta name=\"twitter:site\" content=\"@eltextual\" \/>\n<meta name=\"twitter:label1\" content=\"Escrito por\" \/>\n\t<meta name=\"twitter:data1\" content=\"Diario1 Diario1\" \/>\n\t<meta name=\"twitter:label2\" content=\"Tiempo de lectura\" \/>\n\t<meta name=\"twitter:data2\" content=\"3 minutos\" \/>\n<script type=\"application\/ld+json\" class=\"yoast-schema-graph\">{\"@context\":\"https:\\\/\\\/schema.org\",\"@graph\":[{\"@type\":\"Article\",\"@id\":\"https:\\\/\\\/diariotextual.com\\\/inicio\\\/index.php\\\/2023\\\/07\\\/14\\\/dia-de-los-ddhh-en-la-pampa-presentaron-el-libro-genocidio-y-dictadura\\\/#article\",\"isPartOf\":{\"@id\":\"https:\\\/\\\/diariotextual.com\\\/inicio\\\/index.php\\\/2023\\\/07\\\/14\\\/dia-de-los-ddhh-en-la-pampa-presentaron-el-libro-genocidio-y-dictadura\\\/\"},\"author\":{\"name\":\"Diario1 Diario1\",\"@id\":\"https:\\\/\\\/diariotextual.com\\\/inicio\\\/#\\\/schema\\\/person\\\/418fc4093c33e86ed41562db3508f958\"},\"headline\":\"D\u00eda de los DDHH en La Pampa: presentaron el libro \u201cGenocidio y Dictadura\u201d\",\"datePublished\":\"2023-07-14T19:55:44+00:00\",\"dateModified\":\"2023-07-15T22:42:17+00:00\",\"mainEntityOfPage\":{\"@id\":\"https:\\\/\\\/diariotextual.com\\\/inicio\\\/index.php\\\/2023\\\/07\\\/14\\\/dia-de-los-ddhh-en-la-pampa-presentaron-el-libro-genocidio-y-dictadura\\\/\"},\"wordCount\":607,\"publisher\":{\"@id\":\"https:\\\/\\\/diariotextual.com\\\/inicio\\\/#organization\"},\"image\":{\"@id\":\"https:\\\/\\\/diariotextual.com\\\/inicio\\\/index.php\\\/2023\\\/07\\\/14\\\/dia-de-los-ddhh-en-la-pampa-presentaron-el-libro-genocidio-y-dictadura\\\/#primaryimage\"},\"thumbnailUrl\":\"https:\\\/\\\/diariotextual.com\\\/inicio\\\/wp-content\\\/uploads\\\/2023\\\/07\\\/librogenocidioydictaduraredondomayoral2023-1.jpg\",\"articleSection\":[\"A - QUE PASA (al costado)\",\"POLITICA\"],\"inLanguage\":\"es\"},{\"@type\":\"WebPage\",\"@id\":\"https:\\\/\\\/diariotextual.com\\\/inicio\\\/index.php\\\/2023\\\/07\\\/14\\\/dia-de-los-ddhh-en-la-pampa-presentaron-el-libro-genocidio-y-dictadura\\\/\",\"url\":\"https:\\\/\\\/diariotextual.com\\\/inicio\\\/index.php\\\/2023\\\/07\\\/14\\\/dia-de-los-ddhh-en-la-pampa-presentaron-el-libro-genocidio-y-dictadura\\\/\",\"name\":\"D\u00eda de los DDHH en La Pampa: presentaron el libro \u201cGenocidio y Dictadura\u201d - Diario Textual\",\"isPartOf\":{\"@id\":\"https:\\\/\\\/diariotextual.com\\\/inicio\\\/#website\"},\"primaryImageOfPage\":{\"@id\":\"https:\\\/\\\/diariotextual.com\\\/inicio\\\/index.php\\\/2023\\\/07\\\/14\\\/dia-de-los-ddhh-en-la-pampa-presentaron-el-libro-genocidio-y-dictadura\\\/#primaryimage\"},\"image\":{\"@id\":\"https:\\\/\\\/diariotextual.com\\\/inicio\\\/index.php\\\/2023\\\/07\\\/14\\\/dia-de-los-ddhh-en-la-pampa-presentaron-el-libro-genocidio-y-dictadura\\\/#primaryimage\"},\"thumbnailUrl\":\"https:\\\/\\\/diariotextual.com\\\/inicio\\\/wp-content\\\/uploads\\\/2023\\\/07\\\/librogenocidioydictaduraredondomayoral2023-1.jpg\",\"datePublished\":\"2023-07-14T19:55:44+00:00\",\"dateModified\":\"2023-07-15T22:42:17+00:00\",\"breadcrumb\":{\"@id\":\"https:\\\/\\\/diariotextual.com\\\/inicio\\\/index.php\\\/2023\\\/07\\\/14\\\/dia-de-los-ddhh-en-la-pampa-presentaron-el-libro-genocidio-y-dictadura\\\/#breadcrumb\"},\"inLanguage\":\"es\",\"potentialAction\":[{\"@type\":\"ReadAction\",\"target\":[\"https:\\\/\\\/diariotextual.com\\\/inicio\\\/index.php\\\/2023\\\/07\\\/14\\\/dia-de-los-ddhh-en-la-pampa-presentaron-el-libro-genocidio-y-dictadura\\\/\"]}]},{\"@type\":\"ImageObject\",\"inLanguage\":\"es\",\"@id\":\"https:\\\/\\\/diariotextual.com\\\/inicio\\\/index.php\\\/2023\\\/07\\\/14\\\/dia-de-los-ddhh-en-la-pampa-presentaron-el-libro-genocidio-y-dictadura\\\/#primaryimage\",\"url\":\"https:\\\/\\\/diariotextual.com\\\/inicio\\\/wp-content\\\/uploads\\\/2023\\\/07\\\/librogenocidioydictaduraredondomayoral2023-1.jpg\",\"contentUrl\":\"https:\\\/\\\/diariotextual.com\\\/inicio\\\/wp-content\\\/uploads\\\/2023\\\/07\\\/librogenocidioydictaduraredondomayoral2023-1.jpg\",\"width\":1500,\"height\":994},{\"@type\":\"BreadcrumbList\",\"@id\":\"https:\\\/\\\/diariotextual.com\\\/inicio\\\/index.php\\\/2023\\\/07\\\/14\\\/dia-de-los-ddhh-en-la-pampa-presentaron-el-libro-genocidio-y-dictadura\\\/#breadcrumb\",\"itemListElement\":[{\"@type\":\"ListItem\",\"position\":1,\"name\":\"Portada\",\"item\":\"https:\\\/\\\/diariotextual.com\\\/inicio\\\/\"},{\"@type\":\"ListItem\",\"position\":2,\"name\":\"D\u00eda de los DDHH en La Pampa: presentaron el libro \u201cGenocidio y Dictadura\u201d\"}]},{\"@type\":\"WebSite\",\"@id\":\"https:\\\/\\\/diariotextual.com\\\/inicio\\\/#website\",\"url\":\"https:\\\/\\\/diariotextual.com\\\/inicio\\\/\",\"name\":\"Diario Textual\",\"description\":\"\",\"publisher\":{\"@id\":\"https:\\\/\\\/diariotextual.com\\\/inicio\\\/#organization\"},\"potentialAction\":[{\"@type\":\"SearchAction\",\"target\":{\"@type\":\"EntryPoint\",\"urlTemplate\":\"https:\\\/\\\/diariotextual.com\\\/inicio\\\/?s={search_term_string}\"},\"query-input\":{\"@type\":\"PropertyValueSpecification\",\"valueRequired\":true,\"valueName\":\"search_term_string\"}}],\"inLanguage\":\"es\"},{\"@type\":\"Organization\",\"@id\":\"https:\\\/\\\/diariotextual.com\\\/inicio\\\/#organization\",\"name\":\"Diario Textual\",\"url\":\"https:\\\/\\\/diariotextual.com\\\/inicio\\\/\",\"logo\":{\"@type\":\"ImageObject\",\"inLanguage\":\"es\",\"@id\":\"https:\\\/\\\/diariotextual.com\\\/inicio\\\/#\\\/schema\\\/logo\\\/image\\\/\",\"url\":\"https:\\\/\\\/diariotextual.com\\\/inicio\\\/wp-content\\\/uploads\\\/2023\\\/05\\\/logotextual1.jpg\",\"contentUrl\":\"https:\\\/\\\/diariotextual.com\\\/inicio\\\/wp-content\\\/uploads\\\/2023\\\/05\\\/logotextual1.jpg\",\"width\":516,\"height\":76,\"caption\":\"Diario Textual\"},\"image\":{\"@id\":\"https:\\\/\\\/diariotextual.com\\\/inicio\\\/#\\\/schema\\\/logo\\\/image\\\/\"},\"sameAs\":[\"https:\\\/\\\/www.facebook.com\\\/eltextual\",\"https:\\\/\\\/x.com\\\/eltextual\",\"http:\\\/\\\/www.instagram.com\\\/eltextual\"]},{\"@type\":\"Person\",\"@id\":\"https:\\\/\\\/diariotextual.com\\\/inicio\\\/#\\\/schema\\\/person\\\/418fc4093c33e86ed41562db3508f958\",\"name\":\"Diario1 Diario1\",\"image\":{\"@type\":\"ImageObject\",\"inLanguage\":\"es\",\"@id\":\"https:\\\/\\\/secure.gravatar.com\\\/avatar\\\/9167d280179c85bc18be67aa7eda765854300033af4896dd779b608640f2ef7a?s=96&d=mm&r=g\",\"url\":\"https:\\\/\\\/secure.gravatar.com\\\/avatar\\\/9167d280179c85bc18be67aa7eda765854300033af4896dd779b608640f2ef7a?s=96&d=mm&r=g\",\"contentUrl\":\"https:\\\/\\\/secure.gravatar.com\\\/avatar\\\/9167d280179c85bc18be67aa7eda765854300033af4896dd779b608640f2ef7a?s=96&d=mm&r=g\",\"caption\":\"Diario1 Diario1\"},\"url\":\"https:\\\/\\\/diariotextual.com\\\/inicio\\\/index.php\\\/author\\\/diario1\\\/\"}]}<\/script>\n<!-- \/ Yoast SEO plugin. -->","yoast_head_json":{"title":"D\u00eda de los DDHH en La Pampa: presentaron el libro \u201cGenocidio y Dictadura\u201d - Diario Textual","robots":{"index":"index","follow":"follow","max-snippet":"max-snippet:-1","max-image-preview":"max-image-preview:large","max-video-preview":"max-video-preview:-1"},"canonical":"https:\/\/diariotextual.com\/inicio\/index.php\/2023\/07\/14\/dia-de-los-ddhh-en-la-pampa-presentaron-el-libro-genocidio-y-dictadura\/","og_locale":"es_ES","og_type":"article","og_title":"D\u00eda de los DDHH en La Pampa: presentaron el libro \u201cGenocidio y Dictadura\u201d - Diario Textual","og_description":"En el marco del D\u00eda de los Derechos Humanos en La Pampa, se llev\u00f3 adelante en la Sala de Pensamiento de la Legislatura la presentaci\u00f3n del libro \u201cGenocidio y Dictadura\u201d,&hellip;","og_url":"https:\/\/diariotextual.com\/inicio\/index.php\/2023\/07\/14\/dia-de-los-ddhh-en-la-pampa-presentaron-el-libro-genocidio-y-dictadura\/","og_site_name":"Diario Textual","article_publisher":"https:\/\/www.facebook.com\/eltextual","article_published_time":"2023-07-14T19:55:44+00:00","article_modified_time":"2023-07-15T22:42:17+00:00","og_image":[{"width":1500,"height":994,"url":"https:\/\/diariotextual.com\/inicio\/wp-content\/uploads\/2023\/07\/librogenocidioydictaduraredondomayoral2023-1.jpg","type":"image\/jpeg"}],"author":"Diario1 Diario1","twitter_card":"summary_large_image","twitter_creator":"@eltextual","twitter_site":"@eltextual","twitter_misc":{"Escrito por":"Diario1 Diario1","Tiempo de lectura":"3 minutos"},"schema":{"@context":"https:\/\/schema.org","@graph":[{"@type":"Article","@id":"https:\/\/diariotextual.com\/inicio\/index.php\/2023\/07\/14\/dia-de-los-ddhh-en-la-pampa-presentaron-el-libro-genocidio-y-dictadura\/#article","isPartOf":{"@id":"https:\/\/diariotextual.com\/inicio\/index.php\/2023\/07\/14\/dia-de-los-ddhh-en-la-pampa-presentaron-el-libro-genocidio-y-dictadura\/"},"author":{"name":"Diario1 Diario1","@id":"https:\/\/diariotextual.com\/inicio\/#\/schema\/person\/418fc4093c33e86ed41562db3508f958"},"headline":"D\u00eda de los DDHH en La Pampa: presentaron el libro \u201cGenocidio y Dictadura\u201d","datePublished":"2023-07-14T19:55:44+00:00","dateModified":"2023-07-15T22:42:17+00:00","mainEntityOfPage":{"@id":"https:\/\/diariotextual.com\/inicio\/index.php\/2023\/07\/14\/dia-de-los-ddhh-en-la-pampa-presentaron-el-libro-genocidio-y-dictadura\/"},"wordCount":607,"publisher":{"@id":"https:\/\/diariotextual.com\/inicio\/#organization"},"image":{"@id":"https:\/\/diariotextual.com\/inicio\/index.php\/2023\/07\/14\/dia-de-los-ddhh-en-la-pampa-presentaron-el-libro-genocidio-y-dictadura\/#primaryimage"},"thumbnailUrl":"https:\/\/diariotextual.com\/inicio\/wp-content\/uploads\/2023\/07\/librogenocidioydictaduraredondomayoral2023-1.jpg","articleSection":["A - QUE PASA (al costado)","POLITICA"],"inLanguage":"es"},{"@type":"WebPage","@id":"https:\/\/diariotextual.com\/inicio\/index.php\/2023\/07\/14\/dia-de-los-ddhh-en-la-pampa-presentaron-el-libro-genocidio-y-dictadura\/","url":"https:\/\/diariotextual.com\/inicio\/index.php\/2023\/07\/14\/dia-de-los-ddhh-en-la-pampa-presentaron-el-libro-genocidio-y-dictadura\/","name":"D\u00eda de los DDHH en La Pampa: presentaron el libro \u201cGenocidio y Dictadura\u201d - Diario Textual","isPartOf":{"@id":"https:\/\/diariotextual.com\/inicio\/#website"},"primaryImageOfPage":{"@id":"https:\/\/diariotextual.com\/inicio\/index.php\/2023\/07\/14\/dia-de-los-ddhh-en-la-pampa-presentaron-el-libro-genocidio-y-dictadura\/#primaryimage"},"image":{"@id":"https:\/\/diariotextual.com\/inicio\/index.php\/2023\/07\/14\/dia-de-los-ddhh-en-la-pampa-presentaron-el-libro-genocidio-y-dictadura\/#primaryimage"},"thumbnailUrl":"https:\/\/diariotextual.com\/inicio\/wp-content\/uploads\/2023\/07\/librogenocidioydictaduraredondomayoral2023-1.jpg","datePublished":"2023-07-14T19:55:44+00:00","dateModified":"2023-07-15T22:42:17+00:00","breadcrumb":{"@id":"https:\/\/diariotextual.com\/inicio\/index.php\/2023\/07\/14\/dia-de-los-ddhh-en-la-pampa-presentaron-el-libro-genocidio-y-dictadura\/#breadcrumb"},"inLanguage":"es","potentialAction":[{"@type":"ReadAction","target":["https:\/\/diariotextual.com\/inicio\/index.php\/2023\/07\/14\/dia-de-los-ddhh-en-la-pampa-presentaron-el-libro-genocidio-y-dictadura\/"]}]},{"@type":"ImageObject","inLanguage":"es","@id":"https:\/\/diariotextual.com\/inicio\/index.php\/2023\/07\/14\/dia-de-los-ddhh-en-la-pampa-presentaron-el-libro-genocidio-y-dictadura\/#primaryimage","url":"https:\/\/diariotextual.com\/inicio\/wp-content\/uploads\/2023\/07\/librogenocidioydictaduraredondomayoral2023-1.jpg","contentUrl":"https:\/\/diariotextual.com\/inicio\/wp-content\/uploads\/2023\/07\/librogenocidioydictaduraredondomayoral2023-1.jpg","width":1500,"height":994},{"@type":"BreadcrumbList","@id":"https:\/\/diariotextual.com\/inicio\/index.php\/2023\/07\/14\/dia-de-los-ddhh-en-la-pampa-presentaron-el-libro-genocidio-y-dictadura\/#breadcrumb","itemListElement":[{"@type":"ListItem","position":1,"name":"Portada","item":"https:\/\/diariotextual.com\/inicio\/"},{"@type":"ListItem","position":2,"name":"D\u00eda de los DDHH en La Pampa: presentaron el libro \u201cGenocidio y Dictadura\u201d"}]},{"@type":"WebSite","@id":"https:\/\/diariotextual.com\/inicio\/#website","url":"https:\/\/diariotextual.com\/inicio\/","name":"Diario Textual","description":"","publisher":{"@id":"https:\/\/diariotextual.com\/inicio\/#organization"},"potentialAction":[{"@type":"SearchAction","target":{"@type":"EntryPoint","urlTemplate":"https:\/\/diariotextual.com\/inicio\/?s={search_term_string}"},"query-input":{"@type":"PropertyValueSpecification","valueRequired":true,"valueName":"search_term_string"}}],"inLanguage":"es"},{"@type":"Organization","@id":"https:\/\/diariotextual.com\/inicio\/#organization","name":"Diario Textual","url":"https:\/\/diariotextual.com\/inicio\/","logo":{"@type":"ImageObject","inLanguage":"es","@id":"https:\/\/diariotextual.com\/inicio\/#\/schema\/logo\/image\/","url":"https:\/\/diariotextual.com\/inicio\/wp-content\/uploads\/2023\/05\/logotextual1.jpg","contentUrl":"https:\/\/diariotextual.com\/inicio\/wp-content\/uploads\/2023\/05\/logotextual1.jpg","width":516,"height":76,"caption":"Diario Textual"},"image":{"@id":"https:\/\/diariotextual.com\/inicio\/#\/schema\/logo\/image\/"},"sameAs":["https:\/\/www.facebook.com\/eltextual","https:\/\/x.com\/eltextual","http:\/\/www.instagram.com\/eltextual"]},{"@type":"Person","@id":"https:\/\/diariotextual.com\/inicio\/#\/schema\/person\/418fc4093c33e86ed41562db3508f958","name":"Diario1 Diario1","image":{"@type":"ImageObject","inLanguage":"es","@id":"https:\/\/secure.gravatar.com\/avatar\/9167d280179c85bc18be67aa7eda765854300033af4896dd779b608640f2ef7a?s=96&d=mm&r=g","url":"https:\/\/secure.gravatar.com\/avatar\/9167d280179c85bc18be67aa7eda765854300033af4896dd779b608640f2ef7a?s=96&d=mm&r=g","contentUrl":"https:\/\/secure.gravatar.com\/avatar\/9167d280179c85bc18be67aa7eda765854300033af4896dd779b608640f2ef7a?s=96&d=mm&r=g","caption":"Diario1 Diario1"},"url":"https:\/\/diariotextual.com\/inicio\/index.php\/author\/diario1\/"}]}},"_links":{"self":[{"href":"https:\/\/diariotextual.com\/inicio\/index.php\/wp-json\/wp\/v2\/posts\/231050","targetHints":{"allow":["GET"]}}],"collection":[{"href":"https:\/\/diariotextual.com\/inicio\/index.php\/wp-json\/wp\/v2\/posts"}],"about":[{"href":"https:\/\/diariotextual.com\/inicio\/index.php\/wp-json\/wp\/v2\/types\/post"}],"author":[{"embeddable":true,"href":"https:\/\/diariotextual.com\/inicio\/index.php\/wp-json\/wp\/v2\/users\/3"}],"replies":[{"embeddable":true,"href":"https:\/\/diariotextual.com\/inicio\/index.php\/wp-json\/wp\/v2\/comments?post=231050"}],"version-history":[{"count":2,"href":"https:\/\/diariotextual.com\/inicio\/index.php\/wp-json\/wp\/v2\/posts\/231050\/revisions"}],"predecessor-version":[{"id":231054,"href":"https:\/\/diariotextual.com\/inicio\/index.php\/wp-json\/wp\/v2\/posts\/231050\/revisions\/231054"}],"wp:featuredmedia":[{"embeddable":true,"href":"https:\/\/diariotextual.com\/inicio\/index.php\/wp-json\/wp\/v2\/media\/231052"}],"wp:attachment":[{"href":"https:\/\/diariotextual.com\/inicio\/index.php\/wp-json\/wp\/v2\/media?parent=231050"}],"wp:term":[{"taxonomy":"category","embeddable":true,"href":"https:\/\/diariotextual.com\/inicio\/index.php\/wp-json\/wp\/v2\/categories?post=231050"},{"taxonomy":"post_tag","embeddable":true,"href":"https:\/\/diariotextual.com\/inicio\/index.php\/wp-json\/wp\/v2\/tags?post=231050"}],"curies":[{"name":"wp","href":"https:\/\/api.w.org\/{rel}","templated":true}]}}