{"id":231055,"date":"2023-07-14T17:21:16","date_gmt":"2023-07-14T20:21:16","guid":{"rendered":"https:\/\/diariotextual.com\/inicio\/?p=231055"},"modified":"2023-07-15T09:20:18","modified_gmt":"2023-07-15T12:20:18","slug":"la-ministra-de-desarrollo-social-de-la-nacion-en-la-pampa","status":"publish","type":"post","link":"https:\/\/diariotextual.com\/inicio\/index.php\/2023\/07\/14\/la-ministra-de-desarrollo-social-de-la-nacion-en-la-pampa\/","title":{"rendered":"La ministra de Desarrollo Social de la Naci\u00f3n en La Pampa"},"content":{"rendered":"\n<p>La ministra de Desarrollo Social de la Naci\u00f3n, Victoria Tolosa Paz, desarroll\u00f3 esta ma\u00f1ana una extensa jornada en Realic\u00f3, donde se firmaron convenios con 10 municipios por Espacios de Primera Infancia (EPI) y por el programa nacional \u201cMi Ba\u00f1o\u201d; se entregaron herramientas y equipamiento en el marco del programa \u201cTalleres Familiares\u201d; y se inaugur\u00f3 un Centro de Desarrollo Infantil.<\/p>\n\n\n\n<p>De los actos participaron el vicegobernador de La Pampa, Mariano Fern\u00e1ndez, el ministro de Desarrollo Social, Diego \u00c1lvarez, el ministro de Gobierno, Justicia y Derechos Humanos, Ariel Rauschenberger, el secretario de Ni\u00f1ez, Adolescencia y Familia de Naci\u00f3n, Gabriel Lerner, el director nacional de Seguimiento de la Gesti\u00f3n, Luis Sann\u00e9n, el coordinador del Programa Federal Sanitario Mi Ba\u00f1o, Juan Enr\u00edquez, la titular de la Unidad Ejecutora Especial Temporaria del Fortalecimiento y la Infraestructura del Cuidado, Mar\u00eda Higonet, el secretario de Asuntos Municipales de La Pampa, Rogelio Schanton, diputados provinciales, dem\u00e1s autoridades nacionales, provinciales y municipales, intendentes e intendentas de la Provincia.<\/p>\n\n\n\n<p>La comitiva oficial fue recibida por la intendenta local, Viviana Bongiovanni, y los jefes y jefas comunales de nueve localidades, quienes firmaron convenios EPI con municipios pampeanos, en el marco del Programa de Apoyo al Plan Nacional de Primera Infancia y la pol\u00edtica de universalizaci\u00f3n de la educaci\u00f3n inicial, as\u00ed, se incrementar\u00e1n los niveles de seguridad de las instalaciones y espacios, mejorar las condiciones de salubridad e higiene, desarrollar propuestas l\u00fadicas y mejorar la funcionalidad y calidad de estos lugares.<\/p>\n\n\n\n<p>Son nueve renovaciones EPI, con una inversi\u00f3n total de $ 13.160.000, abarcando a Arata, Ataliva Roca, Colonia Santa Teresa, Conhello, La Maruja, General Pico, Rol\u00f3n, Villa Mirasol y Santa Rosa.<\/p>\n\n\n\n<p>Asimismo, se firmaron convenios para la implementaci\u00f3n de nuevos Espacios de la Primera Infancia con los municipios de Eduardo Castex y Realic\u00f3, all\u00ed la inversi\u00f3n alcanza los $8.000.000.<\/p>\n\n\n\n<p>Seguidamente, en el marco del Programa \u201cMi Ba\u00f1o\u201d y con una inversi\u00f3n de $ 180.000.000, se firmaron convenios para 300 mejoramientos sanitarios en diversos puntos de la provincia.<\/p>\n\n\n\n<p>Dicha iniciativa que pretende una labor conjunta para desarrollar acciones que permitan garantizar el acceso a servicios de saneamiento e higiene en condiciones dignas y equitativas.<\/p>\n\n\n\n<div style=\"height:100px\" aria-hidden=\"true\" class=\"wp-block-spacer\"><\/div>\n\n\n\n<p><strong>CDI y Programa Talleres Familiares<\/strong><\/p>\n\n\n\n<p>Seguidamente tuvo lugar la inauguraci\u00f3n del Centro de Desarrollo Infantil, en una ceremonia que tuvo descubrimiento de placa, corte de cinta, junto a quienes forman parte de ese espacio destinado a las primeras infancias. Finalmente se entregaron herramientas y equipamiento correspondientes al Programa \u201cTalleres Familiares\u201d.<\/p>\n\n\n\n<div style=\"height:100px\" aria-hidden=\"true\" class=\"wp-block-spacer\"><\/div>\n\n\n\n<p><strong>Reconocimiento<\/strong><\/p>\n\n\n\n<p>La ministra hizo un reconocimiento p\u00fablico al gobernador de La Pampa, Sergio Ziliotto. \u201cEst\u00e1 en Buenos Aires haciendo lo que tiene que hacer, que es gestionar para su pueblo de La Pampa. En esta oportunidad agradecer a Mariano (Fern\u00e1ndez), en representaci\u00f3n del gobernador, por el acompa\u00f1amiento, a nuestro querido ministro Diego (\u00c1lvarez), un gran ministro con quien desde el primer d\u00eda que llegamos a la gesti\u00f3n nos pusimos a trabajar para dar respuesta a cada una de las localidades que componen La Pampa\u201d, dijo.<\/p>\n\n\n\n<p>Tolosa Paz remarc\u00f3 el trabajo que lleva adelante la Secretar\u00eda de Ni\u00f1ez, Adolescencia y Familia en materia de ampliaci\u00f3n y consagraci\u00f3n de derechos. \u201cHace lo propio en La Pampa a partir de haber fortalecido las unidades locales\u201d, dijo.<\/p>\n\n\n\n<p>\u201cHoy vinimos a subsanar algunas de las deudas que ten\u00edamos, que eran poner en regla los convenios del Plan Nacional de Primera Infancia, sumamente importante porque trabaja y articula sobre lo existente, sobre los espacios que ya est\u00e1n construidos, que tienen vida y enormes equipos de mujeres al frente y necesitan el acompa\u00f1amiento del Gobierno nacional para mejorar el equipamiento, la infraestructura y brindar a los chicos, chicas y adolescentes de cada una de las localidades ese espacio que muchas veces es lo primero que conocen del Estado despu\u00e9s del Hospital (al nacer)\u201d, agreg\u00f3.<\/p>\n\n\n\n<p>Celebrando la firma de estos 9 convenios, reiter\u00f3 el compromiso de trabajar para poner a todos los municipios en regla. Aclar\u00f3 que en Argentina se duplicaron no solo los fondos sino tambi\u00e9n la cantidad de chicos y chicas que est\u00e1n contenidos en estos espacios de calidad.<\/p>\n\n\n\n<p>Con respecto al programa Mi Ba\u00f1o, la ministra explic\u00f3 que pretende el acceso a un ba\u00f1o en condiciones a garantizar un servicio sanitario b\u00e1sico, previo relevamiento realizado por los municipios.<\/p>\n\n\n\n<p>\u201cVinimos a La Pampa, a Realic\u00f3, a tener un compromiso de lo que es nuestro Gobierno, un gobierno federal, que puso prioridades muy claras en materia de desarrollo social, que para poder tener lo que tambi\u00e9n vamos a tener, que es la inauguraci\u00f3n de playones deportivos (en V\u00e9rtiz y General Pico), tienen que estar con cobertura las situaciones m\u00e1s urgentes y por eso decimos que primero lo primero, y eso tiene que ver con las condiciones b\u00e1sicas de familias en extrema vulnerabilidad, para luego dar vida a todo lo que tiene que ver en cada una de las localidades\u201d, manifest\u00f3.<\/p>\n\n\n\n<p>En nombre del Gobierno provincial, el ministro de Desarrollo Social celebr\u00f3 la posibilidad de tener la presencia de la ministra en La Pampa, inaugurando obras y firmando convenios muy importantes.<\/p>\n\n\n\n<p>En dicho contexto, \u00c1lvarez resalt\u00f3 la buena predisposici\u00f3n de las autoridades nacionales para recibirlo y escuchar las inquietudes y propuestas que se llevan desde La Pampa. \u201cLe dec\u00eda a Fernanda (Alonso), a quien le toc\u00f3 ser ministra en otra gesti\u00f3n, de otro signo pol\u00edtico, las peripecias y falta de acompa\u00f1amiento de un Gobierno nacional que sin dudas imposibilitaron el crecimiento y las respuestas a la gente que viv\u00eda en las distintas localidades de la provincia\u201d, dijo.<\/p>\n\n\n\n<p>Adem\u00e1s, agradeci\u00f3 a todo el equipo nacional, con quienes se trabaja de manera permanente, y a los jefes y jefas comunales, que acercan las pol\u00edticas p\u00fablicas pensadas para que lleguen a vecinos y vecinas, y al equipo del Ministerio de Desarrollo Social de La Pampa, por la labor para hoy poder firmar estos convenios.<\/p>\n\n\n\n<p>\u201cEl Programa Mi Ba\u00f1o va a ser un antes y un despu\u00e9s en las respuestas que nos va a permitir dar estas soluciones, que van a llegar a 47 localidades en esta primera tanda, y rescato el c\u00f3mo fue armado, por un trabajo articulado entre municipio, provincia y naci\u00f3n, a trav\u00e9s de la informaci\u00f3n que se va cargando al sistema Pilqu\u00e9n, pudimos hacer un relevamiento de aquellas situaciones sanitarias m\u00e1s complicadas y abarcan las primeras 300 soluciones planteadas, sin los municipios y sin la informaci\u00f3n es muy dif\u00edcil, como Gobierno provincial, tomar las decisiones acertadas en pol\u00edticas p\u00fablicas, sobre todo en temas sociales\u201d, agreg\u00f3 el funcionario provincial.<\/p>\n\n\n\n<p>En relaci\u00f3n a la renovaci\u00f3n de los EPI, el ministro cont\u00f3 que est\u00e1n por salir otros 7 (que se suman a los 9 de hoy) y que quedan 20 pendientes, con la esperanza de firmar los convenios antes de fin de a\u00f1o. \u201cEs muy importante poder inaugurar el primer Centro de Desarrollo Infantil de los 16 que se van a construir, vamos a seguir con Eduardo Castex, hoy hay 3.000 ni\u00f1os y ni\u00f1as en la provincia de La Pampa que concurren a los Centros de Desarrollo Infantil, esta Ley fue sancionada en 2014, tom\u00f3 auge en la gesti\u00f3n del Ingeniero Verna, se sigue profundizando porque en La Pampa, en estos 40 a\u00f1os de democracia, de permanencia de gobierno justicialista nos hace que tengamos pol\u00edticas que perduran en el tiempo, que sean conocidas y aceptadas por toda la comunidad y que cuando hablamos de un determinado programa, la poblaci\u00f3n sabe a lo que nos estamos refiriendo\u201d.<\/p>\n\n\n\n<p>Finalmente agradeci\u00f3 la visita de la funcionaria nacional e hizo hincapi\u00e9 en la posibilidad de tener una Argentina federal, \u201cuna provincia federal, y que nos est\u00e9n acompa\u00f1ando hoy en La Pampa y Realic\u00f3 nos llena de orgullo y da motivos para continuar haciendo m\u00e1s por nuestra gente\u201d.<\/p>\n\n\n\n<p><\/p>\n","protected":false},"excerpt":{"rendered":"<p>La ministra de Desarrollo Social de la Naci\u00f3n, Victoria Tolosa Paz, desarroll\u00f3 esta ma\u00f1ana una extensa jornada en Realic\u00f3, donde se firmaron convenios con 10 municipios por Espacios de Primera&hellip;<\/p>\n","protected":false},"author":3,"featured_media":231058,"comment_status":"closed","ping_status":"open","sticky":false,"template":"","format":"standard","meta":{"_acf_changed":false,"footnotes":""},"categories":[1,11,12],"tags":[],"class_list":["post-231055","post","type-post","status-publish","format-standard","has-post-thumbnail","hentry","category-es-noticia","category-que-pasa","category-sociedad"],"acf":[],"yoast_head":"<!-- This site is optimized with the Yoast SEO plugin v27.5 - https:\/\/yoast.com\/product\/yoast-seo-wordpress\/ -->\n<title>La ministra de Desarrollo Social de la Naci\u00f3n en La Pampa - Diario Textual<\/title>\n<meta name=\"robots\" content=\"index, follow, max-snippet:-1, max-image-preview:large, max-video-preview:-1\" \/>\n<link rel=\"canonical\" href=\"https:\/\/diariotextual.com\/inicio\/index.php\/2023\/07\/14\/la-ministra-de-desarrollo-social-de-la-nacion-en-la-pampa\/\" \/>\n<meta property=\"og:locale\" content=\"es_ES\" \/>\n<meta property=\"og:type\" content=\"article\" \/>\n<meta property=\"og:title\" content=\"La ministra de Desarrollo Social de la Naci\u00f3n en La Pampa - Diario Textual\" \/>\n<meta property=\"og:description\" content=\"La ministra de Desarrollo Social de la Naci\u00f3n, Victoria Tolosa Paz, desarroll\u00f3 esta ma\u00f1ana una extensa jornada en Realic\u00f3, donde se firmaron convenios con 10 municipios por Espacios de Primera&hellip;\" \/>\n<meta property=\"og:url\" content=\"https:\/\/diariotextual.com\/inicio\/index.php\/2023\/07\/14\/la-ministra-de-desarrollo-social-de-la-nacion-en-la-pampa\/\" \/>\n<meta property=\"og:site_name\" content=\"Diario Textual\" \/>\n<meta property=\"article:publisher\" content=\"https:\/\/www.facebook.com\/eltextual\" \/>\n<meta property=\"article:published_time\" content=\"2023-07-14T20:21:16+00:00\" \/>\n<meta property=\"article:modified_time\" content=\"2023-07-15T12:20:18+00:00\" \/>\n<meta property=\"og:image\" content=\"https:\/\/diariotextual.com\/inicio\/wp-content\/uploads\/2023\/07\/tolosapazvictoriaenrealico2023-1.jpeg\" \/>\n\t<meta property=\"og:image:width\" content=\"1280\" \/>\n\t<meta property=\"og:image:height\" content=\"663\" \/>\n\t<meta property=\"og:image:type\" content=\"image\/jpeg\" \/>\n<meta name=\"author\" content=\"Diario1 Diario1\" \/>\n<meta name=\"twitter:card\" content=\"summary_large_image\" \/>\n<meta name=\"twitter:creator\" content=\"@eltextual\" \/>\n<meta name=\"twitter:site\" content=\"@eltextual\" \/>\n<meta name=\"twitter:label1\" content=\"Escrito por\" \/>\n\t<meta name=\"twitter:data1\" content=\"Diario1 Diario1\" \/>\n\t<meta name=\"twitter:label2\" content=\"Tiempo de lectura\" \/>\n\t<meta name=\"twitter:data2\" content=\"6 minutos\" \/>\n<script type=\"application\/ld+json\" class=\"yoast-schema-graph\">{\"@context\":\"https:\\\/\\\/schema.org\",\"@graph\":[{\"@type\":\"Article\",\"@id\":\"https:\\\/\\\/diariotextual.com\\\/inicio\\\/index.php\\\/2023\\\/07\\\/14\\\/la-ministra-de-desarrollo-social-de-la-nacion-en-la-pampa\\\/#article\",\"isPartOf\":{\"@id\":\"https:\\\/\\\/diariotextual.com\\\/inicio\\\/index.php\\\/2023\\\/07\\\/14\\\/la-ministra-de-desarrollo-social-de-la-nacion-en-la-pampa\\\/\"},\"author\":{\"name\":\"Diario1 Diario1\",\"@id\":\"https:\\\/\\\/diariotextual.com\\\/inicio\\\/#\\\/schema\\\/person\\\/418fc4093c33e86ed41562db3508f958\"},\"headline\":\"La ministra de Desarrollo Social de la Naci\u00f3n en La Pampa\",\"datePublished\":\"2023-07-14T20:21:16+00:00\",\"dateModified\":\"2023-07-15T12:20:18+00:00\",\"mainEntityOfPage\":{\"@id\":\"https:\\\/\\\/diariotextual.com\\\/inicio\\\/index.php\\\/2023\\\/07\\\/14\\\/la-ministra-de-desarrollo-social-de-la-nacion-en-la-pampa\\\/\"},\"wordCount\":1340,\"publisher\":{\"@id\":\"https:\\\/\\\/diariotextual.com\\\/inicio\\\/#organization\"},\"image\":{\"@id\":\"https:\\\/\\\/diariotextual.com\\\/inicio\\\/index.php\\\/2023\\\/07\\\/14\\\/la-ministra-de-desarrollo-social-de-la-nacion-en-la-pampa\\\/#primaryimage\"},\"thumbnailUrl\":\"https:\\\/\\\/diariotextual.com\\\/inicio\\\/wp-content\\\/uploads\\\/2023\\\/07\\\/tolosapazvictoriaenrealico2023-1.jpeg\",\"articleSection\":[\"A - ES NOTICIA (van abajo)\",\"A - QUE PASA (al costado)\",\"SOCIEDAD\"],\"inLanguage\":\"es\"},{\"@type\":\"WebPage\",\"@id\":\"https:\\\/\\\/diariotextual.com\\\/inicio\\\/index.php\\\/2023\\\/07\\\/14\\\/la-ministra-de-desarrollo-social-de-la-nacion-en-la-pampa\\\/\",\"url\":\"https:\\\/\\\/diariotextual.com\\\/inicio\\\/index.php\\\/2023\\\/07\\\/14\\\/la-ministra-de-desarrollo-social-de-la-nacion-en-la-pampa\\\/\",\"name\":\"La ministra de Desarrollo Social de la Naci\u00f3n en La Pampa - Diario Textual\",\"isPartOf\":{\"@id\":\"https:\\\/\\\/diariotextual.com\\\/inicio\\\/#website\"},\"primaryImageOfPage\":{\"@id\":\"https:\\\/\\\/diariotextual.com\\\/inicio\\\/index.php\\\/2023\\\/07\\\/14\\\/la-ministra-de-desarrollo-social-de-la-nacion-en-la-pampa\\\/#primaryimage\"},\"image\":{\"@id\":\"https:\\\/\\\/diariotextual.com\\\/inicio\\\/index.php\\\/2023\\\/07\\\/14\\\/la-ministra-de-desarrollo-social-de-la-nacion-en-la-pampa\\\/#primaryimage\"},\"thumbnailUrl\":\"https:\\\/\\\/diariotextual.com\\\/inicio\\\/wp-content\\\/uploads\\\/2023\\\/07\\\/tolosapazvictoriaenrealico2023-1.jpeg\",\"datePublished\":\"2023-07-14T20:21:16+00:00\",\"dateModified\":\"2023-07-15T12:20:18+00:00\",\"breadcrumb\":{\"@id\":\"https:\\\/\\\/diariotextual.com\\\/inicio\\\/index.php\\\/2023\\\/07\\\/14\\\/la-ministra-de-desarrollo-social-de-la-nacion-en-la-pampa\\\/#breadcrumb\"},\"inLanguage\":\"es\",\"potentialAction\":[{\"@type\":\"ReadAction\",\"target\":[\"https:\\\/\\\/diariotextual.com\\\/inicio\\\/index.php\\\/2023\\\/07\\\/14\\\/la-ministra-de-desarrollo-social-de-la-nacion-en-la-pampa\\\/\"]}]},{\"@type\":\"ImageObject\",\"inLanguage\":\"es\",\"@id\":\"https:\\\/\\\/diariotextual.com\\\/inicio\\\/index.php\\\/2023\\\/07\\\/14\\\/la-ministra-de-desarrollo-social-de-la-nacion-en-la-pampa\\\/#primaryimage\",\"url\":\"https:\\\/\\\/diariotextual.com\\\/inicio\\\/wp-content\\\/uploads\\\/2023\\\/07\\\/tolosapazvictoriaenrealico2023-1.jpeg\",\"contentUrl\":\"https:\\\/\\\/diariotextual.com\\\/inicio\\\/wp-content\\\/uploads\\\/2023\\\/07\\\/tolosapazvictoriaenrealico2023-1.jpeg\",\"width\":1280,\"height\":663},{\"@type\":\"BreadcrumbList\",\"@id\":\"https:\\\/\\\/diariotextual.com\\\/inicio\\\/index.php\\\/2023\\\/07\\\/14\\\/la-ministra-de-desarrollo-social-de-la-nacion-en-la-pampa\\\/#breadcrumb\",\"itemListElement\":[{\"@type\":\"ListItem\",\"position\":1,\"name\":\"Portada\",\"item\":\"https:\\\/\\\/diariotextual.com\\\/inicio\\\/\"},{\"@type\":\"ListItem\",\"position\":2,\"name\":\"La ministra de Desarrollo Social de la Naci\u00f3n en La Pampa\"}]},{\"@type\":\"WebSite\",\"@id\":\"https:\\\/\\\/diariotextual.com\\\/inicio\\\/#website\",\"url\":\"https:\\\/\\\/diariotextual.com\\\/inicio\\\/\",\"name\":\"Diario Textual\",\"description\":\"\",\"publisher\":{\"@id\":\"https:\\\/\\\/diariotextual.com\\\/inicio\\\/#organization\"},\"potentialAction\":[{\"@type\":\"SearchAction\",\"target\":{\"@type\":\"EntryPoint\",\"urlTemplate\":\"https:\\\/\\\/diariotextual.com\\\/inicio\\\/?s={search_term_string}\"},\"query-input\":{\"@type\":\"PropertyValueSpecification\",\"valueRequired\":true,\"valueName\":\"search_term_string\"}}],\"inLanguage\":\"es\"},{\"@type\":\"Organization\",\"@id\":\"https:\\\/\\\/diariotextual.com\\\/inicio\\\/#organization\",\"name\":\"Diario Textual\",\"url\":\"https:\\\/\\\/diariotextual.com\\\/inicio\\\/\",\"logo\":{\"@type\":\"ImageObject\",\"inLanguage\":\"es\",\"@id\":\"https:\\\/\\\/diariotextual.com\\\/inicio\\\/#\\\/schema\\\/logo\\\/image\\\/\",\"url\":\"https:\\\/\\\/diariotextual.com\\\/inicio\\\/wp-content\\\/uploads\\\/2023\\\/05\\\/logotextual1.jpg\",\"contentUrl\":\"https:\\\/\\\/diariotextual.com\\\/inicio\\\/wp-content\\\/uploads\\\/2023\\\/05\\\/logotextual1.jpg\",\"width\":516,\"height\":76,\"caption\":\"Diario Textual\"},\"image\":{\"@id\":\"https:\\\/\\\/diariotextual.com\\\/inicio\\\/#\\\/schema\\\/logo\\\/image\\\/\"},\"sameAs\":[\"https:\\\/\\\/www.facebook.com\\\/eltextual\",\"https:\\\/\\\/x.com\\\/eltextual\",\"http:\\\/\\\/www.instagram.com\\\/eltextual\"]},{\"@type\":\"Person\",\"@id\":\"https:\\\/\\\/diariotextual.com\\\/inicio\\\/#\\\/schema\\\/person\\\/418fc4093c33e86ed41562db3508f958\",\"name\":\"Diario1 Diario1\",\"image\":{\"@type\":\"ImageObject\",\"inLanguage\":\"es\",\"@id\":\"https:\\\/\\\/secure.gravatar.com\\\/avatar\\\/9167d280179c85bc18be67aa7eda765854300033af4896dd779b608640f2ef7a?s=96&d=mm&r=g\",\"url\":\"https:\\\/\\\/secure.gravatar.com\\\/avatar\\\/9167d280179c85bc18be67aa7eda765854300033af4896dd779b608640f2ef7a?s=96&d=mm&r=g\",\"contentUrl\":\"https:\\\/\\\/secure.gravatar.com\\\/avatar\\\/9167d280179c85bc18be67aa7eda765854300033af4896dd779b608640f2ef7a?s=96&d=mm&r=g\",\"caption\":\"Diario1 Diario1\"},\"url\":\"https:\\\/\\\/diariotextual.com\\\/inicio\\\/index.php\\\/author\\\/diario1\\\/\"}]}<\/script>\n<!-- \/ Yoast SEO plugin. -->","yoast_head_json":{"title":"La ministra de Desarrollo Social de la Naci\u00f3n en La Pampa - Diario Textual","robots":{"index":"index","follow":"follow","max-snippet":"max-snippet:-1","max-image-preview":"max-image-preview:large","max-video-preview":"max-video-preview:-1"},"canonical":"https:\/\/diariotextual.com\/inicio\/index.php\/2023\/07\/14\/la-ministra-de-desarrollo-social-de-la-nacion-en-la-pampa\/","og_locale":"es_ES","og_type":"article","og_title":"La ministra de Desarrollo Social de la Naci\u00f3n en La Pampa - Diario Textual","og_description":"La ministra de Desarrollo Social de la Naci\u00f3n, Victoria Tolosa Paz, desarroll\u00f3 esta ma\u00f1ana una extensa jornada en Realic\u00f3, donde se firmaron convenios con 10 municipios por Espacios de Primera&hellip;","og_url":"https:\/\/diariotextual.com\/inicio\/index.php\/2023\/07\/14\/la-ministra-de-desarrollo-social-de-la-nacion-en-la-pampa\/","og_site_name":"Diario Textual","article_publisher":"https:\/\/www.facebook.com\/eltextual","article_published_time":"2023-07-14T20:21:16+00:00","article_modified_time":"2023-07-15T12:20:18+00:00","og_image":[{"width":1280,"height":663,"url":"https:\/\/diariotextual.com\/inicio\/wp-content\/uploads\/2023\/07\/tolosapazvictoriaenrealico2023-1.jpeg","type":"image\/jpeg"}],"author":"Diario1 Diario1","twitter_card":"summary_large_image","twitter_creator":"@eltextual","twitter_site":"@eltextual","twitter_misc":{"Escrito por":"Diario1 Diario1","Tiempo de lectura":"6 minutos"},"schema":{"@context":"https:\/\/schema.org","@graph":[{"@type":"Article","@id":"https:\/\/diariotextual.com\/inicio\/index.php\/2023\/07\/14\/la-ministra-de-desarrollo-social-de-la-nacion-en-la-pampa\/#article","isPartOf":{"@id":"https:\/\/diariotextual.com\/inicio\/index.php\/2023\/07\/14\/la-ministra-de-desarrollo-social-de-la-nacion-en-la-pampa\/"},"author":{"name":"Diario1 Diario1","@id":"https:\/\/diariotextual.com\/inicio\/#\/schema\/person\/418fc4093c33e86ed41562db3508f958"},"headline":"La ministra de Desarrollo Social de la Naci\u00f3n en La Pampa","datePublished":"2023-07-14T20:21:16+00:00","dateModified":"2023-07-15T12:20:18+00:00","mainEntityOfPage":{"@id":"https:\/\/diariotextual.com\/inicio\/index.php\/2023\/07\/14\/la-ministra-de-desarrollo-social-de-la-nacion-en-la-pampa\/"},"wordCount":1340,"publisher":{"@id":"https:\/\/diariotextual.com\/inicio\/#organization"},"image":{"@id":"https:\/\/diariotextual.com\/inicio\/index.php\/2023\/07\/14\/la-ministra-de-desarrollo-social-de-la-nacion-en-la-pampa\/#primaryimage"},"thumbnailUrl":"https:\/\/diariotextual.com\/inicio\/wp-content\/uploads\/2023\/07\/tolosapazvictoriaenrealico2023-1.jpeg","articleSection":["A - ES NOTICIA (van abajo)","A - QUE PASA (al costado)","SOCIEDAD"],"inLanguage":"es"},{"@type":"WebPage","@id":"https:\/\/diariotextual.com\/inicio\/index.php\/2023\/07\/14\/la-ministra-de-desarrollo-social-de-la-nacion-en-la-pampa\/","url":"https:\/\/diariotextual.com\/inicio\/index.php\/2023\/07\/14\/la-ministra-de-desarrollo-social-de-la-nacion-en-la-pampa\/","name":"La ministra de Desarrollo Social de la Naci\u00f3n en La Pampa - Diario Textual","isPartOf":{"@id":"https:\/\/diariotextual.com\/inicio\/#website"},"primaryImageOfPage":{"@id":"https:\/\/diariotextual.com\/inicio\/index.php\/2023\/07\/14\/la-ministra-de-desarrollo-social-de-la-nacion-en-la-pampa\/#primaryimage"},"image":{"@id":"https:\/\/diariotextual.com\/inicio\/index.php\/2023\/07\/14\/la-ministra-de-desarrollo-social-de-la-nacion-en-la-pampa\/#primaryimage"},"thumbnailUrl":"https:\/\/diariotextual.com\/inicio\/wp-content\/uploads\/2023\/07\/tolosapazvictoriaenrealico2023-1.jpeg","datePublished":"2023-07-14T20:21:16+00:00","dateModified":"2023-07-15T12:20:18+00:00","breadcrumb":{"@id":"https:\/\/diariotextual.com\/inicio\/index.php\/2023\/07\/14\/la-ministra-de-desarrollo-social-de-la-nacion-en-la-pampa\/#breadcrumb"},"inLanguage":"es","potentialAction":[{"@type":"ReadAction","target":["https:\/\/diariotextual.com\/inicio\/index.php\/2023\/07\/14\/la-ministra-de-desarrollo-social-de-la-nacion-en-la-pampa\/"]}]},{"@type":"ImageObject","inLanguage":"es","@id":"https:\/\/diariotextual.com\/inicio\/index.php\/2023\/07\/14\/la-ministra-de-desarrollo-social-de-la-nacion-en-la-pampa\/#primaryimage","url":"https:\/\/diariotextual.com\/inicio\/wp-content\/uploads\/2023\/07\/tolosapazvictoriaenrealico2023-1.jpeg","contentUrl":"https:\/\/diariotextual.com\/inicio\/wp-content\/uploads\/2023\/07\/tolosapazvictoriaenrealico2023-1.jpeg","width":1280,"height":663},{"@type":"BreadcrumbList","@id":"https:\/\/diariotextual.com\/inicio\/index.php\/2023\/07\/14\/la-ministra-de-desarrollo-social-de-la-nacion-en-la-pampa\/#breadcrumb","itemListElement":[{"@type":"ListItem","position":1,"name":"Portada","item":"https:\/\/diariotextual.com\/inicio\/"},{"@type":"ListItem","position":2,"name":"La ministra de Desarrollo Social de la Naci\u00f3n en La Pampa"}]},{"@type":"WebSite","@id":"https:\/\/diariotextual.com\/inicio\/#website","url":"https:\/\/diariotextual.com\/inicio\/","name":"Diario Textual","description":"","publisher":{"@id":"https:\/\/diariotextual.com\/inicio\/#organization"},"potentialAction":[{"@type":"SearchAction","target":{"@type":"EntryPoint","urlTemplate":"https:\/\/diariotextual.com\/inicio\/?s={search_term_string}"},"query-input":{"@type":"PropertyValueSpecification","valueRequired":true,"valueName":"search_term_string"}}],"inLanguage":"es"},{"@type":"Organization","@id":"https:\/\/diariotextual.com\/inicio\/#organization","name":"Diario Textual","url":"https:\/\/diariotextual.com\/inicio\/","logo":{"@type":"ImageObject","inLanguage":"es","@id":"https:\/\/diariotextual.com\/inicio\/#\/schema\/logo\/image\/","url":"https:\/\/diariotextual.com\/inicio\/wp-content\/uploads\/2023\/05\/logotextual1.jpg","contentUrl":"https:\/\/diariotextual.com\/inicio\/wp-content\/uploads\/2023\/05\/logotextual1.jpg","width":516,"height":76,"caption":"Diario Textual"},"image":{"@id":"https:\/\/diariotextual.com\/inicio\/#\/schema\/logo\/image\/"},"sameAs":["https:\/\/www.facebook.com\/eltextual","https:\/\/x.com\/eltextual","http:\/\/www.instagram.com\/eltextual"]},{"@type":"Person","@id":"https:\/\/diariotextual.com\/inicio\/#\/schema\/person\/418fc4093c33e86ed41562db3508f958","name":"Diario1 Diario1","image":{"@type":"ImageObject","inLanguage":"es","@id":"https:\/\/secure.gravatar.com\/avatar\/9167d280179c85bc18be67aa7eda765854300033af4896dd779b608640f2ef7a?s=96&d=mm&r=g","url":"https:\/\/secure.gravatar.com\/avatar\/9167d280179c85bc18be67aa7eda765854300033af4896dd779b608640f2ef7a?s=96&d=mm&r=g","contentUrl":"https:\/\/secure.gravatar.com\/avatar\/9167d280179c85bc18be67aa7eda765854300033af4896dd779b608640f2ef7a?s=96&d=mm&r=g","caption":"Diario1 Diario1"},"url":"https:\/\/diariotextual.com\/inicio\/index.php\/author\/diario1\/"}]}},"_links":{"self":[{"href":"https:\/\/diariotextual.com\/inicio\/index.php\/wp-json\/wp\/v2\/posts\/231055","targetHints":{"allow":["GET"]}}],"collection":[{"href":"https:\/\/diariotextual.com\/inicio\/index.php\/wp-json\/wp\/v2\/posts"}],"about":[{"href":"https:\/\/diariotextual.com\/inicio\/index.php\/wp-json\/wp\/v2\/types\/post"}],"author":[{"embeddable":true,"href":"https:\/\/diariotextual.com\/inicio\/index.php\/wp-json\/wp\/v2\/users\/3"}],"replies":[{"embeddable":true,"href":"https:\/\/diariotextual.com\/inicio\/index.php\/wp-json\/wp\/v2\/comments?post=231055"}],"version-history":[{"count":2,"href":"https:\/\/diariotextual.com\/inicio\/index.php\/wp-json\/wp\/v2\/posts\/231055\/revisions"}],"predecessor-version":[{"id":231059,"href":"https:\/\/diariotextual.com\/inicio\/index.php\/wp-json\/wp\/v2\/posts\/231055\/revisions\/231059"}],"wp:featuredmedia":[{"embeddable":true,"href":"https:\/\/diariotextual.com\/inicio\/index.php\/wp-json\/wp\/v2\/media\/231058"}],"wp:attachment":[{"href":"https:\/\/diariotextual.com\/inicio\/index.php\/wp-json\/wp\/v2\/media?parent=231055"}],"wp:term":[{"taxonomy":"category","embeddable":true,"href":"https:\/\/diariotextual.com\/inicio\/index.php\/wp-json\/wp\/v2\/categories?post=231055"},{"taxonomy":"post_tag","embeddable":true,"href":"https:\/\/diariotextual.com\/inicio\/index.php\/wp-json\/wp\/v2\/tags?post=231055"}],"curies":[{"name":"wp","href":"https:\/\/api.w.org\/{rel}","templated":true}]}}