{"id":231075,"date":"2023-07-14T20:03:06","date_gmt":"2023-07-14T23:03:06","guid":{"rendered":"https:\/\/diariotextual.com\/inicio\/?p=231075"},"modified":"2023-07-14T20:03:08","modified_gmt":"2023-07-14T23:03:08","slug":"ya-hay-conformadas-52-cooperativas-de-trabajo-en-la-pampa","status":"publish","type":"post","link":"https:\/\/diariotextual.com\/inicio\/index.php\/2023\/07\/14\/ya-hay-conformadas-52-cooperativas-de-trabajo-en-la-pampa\/","title":{"rendered":"Ya hay conformadas 52 cooperativas de trabajo en La Pampa"},"content":{"rendered":"\n<p>El ministro de Gobierno, Justicia y Derechos Humanos, Ariel Rauschenberger, afirm\u00f3 que <strong>en los \u00faltimos a\u00f1os se pasaron de 19 a 52 cooperativas de trabajo en La Pampa<\/strong>. Lo confirm\u00f3 durante la <strong>entrega de un apoyo econ\u00f3mico a la Cooperativa Ap\u00edcola Patagonia de General Pico.<\/strong><\/p>\n\n\n\n<p>La entrega se le realiz\u00f3 hoy al <strong>propio presidente de la cooperativa ap\u00edcola, Alberto Marchesi; <\/strong>acompa\u00f1ado tambi\u00e9n por el subsecretario de Cooperativas y Mutuales, Fabi\u00e1n Bruna; la directora de Cooperativas y Mutuales, Erika Milano y secretario de Gobierno, Seguridad, Educaci\u00f3n y Cultura de la Municipalidad de General Pico, Nicol\u00e1s Mendoza.\u00a0<\/p>\n\n\n\n<p>El aporte fue recibido en las propias instalaciones de la cooperativa dentro del predio del Parque Ap\u00edcola de la ciudad. <strong>Se trata de una suma de tres millones de pesos en el marco de la operatoria ACES que lleva adelante la Subsecretar\u00eda de Cooperativas y Mutuales<\/strong>, con un periodo de gracias de un a\u00f1o a tasa cero de inter\u00e9s, <strong>m\u00e1s cien mil pesos como aporte no reintegrable<\/strong> a trav\u00e9s de los programas que tiene el Ministerio de Gobierno, Justicia y Derechos Humanos.<\/p>\n\n\n\n<p>Rauschenberger, junto al equipo de la Subsecretar\u00eda de Cooperativas y Mutuales, recorrieron las instalaciones de la cooperativa y realizaron un an\u00e1lisis del contexto productivo del sector apicultor de la provincia.<\/p>\n\n\n\n<p>\u201cLa visita de hoy es una muestra m\u00e1s del trabajo que venimos haciendo junto a las cooperativas, junto al municipio que encabeza la intendenta Fernanda Alonso, en apoyar a las cooperativas. Hoy podemos ver el crecimiento que han tenido las cooperativas de trabajo, donde pasamos de 19 a m\u00e1s de 52 cooperativas conformadas en la provincia en el \u00faltimo tiempo\u201d, expres\u00f3 el ministro de Gobierno.<\/p>\n\n\n\n<p>Adem\u00e1s, destac\u00f3 el esfuerzo de todo el equipo de Gobierno junto al apoyo desde Naci\u00f3n a trav\u00e9s del INAES: \u201cCreemos mucho en este apoyo que sirve para paliar inconvenientes que se pueden dar, como por ejemplo, la sequ\u00eda con la que hoy los productores se encuentran; y fundamentalmente porque son una fuente de generaci\u00f3n de trabajo muy importante que hace un aporte significativo a la econom\u00eda social\u201d.<\/p>\n\n\n\n<p>El presidente de la cooperativa ap\u00edcola agradeci\u00f3 la visita de funcionarios provinciales y municipales. \u201cEste aporte va a ser utilizado para reforzar la cadena de producci\u00f3n ap\u00edcola que se vio muy afectado por la sequ\u00eda, lo cual produjo un descenso del precio de la miel, lo cual nos afect\u00f3 mucho\u201d, explic\u00f3.<\/p>\n","protected":false},"excerpt":{"rendered":"<p>El ministro de Gobierno, Justicia y Derechos Humanos, Ariel Rauschenberger, afirm\u00f3 que en los \u00faltimos a\u00f1os se pasaron de 19 a 52 cooperativas de trabajo en La Pampa. Lo confirm\u00f3&hellip;<\/p>\n","protected":false},"author":5,"featured_media":231076,"comment_status":"closed","ping_status":"open","sticky":false,"template":"","format":"standard","meta":{"_acf_changed":false,"footnotes":""},"categories":[1,12],"tags":[3220,198,434],"class_list":["post-231075","post","type-post","status-publish","format-standard","has-post-thumbnail","hentry","category-es-noticia","category-sociedad","tag-cooperativas-de-trabajo","tag-pico","tag-rauschenberger"],"acf":[],"yoast_head":"<!-- This site is optimized with the Yoast SEO plugin v27.5 - https:\/\/yoast.com\/product\/yoast-seo-wordpress\/ -->\n<title>Ya hay conformadas 52 cooperativas de trabajo en La Pampa - Diario Textual<\/title>\n<meta name=\"robots\" content=\"index, follow, max-snippet:-1, max-image-preview:large, max-video-preview:-1\" \/>\n<link rel=\"canonical\" href=\"https:\/\/diariotextual.com\/inicio\/index.php\/2023\/07\/14\/ya-hay-conformadas-52-cooperativas-de-trabajo-en-la-pampa\/\" \/>\n<meta property=\"og:locale\" content=\"es_ES\" \/>\n<meta property=\"og:type\" content=\"article\" \/>\n<meta property=\"og:title\" content=\"Ya hay conformadas 52 cooperativas de trabajo en La Pampa - Diario Textual\" \/>\n<meta property=\"og:description\" content=\"El ministro de Gobierno, Justicia y Derechos Humanos, Ariel Rauschenberger, afirm\u00f3 que en los \u00faltimos a\u00f1os se pasaron de 19 a 52 cooperativas de trabajo en La Pampa. Lo confirm\u00f3&hellip;\" \/>\n<meta property=\"og:url\" content=\"https:\/\/diariotextual.com\/inicio\/index.php\/2023\/07\/14\/ya-hay-conformadas-52-cooperativas-de-trabajo-en-la-pampa\/\" \/>\n<meta property=\"og:site_name\" content=\"Diario Textual\" \/>\n<meta property=\"article:publisher\" content=\"https:\/\/www.facebook.com\/eltextual\" \/>\n<meta property=\"article:published_time\" content=\"2023-07-14T23:03:06+00:00\" \/>\n<meta property=\"article:modified_time\" content=\"2023-07-14T23:03:08+00:00\" \/>\n<meta property=\"og:image\" content=\"https:\/\/diariotextual.com\/inicio\/wp-content\/uploads\/2023\/07\/RauschenbergerPico2023.jpg\" \/>\n\t<meta property=\"og:image:width\" content=\"900\" \/>\n\t<meta property=\"og:image:height\" content=\"506\" \/>\n\t<meta property=\"og:image:type\" content=\"image\/jpeg\" \/>\n<meta name=\"author\" content=\"diario3\" \/>\n<meta name=\"twitter:card\" content=\"summary_large_image\" \/>\n<meta name=\"twitter:creator\" content=\"@eltextual\" \/>\n<meta name=\"twitter:site\" content=\"@eltextual\" \/>\n<meta name=\"twitter:label1\" content=\"Escrito por\" \/>\n\t<meta name=\"twitter:data1\" content=\"diario3\" \/>\n\t<meta name=\"twitter:label2\" content=\"Tiempo de lectura\" \/>\n\t<meta name=\"twitter:data2\" content=\"2 minutos\" \/>\n<script type=\"application\/ld+json\" class=\"yoast-schema-graph\">{\"@context\":\"https:\\\/\\\/schema.org\",\"@graph\":[{\"@type\":\"Article\",\"@id\":\"https:\\\/\\\/diariotextual.com\\\/inicio\\\/index.php\\\/2023\\\/07\\\/14\\\/ya-hay-conformadas-52-cooperativas-de-trabajo-en-la-pampa\\\/#article\",\"isPartOf\":{\"@id\":\"https:\\\/\\\/diariotextual.com\\\/inicio\\\/index.php\\\/2023\\\/07\\\/14\\\/ya-hay-conformadas-52-cooperativas-de-trabajo-en-la-pampa\\\/\"},\"author\":{\"name\":\"diario3\",\"@id\":\"https:\\\/\\\/diariotextual.com\\\/inicio\\\/#\\\/schema\\\/person\\\/a1b6f563e0ee944c60f98119389a4d9f\"},\"headline\":\"Ya hay conformadas 52 cooperativas de trabajo en La Pampa\",\"datePublished\":\"2023-07-14T23:03:06+00:00\",\"dateModified\":\"2023-07-14T23:03:08+00:00\",\"mainEntityOfPage\":{\"@id\":\"https:\\\/\\\/diariotextual.com\\\/inicio\\\/index.php\\\/2023\\\/07\\\/14\\\/ya-hay-conformadas-52-cooperativas-de-trabajo-en-la-pampa\\\/\"},\"wordCount\":424,\"publisher\":{\"@id\":\"https:\\\/\\\/diariotextual.com\\\/inicio\\\/#organization\"},\"image\":{\"@id\":\"https:\\\/\\\/diariotextual.com\\\/inicio\\\/index.php\\\/2023\\\/07\\\/14\\\/ya-hay-conformadas-52-cooperativas-de-trabajo-en-la-pampa\\\/#primaryimage\"},\"thumbnailUrl\":\"https:\\\/\\\/diariotextual.com\\\/inicio\\\/wp-content\\\/uploads\\\/2023\\\/07\\\/RauschenbergerPico2023.jpg\",\"keywords\":[\"cooperativas de trabajo\",\"pico\",\"rauschenberger\"],\"articleSection\":[\"A - ES NOTICIA (van abajo)\",\"SOCIEDAD\"],\"inLanguage\":\"es\"},{\"@type\":\"WebPage\",\"@id\":\"https:\\\/\\\/diariotextual.com\\\/inicio\\\/index.php\\\/2023\\\/07\\\/14\\\/ya-hay-conformadas-52-cooperativas-de-trabajo-en-la-pampa\\\/\",\"url\":\"https:\\\/\\\/diariotextual.com\\\/inicio\\\/index.php\\\/2023\\\/07\\\/14\\\/ya-hay-conformadas-52-cooperativas-de-trabajo-en-la-pampa\\\/\",\"name\":\"Ya hay conformadas 52 cooperativas de trabajo en La Pampa - Diario Textual\",\"isPartOf\":{\"@id\":\"https:\\\/\\\/diariotextual.com\\\/inicio\\\/#website\"},\"primaryImageOfPage\":{\"@id\":\"https:\\\/\\\/diariotextual.com\\\/inicio\\\/index.php\\\/2023\\\/07\\\/14\\\/ya-hay-conformadas-52-cooperativas-de-trabajo-en-la-pampa\\\/#primaryimage\"},\"image\":{\"@id\":\"https:\\\/\\\/diariotextual.com\\\/inicio\\\/index.php\\\/2023\\\/07\\\/14\\\/ya-hay-conformadas-52-cooperativas-de-trabajo-en-la-pampa\\\/#primaryimage\"},\"thumbnailUrl\":\"https:\\\/\\\/diariotextual.com\\\/inicio\\\/wp-content\\\/uploads\\\/2023\\\/07\\\/RauschenbergerPico2023.jpg\",\"datePublished\":\"2023-07-14T23:03:06+00:00\",\"dateModified\":\"2023-07-14T23:03:08+00:00\",\"breadcrumb\":{\"@id\":\"https:\\\/\\\/diariotextual.com\\\/inicio\\\/index.php\\\/2023\\\/07\\\/14\\\/ya-hay-conformadas-52-cooperativas-de-trabajo-en-la-pampa\\\/#breadcrumb\"},\"inLanguage\":\"es\",\"potentialAction\":[{\"@type\":\"ReadAction\",\"target\":[\"https:\\\/\\\/diariotextual.com\\\/inicio\\\/index.php\\\/2023\\\/07\\\/14\\\/ya-hay-conformadas-52-cooperativas-de-trabajo-en-la-pampa\\\/\"]}]},{\"@type\":\"ImageObject\",\"inLanguage\":\"es\",\"@id\":\"https:\\\/\\\/diariotextual.com\\\/inicio\\\/index.php\\\/2023\\\/07\\\/14\\\/ya-hay-conformadas-52-cooperativas-de-trabajo-en-la-pampa\\\/#primaryimage\",\"url\":\"https:\\\/\\\/diariotextual.com\\\/inicio\\\/wp-content\\\/uploads\\\/2023\\\/07\\\/RauschenbergerPico2023.jpg\",\"contentUrl\":\"https:\\\/\\\/diariotextual.com\\\/inicio\\\/wp-content\\\/uploads\\\/2023\\\/07\\\/RauschenbergerPico2023.jpg\",\"width\":900,\"height\":506},{\"@type\":\"BreadcrumbList\",\"@id\":\"https:\\\/\\\/diariotextual.com\\\/inicio\\\/index.php\\\/2023\\\/07\\\/14\\\/ya-hay-conformadas-52-cooperativas-de-trabajo-en-la-pampa\\\/#breadcrumb\",\"itemListElement\":[{\"@type\":\"ListItem\",\"position\":1,\"name\":\"Portada\",\"item\":\"https:\\\/\\\/diariotextual.com\\\/inicio\\\/\"},{\"@type\":\"ListItem\",\"position\":2,\"name\":\"Ya hay conformadas 52 cooperativas de trabajo en La Pampa\"}]},{\"@type\":\"WebSite\",\"@id\":\"https:\\\/\\\/diariotextual.com\\\/inicio\\\/#website\",\"url\":\"https:\\\/\\\/diariotextual.com\\\/inicio\\\/\",\"name\":\"Diario Textual\",\"description\":\"\",\"publisher\":{\"@id\":\"https:\\\/\\\/diariotextual.com\\\/inicio\\\/#organization\"},\"potentialAction\":[{\"@type\":\"SearchAction\",\"target\":{\"@type\":\"EntryPoint\",\"urlTemplate\":\"https:\\\/\\\/diariotextual.com\\\/inicio\\\/?s={search_term_string}\"},\"query-input\":{\"@type\":\"PropertyValueSpecification\",\"valueRequired\":true,\"valueName\":\"search_term_string\"}}],\"inLanguage\":\"es\"},{\"@type\":\"Organization\",\"@id\":\"https:\\\/\\\/diariotextual.com\\\/inicio\\\/#organization\",\"name\":\"Diario Textual\",\"url\":\"https:\\\/\\\/diariotextual.com\\\/inicio\\\/\",\"logo\":{\"@type\":\"ImageObject\",\"inLanguage\":\"es\",\"@id\":\"https:\\\/\\\/diariotextual.com\\\/inicio\\\/#\\\/schema\\\/logo\\\/image\\\/\",\"url\":\"https:\\\/\\\/diariotextual.com\\\/inicio\\\/wp-content\\\/uploads\\\/2023\\\/05\\\/logotextual1.jpg\",\"contentUrl\":\"https:\\\/\\\/diariotextual.com\\\/inicio\\\/wp-content\\\/uploads\\\/2023\\\/05\\\/logotextual1.jpg\",\"width\":516,\"height\":76,\"caption\":\"Diario Textual\"},\"image\":{\"@id\":\"https:\\\/\\\/diariotextual.com\\\/inicio\\\/#\\\/schema\\\/logo\\\/image\\\/\"},\"sameAs\":[\"https:\\\/\\\/www.facebook.com\\\/eltextual\",\"https:\\\/\\\/x.com\\\/eltextual\",\"http:\\\/\\\/www.instagram.com\\\/eltextual\"]},{\"@type\":\"Person\",\"@id\":\"https:\\\/\\\/diariotextual.com\\\/inicio\\\/#\\\/schema\\\/person\\\/a1b6f563e0ee944c60f98119389a4d9f\",\"name\":\"diario3\",\"image\":{\"@type\":\"ImageObject\",\"inLanguage\":\"es\",\"@id\":\"https:\\\/\\\/secure.gravatar.com\\\/avatar\\\/5e7ee62c82fc04d9dd79d746a390d93c69c43223e5faeeb3ea9461ef752bfc5d?s=96&d=mm&r=g\",\"url\":\"https:\\\/\\\/secure.gravatar.com\\\/avatar\\\/5e7ee62c82fc04d9dd79d746a390d93c69c43223e5faeeb3ea9461ef752bfc5d?s=96&d=mm&r=g\",\"contentUrl\":\"https:\\\/\\\/secure.gravatar.com\\\/avatar\\\/5e7ee62c82fc04d9dd79d746a390d93c69c43223e5faeeb3ea9461ef752bfc5d?s=96&d=mm&r=g\",\"caption\":\"diario3\"},\"url\":\"https:\\\/\\\/diariotextual.com\\\/inicio\\\/index.php\\\/author\\\/diario3\\\/\"}]}<\/script>\n<!-- \/ Yoast SEO plugin. -->","yoast_head_json":{"title":"Ya hay conformadas 52 cooperativas de trabajo en La Pampa - Diario Textual","robots":{"index":"index","follow":"follow","max-snippet":"max-snippet:-1","max-image-preview":"max-image-preview:large","max-video-preview":"max-video-preview:-1"},"canonical":"https:\/\/diariotextual.com\/inicio\/index.php\/2023\/07\/14\/ya-hay-conformadas-52-cooperativas-de-trabajo-en-la-pampa\/","og_locale":"es_ES","og_type":"article","og_title":"Ya hay conformadas 52 cooperativas de trabajo en La Pampa - Diario Textual","og_description":"El ministro de Gobierno, Justicia y Derechos Humanos, Ariel Rauschenberger, afirm\u00f3 que en los \u00faltimos a\u00f1os se pasaron de 19 a 52 cooperativas de trabajo en La Pampa. Lo confirm\u00f3&hellip;","og_url":"https:\/\/diariotextual.com\/inicio\/index.php\/2023\/07\/14\/ya-hay-conformadas-52-cooperativas-de-trabajo-en-la-pampa\/","og_site_name":"Diario Textual","article_publisher":"https:\/\/www.facebook.com\/eltextual","article_published_time":"2023-07-14T23:03:06+00:00","article_modified_time":"2023-07-14T23:03:08+00:00","og_image":[{"width":900,"height":506,"url":"https:\/\/diariotextual.com\/inicio\/wp-content\/uploads\/2023\/07\/RauschenbergerPico2023.jpg","type":"image\/jpeg"}],"author":"diario3","twitter_card":"summary_large_image","twitter_creator":"@eltextual","twitter_site":"@eltextual","twitter_misc":{"Escrito por":"diario3","Tiempo de lectura":"2 minutos"},"schema":{"@context":"https:\/\/schema.org","@graph":[{"@type":"Article","@id":"https:\/\/diariotextual.com\/inicio\/index.php\/2023\/07\/14\/ya-hay-conformadas-52-cooperativas-de-trabajo-en-la-pampa\/#article","isPartOf":{"@id":"https:\/\/diariotextual.com\/inicio\/index.php\/2023\/07\/14\/ya-hay-conformadas-52-cooperativas-de-trabajo-en-la-pampa\/"},"author":{"name":"diario3","@id":"https:\/\/diariotextual.com\/inicio\/#\/schema\/person\/a1b6f563e0ee944c60f98119389a4d9f"},"headline":"Ya hay conformadas 52 cooperativas de trabajo en La Pampa","datePublished":"2023-07-14T23:03:06+00:00","dateModified":"2023-07-14T23:03:08+00:00","mainEntityOfPage":{"@id":"https:\/\/diariotextual.com\/inicio\/index.php\/2023\/07\/14\/ya-hay-conformadas-52-cooperativas-de-trabajo-en-la-pampa\/"},"wordCount":424,"publisher":{"@id":"https:\/\/diariotextual.com\/inicio\/#organization"},"image":{"@id":"https:\/\/diariotextual.com\/inicio\/index.php\/2023\/07\/14\/ya-hay-conformadas-52-cooperativas-de-trabajo-en-la-pampa\/#primaryimage"},"thumbnailUrl":"https:\/\/diariotextual.com\/inicio\/wp-content\/uploads\/2023\/07\/RauschenbergerPico2023.jpg","keywords":["cooperativas de trabajo","pico","rauschenberger"],"articleSection":["A - ES NOTICIA (van abajo)","SOCIEDAD"],"inLanguage":"es"},{"@type":"WebPage","@id":"https:\/\/diariotextual.com\/inicio\/index.php\/2023\/07\/14\/ya-hay-conformadas-52-cooperativas-de-trabajo-en-la-pampa\/","url":"https:\/\/diariotextual.com\/inicio\/index.php\/2023\/07\/14\/ya-hay-conformadas-52-cooperativas-de-trabajo-en-la-pampa\/","name":"Ya hay conformadas 52 cooperativas de trabajo en La Pampa - Diario Textual","isPartOf":{"@id":"https:\/\/diariotextual.com\/inicio\/#website"},"primaryImageOfPage":{"@id":"https:\/\/diariotextual.com\/inicio\/index.php\/2023\/07\/14\/ya-hay-conformadas-52-cooperativas-de-trabajo-en-la-pampa\/#primaryimage"},"image":{"@id":"https:\/\/diariotextual.com\/inicio\/index.php\/2023\/07\/14\/ya-hay-conformadas-52-cooperativas-de-trabajo-en-la-pampa\/#primaryimage"},"thumbnailUrl":"https:\/\/diariotextual.com\/inicio\/wp-content\/uploads\/2023\/07\/RauschenbergerPico2023.jpg","datePublished":"2023-07-14T23:03:06+00:00","dateModified":"2023-07-14T23:03:08+00:00","breadcrumb":{"@id":"https:\/\/diariotextual.com\/inicio\/index.php\/2023\/07\/14\/ya-hay-conformadas-52-cooperativas-de-trabajo-en-la-pampa\/#breadcrumb"},"inLanguage":"es","potentialAction":[{"@type":"ReadAction","target":["https:\/\/diariotextual.com\/inicio\/index.php\/2023\/07\/14\/ya-hay-conformadas-52-cooperativas-de-trabajo-en-la-pampa\/"]}]},{"@type":"ImageObject","inLanguage":"es","@id":"https:\/\/diariotextual.com\/inicio\/index.php\/2023\/07\/14\/ya-hay-conformadas-52-cooperativas-de-trabajo-en-la-pampa\/#primaryimage","url":"https:\/\/diariotextual.com\/inicio\/wp-content\/uploads\/2023\/07\/RauschenbergerPico2023.jpg","contentUrl":"https:\/\/diariotextual.com\/inicio\/wp-content\/uploads\/2023\/07\/RauschenbergerPico2023.jpg","width":900,"height":506},{"@type":"BreadcrumbList","@id":"https:\/\/diariotextual.com\/inicio\/index.php\/2023\/07\/14\/ya-hay-conformadas-52-cooperativas-de-trabajo-en-la-pampa\/#breadcrumb","itemListElement":[{"@type":"ListItem","position":1,"name":"Portada","item":"https:\/\/diariotextual.com\/inicio\/"},{"@type":"ListItem","position":2,"name":"Ya hay conformadas 52 cooperativas de trabajo en La Pampa"}]},{"@type":"WebSite","@id":"https:\/\/diariotextual.com\/inicio\/#website","url":"https:\/\/diariotextual.com\/inicio\/","name":"Diario Textual","description":"","publisher":{"@id":"https:\/\/diariotextual.com\/inicio\/#organization"},"potentialAction":[{"@type":"SearchAction","target":{"@type":"EntryPoint","urlTemplate":"https:\/\/diariotextual.com\/inicio\/?s={search_term_string}"},"query-input":{"@type":"PropertyValueSpecification","valueRequired":true,"valueName":"search_term_string"}}],"inLanguage":"es"},{"@type":"Organization","@id":"https:\/\/diariotextual.com\/inicio\/#organization","name":"Diario Textual","url":"https:\/\/diariotextual.com\/inicio\/","logo":{"@type":"ImageObject","inLanguage":"es","@id":"https:\/\/diariotextual.com\/inicio\/#\/schema\/logo\/image\/","url":"https:\/\/diariotextual.com\/inicio\/wp-content\/uploads\/2023\/05\/logotextual1.jpg","contentUrl":"https:\/\/diariotextual.com\/inicio\/wp-content\/uploads\/2023\/05\/logotextual1.jpg","width":516,"height":76,"caption":"Diario Textual"},"image":{"@id":"https:\/\/diariotextual.com\/inicio\/#\/schema\/logo\/image\/"},"sameAs":["https:\/\/www.facebook.com\/eltextual","https:\/\/x.com\/eltextual","http:\/\/www.instagram.com\/eltextual"]},{"@type":"Person","@id":"https:\/\/diariotextual.com\/inicio\/#\/schema\/person\/a1b6f563e0ee944c60f98119389a4d9f","name":"diario3","image":{"@type":"ImageObject","inLanguage":"es","@id":"https:\/\/secure.gravatar.com\/avatar\/5e7ee62c82fc04d9dd79d746a390d93c69c43223e5faeeb3ea9461ef752bfc5d?s=96&d=mm&r=g","url":"https:\/\/secure.gravatar.com\/avatar\/5e7ee62c82fc04d9dd79d746a390d93c69c43223e5faeeb3ea9461ef752bfc5d?s=96&d=mm&r=g","contentUrl":"https:\/\/secure.gravatar.com\/avatar\/5e7ee62c82fc04d9dd79d746a390d93c69c43223e5faeeb3ea9461ef752bfc5d?s=96&d=mm&r=g","caption":"diario3"},"url":"https:\/\/diariotextual.com\/inicio\/index.php\/author\/diario3\/"}]}},"_links":{"self":[{"href":"https:\/\/diariotextual.com\/inicio\/index.php\/wp-json\/wp\/v2\/posts\/231075","targetHints":{"allow":["GET"]}}],"collection":[{"href":"https:\/\/diariotextual.com\/inicio\/index.php\/wp-json\/wp\/v2\/posts"}],"about":[{"href":"https:\/\/diariotextual.com\/inicio\/index.php\/wp-json\/wp\/v2\/types\/post"}],"author":[{"embeddable":true,"href":"https:\/\/diariotextual.com\/inicio\/index.php\/wp-json\/wp\/v2\/users\/5"}],"replies":[{"embeddable":true,"href":"https:\/\/diariotextual.com\/inicio\/index.php\/wp-json\/wp\/v2\/comments?post=231075"}],"version-history":[{"count":1,"href":"https:\/\/diariotextual.com\/inicio\/index.php\/wp-json\/wp\/v2\/posts\/231075\/revisions"}],"predecessor-version":[{"id":231077,"href":"https:\/\/diariotextual.com\/inicio\/index.php\/wp-json\/wp\/v2\/posts\/231075\/revisions\/231077"}],"wp:featuredmedia":[{"embeddable":true,"href":"https:\/\/diariotextual.com\/inicio\/index.php\/wp-json\/wp\/v2\/media\/231076"}],"wp:attachment":[{"href":"https:\/\/diariotextual.com\/inicio\/index.php\/wp-json\/wp\/v2\/media?parent=231075"}],"wp:term":[{"taxonomy":"category","embeddable":true,"href":"https:\/\/diariotextual.com\/inicio\/index.php\/wp-json\/wp\/v2\/categories?post=231075"},{"taxonomy":"post_tag","embeddable":true,"href":"https:\/\/diariotextual.com\/inicio\/index.php\/wp-json\/wp\/v2\/tags?post=231075"}],"curies":[{"name":"wp","href":"https:\/\/api.w.org\/{rel}","templated":true}]}}