{"id":231103,"date":"2023-07-15T10:48:21","date_gmt":"2023-07-15T13:48:21","guid":{"rendered":"https:\/\/diariotextual.com\/inicio\/?p=231103"},"modified":"2023-07-15T10:48:24","modified_gmt":"2023-07-15T13:48:24","slug":"abrio-la-segunda-convocatoria-a-las-becas-progresar-como-anotarse","status":"publish","type":"post","link":"https:\/\/diariotextual.com\/inicio\/index.php\/2023\/07\/15\/abrio-la-segunda-convocatoria-a-las-becas-progresar-como-anotarse\/","title":{"rendered":"Abri\u00f3 la segunda convocatoria a las Becas Progresar: c\u00f3mo anotarse"},"content":{"rendered":"\n<p>El <strong>Ministerio de Educaci\u00f3n de la Naci\u00f3n<\/strong> abri\u00f3 este viernes la<strong>\u00a0segunda convocatoria del 2023<\/strong>\u00a0a las\u00a0<strong>Becas Progresar<\/strong>, por lo que las personas que est\u00e9n interesadas en recibir la ayuda econ\u00f3mica para<strong>\u00a0finalizar sus estudios ya pueden inscribirse a trav\u00e9s de la web del programa.<\/strong>\u00a0Hay tiempo para anotarse<strong>\u00a0hasta el 31 de agosto.<\/strong><\/p>\n\n\n\n<p>La convocatoria fue oficializada a trav\u00e9s de la&nbsp;<strong>resoluci\u00f3n 1479\/2023&nbsp;<\/strong>del Ministerio de Educaci\u00f3n, publicada en la \u00faltima edici\u00f3n del Bolet\u00edn Oficial, con la firma del ministro&nbsp;<strong>Jaime Perczyk<\/strong>.<\/p>\n\n\n\n<p>All\u00ed, se iforma que el&nbsp;<strong>nuevo per\u00edodo de inscripciones<\/strong>&nbsp;al \u00abprograma&nbsp; de respaldo a estudiantes argentinos (PROGRESAR) se llevar\u00e1 a cabo&nbsp;<strong>entre el 14 de julio y el 31 de agosto<\/strong>\u00ab.<\/p>\n\n\n\n<p>Asimismo, la cartera educativca que las l\u00edneas del Programa que est\u00e1n abiertas son:<\/p>\n\n\n\n<ul class=\"wp-block-list\">\n<li>Progresar Obligatorio (que incluye la l\u00ednea 16 y 17 a\u00f1os<\/li>\n\n\n\n<li>Progresar Superior<\/li>\n\n\n\n<li>Progresar Enfermer\u00eda<br><\/li>\n<\/ul>\n\n\n\n<div style=\"height:100px\" aria-hidden=\"true\" class=\"wp-block-spacer\"><\/div>\n\n\n\n<h2 class=\"wp-block-heading\">C\u00f3mo es el programa de Becas Progresar<\/h2>\n\n\n\n<p>Progresar es el programa implementado por el Gobierno nacional para&nbsp;<strong>fortalecer el ingreso, la permanencia y el egreso de los estudiantes.<\/strong><\/p>\n\n\n\n<p>Su objetivo es&nbsp;<strong>promover la finalizaci\u00f3n de la educaci\u00f3n obligatoria y fomentar la educaci\u00f3n superior y cursos de formaci\u00f3n profesional.<\/strong><\/p>\n\n\n\n<p>En diciembre de 2021 el programa se ampli\u00f3 para incluir a estudiantes de 16 y 17 a\u00f1os, y contempla poblaciones priorizadas para las cuales var\u00edan los requisitos de edad.<\/p>\n\n\n\n<p><strong>El programa ofrece 4 tipos de beca<\/strong>:<\/p>\n\n\n\n<ul class=\"wp-block-list\">\n<li>Progresar Obligatorio (que incluye la l\u00ednea 16 y 17 a\u00f1os<\/li>\n\n\n\n<li>Progresar Superior<\/li>\n\n\n\n<li>Progresar Enfermer\u00eda<\/li>\n\n\n\n<li>Progresar Trabajo.<\/li>\n<\/ul>\n\n\n\n<div style=\"height:100px\" aria-hidden=\"true\" class=\"wp-block-spacer\"><\/div>\n\n\n\n<h2 class=\"wp-block-heading\">Becas Progresar 2023: c\u00f3mo inscribirse al beneficio de ANSES<\/h2>\n\n\n\n<p>Para inscribirse a las&nbsp;<strong>Becas Progresar 2023,&nbsp;<\/strong>los interesadosdeben ingresar al&nbsp;<a href=\"https:\/\/www.argentina.gob.ar\/educacion\/progresar\" target=\"_blank\" rel=\"noreferrer noopener\">sitio web<\/a>&nbsp;del Ministerio de Educaci\u00f3n y seleccionar la l\u00ednea de incentivo correspondiente:&nbsp;<strong>Obligatorio<\/strong>,&nbsp;<strong>Superior<\/strong>,&nbsp;<strong>Enfermer\u00eda o Trabajo<\/strong>.<\/p>\n\n\n\n<p>Posteriormente, hay que&nbsp;<strong>iniciar sesi\u00f3n<\/strong>,&nbsp;<strong>completar un formulario&nbsp;<\/strong>con datos personales&nbsp;<strong>y esperar la confirmaci\u00f3n<\/strong>&nbsp;a trav\u00e9s de los medios de contacto.<\/p>\n\n\n\n<p>Una vez aprobado el beneficio, los aspirantes deber\u00e1n<strong>\u00a0acreditar la asistencia\u00a0<\/strong>a una instituci\u00f3n educativa y\u00a0<strong>cumplir con los requisitos de avance acad\u00e9mico\u00a0<\/strong>solicitados en cada l\u00ednea.<\/p>\n\n\n\n<div style=\"height:100px\" aria-hidden=\"true\" class=\"wp-block-spacer\"><\/div>\n\n\n\n<h2 class=\"wp-block-heading\">Becas Progresar 2023: cu\u00e1les son los requisitos<\/h2>\n\n\n\n<p>Para aplicar al beneficio,&nbsp;<strong>es necesario cumplir con los siguientes requisitos:<\/strong><\/p>\n\n\n\n<ul class=\"wp-block-list\">\n<li>Ser argentina\/o nativa\/o; naturalizada\/o; o extranjera\/o, con residencia legal de dos (2) a\u00f1os en el pa\u00eds y contar con DNI.<\/li>\n\n\n\n<li>Tener entre 18 y 24 a\u00f1os cumplidos.<\/li>\n\n\n\n<li>Se extiende hasta 35 a\u00f1os de edad a las personas con hijas\/os menores de 18 a\u00f1os pertenecientes a hogares monoparentales y hasta 40 a\u00f1os para personas que no poseen trabajo formal registrado.<\/li>\n\n\n\n<li>Sin l\u00edmite de edad para personas trans, de pueblos ind\u00edgenas, con discapacidad o refugiadas.<\/li>\n\n\n\n<li>La suma de los ingresos del beneficiario no debe ser superior a tres (3) Salarios M\u00ednimos, Vitales y M\u00f3viles (SMVM).<\/li>\n<\/ul>\n\n\n\n<p>Actualmente, las Becas Progresar alcanzan a 1,7 millones de alumnos secundarios y universitarios de todo el pa\u00eds.<\/p>\n\n\n\n<div style=\"height:100px\" aria-hidden=\"true\" class=\"wp-block-spacer\"><\/div>\n\n\n\n<h2 class=\"wp-block-heading\">Aumento de las Becas Progresar: cu\u00e1nto se cobra a partir de agosto&nbsp;<\/h2>\n\n\n\n<p>El ministro de Econom\u00eda,&nbsp;<strong>Sergio Massa,<\/strong>&nbsp;anunci\u00f3 este mi\u00e9rcoles&nbsp;<strong>que a partir de agosto el monto de las Becas Progresar para estudiantes pasar\u00e1 de $13 mil a $20 mil,<\/strong>&nbsp;lo que representa&nbsp;<strong>un incremento superior al 50%.<\/strong><\/p>\n\n\n\n<p>El anuncio fue realizado por el mismo Massa en el Palacio de Hacienda, acompa\u00f1ado por su par de Educaci\u00f3n,&nbsp;<strong>Jaime Perczyk.<\/strong><\/p>\n\n\n\n<p>La suba incluye&nbsp;<strong>a todas las l\u00edneas del programa:&nbsp;<\/strong>Progresar Obligatorio (que incluye la l\u00ednea 16 y 17 a\u00f1os, implementada por la actual gesti\u00f3n de gobierno desde 2021), Progresar Superior, Progresar Enfermer\u00eda y Progresar Trabajo.<\/p>\n","protected":false},"excerpt":{"rendered":"<p>El Ministerio de Educaci\u00f3n de la Naci\u00f3n abri\u00f3 este viernes la\u00a0segunda convocatoria del 2023\u00a0a las\u00a0Becas Progresar, por lo que las personas que est\u00e9n interesadas en recibir la ayuda econ\u00f3mica para\u00a0finalizar&hellip;<\/p>\n","protected":false},"author":3,"featured_media":212450,"comment_status":"closed","ping_status":"open","sticky":false,"template":"","format":"standard","meta":{"_acf_changed":false,"footnotes":""},"categories":[4,12],"tags":[],"class_list":["post-231103","post","type-post","status-publish","format-standard","has-post-thumbnail","hentry","category-destacadas","category-sociedad"],"acf":[],"yoast_head":"<!-- This site is optimized with the Yoast SEO plugin v27.5 - https:\/\/yoast.com\/product\/yoast-seo-wordpress\/ -->\n<title>Abri\u00f3 la segunda convocatoria a las Becas Progresar: c\u00f3mo anotarse - Diario Textual<\/title>\n<meta name=\"robots\" content=\"index, follow, max-snippet:-1, max-image-preview:large, max-video-preview:-1\" \/>\n<link rel=\"canonical\" href=\"https:\/\/diariotextual.com\/inicio\/index.php\/2023\/07\/15\/abrio-la-segunda-convocatoria-a-las-becas-progresar-como-anotarse\/\" \/>\n<meta property=\"og:locale\" content=\"es_ES\" \/>\n<meta property=\"og:type\" content=\"article\" \/>\n<meta property=\"og:title\" content=\"Abri\u00f3 la segunda convocatoria a las Becas Progresar: c\u00f3mo anotarse - Diario Textual\" \/>\n<meta property=\"og:description\" content=\"El Ministerio de Educaci\u00f3n de la Naci\u00f3n abri\u00f3 este viernes la\u00a0segunda convocatoria del 2023\u00a0a las\u00a0Becas Progresar, por lo que las personas que est\u00e9n interesadas en recibir la ayuda econ\u00f3mica para\u00a0finalizar&hellip;\" \/>\n<meta property=\"og:url\" content=\"https:\/\/diariotextual.com\/inicio\/index.php\/2023\/07\/15\/abrio-la-segunda-convocatoria-a-las-becas-progresar-como-anotarse\/\" \/>\n<meta property=\"og:site_name\" content=\"Diario Textual\" \/>\n<meta property=\"article:publisher\" content=\"https:\/\/www.facebook.com\/eltextual\" \/>\n<meta property=\"article:published_time\" content=\"2023-07-15T13:48:21+00:00\" \/>\n<meta property=\"article:modified_time\" content=\"2023-07-15T13:48:24+00:00\" \/>\n<meta property=\"og:image\" content=\"https:\/\/diariotextual.com\/inicio\/wp-content\/uploads\/2023\/01\/becasprogresar002.png\" \/>\n\t<meta property=\"og:image:width\" content=\"838\" \/>\n\t<meta property=\"og:image:height\" content=\"468\" \/>\n\t<meta property=\"og:image:type\" content=\"image\/png\" \/>\n<meta name=\"author\" content=\"Diario1 Diario1\" \/>\n<meta name=\"twitter:card\" content=\"summary_large_image\" \/>\n<meta name=\"twitter:creator\" content=\"@eltextual\" \/>\n<meta name=\"twitter:site\" content=\"@eltextual\" \/>\n<meta name=\"twitter:label1\" content=\"Escrito por\" \/>\n\t<meta name=\"twitter:data1\" content=\"Diario1 Diario1\" \/>\n\t<meta name=\"twitter:label2\" content=\"Tiempo de lectura\" \/>\n\t<meta name=\"twitter:data2\" content=\"3 minutos\" \/>\n<script type=\"application\/ld+json\" class=\"yoast-schema-graph\">{\"@context\":\"https:\\\/\\\/schema.org\",\"@graph\":[{\"@type\":\"Article\",\"@id\":\"https:\\\/\\\/diariotextual.com\\\/inicio\\\/index.php\\\/2023\\\/07\\\/15\\\/abrio-la-segunda-convocatoria-a-las-becas-progresar-como-anotarse\\\/#article\",\"isPartOf\":{\"@id\":\"https:\\\/\\\/diariotextual.com\\\/inicio\\\/index.php\\\/2023\\\/07\\\/15\\\/abrio-la-segunda-convocatoria-a-las-becas-progresar-como-anotarse\\\/\"},\"author\":{\"name\":\"Diario1 Diario1\",\"@id\":\"https:\\\/\\\/diariotextual.com\\\/inicio\\\/#\\\/schema\\\/person\\\/418fc4093c33e86ed41562db3508f958\"},\"headline\":\"Abri\u00f3 la segunda convocatoria a las Becas Progresar: c\u00f3mo anotarse\",\"datePublished\":\"2023-07-15T13:48:21+00:00\",\"dateModified\":\"2023-07-15T13:48:24+00:00\",\"mainEntityOfPage\":{\"@id\":\"https:\\\/\\\/diariotextual.com\\\/inicio\\\/index.php\\\/2023\\\/07\\\/15\\\/abrio-la-segunda-convocatoria-a-las-becas-progresar-como-anotarse\\\/\"},\"wordCount\":638,\"publisher\":{\"@id\":\"https:\\\/\\\/diariotextual.com\\\/inicio\\\/#organization\"},\"image\":{\"@id\":\"https:\\\/\\\/diariotextual.com\\\/inicio\\\/index.php\\\/2023\\\/07\\\/15\\\/abrio-la-segunda-convocatoria-a-las-becas-progresar-como-anotarse\\\/#primaryimage\"},\"thumbnailUrl\":\"https:\\\/\\\/diariotextual.com\\\/inicio\\\/wp-content\\\/uploads\\\/2023\\\/01\\\/becasprogresar002.png\",\"articleSection\":[\"A - DESTACADAS (mod 16)\",\"SOCIEDAD\"],\"inLanguage\":\"es\"},{\"@type\":\"WebPage\",\"@id\":\"https:\\\/\\\/diariotextual.com\\\/inicio\\\/index.php\\\/2023\\\/07\\\/15\\\/abrio-la-segunda-convocatoria-a-las-becas-progresar-como-anotarse\\\/\",\"url\":\"https:\\\/\\\/diariotextual.com\\\/inicio\\\/index.php\\\/2023\\\/07\\\/15\\\/abrio-la-segunda-convocatoria-a-las-becas-progresar-como-anotarse\\\/\",\"name\":\"Abri\u00f3 la segunda convocatoria a las Becas Progresar: c\u00f3mo anotarse - Diario Textual\",\"isPartOf\":{\"@id\":\"https:\\\/\\\/diariotextual.com\\\/inicio\\\/#website\"},\"primaryImageOfPage\":{\"@id\":\"https:\\\/\\\/diariotextual.com\\\/inicio\\\/index.php\\\/2023\\\/07\\\/15\\\/abrio-la-segunda-convocatoria-a-las-becas-progresar-como-anotarse\\\/#primaryimage\"},\"image\":{\"@id\":\"https:\\\/\\\/diariotextual.com\\\/inicio\\\/index.php\\\/2023\\\/07\\\/15\\\/abrio-la-segunda-convocatoria-a-las-becas-progresar-como-anotarse\\\/#primaryimage\"},\"thumbnailUrl\":\"https:\\\/\\\/diariotextual.com\\\/inicio\\\/wp-content\\\/uploads\\\/2023\\\/01\\\/becasprogresar002.png\",\"datePublished\":\"2023-07-15T13:48:21+00:00\",\"dateModified\":\"2023-07-15T13:48:24+00:00\",\"breadcrumb\":{\"@id\":\"https:\\\/\\\/diariotextual.com\\\/inicio\\\/index.php\\\/2023\\\/07\\\/15\\\/abrio-la-segunda-convocatoria-a-las-becas-progresar-como-anotarse\\\/#breadcrumb\"},\"inLanguage\":\"es\",\"potentialAction\":[{\"@type\":\"ReadAction\",\"target\":[\"https:\\\/\\\/diariotextual.com\\\/inicio\\\/index.php\\\/2023\\\/07\\\/15\\\/abrio-la-segunda-convocatoria-a-las-becas-progresar-como-anotarse\\\/\"]}]},{\"@type\":\"ImageObject\",\"inLanguage\":\"es\",\"@id\":\"https:\\\/\\\/diariotextual.com\\\/inicio\\\/index.php\\\/2023\\\/07\\\/15\\\/abrio-la-segunda-convocatoria-a-las-becas-progresar-como-anotarse\\\/#primaryimage\",\"url\":\"https:\\\/\\\/diariotextual.com\\\/inicio\\\/wp-content\\\/uploads\\\/2023\\\/01\\\/becasprogresar002.png\",\"contentUrl\":\"https:\\\/\\\/diariotextual.com\\\/inicio\\\/wp-content\\\/uploads\\\/2023\\\/01\\\/becasprogresar002.png\",\"width\":838,\"height\":468},{\"@type\":\"BreadcrumbList\",\"@id\":\"https:\\\/\\\/diariotextual.com\\\/inicio\\\/index.php\\\/2023\\\/07\\\/15\\\/abrio-la-segunda-convocatoria-a-las-becas-progresar-como-anotarse\\\/#breadcrumb\",\"itemListElement\":[{\"@type\":\"ListItem\",\"position\":1,\"name\":\"Portada\",\"item\":\"https:\\\/\\\/diariotextual.com\\\/inicio\\\/\"},{\"@type\":\"ListItem\",\"position\":2,\"name\":\"Abri\u00f3 la segunda convocatoria a las Becas Progresar: c\u00f3mo anotarse\"}]},{\"@type\":\"WebSite\",\"@id\":\"https:\\\/\\\/diariotextual.com\\\/inicio\\\/#website\",\"url\":\"https:\\\/\\\/diariotextual.com\\\/inicio\\\/\",\"name\":\"Diario Textual\",\"description\":\"\",\"publisher\":{\"@id\":\"https:\\\/\\\/diariotextual.com\\\/inicio\\\/#organization\"},\"potentialAction\":[{\"@type\":\"SearchAction\",\"target\":{\"@type\":\"EntryPoint\",\"urlTemplate\":\"https:\\\/\\\/diariotextual.com\\\/inicio\\\/?s={search_term_string}\"},\"query-input\":{\"@type\":\"PropertyValueSpecification\",\"valueRequired\":true,\"valueName\":\"search_term_string\"}}],\"inLanguage\":\"es\"},{\"@type\":\"Organization\",\"@id\":\"https:\\\/\\\/diariotextual.com\\\/inicio\\\/#organization\",\"name\":\"Diario Textual\",\"url\":\"https:\\\/\\\/diariotextual.com\\\/inicio\\\/\",\"logo\":{\"@type\":\"ImageObject\",\"inLanguage\":\"es\",\"@id\":\"https:\\\/\\\/diariotextual.com\\\/inicio\\\/#\\\/schema\\\/logo\\\/image\\\/\",\"url\":\"https:\\\/\\\/diariotextual.com\\\/inicio\\\/wp-content\\\/uploads\\\/2023\\\/05\\\/logotextual1.jpg\",\"contentUrl\":\"https:\\\/\\\/diariotextual.com\\\/inicio\\\/wp-content\\\/uploads\\\/2023\\\/05\\\/logotextual1.jpg\",\"width\":516,\"height\":76,\"caption\":\"Diario Textual\"},\"image\":{\"@id\":\"https:\\\/\\\/diariotextual.com\\\/inicio\\\/#\\\/schema\\\/logo\\\/image\\\/\"},\"sameAs\":[\"https:\\\/\\\/www.facebook.com\\\/eltextual\",\"https:\\\/\\\/x.com\\\/eltextual\",\"http:\\\/\\\/www.instagram.com\\\/eltextual\"]},{\"@type\":\"Person\",\"@id\":\"https:\\\/\\\/diariotextual.com\\\/inicio\\\/#\\\/schema\\\/person\\\/418fc4093c33e86ed41562db3508f958\",\"name\":\"Diario1 Diario1\",\"image\":{\"@type\":\"ImageObject\",\"inLanguage\":\"es\",\"@id\":\"https:\\\/\\\/secure.gravatar.com\\\/avatar\\\/9167d280179c85bc18be67aa7eda765854300033af4896dd779b608640f2ef7a?s=96&d=mm&r=g\",\"url\":\"https:\\\/\\\/secure.gravatar.com\\\/avatar\\\/9167d280179c85bc18be67aa7eda765854300033af4896dd779b608640f2ef7a?s=96&d=mm&r=g\",\"contentUrl\":\"https:\\\/\\\/secure.gravatar.com\\\/avatar\\\/9167d280179c85bc18be67aa7eda765854300033af4896dd779b608640f2ef7a?s=96&d=mm&r=g\",\"caption\":\"Diario1 Diario1\"},\"url\":\"https:\\\/\\\/diariotextual.com\\\/inicio\\\/index.php\\\/author\\\/diario1\\\/\"}]}<\/script>\n<!-- \/ Yoast SEO plugin. -->","yoast_head_json":{"title":"Abri\u00f3 la segunda convocatoria a las Becas Progresar: c\u00f3mo anotarse - Diario Textual","robots":{"index":"index","follow":"follow","max-snippet":"max-snippet:-1","max-image-preview":"max-image-preview:large","max-video-preview":"max-video-preview:-1"},"canonical":"https:\/\/diariotextual.com\/inicio\/index.php\/2023\/07\/15\/abrio-la-segunda-convocatoria-a-las-becas-progresar-como-anotarse\/","og_locale":"es_ES","og_type":"article","og_title":"Abri\u00f3 la segunda convocatoria a las Becas Progresar: c\u00f3mo anotarse - Diario Textual","og_description":"El Ministerio de Educaci\u00f3n de la Naci\u00f3n abri\u00f3 este viernes la\u00a0segunda convocatoria del 2023\u00a0a las\u00a0Becas Progresar, por lo que las personas que est\u00e9n interesadas en recibir la ayuda econ\u00f3mica para\u00a0finalizar&hellip;","og_url":"https:\/\/diariotextual.com\/inicio\/index.php\/2023\/07\/15\/abrio-la-segunda-convocatoria-a-las-becas-progresar-como-anotarse\/","og_site_name":"Diario Textual","article_publisher":"https:\/\/www.facebook.com\/eltextual","article_published_time":"2023-07-15T13:48:21+00:00","article_modified_time":"2023-07-15T13:48:24+00:00","og_image":[{"width":838,"height":468,"url":"https:\/\/diariotextual.com\/inicio\/wp-content\/uploads\/2023\/01\/becasprogresar002.png","type":"image\/png"}],"author":"Diario1 Diario1","twitter_card":"summary_large_image","twitter_creator":"@eltextual","twitter_site":"@eltextual","twitter_misc":{"Escrito por":"Diario1 Diario1","Tiempo de lectura":"3 minutos"},"schema":{"@context":"https:\/\/schema.org","@graph":[{"@type":"Article","@id":"https:\/\/diariotextual.com\/inicio\/index.php\/2023\/07\/15\/abrio-la-segunda-convocatoria-a-las-becas-progresar-como-anotarse\/#article","isPartOf":{"@id":"https:\/\/diariotextual.com\/inicio\/index.php\/2023\/07\/15\/abrio-la-segunda-convocatoria-a-las-becas-progresar-como-anotarse\/"},"author":{"name":"Diario1 Diario1","@id":"https:\/\/diariotextual.com\/inicio\/#\/schema\/person\/418fc4093c33e86ed41562db3508f958"},"headline":"Abri\u00f3 la segunda convocatoria a las Becas Progresar: c\u00f3mo anotarse","datePublished":"2023-07-15T13:48:21+00:00","dateModified":"2023-07-15T13:48:24+00:00","mainEntityOfPage":{"@id":"https:\/\/diariotextual.com\/inicio\/index.php\/2023\/07\/15\/abrio-la-segunda-convocatoria-a-las-becas-progresar-como-anotarse\/"},"wordCount":638,"publisher":{"@id":"https:\/\/diariotextual.com\/inicio\/#organization"},"image":{"@id":"https:\/\/diariotextual.com\/inicio\/index.php\/2023\/07\/15\/abrio-la-segunda-convocatoria-a-las-becas-progresar-como-anotarse\/#primaryimage"},"thumbnailUrl":"https:\/\/diariotextual.com\/inicio\/wp-content\/uploads\/2023\/01\/becasprogresar002.png","articleSection":["A - DESTACADAS (mod 16)","SOCIEDAD"],"inLanguage":"es"},{"@type":"WebPage","@id":"https:\/\/diariotextual.com\/inicio\/index.php\/2023\/07\/15\/abrio-la-segunda-convocatoria-a-las-becas-progresar-como-anotarse\/","url":"https:\/\/diariotextual.com\/inicio\/index.php\/2023\/07\/15\/abrio-la-segunda-convocatoria-a-las-becas-progresar-como-anotarse\/","name":"Abri\u00f3 la segunda convocatoria a las Becas Progresar: c\u00f3mo anotarse - Diario Textual","isPartOf":{"@id":"https:\/\/diariotextual.com\/inicio\/#website"},"primaryImageOfPage":{"@id":"https:\/\/diariotextual.com\/inicio\/index.php\/2023\/07\/15\/abrio-la-segunda-convocatoria-a-las-becas-progresar-como-anotarse\/#primaryimage"},"image":{"@id":"https:\/\/diariotextual.com\/inicio\/index.php\/2023\/07\/15\/abrio-la-segunda-convocatoria-a-las-becas-progresar-como-anotarse\/#primaryimage"},"thumbnailUrl":"https:\/\/diariotextual.com\/inicio\/wp-content\/uploads\/2023\/01\/becasprogresar002.png","datePublished":"2023-07-15T13:48:21+00:00","dateModified":"2023-07-15T13:48:24+00:00","breadcrumb":{"@id":"https:\/\/diariotextual.com\/inicio\/index.php\/2023\/07\/15\/abrio-la-segunda-convocatoria-a-las-becas-progresar-como-anotarse\/#breadcrumb"},"inLanguage":"es","potentialAction":[{"@type":"ReadAction","target":["https:\/\/diariotextual.com\/inicio\/index.php\/2023\/07\/15\/abrio-la-segunda-convocatoria-a-las-becas-progresar-como-anotarse\/"]}]},{"@type":"ImageObject","inLanguage":"es","@id":"https:\/\/diariotextual.com\/inicio\/index.php\/2023\/07\/15\/abrio-la-segunda-convocatoria-a-las-becas-progresar-como-anotarse\/#primaryimage","url":"https:\/\/diariotextual.com\/inicio\/wp-content\/uploads\/2023\/01\/becasprogresar002.png","contentUrl":"https:\/\/diariotextual.com\/inicio\/wp-content\/uploads\/2023\/01\/becasprogresar002.png","width":838,"height":468},{"@type":"BreadcrumbList","@id":"https:\/\/diariotextual.com\/inicio\/index.php\/2023\/07\/15\/abrio-la-segunda-convocatoria-a-las-becas-progresar-como-anotarse\/#breadcrumb","itemListElement":[{"@type":"ListItem","position":1,"name":"Portada","item":"https:\/\/diariotextual.com\/inicio\/"},{"@type":"ListItem","position":2,"name":"Abri\u00f3 la segunda convocatoria a las Becas Progresar: c\u00f3mo anotarse"}]},{"@type":"WebSite","@id":"https:\/\/diariotextual.com\/inicio\/#website","url":"https:\/\/diariotextual.com\/inicio\/","name":"Diario Textual","description":"","publisher":{"@id":"https:\/\/diariotextual.com\/inicio\/#organization"},"potentialAction":[{"@type":"SearchAction","target":{"@type":"EntryPoint","urlTemplate":"https:\/\/diariotextual.com\/inicio\/?s={search_term_string}"},"query-input":{"@type":"PropertyValueSpecification","valueRequired":true,"valueName":"search_term_string"}}],"inLanguage":"es"},{"@type":"Organization","@id":"https:\/\/diariotextual.com\/inicio\/#organization","name":"Diario Textual","url":"https:\/\/diariotextual.com\/inicio\/","logo":{"@type":"ImageObject","inLanguage":"es","@id":"https:\/\/diariotextual.com\/inicio\/#\/schema\/logo\/image\/","url":"https:\/\/diariotextual.com\/inicio\/wp-content\/uploads\/2023\/05\/logotextual1.jpg","contentUrl":"https:\/\/diariotextual.com\/inicio\/wp-content\/uploads\/2023\/05\/logotextual1.jpg","width":516,"height":76,"caption":"Diario Textual"},"image":{"@id":"https:\/\/diariotextual.com\/inicio\/#\/schema\/logo\/image\/"},"sameAs":["https:\/\/www.facebook.com\/eltextual","https:\/\/x.com\/eltextual","http:\/\/www.instagram.com\/eltextual"]},{"@type":"Person","@id":"https:\/\/diariotextual.com\/inicio\/#\/schema\/person\/418fc4093c33e86ed41562db3508f958","name":"Diario1 Diario1","image":{"@type":"ImageObject","inLanguage":"es","@id":"https:\/\/secure.gravatar.com\/avatar\/9167d280179c85bc18be67aa7eda765854300033af4896dd779b608640f2ef7a?s=96&d=mm&r=g","url":"https:\/\/secure.gravatar.com\/avatar\/9167d280179c85bc18be67aa7eda765854300033af4896dd779b608640f2ef7a?s=96&d=mm&r=g","contentUrl":"https:\/\/secure.gravatar.com\/avatar\/9167d280179c85bc18be67aa7eda765854300033af4896dd779b608640f2ef7a?s=96&d=mm&r=g","caption":"Diario1 Diario1"},"url":"https:\/\/diariotextual.com\/inicio\/index.php\/author\/diario1\/"}]}},"_links":{"self":[{"href":"https:\/\/diariotextual.com\/inicio\/index.php\/wp-json\/wp\/v2\/posts\/231103","targetHints":{"allow":["GET"]}}],"collection":[{"href":"https:\/\/diariotextual.com\/inicio\/index.php\/wp-json\/wp\/v2\/posts"}],"about":[{"href":"https:\/\/diariotextual.com\/inicio\/index.php\/wp-json\/wp\/v2\/types\/post"}],"author":[{"embeddable":true,"href":"https:\/\/diariotextual.com\/inicio\/index.php\/wp-json\/wp\/v2\/users\/3"}],"replies":[{"embeddable":true,"href":"https:\/\/diariotextual.com\/inicio\/index.php\/wp-json\/wp\/v2\/comments?post=231103"}],"version-history":[{"count":4,"href":"https:\/\/diariotextual.com\/inicio\/index.php\/wp-json\/wp\/v2\/posts\/231103\/revisions"}],"predecessor-version":[{"id":231107,"href":"https:\/\/diariotextual.com\/inicio\/index.php\/wp-json\/wp\/v2\/posts\/231103\/revisions\/231107"}],"wp:featuredmedia":[{"embeddable":true,"href":"https:\/\/diariotextual.com\/inicio\/index.php\/wp-json\/wp\/v2\/media\/212450"}],"wp:attachment":[{"href":"https:\/\/diariotextual.com\/inicio\/index.php\/wp-json\/wp\/v2\/media?parent=231103"}],"wp:term":[{"taxonomy":"category","embeddable":true,"href":"https:\/\/diariotextual.com\/inicio\/index.php\/wp-json\/wp\/v2\/categories?post=231103"},{"taxonomy":"post_tag","embeddable":true,"href":"https:\/\/diariotextual.com\/inicio\/index.php\/wp-json\/wp\/v2\/tags?post=231103"}],"curies":[{"name":"wp","href":"https:\/\/api.w.org\/{rel}","templated":true}]}}