{"id":231108,"date":"2023-07-15T11:05:59","date_gmt":"2023-07-15T14:05:59","guid":{"rendered":"https:\/\/diariotextual.com\/inicio\/?p=231108"},"modified":"2023-07-16T10:17:01","modified_gmt":"2023-07-16T13:17:01","slug":"laurentina-la-ahijada-de-vairoleto-cumplio-106-anos","status":"publish","type":"post","link":"https:\/\/diariotextual.com\/inicio\/index.php\/2023\/07\/15\/laurentina-la-ahijada-de-vairoleto-cumplio-106-anos\/","title":{"rendered":"Laurentina, la ahijada de Vairoleto, cumpli\u00f3 106 a\u00f1os"},"content":{"rendered":"\n<p><strong>Laurentina Ain\u00f3<\/strong>, ahijada de Juan Bautista Vairoleto, cumpli\u00f3 106 a\u00f1os. La mujer, hija de F\u00e9lix \u201cEl Indio\u201d Ain\u00f3 y que ha tenido 16 hijos, es la pobladora m\u00e1s antigua del pueblo de Tel\u00e9n.<\/p>\n\n\n\n<p>El cumplea\u00f1os fue este viernes. El intendente Sa\u00fal Echeveste, como hace con todas las personas mayores que cumple a\u00f1os, la visit\u00f3 y le entreg\u00f3 un presente para desearle un feliz cumplea\u00f1os.<\/p>\n\n\n\n<p>Seg\u00fan el documento, Laurentina naci\u00f3 el 14 de julio de 1917. Sin embargo, ella sostiene que tiene \u201cmuchos\u00a0 a\u00f1os m\u00e1s\u201d porque su familia, que viv\u00eda a orillas del r\u00edo Salado, ten\u00eda que hacer un largo viaje hasta Limay Mahuida para asentarla y pasaron varios a\u00f1os hasta que lo hicieron.<\/p>\n\n\n\n<p>Laurentina ha tenido 16 hijos y una gran cantidad de nietos y bisnietos. En julio de 2021 se contagi\u00f3 de Covid-19 y lo super\u00f3.<\/p>\n\n\n\n<p>Su padrino, afirma, fue Vairoleto. Era compa\u00f1ero de andanzas de su padre \u201cEl Indio\u201d Ain\u00f3.<\/p>\n\n\n\n<p>Ambos murieron en enfrentamientos con polic\u00edas: Vairoleto en 1941 y Ain\u00f3 en 1948.<\/p>\n\n\n\n<p><strong>Ain\u00f3 es considerado el \u00faltimo bandolero de La Pampa.<\/strong> Seg\u00fan datos de investigaci\u00f3n de Jos\u00e9 Depetris, el nacimiento de F\u00e9lix Ain\u00f3 se ubica en la tolder\u00eda de La Blanca, en la zona de Luan Toro, en 1899, entre los ranquelinos. Su familia pertenec\u00eda a los ind\u00edgenas que terminada la batida final de 1879 vagaron por las pampas. Con el siglo XX, esa comunidad se dispers\u00f3 y muchos terminaron en Colonia Mitre. Los Ain\u00f3 se asentaron entonces en El Odre, campos de la tribu de Luis Baigorrita.<\/p>\n\n\n\n<p>Una partida lo encontr\u00f3 entre el jarillal en Agua de la Orilla, en los desiertos de Mendoza casi en el l\u00edmite con La Pampa, en plena meseta bas\u00e1ltica. Estaba con su familia: su mujer Herminia Peletay -indica un parte policial, consignado en una nota por el investigador Norberto Asquini- y dos hijos de corta edad -uno de d\u00edas y otro de 3 a\u00f1os-.<\/p>\n\n\n\n<p>Rub\u00e9n Evangelista rescat\u00f3 viejos papeles del jefe de la partida, el subcomisario de Puel\u00e9n, Justo Ferreyra, entre ellos el informe final presentado en Jefatura. Este arm\u00f3 la comisi\u00f3n con los agentes Eduardo P\u00e9rez, Jorge Epinal y Jorge F\u00e9lix Trouilh, adem\u00e1s de algunos civiles.<\/p>\n\n\n\n<p>Llegaron en un Jeep y una camioneta en la madrugada. Al ser sentidos por los perros, ladraron y Ain\u00f3 sali\u00f3 del fog\u00f3n. Con la carabina, se acerc\u00f3 hasta veinte metros y le dieron la voz de alto. Comenz\u00f3 entonces el \u00faltimo tiroteo, hasta que dos balazos terminaron con \u00e9l.<\/p>\n\n\n\n<p>Su muerte fue celebrada por la Polic\u00eda en la Revista Policial de La Pampa con el t\u00edtulo \u201cCae un famoso bandolero\u201d y tambi\u00e9n su caso fue publicado en medios nacionales. Seg\u00fan todos, \u201chab\u00eda expresado su firme prop\u00f3sito de no entregarse vivo\u201d.<\/p>\n\n\n\n<p>La poes\u00eda popular, indica Rub\u00e9n Evangelista, retom\u00f3 el tema de su captura. Juan Carlos Bustriazo Ortiz escribi\u00f3 \u201cF\u00e9lix Ain\u00f3\u201d y tambi\u00e9n el bandido est\u00e1 presente en las milongas de Julio Dom\u00ednguez.<\/p>\n\n\n\n<p><\/p>\n","protected":false},"excerpt":{"rendered":"<p>Laurentina Ain\u00f3, ahijada de Juan Bautista Vairoleto, cumpli\u00f3 106 a\u00f1os. La mujer, hija de F\u00e9lix \u201cEl Indio\u201d Ain\u00f3 y que ha tenido 16 hijos, es la pobladora m\u00e1s antigua del&hellip;<\/p>\n","protected":false},"author":3,"featured_media":231109,"comment_status":"closed","ping_status":"open","sticky":false,"template":"","format":"standard","meta":{"_acf_changed":false,"footnotes":""},"categories":[10,12],"tags":[],"class_list":["post-231108","post","type-post","status-publish","format-standard","has-post-thumbnail","hentry","category-portada-2","category-sociedad"],"acf":[],"yoast_head":"<!-- This site is optimized with the Yoast SEO plugin v27.5 - https:\/\/yoast.com\/product\/yoast-seo-wordpress\/ -->\n<title>Laurentina, la ahijada de Vairoleto, cumpli\u00f3 106 a\u00f1os - Diario Textual<\/title>\n<meta name=\"robots\" content=\"index, follow, max-snippet:-1, max-image-preview:large, max-video-preview:-1\" \/>\n<link rel=\"canonical\" href=\"https:\/\/diariotextual.com\/inicio\/index.php\/2023\/07\/15\/laurentina-la-ahijada-de-vairoleto-cumplio-106-anos\/\" \/>\n<meta property=\"og:locale\" content=\"es_ES\" \/>\n<meta property=\"og:type\" content=\"article\" \/>\n<meta property=\"og:title\" content=\"Laurentina, la ahijada de Vairoleto, cumpli\u00f3 106 a\u00f1os - Diario Textual\" \/>\n<meta property=\"og:description\" content=\"Laurentina Ain\u00f3, ahijada de Juan Bautista Vairoleto, cumpli\u00f3 106 a\u00f1os. La mujer, hija de F\u00e9lix \u201cEl Indio\u201d Ain\u00f3 y que ha tenido 16 hijos, es la pobladora m\u00e1s antigua del&hellip;\" \/>\n<meta property=\"og:url\" content=\"https:\/\/diariotextual.com\/inicio\/index.php\/2023\/07\/15\/laurentina-la-ahijada-de-vairoleto-cumplio-106-anos\/\" \/>\n<meta property=\"og:site_name\" content=\"Diario Textual\" \/>\n<meta property=\"article:publisher\" content=\"https:\/\/www.facebook.com\/eltextual\" \/>\n<meta property=\"article:published_time\" content=\"2023-07-15T14:05:59+00:00\" \/>\n<meta property=\"article:modified_time\" content=\"2023-07-16T13:17:01+00:00\" \/>\n<meta property=\"og:image\" content=\"https:\/\/diariotextual.com\/inicio\/wp-content\/uploads\/2023\/07\/ainolaurentina2023-3.jpg\" \/>\n\t<meta property=\"og:image:width\" content=\"662\" \/>\n\t<meta property=\"og:image:height\" content=\"473\" \/>\n\t<meta property=\"og:image:type\" content=\"image\/jpeg\" \/>\n<meta name=\"author\" content=\"Diario1 Diario1\" \/>\n<meta name=\"twitter:card\" content=\"summary_large_image\" \/>\n<meta name=\"twitter:creator\" content=\"@eltextual\" \/>\n<meta name=\"twitter:site\" content=\"@eltextual\" \/>\n<meta name=\"twitter:label1\" content=\"Escrito por\" \/>\n\t<meta name=\"twitter:data1\" content=\"Diario1 Diario1\" \/>\n\t<meta name=\"twitter:label2\" content=\"Tiempo de lectura\" \/>\n\t<meta name=\"twitter:data2\" content=\"3 minutos\" \/>\n<script type=\"application\/ld+json\" class=\"yoast-schema-graph\">{\"@context\":\"https:\\\/\\\/schema.org\",\"@graph\":[{\"@type\":\"Article\",\"@id\":\"https:\\\/\\\/diariotextual.com\\\/inicio\\\/index.php\\\/2023\\\/07\\\/15\\\/laurentina-la-ahijada-de-vairoleto-cumplio-106-anos\\\/#article\",\"isPartOf\":{\"@id\":\"https:\\\/\\\/diariotextual.com\\\/inicio\\\/index.php\\\/2023\\\/07\\\/15\\\/laurentina-la-ahijada-de-vairoleto-cumplio-106-anos\\\/\"},\"author\":{\"name\":\"Diario1 Diario1\",\"@id\":\"https:\\\/\\\/diariotextual.com\\\/inicio\\\/#\\\/schema\\\/person\\\/418fc4093c33e86ed41562db3508f958\"},\"headline\":\"Laurentina, la ahijada de Vairoleto, cumpli\u00f3 106 a\u00f1os\",\"datePublished\":\"2023-07-15T14:05:59+00:00\",\"dateModified\":\"2023-07-16T13:17:01+00:00\",\"mainEntityOfPage\":{\"@id\":\"https:\\\/\\\/diariotextual.com\\\/inicio\\\/index.php\\\/2023\\\/07\\\/15\\\/laurentina-la-ahijada-de-vairoleto-cumplio-106-anos\\\/\"},\"wordCount\":520,\"publisher\":{\"@id\":\"https:\\\/\\\/diariotextual.com\\\/inicio\\\/#organization\"},\"image\":{\"@id\":\"https:\\\/\\\/diariotextual.com\\\/inicio\\\/index.php\\\/2023\\\/07\\\/15\\\/laurentina-la-ahijada-de-vairoleto-cumplio-106-anos\\\/#primaryimage\"},\"thumbnailUrl\":\"https:\\\/\\\/diariotextual.com\\\/inicio\\\/wp-content\\\/uploads\\\/2023\\\/07\\\/ainolaurentina2023-3.jpg\",\"articleSection\":[\"A - PORTADA2\",\"SOCIEDAD\"],\"inLanguage\":\"es\"},{\"@type\":\"WebPage\",\"@id\":\"https:\\\/\\\/diariotextual.com\\\/inicio\\\/index.php\\\/2023\\\/07\\\/15\\\/laurentina-la-ahijada-de-vairoleto-cumplio-106-anos\\\/\",\"url\":\"https:\\\/\\\/diariotextual.com\\\/inicio\\\/index.php\\\/2023\\\/07\\\/15\\\/laurentina-la-ahijada-de-vairoleto-cumplio-106-anos\\\/\",\"name\":\"Laurentina, la ahijada de Vairoleto, cumpli\u00f3 106 a\u00f1os - Diario Textual\",\"isPartOf\":{\"@id\":\"https:\\\/\\\/diariotextual.com\\\/inicio\\\/#website\"},\"primaryImageOfPage\":{\"@id\":\"https:\\\/\\\/diariotextual.com\\\/inicio\\\/index.php\\\/2023\\\/07\\\/15\\\/laurentina-la-ahijada-de-vairoleto-cumplio-106-anos\\\/#primaryimage\"},\"image\":{\"@id\":\"https:\\\/\\\/diariotextual.com\\\/inicio\\\/index.php\\\/2023\\\/07\\\/15\\\/laurentina-la-ahijada-de-vairoleto-cumplio-106-anos\\\/#primaryimage\"},\"thumbnailUrl\":\"https:\\\/\\\/diariotextual.com\\\/inicio\\\/wp-content\\\/uploads\\\/2023\\\/07\\\/ainolaurentina2023-3.jpg\",\"datePublished\":\"2023-07-15T14:05:59+00:00\",\"dateModified\":\"2023-07-16T13:17:01+00:00\",\"breadcrumb\":{\"@id\":\"https:\\\/\\\/diariotextual.com\\\/inicio\\\/index.php\\\/2023\\\/07\\\/15\\\/laurentina-la-ahijada-de-vairoleto-cumplio-106-anos\\\/#breadcrumb\"},\"inLanguage\":\"es\",\"potentialAction\":[{\"@type\":\"ReadAction\",\"target\":[\"https:\\\/\\\/diariotextual.com\\\/inicio\\\/index.php\\\/2023\\\/07\\\/15\\\/laurentina-la-ahijada-de-vairoleto-cumplio-106-anos\\\/\"]}]},{\"@type\":\"ImageObject\",\"inLanguage\":\"es\",\"@id\":\"https:\\\/\\\/diariotextual.com\\\/inicio\\\/index.php\\\/2023\\\/07\\\/15\\\/laurentina-la-ahijada-de-vairoleto-cumplio-106-anos\\\/#primaryimage\",\"url\":\"https:\\\/\\\/diariotextual.com\\\/inicio\\\/wp-content\\\/uploads\\\/2023\\\/07\\\/ainolaurentina2023-3.jpg\",\"contentUrl\":\"https:\\\/\\\/diariotextual.com\\\/inicio\\\/wp-content\\\/uploads\\\/2023\\\/07\\\/ainolaurentina2023-3.jpg\",\"width\":662,\"height\":473},{\"@type\":\"BreadcrumbList\",\"@id\":\"https:\\\/\\\/diariotextual.com\\\/inicio\\\/index.php\\\/2023\\\/07\\\/15\\\/laurentina-la-ahijada-de-vairoleto-cumplio-106-anos\\\/#breadcrumb\",\"itemListElement\":[{\"@type\":\"ListItem\",\"position\":1,\"name\":\"Portada\",\"item\":\"https:\\\/\\\/diariotextual.com\\\/inicio\\\/\"},{\"@type\":\"ListItem\",\"position\":2,\"name\":\"Laurentina, la ahijada de Vairoleto, cumpli\u00f3 106 a\u00f1os\"}]},{\"@type\":\"WebSite\",\"@id\":\"https:\\\/\\\/diariotextual.com\\\/inicio\\\/#website\",\"url\":\"https:\\\/\\\/diariotextual.com\\\/inicio\\\/\",\"name\":\"Diario Textual\",\"description\":\"\",\"publisher\":{\"@id\":\"https:\\\/\\\/diariotextual.com\\\/inicio\\\/#organization\"},\"potentialAction\":[{\"@type\":\"SearchAction\",\"target\":{\"@type\":\"EntryPoint\",\"urlTemplate\":\"https:\\\/\\\/diariotextual.com\\\/inicio\\\/?s={search_term_string}\"},\"query-input\":{\"@type\":\"PropertyValueSpecification\",\"valueRequired\":true,\"valueName\":\"search_term_string\"}}],\"inLanguage\":\"es\"},{\"@type\":\"Organization\",\"@id\":\"https:\\\/\\\/diariotextual.com\\\/inicio\\\/#organization\",\"name\":\"Diario Textual\",\"url\":\"https:\\\/\\\/diariotextual.com\\\/inicio\\\/\",\"logo\":{\"@type\":\"ImageObject\",\"inLanguage\":\"es\",\"@id\":\"https:\\\/\\\/diariotextual.com\\\/inicio\\\/#\\\/schema\\\/logo\\\/image\\\/\",\"url\":\"https:\\\/\\\/diariotextual.com\\\/inicio\\\/wp-content\\\/uploads\\\/2023\\\/05\\\/logotextual1.jpg\",\"contentUrl\":\"https:\\\/\\\/diariotextual.com\\\/inicio\\\/wp-content\\\/uploads\\\/2023\\\/05\\\/logotextual1.jpg\",\"width\":516,\"height\":76,\"caption\":\"Diario Textual\"},\"image\":{\"@id\":\"https:\\\/\\\/diariotextual.com\\\/inicio\\\/#\\\/schema\\\/logo\\\/image\\\/\"},\"sameAs\":[\"https:\\\/\\\/www.facebook.com\\\/eltextual\",\"https:\\\/\\\/x.com\\\/eltextual\",\"http:\\\/\\\/www.instagram.com\\\/eltextual\"]},{\"@type\":\"Person\",\"@id\":\"https:\\\/\\\/diariotextual.com\\\/inicio\\\/#\\\/schema\\\/person\\\/418fc4093c33e86ed41562db3508f958\",\"name\":\"Diario1 Diario1\",\"image\":{\"@type\":\"ImageObject\",\"inLanguage\":\"es\",\"@id\":\"https:\\\/\\\/secure.gravatar.com\\\/avatar\\\/9167d280179c85bc18be67aa7eda765854300033af4896dd779b608640f2ef7a?s=96&d=mm&r=g\",\"url\":\"https:\\\/\\\/secure.gravatar.com\\\/avatar\\\/9167d280179c85bc18be67aa7eda765854300033af4896dd779b608640f2ef7a?s=96&d=mm&r=g\",\"contentUrl\":\"https:\\\/\\\/secure.gravatar.com\\\/avatar\\\/9167d280179c85bc18be67aa7eda765854300033af4896dd779b608640f2ef7a?s=96&d=mm&r=g\",\"caption\":\"Diario1 Diario1\"},\"url\":\"https:\\\/\\\/diariotextual.com\\\/inicio\\\/index.php\\\/author\\\/diario1\\\/\"}]}<\/script>\n<!-- \/ Yoast SEO plugin. -->","yoast_head_json":{"title":"Laurentina, la ahijada de Vairoleto, cumpli\u00f3 106 a\u00f1os - Diario Textual","robots":{"index":"index","follow":"follow","max-snippet":"max-snippet:-1","max-image-preview":"max-image-preview:large","max-video-preview":"max-video-preview:-1"},"canonical":"https:\/\/diariotextual.com\/inicio\/index.php\/2023\/07\/15\/laurentina-la-ahijada-de-vairoleto-cumplio-106-anos\/","og_locale":"es_ES","og_type":"article","og_title":"Laurentina, la ahijada de Vairoleto, cumpli\u00f3 106 a\u00f1os - Diario Textual","og_description":"Laurentina Ain\u00f3, ahijada de Juan Bautista Vairoleto, cumpli\u00f3 106 a\u00f1os. La mujer, hija de F\u00e9lix \u201cEl Indio\u201d Ain\u00f3 y que ha tenido 16 hijos, es la pobladora m\u00e1s antigua del&hellip;","og_url":"https:\/\/diariotextual.com\/inicio\/index.php\/2023\/07\/15\/laurentina-la-ahijada-de-vairoleto-cumplio-106-anos\/","og_site_name":"Diario Textual","article_publisher":"https:\/\/www.facebook.com\/eltextual","article_published_time":"2023-07-15T14:05:59+00:00","article_modified_time":"2023-07-16T13:17:01+00:00","og_image":[{"width":662,"height":473,"url":"https:\/\/diariotextual.com\/inicio\/wp-content\/uploads\/2023\/07\/ainolaurentina2023-3.jpg","type":"image\/jpeg"}],"author":"Diario1 Diario1","twitter_card":"summary_large_image","twitter_creator":"@eltextual","twitter_site":"@eltextual","twitter_misc":{"Escrito por":"Diario1 Diario1","Tiempo de lectura":"3 minutos"},"schema":{"@context":"https:\/\/schema.org","@graph":[{"@type":"Article","@id":"https:\/\/diariotextual.com\/inicio\/index.php\/2023\/07\/15\/laurentina-la-ahijada-de-vairoleto-cumplio-106-anos\/#article","isPartOf":{"@id":"https:\/\/diariotextual.com\/inicio\/index.php\/2023\/07\/15\/laurentina-la-ahijada-de-vairoleto-cumplio-106-anos\/"},"author":{"name":"Diario1 Diario1","@id":"https:\/\/diariotextual.com\/inicio\/#\/schema\/person\/418fc4093c33e86ed41562db3508f958"},"headline":"Laurentina, la ahijada de Vairoleto, cumpli\u00f3 106 a\u00f1os","datePublished":"2023-07-15T14:05:59+00:00","dateModified":"2023-07-16T13:17:01+00:00","mainEntityOfPage":{"@id":"https:\/\/diariotextual.com\/inicio\/index.php\/2023\/07\/15\/laurentina-la-ahijada-de-vairoleto-cumplio-106-anos\/"},"wordCount":520,"publisher":{"@id":"https:\/\/diariotextual.com\/inicio\/#organization"},"image":{"@id":"https:\/\/diariotextual.com\/inicio\/index.php\/2023\/07\/15\/laurentina-la-ahijada-de-vairoleto-cumplio-106-anos\/#primaryimage"},"thumbnailUrl":"https:\/\/diariotextual.com\/inicio\/wp-content\/uploads\/2023\/07\/ainolaurentina2023-3.jpg","articleSection":["A - PORTADA2","SOCIEDAD"],"inLanguage":"es"},{"@type":"WebPage","@id":"https:\/\/diariotextual.com\/inicio\/index.php\/2023\/07\/15\/laurentina-la-ahijada-de-vairoleto-cumplio-106-anos\/","url":"https:\/\/diariotextual.com\/inicio\/index.php\/2023\/07\/15\/laurentina-la-ahijada-de-vairoleto-cumplio-106-anos\/","name":"Laurentina, la ahijada de Vairoleto, cumpli\u00f3 106 a\u00f1os - Diario Textual","isPartOf":{"@id":"https:\/\/diariotextual.com\/inicio\/#website"},"primaryImageOfPage":{"@id":"https:\/\/diariotextual.com\/inicio\/index.php\/2023\/07\/15\/laurentina-la-ahijada-de-vairoleto-cumplio-106-anos\/#primaryimage"},"image":{"@id":"https:\/\/diariotextual.com\/inicio\/index.php\/2023\/07\/15\/laurentina-la-ahijada-de-vairoleto-cumplio-106-anos\/#primaryimage"},"thumbnailUrl":"https:\/\/diariotextual.com\/inicio\/wp-content\/uploads\/2023\/07\/ainolaurentina2023-3.jpg","datePublished":"2023-07-15T14:05:59+00:00","dateModified":"2023-07-16T13:17:01+00:00","breadcrumb":{"@id":"https:\/\/diariotextual.com\/inicio\/index.php\/2023\/07\/15\/laurentina-la-ahijada-de-vairoleto-cumplio-106-anos\/#breadcrumb"},"inLanguage":"es","potentialAction":[{"@type":"ReadAction","target":["https:\/\/diariotextual.com\/inicio\/index.php\/2023\/07\/15\/laurentina-la-ahijada-de-vairoleto-cumplio-106-anos\/"]}]},{"@type":"ImageObject","inLanguage":"es","@id":"https:\/\/diariotextual.com\/inicio\/index.php\/2023\/07\/15\/laurentina-la-ahijada-de-vairoleto-cumplio-106-anos\/#primaryimage","url":"https:\/\/diariotextual.com\/inicio\/wp-content\/uploads\/2023\/07\/ainolaurentina2023-3.jpg","contentUrl":"https:\/\/diariotextual.com\/inicio\/wp-content\/uploads\/2023\/07\/ainolaurentina2023-3.jpg","width":662,"height":473},{"@type":"BreadcrumbList","@id":"https:\/\/diariotextual.com\/inicio\/index.php\/2023\/07\/15\/laurentina-la-ahijada-de-vairoleto-cumplio-106-anos\/#breadcrumb","itemListElement":[{"@type":"ListItem","position":1,"name":"Portada","item":"https:\/\/diariotextual.com\/inicio\/"},{"@type":"ListItem","position":2,"name":"Laurentina, la ahijada de Vairoleto, cumpli\u00f3 106 a\u00f1os"}]},{"@type":"WebSite","@id":"https:\/\/diariotextual.com\/inicio\/#website","url":"https:\/\/diariotextual.com\/inicio\/","name":"Diario Textual","description":"","publisher":{"@id":"https:\/\/diariotextual.com\/inicio\/#organization"},"potentialAction":[{"@type":"SearchAction","target":{"@type":"EntryPoint","urlTemplate":"https:\/\/diariotextual.com\/inicio\/?s={search_term_string}"},"query-input":{"@type":"PropertyValueSpecification","valueRequired":true,"valueName":"search_term_string"}}],"inLanguage":"es"},{"@type":"Organization","@id":"https:\/\/diariotextual.com\/inicio\/#organization","name":"Diario Textual","url":"https:\/\/diariotextual.com\/inicio\/","logo":{"@type":"ImageObject","inLanguage":"es","@id":"https:\/\/diariotextual.com\/inicio\/#\/schema\/logo\/image\/","url":"https:\/\/diariotextual.com\/inicio\/wp-content\/uploads\/2023\/05\/logotextual1.jpg","contentUrl":"https:\/\/diariotextual.com\/inicio\/wp-content\/uploads\/2023\/05\/logotextual1.jpg","width":516,"height":76,"caption":"Diario Textual"},"image":{"@id":"https:\/\/diariotextual.com\/inicio\/#\/schema\/logo\/image\/"},"sameAs":["https:\/\/www.facebook.com\/eltextual","https:\/\/x.com\/eltextual","http:\/\/www.instagram.com\/eltextual"]},{"@type":"Person","@id":"https:\/\/diariotextual.com\/inicio\/#\/schema\/person\/418fc4093c33e86ed41562db3508f958","name":"Diario1 Diario1","image":{"@type":"ImageObject","inLanguage":"es","@id":"https:\/\/secure.gravatar.com\/avatar\/9167d280179c85bc18be67aa7eda765854300033af4896dd779b608640f2ef7a?s=96&d=mm&r=g","url":"https:\/\/secure.gravatar.com\/avatar\/9167d280179c85bc18be67aa7eda765854300033af4896dd779b608640f2ef7a?s=96&d=mm&r=g","contentUrl":"https:\/\/secure.gravatar.com\/avatar\/9167d280179c85bc18be67aa7eda765854300033af4896dd779b608640f2ef7a?s=96&d=mm&r=g","caption":"Diario1 Diario1"},"url":"https:\/\/diariotextual.com\/inicio\/index.php\/author\/diario1\/"}]}},"_links":{"self":[{"href":"https:\/\/diariotextual.com\/inicio\/index.php\/wp-json\/wp\/v2\/posts\/231108","targetHints":{"allow":["GET"]}}],"collection":[{"href":"https:\/\/diariotextual.com\/inicio\/index.php\/wp-json\/wp\/v2\/posts"}],"about":[{"href":"https:\/\/diariotextual.com\/inicio\/index.php\/wp-json\/wp\/v2\/types\/post"}],"author":[{"embeddable":true,"href":"https:\/\/diariotextual.com\/inicio\/index.php\/wp-json\/wp\/v2\/users\/3"}],"replies":[{"embeddable":true,"href":"https:\/\/diariotextual.com\/inicio\/index.php\/wp-json\/wp\/v2\/comments?post=231108"}],"version-history":[{"count":2,"href":"https:\/\/diariotextual.com\/inicio\/index.php\/wp-json\/wp\/v2\/posts\/231108\/revisions"}],"predecessor-version":[{"id":231112,"href":"https:\/\/diariotextual.com\/inicio\/index.php\/wp-json\/wp\/v2\/posts\/231108\/revisions\/231112"}],"wp:featuredmedia":[{"embeddable":true,"href":"https:\/\/diariotextual.com\/inicio\/index.php\/wp-json\/wp\/v2\/media\/231109"}],"wp:attachment":[{"href":"https:\/\/diariotextual.com\/inicio\/index.php\/wp-json\/wp\/v2\/media?parent=231108"}],"wp:term":[{"taxonomy":"category","embeddable":true,"href":"https:\/\/diariotextual.com\/inicio\/index.php\/wp-json\/wp\/v2\/categories?post=231108"},{"taxonomy":"post_tag","embeddable":true,"href":"https:\/\/diariotextual.com\/inicio\/index.php\/wp-json\/wp\/v2\/tags?post=231108"}],"curies":[{"name":"wp","href":"https:\/\/api.w.org\/{rel}","templated":true}]}}