{"id":231129,"date":"2023-07-15T19:35:32","date_gmt":"2023-07-15T22:35:32","guid":{"rendered":"https:\/\/diariotextual.com\/inicio\/?p=231129"},"modified":"2023-07-17T11:21:13","modified_gmt":"2023-07-17T14:21:13","slug":"una-veterinaria-de-fauna-silvestre-trabajando-en-la-pampa","status":"publish","type":"post","link":"https:\/\/diariotextual.com\/inicio\/index.php\/2023\/07\/15\/una-veterinaria-de-fauna-silvestre-trabajando-en-la-pampa\/","title":{"rendered":"Una veterinaria de fauna silvestre trabajando en La Pampa"},"content":{"rendered":"\n<p><strong>El proyecto de reinserci\u00f3n de especies nativas en las \u00e1reas protegidas de La Pampa, denominado El Retorno de los Nuestros, adem\u00e1s de permitir disfrutar nuevamente de nuestra fauna silvestre, posibilita poder interactuar con especialistas de diferentes disciplinas que visitan la provincia. Ana Carolina Rosas es una m\u00e9dica veterinaria de la Fundaci\u00f3n Rewalding Argentina (FRA), con una amplia formaci\u00f3n en vida silvestre, que lleg\u00f3 a Santa Rosa monitoreando el \u00faltimo traslado de guanacos desde Santa Cruz hasta Parque Luro. \u00a0<\/strong><\/p>\n\n\n\n<p>La profesional, conocida como \u201cCarito\u201d, mantuvo un di\u00e1logo con la Agencia Provincial de Noticias y comparti\u00f3 su experiencia y el significado de su trabajo en el campo de la protecci\u00f3n de especies.<\/p>\n\n\n\n<p><strong>-\u00bfQu\u00e9 es ser veterinaria de vida silvestre?<\/strong><br>-Ser veterinaria de fauna silvestre para m\u00ed, es conectar lo salvaje, con lo in\u00e9dito de la medicina y la tecnolog\u00eda. Es intentar construir todas las soluciones posibles desde lo m\u00e9dico en esta batalla librada contra la extinci\u00f3n.<br>Es trabajar para que las especies tengan la oportunidad de expresar todo su potencial, de cumplir su rol natural y que la vida de los individuos silvestres sea ecol\u00f3gicamente trascendente a la vez que conectan al hombre con la naturaleza y lo milagroso.<br>Es poner toda la innovaci\u00f3n del conocimiento al servicio de la restauraci\u00f3n.<\/p>\n\n\n\n<p>&#8211;<strong>Desde tu ingreso a la FRA has tenido posibilidad de trabajar con muchas especies de nuestra fauna, algunas de ellas en graves problemas de conservaci\u00f3n. \u00bfCon que especies has tenido posibilidad de trabajar hasta el momento?<\/strong><br>-Hasta el momento he tenido la oportunidad de trabajar con oso hormiguero gigante, pecar\u00ed de collar, tapir, chu\u00f1a de patas rojas, guacamayo rojo, muit\u00fa, venado de las pampas, guanaco, chinchill\u00f3n anaranjado, puma, huemul, zorro colorado y gris, ocelote, ciervo de los pantanos, yaguaret\u00e9 y nutria gigante. Con todas estas especies la FRA lleva adelante proyectos de conservaci\u00f3n.<\/p>\n\n\n\n<figure class=\"wp-block-image size-large\"><img fetchpriority=\"high\" decoding=\"async\" width=\"1024\" height=\"683\" src=\"https:\/\/diariotextual.com\/inicio\/wp-content\/uploads\/2023\/07\/rosasanacarolinaveterinaria2023-2-1024x683.jpg\" alt=\"\" class=\"wp-image-231133\" srcset=\"https:\/\/diariotextual.com\/inicio\/wp-content\/uploads\/2023\/07\/rosasanacarolinaveterinaria2023-2-1024x683.jpg 1024w, https:\/\/diariotextual.com\/inicio\/wp-content\/uploads\/2023\/07\/rosasanacarolinaveterinaria2023-2-300x200.jpg 300w, https:\/\/diariotextual.com\/inicio\/wp-content\/uploads\/2023\/07\/rosasanacarolinaveterinaria2023-2-768x512.jpg 768w, https:\/\/diariotextual.com\/inicio\/wp-content\/uploads\/2023\/07\/rosasanacarolinaveterinaria2023-2-1170x780.jpg 1170w, https:\/\/diariotextual.com\/inicio\/wp-content\/uploads\/2023\/07\/rosasanacarolinaveterinaria2023-2-585x390.jpg 585w, https:\/\/diariotextual.com\/inicio\/wp-content\/uploads\/2023\/07\/rosasanacarolinaveterinaria2023-2-263x175.jpg 263w, https:\/\/diariotextual.com\/inicio\/wp-content\/uploads\/2023\/07\/rosasanacarolinaveterinaria2023-2.jpg 1500w\" sizes=\"(max-width: 1024px) 100vw, 1024px\" \/><\/figure>\n\n\n\n<p>&#8211;<strong>\u00bfQu\u00e9 se siente como veterinaria de fauna trabajar con una especie tan emblem\u00e1tica e imponente como el yaguaret\u00e9?<\/strong><br>&#8211; \u00a1Para m\u00ed es un privilegio, una oportunidad \u00fanica!! Pero no solo de poder trabajar con especies tan majestuosas he incre\u00edbles sino m\u00e1s bien de realmente ser parte y aportar desde lo m\u00edo a su conservaci\u00f3n. Es ir a la acci\u00f3n, desafiar lo que como veterinarios tradicionalistas nos ense\u00f1aron, enfrentarnos a problemas cada vez m\u00e1s desafiantes en el marco de acciones de conservaci\u00f3n activa, que no solo quiere proteger sino restaurar y recuperar, buscar nuevas soluciones y reaprender.<br>A la vez implica una enorme responsabilidad y compromiso ya que la mayor\u00eda de estas especies est\u00e1n en peligro cr\u00edtico de extinci\u00f3n. No podemos dudar, hay que dar lo mejor que tenemos desde el conocimiento y la habilidad.<\/p>\n\n\n\n<p>&#8211;<strong>Llegaste\u00a0recientemente de una capacitaci\u00f3n en \u00c1frica. \u00bfQu\u00e9 nos pod\u00e9s contar de dicha experiencia?<\/strong><br>-Hoy en muchos lugares de \u00c1frica, lo que nuestros ojos ven son en realidad el resultado de al menos 100 a\u00f1os de esfuerzo de conservaci\u00f3n y restauraci\u00f3n ecol\u00f3gica que llevaron adelante incre\u00edbles hombres y mujeres, muchos de ellos veterinarios. Ellos fueron los pioneros en desarrollar las mejores t\u00e9cnicas y habilidades para la translocaci\u00f3n de grandes mam\u00edferos, un desaf\u00edo que hoy los posiciona probablemente como los que m\u00e1s han contribuido al desarrollo de t\u00e9cnicas de conservaci\u00f3n de fauna en el mundo, especialmente desde lo sanitario.<br>La escuela de captura del Wild Capture Africa Trust tiene un programa intensivo reconocido globalmente, llevado adelante por los acad\u00e9micos y veterinarios m\u00e1s experimentados de \u00c1frica. Es un sistema de formaci\u00f3n que tiene como m\u00e1xima \u201caprender haciendo\u201d y que con ello permite estar al frente de las decisiones de todos los tipos de captura de vida silvestre, desde su planificaci\u00f3n hasta su ejecuci\u00f3n en el campo, siempre acompa\u00f1ados de los mejores en la tem\u00e1tica. Tuve la suerte de participar de un curso de varias semanas en Zimbabwe donde capturamos leones, jirafas, rinocerontes, elefantes, b\u00fafalos, nyalas e impalas entre otros, un verdadero desaf\u00edo.<br><br>&#8211;<strong>\u00bfQu\u00e9 te trae por la provincia de La Pampa?<\/strong><br>-A La Pampa me acerqu\u00e9 como parte del trabajo que realizan Santa Cruz, la FRA y la Subsecretar\u00eda de Ambiente de esta provincia para devolver al guanaco a algunas regiones donde se hab\u00eda extinguido como por ejemplo Parque Luro. Una propuesta que nos involucra como veterinarios y nos hace trabajar en equipo con los colegas veterinarios y otros profesionales de la Subsecretar\u00eda de Ambiente que llevan adelante las tareas en la reserva. Con cada movimiento tratamos de volcar todo lo aprendido a lo largo de estos a\u00f1os en Argentina, de compartir las experiencias y afrontar juntos cada nuevo reto que se nos presenta para asi todos empaparnos de conocimiento en esta nueva perspectiva. En este sentido realizamos jornadas de capacitaci\u00f3n con los colegas pampeanos.\u00a0<br><\/p>\n\n\n\n<p><strong>-El Retorno de los Nuestros es un proyecto que la provincia est\u00e1 desarrollando para repatriar fauna nativa desaparecida a nuestras \u00e1reas protegidas. \u00bfQu\u00e9 evaluaci\u00f3n pudiste hacer del mismo?<\/strong><br><\/p>\n\n\n\n<p>-El retorno de los nuestros es un proyecto que se viene gestando hace unos a\u00f1os con gran empe\u00f1o y que hoy promete grandes resultados.\u00a0<strong>El guanaco es una especie que ha desaparecido de la gran mayor\u00eda del norte y centro de nuestro pa\u00eds y La Pampa no es la excepci\u00f3n<\/strong>. Es una especie carism\u00e1tica y sumamente necesaria para recuperar el proceso de herbivor\u00eda, esencial para mantener y restaurar los ecosistemas. Una propuesta ambiciosa de revalorizar, conservar y restaurar nuestra fauna y los roles ecol\u00f3gicos que le son propios.<\/p>\n","protected":false},"excerpt":{"rendered":"<p>El proyecto de reinserci\u00f3n de especies nativas en las \u00e1reas protegidas de La Pampa, denominado El Retorno de los Nuestros, adem\u00e1s de permitir disfrutar nuevamente de nuestra fauna silvestre, posibilita&hellip;<\/p>\n","protected":false},"author":3,"featured_media":231132,"comment_status":"closed","ping_status":"open","sticky":false,"template":"","format":"standard","meta":{"_acf_changed":false,"footnotes":""},"categories":[11,20],"tags":[],"class_list":["post-231129","post","type-post","status-publish","format-standard","has-post-thumbnail","hentry","category-que-pasa","category-campo"],"acf":[],"yoast_head":"<!-- This site is optimized with the Yoast SEO plugin v27.5 - https:\/\/yoast.com\/product\/yoast-seo-wordpress\/ -->\n<title>Una veterinaria de fauna silvestre trabajando en La Pampa - Diario Textual<\/title>\n<meta name=\"robots\" content=\"index, follow, max-snippet:-1, max-image-preview:large, max-video-preview:-1\" \/>\n<link rel=\"canonical\" href=\"https:\/\/diariotextual.com\/inicio\/index.php\/2023\/07\/15\/una-veterinaria-de-fauna-silvestre-trabajando-en-la-pampa\/\" \/>\n<meta property=\"og:locale\" content=\"es_ES\" \/>\n<meta property=\"og:type\" content=\"article\" \/>\n<meta property=\"og:title\" content=\"Una veterinaria de fauna silvestre trabajando en La Pampa - Diario Textual\" \/>\n<meta property=\"og:description\" content=\"El proyecto de reinserci\u00f3n de especies nativas en las \u00e1reas protegidas de La Pampa, denominado El Retorno de los Nuestros, adem\u00e1s de permitir disfrutar nuevamente de nuestra fauna silvestre, posibilita&hellip;\" \/>\n<meta property=\"og:url\" content=\"https:\/\/diariotextual.com\/inicio\/index.php\/2023\/07\/15\/una-veterinaria-de-fauna-silvestre-trabajando-en-la-pampa\/\" \/>\n<meta property=\"og:site_name\" content=\"Diario Textual\" \/>\n<meta property=\"article:publisher\" content=\"https:\/\/www.facebook.com\/eltextual\" \/>\n<meta property=\"article:published_time\" content=\"2023-07-15T22:35:32+00:00\" \/>\n<meta property=\"article:modified_time\" content=\"2023-07-17T14:21:13+00:00\" \/>\n<meta property=\"og:image\" content=\"https:\/\/diariotextual.com\/inicio\/wp-content\/uploads\/2023\/07\/rosasanacarolinaveterinaria2023-1.jpg\" \/>\n\t<meta property=\"og:image:width\" content=\"1200\" \/>\n\t<meta property=\"og:image:height\" content=\"822\" \/>\n\t<meta property=\"og:image:type\" content=\"image\/jpeg\" \/>\n<meta name=\"author\" content=\"Diario1 Diario1\" \/>\n<meta name=\"twitter:card\" content=\"summary_large_image\" \/>\n<meta name=\"twitter:creator\" content=\"@eltextual\" \/>\n<meta name=\"twitter:site\" content=\"@eltextual\" \/>\n<meta name=\"twitter:label1\" content=\"Escrito por\" \/>\n\t<meta name=\"twitter:data1\" content=\"Diario1 Diario1\" \/>\n\t<meta name=\"twitter:label2\" content=\"Tiempo de lectura\" \/>\n\t<meta name=\"twitter:data2\" content=\"5 minutos\" \/>\n<script type=\"application\/ld+json\" class=\"yoast-schema-graph\">{\"@context\":\"https:\\\/\\\/schema.org\",\"@graph\":[{\"@type\":\"Article\",\"@id\":\"https:\\\/\\\/diariotextual.com\\\/inicio\\\/index.php\\\/2023\\\/07\\\/15\\\/una-veterinaria-de-fauna-silvestre-trabajando-en-la-pampa\\\/#article\",\"isPartOf\":{\"@id\":\"https:\\\/\\\/diariotextual.com\\\/inicio\\\/index.php\\\/2023\\\/07\\\/15\\\/una-veterinaria-de-fauna-silvestre-trabajando-en-la-pampa\\\/\"},\"author\":{\"name\":\"Diario1 Diario1\",\"@id\":\"https:\\\/\\\/diariotextual.com\\\/inicio\\\/#\\\/schema\\\/person\\\/418fc4093c33e86ed41562db3508f958\"},\"headline\":\"Una veterinaria de fauna silvestre trabajando en La Pampa\",\"datePublished\":\"2023-07-15T22:35:32+00:00\",\"dateModified\":\"2023-07-17T14:21:13+00:00\",\"mainEntityOfPage\":{\"@id\":\"https:\\\/\\\/diariotextual.com\\\/inicio\\\/index.php\\\/2023\\\/07\\\/15\\\/una-veterinaria-de-fauna-silvestre-trabajando-en-la-pampa\\\/\"},\"wordCount\":965,\"publisher\":{\"@id\":\"https:\\\/\\\/diariotextual.com\\\/inicio\\\/#organization\"},\"image\":{\"@id\":\"https:\\\/\\\/diariotextual.com\\\/inicio\\\/index.php\\\/2023\\\/07\\\/15\\\/una-veterinaria-de-fauna-silvestre-trabajando-en-la-pampa\\\/#primaryimage\"},\"thumbnailUrl\":\"https:\\\/\\\/diariotextual.com\\\/inicio\\\/wp-content\\\/uploads\\\/2023\\\/07\\\/rosasanacarolinaveterinaria2023-1.jpg\",\"articleSection\":[\"A - QUE PASA (al costado)\",\"CAMPO\"],\"inLanguage\":\"es\"},{\"@type\":\"WebPage\",\"@id\":\"https:\\\/\\\/diariotextual.com\\\/inicio\\\/index.php\\\/2023\\\/07\\\/15\\\/una-veterinaria-de-fauna-silvestre-trabajando-en-la-pampa\\\/\",\"url\":\"https:\\\/\\\/diariotextual.com\\\/inicio\\\/index.php\\\/2023\\\/07\\\/15\\\/una-veterinaria-de-fauna-silvestre-trabajando-en-la-pampa\\\/\",\"name\":\"Una veterinaria de fauna silvestre trabajando en La Pampa - Diario Textual\",\"isPartOf\":{\"@id\":\"https:\\\/\\\/diariotextual.com\\\/inicio\\\/#website\"},\"primaryImageOfPage\":{\"@id\":\"https:\\\/\\\/diariotextual.com\\\/inicio\\\/index.php\\\/2023\\\/07\\\/15\\\/una-veterinaria-de-fauna-silvestre-trabajando-en-la-pampa\\\/#primaryimage\"},\"image\":{\"@id\":\"https:\\\/\\\/diariotextual.com\\\/inicio\\\/index.php\\\/2023\\\/07\\\/15\\\/una-veterinaria-de-fauna-silvestre-trabajando-en-la-pampa\\\/#primaryimage\"},\"thumbnailUrl\":\"https:\\\/\\\/diariotextual.com\\\/inicio\\\/wp-content\\\/uploads\\\/2023\\\/07\\\/rosasanacarolinaveterinaria2023-1.jpg\",\"datePublished\":\"2023-07-15T22:35:32+00:00\",\"dateModified\":\"2023-07-17T14:21:13+00:00\",\"breadcrumb\":{\"@id\":\"https:\\\/\\\/diariotextual.com\\\/inicio\\\/index.php\\\/2023\\\/07\\\/15\\\/una-veterinaria-de-fauna-silvestre-trabajando-en-la-pampa\\\/#breadcrumb\"},\"inLanguage\":\"es\",\"potentialAction\":[{\"@type\":\"ReadAction\",\"target\":[\"https:\\\/\\\/diariotextual.com\\\/inicio\\\/index.php\\\/2023\\\/07\\\/15\\\/una-veterinaria-de-fauna-silvestre-trabajando-en-la-pampa\\\/\"]}]},{\"@type\":\"ImageObject\",\"inLanguage\":\"es\",\"@id\":\"https:\\\/\\\/diariotextual.com\\\/inicio\\\/index.php\\\/2023\\\/07\\\/15\\\/una-veterinaria-de-fauna-silvestre-trabajando-en-la-pampa\\\/#primaryimage\",\"url\":\"https:\\\/\\\/diariotextual.com\\\/inicio\\\/wp-content\\\/uploads\\\/2023\\\/07\\\/rosasanacarolinaveterinaria2023-1.jpg\",\"contentUrl\":\"https:\\\/\\\/diariotextual.com\\\/inicio\\\/wp-content\\\/uploads\\\/2023\\\/07\\\/rosasanacarolinaveterinaria2023-1.jpg\",\"width\":1200,\"height\":822},{\"@type\":\"BreadcrumbList\",\"@id\":\"https:\\\/\\\/diariotextual.com\\\/inicio\\\/index.php\\\/2023\\\/07\\\/15\\\/una-veterinaria-de-fauna-silvestre-trabajando-en-la-pampa\\\/#breadcrumb\",\"itemListElement\":[{\"@type\":\"ListItem\",\"position\":1,\"name\":\"Portada\",\"item\":\"https:\\\/\\\/diariotextual.com\\\/inicio\\\/\"},{\"@type\":\"ListItem\",\"position\":2,\"name\":\"Una veterinaria de fauna silvestre trabajando en La Pampa\"}]},{\"@type\":\"WebSite\",\"@id\":\"https:\\\/\\\/diariotextual.com\\\/inicio\\\/#website\",\"url\":\"https:\\\/\\\/diariotextual.com\\\/inicio\\\/\",\"name\":\"Diario Textual\",\"description\":\"\",\"publisher\":{\"@id\":\"https:\\\/\\\/diariotextual.com\\\/inicio\\\/#organization\"},\"potentialAction\":[{\"@type\":\"SearchAction\",\"target\":{\"@type\":\"EntryPoint\",\"urlTemplate\":\"https:\\\/\\\/diariotextual.com\\\/inicio\\\/?s={search_term_string}\"},\"query-input\":{\"@type\":\"PropertyValueSpecification\",\"valueRequired\":true,\"valueName\":\"search_term_string\"}}],\"inLanguage\":\"es\"},{\"@type\":\"Organization\",\"@id\":\"https:\\\/\\\/diariotextual.com\\\/inicio\\\/#organization\",\"name\":\"Diario Textual\",\"url\":\"https:\\\/\\\/diariotextual.com\\\/inicio\\\/\",\"logo\":{\"@type\":\"ImageObject\",\"inLanguage\":\"es\",\"@id\":\"https:\\\/\\\/diariotextual.com\\\/inicio\\\/#\\\/schema\\\/logo\\\/image\\\/\",\"url\":\"https:\\\/\\\/diariotextual.com\\\/inicio\\\/wp-content\\\/uploads\\\/2023\\\/05\\\/logotextual1.jpg\",\"contentUrl\":\"https:\\\/\\\/diariotextual.com\\\/inicio\\\/wp-content\\\/uploads\\\/2023\\\/05\\\/logotextual1.jpg\",\"width\":516,\"height\":76,\"caption\":\"Diario Textual\"},\"image\":{\"@id\":\"https:\\\/\\\/diariotextual.com\\\/inicio\\\/#\\\/schema\\\/logo\\\/image\\\/\"},\"sameAs\":[\"https:\\\/\\\/www.facebook.com\\\/eltextual\",\"https:\\\/\\\/x.com\\\/eltextual\",\"http:\\\/\\\/www.instagram.com\\\/eltextual\"]},{\"@type\":\"Person\",\"@id\":\"https:\\\/\\\/diariotextual.com\\\/inicio\\\/#\\\/schema\\\/person\\\/418fc4093c33e86ed41562db3508f958\",\"name\":\"Diario1 Diario1\",\"image\":{\"@type\":\"ImageObject\",\"inLanguage\":\"es\",\"@id\":\"https:\\\/\\\/secure.gravatar.com\\\/avatar\\\/9167d280179c85bc18be67aa7eda765854300033af4896dd779b608640f2ef7a?s=96&d=mm&r=g\",\"url\":\"https:\\\/\\\/secure.gravatar.com\\\/avatar\\\/9167d280179c85bc18be67aa7eda765854300033af4896dd779b608640f2ef7a?s=96&d=mm&r=g\",\"contentUrl\":\"https:\\\/\\\/secure.gravatar.com\\\/avatar\\\/9167d280179c85bc18be67aa7eda765854300033af4896dd779b608640f2ef7a?s=96&d=mm&r=g\",\"caption\":\"Diario1 Diario1\"},\"url\":\"https:\\\/\\\/diariotextual.com\\\/inicio\\\/index.php\\\/author\\\/diario1\\\/\"}]}<\/script>\n<!-- \/ Yoast SEO plugin. -->","yoast_head_json":{"title":"Una veterinaria de fauna silvestre trabajando en La Pampa - Diario Textual","robots":{"index":"index","follow":"follow","max-snippet":"max-snippet:-1","max-image-preview":"max-image-preview:large","max-video-preview":"max-video-preview:-1"},"canonical":"https:\/\/diariotextual.com\/inicio\/index.php\/2023\/07\/15\/una-veterinaria-de-fauna-silvestre-trabajando-en-la-pampa\/","og_locale":"es_ES","og_type":"article","og_title":"Una veterinaria de fauna silvestre trabajando en La Pampa - Diario Textual","og_description":"El proyecto de reinserci\u00f3n de especies nativas en las \u00e1reas protegidas de La Pampa, denominado El Retorno de los Nuestros, adem\u00e1s de permitir disfrutar nuevamente de nuestra fauna silvestre, posibilita&hellip;","og_url":"https:\/\/diariotextual.com\/inicio\/index.php\/2023\/07\/15\/una-veterinaria-de-fauna-silvestre-trabajando-en-la-pampa\/","og_site_name":"Diario Textual","article_publisher":"https:\/\/www.facebook.com\/eltextual","article_published_time":"2023-07-15T22:35:32+00:00","article_modified_time":"2023-07-17T14:21:13+00:00","og_image":[{"width":1200,"height":822,"url":"https:\/\/diariotextual.com\/inicio\/wp-content\/uploads\/2023\/07\/rosasanacarolinaveterinaria2023-1.jpg","type":"image\/jpeg"}],"author":"Diario1 Diario1","twitter_card":"summary_large_image","twitter_creator":"@eltextual","twitter_site":"@eltextual","twitter_misc":{"Escrito por":"Diario1 Diario1","Tiempo de lectura":"5 minutos"},"schema":{"@context":"https:\/\/schema.org","@graph":[{"@type":"Article","@id":"https:\/\/diariotextual.com\/inicio\/index.php\/2023\/07\/15\/una-veterinaria-de-fauna-silvestre-trabajando-en-la-pampa\/#article","isPartOf":{"@id":"https:\/\/diariotextual.com\/inicio\/index.php\/2023\/07\/15\/una-veterinaria-de-fauna-silvestre-trabajando-en-la-pampa\/"},"author":{"name":"Diario1 Diario1","@id":"https:\/\/diariotextual.com\/inicio\/#\/schema\/person\/418fc4093c33e86ed41562db3508f958"},"headline":"Una veterinaria de fauna silvestre trabajando en La Pampa","datePublished":"2023-07-15T22:35:32+00:00","dateModified":"2023-07-17T14:21:13+00:00","mainEntityOfPage":{"@id":"https:\/\/diariotextual.com\/inicio\/index.php\/2023\/07\/15\/una-veterinaria-de-fauna-silvestre-trabajando-en-la-pampa\/"},"wordCount":965,"publisher":{"@id":"https:\/\/diariotextual.com\/inicio\/#organization"},"image":{"@id":"https:\/\/diariotextual.com\/inicio\/index.php\/2023\/07\/15\/una-veterinaria-de-fauna-silvestre-trabajando-en-la-pampa\/#primaryimage"},"thumbnailUrl":"https:\/\/diariotextual.com\/inicio\/wp-content\/uploads\/2023\/07\/rosasanacarolinaveterinaria2023-1.jpg","articleSection":["A - QUE PASA (al costado)","CAMPO"],"inLanguage":"es"},{"@type":"WebPage","@id":"https:\/\/diariotextual.com\/inicio\/index.php\/2023\/07\/15\/una-veterinaria-de-fauna-silvestre-trabajando-en-la-pampa\/","url":"https:\/\/diariotextual.com\/inicio\/index.php\/2023\/07\/15\/una-veterinaria-de-fauna-silvestre-trabajando-en-la-pampa\/","name":"Una veterinaria de fauna silvestre trabajando en La Pampa - Diario Textual","isPartOf":{"@id":"https:\/\/diariotextual.com\/inicio\/#website"},"primaryImageOfPage":{"@id":"https:\/\/diariotextual.com\/inicio\/index.php\/2023\/07\/15\/una-veterinaria-de-fauna-silvestre-trabajando-en-la-pampa\/#primaryimage"},"image":{"@id":"https:\/\/diariotextual.com\/inicio\/index.php\/2023\/07\/15\/una-veterinaria-de-fauna-silvestre-trabajando-en-la-pampa\/#primaryimage"},"thumbnailUrl":"https:\/\/diariotextual.com\/inicio\/wp-content\/uploads\/2023\/07\/rosasanacarolinaveterinaria2023-1.jpg","datePublished":"2023-07-15T22:35:32+00:00","dateModified":"2023-07-17T14:21:13+00:00","breadcrumb":{"@id":"https:\/\/diariotextual.com\/inicio\/index.php\/2023\/07\/15\/una-veterinaria-de-fauna-silvestre-trabajando-en-la-pampa\/#breadcrumb"},"inLanguage":"es","potentialAction":[{"@type":"ReadAction","target":["https:\/\/diariotextual.com\/inicio\/index.php\/2023\/07\/15\/una-veterinaria-de-fauna-silvestre-trabajando-en-la-pampa\/"]}]},{"@type":"ImageObject","inLanguage":"es","@id":"https:\/\/diariotextual.com\/inicio\/index.php\/2023\/07\/15\/una-veterinaria-de-fauna-silvestre-trabajando-en-la-pampa\/#primaryimage","url":"https:\/\/diariotextual.com\/inicio\/wp-content\/uploads\/2023\/07\/rosasanacarolinaveterinaria2023-1.jpg","contentUrl":"https:\/\/diariotextual.com\/inicio\/wp-content\/uploads\/2023\/07\/rosasanacarolinaveterinaria2023-1.jpg","width":1200,"height":822},{"@type":"BreadcrumbList","@id":"https:\/\/diariotextual.com\/inicio\/index.php\/2023\/07\/15\/una-veterinaria-de-fauna-silvestre-trabajando-en-la-pampa\/#breadcrumb","itemListElement":[{"@type":"ListItem","position":1,"name":"Portada","item":"https:\/\/diariotextual.com\/inicio\/"},{"@type":"ListItem","position":2,"name":"Una veterinaria de fauna silvestre trabajando en La Pampa"}]},{"@type":"WebSite","@id":"https:\/\/diariotextual.com\/inicio\/#website","url":"https:\/\/diariotextual.com\/inicio\/","name":"Diario Textual","description":"","publisher":{"@id":"https:\/\/diariotextual.com\/inicio\/#organization"},"potentialAction":[{"@type":"SearchAction","target":{"@type":"EntryPoint","urlTemplate":"https:\/\/diariotextual.com\/inicio\/?s={search_term_string}"},"query-input":{"@type":"PropertyValueSpecification","valueRequired":true,"valueName":"search_term_string"}}],"inLanguage":"es"},{"@type":"Organization","@id":"https:\/\/diariotextual.com\/inicio\/#organization","name":"Diario Textual","url":"https:\/\/diariotextual.com\/inicio\/","logo":{"@type":"ImageObject","inLanguage":"es","@id":"https:\/\/diariotextual.com\/inicio\/#\/schema\/logo\/image\/","url":"https:\/\/diariotextual.com\/inicio\/wp-content\/uploads\/2023\/05\/logotextual1.jpg","contentUrl":"https:\/\/diariotextual.com\/inicio\/wp-content\/uploads\/2023\/05\/logotextual1.jpg","width":516,"height":76,"caption":"Diario Textual"},"image":{"@id":"https:\/\/diariotextual.com\/inicio\/#\/schema\/logo\/image\/"},"sameAs":["https:\/\/www.facebook.com\/eltextual","https:\/\/x.com\/eltextual","http:\/\/www.instagram.com\/eltextual"]},{"@type":"Person","@id":"https:\/\/diariotextual.com\/inicio\/#\/schema\/person\/418fc4093c33e86ed41562db3508f958","name":"Diario1 Diario1","image":{"@type":"ImageObject","inLanguage":"es","@id":"https:\/\/secure.gravatar.com\/avatar\/9167d280179c85bc18be67aa7eda765854300033af4896dd779b608640f2ef7a?s=96&d=mm&r=g","url":"https:\/\/secure.gravatar.com\/avatar\/9167d280179c85bc18be67aa7eda765854300033af4896dd779b608640f2ef7a?s=96&d=mm&r=g","contentUrl":"https:\/\/secure.gravatar.com\/avatar\/9167d280179c85bc18be67aa7eda765854300033af4896dd779b608640f2ef7a?s=96&d=mm&r=g","caption":"Diario1 Diario1"},"url":"https:\/\/diariotextual.com\/inicio\/index.php\/author\/diario1\/"}]}},"_links":{"self":[{"href":"https:\/\/diariotextual.com\/inicio\/index.php\/wp-json\/wp\/v2\/posts\/231129","targetHints":{"allow":["GET"]}}],"collection":[{"href":"https:\/\/diariotextual.com\/inicio\/index.php\/wp-json\/wp\/v2\/posts"}],"about":[{"href":"https:\/\/diariotextual.com\/inicio\/index.php\/wp-json\/wp\/v2\/types\/post"}],"author":[{"embeddable":true,"href":"https:\/\/diariotextual.com\/inicio\/index.php\/wp-json\/wp\/v2\/users\/3"}],"replies":[{"embeddable":true,"href":"https:\/\/diariotextual.com\/inicio\/index.php\/wp-json\/wp\/v2\/comments?post=231129"}],"version-history":[{"count":5,"href":"https:\/\/diariotextual.com\/inicio\/index.php\/wp-json\/wp\/v2\/posts\/231129\/revisions"}],"predecessor-version":[{"id":231146,"href":"https:\/\/diariotextual.com\/inicio\/index.php\/wp-json\/wp\/v2\/posts\/231129\/revisions\/231146"}],"wp:featuredmedia":[{"embeddable":true,"href":"https:\/\/diariotextual.com\/inicio\/index.php\/wp-json\/wp\/v2\/media\/231132"}],"wp:attachment":[{"href":"https:\/\/diariotextual.com\/inicio\/index.php\/wp-json\/wp\/v2\/media?parent=231129"}],"wp:term":[{"taxonomy":"category","embeddable":true,"href":"https:\/\/diariotextual.com\/inicio\/index.php\/wp-json\/wp\/v2\/categories?post=231129"},{"taxonomy":"post_tag","embeddable":true,"href":"https:\/\/diariotextual.com\/inicio\/index.php\/wp-json\/wp\/v2\/tags?post=231129"}],"curies":[{"name":"wp","href":"https:\/\/api.w.org\/{rel}","templated":true}]}}