{"id":231199,"date":"2023-07-17T09:20:10","date_gmt":"2023-07-17T12:20:10","guid":{"rendered":"https:\/\/diariotextual.com\/inicio\/?p=231199"},"modified":"2023-07-17T16:56:30","modified_gmt":"2023-07-17T19:56:30","slug":"se-cumplen-15-anos-de-la-reestatizacion-de-aerolineas-argentinas-y-habra-un-acto-en-ezeiza","status":"publish","type":"post","link":"https:\/\/diariotextual.com\/inicio\/index.php\/2023\/07\/17\/se-cumplen-15-anos-de-la-reestatizacion-de-aerolineas-argentinas-y-habra-un-acto-en-ezeiza\/","title":{"rendered":"Se cumplen 15 a\u00f1os de la reestatizaci\u00f3n de Aerol\u00edneas Argentinas y habr\u00e1 un acto en Ezeiza"},"content":{"rendered":"\n<p>El ministro de Econom\u00eda y precandidato presidencial de Uni\u00f3n por la Patria, Sergio Massa, encabeza este lunes en Ezeiza un acto al cumplirse 15 a\u00f1os de la reestatizaci\u00f3n de Aerol\u00edneas Argentinas (AA), una medida impulsada en el 2008 por Cristina Fern\u00e1ndez de Kirchner, y en el que adem\u00e1s se inaugurar\u00e1 un nuevo simulador para los aviones Boeing 737-max, que ser\u00e1 el primero en Sudam\u00e9rica y le permitir\u00e1 a la compa\u00f1\u00eda un importante ahorro en capacitaci\u00f3n de sus pilotos.<br><br>La cita ser\u00e1 a las 15 en el Centro de Formaci\u00f3n y Entrenamiento de Pilotos de la Rep\u00fablica Argentina (Cefepra), ubicado en Ezeiza, pr\u00f3ximo al \u00e1rea de planta industrial de Aerol\u00edneas Argentinas y al aeropuerto internacional.<br><br>En ese marco, se presentar\u00e1 el nuevo simulador de entrenamiento -que permitir\u00e1 un importante ahorro al evitar la salida de divisas en vi\u00e1ticos, hoteles, trasportes y pago de simulador en el exterior-, lo que dar\u00e1 el marco para conmemorar los 15 a\u00f1os de una fecha emblem\u00e1tica para el oficialismo: la reestatizaci\u00f3n de Aerol\u00edneas Argentinas.<\/p>\n\n\n\n<p><\/p>\n","protected":false},"excerpt":{"rendered":"<p>El ministro de Econom\u00eda y precandidato presidencial de Uni\u00f3n por la Patria, Sergio Massa, encabeza este lunes en Ezeiza un acto al cumplirse 15 a\u00f1os de la reestatizaci\u00f3n de Aerol\u00edneas&hellip;<\/p>\n","protected":false},"author":3,"featured_media":197410,"comment_status":"closed","ping_status":"open","sticky":false,"template":"","format":"standard","meta":{"_acf_changed":false,"footnotes":""},"categories":[12],"tags":[],"class_list":["post-231199","post","type-post","status-publish","format-standard","has-post-thumbnail","hentry","category-sociedad"],"acf":[],"yoast_head":"<!-- This site is optimized with the Yoast SEO plugin v27.5 - https:\/\/yoast.com\/product\/yoast-seo-wordpress\/ -->\n<title>Se cumplen 15 a\u00f1os de la reestatizaci\u00f3n de Aerol\u00edneas Argentinas y habr\u00e1 un acto en Ezeiza - Diario Textual<\/title>\n<meta name=\"robots\" content=\"index, follow, max-snippet:-1, max-image-preview:large, max-video-preview:-1\" \/>\n<link rel=\"canonical\" href=\"https:\/\/diariotextual.com\/inicio\/index.php\/2023\/07\/17\/se-cumplen-15-anos-de-la-reestatizacion-de-aerolineas-argentinas-y-habra-un-acto-en-ezeiza\/\" \/>\n<meta property=\"og:locale\" content=\"es_ES\" \/>\n<meta property=\"og:type\" content=\"article\" \/>\n<meta property=\"og:title\" content=\"Se cumplen 15 a\u00f1os de la reestatizaci\u00f3n de Aerol\u00edneas Argentinas y habr\u00e1 un acto en Ezeiza - Diario Textual\" \/>\n<meta property=\"og:description\" content=\"El ministro de Econom\u00eda y precandidato presidencial de Uni\u00f3n por la Patria, Sergio Massa, encabeza este lunes en Ezeiza un acto al cumplirse 15 a\u00f1os de la reestatizaci\u00f3n de Aerol\u00edneas&hellip;\" \/>\n<meta property=\"og:url\" content=\"https:\/\/diariotextual.com\/inicio\/index.php\/2023\/07\/17\/se-cumplen-15-anos-de-la-reestatizacion-de-aerolineas-argentinas-y-habra-un-acto-en-ezeiza\/\" \/>\n<meta property=\"og:site_name\" content=\"Diario Textual\" \/>\n<meta property=\"article:publisher\" content=\"https:\/\/www.facebook.com\/eltextual\" \/>\n<meta property=\"article:published_time\" content=\"2023-07-17T12:20:10+00:00\" \/>\n<meta property=\"article:modified_time\" content=\"2023-07-17T19:56:30+00:00\" \/>\n<meta property=\"og:image\" content=\"https:\/\/diariotextual.com\/inicio\/wp-content\/uploads\/2022\/08\/aerolineasargentinasaeropuertotelam2022-08.jpg\" \/>\n\t<meta property=\"og:image:width\" content=\"900\" \/>\n\t<meta property=\"og:image:height\" content=\"506\" \/>\n\t<meta property=\"og:image:type\" content=\"image\/jpeg\" \/>\n<meta name=\"author\" content=\"Diario1 Diario1\" \/>\n<meta name=\"twitter:card\" content=\"summary_large_image\" \/>\n<meta name=\"twitter:creator\" content=\"@eltextual\" \/>\n<meta name=\"twitter:site\" content=\"@eltextual\" \/>\n<meta name=\"twitter:label1\" content=\"Escrito por\" \/>\n\t<meta name=\"twitter:data1\" content=\"Diario1 Diario1\" \/>\n\t<meta name=\"twitter:label2\" content=\"Tiempo de lectura\" \/>\n\t<meta name=\"twitter:data2\" content=\"1 minuto\" \/>\n<script type=\"application\/ld+json\" class=\"yoast-schema-graph\">{\"@context\":\"https:\\\/\\\/schema.org\",\"@graph\":[{\"@type\":\"Article\",\"@id\":\"https:\\\/\\\/diariotextual.com\\\/inicio\\\/index.php\\\/2023\\\/07\\\/17\\\/se-cumplen-15-anos-de-la-reestatizacion-de-aerolineas-argentinas-y-habra-un-acto-en-ezeiza\\\/#article\",\"isPartOf\":{\"@id\":\"https:\\\/\\\/diariotextual.com\\\/inicio\\\/index.php\\\/2023\\\/07\\\/17\\\/se-cumplen-15-anos-de-la-reestatizacion-de-aerolineas-argentinas-y-habra-un-acto-en-ezeiza\\\/\"},\"author\":{\"name\":\"Diario1 Diario1\",\"@id\":\"https:\\\/\\\/diariotextual.com\\\/inicio\\\/#\\\/schema\\\/person\\\/418fc4093c33e86ed41562db3508f958\"},\"headline\":\"Se cumplen 15 a\u00f1os de la reestatizaci\u00f3n de Aerol\u00edneas Argentinas y habr\u00e1 un acto en Ezeiza\",\"datePublished\":\"2023-07-17T12:20:10+00:00\",\"dateModified\":\"2023-07-17T19:56:30+00:00\",\"mainEntityOfPage\":{\"@id\":\"https:\\\/\\\/diariotextual.com\\\/inicio\\\/index.php\\\/2023\\\/07\\\/17\\\/se-cumplen-15-anos-de-la-reestatizacion-de-aerolineas-argentinas-y-habra-un-acto-en-ezeiza\\\/\"},\"wordCount\":201,\"publisher\":{\"@id\":\"https:\\\/\\\/diariotextual.com\\\/inicio\\\/#organization\"},\"image\":{\"@id\":\"https:\\\/\\\/diariotextual.com\\\/inicio\\\/index.php\\\/2023\\\/07\\\/17\\\/se-cumplen-15-anos-de-la-reestatizacion-de-aerolineas-argentinas-y-habra-un-acto-en-ezeiza\\\/#primaryimage\"},\"thumbnailUrl\":\"https:\\\/\\\/diariotextual.com\\\/inicio\\\/wp-content\\\/uploads\\\/2022\\\/08\\\/aerolineasargentinasaeropuertotelam2022-08.jpg\",\"articleSection\":[\"SOCIEDAD\"],\"inLanguage\":\"es\"},{\"@type\":\"WebPage\",\"@id\":\"https:\\\/\\\/diariotextual.com\\\/inicio\\\/index.php\\\/2023\\\/07\\\/17\\\/se-cumplen-15-anos-de-la-reestatizacion-de-aerolineas-argentinas-y-habra-un-acto-en-ezeiza\\\/\",\"url\":\"https:\\\/\\\/diariotextual.com\\\/inicio\\\/index.php\\\/2023\\\/07\\\/17\\\/se-cumplen-15-anos-de-la-reestatizacion-de-aerolineas-argentinas-y-habra-un-acto-en-ezeiza\\\/\",\"name\":\"Se cumplen 15 a\u00f1os de la reestatizaci\u00f3n de Aerol\u00edneas Argentinas y habr\u00e1 un acto en Ezeiza - Diario Textual\",\"isPartOf\":{\"@id\":\"https:\\\/\\\/diariotextual.com\\\/inicio\\\/#website\"},\"primaryImageOfPage\":{\"@id\":\"https:\\\/\\\/diariotextual.com\\\/inicio\\\/index.php\\\/2023\\\/07\\\/17\\\/se-cumplen-15-anos-de-la-reestatizacion-de-aerolineas-argentinas-y-habra-un-acto-en-ezeiza\\\/#primaryimage\"},\"image\":{\"@id\":\"https:\\\/\\\/diariotextual.com\\\/inicio\\\/index.php\\\/2023\\\/07\\\/17\\\/se-cumplen-15-anos-de-la-reestatizacion-de-aerolineas-argentinas-y-habra-un-acto-en-ezeiza\\\/#primaryimage\"},\"thumbnailUrl\":\"https:\\\/\\\/diariotextual.com\\\/inicio\\\/wp-content\\\/uploads\\\/2022\\\/08\\\/aerolineasargentinasaeropuertotelam2022-08.jpg\",\"datePublished\":\"2023-07-17T12:20:10+00:00\",\"dateModified\":\"2023-07-17T19:56:30+00:00\",\"breadcrumb\":{\"@id\":\"https:\\\/\\\/diariotextual.com\\\/inicio\\\/index.php\\\/2023\\\/07\\\/17\\\/se-cumplen-15-anos-de-la-reestatizacion-de-aerolineas-argentinas-y-habra-un-acto-en-ezeiza\\\/#breadcrumb\"},\"inLanguage\":\"es\",\"potentialAction\":[{\"@type\":\"ReadAction\",\"target\":[\"https:\\\/\\\/diariotextual.com\\\/inicio\\\/index.php\\\/2023\\\/07\\\/17\\\/se-cumplen-15-anos-de-la-reestatizacion-de-aerolineas-argentinas-y-habra-un-acto-en-ezeiza\\\/\"]}]},{\"@type\":\"ImageObject\",\"inLanguage\":\"es\",\"@id\":\"https:\\\/\\\/diariotextual.com\\\/inicio\\\/index.php\\\/2023\\\/07\\\/17\\\/se-cumplen-15-anos-de-la-reestatizacion-de-aerolineas-argentinas-y-habra-un-acto-en-ezeiza\\\/#primaryimage\",\"url\":\"https:\\\/\\\/diariotextual.com\\\/inicio\\\/wp-content\\\/uploads\\\/2022\\\/08\\\/aerolineasargentinasaeropuertotelam2022-08.jpg\",\"contentUrl\":\"https:\\\/\\\/diariotextual.com\\\/inicio\\\/wp-content\\\/uploads\\\/2022\\\/08\\\/aerolineasargentinasaeropuertotelam2022-08.jpg\",\"width\":900,\"height\":506},{\"@type\":\"BreadcrumbList\",\"@id\":\"https:\\\/\\\/diariotextual.com\\\/inicio\\\/index.php\\\/2023\\\/07\\\/17\\\/se-cumplen-15-anos-de-la-reestatizacion-de-aerolineas-argentinas-y-habra-un-acto-en-ezeiza\\\/#breadcrumb\",\"itemListElement\":[{\"@type\":\"ListItem\",\"position\":1,\"name\":\"Portada\",\"item\":\"https:\\\/\\\/diariotextual.com\\\/inicio\\\/\"},{\"@type\":\"ListItem\",\"position\":2,\"name\":\"Se cumplen 15 a\u00f1os de la reestatizaci\u00f3n de Aerol\u00edneas Argentinas y habr\u00e1 un acto en Ezeiza\"}]},{\"@type\":\"WebSite\",\"@id\":\"https:\\\/\\\/diariotextual.com\\\/inicio\\\/#website\",\"url\":\"https:\\\/\\\/diariotextual.com\\\/inicio\\\/\",\"name\":\"Diario Textual\",\"description\":\"\",\"publisher\":{\"@id\":\"https:\\\/\\\/diariotextual.com\\\/inicio\\\/#organization\"},\"potentialAction\":[{\"@type\":\"SearchAction\",\"target\":{\"@type\":\"EntryPoint\",\"urlTemplate\":\"https:\\\/\\\/diariotextual.com\\\/inicio\\\/?s={search_term_string}\"},\"query-input\":{\"@type\":\"PropertyValueSpecification\",\"valueRequired\":true,\"valueName\":\"search_term_string\"}}],\"inLanguage\":\"es\"},{\"@type\":\"Organization\",\"@id\":\"https:\\\/\\\/diariotextual.com\\\/inicio\\\/#organization\",\"name\":\"Diario Textual\",\"url\":\"https:\\\/\\\/diariotextual.com\\\/inicio\\\/\",\"logo\":{\"@type\":\"ImageObject\",\"inLanguage\":\"es\",\"@id\":\"https:\\\/\\\/diariotextual.com\\\/inicio\\\/#\\\/schema\\\/logo\\\/image\\\/\",\"url\":\"https:\\\/\\\/diariotextual.com\\\/inicio\\\/wp-content\\\/uploads\\\/2023\\\/05\\\/logotextual1.jpg\",\"contentUrl\":\"https:\\\/\\\/diariotextual.com\\\/inicio\\\/wp-content\\\/uploads\\\/2023\\\/05\\\/logotextual1.jpg\",\"width\":516,\"height\":76,\"caption\":\"Diario Textual\"},\"image\":{\"@id\":\"https:\\\/\\\/diariotextual.com\\\/inicio\\\/#\\\/schema\\\/logo\\\/image\\\/\"},\"sameAs\":[\"https:\\\/\\\/www.facebook.com\\\/eltextual\",\"https:\\\/\\\/x.com\\\/eltextual\",\"http:\\\/\\\/www.instagram.com\\\/eltextual\"]},{\"@type\":\"Person\",\"@id\":\"https:\\\/\\\/diariotextual.com\\\/inicio\\\/#\\\/schema\\\/person\\\/418fc4093c33e86ed41562db3508f958\",\"name\":\"Diario1 Diario1\",\"image\":{\"@type\":\"ImageObject\",\"inLanguage\":\"es\",\"@id\":\"https:\\\/\\\/secure.gravatar.com\\\/avatar\\\/9167d280179c85bc18be67aa7eda765854300033af4896dd779b608640f2ef7a?s=96&d=mm&r=g\",\"url\":\"https:\\\/\\\/secure.gravatar.com\\\/avatar\\\/9167d280179c85bc18be67aa7eda765854300033af4896dd779b608640f2ef7a?s=96&d=mm&r=g\",\"contentUrl\":\"https:\\\/\\\/secure.gravatar.com\\\/avatar\\\/9167d280179c85bc18be67aa7eda765854300033af4896dd779b608640f2ef7a?s=96&d=mm&r=g\",\"caption\":\"Diario1 Diario1\"},\"url\":\"https:\\\/\\\/diariotextual.com\\\/inicio\\\/index.php\\\/author\\\/diario1\\\/\"}]}<\/script>\n<!-- \/ Yoast SEO plugin. -->","yoast_head_json":{"title":"Se cumplen 15 a\u00f1os de la reestatizaci\u00f3n de Aerol\u00edneas Argentinas y habr\u00e1 un acto en Ezeiza - Diario Textual","robots":{"index":"index","follow":"follow","max-snippet":"max-snippet:-1","max-image-preview":"max-image-preview:large","max-video-preview":"max-video-preview:-1"},"canonical":"https:\/\/diariotextual.com\/inicio\/index.php\/2023\/07\/17\/se-cumplen-15-anos-de-la-reestatizacion-de-aerolineas-argentinas-y-habra-un-acto-en-ezeiza\/","og_locale":"es_ES","og_type":"article","og_title":"Se cumplen 15 a\u00f1os de la reestatizaci\u00f3n de Aerol\u00edneas Argentinas y habr\u00e1 un acto en Ezeiza - Diario Textual","og_description":"El ministro de Econom\u00eda y precandidato presidencial de Uni\u00f3n por la Patria, Sergio Massa, encabeza este lunes en Ezeiza un acto al cumplirse 15 a\u00f1os de la reestatizaci\u00f3n de Aerol\u00edneas&hellip;","og_url":"https:\/\/diariotextual.com\/inicio\/index.php\/2023\/07\/17\/se-cumplen-15-anos-de-la-reestatizacion-de-aerolineas-argentinas-y-habra-un-acto-en-ezeiza\/","og_site_name":"Diario Textual","article_publisher":"https:\/\/www.facebook.com\/eltextual","article_published_time":"2023-07-17T12:20:10+00:00","article_modified_time":"2023-07-17T19:56:30+00:00","og_image":[{"width":900,"height":506,"url":"https:\/\/diariotextual.com\/inicio\/wp-content\/uploads\/2022\/08\/aerolineasargentinasaeropuertotelam2022-08.jpg","type":"image\/jpeg"}],"author":"Diario1 Diario1","twitter_card":"summary_large_image","twitter_creator":"@eltextual","twitter_site":"@eltextual","twitter_misc":{"Escrito por":"Diario1 Diario1","Tiempo de lectura":"1 minuto"},"schema":{"@context":"https:\/\/schema.org","@graph":[{"@type":"Article","@id":"https:\/\/diariotextual.com\/inicio\/index.php\/2023\/07\/17\/se-cumplen-15-anos-de-la-reestatizacion-de-aerolineas-argentinas-y-habra-un-acto-en-ezeiza\/#article","isPartOf":{"@id":"https:\/\/diariotextual.com\/inicio\/index.php\/2023\/07\/17\/se-cumplen-15-anos-de-la-reestatizacion-de-aerolineas-argentinas-y-habra-un-acto-en-ezeiza\/"},"author":{"name":"Diario1 Diario1","@id":"https:\/\/diariotextual.com\/inicio\/#\/schema\/person\/418fc4093c33e86ed41562db3508f958"},"headline":"Se cumplen 15 a\u00f1os de la reestatizaci\u00f3n de Aerol\u00edneas Argentinas y habr\u00e1 un acto en Ezeiza","datePublished":"2023-07-17T12:20:10+00:00","dateModified":"2023-07-17T19:56:30+00:00","mainEntityOfPage":{"@id":"https:\/\/diariotextual.com\/inicio\/index.php\/2023\/07\/17\/se-cumplen-15-anos-de-la-reestatizacion-de-aerolineas-argentinas-y-habra-un-acto-en-ezeiza\/"},"wordCount":201,"publisher":{"@id":"https:\/\/diariotextual.com\/inicio\/#organization"},"image":{"@id":"https:\/\/diariotextual.com\/inicio\/index.php\/2023\/07\/17\/se-cumplen-15-anos-de-la-reestatizacion-de-aerolineas-argentinas-y-habra-un-acto-en-ezeiza\/#primaryimage"},"thumbnailUrl":"https:\/\/diariotextual.com\/inicio\/wp-content\/uploads\/2022\/08\/aerolineasargentinasaeropuertotelam2022-08.jpg","articleSection":["SOCIEDAD"],"inLanguage":"es"},{"@type":"WebPage","@id":"https:\/\/diariotextual.com\/inicio\/index.php\/2023\/07\/17\/se-cumplen-15-anos-de-la-reestatizacion-de-aerolineas-argentinas-y-habra-un-acto-en-ezeiza\/","url":"https:\/\/diariotextual.com\/inicio\/index.php\/2023\/07\/17\/se-cumplen-15-anos-de-la-reestatizacion-de-aerolineas-argentinas-y-habra-un-acto-en-ezeiza\/","name":"Se cumplen 15 a\u00f1os de la reestatizaci\u00f3n de Aerol\u00edneas Argentinas y habr\u00e1 un acto en Ezeiza - Diario Textual","isPartOf":{"@id":"https:\/\/diariotextual.com\/inicio\/#website"},"primaryImageOfPage":{"@id":"https:\/\/diariotextual.com\/inicio\/index.php\/2023\/07\/17\/se-cumplen-15-anos-de-la-reestatizacion-de-aerolineas-argentinas-y-habra-un-acto-en-ezeiza\/#primaryimage"},"image":{"@id":"https:\/\/diariotextual.com\/inicio\/index.php\/2023\/07\/17\/se-cumplen-15-anos-de-la-reestatizacion-de-aerolineas-argentinas-y-habra-un-acto-en-ezeiza\/#primaryimage"},"thumbnailUrl":"https:\/\/diariotextual.com\/inicio\/wp-content\/uploads\/2022\/08\/aerolineasargentinasaeropuertotelam2022-08.jpg","datePublished":"2023-07-17T12:20:10+00:00","dateModified":"2023-07-17T19:56:30+00:00","breadcrumb":{"@id":"https:\/\/diariotextual.com\/inicio\/index.php\/2023\/07\/17\/se-cumplen-15-anos-de-la-reestatizacion-de-aerolineas-argentinas-y-habra-un-acto-en-ezeiza\/#breadcrumb"},"inLanguage":"es","potentialAction":[{"@type":"ReadAction","target":["https:\/\/diariotextual.com\/inicio\/index.php\/2023\/07\/17\/se-cumplen-15-anos-de-la-reestatizacion-de-aerolineas-argentinas-y-habra-un-acto-en-ezeiza\/"]}]},{"@type":"ImageObject","inLanguage":"es","@id":"https:\/\/diariotextual.com\/inicio\/index.php\/2023\/07\/17\/se-cumplen-15-anos-de-la-reestatizacion-de-aerolineas-argentinas-y-habra-un-acto-en-ezeiza\/#primaryimage","url":"https:\/\/diariotextual.com\/inicio\/wp-content\/uploads\/2022\/08\/aerolineasargentinasaeropuertotelam2022-08.jpg","contentUrl":"https:\/\/diariotextual.com\/inicio\/wp-content\/uploads\/2022\/08\/aerolineasargentinasaeropuertotelam2022-08.jpg","width":900,"height":506},{"@type":"BreadcrumbList","@id":"https:\/\/diariotextual.com\/inicio\/index.php\/2023\/07\/17\/se-cumplen-15-anos-de-la-reestatizacion-de-aerolineas-argentinas-y-habra-un-acto-en-ezeiza\/#breadcrumb","itemListElement":[{"@type":"ListItem","position":1,"name":"Portada","item":"https:\/\/diariotextual.com\/inicio\/"},{"@type":"ListItem","position":2,"name":"Se cumplen 15 a\u00f1os de la reestatizaci\u00f3n de Aerol\u00edneas Argentinas y habr\u00e1 un acto en Ezeiza"}]},{"@type":"WebSite","@id":"https:\/\/diariotextual.com\/inicio\/#website","url":"https:\/\/diariotextual.com\/inicio\/","name":"Diario Textual","description":"","publisher":{"@id":"https:\/\/diariotextual.com\/inicio\/#organization"},"potentialAction":[{"@type":"SearchAction","target":{"@type":"EntryPoint","urlTemplate":"https:\/\/diariotextual.com\/inicio\/?s={search_term_string}"},"query-input":{"@type":"PropertyValueSpecification","valueRequired":true,"valueName":"search_term_string"}}],"inLanguage":"es"},{"@type":"Organization","@id":"https:\/\/diariotextual.com\/inicio\/#organization","name":"Diario Textual","url":"https:\/\/diariotextual.com\/inicio\/","logo":{"@type":"ImageObject","inLanguage":"es","@id":"https:\/\/diariotextual.com\/inicio\/#\/schema\/logo\/image\/","url":"https:\/\/diariotextual.com\/inicio\/wp-content\/uploads\/2023\/05\/logotextual1.jpg","contentUrl":"https:\/\/diariotextual.com\/inicio\/wp-content\/uploads\/2023\/05\/logotextual1.jpg","width":516,"height":76,"caption":"Diario Textual"},"image":{"@id":"https:\/\/diariotextual.com\/inicio\/#\/schema\/logo\/image\/"},"sameAs":["https:\/\/www.facebook.com\/eltextual","https:\/\/x.com\/eltextual","http:\/\/www.instagram.com\/eltextual"]},{"@type":"Person","@id":"https:\/\/diariotextual.com\/inicio\/#\/schema\/person\/418fc4093c33e86ed41562db3508f958","name":"Diario1 Diario1","image":{"@type":"ImageObject","inLanguage":"es","@id":"https:\/\/secure.gravatar.com\/avatar\/9167d280179c85bc18be67aa7eda765854300033af4896dd779b608640f2ef7a?s=96&d=mm&r=g","url":"https:\/\/secure.gravatar.com\/avatar\/9167d280179c85bc18be67aa7eda765854300033af4896dd779b608640f2ef7a?s=96&d=mm&r=g","contentUrl":"https:\/\/secure.gravatar.com\/avatar\/9167d280179c85bc18be67aa7eda765854300033af4896dd779b608640f2ef7a?s=96&d=mm&r=g","caption":"Diario1 Diario1"},"url":"https:\/\/diariotextual.com\/inicio\/index.php\/author\/diario1\/"}]}},"_links":{"self":[{"href":"https:\/\/diariotextual.com\/inicio\/index.php\/wp-json\/wp\/v2\/posts\/231199","targetHints":{"allow":["GET"]}}],"collection":[{"href":"https:\/\/diariotextual.com\/inicio\/index.php\/wp-json\/wp\/v2\/posts"}],"about":[{"href":"https:\/\/diariotextual.com\/inicio\/index.php\/wp-json\/wp\/v2\/types\/post"}],"author":[{"embeddable":true,"href":"https:\/\/diariotextual.com\/inicio\/index.php\/wp-json\/wp\/v2\/users\/3"}],"replies":[{"embeddable":true,"href":"https:\/\/diariotextual.com\/inicio\/index.php\/wp-json\/wp\/v2\/comments?post=231199"}],"version-history":[{"count":2,"href":"https:\/\/diariotextual.com\/inicio\/index.php\/wp-json\/wp\/v2\/posts\/231199\/revisions"}],"predecessor-version":[{"id":231201,"href":"https:\/\/diariotextual.com\/inicio\/index.php\/wp-json\/wp\/v2\/posts\/231199\/revisions\/231201"}],"wp:featuredmedia":[{"embeddable":true,"href":"https:\/\/diariotextual.com\/inicio\/index.php\/wp-json\/wp\/v2\/media\/197410"}],"wp:attachment":[{"href":"https:\/\/diariotextual.com\/inicio\/index.php\/wp-json\/wp\/v2\/media?parent=231199"}],"wp:term":[{"taxonomy":"category","embeddable":true,"href":"https:\/\/diariotextual.com\/inicio\/index.php\/wp-json\/wp\/v2\/categories?post=231199"},{"taxonomy":"post_tag","embeddable":true,"href":"https:\/\/diariotextual.com\/inicio\/index.php\/wp-json\/wp\/v2\/tags?post=231199"}],"curies":[{"name":"wp","href":"https:\/\/api.w.org\/{rel}","templated":true}]}}