{"id":231211,"date":"2023-07-17T12:30:20","date_gmt":"2023-07-17T15:30:20","guid":{"rendered":"https:\/\/diariotextual.com\/inicio\/?p=231211"},"modified":"2023-07-17T12:30:22","modified_gmt":"2023-07-17T15:30:22","slug":"el-stj-confirmo-la-condena-contra-un-padrasto-por-abuso-sexual","status":"publish","type":"post","link":"https:\/\/diariotextual.com\/inicio\/index.php\/2023\/07\/17\/el-stj-confirmo-la-condena-contra-un-padrasto-por-abuso-sexual\/","title":{"rendered":"El STJ confirm\u00f3 la condena contra un padrasto por abuso sexual"},"content":{"rendered":"\n<p>El Superior Tribunal de Justicia declar\u00f3 inadmisible un recurso de casaci\u00f3n y, de ese modo, confirm\u00f3 la condena a tres a\u00f1os de prisi\u00f3n en suspenso \u2013que hab\u00eda sido dispuesta por el Tribunal de Impugnaci\u00f3n Penal\u2013 contra un padrastro por el delito de abuso sexual.<\/p>\n\n\n\n<p>Originalmente, en mayo del a\u00f1o pasado, la jueza de audiencia, Alejandra Ongaro, hab\u00eda absuelto el imputado. \u00bfPor qu\u00e9? Ella dio dado por probado los hechos, pero dijo que la causa estaba prescripta porque al ser acusado el padrastro por la figura prevista en el art\u00edculo 119, primer p\u00e1rrafo del C\u00f3digo Penal (abuso simple), hab\u00eda pasado el plazo m\u00e1ximo de la pena (cuatro a\u00f1os) entre el momento de los hechos (diciembre de 2016\/enero de 2017) y el primer acto interruptivo (17 de marzo de 2021 cuando se produjo el llamado a indagatoria del acusado).<\/p>\n\n\n\n<p>Luego, en diciembre, la Sala A del TIP, integrada por los jueces Mauricio Piombi y Pablo Balaguer, hizo lugar al recurso de impugnaci\u00f3n presentado por la querella, revoc\u00f3 aquel fallo y conden\u00f3 al padrastro a tres a\u00f1os de prisi\u00f3n de ejecuci\u00f3n condicional como autor del delito de abuso sexual simple agravado por el grave da\u00f1o causado en la salud de la v\u00edctima \u2013hija de su pareja fallecida\u2013 y enmarc\u00f3 los hechos en la ley 26485 de Protecci\u00f3n Integral hacia las Mujeres.<\/p>\n\n\n\n<p>En esa resoluci\u00f3n, el Tribunal le agreg\u00f3 al abuso la agravante del da\u00f1o en la salud (art\u00edculo 119, primer y \u00faltimo p\u00e1rrafos, con relaci\u00f3n al cuatro p\u00e1rrafo inciso a), por lo que el plazo de prescripci\u00f3n pas\u00f3 a ser de diez a\u00f1os.<\/p>\n\n\n\n<p>Con respecto a esa agravante, el TIP manifest\u00f3 que \u201cteniendo en consideraci\u00f3n la informaci\u00f3n que valor\u00f3 la jueza, se coincide con lo sostenido por la querella en cuanto a que los hechos padecidos por la v\u00edctima provocaron un da\u00f1o en ella; particularmente en su salud mental, con caracter\u00edsticas de cronicidad, cuyas secuelas perduran en la actualidad, puesto que desde que ocurri\u00f3 el hechos hasta la realizaci\u00f3n del juicio ya han transcurrido m\u00e1s de cinco a\u00f1os\u201d.<\/p>\n\n\n\n<p>Durante el juicio oral, la fiscala Ver\u00f3nica Ferrero hab\u00eda requerido una pena de tres a\u00f1os en suspenso y el querellante Jos\u00e9 Mario Aguerrido, tres a\u00f1os y seis meses de cumplimiento efectivo.<\/p>\n\n\n\n<p>Contra esa decisi\u00f3n del TIP, el defensor particular Gast\u00f3n G\u00f3mez interpuso un recurso de casaci\u00f3n ante la Sala B del STJ, pero sus integrantes \u2013los ministros Fabricio Losi y Hugo D\u00edaz\u2013 lo denegaron y as\u00ed ratificaron la condena contra el imputado.<\/p>\n\n\n\n<p>\u201cLa discrepancia con relaci\u00f3n al m\u00e9rito asignado a la informaci\u00f3n derivada de la prueba material y testimonial, y su conformaci\u00f3n a la teor\u00eda del acusador privado (querellante), no implican (\u2026) una evaluaci\u00f3n sesgada o parcializada de esos elementos, dado que la cr\u00edtica (de la defensa) no se apoya en se\u00f1alar las deficiencias de la fundamentaci\u00f3n (del TIP), sino en remarcar porqu\u00e9 lo acertado era que persista la decisi\u00f3n inicial de la jueza\u201d Ongaro, se\u00f1alaron Losi y D\u00edaz entre otros fundamentos.<\/p>\n\n\n\n<p>\u201cLo que recurrente calific\u00f3 como \u2018arbitrario\u2019 (\u2026), parte de no compartir la decisi\u00f3n adoptada (\u2026) Menos a\u00fan pudo demostrar la autocontradicci\u00f3n o la falta de abordaje de los planteos de esa parte, en tanto, la motivaci\u00f3n del decisorio estuvo circunscripta a la prueba enunciada, su relevancia de forma conglobada y de acuerdo al m\u00e9todo de la sana cr\u00edtica racional\u201d, concluyeron.<\/p>\n","protected":false},"excerpt":{"rendered":"<p>El Superior Tribunal de Justicia declar\u00f3 inadmisible un recurso de casaci\u00f3n y, de ese modo, confirm\u00f3 la condena a tres a\u00f1os de prisi\u00f3n en suspenso \u2013que hab\u00eda sido dispuesta por&hellip;<\/p>\n","protected":false},"author":4,"featured_media":135762,"comment_status":"closed","ping_status":"open","sticky":false,"template":"","format":"standard","meta":{"_acf_changed":false,"footnotes":""},"categories":[1,12],"tags":[],"class_list":["post-231211","post","type-post","status-publish","format-standard","has-post-thumbnail","hentry","category-es-noticia","category-sociedad"],"acf":[],"yoast_head":"<!-- This site is optimized with the Yoast SEO plugin v27.5 - https:\/\/yoast.com\/product\/yoast-seo-wordpress\/ -->\n<title>El STJ confirm\u00f3 la condena contra un padrasto por abuso sexual - Diario Textual<\/title>\n<meta name=\"robots\" content=\"index, follow, max-snippet:-1, max-image-preview:large, max-video-preview:-1\" \/>\n<link rel=\"canonical\" href=\"https:\/\/diariotextual.com\/inicio\/index.php\/2023\/07\/17\/el-stj-confirmo-la-condena-contra-un-padrasto-por-abuso-sexual\/\" \/>\n<meta property=\"og:locale\" content=\"es_ES\" \/>\n<meta property=\"og:type\" content=\"article\" \/>\n<meta property=\"og:title\" content=\"El STJ confirm\u00f3 la condena contra un padrasto por abuso sexual - Diario Textual\" \/>\n<meta property=\"og:description\" content=\"El Superior Tribunal de Justicia declar\u00f3 inadmisible un recurso de casaci\u00f3n y, de ese modo, confirm\u00f3 la condena a tres a\u00f1os de prisi\u00f3n en suspenso \u2013que hab\u00eda sido dispuesta por&hellip;\" \/>\n<meta property=\"og:url\" content=\"https:\/\/diariotextual.com\/inicio\/index.php\/2023\/07\/17\/el-stj-confirmo-la-condena-contra-un-padrasto-por-abuso-sexual\/\" \/>\n<meta property=\"og:site_name\" content=\"Diario Textual\" \/>\n<meta property=\"article:publisher\" content=\"https:\/\/www.facebook.com\/eltextual\" \/>\n<meta property=\"article:published_time\" content=\"2023-07-17T15:30:20+00:00\" \/>\n<meta property=\"article:modified_time\" content=\"2023-07-17T15:30:22+00:00\" \/>\n<meta property=\"og:image\" content=\"https:\/\/diariotextual.com\/inicio\/wp-content\/uploads\/2021\/03\/abusosexualinfantil0001.jpg\" \/>\n\t<meta property=\"og:image:width\" content=\"724\" \/>\n\t<meta property=\"og:image:height\" content=\"403\" \/>\n\t<meta property=\"og:image:type\" content=\"image\/jpeg\" \/>\n<meta name=\"author\" content=\"diario2\" \/>\n<meta name=\"twitter:card\" content=\"summary_large_image\" \/>\n<meta name=\"twitter:creator\" content=\"@eltextual\" \/>\n<meta name=\"twitter:site\" content=\"@eltextual\" \/>\n<meta name=\"twitter:label1\" content=\"Escrito por\" \/>\n\t<meta name=\"twitter:data1\" content=\"diario2\" \/>\n\t<meta name=\"twitter:label2\" content=\"Tiempo de lectura\" \/>\n\t<meta name=\"twitter:data2\" content=\"3 minutos\" \/>\n<script type=\"application\/ld+json\" class=\"yoast-schema-graph\">{\"@context\":\"https:\\\/\\\/schema.org\",\"@graph\":[{\"@type\":\"Article\",\"@id\":\"https:\\\/\\\/diariotextual.com\\\/inicio\\\/index.php\\\/2023\\\/07\\\/17\\\/el-stj-confirmo-la-condena-contra-un-padrasto-por-abuso-sexual\\\/#article\",\"isPartOf\":{\"@id\":\"https:\\\/\\\/diariotextual.com\\\/inicio\\\/index.php\\\/2023\\\/07\\\/17\\\/el-stj-confirmo-la-condena-contra-un-padrasto-por-abuso-sexual\\\/\"},\"author\":{\"name\":\"diario2\",\"@id\":\"https:\\\/\\\/diariotextual.com\\\/inicio\\\/#\\\/schema\\\/person\\\/694f60677f23c4a530867a98f22b3768\"},\"headline\":\"El STJ confirm\u00f3 la condena contra un padrasto por abuso sexual\",\"datePublished\":\"2023-07-17T15:30:20+00:00\",\"dateModified\":\"2023-07-17T15:30:22+00:00\",\"mainEntityOfPage\":{\"@id\":\"https:\\\/\\\/diariotextual.com\\\/inicio\\\/index.php\\\/2023\\\/07\\\/17\\\/el-stj-confirmo-la-condena-contra-un-padrasto-por-abuso-sexual\\\/\"},\"wordCount\":612,\"publisher\":{\"@id\":\"https:\\\/\\\/diariotextual.com\\\/inicio\\\/#organization\"},\"image\":{\"@id\":\"https:\\\/\\\/diariotextual.com\\\/inicio\\\/index.php\\\/2023\\\/07\\\/17\\\/el-stj-confirmo-la-condena-contra-un-padrasto-por-abuso-sexual\\\/#primaryimage\"},\"thumbnailUrl\":\"https:\\\/\\\/diariotextual.com\\\/inicio\\\/wp-content\\\/uploads\\\/2021\\\/03\\\/abusosexualinfantil0001.jpg\",\"articleSection\":[\"A - ES NOTICIA (van abajo)\",\"SOCIEDAD\"],\"inLanguage\":\"es\"},{\"@type\":\"WebPage\",\"@id\":\"https:\\\/\\\/diariotextual.com\\\/inicio\\\/index.php\\\/2023\\\/07\\\/17\\\/el-stj-confirmo-la-condena-contra-un-padrasto-por-abuso-sexual\\\/\",\"url\":\"https:\\\/\\\/diariotextual.com\\\/inicio\\\/index.php\\\/2023\\\/07\\\/17\\\/el-stj-confirmo-la-condena-contra-un-padrasto-por-abuso-sexual\\\/\",\"name\":\"El STJ confirm\u00f3 la condena contra un padrasto por abuso sexual - Diario Textual\",\"isPartOf\":{\"@id\":\"https:\\\/\\\/diariotextual.com\\\/inicio\\\/#website\"},\"primaryImageOfPage\":{\"@id\":\"https:\\\/\\\/diariotextual.com\\\/inicio\\\/index.php\\\/2023\\\/07\\\/17\\\/el-stj-confirmo-la-condena-contra-un-padrasto-por-abuso-sexual\\\/#primaryimage\"},\"image\":{\"@id\":\"https:\\\/\\\/diariotextual.com\\\/inicio\\\/index.php\\\/2023\\\/07\\\/17\\\/el-stj-confirmo-la-condena-contra-un-padrasto-por-abuso-sexual\\\/#primaryimage\"},\"thumbnailUrl\":\"https:\\\/\\\/diariotextual.com\\\/inicio\\\/wp-content\\\/uploads\\\/2021\\\/03\\\/abusosexualinfantil0001.jpg\",\"datePublished\":\"2023-07-17T15:30:20+00:00\",\"dateModified\":\"2023-07-17T15:30:22+00:00\",\"breadcrumb\":{\"@id\":\"https:\\\/\\\/diariotextual.com\\\/inicio\\\/index.php\\\/2023\\\/07\\\/17\\\/el-stj-confirmo-la-condena-contra-un-padrasto-por-abuso-sexual\\\/#breadcrumb\"},\"inLanguage\":\"es\",\"potentialAction\":[{\"@type\":\"ReadAction\",\"target\":[\"https:\\\/\\\/diariotextual.com\\\/inicio\\\/index.php\\\/2023\\\/07\\\/17\\\/el-stj-confirmo-la-condena-contra-un-padrasto-por-abuso-sexual\\\/\"]}]},{\"@type\":\"ImageObject\",\"inLanguage\":\"es\",\"@id\":\"https:\\\/\\\/diariotextual.com\\\/inicio\\\/index.php\\\/2023\\\/07\\\/17\\\/el-stj-confirmo-la-condena-contra-un-padrasto-por-abuso-sexual\\\/#primaryimage\",\"url\":\"https:\\\/\\\/diariotextual.com\\\/inicio\\\/wp-content\\\/uploads\\\/2021\\\/03\\\/abusosexualinfantil0001.jpg\",\"contentUrl\":\"https:\\\/\\\/diariotextual.com\\\/inicio\\\/wp-content\\\/uploads\\\/2021\\\/03\\\/abusosexualinfantil0001.jpg\",\"width\":724,\"height\":403},{\"@type\":\"BreadcrumbList\",\"@id\":\"https:\\\/\\\/diariotextual.com\\\/inicio\\\/index.php\\\/2023\\\/07\\\/17\\\/el-stj-confirmo-la-condena-contra-un-padrasto-por-abuso-sexual\\\/#breadcrumb\",\"itemListElement\":[{\"@type\":\"ListItem\",\"position\":1,\"name\":\"Portada\",\"item\":\"https:\\\/\\\/diariotextual.com\\\/inicio\\\/\"},{\"@type\":\"ListItem\",\"position\":2,\"name\":\"El STJ confirm\u00f3 la condena contra un padrasto por abuso sexual\"}]},{\"@type\":\"WebSite\",\"@id\":\"https:\\\/\\\/diariotextual.com\\\/inicio\\\/#website\",\"url\":\"https:\\\/\\\/diariotextual.com\\\/inicio\\\/\",\"name\":\"Diario Textual\",\"description\":\"\",\"publisher\":{\"@id\":\"https:\\\/\\\/diariotextual.com\\\/inicio\\\/#organization\"},\"potentialAction\":[{\"@type\":\"SearchAction\",\"target\":{\"@type\":\"EntryPoint\",\"urlTemplate\":\"https:\\\/\\\/diariotextual.com\\\/inicio\\\/?s={search_term_string}\"},\"query-input\":{\"@type\":\"PropertyValueSpecification\",\"valueRequired\":true,\"valueName\":\"search_term_string\"}}],\"inLanguage\":\"es\"},{\"@type\":\"Organization\",\"@id\":\"https:\\\/\\\/diariotextual.com\\\/inicio\\\/#organization\",\"name\":\"Diario Textual\",\"url\":\"https:\\\/\\\/diariotextual.com\\\/inicio\\\/\",\"logo\":{\"@type\":\"ImageObject\",\"inLanguage\":\"es\",\"@id\":\"https:\\\/\\\/diariotextual.com\\\/inicio\\\/#\\\/schema\\\/logo\\\/image\\\/\",\"url\":\"https:\\\/\\\/diariotextual.com\\\/inicio\\\/wp-content\\\/uploads\\\/2023\\\/05\\\/logotextual1.jpg\",\"contentUrl\":\"https:\\\/\\\/diariotextual.com\\\/inicio\\\/wp-content\\\/uploads\\\/2023\\\/05\\\/logotextual1.jpg\",\"width\":516,\"height\":76,\"caption\":\"Diario Textual\"},\"image\":{\"@id\":\"https:\\\/\\\/diariotextual.com\\\/inicio\\\/#\\\/schema\\\/logo\\\/image\\\/\"},\"sameAs\":[\"https:\\\/\\\/www.facebook.com\\\/eltextual\",\"https:\\\/\\\/x.com\\\/eltextual\",\"http:\\\/\\\/www.instagram.com\\\/eltextual\"]},{\"@type\":\"Person\",\"@id\":\"https:\\\/\\\/diariotextual.com\\\/inicio\\\/#\\\/schema\\\/person\\\/694f60677f23c4a530867a98f22b3768\",\"name\":\"diario2\",\"image\":{\"@type\":\"ImageObject\",\"inLanguage\":\"es\",\"@id\":\"https:\\\/\\\/secure.gravatar.com\\\/avatar\\\/5a2567495ba16b852fcd8f1ed006a2e24fcace936018ed8237e95f488ad6e0a7?s=96&d=mm&r=g\",\"url\":\"https:\\\/\\\/secure.gravatar.com\\\/avatar\\\/5a2567495ba16b852fcd8f1ed006a2e24fcace936018ed8237e95f488ad6e0a7?s=96&d=mm&r=g\",\"contentUrl\":\"https:\\\/\\\/secure.gravatar.com\\\/avatar\\\/5a2567495ba16b852fcd8f1ed006a2e24fcace936018ed8237e95f488ad6e0a7?s=96&d=mm&r=g\",\"caption\":\"diario2\"},\"url\":\"https:\\\/\\\/diariotextual.com\\\/inicio\\\/index.php\\\/author\\\/diario2\\\/\"}]}<\/script>\n<!-- \/ Yoast SEO plugin. -->","yoast_head_json":{"title":"El STJ confirm\u00f3 la condena contra un padrasto por abuso sexual - Diario Textual","robots":{"index":"index","follow":"follow","max-snippet":"max-snippet:-1","max-image-preview":"max-image-preview:large","max-video-preview":"max-video-preview:-1"},"canonical":"https:\/\/diariotextual.com\/inicio\/index.php\/2023\/07\/17\/el-stj-confirmo-la-condena-contra-un-padrasto-por-abuso-sexual\/","og_locale":"es_ES","og_type":"article","og_title":"El STJ confirm\u00f3 la condena contra un padrasto por abuso sexual - Diario Textual","og_description":"El Superior Tribunal de Justicia declar\u00f3 inadmisible un recurso de casaci\u00f3n y, de ese modo, confirm\u00f3 la condena a tres a\u00f1os de prisi\u00f3n en suspenso \u2013que hab\u00eda sido dispuesta por&hellip;","og_url":"https:\/\/diariotextual.com\/inicio\/index.php\/2023\/07\/17\/el-stj-confirmo-la-condena-contra-un-padrasto-por-abuso-sexual\/","og_site_name":"Diario Textual","article_publisher":"https:\/\/www.facebook.com\/eltextual","article_published_time":"2023-07-17T15:30:20+00:00","article_modified_time":"2023-07-17T15:30:22+00:00","og_image":[{"width":724,"height":403,"url":"https:\/\/diariotextual.com\/inicio\/wp-content\/uploads\/2021\/03\/abusosexualinfantil0001.jpg","type":"image\/jpeg"}],"author":"diario2","twitter_card":"summary_large_image","twitter_creator":"@eltextual","twitter_site":"@eltextual","twitter_misc":{"Escrito por":"diario2","Tiempo de lectura":"3 minutos"},"schema":{"@context":"https:\/\/schema.org","@graph":[{"@type":"Article","@id":"https:\/\/diariotextual.com\/inicio\/index.php\/2023\/07\/17\/el-stj-confirmo-la-condena-contra-un-padrasto-por-abuso-sexual\/#article","isPartOf":{"@id":"https:\/\/diariotextual.com\/inicio\/index.php\/2023\/07\/17\/el-stj-confirmo-la-condena-contra-un-padrasto-por-abuso-sexual\/"},"author":{"name":"diario2","@id":"https:\/\/diariotextual.com\/inicio\/#\/schema\/person\/694f60677f23c4a530867a98f22b3768"},"headline":"El STJ confirm\u00f3 la condena contra un padrasto por abuso sexual","datePublished":"2023-07-17T15:30:20+00:00","dateModified":"2023-07-17T15:30:22+00:00","mainEntityOfPage":{"@id":"https:\/\/diariotextual.com\/inicio\/index.php\/2023\/07\/17\/el-stj-confirmo-la-condena-contra-un-padrasto-por-abuso-sexual\/"},"wordCount":612,"publisher":{"@id":"https:\/\/diariotextual.com\/inicio\/#organization"},"image":{"@id":"https:\/\/diariotextual.com\/inicio\/index.php\/2023\/07\/17\/el-stj-confirmo-la-condena-contra-un-padrasto-por-abuso-sexual\/#primaryimage"},"thumbnailUrl":"https:\/\/diariotextual.com\/inicio\/wp-content\/uploads\/2021\/03\/abusosexualinfantil0001.jpg","articleSection":["A - ES NOTICIA (van abajo)","SOCIEDAD"],"inLanguage":"es"},{"@type":"WebPage","@id":"https:\/\/diariotextual.com\/inicio\/index.php\/2023\/07\/17\/el-stj-confirmo-la-condena-contra-un-padrasto-por-abuso-sexual\/","url":"https:\/\/diariotextual.com\/inicio\/index.php\/2023\/07\/17\/el-stj-confirmo-la-condena-contra-un-padrasto-por-abuso-sexual\/","name":"El STJ confirm\u00f3 la condena contra un padrasto por abuso sexual - Diario Textual","isPartOf":{"@id":"https:\/\/diariotextual.com\/inicio\/#website"},"primaryImageOfPage":{"@id":"https:\/\/diariotextual.com\/inicio\/index.php\/2023\/07\/17\/el-stj-confirmo-la-condena-contra-un-padrasto-por-abuso-sexual\/#primaryimage"},"image":{"@id":"https:\/\/diariotextual.com\/inicio\/index.php\/2023\/07\/17\/el-stj-confirmo-la-condena-contra-un-padrasto-por-abuso-sexual\/#primaryimage"},"thumbnailUrl":"https:\/\/diariotextual.com\/inicio\/wp-content\/uploads\/2021\/03\/abusosexualinfantil0001.jpg","datePublished":"2023-07-17T15:30:20+00:00","dateModified":"2023-07-17T15:30:22+00:00","breadcrumb":{"@id":"https:\/\/diariotextual.com\/inicio\/index.php\/2023\/07\/17\/el-stj-confirmo-la-condena-contra-un-padrasto-por-abuso-sexual\/#breadcrumb"},"inLanguage":"es","potentialAction":[{"@type":"ReadAction","target":["https:\/\/diariotextual.com\/inicio\/index.php\/2023\/07\/17\/el-stj-confirmo-la-condena-contra-un-padrasto-por-abuso-sexual\/"]}]},{"@type":"ImageObject","inLanguage":"es","@id":"https:\/\/diariotextual.com\/inicio\/index.php\/2023\/07\/17\/el-stj-confirmo-la-condena-contra-un-padrasto-por-abuso-sexual\/#primaryimage","url":"https:\/\/diariotextual.com\/inicio\/wp-content\/uploads\/2021\/03\/abusosexualinfantil0001.jpg","contentUrl":"https:\/\/diariotextual.com\/inicio\/wp-content\/uploads\/2021\/03\/abusosexualinfantil0001.jpg","width":724,"height":403},{"@type":"BreadcrumbList","@id":"https:\/\/diariotextual.com\/inicio\/index.php\/2023\/07\/17\/el-stj-confirmo-la-condena-contra-un-padrasto-por-abuso-sexual\/#breadcrumb","itemListElement":[{"@type":"ListItem","position":1,"name":"Portada","item":"https:\/\/diariotextual.com\/inicio\/"},{"@type":"ListItem","position":2,"name":"El STJ confirm\u00f3 la condena contra un padrasto por abuso sexual"}]},{"@type":"WebSite","@id":"https:\/\/diariotextual.com\/inicio\/#website","url":"https:\/\/diariotextual.com\/inicio\/","name":"Diario Textual","description":"","publisher":{"@id":"https:\/\/diariotextual.com\/inicio\/#organization"},"potentialAction":[{"@type":"SearchAction","target":{"@type":"EntryPoint","urlTemplate":"https:\/\/diariotextual.com\/inicio\/?s={search_term_string}"},"query-input":{"@type":"PropertyValueSpecification","valueRequired":true,"valueName":"search_term_string"}}],"inLanguage":"es"},{"@type":"Organization","@id":"https:\/\/diariotextual.com\/inicio\/#organization","name":"Diario Textual","url":"https:\/\/diariotextual.com\/inicio\/","logo":{"@type":"ImageObject","inLanguage":"es","@id":"https:\/\/diariotextual.com\/inicio\/#\/schema\/logo\/image\/","url":"https:\/\/diariotextual.com\/inicio\/wp-content\/uploads\/2023\/05\/logotextual1.jpg","contentUrl":"https:\/\/diariotextual.com\/inicio\/wp-content\/uploads\/2023\/05\/logotextual1.jpg","width":516,"height":76,"caption":"Diario Textual"},"image":{"@id":"https:\/\/diariotextual.com\/inicio\/#\/schema\/logo\/image\/"},"sameAs":["https:\/\/www.facebook.com\/eltextual","https:\/\/x.com\/eltextual","http:\/\/www.instagram.com\/eltextual"]},{"@type":"Person","@id":"https:\/\/diariotextual.com\/inicio\/#\/schema\/person\/694f60677f23c4a530867a98f22b3768","name":"diario2","image":{"@type":"ImageObject","inLanguage":"es","@id":"https:\/\/secure.gravatar.com\/avatar\/5a2567495ba16b852fcd8f1ed006a2e24fcace936018ed8237e95f488ad6e0a7?s=96&d=mm&r=g","url":"https:\/\/secure.gravatar.com\/avatar\/5a2567495ba16b852fcd8f1ed006a2e24fcace936018ed8237e95f488ad6e0a7?s=96&d=mm&r=g","contentUrl":"https:\/\/secure.gravatar.com\/avatar\/5a2567495ba16b852fcd8f1ed006a2e24fcace936018ed8237e95f488ad6e0a7?s=96&d=mm&r=g","caption":"diario2"},"url":"https:\/\/diariotextual.com\/inicio\/index.php\/author\/diario2\/"}]}},"_links":{"self":[{"href":"https:\/\/diariotextual.com\/inicio\/index.php\/wp-json\/wp\/v2\/posts\/231211","targetHints":{"allow":["GET"]}}],"collection":[{"href":"https:\/\/diariotextual.com\/inicio\/index.php\/wp-json\/wp\/v2\/posts"}],"about":[{"href":"https:\/\/diariotextual.com\/inicio\/index.php\/wp-json\/wp\/v2\/types\/post"}],"author":[{"embeddable":true,"href":"https:\/\/diariotextual.com\/inicio\/index.php\/wp-json\/wp\/v2\/users\/4"}],"replies":[{"embeddable":true,"href":"https:\/\/diariotextual.com\/inicio\/index.php\/wp-json\/wp\/v2\/comments?post=231211"}],"version-history":[{"count":2,"href":"https:\/\/diariotextual.com\/inicio\/index.php\/wp-json\/wp\/v2\/posts\/231211\/revisions"}],"predecessor-version":[{"id":231213,"href":"https:\/\/diariotextual.com\/inicio\/index.php\/wp-json\/wp\/v2\/posts\/231211\/revisions\/231213"}],"wp:featuredmedia":[{"embeddable":true,"href":"https:\/\/diariotextual.com\/inicio\/index.php\/wp-json\/wp\/v2\/media\/135762"}],"wp:attachment":[{"href":"https:\/\/diariotextual.com\/inicio\/index.php\/wp-json\/wp\/v2\/media?parent=231211"}],"wp:term":[{"taxonomy":"category","embeddable":true,"href":"https:\/\/diariotextual.com\/inicio\/index.php\/wp-json\/wp\/v2\/categories?post=231211"},{"taxonomy":"post_tag","embeddable":true,"href":"https:\/\/diariotextual.com\/inicio\/index.php\/wp-json\/wp\/v2\/tags?post=231211"}],"curies":[{"name":"wp","href":"https:\/\/api.w.org\/{rel}","templated":true}]}}